{"id":49917,"date":"2024-11-12T11:53:32","date_gmt":"2024-11-12T17:53:32","guid":{"rendered":"https:\/\/www.bbmnoticias.com\/labravaradiofm\/?p=49917"},"modified":"2024-11-12T11:53:36","modified_gmt":"2024-11-12T17:53:36","slug":"trabajadores-del-conalep-155-de-salina-cruz-se-unen-al-paro-nacional-de-docentes","status":"publish","type":"post","link":"https:\/\/www.bbmnoticias.com\/labravaradiofm\/2024\/11\/12\/trabajadores-del-conalep-155-de-salina-cruz-se-unen-al-paro-nacional-de-docentes\/","title":{"rendered":"Trabajadores del Conalep 155 de Salina Cruz se unen al paro nacional de docentes"},"content":{"rendered":"<div style=\"margin-top: 0px; margin-bottom: 0px;\" class=\"sharethis-inline-share-buttons\" ><\/div>\n<p>Salina Cruz, Oaxaca. Trabajadores del Colegio Nacional de Educaci\u00f3n Profesional T\u00e9cnica (Conalep) n\u00famero 155 en Salina Cruz pertenecientes al Frente Nacional de Sindicatos de Educaci\u00f3n Media Superior, CECYTE, COBACH, Telebachilleratos y CONALEP, se sumaron hoy al paro nacional convocado por el Sindicato \u00danico de Trabajadores Docentes del Estado de Oaxaca (SUTDCEO).<\/p>\n\n\n\n<p>La movilizaci\u00f3n, que incluye a docentes de diversos subsistemas de educaci\u00f3n media superior, tiene como objetivo exigir mejoras laborales y el cumplimiento de compromisos presupuestales para el sector educativo en el pa\u00eds.<\/p>\n\n\n\n<p>Los manifestantes tambi\u00e9n realizan una protesta en el Honorable Congreso de la Uni\u00f3n, en la Ciudad de M\u00e9xico, como muestra de unidad y determinaci\u00f3n en sus demandas.<\/p>\n\n\n\n<p>A trav\u00e9s de un comunicado, el SUTDCEO expres\u00f3 su rechazo a la imposici\u00f3n de nuevos criterios para la entrega de la compensaci\u00f3n de Acompa\u00f1amiento Escolar (CAE). Esta medida, aseguran, impacta directamente en los derechos laborales de los docentes y en la calidad del servicio educativo que ofrecen.<\/p>\n\n\n\n<p>\u201cHoy, en unidad con los Subsistemas de Educaci\u00f3n Media Superior, los docentes agremiados nos sumamos al PARO NACIONAL en el Honorable Congreso de la Uni\u00f3n\u201d, declararon.<\/p>\n\n\n\n<p>Entre las principales exigencias del sindicato, destaca el pago inmediato del complemento al Acompa\u00f1amiento Escolar para el a\u00f1o 2024 en todos los estados del pa\u00eds. Los docentes argumentan que este pago es fundamental para garantizar el cumplimiento de sus funciones de apoyo y orientaci\u00f3n en el desarrollo acad\u00e9mico de los estudiantes.<\/p>\n\n\n\n<p>La demora en la entrega de este recurso, aseguran, vulnera su estabilidad econ\u00f3mica y su capacidad para desempe\u00f1arse en condiciones \u00f3ptimas.<\/p>\n\n\n\n<p>Otra de las demandas es la asignaci\u00f3n de recursos para el proceso de homologaci\u00f3n en su segunda etapa, en el Presupuesto de Egresos de la Federaci\u00f3n para el ejercicio fiscal 2025. Esta homologaci\u00f3n representa una deuda hist\u00f3rica con los docentes de educaci\u00f3n media superior, quienes han solicitado en repetidas ocasiones la igualdad de condiciones salariales y de prestaciones respecto a otros niveles educativos.<\/p>\n\n\n\n<p>Finalmente, el paro y la movilizaci\u00f3n en el Congreso buscan visibilizar el descontento de los trabajadores de la educaci\u00f3n media superior y reafirmar su compromiso con la lucha por mejores condiciones laborales.<\/p>\n\n\n\n<p>\u201cDocentes de la educaci\u00f3n media superior, unidos en pie de lucha\u201d, concluyeron los representantes del SUTDCEO, quienes advirtieron que mantendr\u00e1n sus acciones hasta que sus demandas sean atendidas.<\/p>\n","protected":false},"excerpt":{"rendered":"<p>Salina Cruz, Oaxaca. Trabajadores del Colegio Nacional de Educaci\u00f3n Profesional T\u00e9cnica (Conalep) n\u00famero 155 en Salina Cruz pertenecientes al Frente Nacional de Sindicatos de Educaci\u00f3n Media Superior, CECYTE, COBACH, Telebachilleratos y CONALEP, se sumaron hoy al paro nacional convocado por el Sindicato \u00danico de Trabajadores Docentes del Estado de Oaxaca (SUTDCEO). La movilizaci\u00f3n, que incluye [&hellip;]<\/p>\n","protected":false},"author":2,"featured_media":49918,"comment_status":"closed","ping_status":"closed","sticky":false,"template":"","format":"standard","meta":{"footnotes":""},"categories":[1025],"tags":[],"class_list":{"0":"post-49917","1":"post","2":"type-post","3":"status-publish","4":"format-standard","5":"has-post-thumbnail","7":"category-destacado"},"yoast_head":"<!-- This site is optimized with the Yoast SEO plugin v27.4 - https:\/\/yoast.com\/product\/yoast-seo-wordpress\/ -->\n<title>Trabajadores del Conalep 155 de Salina Cruz se unen al paro nacional de docentes - LA BRAVA RADIO<\/title>\n<meta name=\"robots\" content=\"index, follow, max-snippet:-1, max-image-preview:large, max-video-preview:-1\" \/>\n<link rel=\"canonical\" href=\"https:\/\/www.bbmnoticias.com\/labravaradiofm\/2024\/11\/12\/trabajadores-del-conalep-155-de-salina-cruz-se-unen-al-paro-nacional-de-docentes\/\" \/>\n<meta property=\"og:locale\" content=\"es_MX\" \/>\n<meta property=\"og:type\" content=\"article\" \/>\n<meta property=\"og:title\" content=\"Trabajadores del Conalep 155 de Salina Cruz se unen al paro nacional de docentes - LA BRAVA RADIO\" \/>\n<meta property=\"og:description\" content=\"Salina Cruz, Oaxaca. Trabajadores del Colegio Nacional de Educaci\u00f3n Profesional T\u00e9cnica (Conalep) n\u00famero 155 en Salina Cruz pertenecientes al Frente Nacional de Sindicatos de Educaci\u00f3n Media Superior, CECYTE, COBACH, Telebachilleratos y CONALEP, se sumaron hoy al paro nacional convocado por el Sindicato \u00danico de Trabajadores Docentes del Estado de Oaxaca (SUTDCEO). La movilizaci\u00f3n, que incluye [&hellip;]\" \/>\n<meta property=\"og:url\" content=\"https:\/\/www.bbmnoticias.com\/labravaradiofm\/2024\/11\/12\/trabajadores-del-conalep-155-de-salina-cruz-se-unen-al-paro-nacional-de-docentes\/\" \/>\n<meta property=\"og:site_name\" content=\"LA BRAVA RADIO\" \/>\n<meta property=\"article:published_time\" content=\"2024-11-12T17:53:32+00:00\" \/>\n<meta property=\"article:modified_time\" content=\"2024-11-12T17:53:36+00:00\" \/>\n<meta property=\"og:image\" content=\"https:\/\/www.bbmnoticias.com\/labravaradiofm\/wp-content\/uploads\/sites\/5\/2024\/11\/paro-nacional.jpg\" \/>\n\t<meta property=\"og:image:width\" content=\"1600\" \/>\n\t<meta property=\"og:image:height\" content=\"1200\" \/>\n\t<meta property=\"og:image:type\" content=\"image\/jpeg\" \/>\n<meta name=\"author\" content=\"Staff\" \/>\n<meta name=\"twitter:card\" content=\"summary_large_image\" \/>\n<meta name=\"twitter:label1\" content=\"Escrito por\" \/>\n\t<meta name=\"twitter:data1\" content=\"Staff\" \/>\n\t<meta name=\"twitter:label2\" content=\"Tiempo de lectura\" \/>\n\t<meta name=\"twitter:data2\" content=\"2 minutos\" \/>\n<script type=\"application\/ld+json\" class=\"yoast-schema-graph\">{\"@context\":\"https:\\\/\\\/schema.org\",\"@graph\":[{\"@type\":\"Article\",\"@id\":\"https:\\\/\\\/www.bbmnoticias.com\\\/labravaradiofm\\\/2024\\\/11\\\/12\\\/trabajadores-del-conalep-155-de-salina-cruz-se-unen-al-paro-nacional-de-docentes\\\/#article\",\"isPartOf\":{\"@id\":\"https:\\\/\\\/www.bbmnoticias.com\\\/labravaradiofm\\\/2024\\\/11\\\/12\\\/trabajadores-del-conalep-155-de-salina-cruz-se-unen-al-paro-nacional-de-docentes\\\/\"},\"author\":{\"name\":\"Staff\",\"@id\":\"https:\\\/\\\/www.bbmnoticias.com\\\/labravaradiofm\\\/#\\\/schema\\\/person\\\/68a9e9036ef3c5b55aeb2b71dc8bab45\"},\"headline\":\"Trabajadores del Conalep 155 de Salina Cruz se unen al paro nacional de docentes\",\"datePublished\":\"2024-11-12T17:53:32+00:00\",\"dateModified\":\"2024-11-12T17:53:36+00:00\",\"mainEntityOfPage\":{\"@id\":\"https:\\\/\\\/www.bbmnoticias.com\\\/labravaradiofm\\\/2024\\\/11\\\/12\\\/trabajadores-del-conalep-155-de-salina-cruz-se-unen-al-paro-nacional-de-docentes\\\/\"},\"wordCount\":422,\"image\":{\"@id\":\"https:\\\/\\\/www.bbmnoticias.com\\\/labravaradiofm\\\/2024\\\/11\\\/12\\\/trabajadores-del-conalep-155-de-salina-cruz-se-unen-al-paro-nacional-de-docentes\\\/#primaryimage\"},\"thumbnailUrl\":\"https:\\\/\\\/www.bbmnoticias.com\\\/labravaradiofm\\\/wp-content\\\/uploads\\\/sites\\\/5\\\/2024\\\/11\\\/paro-nacional.jpg\",\"articleSection\":[\"DESTACADO\"],\"inLanguage\":\"es\"},{\"@type\":\"WebPage\",\"@id\":\"https:\\\/\\\/www.bbmnoticias.com\\\/labravaradiofm\\\/2024\\\/11\\\/12\\\/trabajadores-del-conalep-155-de-salina-cruz-se-unen-al-paro-nacional-de-docentes\\\/\",\"url\":\"https:\\\/\\\/www.bbmnoticias.com\\\/labravaradiofm\\\/2024\\\/11\\\/12\\\/trabajadores-del-conalep-155-de-salina-cruz-se-unen-al-paro-nacional-de-docentes\\\/\",\"name\":\"Trabajadores del Conalep 155 de Salina Cruz se unen al paro nacional de docentes - LA BRAVA RADIO\",\"isPartOf\":{\"@id\":\"https:\\\/\\\/www.bbmnoticias.com\\\/labravaradiofm\\\/#website\"},\"primaryImageOfPage\":{\"@id\":\"https:\\\/\\\/www.bbmnoticias.com\\\/labravaradiofm\\\/2024\\\/11\\\/12\\\/trabajadores-del-conalep-155-de-salina-cruz-se-unen-al-paro-nacional-de-docentes\\\/#primaryimage\"},\"image\":{\"@id\":\"https:\\\/\\\/www.bbmnoticias.com\\\/labravaradiofm\\\/2024\\\/11\\\/12\\\/trabajadores-del-conalep-155-de-salina-cruz-se-unen-al-paro-nacional-de-docentes\\\/#primaryimage\"},\"thumbnailUrl\":\"https:\\\/\\\/www.bbmnoticias.com\\\/labravaradiofm\\\/wp-content\\\/uploads\\\/sites\\\/5\\\/2024\\\/11\\\/paro-nacional.jpg\",\"datePublished\":\"2024-11-12T17:53:32+00:00\",\"dateModified\":\"2024-11-12T17:53:36+00:00\",\"author\":{\"@id\":\"https:\\\/\\\/www.bbmnoticias.com\\\/labravaradiofm\\\/#\\\/schema\\\/person\\\/68a9e9036ef3c5b55aeb2b71dc8bab45\"},\"breadcrumb\":{\"@id\":\"https:\\\/\\\/www.bbmnoticias.com\\\/labravaradiofm\\\/2024\\\/11\\\/12\\\/trabajadores-del-conalep-155-de-salina-cruz-se-unen-al-paro-nacional-de-docentes\\\/#breadcrumb\"},\"inLanguage\":\"es\",\"potentialAction\":[{\"@type\":\"ReadAction\",\"target\":[\"https:\\\/\\\/www.bbmnoticias.com\\\/labravaradiofm\\\/2024\\\/11\\\/12\\\/trabajadores-del-conalep-155-de-salina-cruz-se-unen-al-paro-nacional-de-docentes\\\/\"]}]},{\"@type\":\"ImageObject\",\"inLanguage\":\"es\",\"@id\":\"https:\\\/\\\/www.bbmnoticias.com\\\/labravaradiofm\\\/2024\\\/11\\\/12\\\/trabajadores-del-conalep-155-de-salina-cruz-se-unen-al-paro-nacional-de-docentes\\\/#primaryimage\",\"url\":\"https:\\\/\\\/www.bbmnoticias.com\\\/labravaradiofm\\\/wp-content\\\/uploads\\\/sites\\\/5\\\/2024\\\/11\\\/paro-nacional.jpg\",\"contentUrl\":\"https:\\\/\\\/www.bbmnoticias.com\\\/labravaradiofm\\\/wp-content\\\/uploads\\\/sites\\\/5\\\/2024\\\/11\\\/paro-nacional.jpg\",\"width\":1600,\"height\":1200},{\"@type\":\"BreadcrumbList\",\"@id\":\"https:\\\/\\\/www.bbmnoticias.com\\\/labravaradiofm\\\/2024\\\/11\\\/12\\\/trabajadores-del-conalep-155-de-salina-cruz-se-unen-al-paro-nacional-de-docentes\\\/#breadcrumb\",\"itemListElement\":[{\"@type\":\"ListItem\",\"position\":1,\"name\":\"Inicio\",\"item\":\"https:\\\/\\\/www.bbmnoticias.com\\\/labravaradiofm\\\/\"},{\"@type\":\"ListItem\",\"position\":2,\"name\":\"Trabajadores del Conalep 155 de Salina Cruz se unen al paro nacional de docentes\"}]},{\"@type\":\"WebSite\",\"@id\":\"https:\\\/\\\/www.bbmnoticias.com\\\/labravaradiofm\\\/#website\",\"url\":\"https:\\\/\\\/www.bbmnoticias.com\\\/labravaradiofm\\\/\",\"name\":\"LA BRAVA RADIO\",\"description\":\"Empresa productora de medios, Radiodifusi\u00f3n, Noticias, tendencias y todo lo que necesitas saber de la pol\u00edtica mexicana e internacional; entretenimiento, espect\u00e1culos, salud y mucho m\u00e1s.\",\"potentialAction\":[{\"@type\":\"SearchAction\",\"target\":{\"@type\":\"EntryPoint\",\"urlTemplate\":\"https:\\\/\\\/www.bbmnoticias.com\\\/labravaradiofm\\\/?s={search_term_string}\"},\"query-input\":{\"@type\":\"PropertyValueSpecification\",\"valueRequired\":true,\"valueName\":\"search_term_string\"}}],\"inLanguage\":\"es\"},{\"@type\":\"Person\",\"@id\":\"https:\\\/\\\/www.bbmnoticias.com\\\/labravaradiofm\\\/#\\\/schema\\\/person\\\/68a9e9036ef3c5b55aeb2b71dc8bab45\",\"name\":\"Staff\",\"image\":{\"@type\":\"ImageObject\",\"inLanguage\":\"es\",\"@id\":\"https:\\\/\\\/secure.gravatar.com\\\/avatar\\\/fdd21ad66fd8b98c407f9dee5b5e588cfe7f0d8579ec20fa6527cd59bab7f0f0?s=96&d=mm&r=g\",\"url\":\"https:\\\/\\\/secure.gravatar.com\\\/avatar\\\/fdd21ad66fd8b98c407f9dee5b5e588cfe7f0d8579ec20fa6527cd59bab7f0f0?s=96&d=mm&r=g\",\"contentUrl\":\"https:\\\/\\\/secure.gravatar.com\\\/avatar\\\/fdd21ad66fd8b98c407f9dee5b5e588cfe7f0d8579ec20fa6527cd59bab7f0f0?s=96&d=mm&r=g\",\"caption\":\"Staff\"},\"url\":\"https:\\\/\\\/www.bbmnoticias.com\\\/labravaradiofm\\\/author\\\/redaccion\\\/\"}]}<\/script>\n<!-- \/ Yoast SEO plugin. -->","yoast_head_json":{"title":"Trabajadores del Conalep 155 de Salina Cruz se unen al paro nacional de docentes - LA BRAVA RADIO","robots":{"index":"index","follow":"follow","max-snippet":"max-snippet:-1","max-image-preview":"max-image-preview:large","max-video-preview":"max-video-preview:-1"},"canonical":"https:\/\/www.bbmnoticias.com\/labravaradiofm\/2024\/11\/12\/trabajadores-del-conalep-155-de-salina-cruz-se-unen-al-paro-nacional-de-docentes\/","og_locale":"es_MX","og_type":"article","og_title":"Trabajadores del Conalep 155 de Salina Cruz se unen al paro nacional de docentes - LA BRAVA RADIO","og_description":"Salina Cruz, Oaxaca. Trabajadores del Colegio Nacional de Educaci\u00f3n Profesional T\u00e9cnica (Conalep) n\u00famero 155 en Salina Cruz pertenecientes al Frente Nacional de Sindicatos de Educaci\u00f3n Media Superior, CECYTE, COBACH, Telebachilleratos y CONALEP, se sumaron hoy al paro nacional convocado por el Sindicato \u00danico de Trabajadores Docentes del Estado de Oaxaca (SUTDCEO). La movilizaci\u00f3n, que incluye [&hellip;]","og_url":"https:\/\/www.bbmnoticias.com\/labravaradiofm\/2024\/11\/12\/trabajadores-del-conalep-155-de-salina-cruz-se-unen-al-paro-nacional-de-docentes\/","og_site_name":"LA BRAVA RADIO","article_published_time":"2024-11-12T17:53:32+00:00","article_modified_time":"2024-11-12T17:53:36+00:00","og_image":[{"width":1600,"height":1200,"url":"https:\/\/www.bbmnoticias.com\/labravaradiofm\/wp-content\/uploads\/sites\/5\/2024\/11\/paro-nacional.jpg","type":"image\/jpeg"}],"author":"Staff","twitter_card":"summary_large_image","twitter_misc":{"Escrito por":"Staff","Tiempo de lectura":"2 minutos"},"schema":{"@context":"https:\/\/schema.org","@graph":[{"@type":"Article","@id":"https:\/\/www.bbmnoticias.com\/labravaradiofm\/2024\/11\/12\/trabajadores-del-conalep-155-de-salina-cruz-se-unen-al-paro-nacional-de-docentes\/#article","isPartOf":{"@id":"https:\/\/www.bbmnoticias.com\/labravaradiofm\/2024\/11\/12\/trabajadores-del-conalep-155-de-salina-cruz-se-unen-al-paro-nacional-de-docentes\/"},"author":{"name":"Staff","@id":"https:\/\/www.bbmnoticias.com\/labravaradiofm\/#\/schema\/person\/68a9e9036ef3c5b55aeb2b71dc8bab45"},"headline":"Trabajadores del Conalep 155 de Salina Cruz se unen al paro nacional de docentes","datePublished":"2024-11-12T17:53:32+00:00","dateModified":"2024-11-12T17:53:36+00:00","mainEntityOfPage":{"@id":"https:\/\/www.bbmnoticias.com\/labravaradiofm\/2024\/11\/12\/trabajadores-del-conalep-155-de-salina-cruz-se-unen-al-paro-nacional-de-docentes\/"},"wordCount":422,"image":{"@id":"https:\/\/www.bbmnoticias.com\/labravaradiofm\/2024\/11\/12\/trabajadores-del-conalep-155-de-salina-cruz-se-unen-al-paro-nacional-de-docentes\/#primaryimage"},"thumbnailUrl":"https:\/\/www.bbmnoticias.com\/labravaradiofm\/wp-content\/uploads\/sites\/5\/2024\/11\/paro-nacional.jpg","articleSection":["DESTACADO"],"inLanguage":"es"},{"@type":"WebPage","@id":"https:\/\/www.bbmnoticias.com\/labravaradiofm\/2024\/11\/12\/trabajadores-del-conalep-155-de-salina-cruz-se-unen-al-paro-nacional-de-docentes\/","url":"https:\/\/www.bbmnoticias.com\/labravaradiofm\/2024\/11\/12\/trabajadores-del-conalep-155-de-salina-cruz-se-unen-al-paro-nacional-de-docentes\/","name":"Trabajadores del Conalep 155 de Salina Cruz se unen al paro nacional de docentes - LA BRAVA RADIO","isPartOf":{"@id":"https:\/\/www.bbmnoticias.com\/labravaradiofm\/#website"},"primaryImageOfPage":{"@id":"https:\/\/www.bbmnoticias.com\/labravaradiofm\/2024\/11\/12\/trabajadores-del-conalep-155-de-salina-cruz-se-unen-al-paro-nacional-de-docentes\/#primaryimage"},"image":{"@id":"https:\/\/www.bbmnoticias.com\/labravaradiofm\/2024\/11\/12\/trabajadores-del-conalep-155-de-salina-cruz-se-unen-al-paro-nacional-de-docentes\/#primaryimage"},"thumbnailUrl":"https:\/\/www.bbmnoticias.com\/labravaradiofm\/wp-content\/uploads\/sites\/5\/2024\/11\/paro-nacional.jpg","datePublished":"2024-11-12T17:53:32+00:00","dateModified":"2024-11-12T17:53:36+00:00","author":{"@id":"https:\/\/www.bbmnoticias.com\/labravaradiofm\/#\/schema\/person\/68a9e9036ef3c5b55aeb2b71dc8bab45"},"breadcrumb":{"@id":"https:\/\/www.bbmnoticias.com\/labravaradiofm\/2024\/11\/12\/trabajadores-del-conalep-155-de-salina-cruz-se-unen-al-paro-nacional-de-docentes\/#breadcrumb"},"inLanguage":"es","potentialAction":[{"@type":"ReadAction","target":["https:\/\/www.bbmnoticias.com\/labravaradiofm\/2024\/11\/12\/trabajadores-del-conalep-155-de-salina-cruz-se-unen-al-paro-nacional-de-docentes\/"]}]},{"@type":"ImageObject","inLanguage":"es","@id":"https:\/\/www.bbmnoticias.com\/labravaradiofm\/2024\/11\/12\/trabajadores-del-conalep-155-de-salina-cruz-se-unen-al-paro-nacional-de-docentes\/#primaryimage","url":"https:\/\/www.bbmnoticias.com\/labravaradiofm\/wp-content\/uploads\/sites\/5\/2024\/11\/paro-nacional.jpg","contentUrl":"https:\/\/www.bbmnoticias.com\/labravaradiofm\/wp-content\/uploads\/sites\/5\/2024\/11\/paro-nacional.jpg","width":1600,"height":1200},{"@type":"BreadcrumbList","@id":"https:\/\/www.bbmnoticias.com\/labravaradiofm\/2024\/11\/12\/trabajadores-del-conalep-155-de-salina-cruz-se-unen-al-paro-nacional-de-docentes\/#breadcrumb","itemListElement":[{"@type":"ListItem","position":1,"name":"Inicio","item":"https:\/\/www.bbmnoticias.com\/labravaradiofm\/"},{"@type":"ListItem","position":2,"name":"Trabajadores del Conalep 155 de Salina Cruz se unen al paro nacional de docentes"}]},{"@type":"WebSite","@id":"https:\/\/www.bbmnoticias.com\/labravaradiofm\/#website","url":"https:\/\/www.bbmnoticias.com\/labravaradiofm\/","name":"LA BRAVA RADIO","description":"Empresa productora de medios, Radiodifusi\u00f3n, Noticias, tendencias y todo lo que necesitas saber de la pol\u00edtica mexicana e internacional; entretenimiento, espect\u00e1culos, salud y mucho m\u00e1s.","potentialAction":[{"@type":"SearchAction","target":{"@type":"EntryPoint","urlTemplate":"https:\/\/www.bbmnoticias.com\/labravaradiofm\/?s={search_term_string}"},"query-input":{"@type":"PropertyValueSpecification","valueRequired":true,"valueName":"search_term_string"}}],"inLanguage":"es"},{"@type":"Person","@id":"https:\/\/www.bbmnoticias.com\/labravaradiofm\/#\/schema\/person\/68a9e9036ef3c5b55aeb2b71dc8bab45","name":"Staff","image":{"@type":"ImageObject","inLanguage":"es","@id":"https:\/\/secure.gravatar.com\/avatar\/fdd21ad66fd8b98c407f9dee5b5e588cfe7f0d8579ec20fa6527cd59bab7f0f0?s=96&d=mm&r=g","url":"https:\/\/secure.gravatar.com\/avatar\/fdd21ad66fd8b98c407f9dee5b5e588cfe7f0d8579ec20fa6527cd59bab7f0f0?s=96&d=mm&r=g","contentUrl":"https:\/\/secure.gravatar.com\/avatar\/fdd21ad66fd8b98c407f9dee5b5e588cfe7f0d8579ec20fa6527cd59bab7f0f0?s=96&d=mm&r=g","caption":"Staff"},"url":"https:\/\/www.bbmnoticias.com\/labravaradiofm\/author\/redaccion\/"}]}},"_links":{"self":[{"href":"https:\/\/www.bbmnoticias.com\/labravaradiofm\/wp-json\/wp\/v2\/posts\/49917","targetHints":{"allow":["GET"]}}],"collection":[{"href":"https:\/\/www.bbmnoticias.com\/labravaradiofm\/wp-json\/wp\/v2\/posts"}],"about":[{"href":"https:\/\/www.bbmnoticias.com\/labravaradiofm\/wp-json\/wp\/v2\/types\/post"}],"author":[{"embeddable":true,"href":"https:\/\/www.bbmnoticias.com\/labravaradiofm\/wp-json\/wp\/v2\/users\/2"}],"replies":[{"embeddable":true,"href":"https:\/\/www.bbmnoticias.com\/labravaradiofm\/wp-json\/wp\/v2\/comments?post=49917"}],"version-history":[{"count":0,"href":"https:\/\/www.bbmnoticias.com\/labravaradiofm\/wp-json\/wp\/v2\/posts\/49917\/revisions"}],"wp:featuredmedia":[{"embeddable":true,"href":"https:\/\/www.bbmnoticias.com\/labravaradiofm\/wp-json\/wp\/v2\/media\/49918"}],"wp:attachment":[{"href":"https:\/\/www.bbmnoticias.com\/labravaradiofm\/wp-json\/wp\/v2\/media?parent=49917"}],"wp:term":[{"taxonomy":"category","embeddable":true,"href":"https:\/\/www.bbmnoticias.com\/labravaradiofm\/wp-json\/wp\/v2\/categories?post=49917"},{"taxonomy":"post_tag","embeddable":true,"href":"https:\/\/www.bbmnoticias.com\/labravaradiofm\/wp-json\/wp\/v2\/tags?post=49917"}],"curies":[{"name":"wp","href":"https:\/\/api.w.org\/{rel}","templated":true}]}}