{"id":49910,"date":"2024-11-12T10:21:16","date_gmt":"2024-11-12T16:21:16","guid":{"rendered":"https:\/\/www.bbmnoticias.com\/labravaradiofm\/?p=49910"},"modified":"2024-11-12T10:21:21","modified_gmt":"2024-11-12T16:21:21","slug":"damnificados-del-huracan-john-en-oaxaca-exigen-nuevo-censo","status":"publish","type":"post","link":"https:\/\/www.bbmnoticias.com\/labravaradiofm\/2024\/11\/12\/damnificados-del-huracan-john-en-oaxaca-exigen-nuevo-censo\/","title":{"rendered":"Damnificados del hurac\u00e1n &#8216;John&#8217; en Oaxaca exigen nuevo censo"},"content":{"rendered":"<div style=\"margin-top: 0px; margin-bottom: 0px;\" class=\"sharethis-inline-share-buttons\" ><\/div>\n<p><strong>Omar Garc\u00eda Harfuch<\/strong>, secretario de Seguridad y Protecci\u00f3n Ciudadana (<strong>SSPC<\/strong>), vincul\u00f3 la <strong>masacre<\/strong> en el <strong>bar \u2018Los Cantaritos\u2019<\/strong> de <strong>Quer\u00e9taro<\/strong> el fin de semana a la <strong>rivalidad<\/strong> que existe entre <strong>dos grupos delictivos<\/strong>.<\/p>\n\n\n\n<p>En la conferencia matutina de Palacio Nacional, Garc\u00eda Harfuch destac\u00f3 que esta rivalidad es entre facciones del <strong>C\u00e1rtel Jalisco Nueva Generaci\u00f3n<\/strong> (<strong>CJNG<\/strong>) y el <strong>C\u00e1rtel de Santa Rosa de Lima<\/strong>.<\/p>\n\n\n\n<p>\u201cEs el tercer evento relacionado con hechos de Quer\u00e9taro que tienen que ver con Guanajuato. Recordemos que el 7 de noviembre hubo otro evento en un restaurante donde pierden la vida tres personas, este \u00faltimo evento est\u00e1 relacionado con es agresi\u00f3n, es una rivalidad entre dos c\u00e9lulas delictivas. Estamos en investigaci\u00f3n en conjunto con el Gobierno del estado\u201d, indic\u00f3.<\/p>\n\n\n\n<p>\u201cLos dos eventos, el del 7 de noviembre y el evento que ocurri\u00f3 donde perdieron la vida 10 personas (en el bar \u2018Los Cantaritos\u2019), s\u00ed est\u00e1n relacionados\u201d, sostuvo.<\/p>\n\n\n\n<p>\u201cSon c\u00e9lulas afines a esos grupos (CJNG y C\u00e1rtel de Santa Rosa de Lima)\u201d, agreg\u00f3.<\/p>\n\n\n\n<p>Garc\u00eda Harfuch abund\u00f3 que sujetos armados que abrieron fuego en en el bar queretano llegaron preguntando por una persona de nombre Fernando, entraron al sitio y dispararon a quemarropa.<\/p>\n\n\n\n<p>El titular de SSPC indic\u00f3 que este martes se reunir\u00e1 con el gobernador de Quer\u00e9taro, <strong>Mauricio Kuri<\/strong>, para tratar este tema: \u201chay avances en la investigaci\u00f3n y les mantendremos informados\u201d.<\/p>\n\n\n\n<p>El secretario de Seguridad respondi\u00f3 a cuestionamientos sobre el ataque el s\u00e1bado en el bar \u2018Los Cantaritos\u2019, muy cerca del centro de Quer\u00e9taro, considerado patrimonio mundial de la humanidad por su arquitectura y un lugar en donde no suelen ocurrir masacres como en otras zonas del pa\u00eds.<\/p>\n\n\n\n<p>La masacre en el bar queretano dej\u00f3 un saldo de 10 muertos, heridos y una persona detenida, de la cual no se ha dado a conocer su nombre.<\/p>\n\n\n\n<p>El hecho caus\u00f3 conmoci\u00f3n nacional por im\u00e1genes de clientes, incluyendo mujeres, que se arrojaron al suelo para evitar las balas, mientras que el gobernador de Quer\u00e9taro asever\u00f3 que la agresi\u00f3n iba \u201cdirigida a delincuentes\u201d.<\/p>\n\n\n\n<p>Trascendi\u00f3 que uno de los hombres asesinados en \u2018Los Cantaritos\u2019 es <strong>Fernando \u201cN\u201d<\/strong>, tambi\u00e9n conocido como<em><strong>\u00a0La Flaca<\/strong><\/em>, a quien se le relaciona con el\u00a0C\u00e1rtel Jalisco Nueva Generaci\u00f3n.<\/p>\n","protected":false},"excerpt":{"rendered":"<p>Omar Garc\u00eda Harfuch, secretario de Seguridad y Protecci\u00f3n Ciudadana (SSPC), vincul\u00f3 la masacre en el bar \u2018Los Cantaritos\u2019 de Quer\u00e9taro el fin de semana a la rivalidad que existe entre dos grupos delictivos. En la conferencia matutina de Palacio Nacional, Garc\u00eda Harfuch destac\u00f3 que esta rivalidad es entre facciones del C\u00e1rtel Jalisco Nueva Generaci\u00f3n (CJNG) [&hellip;]<\/p>\n","protected":false},"author":2,"featured_media":49911,"comment_status":"closed","ping_status":"closed","sticky":false,"template":"","format":"standard","meta":{"footnotes":""},"categories":[2],"tags":[],"class_list":{"0":"post-49910","1":"post","2":"type-post","3":"status-publish","4":"format-standard","5":"has-post-thumbnail","7":"category-oaxaca"},"yoast_head":"<!-- This site is optimized with the Yoast SEO plugin v27.4 - https:\/\/yoast.com\/product\/yoast-seo-wordpress\/ -->\n<title>Damnificados del hurac\u00e1n &#039;John&#039; en Oaxaca exigen nuevo censo - LA BRAVA RADIO<\/title>\n<meta name=\"robots\" content=\"index, follow, max-snippet:-1, max-image-preview:large, max-video-preview:-1\" \/>\n<link rel=\"canonical\" href=\"https:\/\/www.bbmnoticias.com\/labravaradiofm\/2024\/11\/12\/damnificados-del-huracan-john-en-oaxaca-exigen-nuevo-censo\/\" \/>\n<meta property=\"og:locale\" content=\"es_MX\" \/>\n<meta property=\"og:type\" content=\"article\" \/>\n<meta property=\"og:title\" content=\"Damnificados del hurac\u00e1n &#039;John&#039; en Oaxaca exigen nuevo censo - LA BRAVA RADIO\" \/>\n<meta property=\"og:description\" content=\"Omar Garc\u00eda Harfuch, secretario de Seguridad y Protecci\u00f3n Ciudadana (SSPC), vincul\u00f3 la masacre en el bar \u2018Los Cantaritos\u2019 de Quer\u00e9taro el fin de semana a la rivalidad que existe entre dos grupos delictivos. En la conferencia matutina de Palacio Nacional, Garc\u00eda Harfuch destac\u00f3 que esta rivalidad es entre facciones del C\u00e1rtel Jalisco Nueva Generaci\u00f3n (CJNG) [&hellip;]\" \/>\n<meta property=\"og:url\" content=\"https:\/\/www.bbmnoticias.com\/labravaradiofm\/2024\/11\/12\/damnificados-del-huracan-john-en-oaxaca-exigen-nuevo-censo\/\" \/>\n<meta property=\"og:site_name\" content=\"LA BRAVA RADIO\" \/>\n<meta property=\"article:published_time\" content=\"2024-11-12T16:21:16+00:00\" \/>\n<meta property=\"article:modified_time\" content=\"2024-11-12T16:21:21+00:00\" \/>\n<meta property=\"og:image\" content=\"https:\/\/www.bbmnoticias.com\/labravaradiofm\/wp-content\/uploads\/sites\/5\/2024\/11\/bloqueo-en-oaxaca-de-damnificados-del-huracan-john.webp\" \/>\n\t<meta property=\"og:image:width\" content=\"1200\" \/>\n\t<meta property=\"og:image:height\" content=\"675\" \/>\n\t<meta property=\"og:image:type\" content=\"image\/webp\" \/>\n<meta name=\"author\" content=\"Staff\" \/>\n<meta name=\"twitter:card\" content=\"summary_large_image\" \/>\n<meta name=\"twitter:label1\" content=\"Escrito por\" \/>\n\t<meta name=\"twitter:data1\" content=\"Staff\" \/>\n\t<meta name=\"twitter:label2\" content=\"Tiempo de lectura\" \/>\n\t<meta name=\"twitter:data2\" content=\"2 minutos\" \/>\n<script type=\"application\/ld+json\" class=\"yoast-schema-graph\">{\"@context\":\"https:\\\/\\\/schema.org\",\"@graph\":[{\"@type\":\"Article\",\"@id\":\"https:\\\/\\\/www.bbmnoticias.com\\\/labravaradiofm\\\/2024\\\/11\\\/12\\\/damnificados-del-huracan-john-en-oaxaca-exigen-nuevo-censo\\\/#article\",\"isPartOf\":{\"@id\":\"https:\\\/\\\/www.bbmnoticias.com\\\/labravaradiofm\\\/2024\\\/11\\\/12\\\/damnificados-del-huracan-john-en-oaxaca-exigen-nuevo-censo\\\/\"},\"author\":{\"name\":\"Staff\",\"@id\":\"https:\\\/\\\/www.bbmnoticias.com\\\/labravaradiofm\\\/#\\\/schema\\\/person\\\/68a9e9036ef3c5b55aeb2b71dc8bab45\"},\"headline\":\"Damnificados del hurac\u00e1n &#8216;John&#8217; en Oaxaca exigen nuevo censo\",\"datePublished\":\"2024-11-12T16:21:16+00:00\",\"dateModified\":\"2024-11-12T16:21:21+00:00\",\"mainEntityOfPage\":{\"@id\":\"https:\\\/\\\/www.bbmnoticias.com\\\/labravaradiofm\\\/2024\\\/11\\\/12\\\/damnificados-del-huracan-john-en-oaxaca-exigen-nuevo-censo\\\/\"},\"wordCount\":395,\"image\":{\"@id\":\"https:\\\/\\\/www.bbmnoticias.com\\\/labravaradiofm\\\/2024\\\/11\\\/12\\\/damnificados-del-huracan-john-en-oaxaca-exigen-nuevo-censo\\\/#primaryimage\"},\"thumbnailUrl\":\"https:\\\/\\\/www.bbmnoticias.com\\\/labravaradiofm\\\/wp-content\\\/uploads\\\/sites\\\/5\\\/2024\\\/11\\\/bloqueo-en-oaxaca-de-damnificados-del-huracan-john.webp\",\"articleSection\":[\"LOCAL\"],\"inLanguage\":\"es\"},{\"@type\":\"WebPage\",\"@id\":\"https:\\\/\\\/www.bbmnoticias.com\\\/labravaradiofm\\\/2024\\\/11\\\/12\\\/damnificados-del-huracan-john-en-oaxaca-exigen-nuevo-censo\\\/\",\"url\":\"https:\\\/\\\/www.bbmnoticias.com\\\/labravaradiofm\\\/2024\\\/11\\\/12\\\/damnificados-del-huracan-john-en-oaxaca-exigen-nuevo-censo\\\/\",\"name\":\"Damnificados del hurac\u00e1n 'John' en Oaxaca exigen nuevo censo - LA BRAVA RADIO\",\"isPartOf\":{\"@id\":\"https:\\\/\\\/www.bbmnoticias.com\\\/labravaradiofm\\\/#website\"},\"primaryImageOfPage\":{\"@id\":\"https:\\\/\\\/www.bbmnoticias.com\\\/labravaradiofm\\\/2024\\\/11\\\/12\\\/damnificados-del-huracan-john-en-oaxaca-exigen-nuevo-censo\\\/#primaryimage\"},\"image\":{\"@id\":\"https:\\\/\\\/www.bbmnoticias.com\\\/labravaradiofm\\\/2024\\\/11\\\/12\\\/damnificados-del-huracan-john-en-oaxaca-exigen-nuevo-censo\\\/#primaryimage\"},\"thumbnailUrl\":\"https:\\\/\\\/www.bbmnoticias.com\\\/labravaradiofm\\\/wp-content\\\/uploads\\\/sites\\\/5\\\/2024\\\/11\\\/bloqueo-en-oaxaca-de-damnificados-del-huracan-john.webp\",\"datePublished\":\"2024-11-12T16:21:16+00:00\",\"dateModified\":\"2024-11-12T16:21:21+00:00\",\"author\":{\"@id\":\"https:\\\/\\\/www.bbmnoticias.com\\\/labravaradiofm\\\/#\\\/schema\\\/person\\\/68a9e9036ef3c5b55aeb2b71dc8bab45\"},\"breadcrumb\":{\"@id\":\"https:\\\/\\\/www.bbmnoticias.com\\\/labravaradiofm\\\/2024\\\/11\\\/12\\\/damnificados-del-huracan-john-en-oaxaca-exigen-nuevo-censo\\\/#breadcrumb\"},\"inLanguage\":\"es\",\"potentialAction\":[{\"@type\":\"ReadAction\",\"target\":[\"https:\\\/\\\/www.bbmnoticias.com\\\/labravaradiofm\\\/2024\\\/11\\\/12\\\/damnificados-del-huracan-john-en-oaxaca-exigen-nuevo-censo\\\/\"]}]},{\"@type\":\"ImageObject\",\"inLanguage\":\"es\",\"@id\":\"https:\\\/\\\/www.bbmnoticias.com\\\/labravaradiofm\\\/2024\\\/11\\\/12\\\/damnificados-del-huracan-john-en-oaxaca-exigen-nuevo-censo\\\/#primaryimage\",\"url\":\"https:\\\/\\\/www.bbmnoticias.com\\\/labravaradiofm\\\/wp-content\\\/uploads\\\/sites\\\/5\\\/2024\\\/11\\\/bloqueo-en-oaxaca-de-damnificados-del-huracan-john.webp\",\"contentUrl\":\"https:\\\/\\\/www.bbmnoticias.com\\\/labravaradiofm\\\/wp-content\\\/uploads\\\/sites\\\/5\\\/2024\\\/11\\\/bloqueo-en-oaxaca-de-damnificados-del-huracan-john.webp\",\"width\":1200,\"height\":675},{\"@type\":\"BreadcrumbList\",\"@id\":\"https:\\\/\\\/www.bbmnoticias.com\\\/labravaradiofm\\\/2024\\\/11\\\/12\\\/damnificados-del-huracan-john-en-oaxaca-exigen-nuevo-censo\\\/#breadcrumb\",\"itemListElement\":[{\"@type\":\"ListItem\",\"position\":1,\"name\":\"Inicio\",\"item\":\"https:\\\/\\\/www.bbmnoticias.com\\\/labravaradiofm\\\/\"},{\"@type\":\"ListItem\",\"position\":2,\"name\":\"Damnificados del hurac\u00e1n &#8216;John&#8217; en Oaxaca exigen nuevo censo\"}]},{\"@type\":\"WebSite\",\"@id\":\"https:\\\/\\\/www.bbmnoticias.com\\\/labravaradiofm\\\/#website\",\"url\":\"https:\\\/\\\/www.bbmnoticias.com\\\/labravaradiofm\\\/\",\"name\":\"LA BRAVA RADIO\",\"description\":\"Empresa productora de medios, Radiodifusi\u00f3n, Noticias, tendencias y todo lo que necesitas saber de la pol\u00edtica mexicana e internacional; entretenimiento, espect\u00e1culos, salud y mucho m\u00e1s.\",\"potentialAction\":[{\"@type\":\"SearchAction\",\"target\":{\"@type\":\"EntryPoint\",\"urlTemplate\":\"https:\\\/\\\/www.bbmnoticias.com\\\/labravaradiofm\\\/?s={search_term_string}\"},\"query-input\":{\"@type\":\"PropertyValueSpecification\",\"valueRequired\":true,\"valueName\":\"search_term_string\"}}],\"inLanguage\":\"es\"},{\"@type\":\"Person\",\"@id\":\"https:\\\/\\\/www.bbmnoticias.com\\\/labravaradiofm\\\/#\\\/schema\\\/person\\\/68a9e9036ef3c5b55aeb2b71dc8bab45\",\"name\":\"Staff\",\"image\":{\"@type\":\"ImageObject\",\"inLanguage\":\"es\",\"@id\":\"https:\\\/\\\/secure.gravatar.com\\\/avatar\\\/fdd21ad66fd8b98c407f9dee5b5e588cfe7f0d8579ec20fa6527cd59bab7f0f0?s=96&d=mm&r=g\",\"url\":\"https:\\\/\\\/secure.gravatar.com\\\/avatar\\\/fdd21ad66fd8b98c407f9dee5b5e588cfe7f0d8579ec20fa6527cd59bab7f0f0?s=96&d=mm&r=g\",\"contentUrl\":\"https:\\\/\\\/secure.gravatar.com\\\/avatar\\\/fdd21ad66fd8b98c407f9dee5b5e588cfe7f0d8579ec20fa6527cd59bab7f0f0?s=96&d=mm&r=g\",\"caption\":\"Staff\"},\"url\":\"https:\\\/\\\/www.bbmnoticias.com\\\/labravaradiofm\\\/author\\\/redaccion\\\/\"}]}<\/script>\n<!-- \/ Yoast SEO plugin. -->","yoast_head_json":{"title":"Damnificados del hurac\u00e1n 'John' en Oaxaca exigen nuevo censo - LA BRAVA RADIO","robots":{"index":"index","follow":"follow","max-snippet":"max-snippet:-1","max-image-preview":"max-image-preview:large","max-video-preview":"max-video-preview:-1"},"canonical":"https:\/\/www.bbmnoticias.com\/labravaradiofm\/2024\/11\/12\/damnificados-del-huracan-john-en-oaxaca-exigen-nuevo-censo\/","og_locale":"es_MX","og_type":"article","og_title":"Damnificados del hurac\u00e1n 'John' en Oaxaca exigen nuevo censo - LA BRAVA RADIO","og_description":"Omar Garc\u00eda Harfuch, secretario de Seguridad y Protecci\u00f3n Ciudadana (SSPC), vincul\u00f3 la masacre en el bar \u2018Los Cantaritos\u2019 de Quer\u00e9taro el fin de semana a la rivalidad que existe entre dos grupos delictivos. En la conferencia matutina de Palacio Nacional, Garc\u00eda Harfuch destac\u00f3 que esta rivalidad es entre facciones del C\u00e1rtel Jalisco Nueva Generaci\u00f3n (CJNG) [&hellip;]","og_url":"https:\/\/www.bbmnoticias.com\/labravaradiofm\/2024\/11\/12\/damnificados-del-huracan-john-en-oaxaca-exigen-nuevo-censo\/","og_site_name":"LA BRAVA RADIO","article_published_time":"2024-11-12T16:21:16+00:00","article_modified_time":"2024-11-12T16:21:21+00:00","og_image":[{"width":1200,"height":675,"url":"https:\/\/www.bbmnoticias.com\/labravaradiofm\/wp-content\/uploads\/sites\/5\/2024\/11\/bloqueo-en-oaxaca-de-damnificados-del-huracan-john.webp","type":"image\/webp"}],"author":"Staff","twitter_card":"summary_large_image","twitter_misc":{"Escrito por":"Staff","Tiempo de lectura":"2 minutos"},"schema":{"@context":"https:\/\/schema.org","@graph":[{"@type":"Article","@id":"https:\/\/www.bbmnoticias.com\/labravaradiofm\/2024\/11\/12\/damnificados-del-huracan-john-en-oaxaca-exigen-nuevo-censo\/#article","isPartOf":{"@id":"https:\/\/www.bbmnoticias.com\/labravaradiofm\/2024\/11\/12\/damnificados-del-huracan-john-en-oaxaca-exigen-nuevo-censo\/"},"author":{"name":"Staff","@id":"https:\/\/www.bbmnoticias.com\/labravaradiofm\/#\/schema\/person\/68a9e9036ef3c5b55aeb2b71dc8bab45"},"headline":"Damnificados del hurac\u00e1n &#8216;John&#8217; en Oaxaca exigen nuevo censo","datePublished":"2024-11-12T16:21:16+00:00","dateModified":"2024-11-12T16:21:21+00:00","mainEntityOfPage":{"@id":"https:\/\/www.bbmnoticias.com\/labravaradiofm\/2024\/11\/12\/damnificados-del-huracan-john-en-oaxaca-exigen-nuevo-censo\/"},"wordCount":395,"image":{"@id":"https:\/\/www.bbmnoticias.com\/labravaradiofm\/2024\/11\/12\/damnificados-del-huracan-john-en-oaxaca-exigen-nuevo-censo\/#primaryimage"},"thumbnailUrl":"https:\/\/www.bbmnoticias.com\/labravaradiofm\/wp-content\/uploads\/sites\/5\/2024\/11\/bloqueo-en-oaxaca-de-damnificados-del-huracan-john.webp","articleSection":["LOCAL"],"inLanguage":"es"},{"@type":"WebPage","@id":"https:\/\/www.bbmnoticias.com\/labravaradiofm\/2024\/11\/12\/damnificados-del-huracan-john-en-oaxaca-exigen-nuevo-censo\/","url":"https:\/\/www.bbmnoticias.com\/labravaradiofm\/2024\/11\/12\/damnificados-del-huracan-john-en-oaxaca-exigen-nuevo-censo\/","name":"Damnificados del hurac\u00e1n 'John' en Oaxaca exigen nuevo censo - LA BRAVA RADIO","isPartOf":{"@id":"https:\/\/www.bbmnoticias.com\/labravaradiofm\/#website"},"primaryImageOfPage":{"@id":"https:\/\/www.bbmnoticias.com\/labravaradiofm\/2024\/11\/12\/damnificados-del-huracan-john-en-oaxaca-exigen-nuevo-censo\/#primaryimage"},"image":{"@id":"https:\/\/www.bbmnoticias.com\/labravaradiofm\/2024\/11\/12\/damnificados-del-huracan-john-en-oaxaca-exigen-nuevo-censo\/#primaryimage"},"thumbnailUrl":"https:\/\/www.bbmnoticias.com\/labravaradiofm\/wp-content\/uploads\/sites\/5\/2024\/11\/bloqueo-en-oaxaca-de-damnificados-del-huracan-john.webp","datePublished":"2024-11-12T16:21:16+00:00","dateModified":"2024-11-12T16:21:21+00:00","author":{"@id":"https:\/\/www.bbmnoticias.com\/labravaradiofm\/#\/schema\/person\/68a9e9036ef3c5b55aeb2b71dc8bab45"},"breadcrumb":{"@id":"https:\/\/www.bbmnoticias.com\/labravaradiofm\/2024\/11\/12\/damnificados-del-huracan-john-en-oaxaca-exigen-nuevo-censo\/#breadcrumb"},"inLanguage":"es","potentialAction":[{"@type":"ReadAction","target":["https:\/\/www.bbmnoticias.com\/labravaradiofm\/2024\/11\/12\/damnificados-del-huracan-john-en-oaxaca-exigen-nuevo-censo\/"]}]},{"@type":"ImageObject","inLanguage":"es","@id":"https:\/\/www.bbmnoticias.com\/labravaradiofm\/2024\/11\/12\/damnificados-del-huracan-john-en-oaxaca-exigen-nuevo-censo\/#primaryimage","url":"https:\/\/www.bbmnoticias.com\/labravaradiofm\/wp-content\/uploads\/sites\/5\/2024\/11\/bloqueo-en-oaxaca-de-damnificados-del-huracan-john.webp","contentUrl":"https:\/\/www.bbmnoticias.com\/labravaradiofm\/wp-content\/uploads\/sites\/5\/2024\/11\/bloqueo-en-oaxaca-de-damnificados-del-huracan-john.webp","width":1200,"height":675},{"@type":"BreadcrumbList","@id":"https:\/\/www.bbmnoticias.com\/labravaradiofm\/2024\/11\/12\/damnificados-del-huracan-john-en-oaxaca-exigen-nuevo-censo\/#breadcrumb","itemListElement":[{"@type":"ListItem","position":1,"name":"Inicio","item":"https:\/\/www.bbmnoticias.com\/labravaradiofm\/"},{"@type":"ListItem","position":2,"name":"Damnificados del hurac\u00e1n &#8216;John&#8217; en Oaxaca exigen nuevo censo"}]},{"@type":"WebSite","@id":"https:\/\/www.bbmnoticias.com\/labravaradiofm\/#website","url":"https:\/\/www.bbmnoticias.com\/labravaradiofm\/","name":"LA BRAVA RADIO","description":"Empresa productora de medios, Radiodifusi\u00f3n, Noticias, tendencias y todo lo que necesitas saber de la pol\u00edtica mexicana e internacional; entretenimiento, espect\u00e1culos, salud y mucho m\u00e1s.","potentialAction":[{"@type":"SearchAction","target":{"@type":"EntryPoint","urlTemplate":"https:\/\/www.bbmnoticias.com\/labravaradiofm\/?s={search_term_string}"},"query-input":{"@type":"PropertyValueSpecification","valueRequired":true,"valueName":"search_term_string"}}],"inLanguage":"es"},{"@type":"Person","@id":"https:\/\/www.bbmnoticias.com\/labravaradiofm\/#\/schema\/person\/68a9e9036ef3c5b55aeb2b71dc8bab45","name":"Staff","image":{"@type":"ImageObject","inLanguage":"es","@id":"https:\/\/secure.gravatar.com\/avatar\/fdd21ad66fd8b98c407f9dee5b5e588cfe7f0d8579ec20fa6527cd59bab7f0f0?s=96&d=mm&r=g","url":"https:\/\/secure.gravatar.com\/avatar\/fdd21ad66fd8b98c407f9dee5b5e588cfe7f0d8579ec20fa6527cd59bab7f0f0?s=96&d=mm&r=g","contentUrl":"https:\/\/secure.gravatar.com\/avatar\/fdd21ad66fd8b98c407f9dee5b5e588cfe7f0d8579ec20fa6527cd59bab7f0f0?s=96&d=mm&r=g","caption":"Staff"},"url":"https:\/\/www.bbmnoticias.com\/labravaradiofm\/author\/redaccion\/"}]}},"_links":{"self":[{"href":"https:\/\/www.bbmnoticias.com\/labravaradiofm\/wp-json\/wp\/v2\/posts\/49910","targetHints":{"allow":["GET"]}}],"collection":[{"href":"https:\/\/www.bbmnoticias.com\/labravaradiofm\/wp-json\/wp\/v2\/posts"}],"about":[{"href":"https:\/\/www.bbmnoticias.com\/labravaradiofm\/wp-json\/wp\/v2\/types\/post"}],"author":[{"embeddable":true,"href":"https:\/\/www.bbmnoticias.com\/labravaradiofm\/wp-json\/wp\/v2\/users\/2"}],"replies":[{"embeddable":true,"href":"https:\/\/www.bbmnoticias.com\/labravaradiofm\/wp-json\/wp\/v2\/comments?post=49910"}],"version-history":[{"count":0,"href":"https:\/\/www.bbmnoticias.com\/labravaradiofm\/wp-json\/wp\/v2\/posts\/49910\/revisions"}],"wp:featuredmedia":[{"embeddable":true,"href":"https:\/\/www.bbmnoticias.com\/labravaradiofm\/wp-json\/wp\/v2\/media\/49911"}],"wp:attachment":[{"href":"https:\/\/www.bbmnoticias.com\/labravaradiofm\/wp-json\/wp\/v2\/media?parent=49910"}],"wp:term":[{"taxonomy":"category","embeddable":true,"href":"https:\/\/www.bbmnoticias.com\/labravaradiofm\/wp-json\/wp\/v2\/categories?post=49910"},{"taxonomy":"post_tag","embeddable":true,"href":"https:\/\/www.bbmnoticias.com\/labravaradiofm\/wp-json\/wp\/v2\/tags?post=49910"}],"curies":[{"name":"wp","href":"https:\/\/api.w.org\/{rel}","templated":true}]}}