{"id":49901,"date":"2024-11-12T09:08:37","date_gmt":"2024-11-12T15:08:37","guid":{"rendered":"https:\/\/www.bbmnoticias.com\/labravaradiofm\/?p=49901"},"modified":"2024-11-12T09:08:41","modified_gmt":"2024-11-12T15:08:41","slug":"gobierno-estrena-plataforma-para-ayudar-en-el-combate-a-la-inseguridad","status":"publish","type":"post","link":"https:\/\/www.bbmnoticias.com\/labravaradiofm\/2024\/11\/12\/gobierno-estrena-plataforma-para-ayudar-en-el-combate-a-la-inseguridad\/","title":{"rendered":"Gobierno &#8216;estrena&#8217; plataforma para ayudar en el combate a la inseguridad"},"content":{"rendered":"<div style=\"margin-top: 0px; margin-bottom: 0px;\" class=\"sharethis-inline-share-buttons\" ><\/div>\n<p>La presidenta de M\u00e9xico, <strong>Claudia Sheinbaum Pardo<\/strong>, revel\u00f3\u00a0una<strong> nueva plataforma<\/strong> desarrollada por la <strong>Agencia Digital de Transformaci\u00f3n Digital y\u00a0Telecomunicaciones<\/strong>, en el cual se dar\u00e1 seguimiento a <strong>delitos de alto impacto<\/strong> que se cometan en el pa\u00eds, como homicidios.<\/p>\n\n\n\n<figure class=\"wp-block-embed is-type-video is-provider-youtube wp-block-embed-youtube wp-embed-aspect-16-9 wp-has-aspect-ratio\"><div class=\"wp-block-embed__wrapper\">\n<div class=\"youtube-embed\" data-video_id=\"GLYzR357BGs\"><iframe loading=\"lazy\" title=\"Conferencia matutina del martes 12 de noviembre, 2024.0029\" width=\"696\" height=\"392\" src=\"https:\/\/www.youtube.com\/embed\/GLYzR357BGs?feature=oembed&#038;enablejsapi=1\" frameborder=\"0\" allow=\"accelerometer; autoplay; clipboard-write; encrypted-media; gyroscope; picture-in-picture; web-share\" referrerpolicy=\"strict-origin-when-cross-origin\" allowfullscreen><\/iframe><\/div>\n<\/div><\/figure>\n\n\n\n<p>\u201cCualquier plataforma de informaci\u00f3n tiene que tener las fuentes de informaci\u00f3n con las que cuenta el Secretariado, que tienen que ver con la informaci\u00f3n que env\u00edan principalmente las fiscal\u00edas estatales, porque ah\u00ed es donde se reporta n\u00famero de homicidios o se abren las carpetas de investigaci\u00f3n relacionadas con homicidios con robo de veh\u00edculo\u201d, destac\u00f3.<\/p>\n\n\n\n<figure class=\"wp-block-pullquote\"><blockquote><p>\u201cEsta plataforma nos permite todos los d\u00edas hacer una evaluaci\u00f3n, hacer una evaluaci\u00f3n semanal de acuerdo con la estrategia y las responsabilidades que estamos fortaleciendo y al mismo tiempo estar en comunicaci\u00f3n con los estados para poder avanzar\u201d, puntualiz\u00f3.<\/p><\/blockquote><\/figure>\n\n\n\n<p>Por el momento, dicha plataforma solo est\u00e1 disponible para los miembros que integran el Gabinete de Seguridad federal.<\/p>\n\n\n\n<p>En la conferencia matutina de Palacio Nacional, se apunt\u00f3 que esta herramienta permite ver cifras detalladas sobre homicidios a nivel nacional, estatal y municipal.<\/p>\n\n\n\n<p>La mandataria mexicana extern\u00f3 que esta plataforma seguir\u00e1 evolucionando para incluir m\u00e1s detalles, y destac\u00f3 que podr\u00eda hacerse p\u00fablica para que los ciudadanos puedan consultarla.<\/p>\n\n\n\n<p>\u201cA veces la fiscal\u00eda de un estado nos manda informaci\u00f3n o le manda informaci\u00f3n al secretariado, pero no est\u00e1 completa, requiere consolidarse. A veces hasta que no pasa la semana no sabemos si realmente fueron el n\u00famero de homicidios o son un poco m\u00e1s\u201d, agreg\u00f3.<\/p>\n","protected":false},"excerpt":{"rendered":"<p>La presidenta de M\u00e9xico, Claudia Sheinbaum Pardo, revel\u00f3\u00a0una nueva plataforma desarrollada por la Agencia Digital de Transformaci\u00f3n Digital y\u00a0Telecomunicaciones, en el cual se dar\u00e1 seguimiento a delitos de alto impacto que se cometan en el pa\u00eds, como homicidios. \u201cCualquier plataforma de informaci\u00f3n tiene que tener las fuentes de informaci\u00f3n con las que cuenta el Secretariado, [&hellip;]<\/p>\n","protected":false},"author":4,"featured_media":49902,"comment_status":"closed","ping_status":"closed","sticky":false,"template":"","format":"standard","meta":{"footnotes":""},"categories":[19],"tags":[],"class_list":{"0":"post-49901","1":"post","2":"type-post","3":"status-publish","4":"format-standard","5":"has-post-thumbnail","7":"category-nacional"},"yoast_head":"<!-- This site is optimized with the Yoast SEO plugin v27.4 - https:\/\/yoast.com\/product\/yoast-seo-wordpress\/ -->\n<title>Gobierno &#039;estrena&#039; plataforma para ayudar en el combate a la inseguridad - LA BRAVA RADIO<\/title>\n<meta name=\"robots\" content=\"index, follow, max-snippet:-1, max-image-preview:large, max-video-preview:-1\" \/>\n<link rel=\"canonical\" href=\"https:\/\/www.bbmnoticias.com\/labravaradiofm\/2024\/11\/12\/gobierno-estrena-plataforma-para-ayudar-en-el-combate-a-la-inseguridad\/\" \/>\n<meta property=\"og:locale\" content=\"es_MX\" \/>\n<meta property=\"og:type\" content=\"article\" \/>\n<meta property=\"og:title\" content=\"Gobierno &#039;estrena&#039; plataforma para ayudar en el combate a la inseguridad - LA BRAVA RADIO\" \/>\n<meta property=\"og:description\" content=\"La presidenta de M\u00e9xico, Claudia Sheinbaum Pardo, revel\u00f3\u00a0una nueva plataforma desarrollada por la Agencia Digital de Transformaci\u00f3n Digital y\u00a0Telecomunicaciones, en el cual se dar\u00e1 seguimiento a delitos de alto impacto que se cometan en el pa\u00eds, como homicidios. \u201cCualquier plataforma de informaci\u00f3n tiene que tener las fuentes de informaci\u00f3n con las que cuenta el Secretariado, [&hellip;]\" \/>\n<meta property=\"og:url\" content=\"https:\/\/www.bbmnoticias.com\/labravaradiofm\/2024\/11\/12\/gobierno-estrena-plataforma-para-ayudar-en-el-combate-a-la-inseguridad\/\" \/>\n<meta property=\"og:site_name\" content=\"LA BRAVA RADIO\" \/>\n<meta property=\"article:published_time\" content=\"2024-11-12T15:08:37+00:00\" \/>\n<meta property=\"article:modified_time\" content=\"2024-11-12T15:08:41+00:00\" \/>\n<meta property=\"og:image\" content=\"https:\/\/www.bbmnoticias.com\/labravaradiofm\/wp-content\/uploads\/sites\/5\/2024\/11\/plataforma-gobierno-sheinbaum-seguridad.webp\" \/>\n\t<meta property=\"og:image:width\" content=\"1536\" \/>\n\t<meta property=\"og:image:height\" content=\"1024\" \/>\n\t<meta property=\"og:image:type\" content=\"image\/webp\" \/>\n<meta name=\"author\" content=\"Agencias\" \/>\n<meta name=\"twitter:card\" content=\"summary_large_image\" \/>\n<meta name=\"twitter:label1\" content=\"Escrito por\" \/>\n\t<meta name=\"twitter:data1\" content=\"Agencias\" \/>\n\t<meta name=\"twitter:label2\" content=\"Tiempo de lectura\" \/>\n\t<meta name=\"twitter:data2\" content=\"2 minutos\" \/>\n<script type=\"application\/ld+json\" class=\"yoast-schema-graph\">{\"@context\":\"https:\\\/\\\/schema.org\",\"@graph\":[{\"@type\":\"Article\",\"@id\":\"https:\\\/\\\/www.bbmnoticias.com\\\/labravaradiofm\\\/2024\\\/11\\\/12\\\/gobierno-estrena-plataforma-para-ayudar-en-el-combate-a-la-inseguridad\\\/#article\",\"isPartOf\":{\"@id\":\"https:\\\/\\\/www.bbmnoticias.com\\\/labravaradiofm\\\/2024\\\/11\\\/12\\\/gobierno-estrena-plataforma-para-ayudar-en-el-combate-a-la-inseguridad\\\/\"},\"author\":{\"name\":\"Agencias\",\"@id\":\"https:\\\/\\\/www.bbmnoticias.com\\\/labravaradiofm\\\/#\\\/schema\\\/person\\\/000bdaf0a8fb5bff0d537c4d0778e33f\"},\"headline\":\"Gobierno &#8216;estrena&#8217; plataforma para ayudar en el combate a la inseguridad\",\"datePublished\":\"2024-11-12T15:08:37+00:00\",\"dateModified\":\"2024-11-12T15:08:41+00:00\",\"mainEntityOfPage\":{\"@id\":\"https:\\\/\\\/www.bbmnoticias.com\\\/labravaradiofm\\\/2024\\\/11\\\/12\\\/gobierno-estrena-plataforma-para-ayudar-en-el-combate-a-la-inseguridad\\\/\"},\"wordCount\":287,\"image\":{\"@id\":\"https:\\\/\\\/www.bbmnoticias.com\\\/labravaradiofm\\\/2024\\\/11\\\/12\\\/gobierno-estrena-plataforma-para-ayudar-en-el-combate-a-la-inseguridad\\\/#primaryimage\"},\"thumbnailUrl\":\"https:\\\/\\\/www.bbmnoticias.com\\\/labravaradiofm\\\/wp-content\\\/uploads\\\/sites\\\/5\\\/2024\\\/11\\\/plataforma-gobierno-sheinbaum-seguridad.webp\",\"articleSection\":[\"NACIONAL\"],\"inLanguage\":\"es\"},{\"@type\":\"WebPage\",\"@id\":\"https:\\\/\\\/www.bbmnoticias.com\\\/labravaradiofm\\\/2024\\\/11\\\/12\\\/gobierno-estrena-plataforma-para-ayudar-en-el-combate-a-la-inseguridad\\\/\",\"url\":\"https:\\\/\\\/www.bbmnoticias.com\\\/labravaradiofm\\\/2024\\\/11\\\/12\\\/gobierno-estrena-plataforma-para-ayudar-en-el-combate-a-la-inseguridad\\\/\",\"name\":\"Gobierno 'estrena' plataforma para ayudar en el combate a la inseguridad - LA BRAVA RADIO\",\"isPartOf\":{\"@id\":\"https:\\\/\\\/www.bbmnoticias.com\\\/labravaradiofm\\\/#website\"},\"primaryImageOfPage\":{\"@id\":\"https:\\\/\\\/www.bbmnoticias.com\\\/labravaradiofm\\\/2024\\\/11\\\/12\\\/gobierno-estrena-plataforma-para-ayudar-en-el-combate-a-la-inseguridad\\\/#primaryimage\"},\"image\":{\"@id\":\"https:\\\/\\\/www.bbmnoticias.com\\\/labravaradiofm\\\/2024\\\/11\\\/12\\\/gobierno-estrena-plataforma-para-ayudar-en-el-combate-a-la-inseguridad\\\/#primaryimage\"},\"thumbnailUrl\":\"https:\\\/\\\/www.bbmnoticias.com\\\/labravaradiofm\\\/wp-content\\\/uploads\\\/sites\\\/5\\\/2024\\\/11\\\/plataforma-gobierno-sheinbaum-seguridad.webp\",\"datePublished\":\"2024-11-12T15:08:37+00:00\",\"dateModified\":\"2024-11-12T15:08:41+00:00\",\"author\":{\"@id\":\"https:\\\/\\\/www.bbmnoticias.com\\\/labravaradiofm\\\/#\\\/schema\\\/person\\\/000bdaf0a8fb5bff0d537c4d0778e33f\"},\"breadcrumb\":{\"@id\":\"https:\\\/\\\/www.bbmnoticias.com\\\/labravaradiofm\\\/2024\\\/11\\\/12\\\/gobierno-estrena-plataforma-para-ayudar-en-el-combate-a-la-inseguridad\\\/#breadcrumb\"},\"inLanguage\":\"es\",\"potentialAction\":[{\"@type\":\"ReadAction\",\"target\":[\"https:\\\/\\\/www.bbmnoticias.com\\\/labravaradiofm\\\/2024\\\/11\\\/12\\\/gobierno-estrena-plataforma-para-ayudar-en-el-combate-a-la-inseguridad\\\/\"]}]},{\"@type\":\"ImageObject\",\"inLanguage\":\"es\",\"@id\":\"https:\\\/\\\/www.bbmnoticias.com\\\/labravaradiofm\\\/2024\\\/11\\\/12\\\/gobierno-estrena-plataforma-para-ayudar-en-el-combate-a-la-inseguridad\\\/#primaryimage\",\"url\":\"https:\\\/\\\/www.bbmnoticias.com\\\/labravaradiofm\\\/wp-content\\\/uploads\\\/sites\\\/5\\\/2024\\\/11\\\/plataforma-gobierno-sheinbaum-seguridad.webp\",\"contentUrl\":\"https:\\\/\\\/www.bbmnoticias.com\\\/labravaradiofm\\\/wp-content\\\/uploads\\\/sites\\\/5\\\/2024\\\/11\\\/plataforma-gobierno-sheinbaum-seguridad.webp\",\"width\":1536,\"height\":1024},{\"@type\":\"BreadcrumbList\",\"@id\":\"https:\\\/\\\/www.bbmnoticias.com\\\/labravaradiofm\\\/2024\\\/11\\\/12\\\/gobierno-estrena-plataforma-para-ayudar-en-el-combate-a-la-inseguridad\\\/#breadcrumb\",\"itemListElement\":[{\"@type\":\"ListItem\",\"position\":1,\"name\":\"Inicio\",\"item\":\"https:\\\/\\\/www.bbmnoticias.com\\\/labravaradiofm\\\/\"},{\"@type\":\"ListItem\",\"position\":2,\"name\":\"Gobierno &#8216;estrena&#8217; plataforma para ayudar en el combate a la inseguridad\"}]},{\"@type\":\"WebSite\",\"@id\":\"https:\\\/\\\/www.bbmnoticias.com\\\/labravaradiofm\\\/#website\",\"url\":\"https:\\\/\\\/www.bbmnoticias.com\\\/labravaradiofm\\\/\",\"name\":\"LA BRAVA RADIO\",\"description\":\"Empresa productora de medios, Radiodifusi\u00f3n, Noticias, tendencias y todo lo que necesitas saber de la pol\u00edtica mexicana e internacional; entretenimiento, espect\u00e1culos, salud y mucho m\u00e1s.\",\"potentialAction\":[{\"@type\":\"SearchAction\",\"target\":{\"@type\":\"EntryPoint\",\"urlTemplate\":\"https:\\\/\\\/www.bbmnoticias.com\\\/labravaradiofm\\\/?s={search_term_string}\"},\"query-input\":{\"@type\":\"PropertyValueSpecification\",\"valueRequired\":true,\"valueName\":\"search_term_string\"}}],\"inLanguage\":\"es\"},{\"@type\":\"Person\",\"@id\":\"https:\\\/\\\/www.bbmnoticias.com\\\/labravaradiofm\\\/#\\\/schema\\\/person\\\/000bdaf0a8fb5bff0d537c4d0778e33f\",\"name\":\"Agencias\",\"image\":{\"@type\":\"ImageObject\",\"inLanguage\":\"es\",\"@id\":\"https:\\\/\\\/secure.gravatar.com\\\/avatar\\\/739e0b61adf9e398b425c36718c8752286da0e8cd90f20ce9a86678abc26aa0d?s=96&d=mm&r=g\",\"url\":\"https:\\\/\\\/secure.gravatar.com\\\/avatar\\\/739e0b61adf9e398b425c36718c8752286da0e8cd90f20ce9a86678abc26aa0d?s=96&d=mm&r=g\",\"contentUrl\":\"https:\\\/\\\/secure.gravatar.com\\\/avatar\\\/739e0b61adf9e398b425c36718c8752286da0e8cd90f20ce9a86678abc26aa0d?s=96&d=mm&r=g\",\"caption\":\"Agencias\"},\"url\":\"https:\\\/\\\/www.bbmnoticias.com\\\/labravaradiofm\\\/author\\\/agencias\\\/\"}]}<\/script>\n<!-- \/ Yoast SEO plugin. -->","yoast_head_json":{"title":"Gobierno 'estrena' plataforma para ayudar en el combate a la inseguridad - LA BRAVA RADIO","robots":{"index":"index","follow":"follow","max-snippet":"max-snippet:-1","max-image-preview":"max-image-preview:large","max-video-preview":"max-video-preview:-1"},"canonical":"https:\/\/www.bbmnoticias.com\/labravaradiofm\/2024\/11\/12\/gobierno-estrena-plataforma-para-ayudar-en-el-combate-a-la-inseguridad\/","og_locale":"es_MX","og_type":"article","og_title":"Gobierno 'estrena' plataforma para ayudar en el combate a la inseguridad - LA BRAVA RADIO","og_description":"La presidenta de M\u00e9xico, Claudia Sheinbaum Pardo, revel\u00f3\u00a0una nueva plataforma desarrollada por la Agencia Digital de Transformaci\u00f3n Digital y\u00a0Telecomunicaciones, en el cual se dar\u00e1 seguimiento a delitos de alto impacto que se cometan en el pa\u00eds, como homicidios. \u201cCualquier plataforma de informaci\u00f3n tiene que tener las fuentes de informaci\u00f3n con las que cuenta el Secretariado, [&hellip;]","og_url":"https:\/\/www.bbmnoticias.com\/labravaradiofm\/2024\/11\/12\/gobierno-estrena-plataforma-para-ayudar-en-el-combate-a-la-inseguridad\/","og_site_name":"LA BRAVA RADIO","article_published_time":"2024-11-12T15:08:37+00:00","article_modified_time":"2024-11-12T15:08:41+00:00","og_image":[{"width":1536,"height":1024,"url":"https:\/\/www.bbmnoticias.com\/labravaradiofm\/wp-content\/uploads\/sites\/5\/2024\/11\/plataforma-gobierno-sheinbaum-seguridad.webp","type":"image\/webp"}],"author":"Agencias","twitter_card":"summary_large_image","twitter_misc":{"Escrito por":"Agencias","Tiempo de lectura":"2 minutos"},"schema":{"@context":"https:\/\/schema.org","@graph":[{"@type":"Article","@id":"https:\/\/www.bbmnoticias.com\/labravaradiofm\/2024\/11\/12\/gobierno-estrena-plataforma-para-ayudar-en-el-combate-a-la-inseguridad\/#article","isPartOf":{"@id":"https:\/\/www.bbmnoticias.com\/labravaradiofm\/2024\/11\/12\/gobierno-estrena-plataforma-para-ayudar-en-el-combate-a-la-inseguridad\/"},"author":{"name":"Agencias","@id":"https:\/\/www.bbmnoticias.com\/labravaradiofm\/#\/schema\/person\/000bdaf0a8fb5bff0d537c4d0778e33f"},"headline":"Gobierno &#8216;estrena&#8217; plataforma para ayudar en el combate a la inseguridad","datePublished":"2024-11-12T15:08:37+00:00","dateModified":"2024-11-12T15:08:41+00:00","mainEntityOfPage":{"@id":"https:\/\/www.bbmnoticias.com\/labravaradiofm\/2024\/11\/12\/gobierno-estrena-plataforma-para-ayudar-en-el-combate-a-la-inseguridad\/"},"wordCount":287,"image":{"@id":"https:\/\/www.bbmnoticias.com\/labravaradiofm\/2024\/11\/12\/gobierno-estrena-plataforma-para-ayudar-en-el-combate-a-la-inseguridad\/#primaryimage"},"thumbnailUrl":"https:\/\/www.bbmnoticias.com\/labravaradiofm\/wp-content\/uploads\/sites\/5\/2024\/11\/plataforma-gobierno-sheinbaum-seguridad.webp","articleSection":["NACIONAL"],"inLanguage":"es"},{"@type":"WebPage","@id":"https:\/\/www.bbmnoticias.com\/labravaradiofm\/2024\/11\/12\/gobierno-estrena-plataforma-para-ayudar-en-el-combate-a-la-inseguridad\/","url":"https:\/\/www.bbmnoticias.com\/labravaradiofm\/2024\/11\/12\/gobierno-estrena-plataforma-para-ayudar-en-el-combate-a-la-inseguridad\/","name":"Gobierno 'estrena' plataforma para ayudar en el combate a la inseguridad - LA BRAVA RADIO","isPartOf":{"@id":"https:\/\/www.bbmnoticias.com\/labravaradiofm\/#website"},"primaryImageOfPage":{"@id":"https:\/\/www.bbmnoticias.com\/labravaradiofm\/2024\/11\/12\/gobierno-estrena-plataforma-para-ayudar-en-el-combate-a-la-inseguridad\/#primaryimage"},"image":{"@id":"https:\/\/www.bbmnoticias.com\/labravaradiofm\/2024\/11\/12\/gobierno-estrena-plataforma-para-ayudar-en-el-combate-a-la-inseguridad\/#primaryimage"},"thumbnailUrl":"https:\/\/www.bbmnoticias.com\/labravaradiofm\/wp-content\/uploads\/sites\/5\/2024\/11\/plataforma-gobierno-sheinbaum-seguridad.webp","datePublished":"2024-11-12T15:08:37+00:00","dateModified":"2024-11-12T15:08:41+00:00","author":{"@id":"https:\/\/www.bbmnoticias.com\/labravaradiofm\/#\/schema\/person\/000bdaf0a8fb5bff0d537c4d0778e33f"},"breadcrumb":{"@id":"https:\/\/www.bbmnoticias.com\/labravaradiofm\/2024\/11\/12\/gobierno-estrena-plataforma-para-ayudar-en-el-combate-a-la-inseguridad\/#breadcrumb"},"inLanguage":"es","potentialAction":[{"@type":"ReadAction","target":["https:\/\/www.bbmnoticias.com\/labravaradiofm\/2024\/11\/12\/gobierno-estrena-plataforma-para-ayudar-en-el-combate-a-la-inseguridad\/"]}]},{"@type":"ImageObject","inLanguage":"es","@id":"https:\/\/www.bbmnoticias.com\/labravaradiofm\/2024\/11\/12\/gobierno-estrena-plataforma-para-ayudar-en-el-combate-a-la-inseguridad\/#primaryimage","url":"https:\/\/www.bbmnoticias.com\/labravaradiofm\/wp-content\/uploads\/sites\/5\/2024\/11\/plataforma-gobierno-sheinbaum-seguridad.webp","contentUrl":"https:\/\/www.bbmnoticias.com\/labravaradiofm\/wp-content\/uploads\/sites\/5\/2024\/11\/plataforma-gobierno-sheinbaum-seguridad.webp","width":1536,"height":1024},{"@type":"BreadcrumbList","@id":"https:\/\/www.bbmnoticias.com\/labravaradiofm\/2024\/11\/12\/gobierno-estrena-plataforma-para-ayudar-en-el-combate-a-la-inseguridad\/#breadcrumb","itemListElement":[{"@type":"ListItem","position":1,"name":"Inicio","item":"https:\/\/www.bbmnoticias.com\/labravaradiofm\/"},{"@type":"ListItem","position":2,"name":"Gobierno &#8216;estrena&#8217; plataforma para ayudar en el combate a la inseguridad"}]},{"@type":"WebSite","@id":"https:\/\/www.bbmnoticias.com\/labravaradiofm\/#website","url":"https:\/\/www.bbmnoticias.com\/labravaradiofm\/","name":"LA BRAVA RADIO","description":"Empresa productora de medios, Radiodifusi\u00f3n, Noticias, tendencias y todo lo que necesitas saber de la pol\u00edtica mexicana e internacional; entretenimiento, espect\u00e1culos, salud y mucho m\u00e1s.","potentialAction":[{"@type":"SearchAction","target":{"@type":"EntryPoint","urlTemplate":"https:\/\/www.bbmnoticias.com\/labravaradiofm\/?s={search_term_string}"},"query-input":{"@type":"PropertyValueSpecification","valueRequired":true,"valueName":"search_term_string"}}],"inLanguage":"es"},{"@type":"Person","@id":"https:\/\/www.bbmnoticias.com\/labravaradiofm\/#\/schema\/person\/000bdaf0a8fb5bff0d537c4d0778e33f","name":"Agencias","image":{"@type":"ImageObject","inLanguage":"es","@id":"https:\/\/secure.gravatar.com\/avatar\/739e0b61adf9e398b425c36718c8752286da0e8cd90f20ce9a86678abc26aa0d?s=96&d=mm&r=g","url":"https:\/\/secure.gravatar.com\/avatar\/739e0b61adf9e398b425c36718c8752286da0e8cd90f20ce9a86678abc26aa0d?s=96&d=mm&r=g","contentUrl":"https:\/\/secure.gravatar.com\/avatar\/739e0b61adf9e398b425c36718c8752286da0e8cd90f20ce9a86678abc26aa0d?s=96&d=mm&r=g","caption":"Agencias"},"url":"https:\/\/www.bbmnoticias.com\/labravaradiofm\/author\/agencias\/"}]}},"_links":{"self":[{"href":"https:\/\/www.bbmnoticias.com\/labravaradiofm\/wp-json\/wp\/v2\/posts\/49901","targetHints":{"allow":["GET"]}}],"collection":[{"href":"https:\/\/www.bbmnoticias.com\/labravaradiofm\/wp-json\/wp\/v2\/posts"}],"about":[{"href":"https:\/\/www.bbmnoticias.com\/labravaradiofm\/wp-json\/wp\/v2\/types\/post"}],"author":[{"embeddable":true,"href":"https:\/\/www.bbmnoticias.com\/labravaradiofm\/wp-json\/wp\/v2\/users\/4"}],"replies":[{"embeddable":true,"href":"https:\/\/www.bbmnoticias.com\/labravaradiofm\/wp-json\/wp\/v2\/comments?post=49901"}],"version-history":[{"count":0,"href":"https:\/\/www.bbmnoticias.com\/labravaradiofm\/wp-json\/wp\/v2\/posts\/49901\/revisions"}],"wp:featuredmedia":[{"embeddable":true,"href":"https:\/\/www.bbmnoticias.com\/labravaradiofm\/wp-json\/wp\/v2\/media\/49902"}],"wp:attachment":[{"href":"https:\/\/www.bbmnoticias.com\/labravaradiofm\/wp-json\/wp\/v2\/media?parent=49901"}],"wp:term":[{"taxonomy":"category","embeddable":true,"href":"https:\/\/www.bbmnoticias.com\/labravaradiofm\/wp-json\/wp\/v2\/categories?post=49901"},{"taxonomy":"post_tag","embeddable":true,"href":"https:\/\/www.bbmnoticias.com\/labravaradiofm\/wp-json\/wp\/v2\/tags?post=49901"}],"curies":[{"name":"wp","href":"https:\/\/api.w.org\/{rel}","templated":true}]}}