{"id":49895,"date":"2024-11-12T08:54:52","date_gmt":"2024-11-12T14:54:52","guid":{"rendered":"https:\/\/www.bbmnoticias.com\/labravaradiofm\/?p=49895"},"modified":"2024-11-12T08:54:57","modified_gmt":"2024-11-12T14:54:57","slug":"acusan-despidos-injustificados-en-oficinas-del-corredor-interoceanico-en-coatzacoalcos","status":"publish","type":"post","link":"https:\/\/www.bbmnoticias.com\/labravaradiofm\/2024\/11\/12\/acusan-despidos-injustificados-en-oficinas-del-corredor-interoceanico-en-coatzacoalcos\/","title":{"rendered":"Acusan despidos injustificados en oficinas del Corredor Interoce\u00e1nico en Coatzacoalcos"},"content":{"rendered":"<div style=\"margin-top: 0px; margin-bottom: 0px;\" class=\"sharethis-inline-share-buttons\" ><\/div>\n<p>Sin decirles &#8220;agua, va&#8221;, un grupo de trabajadores de las oficinas centrales del <strong>Corredor Interoce\u00e1nico del Istmo de Tehuantepec, en Coatzacoalcos, fueron despedidos de manera injustificada.<\/strong><\/p>\n\n\n\n<p><strong>Y es que este lunes al llegar a las oficinas ubicadas en la esquina de Corregidora y Lerdo<\/strong>, el personal de vigilancia les neg\u00f3 el acceso, ya que sus nombres dejaron de aparecer en el sistema, lo que tom\u00f3 por sorpresa a los bur\u00f3cratas, ya que no fueron notificados por el \u00e1rea de <strong>Recurso Humanos<\/strong>.&nbsp;<\/p>\n\n\n\n<figure class=\"wp-block-pullquote\"><blockquote><p>&#8220;Realmente estoy desconcertada, porque yo viajo desde Las Choapas para mi trabajo, que est\u00e1 ac\u00e1 atr\u00e1s, que es el <strong>corredor interoce\u00e1nico<\/strong>, llegu\u00e9 ac\u00e1 a la puerta y el vigilante me indica que no me puede dejar pasar, porque tiene indicaciones de los superiores de ya no dejarnos pasar&#8221;, explicaron los trabajadores.<\/p><\/blockquote><\/figure>\n\n\n\n<p>Los trabajadores expusieron que<strong> hay quienes llevan laborando alrededor de tres a\u00f1os en las oficinas centrales del CIIT<\/strong>, por lo que se les hacer sorprendente que ni siquiera les notificaron de sus ceses.&nbsp;<\/p>\n\n\n\n<figure class=\"wp-block-pullquote\"><blockquote><p>&#8220;Estoy en shock, pero al final ya se viv\u00eda ah\u00ed un ambiente tenso o de hostigamiento, pero no se nos notific\u00f3 nada, solamente llegamos y nos dijeron que ya no pod\u00edamos pasar y que nos van a dar fecha para cuando puedas venir&#8221;, comentaron.<\/p><\/blockquote><\/figure>\n\n\n\n<p>Y aunque solicitaron a Recursos Humanos que les brindara una explicaci\u00f3n, <strong>el personal de RH, les coment\u00f3 que tampoco les hab\u00edan notificado.<\/strong><\/p>\n\n\n\n<figure class=\"wp-block-pullquote\"><blockquote><p>&#8220;Ahorita sali\u00f3 el personal de RH y nos dijeron que tambi\u00e9n los tom\u00f3 por sorpresa, que tampoco sab\u00edan, y estamos viendo que pas\u00f3. Tenia 3 a\u00f1os de estar laborando, no nos dijeron nada, ni un papel, yo soy asistente t\u00e9cnico, de subdirector de operaciones&#8221;, detallaron.<\/p><\/blockquote><\/figure>\n\n\n\n<p>Los ex trabajadores explicaron que a menudo se les requer\u00eda trabajar horas extras sin remuneraci\u00f3n y realizar tareas fuera de sus responsabilidades. <strong>Ante esta situaci\u00f3n, se\u00f1alaron que planean presentar una denuncia formal ante la Junta de Conciliaci\u00f3n y Arbitraje para exigir una explicaci\u00f3n y la defensa de sus derechos<\/strong>, mientras esperan una respuesta oficial de Recursos Humanos del FIT que aclare las causas de sus despidos.<\/p>\n","protected":false},"excerpt":{"rendered":"<p>Sin decirles &#8220;agua, va&#8221;, un grupo de trabajadores de las oficinas centrales del Corredor Interoce\u00e1nico del Istmo de Tehuantepec, en Coatzacoalcos, fueron despedidos de manera injustificada. Y es que este lunes al llegar a las oficinas ubicadas en la esquina de Corregidora y Lerdo, el personal de vigilancia les neg\u00f3 el acceso, ya que sus [&hellip;]<\/p>\n","protected":false},"author":4,"featured_media":49896,"comment_status":"closed","ping_status":"closed","sticky":false,"template":"","format":"standard","meta":{"footnotes":""},"categories":[1025,19],"tags":[],"class_list":{"0":"post-49895","1":"post","2":"type-post","3":"status-publish","4":"format-standard","5":"has-post-thumbnail","7":"category-destacado","8":"category-nacional"},"yoast_head":"<!-- This site is optimized with the Yoast SEO plugin v27.4 - https:\/\/yoast.com\/product\/yoast-seo-wordpress\/ -->\n<title>Acusan despidos injustificados en oficinas del Corredor Interoce\u00e1nico en Coatzacoalcos - LA BRAVA RADIO<\/title>\n<meta name=\"robots\" content=\"index, follow, max-snippet:-1, max-image-preview:large, max-video-preview:-1\" \/>\n<link rel=\"canonical\" href=\"https:\/\/www.bbmnoticias.com\/labravaradiofm\/2024\/11\/12\/acusan-despidos-injustificados-en-oficinas-del-corredor-interoceanico-en-coatzacoalcos\/\" \/>\n<meta property=\"og:locale\" content=\"es_MX\" \/>\n<meta property=\"og:type\" content=\"article\" \/>\n<meta property=\"og:title\" content=\"Acusan despidos injustificados en oficinas del Corredor Interoce\u00e1nico en Coatzacoalcos - LA BRAVA RADIO\" \/>\n<meta property=\"og:description\" content=\"Sin decirles &#8220;agua, va&#8221;, un grupo de trabajadores de las oficinas centrales del Corredor Interoce\u00e1nico del Istmo de Tehuantepec, en Coatzacoalcos, fueron despedidos de manera injustificada. Y es que este lunes al llegar a las oficinas ubicadas en la esquina de Corregidora y Lerdo, el personal de vigilancia les neg\u00f3 el acceso, ya que sus [&hellip;]\" \/>\n<meta property=\"og:url\" content=\"https:\/\/www.bbmnoticias.com\/labravaradiofm\/2024\/11\/12\/acusan-despidos-injustificados-en-oficinas-del-corredor-interoceanico-en-coatzacoalcos\/\" \/>\n<meta property=\"og:site_name\" content=\"LA BRAVA RADIO\" \/>\n<meta property=\"article:published_time\" content=\"2024-11-12T14:54:52+00:00\" \/>\n<meta property=\"article:modified_time\" content=\"2024-11-12T14:54:57+00:00\" \/>\n<meta property=\"og:image\" content=\"https:\/\/www.bbmnoticias.com\/labravaradiofm\/wp-content\/uploads\/sites\/5\/2024\/11\/corredor-interoceanico.jpg\" \/>\n\t<meta property=\"og:image:width\" content=\"800\" \/>\n\t<meta property=\"og:image:height\" content=\"495\" \/>\n\t<meta property=\"og:image:type\" content=\"image\/jpeg\" \/>\n<meta name=\"author\" content=\"Agencias\" \/>\n<meta name=\"twitter:card\" content=\"summary_large_image\" \/>\n<meta name=\"twitter:label1\" content=\"Escrito por\" \/>\n\t<meta name=\"twitter:data1\" content=\"Agencias\" \/>\n\t<meta name=\"twitter:label2\" content=\"Tiempo de lectura\" \/>\n\t<meta name=\"twitter:data2\" content=\"2 minutos\" \/>\n<script type=\"application\/ld+json\" class=\"yoast-schema-graph\">{\"@context\":\"https:\\\/\\\/schema.org\",\"@graph\":[{\"@type\":\"Article\",\"@id\":\"https:\\\/\\\/www.bbmnoticias.com\\\/labravaradiofm\\\/2024\\\/11\\\/12\\\/acusan-despidos-injustificados-en-oficinas-del-corredor-interoceanico-en-coatzacoalcos\\\/#article\",\"isPartOf\":{\"@id\":\"https:\\\/\\\/www.bbmnoticias.com\\\/labravaradiofm\\\/2024\\\/11\\\/12\\\/acusan-despidos-injustificados-en-oficinas-del-corredor-interoceanico-en-coatzacoalcos\\\/\"},\"author\":{\"name\":\"Agencias\",\"@id\":\"https:\\\/\\\/www.bbmnoticias.com\\\/labravaradiofm\\\/#\\\/schema\\\/person\\\/000bdaf0a8fb5bff0d537c4d0778e33f\"},\"headline\":\"Acusan despidos injustificados en oficinas del Corredor Interoce\u00e1nico en Coatzacoalcos\",\"datePublished\":\"2024-11-12T14:54:52+00:00\",\"dateModified\":\"2024-11-12T14:54:57+00:00\",\"mainEntityOfPage\":{\"@id\":\"https:\\\/\\\/www.bbmnoticias.com\\\/labravaradiofm\\\/2024\\\/11\\\/12\\\/acusan-despidos-injustificados-en-oficinas-del-corredor-interoceanico-en-coatzacoalcos\\\/\"},\"wordCount\":373,\"image\":{\"@id\":\"https:\\\/\\\/www.bbmnoticias.com\\\/labravaradiofm\\\/2024\\\/11\\\/12\\\/acusan-despidos-injustificados-en-oficinas-del-corredor-interoceanico-en-coatzacoalcos\\\/#primaryimage\"},\"thumbnailUrl\":\"https:\\\/\\\/www.bbmnoticias.com\\\/labravaradiofm\\\/wp-content\\\/uploads\\\/sites\\\/5\\\/2024\\\/11\\\/corredor-interoceanico.jpg\",\"articleSection\":[\"DESTACADO\",\"NACIONAL\"],\"inLanguage\":\"es\"},{\"@type\":\"WebPage\",\"@id\":\"https:\\\/\\\/www.bbmnoticias.com\\\/labravaradiofm\\\/2024\\\/11\\\/12\\\/acusan-despidos-injustificados-en-oficinas-del-corredor-interoceanico-en-coatzacoalcos\\\/\",\"url\":\"https:\\\/\\\/www.bbmnoticias.com\\\/labravaradiofm\\\/2024\\\/11\\\/12\\\/acusan-despidos-injustificados-en-oficinas-del-corredor-interoceanico-en-coatzacoalcos\\\/\",\"name\":\"Acusan despidos injustificados en oficinas del Corredor Interoce\u00e1nico en Coatzacoalcos - LA BRAVA RADIO\",\"isPartOf\":{\"@id\":\"https:\\\/\\\/www.bbmnoticias.com\\\/labravaradiofm\\\/#website\"},\"primaryImageOfPage\":{\"@id\":\"https:\\\/\\\/www.bbmnoticias.com\\\/labravaradiofm\\\/2024\\\/11\\\/12\\\/acusan-despidos-injustificados-en-oficinas-del-corredor-interoceanico-en-coatzacoalcos\\\/#primaryimage\"},\"image\":{\"@id\":\"https:\\\/\\\/www.bbmnoticias.com\\\/labravaradiofm\\\/2024\\\/11\\\/12\\\/acusan-despidos-injustificados-en-oficinas-del-corredor-interoceanico-en-coatzacoalcos\\\/#primaryimage\"},\"thumbnailUrl\":\"https:\\\/\\\/www.bbmnoticias.com\\\/labravaradiofm\\\/wp-content\\\/uploads\\\/sites\\\/5\\\/2024\\\/11\\\/corredor-interoceanico.jpg\",\"datePublished\":\"2024-11-12T14:54:52+00:00\",\"dateModified\":\"2024-11-12T14:54:57+00:00\",\"author\":{\"@id\":\"https:\\\/\\\/www.bbmnoticias.com\\\/labravaradiofm\\\/#\\\/schema\\\/person\\\/000bdaf0a8fb5bff0d537c4d0778e33f\"},\"breadcrumb\":{\"@id\":\"https:\\\/\\\/www.bbmnoticias.com\\\/labravaradiofm\\\/2024\\\/11\\\/12\\\/acusan-despidos-injustificados-en-oficinas-del-corredor-interoceanico-en-coatzacoalcos\\\/#breadcrumb\"},\"inLanguage\":\"es\",\"potentialAction\":[{\"@type\":\"ReadAction\",\"target\":[\"https:\\\/\\\/www.bbmnoticias.com\\\/labravaradiofm\\\/2024\\\/11\\\/12\\\/acusan-despidos-injustificados-en-oficinas-del-corredor-interoceanico-en-coatzacoalcos\\\/\"]}]},{\"@type\":\"ImageObject\",\"inLanguage\":\"es\",\"@id\":\"https:\\\/\\\/www.bbmnoticias.com\\\/labravaradiofm\\\/2024\\\/11\\\/12\\\/acusan-despidos-injustificados-en-oficinas-del-corredor-interoceanico-en-coatzacoalcos\\\/#primaryimage\",\"url\":\"https:\\\/\\\/www.bbmnoticias.com\\\/labravaradiofm\\\/wp-content\\\/uploads\\\/sites\\\/5\\\/2024\\\/11\\\/corredor-interoceanico.jpg\",\"contentUrl\":\"https:\\\/\\\/www.bbmnoticias.com\\\/labravaradiofm\\\/wp-content\\\/uploads\\\/sites\\\/5\\\/2024\\\/11\\\/corredor-interoceanico.jpg\",\"width\":800,\"height\":495},{\"@type\":\"BreadcrumbList\",\"@id\":\"https:\\\/\\\/www.bbmnoticias.com\\\/labravaradiofm\\\/2024\\\/11\\\/12\\\/acusan-despidos-injustificados-en-oficinas-del-corredor-interoceanico-en-coatzacoalcos\\\/#breadcrumb\",\"itemListElement\":[{\"@type\":\"ListItem\",\"position\":1,\"name\":\"Inicio\",\"item\":\"https:\\\/\\\/www.bbmnoticias.com\\\/labravaradiofm\\\/\"},{\"@type\":\"ListItem\",\"position\":2,\"name\":\"Acusan despidos injustificados en oficinas del Corredor Interoce\u00e1nico en Coatzacoalcos\"}]},{\"@type\":\"WebSite\",\"@id\":\"https:\\\/\\\/www.bbmnoticias.com\\\/labravaradiofm\\\/#website\",\"url\":\"https:\\\/\\\/www.bbmnoticias.com\\\/labravaradiofm\\\/\",\"name\":\"LA BRAVA RADIO\",\"description\":\"Empresa productora de medios, Radiodifusi\u00f3n, Noticias, tendencias y todo lo que necesitas saber de la pol\u00edtica mexicana e internacional; entretenimiento, espect\u00e1culos, salud y mucho m\u00e1s.\",\"potentialAction\":[{\"@type\":\"SearchAction\",\"target\":{\"@type\":\"EntryPoint\",\"urlTemplate\":\"https:\\\/\\\/www.bbmnoticias.com\\\/labravaradiofm\\\/?s={search_term_string}\"},\"query-input\":{\"@type\":\"PropertyValueSpecification\",\"valueRequired\":true,\"valueName\":\"search_term_string\"}}],\"inLanguage\":\"es\"},{\"@type\":\"Person\",\"@id\":\"https:\\\/\\\/www.bbmnoticias.com\\\/labravaradiofm\\\/#\\\/schema\\\/person\\\/000bdaf0a8fb5bff0d537c4d0778e33f\",\"name\":\"Agencias\",\"image\":{\"@type\":\"ImageObject\",\"inLanguage\":\"es\",\"@id\":\"https:\\\/\\\/secure.gravatar.com\\\/avatar\\\/739e0b61adf9e398b425c36718c8752286da0e8cd90f20ce9a86678abc26aa0d?s=96&d=mm&r=g\",\"url\":\"https:\\\/\\\/secure.gravatar.com\\\/avatar\\\/739e0b61adf9e398b425c36718c8752286da0e8cd90f20ce9a86678abc26aa0d?s=96&d=mm&r=g\",\"contentUrl\":\"https:\\\/\\\/secure.gravatar.com\\\/avatar\\\/739e0b61adf9e398b425c36718c8752286da0e8cd90f20ce9a86678abc26aa0d?s=96&d=mm&r=g\",\"caption\":\"Agencias\"},\"url\":\"https:\\\/\\\/www.bbmnoticias.com\\\/labravaradiofm\\\/author\\\/agencias\\\/\"}]}<\/script>\n<!-- \/ Yoast SEO plugin. -->","yoast_head_json":{"title":"Acusan despidos injustificados en oficinas del Corredor Interoce\u00e1nico en Coatzacoalcos - LA BRAVA RADIO","robots":{"index":"index","follow":"follow","max-snippet":"max-snippet:-1","max-image-preview":"max-image-preview:large","max-video-preview":"max-video-preview:-1"},"canonical":"https:\/\/www.bbmnoticias.com\/labravaradiofm\/2024\/11\/12\/acusan-despidos-injustificados-en-oficinas-del-corredor-interoceanico-en-coatzacoalcos\/","og_locale":"es_MX","og_type":"article","og_title":"Acusan despidos injustificados en oficinas del Corredor Interoce\u00e1nico en Coatzacoalcos - LA BRAVA RADIO","og_description":"Sin decirles &#8220;agua, va&#8221;, un grupo de trabajadores de las oficinas centrales del Corredor Interoce\u00e1nico del Istmo de Tehuantepec, en Coatzacoalcos, fueron despedidos de manera injustificada. Y es que este lunes al llegar a las oficinas ubicadas en la esquina de Corregidora y Lerdo, el personal de vigilancia les neg\u00f3 el acceso, ya que sus [&hellip;]","og_url":"https:\/\/www.bbmnoticias.com\/labravaradiofm\/2024\/11\/12\/acusan-despidos-injustificados-en-oficinas-del-corredor-interoceanico-en-coatzacoalcos\/","og_site_name":"LA BRAVA RADIO","article_published_time":"2024-11-12T14:54:52+00:00","article_modified_time":"2024-11-12T14:54:57+00:00","og_image":[{"width":800,"height":495,"url":"https:\/\/www.bbmnoticias.com\/labravaradiofm\/wp-content\/uploads\/sites\/5\/2024\/11\/corredor-interoceanico.jpg","type":"image\/jpeg"}],"author":"Agencias","twitter_card":"summary_large_image","twitter_misc":{"Escrito por":"Agencias","Tiempo de lectura":"2 minutos"},"schema":{"@context":"https:\/\/schema.org","@graph":[{"@type":"Article","@id":"https:\/\/www.bbmnoticias.com\/labravaradiofm\/2024\/11\/12\/acusan-despidos-injustificados-en-oficinas-del-corredor-interoceanico-en-coatzacoalcos\/#article","isPartOf":{"@id":"https:\/\/www.bbmnoticias.com\/labravaradiofm\/2024\/11\/12\/acusan-despidos-injustificados-en-oficinas-del-corredor-interoceanico-en-coatzacoalcos\/"},"author":{"name":"Agencias","@id":"https:\/\/www.bbmnoticias.com\/labravaradiofm\/#\/schema\/person\/000bdaf0a8fb5bff0d537c4d0778e33f"},"headline":"Acusan despidos injustificados en oficinas del Corredor Interoce\u00e1nico en Coatzacoalcos","datePublished":"2024-11-12T14:54:52+00:00","dateModified":"2024-11-12T14:54:57+00:00","mainEntityOfPage":{"@id":"https:\/\/www.bbmnoticias.com\/labravaradiofm\/2024\/11\/12\/acusan-despidos-injustificados-en-oficinas-del-corredor-interoceanico-en-coatzacoalcos\/"},"wordCount":373,"image":{"@id":"https:\/\/www.bbmnoticias.com\/labravaradiofm\/2024\/11\/12\/acusan-despidos-injustificados-en-oficinas-del-corredor-interoceanico-en-coatzacoalcos\/#primaryimage"},"thumbnailUrl":"https:\/\/www.bbmnoticias.com\/labravaradiofm\/wp-content\/uploads\/sites\/5\/2024\/11\/corredor-interoceanico.jpg","articleSection":["DESTACADO","NACIONAL"],"inLanguage":"es"},{"@type":"WebPage","@id":"https:\/\/www.bbmnoticias.com\/labravaradiofm\/2024\/11\/12\/acusan-despidos-injustificados-en-oficinas-del-corredor-interoceanico-en-coatzacoalcos\/","url":"https:\/\/www.bbmnoticias.com\/labravaradiofm\/2024\/11\/12\/acusan-despidos-injustificados-en-oficinas-del-corredor-interoceanico-en-coatzacoalcos\/","name":"Acusan despidos injustificados en oficinas del Corredor Interoce\u00e1nico en Coatzacoalcos - LA BRAVA RADIO","isPartOf":{"@id":"https:\/\/www.bbmnoticias.com\/labravaradiofm\/#website"},"primaryImageOfPage":{"@id":"https:\/\/www.bbmnoticias.com\/labravaradiofm\/2024\/11\/12\/acusan-despidos-injustificados-en-oficinas-del-corredor-interoceanico-en-coatzacoalcos\/#primaryimage"},"image":{"@id":"https:\/\/www.bbmnoticias.com\/labravaradiofm\/2024\/11\/12\/acusan-despidos-injustificados-en-oficinas-del-corredor-interoceanico-en-coatzacoalcos\/#primaryimage"},"thumbnailUrl":"https:\/\/www.bbmnoticias.com\/labravaradiofm\/wp-content\/uploads\/sites\/5\/2024\/11\/corredor-interoceanico.jpg","datePublished":"2024-11-12T14:54:52+00:00","dateModified":"2024-11-12T14:54:57+00:00","author":{"@id":"https:\/\/www.bbmnoticias.com\/labravaradiofm\/#\/schema\/person\/000bdaf0a8fb5bff0d537c4d0778e33f"},"breadcrumb":{"@id":"https:\/\/www.bbmnoticias.com\/labravaradiofm\/2024\/11\/12\/acusan-despidos-injustificados-en-oficinas-del-corredor-interoceanico-en-coatzacoalcos\/#breadcrumb"},"inLanguage":"es","potentialAction":[{"@type":"ReadAction","target":["https:\/\/www.bbmnoticias.com\/labravaradiofm\/2024\/11\/12\/acusan-despidos-injustificados-en-oficinas-del-corredor-interoceanico-en-coatzacoalcos\/"]}]},{"@type":"ImageObject","inLanguage":"es","@id":"https:\/\/www.bbmnoticias.com\/labravaradiofm\/2024\/11\/12\/acusan-despidos-injustificados-en-oficinas-del-corredor-interoceanico-en-coatzacoalcos\/#primaryimage","url":"https:\/\/www.bbmnoticias.com\/labravaradiofm\/wp-content\/uploads\/sites\/5\/2024\/11\/corredor-interoceanico.jpg","contentUrl":"https:\/\/www.bbmnoticias.com\/labravaradiofm\/wp-content\/uploads\/sites\/5\/2024\/11\/corredor-interoceanico.jpg","width":800,"height":495},{"@type":"BreadcrumbList","@id":"https:\/\/www.bbmnoticias.com\/labravaradiofm\/2024\/11\/12\/acusan-despidos-injustificados-en-oficinas-del-corredor-interoceanico-en-coatzacoalcos\/#breadcrumb","itemListElement":[{"@type":"ListItem","position":1,"name":"Inicio","item":"https:\/\/www.bbmnoticias.com\/labravaradiofm\/"},{"@type":"ListItem","position":2,"name":"Acusan despidos injustificados en oficinas del Corredor Interoce\u00e1nico en Coatzacoalcos"}]},{"@type":"WebSite","@id":"https:\/\/www.bbmnoticias.com\/labravaradiofm\/#website","url":"https:\/\/www.bbmnoticias.com\/labravaradiofm\/","name":"LA BRAVA RADIO","description":"Empresa productora de medios, Radiodifusi\u00f3n, Noticias, tendencias y todo lo que necesitas saber de la pol\u00edtica mexicana e internacional; entretenimiento, espect\u00e1culos, salud y mucho m\u00e1s.","potentialAction":[{"@type":"SearchAction","target":{"@type":"EntryPoint","urlTemplate":"https:\/\/www.bbmnoticias.com\/labravaradiofm\/?s={search_term_string}"},"query-input":{"@type":"PropertyValueSpecification","valueRequired":true,"valueName":"search_term_string"}}],"inLanguage":"es"},{"@type":"Person","@id":"https:\/\/www.bbmnoticias.com\/labravaradiofm\/#\/schema\/person\/000bdaf0a8fb5bff0d537c4d0778e33f","name":"Agencias","image":{"@type":"ImageObject","inLanguage":"es","@id":"https:\/\/secure.gravatar.com\/avatar\/739e0b61adf9e398b425c36718c8752286da0e8cd90f20ce9a86678abc26aa0d?s=96&d=mm&r=g","url":"https:\/\/secure.gravatar.com\/avatar\/739e0b61adf9e398b425c36718c8752286da0e8cd90f20ce9a86678abc26aa0d?s=96&d=mm&r=g","contentUrl":"https:\/\/secure.gravatar.com\/avatar\/739e0b61adf9e398b425c36718c8752286da0e8cd90f20ce9a86678abc26aa0d?s=96&d=mm&r=g","caption":"Agencias"},"url":"https:\/\/www.bbmnoticias.com\/labravaradiofm\/author\/agencias\/"}]}},"_links":{"self":[{"href":"https:\/\/www.bbmnoticias.com\/labravaradiofm\/wp-json\/wp\/v2\/posts\/49895","targetHints":{"allow":["GET"]}}],"collection":[{"href":"https:\/\/www.bbmnoticias.com\/labravaradiofm\/wp-json\/wp\/v2\/posts"}],"about":[{"href":"https:\/\/www.bbmnoticias.com\/labravaradiofm\/wp-json\/wp\/v2\/types\/post"}],"author":[{"embeddable":true,"href":"https:\/\/www.bbmnoticias.com\/labravaradiofm\/wp-json\/wp\/v2\/users\/4"}],"replies":[{"embeddable":true,"href":"https:\/\/www.bbmnoticias.com\/labravaradiofm\/wp-json\/wp\/v2\/comments?post=49895"}],"version-history":[{"count":0,"href":"https:\/\/www.bbmnoticias.com\/labravaradiofm\/wp-json\/wp\/v2\/posts\/49895\/revisions"}],"wp:featuredmedia":[{"embeddable":true,"href":"https:\/\/www.bbmnoticias.com\/labravaradiofm\/wp-json\/wp\/v2\/media\/49896"}],"wp:attachment":[{"href":"https:\/\/www.bbmnoticias.com\/labravaradiofm\/wp-json\/wp\/v2\/media?parent=49895"}],"wp:term":[{"taxonomy":"category","embeddable":true,"href":"https:\/\/www.bbmnoticias.com\/labravaradiofm\/wp-json\/wp\/v2\/categories?post=49895"},{"taxonomy":"post_tag","embeddable":true,"href":"https:\/\/www.bbmnoticias.com\/labravaradiofm\/wp-json\/wp\/v2\/tags?post=49895"}],"curies":[{"name":"wp","href":"https:\/\/api.w.org\/{rel}","templated":true}]}}