{"id":4981,"date":"2021-11-05T08:36:38","date_gmt":"2021-11-05T14:36:38","guid":{"rendered":"https:\/\/www.bbmnoticias.com\/labravaradiofm\/?p=4981"},"modified":"2021-11-05T08:36:39","modified_gmt":"2021-11-05T14:36:39","slug":"de-cada-10-migrantes-rescatados-por-el-ejercito-2-son-ninos-y-jovenes","status":"publish","type":"post","link":"https:\/\/www.bbmnoticias.com\/labravaradiofm\/2021\/11\/05\/de-cada-10-migrantes-rescatados-por-el-ejercito-2-son-ninos-y-jovenes\/","title":{"rendered":"De cada 10 migrantes rescatados por el Ej\u00e9rcito, 2 son ni\u00f1os y j\u00f3venes"},"content":{"rendered":"<div style=\"margin-top: 0px; margin-bottom: 0px;\" class=\"sharethis-inline-share-buttons\" ><\/div>\n<p>En el \u00faltimo a\u00f1o, la Secretar\u00eda de la Defensa Nacional (Sedena) rescat\u00f3 a 90,165 migrantes en todo el pa\u00eds, de los cuales 15,341 eran menores de edad, es decir 2 de 10 eran ni\u00f1os y j\u00f3venes.<\/p>\n\n\n\n<h3 class=\"wp-block-heading\">Novedades BLM<\/h3>\n\n\n\n<p>El aseguramiento de los migrantes se ha dado como parte del Plan de Migraci\u00f3n y Desarrollo en la Frontera Norte y Sur, cuyo fin es contener el flujo ilegal de personas provenientes de Centro, Sudam\u00e9rica y el Caribe.<\/p>\n\n\n\n<p>Seg\u00fan informaci\u00f3n entregada por la secretar\u00eda encabezada por Luis Crescencio Sandoval, la dependencia rescat\u00f3 de septiembre de 2020 a junio de 2021 un total de 75,952 migrantes en cruces formales e informales sobre la franja fronteriza, rutas ferroviarias, estaciones migratorias de Campeche, Chiapas, Hidalgo, M\u00e9xico, Oaxaca, Puebla, Quintana Roo, Tabasco, Tlaxcala, Veracruz y Yucat\u00e1n.<\/p>\n\n\n\n<p>De estos 75,952 migrantes, 12,244 eran menores de edad y de ellos, 8,032 proced\u00edan de Nicaragua, El Salvador y Honduras; el resto era de Angola, Congo, Camer\u00fan, Nigeria, Ghana, Rep\u00fablica de Guinea, Congo, Kenia, Brasil, Chile, Ecuador, Estados Unidos y Rumania.<\/p>\n\n\n\n<p>De estos migrantes, 69% fueron rescatados en Chiapas, Tabasco, Veracruz, Oaxaca y Tlaxcala; el resto fue asegurado en Hidalgo, Estado de M\u00e9xico, Campeche, Yucat\u00e1n, Quintana Roo y Puebla.<\/p>\n\n\n\n<p>En la frontera norte fueron rescatados en diversos operativos 14,213 migrantes de diversas nacionalidades. De este total, 85% fueron encontrados en Sonora, Chihuahua, Coahuila, Nuevo Le\u00f3n, Tamaulipas y San Luis Potos\u00ed. El resto fue hallado en Baja California, Sinaloa, Durango y Veracruz.<\/p>\n\n\n\n<p>Del total, 22% eran menores de edad, que en su mayor\u00eda (2,715) eran de El Salvador, Guatemala y Honduras; el resto ten\u00edan nacionalidad brasile\u00f1a, chilena, cubana, ecuatoriana, peruana y venezolana.<\/p>\n\n\n\n<p>En total, han participado 13,663 uniformados en estos operativos, 33 aeronaves y 41 equipos no intrusivos integrados con equipo de rayos Gamma y rayos X.<\/p>\n\n\n\n<p>Hace dos semanas, una caravana migrante sali\u00f3 de Tapachula, Chiapas, hacia la Ciudad de M\u00e9xico para protestar por la tardanza en los tr\u00e1mites de regularizaci\u00f3n por parte de la Comisi\u00f3n Mexicana de Ayuda a Refugiados y el Instituto Nacional de Migraci\u00f3n.<\/p>\n","protected":false},"excerpt":{"rendered":"<p>En el \u00faltimo a\u00f1o, la Secretar\u00eda de la Defensa Nacional (Sedena) rescat\u00f3 a 90,165 migrantes en todo el pa\u00eds, de los cuales 15,341 eran menores de edad, es decir 2 de 10 eran ni\u00f1os y j\u00f3venes. Novedades BLM El aseguramiento de los migrantes se ha dado como parte del Plan de Migraci\u00f3n y Desarrollo en [&hellip;]<\/p>\n","protected":false},"author":4,"featured_media":4983,"comment_status":"closed","ping_status":"closed","sticky":false,"template":"","format":"standard","meta":{"footnotes":""},"categories":[19],"tags":[],"class_list":{"0":"post-4981","1":"post","2":"type-post","3":"status-publish","4":"format-standard","5":"has-post-thumbnail","7":"category-nacional"},"yoast_head":"<!-- This site is optimized with the Yoast SEO plugin v27.4 - https:\/\/yoast.com\/product\/yoast-seo-wordpress\/ -->\n<title>De cada 10 migrantes rescatados por el Ej\u00e9rcito, 2 son ni\u00f1os y j\u00f3venes - LA BRAVA RADIO<\/title>\n<meta name=\"robots\" content=\"index, follow, max-snippet:-1, max-image-preview:large, max-video-preview:-1\" \/>\n<link rel=\"canonical\" href=\"https:\/\/www.bbmnoticias.com\/labravaradiofm\/2021\/11\/05\/de-cada-10-migrantes-rescatados-por-el-ejercito-2-son-ninos-y-jovenes\/\" \/>\n<meta property=\"og:locale\" content=\"es_MX\" \/>\n<meta property=\"og:type\" content=\"article\" \/>\n<meta property=\"og:title\" content=\"De cada 10 migrantes rescatados por el Ej\u00e9rcito, 2 son ni\u00f1os y j\u00f3venes - LA BRAVA RADIO\" \/>\n<meta property=\"og:description\" content=\"En el \u00faltimo a\u00f1o, la Secretar\u00eda de la Defensa Nacional (Sedena) rescat\u00f3 a 90,165 migrantes en todo el pa\u00eds, de los cuales 15,341 eran menores de edad, es decir 2 de 10 eran ni\u00f1os y j\u00f3venes. Novedades BLM El aseguramiento de los migrantes se ha dado como parte del Plan de Migraci\u00f3n y Desarrollo en [&hellip;]\" \/>\n<meta property=\"og:url\" content=\"https:\/\/www.bbmnoticias.com\/labravaradiofm\/2021\/11\/05\/de-cada-10-migrantes-rescatados-por-el-ejercito-2-son-ninos-y-jovenes\/\" \/>\n<meta property=\"og:site_name\" content=\"LA BRAVA RADIO\" \/>\n<meta property=\"article:published_time\" content=\"2021-11-05T14:36:38+00:00\" \/>\n<meta property=\"article:modified_time\" content=\"2021-11-05T14:36:39+00:00\" \/>\n<meta property=\"og:image\" content=\"https:\/\/www.bbmnoticias.com\/labravaradiofm\/wp-content\/uploads\/sites\/5\/2021\/11\/n05112021-1.jpg\" \/>\n\t<meta property=\"og:image:width\" content=\"640\" \/>\n\t<meta property=\"og:image:height\" content=\"360\" \/>\n\t<meta property=\"og:image:type\" content=\"image\/jpeg\" \/>\n<meta name=\"author\" content=\"Agencias\" \/>\n<meta name=\"twitter:card\" content=\"summary_large_image\" \/>\n<meta name=\"twitter:label1\" content=\"Escrito por\" \/>\n\t<meta name=\"twitter:data1\" content=\"Agencias\" \/>\n\t<meta name=\"twitter:label2\" content=\"Tiempo de lectura\" \/>\n\t<meta name=\"twitter:data2\" content=\"2 minutos\" \/>\n<script type=\"application\/ld+json\" class=\"yoast-schema-graph\">{\"@context\":\"https:\\\/\\\/schema.org\",\"@graph\":[{\"@type\":\"Article\",\"@id\":\"https:\\\/\\\/www.bbmnoticias.com\\\/labravaradiofm\\\/2021\\\/11\\\/05\\\/de-cada-10-migrantes-rescatados-por-el-ejercito-2-son-ninos-y-jovenes\\\/#article\",\"isPartOf\":{\"@id\":\"https:\\\/\\\/www.bbmnoticias.com\\\/labravaradiofm\\\/2021\\\/11\\\/05\\\/de-cada-10-migrantes-rescatados-por-el-ejercito-2-son-ninos-y-jovenes\\\/\"},\"author\":{\"name\":\"Agencias\",\"@id\":\"https:\\\/\\\/www.bbmnoticias.com\\\/labravaradiofm\\\/#\\\/schema\\\/person\\\/000bdaf0a8fb5bff0d537c4d0778e33f\"},\"headline\":\"De cada 10 migrantes rescatados por el Ej\u00e9rcito, 2 son ni\u00f1os y j\u00f3venes\",\"datePublished\":\"2021-11-05T14:36:38+00:00\",\"dateModified\":\"2021-11-05T14:36:39+00:00\",\"mainEntityOfPage\":{\"@id\":\"https:\\\/\\\/www.bbmnoticias.com\\\/labravaradiofm\\\/2021\\\/11\\\/05\\\/de-cada-10-migrantes-rescatados-por-el-ejercito-2-son-ninos-y-jovenes\\\/\"},\"wordCount\":359,\"image\":{\"@id\":\"https:\\\/\\\/www.bbmnoticias.com\\\/labravaradiofm\\\/2021\\\/11\\\/05\\\/de-cada-10-migrantes-rescatados-por-el-ejercito-2-son-ninos-y-jovenes\\\/#primaryimage\"},\"thumbnailUrl\":\"https:\\\/\\\/www.bbmnoticias.com\\\/labravaradiofm\\\/wp-content\\\/uploads\\\/sites\\\/5\\\/2021\\\/11\\\/n05112021-1.jpg\",\"articleSection\":[\"NACIONAL\"],\"inLanguage\":\"es\"},{\"@type\":\"WebPage\",\"@id\":\"https:\\\/\\\/www.bbmnoticias.com\\\/labravaradiofm\\\/2021\\\/11\\\/05\\\/de-cada-10-migrantes-rescatados-por-el-ejercito-2-son-ninos-y-jovenes\\\/\",\"url\":\"https:\\\/\\\/www.bbmnoticias.com\\\/labravaradiofm\\\/2021\\\/11\\\/05\\\/de-cada-10-migrantes-rescatados-por-el-ejercito-2-son-ninos-y-jovenes\\\/\",\"name\":\"De cada 10 migrantes rescatados por el Ej\u00e9rcito, 2 son ni\u00f1os y j\u00f3venes - LA BRAVA RADIO\",\"isPartOf\":{\"@id\":\"https:\\\/\\\/www.bbmnoticias.com\\\/labravaradiofm\\\/#website\"},\"primaryImageOfPage\":{\"@id\":\"https:\\\/\\\/www.bbmnoticias.com\\\/labravaradiofm\\\/2021\\\/11\\\/05\\\/de-cada-10-migrantes-rescatados-por-el-ejercito-2-son-ninos-y-jovenes\\\/#primaryimage\"},\"image\":{\"@id\":\"https:\\\/\\\/www.bbmnoticias.com\\\/labravaradiofm\\\/2021\\\/11\\\/05\\\/de-cada-10-migrantes-rescatados-por-el-ejercito-2-son-ninos-y-jovenes\\\/#primaryimage\"},\"thumbnailUrl\":\"https:\\\/\\\/www.bbmnoticias.com\\\/labravaradiofm\\\/wp-content\\\/uploads\\\/sites\\\/5\\\/2021\\\/11\\\/n05112021-1.jpg\",\"datePublished\":\"2021-11-05T14:36:38+00:00\",\"dateModified\":\"2021-11-05T14:36:39+00:00\",\"author\":{\"@id\":\"https:\\\/\\\/www.bbmnoticias.com\\\/labravaradiofm\\\/#\\\/schema\\\/person\\\/000bdaf0a8fb5bff0d537c4d0778e33f\"},\"breadcrumb\":{\"@id\":\"https:\\\/\\\/www.bbmnoticias.com\\\/labravaradiofm\\\/2021\\\/11\\\/05\\\/de-cada-10-migrantes-rescatados-por-el-ejercito-2-son-ninos-y-jovenes\\\/#breadcrumb\"},\"inLanguage\":\"es\",\"potentialAction\":[{\"@type\":\"ReadAction\",\"target\":[\"https:\\\/\\\/www.bbmnoticias.com\\\/labravaradiofm\\\/2021\\\/11\\\/05\\\/de-cada-10-migrantes-rescatados-por-el-ejercito-2-son-ninos-y-jovenes\\\/\"]}]},{\"@type\":\"ImageObject\",\"inLanguage\":\"es\",\"@id\":\"https:\\\/\\\/www.bbmnoticias.com\\\/labravaradiofm\\\/2021\\\/11\\\/05\\\/de-cada-10-migrantes-rescatados-por-el-ejercito-2-son-ninos-y-jovenes\\\/#primaryimage\",\"url\":\"https:\\\/\\\/www.bbmnoticias.com\\\/labravaradiofm\\\/wp-content\\\/uploads\\\/sites\\\/5\\\/2021\\\/11\\\/n05112021-1.jpg\",\"contentUrl\":\"https:\\\/\\\/www.bbmnoticias.com\\\/labravaradiofm\\\/wp-content\\\/uploads\\\/sites\\\/5\\\/2021\\\/11\\\/n05112021-1.jpg\",\"width\":640,\"height\":360},{\"@type\":\"BreadcrumbList\",\"@id\":\"https:\\\/\\\/www.bbmnoticias.com\\\/labravaradiofm\\\/2021\\\/11\\\/05\\\/de-cada-10-migrantes-rescatados-por-el-ejercito-2-son-ninos-y-jovenes\\\/#breadcrumb\",\"itemListElement\":[{\"@type\":\"ListItem\",\"position\":1,\"name\":\"Inicio\",\"item\":\"https:\\\/\\\/www.bbmnoticias.com\\\/labravaradiofm\\\/\"},{\"@type\":\"ListItem\",\"position\":2,\"name\":\"De cada 10 migrantes rescatados por el Ej\u00e9rcito, 2 son ni\u00f1os y j\u00f3venes\"}]},{\"@type\":\"WebSite\",\"@id\":\"https:\\\/\\\/www.bbmnoticias.com\\\/labravaradiofm\\\/#website\",\"url\":\"https:\\\/\\\/www.bbmnoticias.com\\\/labravaradiofm\\\/\",\"name\":\"LA BRAVA RADIO\",\"description\":\"Empresa productora de medios, Radiodifusi\u00f3n, Noticias, tendencias y todo lo que necesitas saber de la pol\u00edtica mexicana e internacional; entretenimiento, espect\u00e1culos, salud y mucho m\u00e1s.\",\"potentialAction\":[{\"@type\":\"SearchAction\",\"target\":{\"@type\":\"EntryPoint\",\"urlTemplate\":\"https:\\\/\\\/www.bbmnoticias.com\\\/labravaradiofm\\\/?s={search_term_string}\"},\"query-input\":{\"@type\":\"PropertyValueSpecification\",\"valueRequired\":true,\"valueName\":\"search_term_string\"}}],\"inLanguage\":\"es\"},{\"@type\":\"Person\",\"@id\":\"https:\\\/\\\/www.bbmnoticias.com\\\/labravaradiofm\\\/#\\\/schema\\\/person\\\/000bdaf0a8fb5bff0d537c4d0778e33f\",\"name\":\"Agencias\",\"image\":{\"@type\":\"ImageObject\",\"inLanguage\":\"es\",\"@id\":\"https:\\\/\\\/secure.gravatar.com\\\/avatar\\\/739e0b61adf9e398b425c36718c8752286da0e8cd90f20ce9a86678abc26aa0d?s=96&d=mm&r=g\",\"url\":\"https:\\\/\\\/secure.gravatar.com\\\/avatar\\\/739e0b61adf9e398b425c36718c8752286da0e8cd90f20ce9a86678abc26aa0d?s=96&d=mm&r=g\",\"contentUrl\":\"https:\\\/\\\/secure.gravatar.com\\\/avatar\\\/739e0b61adf9e398b425c36718c8752286da0e8cd90f20ce9a86678abc26aa0d?s=96&d=mm&r=g\",\"caption\":\"Agencias\"},\"url\":\"https:\\\/\\\/www.bbmnoticias.com\\\/labravaradiofm\\\/author\\\/agencias\\\/\"}]}<\/script>\n<!-- \/ Yoast SEO plugin. -->","yoast_head_json":{"title":"De cada 10 migrantes rescatados por el Ej\u00e9rcito, 2 son ni\u00f1os y j\u00f3venes - LA BRAVA RADIO","robots":{"index":"index","follow":"follow","max-snippet":"max-snippet:-1","max-image-preview":"max-image-preview:large","max-video-preview":"max-video-preview:-1"},"canonical":"https:\/\/www.bbmnoticias.com\/labravaradiofm\/2021\/11\/05\/de-cada-10-migrantes-rescatados-por-el-ejercito-2-son-ninos-y-jovenes\/","og_locale":"es_MX","og_type":"article","og_title":"De cada 10 migrantes rescatados por el Ej\u00e9rcito, 2 son ni\u00f1os y j\u00f3venes - LA BRAVA RADIO","og_description":"En el \u00faltimo a\u00f1o, la Secretar\u00eda de la Defensa Nacional (Sedena) rescat\u00f3 a 90,165 migrantes en todo el pa\u00eds, de los cuales 15,341 eran menores de edad, es decir 2 de 10 eran ni\u00f1os y j\u00f3venes. Novedades BLM El aseguramiento de los migrantes se ha dado como parte del Plan de Migraci\u00f3n y Desarrollo en [&hellip;]","og_url":"https:\/\/www.bbmnoticias.com\/labravaradiofm\/2021\/11\/05\/de-cada-10-migrantes-rescatados-por-el-ejercito-2-son-ninos-y-jovenes\/","og_site_name":"LA BRAVA RADIO","article_published_time":"2021-11-05T14:36:38+00:00","article_modified_time":"2021-11-05T14:36:39+00:00","og_image":[{"width":640,"height":360,"url":"https:\/\/www.bbmnoticias.com\/labravaradiofm\/wp-content\/uploads\/sites\/5\/2021\/11\/n05112021-1.jpg","type":"image\/jpeg"}],"author":"Agencias","twitter_card":"summary_large_image","twitter_misc":{"Escrito por":"Agencias","Tiempo de lectura":"2 minutos"},"schema":{"@context":"https:\/\/schema.org","@graph":[{"@type":"Article","@id":"https:\/\/www.bbmnoticias.com\/labravaradiofm\/2021\/11\/05\/de-cada-10-migrantes-rescatados-por-el-ejercito-2-son-ninos-y-jovenes\/#article","isPartOf":{"@id":"https:\/\/www.bbmnoticias.com\/labravaradiofm\/2021\/11\/05\/de-cada-10-migrantes-rescatados-por-el-ejercito-2-son-ninos-y-jovenes\/"},"author":{"name":"Agencias","@id":"https:\/\/www.bbmnoticias.com\/labravaradiofm\/#\/schema\/person\/000bdaf0a8fb5bff0d537c4d0778e33f"},"headline":"De cada 10 migrantes rescatados por el Ej\u00e9rcito, 2 son ni\u00f1os y j\u00f3venes","datePublished":"2021-11-05T14:36:38+00:00","dateModified":"2021-11-05T14:36:39+00:00","mainEntityOfPage":{"@id":"https:\/\/www.bbmnoticias.com\/labravaradiofm\/2021\/11\/05\/de-cada-10-migrantes-rescatados-por-el-ejercito-2-son-ninos-y-jovenes\/"},"wordCount":359,"image":{"@id":"https:\/\/www.bbmnoticias.com\/labravaradiofm\/2021\/11\/05\/de-cada-10-migrantes-rescatados-por-el-ejercito-2-son-ninos-y-jovenes\/#primaryimage"},"thumbnailUrl":"https:\/\/www.bbmnoticias.com\/labravaradiofm\/wp-content\/uploads\/sites\/5\/2021\/11\/n05112021-1.jpg","articleSection":["NACIONAL"],"inLanguage":"es"},{"@type":"WebPage","@id":"https:\/\/www.bbmnoticias.com\/labravaradiofm\/2021\/11\/05\/de-cada-10-migrantes-rescatados-por-el-ejercito-2-son-ninos-y-jovenes\/","url":"https:\/\/www.bbmnoticias.com\/labravaradiofm\/2021\/11\/05\/de-cada-10-migrantes-rescatados-por-el-ejercito-2-son-ninos-y-jovenes\/","name":"De cada 10 migrantes rescatados por el Ej\u00e9rcito, 2 son ni\u00f1os y j\u00f3venes - LA BRAVA RADIO","isPartOf":{"@id":"https:\/\/www.bbmnoticias.com\/labravaradiofm\/#website"},"primaryImageOfPage":{"@id":"https:\/\/www.bbmnoticias.com\/labravaradiofm\/2021\/11\/05\/de-cada-10-migrantes-rescatados-por-el-ejercito-2-son-ninos-y-jovenes\/#primaryimage"},"image":{"@id":"https:\/\/www.bbmnoticias.com\/labravaradiofm\/2021\/11\/05\/de-cada-10-migrantes-rescatados-por-el-ejercito-2-son-ninos-y-jovenes\/#primaryimage"},"thumbnailUrl":"https:\/\/www.bbmnoticias.com\/labravaradiofm\/wp-content\/uploads\/sites\/5\/2021\/11\/n05112021-1.jpg","datePublished":"2021-11-05T14:36:38+00:00","dateModified":"2021-11-05T14:36:39+00:00","author":{"@id":"https:\/\/www.bbmnoticias.com\/labravaradiofm\/#\/schema\/person\/000bdaf0a8fb5bff0d537c4d0778e33f"},"breadcrumb":{"@id":"https:\/\/www.bbmnoticias.com\/labravaradiofm\/2021\/11\/05\/de-cada-10-migrantes-rescatados-por-el-ejercito-2-son-ninos-y-jovenes\/#breadcrumb"},"inLanguage":"es","potentialAction":[{"@type":"ReadAction","target":["https:\/\/www.bbmnoticias.com\/labravaradiofm\/2021\/11\/05\/de-cada-10-migrantes-rescatados-por-el-ejercito-2-son-ninos-y-jovenes\/"]}]},{"@type":"ImageObject","inLanguage":"es","@id":"https:\/\/www.bbmnoticias.com\/labravaradiofm\/2021\/11\/05\/de-cada-10-migrantes-rescatados-por-el-ejercito-2-son-ninos-y-jovenes\/#primaryimage","url":"https:\/\/www.bbmnoticias.com\/labravaradiofm\/wp-content\/uploads\/sites\/5\/2021\/11\/n05112021-1.jpg","contentUrl":"https:\/\/www.bbmnoticias.com\/labravaradiofm\/wp-content\/uploads\/sites\/5\/2021\/11\/n05112021-1.jpg","width":640,"height":360},{"@type":"BreadcrumbList","@id":"https:\/\/www.bbmnoticias.com\/labravaradiofm\/2021\/11\/05\/de-cada-10-migrantes-rescatados-por-el-ejercito-2-son-ninos-y-jovenes\/#breadcrumb","itemListElement":[{"@type":"ListItem","position":1,"name":"Inicio","item":"https:\/\/www.bbmnoticias.com\/labravaradiofm\/"},{"@type":"ListItem","position":2,"name":"De cada 10 migrantes rescatados por el Ej\u00e9rcito, 2 son ni\u00f1os y j\u00f3venes"}]},{"@type":"WebSite","@id":"https:\/\/www.bbmnoticias.com\/labravaradiofm\/#website","url":"https:\/\/www.bbmnoticias.com\/labravaradiofm\/","name":"LA BRAVA RADIO","description":"Empresa productora de medios, Radiodifusi\u00f3n, Noticias, tendencias y todo lo que necesitas saber de la pol\u00edtica mexicana e internacional; entretenimiento, espect\u00e1culos, salud y mucho m\u00e1s.","potentialAction":[{"@type":"SearchAction","target":{"@type":"EntryPoint","urlTemplate":"https:\/\/www.bbmnoticias.com\/labravaradiofm\/?s={search_term_string}"},"query-input":{"@type":"PropertyValueSpecification","valueRequired":true,"valueName":"search_term_string"}}],"inLanguage":"es"},{"@type":"Person","@id":"https:\/\/www.bbmnoticias.com\/labravaradiofm\/#\/schema\/person\/000bdaf0a8fb5bff0d537c4d0778e33f","name":"Agencias","image":{"@type":"ImageObject","inLanguage":"es","@id":"https:\/\/secure.gravatar.com\/avatar\/739e0b61adf9e398b425c36718c8752286da0e8cd90f20ce9a86678abc26aa0d?s=96&d=mm&r=g","url":"https:\/\/secure.gravatar.com\/avatar\/739e0b61adf9e398b425c36718c8752286da0e8cd90f20ce9a86678abc26aa0d?s=96&d=mm&r=g","contentUrl":"https:\/\/secure.gravatar.com\/avatar\/739e0b61adf9e398b425c36718c8752286da0e8cd90f20ce9a86678abc26aa0d?s=96&d=mm&r=g","caption":"Agencias"},"url":"https:\/\/www.bbmnoticias.com\/labravaradiofm\/author\/agencias\/"}]}},"_links":{"self":[{"href":"https:\/\/www.bbmnoticias.com\/labravaradiofm\/wp-json\/wp\/v2\/posts\/4981","targetHints":{"allow":["GET"]}}],"collection":[{"href":"https:\/\/www.bbmnoticias.com\/labravaradiofm\/wp-json\/wp\/v2\/posts"}],"about":[{"href":"https:\/\/www.bbmnoticias.com\/labravaradiofm\/wp-json\/wp\/v2\/types\/post"}],"author":[{"embeddable":true,"href":"https:\/\/www.bbmnoticias.com\/labravaradiofm\/wp-json\/wp\/v2\/users\/4"}],"replies":[{"embeddable":true,"href":"https:\/\/www.bbmnoticias.com\/labravaradiofm\/wp-json\/wp\/v2\/comments?post=4981"}],"version-history":[{"count":0,"href":"https:\/\/www.bbmnoticias.com\/labravaradiofm\/wp-json\/wp\/v2\/posts\/4981\/revisions"}],"wp:featuredmedia":[{"embeddable":true,"href":"https:\/\/www.bbmnoticias.com\/labravaradiofm\/wp-json\/wp\/v2\/media\/4983"}],"wp:attachment":[{"href":"https:\/\/www.bbmnoticias.com\/labravaradiofm\/wp-json\/wp\/v2\/media?parent=4981"}],"wp:term":[{"taxonomy":"category","embeddable":true,"href":"https:\/\/www.bbmnoticias.com\/labravaradiofm\/wp-json\/wp\/v2\/categories?post=4981"},{"taxonomy":"post_tag","embeddable":true,"href":"https:\/\/www.bbmnoticias.com\/labravaradiofm\/wp-json\/wp\/v2\/tags?post=4981"}],"curies":[{"name":"wp","href":"https:\/\/api.w.org\/{rel}","templated":true}]}}