{"id":4975,"date":"2021-11-05T08:27:07","date_gmt":"2021-11-05T14:27:07","guid":{"rendered":"https:\/\/www.bbmnoticias.com\/labravaradiofm\/?p=4975"},"modified":"2021-11-05T08:27:08","modified_gmt":"2021-11-05T14:27:08","slug":"piden-aclarar-paradero-de-diputado-gustavo-diaz-y-su-hijo-en-veracruz","status":"publish","type":"post","link":"https:\/\/www.bbmnoticias.com\/labravaradiofm\/2021\/11\/05\/piden-aclarar-paradero-de-diputado-gustavo-diaz-y-su-hijo-en-veracruz\/","title":{"rendered":"Piden aclarar paradero de diputado Gustavo D\u00edaz y su hijo en Veracruz"},"content":{"rendered":"<div style=\"margin-top: 0px; margin-bottom: 0px;\" class=\"sharethis-inline-share-buttons\" ><\/div>\n<p>OAXACA, Oax.- Familiares del diputado local de Oaxaca, Gustavo D\u00edaz S\u00e1nchez pidieron aclarar el paradero del legislador y de su hijo Jos\u00e9 Alberto D\u00edaz.<\/p>\n\n\n\n<p>Sobre el hecho hay varias versiones, todas extraoficiales pues hasta esta noche ninguna instancia oficial ha emitido informaci\u00f3n al respecto.<\/p>\n\n\n\n<p>Una de las versiones menciona que dos j\u00f3venes fueron detenidos por la agrupaci\u00f3n denominada Fuerza Civil de Veracruz, entre ellos Jos\u00e9 Alberto D\u00edaz, hijo de dicho diputado de Oaxaca.<\/p>\n\n\n\n<p>El legislador habr\u00eda acudido a solicitar informaci\u00f3n y tambi\u00e9n qued\u00f3 dentro de un inmueble que usa el grupo policial en Fort\u00edn de las Flores.<\/p>\n\n\n\n<p>Afuera de dicho inmueble est\u00e1 la esposa del legislador y funcionarios del ayuntamiento de Cosolapa quienes informaron a trav\u00e9s de un video que polic\u00edas estatales de Veracruz no los dejan moverse de ese lugar y los tienen rodeados.<\/p>\n\n\n\n<p>Se\u00f1alaron que no les han dicho el motivo por el que no pueden moverse de ah\u00ed para seguir con la b\u00fasqueda del hijo del diputado en las diversas oficinas de seguridad p\u00fablica y que su retenci\u00f3n es a todas luces ilegal.<\/p>\n\n\n\n<p>Otra versi\u00f3n supone un supuesto secuestro por parte de este grupo, que habr\u00eda ocupado la fuerza para llevarse a los dos j\u00f3venes a un lugar desconocido y por eso hasta el momento no saben nada de ellos.<\/p>\n\n\n\n<p>Una versi\u00f3n m\u00e1s indica que el legislador Gustavo D\u00edaz S\u00e1nchez habr\u00eda sido detenido en flagrancia por portar un arma de fuego de uso exclusivo del Ej\u00e9rcito en Veracruz.<\/p>\n\n\n\n<p>Ello, al ingresar a un inmueble que ocupa la Fuerza Civil para preguntar por el paradero de su hijo pues testigos se\u00f1alaron que fueron elementos de esta corporaci\u00f3n quienes lo detuvieron junto a otro joven.<\/p>\n\n\n\n<p>En Veracruz la presencia de este grupo en la zona Omealca-Tezonapa ha sido denunciada por cometer este tipo de actos de abuso de autoridad.<\/p>\n\n\n\n<p>Al enterarse de este hecho, habitantes de esa zona realizaron bloqueos y quemaron una camioneta para pedir que presenten a los j\u00f3venes.<\/p>\n","protected":false},"excerpt":{"rendered":"<p>OAXACA, Oax.- Familiares del diputado local de Oaxaca, Gustavo D\u00edaz S\u00e1nchez pidieron aclarar el paradero del legislador y de su hijo Jos\u00e9 Alberto D\u00edaz. Sobre el hecho hay varias versiones, todas extraoficiales pues hasta esta noche ninguna instancia oficial ha emitido informaci\u00f3n al respecto. Una de las versiones menciona que dos j\u00f3venes fueron detenidos por [&hellip;]<\/p>\n","protected":false},"author":5,"featured_media":4976,"comment_status":"closed","ping_status":"closed","sticky":false,"template":"","format":"standard","meta":{"footnotes":""},"categories":[2],"tags":[],"class_list":{"0":"post-4975","1":"post","2":"type-post","3":"status-publish","4":"format-standard","5":"has-post-thumbnail","7":"category-oaxaca"},"yoast_head":"<!-- This site is optimized with the Yoast SEO plugin v27.4 - https:\/\/yoast.com\/product\/yoast-seo-wordpress\/ -->\n<title>Piden aclarar paradero de diputado Gustavo D\u00edaz y su hijo en Veracruz - LA BRAVA RADIO<\/title>\n<meta name=\"robots\" content=\"index, follow, max-snippet:-1, max-image-preview:large, max-video-preview:-1\" \/>\n<link rel=\"canonical\" href=\"https:\/\/www.bbmnoticias.com\/labravaradiofm\/2021\/11\/05\/piden-aclarar-paradero-de-diputado-gustavo-diaz-y-su-hijo-en-veracruz\/\" \/>\n<meta property=\"og:locale\" content=\"es_MX\" \/>\n<meta property=\"og:type\" content=\"article\" \/>\n<meta property=\"og:title\" content=\"Piden aclarar paradero de diputado Gustavo D\u00edaz y su hijo en Veracruz - LA BRAVA RADIO\" \/>\n<meta property=\"og:description\" content=\"OAXACA, Oax.- Familiares del diputado local de Oaxaca, Gustavo D\u00edaz S\u00e1nchez pidieron aclarar el paradero del legislador y de su hijo Jos\u00e9 Alberto D\u00edaz. Sobre el hecho hay varias versiones, todas extraoficiales pues hasta esta noche ninguna instancia oficial ha emitido informaci\u00f3n al respecto. Una de las versiones menciona que dos j\u00f3venes fueron detenidos por [&hellip;]\" \/>\n<meta property=\"og:url\" content=\"https:\/\/www.bbmnoticias.com\/labravaradiofm\/2021\/11\/05\/piden-aclarar-paradero-de-diputado-gustavo-diaz-y-su-hijo-en-veracruz\/\" \/>\n<meta property=\"og:site_name\" content=\"LA BRAVA RADIO\" \/>\n<meta property=\"article:published_time\" content=\"2021-11-05T14:27:07+00:00\" \/>\n<meta property=\"article:modified_time\" content=\"2021-11-05T14:27:08+00:00\" \/>\n<meta property=\"og:image\" content=\"https:\/\/www.bbmnoticias.com\/labravaradiofm\/wp-content\/uploads\/sites\/5\/2021\/11\/l05112021-1.jpg\" \/>\n\t<meta property=\"og:image:width\" content=\"1160\" \/>\n\t<meta property=\"og:image:height\" content=\"700\" \/>\n\t<meta property=\"og:image:type\" content=\"image\/jpeg\" \/>\n<meta name=\"author\" content=\"Quadratin\" \/>\n<meta name=\"twitter:card\" content=\"summary_large_image\" \/>\n<meta name=\"twitter:label1\" content=\"Escrito por\" \/>\n\t<meta name=\"twitter:data1\" content=\"Quadratin\" \/>\n\t<meta name=\"twitter:label2\" content=\"Tiempo de lectura\" \/>\n\t<meta name=\"twitter:data2\" content=\"2 minutos\" \/>\n<script type=\"application\/ld+json\" class=\"yoast-schema-graph\">{\"@context\":\"https:\\\/\\\/schema.org\",\"@graph\":[{\"@type\":\"Article\",\"@id\":\"https:\\\/\\\/www.bbmnoticias.com\\\/labravaradiofm\\\/2021\\\/11\\\/05\\\/piden-aclarar-paradero-de-diputado-gustavo-diaz-y-su-hijo-en-veracruz\\\/#article\",\"isPartOf\":{\"@id\":\"https:\\\/\\\/www.bbmnoticias.com\\\/labravaradiofm\\\/2021\\\/11\\\/05\\\/piden-aclarar-paradero-de-diputado-gustavo-diaz-y-su-hijo-en-veracruz\\\/\"},\"author\":{\"name\":\"Quadratin\",\"@id\":\"https:\\\/\\\/www.bbmnoticias.com\\\/labravaradiofm\\\/#\\\/schema\\\/person\\\/c316b6f6c03640cce5d9482ba5a8e5c2\"},\"headline\":\"Piden aclarar paradero de diputado Gustavo D\u00edaz y su hijo en Veracruz\",\"datePublished\":\"2021-11-05T14:27:07+00:00\",\"dateModified\":\"2021-11-05T14:27:08+00:00\",\"mainEntityOfPage\":{\"@id\":\"https:\\\/\\\/www.bbmnoticias.com\\\/labravaradiofm\\\/2021\\\/11\\\/05\\\/piden-aclarar-paradero-de-diputado-gustavo-diaz-y-su-hijo-en-veracruz\\\/\"},\"wordCount\":365,\"image\":{\"@id\":\"https:\\\/\\\/www.bbmnoticias.com\\\/labravaradiofm\\\/2021\\\/11\\\/05\\\/piden-aclarar-paradero-de-diputado-gustavo-diaz-y-su-hijo-en-veracruz\\\/#primaryimage\"},\"thumbnailUrl\":\"https:\\\/\\\/www.bbmnoticias.com\\\/labravaradiofm\\\/wp-content\\\/uploads\\\/sites\\\/5\\\/2021\\\/11\\\/l05112021-1.jpg\",\"articleSection\":[\"LOCAL\"],\"inLanguage\":\"es\"},{\"@type\":\"WebPage\",\"@id\":\"https:\\\/\\\/www.bbmnoticias.com\\\/labravaradiofm\\\/2021\\\/11\\\/05\\\/piden-aclarar-paradero-de-diputado-gustavo-diaz-y-su-hijo-en-veracruz\\\/\",\"url\":\"https:\\\/\\\/www.bbmnoticias.com\\\/labravaradiofm\\\/2021\\\/11\\\/05\\\/piden-aclarar-paradero-de-diputado-gustavo-diaz-y-su-hijo-en-veracruz\\\/\",\"name\":\"Piden aclarar paradero de diputado Gustavo D\u00edaz y su hijo en Veracruz - LA BRAVA RADIO\",\"isPartOf\":{\"@id\":\"https:\\\/\\\/www.bbmnoticias.com\\\/labravaradiofm\\\/#website\"},\"primaryImageOfPage\":{\"@id\":\"https:\\\/\\\/www.bbmnoticias.com\\\/labravaradiofm\\\/2021\\\/11\\\/05\\\/piden-aclarar-paradero-de-diputado-gustavo-diaz-y-su-hijo-en-veracruz\\\/#primaryimage\"},\"image\":{\"@id\":\"https:\\\/\\\/www.bbmnoticias.com\\\/labravaradiofm\\\/2021\\\/11\\\/05\\\/piden-aclarar-paradero-de-diputado-gustavo-diaz-y-su-hijo-en-veracruz\\\/#primaryimage\"},\"thumbnailUrl\":\"https:\\\/\\\/www.bbmnoticias.com\\\/labravaradiofm\\\/wp-content\\\/uploads\\\/sites\\\/5\\\/2021\\\/11\\\/l05112021-1.jpg\",\"datePublished\":\"2021-11-05T14:27:07+00:00\",\"dateModified\":\"2021-11-05T14:27:08+00:00\",\"author\":{\"@id\":\"https:\\\/\\\/www.bbmnoticias.com\\\/labravaradiofm\\\/#\\\/schema\\\/person\\\/c316b6f6c03640cce5d9482ba5a8e5c2\"},\"breadcrumb\":{\"@id\":\"https:\\\/\\\/www.bbmnoticias.com\\\/labravaradiofm\\\/2021\\\/11\\\/05\\\/piden-aclarar-paradero-de-diputado-gustavo-diaz-y-su-hijo-en-veracruz\\\/#breadcrumb\"},\"inLanguage\":\"es\",\"potentialAction\":[{\"@type\":\"ReadAction\",\"target\":[\"https:\\\/\\\/www.bbmnoticias.com\\\/labravaradiofm\\\/2021\\\/11\\\/05\\\/piden-aclarar-paradero-de-diputado-gustavo-diaz-y-su-hijo-en-veracruz\\\/\"]}]},{\"@type\":\"ImageObject\",\"inLanguage\":\"es\",\"@id\":\"https:\\\/\\\/www.bbmnoticias.com\\\/labravaradiofm\\\/2021\\\/11\\\/05\\\/piden-aclarar-paradero-de-diputado-gustavo-diaz-y-su-hijo-en-veracruz\\\/#primaryimage\",\"url\":\"https:\\\/\\\/www.bbmnoticias.com\\\/labravaradiofm\\\/wp-content\\\/uploads\\\/sites\\\/5\\\/2021\\\/11\\\/l05112021-1.jpg\",\"contentUrl\":\"https:\\\/\\\/www.bbmnoticias.com\\\/labravaradiofm\\\/wp-content\\\/uploads\\\/sites\\\/5\\\/2021\\\/11\\\/l05112021-1.jpg\",\"width\":1160,\"height\":700},{\"@type\":\"BreadcrumbList\",\"@id\":\"https:\\\/\\\/www.bbmnoticias.com\\\/labravaradiofm\\\/2021\\\/11\\\/05\\\/piden-aclarar-paradero-de-diputado-gustavo-diaz-y-su-hijo-en-veracruz\\\/#breadcrumb\",\"itemListElement\":[{\"@type\":\"ListItem\",\"position\":1,\"name\":\"Inicio\",\"item\":\"https:\\\/\\\/www.bbmnoticias.com\\\/labravaradiofm\\\/\"},{\"@type\":\"ListItem\",\"position\":2,\"name\":\"Piden aclarar paradero de diputado Gustavo D\u00edaz y su hijo en Veracruz\"}]},{\"@type\":\"WebSite\",\"@id\":\"https:\\\/\\\/www.bbmnoticias.com\\\/labravaradiofm\\\/#website\",\"url\":\"https:\\\/\\\/www.bbmnoticias.com\\\/labravaradiofm\\\/\",\"name\":\"LA BRAVA RADIO\",\"description\":\"Empresa productora de medios, Radiodifusi\u00f3n, Noticias, tendencias y todo lo que necesitas saber de la pol\u00edtica mexicana e internacional; entretenimiento, espect\u00e1culos, salud y mucho m\u00e1s.\",\"potentialAction\":[{\"@type\":\"SearchAction\",\"target\":{\"@type\":\"EntryPoint\",\"urlTemplate\":\"https:\\\/\\\/www.bbmnoticias.com\\\/labravaradiofm\\\/?s={search_term_string}\"},\"query-input\":{\"@type\":\"PropertyValueSpecification\",\"valueRequired\":true,\"valueName\":\"search_term_string\"}}],\"inLanguage\":\"es\"},{\"@type\":\"Person\",\"@id\":\"https:\\\/\\\/www.bbmnoticias.com\\\/labravaradiofm\\\/#\\\/schema\\\/person\\\/c316b6f6c03640cce5d9482ba5a8e5c2\",\"name\":\"Quadratin\",\"image\":{\"@type\":\"ImageObject\",\"inLanguage\":\"es\",\"@id\":\"https:\\\/\\\/secure.gravatar.com\\\/avatar\\\/34008d7d72488432d6a74f81e839efc9f754b118786ca32cf39d9d5508a68f63?s=96&d=mm&r=g\",\"url\":\"https:\\\/\\\/secure.gravatar.com\\\/avatar\\\/34008d7d72488432d6a74f81e839efc9f754b118786ca32cf39d9d5508a68f63?s=96&d=mm&r=g\",\"contentUrl\":\"https:\\\/\\\/secure.gravatar.com\\\/avatar\\\/34008d7d72488432d6a74f81e839efc9f754b118786ca32cf39d9d5508a68f63?s=96&d=mm&r=g\",\"caption\":\"Quadratin\"},\"url\":\"https:\\\/\\\/www.bbmnoticias.com\\\/labravaradiofm\\\/author\\\/quadratin\\\/\"}]}<\/script>\n<!-- \/ Yoast SEO plugin. -->","yoast_head_json":{"title":"Piden aclarar paradero de diputado Gustavo D\u00edaz y su hijo en Veracruz - LA BRAVA RADIO","robots":{"index":"index","follow":"follow","max-snippet":"max-snippet:-1","max-image-preview":"max-image-preview:large","max-video-preview":"max-video-preview:-1"},"canonical":"https:\/\/www.bbmnoticias.com\/labravaradiofm\/2021\/11\/05\/piden-aclarar-paradero-de-diputado-gustavo-diaz-y-su-hijo-en-veracruz\/","og_locale":"es_MX","og_type":"article","og_title":"Piden aclarar paradero de diputado Gustavo D\u00edaz y su hijo en Veracruz - LA BRAVA RADIO","og_description":"OAXACA, Oax.- Familiares del diputado local de Oaxaca, Gustavo D\u00edaz S\u00e1nchez pidieron aclarar el paradero del legislador y de su hijo Jos\u00e9 Alberto D\u00edaz. Sobre el hecho hay varias versiones, todas extraoficiales pues hasta esta noche ninguna instancia oficial ha emitido informaci\u00f3n al respecto. Una de las versiones menciona que dos j\u00f3venes fueron detenidos por [&hellip;]","og_url":"https:\/\/www.bbmnoticias.com\/labravaradiofm\/2021\/11\/05\/piden-aclarar-paradero-de-diputado-gustavo-diaz-y-su-hijo-en-veracruz\/","og_site_name":"LA BRAVA RADIO","article_published_time":"2021-11-05T14:27:07+00:00","article_modified_time":"2021-11-05T14:27:08+00:00","og_image":[{"width":1160,"height":700,"url":"https:\/\/www.bbmnoticias.com\/labravaradiofm\/wp-content\/uploads\/sites\/5\/2021\/11\/l05112021-1.jpg","type":"image\/jpeg"}],"author":"Quadratin","twitter_card":"summary_large_image","twitter_misc":{"Escrito por":"Quadratin","Tiempo de lectura":"2 minutos"},"schema":{"@context":"https:\/\/schema.org","@graph":[{"@type":"Article","@id":"https:\/\/www.bbmnoticias.com\/labravaradiofm\/2021\/11\/05\/piden-aclarar-paradero-de-diputado-gustavo-diaz-y-su-hijo-en-veracruz\/#article","isPartOf":{"@id":"https:\/\/www.bbmnoticias.com\/labravaradiofm\/2021\/11\/05\/piden-aclarar-paradero-de-diputado-gustavo-diaz-y-su-hijo-en-veracruz\/"},"author":{"name":"Quadratin","@id":"https:\/\/www.bbmnoticias.com\/labravaradiofm\/#\/schema\/person\/c316b6f6c03640cce5d9482ba5a8e5c2"},"headline":"Piden aclarar paradero de diputado Gustavo D\u00edaz y su hijo en Veracruz","datePublished":"2021-11-05T14:27:07+00:00","dateModified":"2021-11-05T14:27:08+00:00","mainEntityOfPage":{"@id":"https:\/\/www.bbmnoticias.com\/labravaradiofm\/2021\/11\/05\/piden-aclarar-paradero-de-diputado-gustavo-diaz-y-su-hijo-en-veracruz\/"},"wordCount":365,"image":{"@id":"https:\/\/www.bbmnoticias.com\/labravaradiofm\/2021\/11\/05\/piden-aclarar-paradero-de-diputado-gustavo-diaz-y-su-hijo-en-veracruz\/#primaryimage"},"thumbnailUrl":"https:\/\/www.bbmnoticias.com\/labravaradiofm\/wp-content\/uploads\/sites\/5\/2021\/11\/l05112021-1.jpg","articleSection":["LOCAL"],"inLanguage":"es"},{"@type":"WebPage","@id":"https:\/\/www.bbmnoticias.com\/labravaradiofm\/2021\/11\/05\/piden-aclarar-paradero-de-diputado-gustavo-diaz-y-su-hijo-en-veracruz\/","url":"https:\/\/www.bbmnoticias.com\/labravaradiofm\/2021\/11\/05\/piden-aclarar-paradero-de-diputado-gustavo-diaz-y-su-hijo-en-veracruz\/","name":"Piden aclarar paradero de diputado Gustavo D\u00edaz y su hijo en Veracruz - LA BRAVA RADIO","isPartOf":{"@id":"https:\/\/www.bbmnoticias.com\/labravaradiofm\/#website"},"primaryImageOfPage":{"@id":"https:\/\/www.bbmnoticias.com\/labravaradiofm\/2021\/11\/05\/piden-aclarar-paradero-de-diputado-gustavo-diaz-y-su-hijo-en-veracruz\/#primaryimage"},"image":{"@id":"https:\/\/www.bbmnoticias.com\/labravaradiofm\/2021\/11\/05\/piden-aclarar-paradero-de-diputado-gustavo-diaz-y-su-hijo-en-veracruz\/#primaryimage"},"thumbnailUrl":"https:\/\/www.bbmnoticias.com\/labravaradiofm\/wp-content\/uploads\/sites\/5\/2021\/11\/l05112021-1.jpg","datePublished":"2021-11-05T14:27:07+00:00","dateModified":"2021-11-05T14:27:08+00:00","author":{"@id":"https:\/\/www.bbmnoticias.com\/labravaradiofm\/#\/schema\/person\/c316b6f6c03640cce5d9482ba5a8e5c2"},"breadcrumb":{"@id":"https:\/\/www.bbmnoticias.com\/labravaradiofm\/2021\/11\/05\/piden-aclarar-paradero-de-diputado-gustavo-diaz-y-su-hijo-en-veracruz\/#breadcrumb"},"inLanguage":"es","potentialAction":[{"@type":"ReadAction","target":["https:\/\/www.bbmnoticias.com\/labravaradiofm\/2021\/11\/05\/piden-aclarar-paradero-de-diputado-gustavo-diaz-y-su-hijo-en-veracruz\/"]}]},{"@type":"ImageObject","inLanguage":"es","@id":"https:\/\/www.bbmnoticias.com\/labravaradiofm\/2021\/11\/05\/piden-aclarar-paradero-de-diputado-gustavo-diaz-y-su-hijo-en-veracruz\/#primaryimage","url":"https:\/\/www.bbmnoticias.com\/labravaradiofm\/wp-content\/uploads\/sites\/5\/2021\/11\/l05112021-1.jpg","contentUrl":"https:\/\/www.bbmnoticias.com\/labravaradiofm\/wp-content\/uploads\/sites\/5\/2021\/11\/l05112021-1.jpg","width":1160,"height":700},{"@type":"BreadcrumbList","@id":"https:\/\/www.bbmnoticias.com\/labravaradiofm\/2021\/11\/05\/piden-aclarar-paradero-de-diputado-gustavo-diaz-y-su-hijo-en-veracruz\/#breadcrumb","itemListElement":[{"@type":"ListItem","position":1,"name":"Inicio","item":"https:\/\/www.bbmnoticias.com\/labravaradiofm\/"},{"@type":"ListItem","position":2,"name":"Piden aclarar paradero de diputado Gustavo D\u00edaz y su hijo en Veracruz"}]},{"@type":"WebSite","@id":"https:\/\/www.bbmnoticias.com\/labravaradiofm\/#website","url":"https:\/\/www.bbmnoticias.com\/labravaradiofm\/","name":"LA BRAVA RADIO","description":"Empresa productora de medios, Radiodifusi\u00f3n, Noticias, tendencias y todo lo que necesitas saber de la pol\u00edtica mexicana e internacional; entretenimiento, espect\u00e1culos, salud y mucho m\u00e1s.","potentialAction":[{"@type":"SearchAction","target":{"@type":"EntryPoint","urlTemplate":"https:\/\/www.bbmnoticias.com\/labravaradiofm\/?s={search_term_string}"},"query-input":{"@type":"PropertyValueSpecification","valueRequired":true,"valueName":"search_term_string"}}],"inLanguage":"es"},{"@type":"Person","@id":"https:\/\/www.bbmnoticias.com\/labravaradiofm\/#\/schema\/person\/c316b6f6c03640cce5d9482ba5a8e5c2","name":"Quadratin","image":{"@type":"ImageObject","inLanguage":"es","@id":"https:\/\/secure.gravatar.com\/avatar\/34008d7d72488432d6a74f81e839efc9f754b118786ca32cf39d9d5508a68f63?s=96&d=mm&r=g","url":"https:\/\/secure.gravatar.com\/avatar\/34008d7d72488432d6a74f81e839efc9f754b118786ca32cf39d9d5508a68f63?s=96&d=mm&r=g","contentUrl":"https:\/\/secure.gravatar.com\/avatar\/34008d7d72488432d6a74f81e839efc9f754b118786ca32cf39d9d5508a68f63?s=96&d=mm&r=g","caption":"Quadratin"},"url":"https:\/\/www.bbmnoticias.com\/labravaradiofm\/author\/quadratin\/"}]}},"_links":{"self":[{"href":"https:\/\/www.bbmnoticias.com\/labravaradiofm\/wp-json\/wp\/v2\/posts\/4975","targetHints":{"allow":["GET"]}}],"collection":[{"href":"https:\/\/www.bbmnoticias.com\/labravaradiofm\/wp-json\/wp\/v2\/posts"}],"about":[{"href":"https:\/\/www.bbmnoticias.com\/labravaradiofm\/wp-json\/wp\/v2\/types\/post"}],"author":[{"embeddable":true,"href":"https:\/\/www.bbmnoticias.com\/labravaradiofm\/wp-json\/wp\/v2\/users\/5"}],"replies":[{"embeddable":true,"href":"https:\/\/www.bbmnoticias.com\/labravaradiofm\/wp-json\/wp\/v2\/comments?post=4975"}],"version-history":[{"count":0,"href":"https:\/\/www.bbmnoticias.com\/labravaradiofm\/wp-json\/wp\/v2\/posts\/4975\/revisions"}],"wp:featuredmedia":[{"embeddable":true,"href":"https:\/\/www.bbmnoticias.com\/labravaradiofm\/wp-json\/wp\/v2\/media\/4976"}],"wp:attachment":[{"href":"https:\/\/www.bbmnoticias.com\/labravaradiofm\/wp-json\/wp\/v2\/media?parent=4975"}],"wp:term":[{"taxonomy":"category","embeddable":true,"href":"https:\/\/www.bbmnoticias.com\/labravaradiofm\/wp-json\/wp\/v2\/categories?post=4975"},{"taxonomy":"post_tag","embeddable":true,"href":"https:\/\/www.bbmnoticias.com\/labravaradiofm\/wp-json\/wp\/v2\/tags?post=4975"}],"curies":[{"name":"wp","href":"https:\/\/api.w.org\/{rel}","templated":true}]}}