{"id":4965,"date":"2021-11-04T19:22:58","date_gmt":"2021-11-05T01:22:58","guid":{"rendered":"https:\/\/www.bbmnoticias.com\/labravaradiofm\/?p=4965"},"modified":"2021-11-04T19:24:00","modified_gmt":"2021-11-05T01:24:00","slug":"textiles-de-oaxaca-orgullo-de-nuestras-raices-y-costumbres-presentes-en-mexico-y-el-mundo-imm","status":"publish","type":"post","link":"https:\/\/www.bbmnoticias.com\/labravaradiofm\/2021\/11\/04\/textiles-de-oaxaca-orgullo-de-nuestras-raices-y-costumbres-presentes-en-mexico-y-el-mundo-imm\/","title":{"rendered":"\u201cTextiles de Oaxaca, orgullo de nuestras ra\u00edces y costumbres, presentes en M\u00e9xico y el Mundo\u201d: IMM"},"content":{"rendered":"<div style=\"margin-top: 0px; margin-bottom: 0px;\" class=\"sharethis-inline-share-buttons\" ><\/div>\n<p><strong>Oaxaca de Ju\u00e1rez, Oax.<\/strong>&#8211; Continuando con la promoci\u00f3n, difusi\u00f3n y apoyo inclusivo y equitativo a las y los artesanos de las diversas comunidades de las 8 regiones del estado, la presidenta honoraria del Sistema para el Desarrollo Integral de la Familia (DIF) Oaxaca, Ivette Mor\u00e1n de Murat, entreg\u00f3 tabletas electr\u00f3nicas a 5 artesanos oaxaque\u00f1os, mismas que ser\u00e1n de gran apoyo en el desarrollo de sus ventas en l\u00ednea, a trav\u00e9s de los diversos canales digitales.<\/p>\n\n\n\n<p>\u201cEstoy muy feliz de estar con grandes maestras y maestros artesanos de nuestro estado, que realizan esos maravillosos textiles \u00fanicos que tiene Oaxaca. Ellos fueron galardonados en el IX Concurso Nacional de Textiles y Rebozos 2021\u201d, se\u00f1al\u00f3 Mor\u00e1n de Murat.<\/p>\n\n\n\n<p>Cabe destacar que, dicha convocatoria fue emitida por el Fondo Nacional para el Fomento de las Artesan\u00edas (Fonart); cuyo objetivo primordial es el de incentivar a las y los artesanos del pa\u00eds, a continuar elaborando piezas cuya creaci\u00f3n se distinga por su aportaci\u00f3n cultural, art\u00edstica y est\u00e9tica. Adem\u00e1s de reconocer sus creaciones originales, a trav\u00e9s de diversos premios y categor\u00edas.<\/p>\n\n\n\n<p><\/p>\n\n\n\n<figure class=\"wp-block-image size-full\"><img loading=\"lazy\" decoding=\"async\" width=\"1024\" height=\"682\" src=\"https:\/\/www.bbmnoticias.com\/labravaradiofm\/wp-content\/uploads\/sites\/5\/2021\/11\/l04112021-24.jpeg\" alt=\"\" class=\"wp-image-4968\" srcset=\"https:\/\/www.bbmnoticias.com\/labravaradiofm\/wp-content\/uploads\/sites\/5\/2021\/11\/l04112021-24.jpeg 1024w, https:\/\/www.bbmnoticias.com\/labravaradiofm\/wp-content\/uploads\/sites\/5\/2021\/11\/l04112021-24-300x200.jpeg 300w, https:\/\/www.bbmnoticias.com\/labravaradiofm\/wp-content\/uploads\/sites\/5\/2021\/11\/l04112021-24-768x512.jpeg 768w, https:\/\/www.bbmnoticias.com\/labravaradiofm\/wp-content\/uploads\/sites\/5\/2021\/11\/l04112021-24-631x420.jpeg 631w, https:\/\/www.bbmnoticias.com\/labravaradiofm\/wp-content\/uploads\/sites\/5\/2021\/11\/l04112021-24-640x426.jpeg 640w, https:\/\/www.bbmnoticias.com\/labravaradiofm\/wp-content\/uploads\/sites\/5\/2021\/11\/l04112021-24-681x454.jpeg 681w\" sizes=\"auto, (max-width: 1024px) 100vw, 1024px\" \/><\/figure>\n\n\n\n<p>Por su parte, Nadia Cl\u00edmaco, directora del Instituto Oaxaque\u00f1o de las Artesan\u00edas (IOA), dijo sentirse orgullosa del trabajo de cada uno de los ah\u00ed presentes, ya que: \u201clas y los artesanos estuvieron presentes en este certamen con piezas \u00fanicas, representando la cultura de sus comunidades y sus regiones, al mismo tiempo que pusieron en alto el nombre de Oaxaca\u201d, expres\u00f3.<\/p>\n\n\n\n<p>Entre las categor\u00edas premiadas a las y los artesanos oaxaque\u00f1os, destacan el \u201cGalard\u00f3n Nacional del Textil\u201d, \u201cMejor Pieza de Innovaci\u00f3n con Tradici\u00f3n\u201d, \u201cEnredos, Posahuancos y Fajas\u201d, \u201cCamisas y Cotones\u201d y \u201cRebozo de Algod\u00f3n\u201d.<\/p>\n\n\n\n<p>Finalmente, estas tabletas otorgadas por la presidenta honoraria del Sistema Estatal DIF Oaxaca, viene a reforzar la comercializaci\u00f3n de sus productos a trav\u00e9s de las diversas plataformas digitales.<\/p>\n\n\n\n<p>Por otro parte, la panader\u00eda del Sistema DIF Oaxaca, finaliz\u00f3 el curso \u201cPanader\u00eda I\u201d, en el cual, se ense\u00f1\u00f3 a 45 ni\u00f1as, ni\u00f1os y adolescentes de entre 10 y 17 a\u00f1os, de la Casa Hogar 2, conocimientos y herramientas necesarias, para poder elaborar panes dulces; desde el proceso de integraci\u00f3n de la masa bizcocho, hasta los procesos de elaboraci\u00f3n y cocci\u00f3n, misma que es b\u00e1sica en la panader\u00eda, y sirve para la elaboraci\u00f3n de diversos panes dulces.<\/p>\n\n\n\n<p><\/p>\n\n\n\n<figure class=\"wp-block-image size-full\"><img loading=\"lazy\" decoding=\"async\" width=\"1024\" height=\"682\" src=\"https:\/\/www.bbmnoticias.com\/labravaradiofm\/wp-content\/uploads\/sites\/5\/2021\/11\/l04112021-25.jpeg\" alt=\"\" class=\"wp-image-4970\" srcset=\"https:\/\/www.bbmnoticias.com\/labravaradiofm\/wp-content\/uploads\/sites\/5\/2021\/11\/l04112021-25.jpeg 1024w, https:\/\/www.bbmnoticias.com\/labravaradiofm\/wp-content\/uploads\/sites\/5\/2021\/11\/l04112021-25-300x200.jpeg 300w, https:\/\/www.bbmnoticias.com\/labravaradiofm\/wp-content\/uploads\/sites\/5\/2021\/11\/l04112021-25-768x512.jpeg 768w, https:\/\/www.bbmnoticias.com\/labravaradiofm\/wp-content\/uploads\/sites\/5\/2021\/11\/l04112021-25-631x420.jpeg 631w, https:\/\/www.bbmnoticias.com\/labravaradiofm\/wp-content\/uploads\/sites\/5\/2021\/11\/l04112021-25-640x426.jpeg 640w, https:\/\/www.bbmnoticias.com\/labravaradiofm\/wp-content\/uploads\/sites\/5\/2021\/11\/l04112021-25-681x454.jpeg 681w\" sizes=\"auto, (max-width: 1024px) 100vw, 1024px\" \/><\/figure>\n\n\n\n<p>Payasos, rebanadas, conchas de vainilla y chocolate oaxaque\u00f1o, fueron algunos de los panes dulces elaborados por las ni\u00f1as y ni\u00f1os y adolescentes de la Casa Hogar 2.<\/p>\n\n\n\n<p>\u201cAl principio, cada una de las y los participantes, no ten\u00edan los conocimientos te\u00f3ricos o pr\u00e1cticos sobre c\u00f3mo elaborar un pan dulce. Pero en el transcurso de los d\u00edas, poco a poco fueron aprendiendo desde los ingredientes necesarios, hasta c\u00f3mo decorar y hornear un pan dulce. Me dio mucho gusto convivir y trabajar con las ni\u00f1as y ni\u00f1os de la Casa Hogar 2\u201d, expres\u00f3 el chef Cuevas.<\/p>\n\n\n\n<p>De igual forma, Gabriel Victoria, encargado del Taller de Panader\u00eda del Sistema DIF Oaxaca, agradeci\u00f3 la iniciativa de este proyecto encabezado por la Sra. Ivette Mor\u00e1n de Murat, y del Director General Christian Holm Rodr\u00edguez; debido a que las ni\u00f1as, ni\u00f1os y adolescentes de la Casa Hogar 2, aprendieron a elaborar panes dulces, y con esto, fomentar en ellos procesos mentales positivos, actitudes y aptitudes que logran su desarrollo integral e incluyentes, lo que adem\u00e1s, les brinda la oportunidad de contar con herramientas para un futuro laboral y productivo en el futuro inmediato.<\/p>\n","protected":false},"excerpt":{"rendered":"<p>Oaxaca de Ju\u00e1rez, Oax.&#8211; Continuando con la promoci\u00f3n, difusi\u00f3n y apoyo inclusivo y equitativo a las y los artesanos de las diversas comunidades de las 8 regiones del estado, la presidenta honoraria del Sistema para el Desarrollo Integral de la Familia (DIF) Oaxaca, Ivette Mor\u00e1n de Murat, entreg\u00f3 tabletas electr\u00f3nicas a 5 artesanos oaxaque\u00f1os, mismas [&hellip;]<\/p>\n","protected":false},"author":2,"featured_media":4966,"comment_status":"closed","ping_status":"closed","sticky":false,"template":"","format":"standard","meta":{"footnotes":""},"categories":[2],"tags":[],"class_list":{"0":"post-4965","1":"post","2":"type-post","3":"status-publish","4":"format-standard","5":"has-post-thumbnail","7":"category-oaxaca"},"yoast_head":"<!-- This site is optimized with the Yoast SEO plugin v27.4 - https:\/\/yoast.com\/product\/yoast-seo-wordpress\/ -->\n<title>\u201cTextiles de Oaxaca, orgullo de nuestras ra\u00edces y costumbres, presentes en M\u00e9xico y el Mundo\u201d: IMM - LA BRAVA RADIO<\/title>\n<meta name=\"robots\" content=\"index, follow, max-snippet:-1, max-image-preview:large, max-video-preview:-1\" \/>\n<link rel=\"canonical\" href=\"https:\/\/www.bbmnoticias.com\/labravaradiofm\/2021\/11\/04\/textiles-de-oaxaca-orgullo-de-nuestras-raices-y-costumbres-presentes-en-mexico-y-el-mundo-imm\/\" \/>\n<meta property=\"og:locale\" content=\"es_MX\" \/>\n<meta property=\"og:type\" content=\"article\" \/>\n<meta property=\"og:title\" content=\"\u201cTextiles de Oaxaca, orgullo de nuestras ra\u00edces y costumbres, presentes en M\u00e9xico y el Mundo\u201d: IMM - LA BRAVA RADIO\" \/>\n<meta property=\"og:description\" content=\"Oaxaca de Ju\u00e1rez, Oax.&#8211; Continuando con la promoci\u00f3n, difusi\u00f3n y apoyo inclusivo y equitativo a las y los artesanos de las diversas comunidades de las 8 regiones del estado, la presidenta honoraria del Sistema para el Desarrollo Integral de la Familia (DIF) Oaxaca, Ivette Mor\u00e1n de Murat, entreg\u00f3 tabletas electr\u00f3nicas a 5 artesanos oaxaque\u00f1os, mismas [&hellip;]\" \/>\n<meta property=\"og:url\" content=\"https:\/\/www.bbmnoticias.com\/labravaradiofm\/2021\/11\/04\/textiles-de-oaxaca-orgullo-de-nuestras-raices-y-costumbres-presentes-en-mexico-y-el-mundo-imm\/\" \/>\n<meta property=\"og:site_name\" content=\"LA BRAVA RADIO\" \/>\n<meta property=\"article:published_time\" content=\"2021-11-05T01:22:58+00:00\" \/>\n<meta property=\"article:modified_time\" content=\"2021-11-05T01:24:00+00:00\" \/>\n<meta property=\"og:image\" content=\"https:\/\/www.bbmnoticias.com\/labravaradiofm\/wp-content\/uploads\/sites\/5\/2021\/11\/l04112021-23.jpeg\" \/>\n\t<meta property=\"og:image:width\" content=\"1024\" \/>\n\t<meta property=\"og:image:height\" content=\"682\" \/>\n\t<meta property=\"og:image:type\" content=\"image\/jpeg\" \/>\n<meta name=\"author\" content=\"Staff\" \/>\n<meta name=\"twitter:card\" content=\"summary_large_image\" \/>\n<meta name=\"twitter:label1\" content=\"Escrito por\" \/>\n\t<meta name=\"twitter:data1\" content=\"Staff\" \/>\n\t<meta name=\"twitter:label2\" content=\"Tiempo de lectura\" \/>\n\t<meta name=\"twitter:data2\" content=\"3 minutos\" \/>\n<script type=\"application\/ld+json\" class=\"yoast-schema-graph\">{\"@context\":\"https:\\\/\\\/schema.org\",\"@graph\":[{\"@type\":\"Article\",\"@id\":\"https:\\\/\\\/www.bbmnoticias.com\\\/labravaradiofm\\\/2021\\\/11\\\/04\\\/textiles-de-oaxaca-orgullo-de-nuestras-raices-y-costumbres-presentes-en-mexico-y-el-mundo-imm\\\/#article\",\"isPartOf\":{\"@id\":\"https:\\\/\\\/www.bbmnoticias.com\\\/labravaradiofm\\\/2021\\\/11\\\/04\\\/textiles-de-oaxaca-orgullo-de-nuestras-raices-y-costumbres-presentes-en-mexico-y-el-mundo-imm\\\/\"},\"author\":{\"name\":\"Staff\",\"@id\":\"https:\\\/\\\/www.bbmnoticias.com\\\/labravaradiofm\\\/#\\\/schema\\\/person\\\/68a9e9036ef3c5b55aeb2b71dc8bab45\"},\"headline\":\"\u201cTextiles de Oaxaca, orgullo de nuestras ra\u00edces y costumbres, presentes en M\u00e9xico y el Mundo\u201d: IMM\",\"datePublished\":\"2021-11-05T01:22:58+00:00\",\"dateModified\":\"2021-11-05T01:24:00+00:00\",\"mainEntityOfPage\":{\"@id\":\"https:\\\/\\\/www.bbmnoticias.com\\\/labravaradiofm\\\/2021\\\/11\\\/04\\\/textiles-de-oaxaca-orgullo-de-nuestras-raices-y-costumbres-presentes-en-mexico-y-el-mundo-imm\\\/\"},\"wordCount\":628,\"image\":{\"@id\":\"https:\\\/\\\/www.bbmnoticias.com\\\/labravaradiofm\\\/2021\\\/11\\\/04\\\/textiles-de-oaxaca-orgullo-de-nuestras-raices-y-costumbres-presentes-en-mexico-y-el-mundo-imm\\\/#primaryimage\"},\"thumbnailUrl\":\"https:\\\/\\\/www.bbmnoticias.com\\\/labravaradiofm\\\/wp-content\\\/uploads\\\/sites\\\/5\\\/2021\\\/11\\\/l04112021-23.jpeg\",\"articleSection\":[\"LOCAL\"],\"inLanguage\":\"es\"},{\"@type\":\"WebPage\",\"@id\":\"https:\\\/\\\/www.bbmnoticias.com\\\/labravaradiofm\\\/2021\\\/11\\\/04\\\/textiles-de-oaxaca-orgullo-de-nuestras-raices-y-costumbres-presentes-en-mexico-y-el-mundo-imm\\\/\",\"url\":\"https:\\\/\\\/www.bbmnoticias.com\\\/labravaradiofm\\\/2021\\\/11\\\/04\\\/textiles-de-oaxaca-orgullo-de-nuestras-raices-y-costumbres-presentes-en-mexico-y-el-mundo-imm\\\/\",\"name\":\"\u201cTextiles de Oaxaca, orgullo de nuestras ra\u00edces y costumbres, presentes en M\u00e9xico y el Mundo\u201d: IMM - LA BRAVA RADIO\",\"isPartOf\":{\"@id\":\"https:\\\/\\\/www.bbmnoticias.com\\\/labravaradiofm\\\/#website\"},\"primaryImageOfPage\":{\"@id\":\"https:\\\/\\\/www.bbmnoticias.com\\\/labravaradiofm\\\/2021\\\/11\\\/04\\\/textiles-de-oaxaca-orgullo-de-nuestras-raices-y-costumbres-presentes-en-mexico-y-el-mundo-imm\\\/#primaryimage\"},\"image\":{\"@id\":\"https:\\\/\\\/www.bbmnoticias.com\\\/labravaradiofm\\\/2021\\\/11\\\/04\\\/textiles-de-oaxaca-orgullo-de-nuestras-raices-y-costumbres-presentes-en-mexico-y-el-mundo-imm\\\/#primaryimage\"},\"thumbnailUrl\":\"https:\\\/\\\/www.bbmnoticias.com\\\/labravaradiofm\\\/wp-content\\\/uploads\\\/sites\\\/5\\\/2021\\\/11\\\/l04112021-23.jpeg\",\"datePublished\":\"2021-11-05T01:22:58+00:00\",\"dateModified\":\"2021-11-05T01:24:00+00:00\",\"author\":{\"@id\":\"https:\\\/\\\/www.bbmnoticias.com\\\/labravaradiofm\\\/#\\\/schema\\\/person\\\/68a9e9036ef3c5b55aeb2b71dc8bab45\"},\"breadcrumb\":{\"@id\":\"https:\\\/\\\/www.bbmnoticias.com\\\/labravaradiofm\\\/2021\\\/11\\\/04\\\/textiles-de-oaxaca-orgullo-de-nuestras-raices-y-costumbres-presentes-en-mexico-y-el-mundo-imm\\\/#breadcrumb\"},\"inLanguage\":\"es\",\"potentialAction\":[{\"@type\":\"ReadAction\",\"target\":[\"https:\\\/\\\/www.bbmnoticias.com\\\/labravaradiofm\\\/2021\\\/11\\\/04\\\/textiles-de-oaxaca-orgullo-de-nuestras-raices-y-costumbres-presentes-en-mexico-y-el-mundo-imm\\\/\"]}]},{\"@type\":\"ImageObject\",\"inLanguage\":\"es\",\"@id\":\"https:\\\/\\\/www.bbmnoticias.com\\\/labravaradiofm\\\/2021\\\/11\\\/04\\\/textiles-de-oaxaca-orgullo-de-nuestras-raices-y-costumbres-presentes-en-mexico-y-el-mundo-imm\\\/#primaryimage\",\"url\":\"https:\\\/\\\/www.bbmnoticias.com\\\/labravaradiofm\\\/wp-content\\\/uploads\\\/sites\\\/5\\\/2021\\\/11\\\/l04112021-23.jpeg\",\"contentUrl\":\"https:\\\/\\\/www.bbmnoticias.com\\\/labravaradiofm\\\/wp-content\\\/uploads\\\/sites\\\/5\\\/2021\\\/11\\\/l04112021-23.jpeg\",\"width\":1024,\"height\":682},{\"@type\":\"BreadcrumbList\",\"@id\":\"https:\\\/\\\/www.bbmnoticias.com\\\/labravaradiofm\\\/2021\\\/11\\\/04\\\/textiles-de-oaxaca-orgullo-de-nuestras-raices-y-costumbres-presentes-en-mexico-y-el-mundo-imm\\\/#breadcrumb\",\"itemListElement\":[{\"@type\":\"ListItem\",\"position\":1,\"name\":\"Inicio\",\"item\":\"https:\\\/\\\/www.bbmnoticias.com\\\/labravaradiofm\\\/\"},{\"@type\":\"ListItem\",\"position\":2,\"name\":\"\u201cTextiles de Oaxaca, orgullo de nuestras ra\u00edces y costumbres, presentes en M\u00e9xico y el Mundo\u201d: IMM\"}]},{\"@type\":\"WebSite\",\"@id\":\"https:\\\/\\\/www.bbmnoticias.com\\\/labravaradiofm\\\/#website\",\"url\":\"https:\\\/\\\/www.bbmnoticias.com\\\/labravaradiofm\\\/\",\"name\":\"LA BRAVA RADIO\",\"description\":\"Empresa productora de medios, Radiodifusi\u00f3n, Noticias, tendencias y todo lo que necesitas saber de la pol\u00edtica mexicana e internacional; entretenimiento, espect\u00e1culos, salud y mucho m\u00e1s.\",\"potentialAction\":[{\"@type\":\"SearchAction\",\"target\":{\"@type\":\"EntryPoint\",\"urlTemplate\":\"https:\\\/\\\/www.bbmnoticias.com\\\/labravaradiofm\\\/?s={search_term_string}\"},\"query-input\":{\"@type\":\"PropertyValueSpecification\",\"valueRequired\":true,\"valueName\":\"search_term_string\"}}],\"inLanguage\":\"es\"},{\"@type\":\"Person\",\"@id\":\"https:\\\/\\\/www.bbmnoticias.com\\\/labravaradiofm\\\/#\\\/schema\\\/person\\\/68a9e9036ef3c5b55aeb2b71dc8bab45\",\"name\":\"Staff\",\"image\":{\"@type\":\"ImageObject\",\"inLanguage\":\"es\",\"@id\":\"https:\\\/\\\/secure.gravatar.com\\\/avatar\\\/fdd21ad66fd8b98c407f9dee5b5e588cfe7f0d8579ec20fa6527cd59bab7f0f0?s=96&d=mm&r=g\",\"url\":\"https:\\\/\\\/secure.gravatar.com\\\/avatar\\\/fdd21ad66fd8b98c407f9dee5b5e588cfe7f0d8579ec20fa6527cd59bab7f0f0?s=96&d=mm&r=g\",\"contentUrl\":\"https:\\\/\\\/secure.gravatar.com\\\/avatar\\\/fdd21ad66fd8b98c407f9dee5b5e588cfe7f0d8579ec20fa6527cd59bab7f0f0?s=96&d=mm&r=g\",\"caption\":\"Staff\"},\"url\":\"https:\\\/\\\/www.bbmnoticias.com\\\/labravaradiofm\\\/author\\\/redaccion\\\/\"}]}<\/script>\n<!-- \/ Yoast SEO plugin. -->","yoast_head_json":{"title":"\u201cTextiles de Oaxaca, orgullo de nuestras ra\u00edces y costumbres, presentes en M\u00e9xico y el Mundo\u201d: IMM - LA BRAVA RADIO","robots":{"index":"index","follow":"follow","max-snippet":"max-snippet:-1","max-image-preview":"max-image-preview:large","max-video-preview":"max-video-preview:-1"},"canonical":"https:\/\/www.bbmnoticias.com\/labravaradiofm\/2021\/11\/04\/textiles-de-oaxaca-orgullo-de-nuestras-raices-y-costumbres-presentes-en-mexico-y-el-mundo-imm\/","og_locale":"es_MX","og_type":"article","og_title":"\u201cTextiles de Oaxaca, orgullo de nuestras ra\u00edces y costumbres, presentes en M\u00e9xico y el Mundo\u201d: IMM - LA BRAVA RADIO","og_description":"Oaxaca de Ju\u00e1rez, Oax.&#8211; Continuando con la promoci\u00f3n, difusi\u00f3n y apoyo inclusivo y equitativo a las y los artesanos de las diversas comunidades de las 8 regiones del estado, la presidenta honoraria del Sistema para el Desarrollo Integral de la Familia (DIF) Oaxaca, Ivette Mor\u00e1n de Murat, entreg\u00f3 tabletas electr\u00f3nicas a 5 artesanos oaxaque\u00f1os, mismas [&hellip;]","og_url":"https:\/\/www.bbmnoticias.com\/labravaradiofm\/2021\/11\/04\/textiles-de-oaxaca-orgullo-de-nuestras-raices-y-costumbres-presentes-en-mexico-y-el-mundo-imm\/","og_site_name":"LA BRAVA RADIO","article_published_time":"2021-11-05T01:22:58+00:00","article_modified_time":"2021-11-05T01:24:00+00:00","og_image":[{"width":1024,"height":682,"url":"https:\/\/www.bbmnoticias.com\/labravaradiofm\/wp-content\/uploads\/sites\/5\/2021\/11\/l04112021-23.jpeg","type":"image\/jpeg"}],"author":"Staff","twitter_card":"summary_large_image","twitter_misc":{"Escrito por":"Staff","Tiempo de lectura":"3 minutos"},"schema":{"@context":"https:\/\/schema.org","@graph":[{"@type":"Article","@id":"https:\/\/www.bbmnoticias.com\/labravaradiofm\/2021\/11\/04\/textiles-de-oaxaca-orgullo-de-nuestras-raices-y-costumbres-presentes-en-mexico-y-el-mundo-imm\/#article","isPartOf":{"@id":"https:\/\/www.bbmnoticias.com\/labravaradiofm\/2021\/11\/04\/textiles-de-oaxaca-orgullo-de-nuestras-raices-y-costumbres-presentes-en-mexico-y-el-mundo-imm\/"},"author":{"name":"Staff","@id":"https:\/\/www.bbmnoticias.com\/labravaradiofm\/#\/schema\/person\/68a9e9036ef3c5b55aeb2b71dc8bab45"},"headline":"\u201cTextiles de Oaxaca, orgullo de nuestras ra\u00edces y costumbres, presentes en M\u00e9xico y el Mundo\u201d: IMM","datePublished":"2021-11-05T01:22:58+00:00","dateModified":"2021-11-05T01:24:00+00:00","mainEntityOfPage":{"@id":"https:\/\/www.bbmnoticias.com\/labravaradiofm\/2021\/11\/04\/textiles-de-oaxaca-orgullo-de-nuestras-raices-y-costumbres-presentes-en-mexico-y-el-mundo-imm\/"},"wordCount":628,"image":{"@id":"https:\/\/www.bbmnoticias.com\/labravaradiofm\/2021\/11\/04\/textiles-de-oaxaca-orgullo-de-nuestras-raices-y-costumbres-presentes-en-mexico-y-el-mundo-imm\/#primaryimage"},"thumbnailUrl":"https:\/\/www.bbmnoticias.com\/labravaradiofm\/wp-content\/uploads\/sites\/5\/2021\/11\/l04112021-23.jpeg","articleSection":["LOCAL"],"inLanguage":"es"},{"@type":"WebPage","@id":"https:\/\/www.bbmnoticias.com\/labravaradiofm\/2021\/11\/04\/textiles-de-oaxaca-orgullo-de-nuestras-raices-y-costumbres-presentes-en-mexico-y-el-mundo-imm\/","url":"https:\/\/www.bbmnoticias.com\/labravaradiofm\/2021\/11\/04\/textiles-de-oaxaca-orgullo-de-nuestras-raices-y-costumbres-presentes-en-mexico-y-el-mundo-imm\/","name":"\u201cTextiles de Oaxaca, orgullo de nuestras ra\u00edces y costumbres, presentes en M\u00e9xico y el Mundo\u201d: IMM - LA BRAVA RADIO","isPartOf":{"@id":"https:\/\/www.bbmnoticias.com\/labravaradiofm\/#website"},"primaryImageOfPage":{"@id":"https:\/\/www.bbmnoticias.com\/labravaradiofm\/2021\/11\/04\/textiles-de-oaxaca-orgullo-de-nuestras-raices-y-costumbres-presentes-en-mexico-y-el-mundo-imm\/#primaryimage"},"image":{"@id":"https:\/\/www.bbmnoticias.com\/labravaradiofm\/2021\/11\/04\/textiles-de-oaxaca-orgullo-de-nuestras-raices-y-costumbres-presentes-en-mexico-y-el-mundo-imm\/#primaryimage"},"thumbnailUrl":"https:\/\/www.bbmnoticias.com\/labravaradiofm\/wp-content\/uploads\/sites\/5\/2021\/11\/l04112021-23.jpeg","datePublished":"2021-11-05T01:22:58+00:00","dateModified":"2021-11-05T01:24:00+00:00","author":{"@id":"https:\/\/www.bbmnoticias.com\/labravaradiofm\/#\/schema\/person\/68a9e9036ef3c5b55aeb2b71dc8bab45"},"breadcrumb":{"@id":"https:\/\/www.bbmnoticias.com\/labravaradiofm\/2021\/11\/04\/textiles-de-oaxaca-orgullo-de-nuestras-raices-y-costumbres-presentes-en-mexico-y-el-mundo-imm\/#breadcrumb"},"inLanguage":"es","potentialAction":[{"@type":"ReadAction","target":["https:\/\/www.bbmnoticias.com\/labravaradiofm\/2021\/11\/04\/textiles-de-oaxaca-orgullo-de-nuestras-raices-y-costumbres-presentes-en-mexico-y-el-mundo-imm\/"]}]},{"@type":"ImageObject","inLanguage":"es","@id":"https:\/\/www.bbmnoticias.com\/labravaradiofm\/2021\/11\/04\/textiles-de-oaxaca-orgullo-de-nuestras-raices-y-costumbres-presentes-en-mexico-y-el-mundo-imm\/#primaryimage","url":"https:\/\/www.bbmnoticias.com\/labravaradiofm\/wp-content\/uploads\/sites\/5\/2021\/11\/l04112021-23.jpeg","contentUrl":"https:\/\/www.bbmnoticias.com\/labravaradiofm\/wp-content\/uploads\/sites\/5\/2021\/11\/l04112021-23.jpeg","width":1024,"height":682},{"@type":"BreadcrumbList","@id":"https:\/\/www.bbmnoticias.com\/labravaradiofm\/2021\/11\/04\/textiles-de-oaxaca-orgullo-de-nuestras-raices-y-costumbres-presentes-en-mexico-y-el-mundo-imm\/#breadcrumb","itemListElement":[{"@type":"ListItem","position":1,"name":"Inicio","item":"https:\/\/www.bbmnoticias.com\/labravaradiofm\/"},{"@type":"ListItem","position":2,"name":"\u201cTextiles de Oaxaca, orgullo de nuestras ra\u00edces y costumbres, presentes en M\u00e9xico y el Mundo\u201d: IMM"}]},{"@type":"WebSite","@id":"https:\/\/www.bbmnoticias.com\/labravaradiofm\/#website","url":"https:\/\/www.bbmnoticias.com\/labravaradiofm\/","name":"LA BRAVA RADIO","description":"Empresa productora de medios, Radiodifusi\u00f3n, Noticias, tendencias y todo lo que necesitas saber de la pol\u00edtica mexicana e internacional; entretenimiento, espect\u00e1culos, salud y mucho m\u00e1s.","potentialAction":[{"@type":"SearchAction","target":{"@type":"EntryPoint","urlTemplate":"https:\/\/www.bbmnoticias.com\/labravaradiofm\/?s={search_term_string}"},"query-input":{"@type":"PropertyValueSpecification","valueRequired":true,"valueName":"search_term_string"}}],"inLanguage":"es"},{"@type":"Person","@id":"https:\/\/www.bbmnoticias.com\/labravaradiofm\/#\/schema\/person\/68a9e9036ef3c5b55aeb2b71dc8bab45","name":"Staff","image":{"@type":"ImageObject","inLanguage":"es","@id":"https:\/\/secure.gravatar.com\/avatar\/fdd21ad66fd8b98c407f9dee5b5e588cfe7f0d8579ec20fa6527cd59bab7f0f0?s=96&d=mm&r=g","url":"https:\/\/secure.gravatar.com\/avatar\/fdd21ad66fd8b98c407f9dee5b5e588cfe7f0d8579ec20fa6527cd59bab7f0f0?s=96&d=mm&r=g","contentUrl":"https:\/\/secure.gravatar.com\/avatar\/fdd21ad66fd8b98c407f9dee5b5e588cfe7f0d8579ec20fa6527cd59bab7f0f0?s=96&d=mm&r=g","caption":"Staff"},"url":"https:\/\/www.bbmnoticias.com\/labravaradiofm\/author\/redaccion\/"}]}},"_links":{"self":[{"href":"https:\/\/www.bbmnoticias.com\/labravaradiofm\/wp-json\/wp\/v2\/posts\/4965","targetHints":{"allow":["GET"]}}],"collection":[{"href":"https:\/\/www.bbmnoticias.com\/labravaradiofm\/wp-json\/wp\/v2\/posts"}],"about":[{"href":"https:\/\/www.bbmnoticias.com\/labravaradiofm\/wp-json\/wp\/v2\/types\/post"}],"author":[{"embeddable":true,"href":"https:\/\/www.bbmnoticias.com\/labravaradiofm\/wp-json\/wp\/v2\/users\/2"}],"replies":[{"embeddable":true,"href":"https:\/\/www.bbmnoticias.com\/labravaradiofm\/wp-json\/wp\/v2\/comments?post=4965"}],"version-history":[{"count":0,"href":"https:\/\/www.bbmnoticias.com\/labravaradiofm\/wp-json\/wp\/v2\/posts\/4965\/revisions"}],"wp:featuredmedia":[{"embeddable":true,"href":"https:\/\/www.bbmnoticias.com\/labravaradiofm\/wp-json\/wp\/v2\/media\/4966"}],"wp:attachment":[{"href":"https:\/\/www.bbmnoticias.com\/labravaradiofm\/wp-json\/wp\/v2\/media?parent=4965"}],"wp:term":[{"taxonomy":"category","embeddable":true,"href":"https:\/\/www.bbmnoticias.com\/labravaradiofm\/wp-json\/wp\/v2\/categories?post=4965"},{"taxonomy":"post_tag","embeddable":true,"href":"https:\/\/www.bbmnoticias.com\/labravaradiofm\/wp-json\/wp\/v2\/tags?post=4965"}],"curies":[{"name":"wp","href":"https:\/\/api.w.org\/{rel}","templated":true}]}}