{"id":4947,"date":"2021-11-04T17:02:09","date_gmt":"2021-11-04T23:02:09","guid":{"rendered":"https:\/\/www.bbmnoticias.com\/labravaradiofm\/?p=4947"},"modified":"2021-11-04T17:02:10","modified_gmt":"2021-11-04T23:02:10","slug":"reconocen-en-el-autodromo-hermanos-rodriguez-a-personal-medico-que-atendio-a-pacientes-con-covid-19","status":"publish","type":"post","link":"https:\/\/www.bbmnoticias.com\/labravaradiofm\/2021\/11\/04\/reconocen-en-el-autodromo-hermanos-rodriguez-a-personal-medico-que-atendio-a-pacientes-con-covid-19\/","title":{"rendered":"Reconocen en el Aut\u00f3dromo Hermanos Rodr\u00edguez a personal m\u00e9dico que atendi\u00f3 a pacientes con COVID-19"},"content":{"rendered":"<div style=\"margin-top: 0px; margin-bottom: 0px;\" class=\"sharethis-inline-share-buttons\" ><\/div>\n<p>En el Aut\u00f3dromo Hermanos Rodr\u00edguez, el director general del Instituto Mexicano del Seguro Social (IMSS), Zo\u00e9 Robledo, particip\u00f3 junto con la Jefa de Gobierno de la Ciudad de M\u00e9xico, Claudia Sheinbaum; Stefano Domenicali, CEO de Grupo Formula 1; y Luis Alejandro Sober\u00f3n Kuri, Presidente Ejecutivo y Director General de CIE, en la develaci\u00f3n de la placa de reconocimiento al personal de salud del Instituto que hizo posible la recuperaci\u00f3n de 8 mil 237 personas enfermas de COVID-19, atendidas en el Centro de Atenci\u00f3n Temporal que se instal\u00f3 en el Aut\u00f3dromo. <\/p>\n\n\n\n<p>Este hospital temporal fue el emblema del IMSS en la lucha contra la pandemia y se convirti\u00f3 en una fortaleza m\u00e9dica en la etapa m\u00e1s cr\u00edtica en la Ciudad de M\u00e9xico.<\/p>\n","protected":false},"excerpt":{"rendered":"<p>En el Aut\u00f3dromo Hermanos Rodr\u00edguez, el director general del Instituto Mexicano del Seguro Social (IMSS), Zo\u00e9 Robledo, particip\u00f3 junto con la Jefa de Gobierno de la Ciudad de M\u00e9xico, Claudia Sheinbaum; Stefano Domenicali, CEO de Grupo Formula 1; y Luis Alejandro Sober\u00f3n Kuri, Presidente Ejecutivo y Director General de CIE, en la develaci\u00f3n de la [&hellip;]<\/p>\n","protected":false},"author":2,"featured_media":4948,"comment_status":"closed","ping_status":"closed","sticky":false,"template":"","format":"standard","meta":{"footnotes":""},"categories":[19],"tags":[],"class_list":{"0":"post-4947","1":"post","2":"type-post","3":"status-publish","4":"format-standard","5":"has-post-thumbnail","7":"category-nacional"},"yoast_head":"<!-- This site is optimized with the Yoast SEO plugin v27.4 - https:\/\/yoast.com\/product\/yoast-seo-wordpress\/ -->\n<title>Reconocen en el Aut\u00f3dromo Hermanos Rodr\u00edguez a personal m\u00e9dico que atendi\u00f3 a pacientes con COVID-19 - LA BRAVA RADIO<\/title>\n<meta name=\"robots\" content=\"index, follow, max-snippet:-1, max-image-preview:large, max-video-preview:-1\" \/>\n<link rel=\"canonical\" href=\"https:\/\/www.bbmnoticias.com\/labravaradiofm\/2021\/11\/04\/reconocen-en-el-autodromo-hermanos-rodriguez-a-personal-medico-que-atendio-a-pacientes-con-covid-19\/\" \/>\n<meta property=\"og:locale\" content=\"es_MX\" \/>\n<meta property=\"og:type\" content=\"article\" \/>\n<meta property=\"og:title\" content=\"Reconocen en el Aut\u00f3dromo Hermanos Rodr\u00edguez a personal m\u00e9dico que atendi\u00f3 a pacientes con COVID-19 - LA BRAVA RADIO\" \/>\n<meta property=\"og:description\" content=\"En el Aut\u00f3dromo Hermanos Rodr\u00edguez, el director general del Instituto Mexicano del Seguro Social (IMSS), Zo\u00e9 Robledo, particip\u00f3 junto con la Jefa de Gobierno de la Ciudad de M\u00e9xico, Claudia Sheinbaum; Stefano Domenicali, CEO de Grupo Formula 1; y Luis Alejandro Sober\u00f3n Kuri, Presidente Ejecutivo y Director General de CIE, en la develaci\u00f3n de la [&hellip;]\" \/>\n<meta property=\"og:url\" content=\"https:\/\/www.bbmnoticias.com\/labravaradiofm\/2021\/11\/04\/reconocen-en-el-autodromo-hermanos-rodriguez-a-personal-medico-que-atendio-a-pacientes-con-covid-19\/\" \/>\n<meta property=\"og:site_name\" content=\"LA BRAVA RADIO\" \/>\n<meta property=\"article:published_time\" content=\"2021-11-04T23:02:09+00:00\" \/>\n<meta property=\"article:modified_time\" content=\"2021-11-04T23:02:10+00:00\" \/>\n<meta property=\"og:image\" content=\"https:\/\/www.bbmnoticias.com\/labravaradiofm\/wp-content\/uploads\/sites\/5\/2021\/11\/n04112021-1-1.jpg\" \/>\n\t<meta property=\"og:image:width\" content=\"1024\" \/>\n\t<meta property=\"og:image:height\" content=\"684\" \/>\n\t<meta property=\"og:image:type\" content=\"image\/jpeg\" \/>\n<meta name=\"author\" content=\"Staff\" \/>\n<meta name=\"twitter:card\" content=\"summary_large_image\" \/>\n<meta name=\"twitter:label1\" content=\"Escrito por\" \/>\n\t<meta name=\"twitter:data1\" content=\"Staff\" \/>\n\t<meta name=\"twitter:label2\" content=\"Tiempo de lectura\" \/>\n\t<meta name=\"twitter:data2\" content=\"1 minuto\" \/>\n<script type=\"application\/ld+json\" class=\"yoast-schema-graph\">{\"@context\":\"https:\\\/\\\/schema.org\",\"@graph\":[{\"@type\":\"Article\",\"@id\":\"https:\\\/\\\/www.bbmnoticias.com\\\/labravaradiofm\\\/2021\\\/11\\\/04\\\/reconocen-en-el-autodromo-hermanos-rodriguez-a-personal-medico-que-atendio-a-pacientes-con-covid-19\\\/#article\",\"isPartOf\":{\"@id\":\"https:\\\/\\\/www.bbmnoticias.com\\\/labravaradiofm\\\/2021\\\/11\\\/04\\\/reconocen-en-el-autodromo-hermanos-rodriguez-a-personal-medico-que-atendio-a-pacientes-con-covid-19\\\/\"},\"author\":{\"name\":\"Staff\",\"@id\":\"https:\\\/\\\/www.bbmnoticias.com\\\/labravaradiofm\\\/#\\\/schema\\\/person\\\/68a9e9036ef3c5b55aeb2b71dc8bab45\"},\"headline\":\"Reconocen en el Aut\u00f3dromo Hermanos Rodr\u00edguez a personal m\u00e9dico que atendi\u00f3 a pacientes con COVID-19\",\"datePublished\":\"2021-11-04T23:02:09+00:00\",\"dateModified\":\"2021-11-04T23:02:10+00:00\",\"mainEntityOfPage\":{\"@id\":\"https:\\\/\\\/www.bbmnoticias.com\\\/labravaradiofm\\\/2021\\\/11\\\/04\\\/reconocen-en-el-autodromo-hermanos-rodriguez-a-personal-medico-que-atendio-a-pacientes-con-covid-19\\\/\"},\"wordCount\":148,\"image\":{\"@id\":\"https:\\\/\\\/www.bbmnoticias.com\\\/labravaradiofm\\\/2021\\\/11\\\/04\\\/reconocen-en-el-autodromo-hermanos-rodriguez-a-personal-medico-que-atendio-a-pacientes-con-covid-19\\\/#primaryimage\"},\"thumbnailUrl\":\"https:\\\/\\\/www.bbmnoticias.com\\\/labravaradiofm\\\/wp-content\\\/uploads\\\/sites\\\/5\\\/2021\\\/11\\\/n04112021-1-1.jpg\",\"articleSection\":[\"NACIONAL\"],\"inLanguage\":\"es\"},{\"@type\":\"WebPage\",\"@id\":\"https:\\\/\\\/www.bbmnoticias.com\\\/labravaradiofm\\\/2021\\\/11\\\/04\\\/reconocen-en-el-autodromo-hermanos-rodriguez-a-personal-medico-que-atendio-a-pacientes-con-covid-19\\\/\",\"url\":\"https:\\\/\\\/www.bbmnoticias.com\\\/labravaradiofm\\\/2021\\\/11\\\/04\\\/reconocen-en-el-autodromo-hermanos-rodriguez-a-personal-medico-que-atendio-a-pacientes-con-covid-19\\\/\",\"name\":\"Reconocen en el Aut\u00f3dromo Hermanos Rodr\u00edguez a personal m\u00e9dico que atendi\u00f3 a pacientes con COVID-19 - LA BRAVA RADIO\",\"isPartOf\":{\"@id\":\"https:\\\/\\\/www.bbmnoticias.com\\\/labravaradiofm\\\/#website\"},\"primaryImageOfPage\":{\"@id\":\"https:\\\/\\\/www.bbmnoticias.com\\\/labravaradiofm\\\/2021\\\/11\\\/04\\\/reconocen-en-el-autodromo-hermanos-rodriguez-a-personal-medico-que-atendio-a-pacientes-con-covid-19\\\/#primaryimage\"},\"image\":{\"@id\":\"https:\\\/\\\/www.bbmnoticias.com\\\/labravaradiofm\\\/2021\\\/11\\\/04\\\/reconocen-en-el-autodromo-hermanos-rodriguez-a-personal-medico-que-atendio-a-pacientes-con-covid-19\\\/#primaryimage\"},\"thumbnailUrl\":\"https:\\\/\\\/www.bbmnoticias.com\\\/labravaradiofm\\\/wp-content\\\/uploads\\\/sites\\\/5\\\/2021\\\/11\\\/n04112021-1-1.jpg\",\"datePublished\":\"2021-11-04T23:02:09+00:00\",\"dateModified\":\"2021-11-04T23:02:10+00:00\",\"author\":{\"@id\":\"https:\\\/\\\/www.bbmnoticias.com\\\/labravaradiofm\\\/#\\\/schema\\\/person\\\/68a9e9036ef3c5b55aeb2b71dc8bab45\"},\"breadcrumb\":{\"@id\":\"https:\\\/\\\/www.bbmnoticias.com\\\/labravaradiofm\\\/2021\\\/11\\\/04\\\/reconocen-en-el-autodromo-hermanos-rodriguez-a-personal-medico-que-atendio-a-pacientes-con-covid-19\\\/#breadcrumb\"},\"inLanguage\":\"es\",\"potentialAction\":[{\"@type\":\"ReadAction\",\"target\":[\"https:\\\/\\\/www.bbmnoticias.com\\\/labravaradiofm\\\/2021\\\/11\\\/04\\\/reconocen-en-el-autodromo-hermanos-rodriguez-a-personal-medico-que-atendio-a-pacientes-con-covid-19\\\/\"]}]},{\"@type\":\"ImageObject\",\"inLanguage\":\"es\",\"@id\":\"https:\\\/\\\/www.bbmnoticias.com\\\/labravaradiofm\\\/2021\\\/11\\\/04\\\/reconocen-en-el-autodromo-hermanos-rodriguez-a-personal-medico-que-atendio-a-pacientes-con-covid-19\\\/#primaryimage\",\"url\":\"https:\\\/\\\/www.bbmnoticias.com\\\/labravaradiofm\\\/wp-content\\\/uploads\\\/sites\\\/5\\\/2021\\\/11\\\/n04112021-1-1.jpg\",\"contentUrl\":\"https:\\\/\\\/www.bbmnoticias.com\\\/labravaradiofm\\\/wp-content\\\/uploads\\\/sites\\\/5\\\/2021\\\/11\\\/n04112021-1-1.jpg\",\"width\":1024,\"height\":684},{\"@type\":\"BreadcrumbList\",\"@id\":\"https:\\\/\\\/www.bbmnoticias.com\\\/labravaradiofm\\\/2021\\\/11\\\/04\\\/reconocen-en-el-autodromo-hermanos-rodriguez-a-personal-medico-que-atendio-a-pacientes-con-covid-19\\\/#breadcrumb\",\"itemListElement\":[{\"@type\":\"ListItem\",\"position\":1,\"name\":\"Inicio\",\"item\":\"https:\\\/\\\/www.bbmnoticias.com\\\/labravaradiofm\\\/\"},{\"@type\":\"ListItem\",\"position\":2,\"name\":\"Reconocen en el Aut\u00f3dromo Hermanos Rodr\u00edguez a personal m\u00e9dico que atendi\u00f3 a pacientes con COVID-19\"}]},{\"@type\":\"WebSite\",\"@id\":\"https:\\\/\\\/www.bbmnoticias.com\\\/labravaradiofm\\\/#website\",\"url\":\"https:\\\/\\\/www.bbmnoticias.com\\\/labravaradiofm\\\/\",\"name\":\"LA BRAVA RADIO\",\"description\":\"Empresa productora de medios, Radiodifusi\u00f3n, Noticias, tendencias y todo lo que necesitas saber de la pol\u00edtica mexicana e internacional; entretenimiento, espect\u00e1culos, salud y mucho m\u00e1s.\",\"potentialAction\":[{\"@type\":\"SearchAction\",\"target\":{\"@type\":\"EntryPoint\",\"urlTemplate\":\"https:\\\/\\\/www.bbmnoticias.com\\\/labravaradiofm\\\/?s={search_term_string}\"},\"query-input\":{\"@type\":\"PropertyValueSpecification\",\"valueRequired\":true,\"valueName\":\"search_term_string\"}}],\"inLanguage\":\"es\"},{\"@type\":\"Person\",\"@id\":\"https:\\\/\\\/www.bbmnoticias.com\\\/labravaradiofm\\\/#\\\/schema\\\/person\\\/68a9e9036ef3c5b55aeb2b71dc8bab45\",\"name\":\"Staff\",\"image\":{\"@type\":\"ImageObject\",\"inLanguage\":\"es\",\"@id\":\"https:\\\/\\\/secure.gravatar.com\\\/avatar\\\/fdd21ad66fd8b98c407f9dee5b5e588cfe7f0d8579ec20fa6527cd59bab7f0f0?s=96&d=mm&r=g\",\"url\":\"https:\\\/\\\/secure.gravatar.com\\\/avatar\\\/fdd21ad66fd8b98c407f9dee5b5e588cfe7f0d8579ec20fa6527cd59bab7f0f0?s=96&d=mm&r=g\",\"contentUrl\":\"https:\\\/\\\/secure.gravatar.com\\\/avatar\\\/fdd21ad66fd8b98c407f9dee5b5e588cfe7f0d8579ec20fa6527cd59bab7f0f0?s=96&d=mm&r=g\",\"caption\":\"Staff\"},\"url\":\"https:\\\/\\\/www.bbmnoticias.com\\\/labravaradiofm\\\/author\\\/redaccion\\\/\"}]}<\/script>\n<!-- \/ Yoast SEO plugin. -->","yoast_head_json":{"title":"Reconocen en el Aut\u00f3dromo Hermanos Rodr\u00edguez a personal m\u00e9dico que atendi\u00f3 a pacientes con COVID-19 - LA BRAVA RADIO","robots":{"index":"index","follow":"follow","max-snippet":"max-snippet:-1","max-image-preview":"max-image-preview:large","max-video-preview":"max-video-preview:-1"},"canonical":"https:\/\/www.bbmnoticias.com\/labravaradiofm\/2021\/11\/04\/reconocen-en-el-autodromo-hermanos-rodriguez-a-personal-medico-que-atendio-a-pacientes-con-covid-19\/","og_locale":"es_MX","og_type":"article","og_title":"Reconocen en el Aut\u00f3dromo Hermanos Rodr\u00edguez a personal m\u00e9dico que atendi\u00f3 a pacientes con COVID-19 - LA BRAVA RADIO","og_description":"En el Aut\u00f3dromo Hermanos Rodr\u00edguez, el director general del Instituto Mexicano del Seguro Social (IMSS), Zo\u00e9 Robledo, particip\u00f3 junto con la Jefa de Gobierno de la Ciudad de M\u00e9xico, Claudia Sheinbaum; Stefano Domenicali, CEO de Grupo Formula 1; y Luis Alejandro Sober\u00f3n Kuri, Presidente Ejecutivo y Director General de CIE, en la develaci\u00f3n de la [&hellip;]","og_url":"https:\/\/www.bbmnoticias.com\/labravaradiofm\/2021\/11\/04\/reconocen-en-el-autodromo-hermanos-rodriguez-a-personal-medico-que-atendio-a-pacientes-con-covid-19\/","og_site_name":"LA BRAVA RADIO","article_published_time":"2021-11-04T23:02:09+00:00","article_modified_time":"2021-11-04T23:02:10+00:00","og_image":[{"width":1024,"height":684,"url":"https:\/\/www.bbmnoticias.com\/labravaradiofm\/wp-content\/uploads\/sites\/5\/2021\/11\/n04112021-1-1.jpg","type":"image\/jpeg"}],"author":"Staff","twitter_card":"summary_large_image","twitter_misc":{"Escrito por":"Staff","Tiempo de lectura":"1 minuto"},"schema":{"@context":"https:\/\/schema.org","@graph":[{"@type":"Article","@id":"https:\/\/www.bbmnoticias.com\/labravaradiofm\/2021\/11\/04\/reconocen-en-el-autodromo-hermanos-rodriguez-a-personal-medico-que-atendio-a-pacientes-con-covid-19\/#article","isPartOf":{"@id":"https:\/\/www.bbmnoticias.com\/labravaradiofm\/2021\/11\/04\/reconocen-en-el-autodromo-hermanos-rodriguez-a-personal-medico-que-atendio-a-pacientes-con-covid-19\/"},"author":{"name":"Staff","@id":"https:\/\/www.bbmnoticias.com\/labravaradiofm\/#\/schema\/person\/68a9e9036ef3c5b55aeb2b71dc8bab45"},"headline":"Reconocen en el Aut\u00f3dromo Hermanos Rodr\u00edguez a personal m\u00e9dico que atendi\u00f3 a pacientes con COVID-19","datePublished":"2021-11-04T23:02:09+00:00","dateModified":"2021-11-04T23:02:10+00:00","mainEntityOfPage":{"@id":"https:\/\/www.bbmnoticias.com\/labravaradiofm\/2021\/11\/04\/reconocen-en-el-autodromo-hermanos-rodriguez-a-personal-medico-que-atendio-a-pacientes-con-covid-19\/"},"wordCount":148,"image":{"@id":"https:\/\/www.bbmnoticias.com\/labravaradiofm\/2021\/11\/04\/reconocen-en-el-autodromo-hermanos-rodriguez-a-personal-medico-que-atendio-a-pacientes-con-covid-19\/#primaryimage"},"thumbnailUrl":"https:\/\/www.bbmnoticias.com\/labravaradiofm\/wp-content\/uploads\/sites\/5\/2021\/11\/n04112021-1-1.jpg","articleSection":["NACIONAL"],"inLanguage":"es"},{"@type":"WebPage","@id":"https:\/\/www.bbmnoticias.com\/labravaradiofm\/2021\/11\/04\/reconocen-en-el-autodromo-hermanos-rodriguez-a-personal-medico-que-atendio-a-pacientes-con-covid-19\/","url":"https:\/\/www.bbmnoticias.com\/labravaradiofm\/2021\/11\/04\/reconocen-en-el-autodromo-hermanos-rodriguez-a-personal-medico-que-atendio-a-pacientes-con-covid-19\/","name":"Reconocen en el Aut\u00f3dromo Hermanos Rodr\u00edguez a personal m\u00e9dico que atendi\u00f3 a pacientes con COVID-19 - LA BRAVA RADIO","isPartOf":{"@id":"https:\/\/www.bbmnoticias.com\/labravaradiofm\/#website"},"primaryImageOfPage":{"@id":"https:\/\/www.bbmnoticias.com\/labravaradiofm\/2021\/11\/04\/reconocen-en-el-autodromo-hermanos-rodriguez-a-personal-medico-que-atendio-a-pacientes-con-covid-19\/#primaryimage"},"image":{"@id":"https:\/\/www.bbmnoticias.com\/labravaradiofm\/2021\/11\/04\/reconocen-en-el-autodromo-hermanos-rodriguez-a-personal-medico-que-atendio-a-pacientes-con-covid-19\/#primaryimage"},"thumbnailUrl":"https:\/\/www.bbmnoticias.com\/labravaradiofm\/wp-content\/uploads\/sites\/5\/2021\/11\/n04112021-1-1.jpg","datePublished":"2021-11-04T23:02:09+00:00","dateModified":"2021-11-04T23:02:10+00:00","author":{"@id":"https:\/\/www.bbmnoticias.com\/labravaradiofm\/#\/schema\/person\/68a9e9036ef3c5b55aeb2b71dc8bab45"},"breadcrumb":{"@id":"https:\/\/www.bbmnoticias.com\/labravaradiofm\/2021\/11\/04\/reconocen-en-el-autodromo-hermanos-rodriguez-a-personal-medico-que-atendio-a-pacientes-con-covid-19\/#breadcrumb"},"inLanguage":"es","potentialAction":[{"@type":"ReadAction","target":["https:\/\/www.bbmnoticias.com\/labravaradiofm\/2021\/11\/04\/reconocen-en-el-autodromo-hermanos-rodriguez-a-personal-medico-que-atendio-a-pacientes-con-covid-19\/"]}]},{"@type":"ImageObject","inLanguage":"es","@id":"https:\/\/www.bbmnoticias.com\/labravaradiofm\/2021\/11\/04\/reconocen-en-el-autodromo-hermanos-rodriguez-a-personal-medico-que-atendio-a-pacientes-con-covid-19\/#primaryimage","url":"https:\/\/www.bbmnoticias.com\/labravaradiofm\/wp-content\/uploads\/sites\/5\/2021\/11\/n04112021-1-1.jpg","contentUrl":"https:\/\/www.bbmnoticias.com\/labravaradiofm\/wp-content\/uploads\/sites\/5\/2021\/11\/n04112021-1-1.jpg","width":1024,"height":684},{"@type":"BreadcrumbList","@id":"https:\/\/www.bbmnoticias.com\/labravaradiofm\/2021\/11\/04\/reconocen-en-el-autodromo-hermanos-rodriguez-a-personal-medico-que-atendio-a-pacientes-con-covid-19\/#breadcrumb","itemListElement":[{"@type":"ListItem","position":1,"name":"Inicio","item":"https:\/\/www.bbmnoticias.com\/labravaradiofm\/"},{"@type":"ListItem","position":2,"name":"Reconocen en el Aut\u00f3dromo Hermanos Rodr\u00edguez a personal m\u00e9dico que atendi\u00f3 a pacientes con COVID-19"}]},{"@type":"WebSite","@id":"https:\/\/www.bbmnoticias.com\/labravaradiofm\/#website","url":"https:\/\/www.bbmnoticias.com\/labravaradiofm\/","name":"LA BRAVA RADIO","description":"Empresa productora de medios, Radiodifusi\u00f3n, Noticias, tendencias y todo lo que necesitas saber de la pol\u00edtica mexicana e internacional; entretenimiento, espect\u00e1culos, salud y mucho m\u00e1s.","potentialAction":[{"@type":"SearchAction","target":{"@type":"EntryPoint","urlTemplate":"https:\/\/www.bbmnoticias.com\/labravaradiofm\/?s={search_term_string}"},"query-input":{"@type":"PropertyValueSpecification","valueRequired":true,"valueName":"search_term_string"}}],"inLanguage":"es"},{"@type":"Person","@id":"https:\/\/www.bbmnoticias.com\/labravaradiofm\/#\/schema\/person\/68a9e9036ef3c5b55aeb2b71dc8bab45","name":"Staff","image":{"@type":"ImageObject","inLanguage":"es","@id":"https:\/\/secure.gravatar.com\/avatar\/fdd21ad66fd8b98c407f9dee5b5e588cfe7f0d8579ec20fa6527cd59bab7f0f0?s=96&d=mm&r=g","url":"https:\/\/secure.gravatar.com\/avatar\/fdd21ad66fd8b98c407f9dee5b5e588cfe7f0d8579ec20fa6527cd59bab7f0f0?s=96&d=mm&r=g","contentUrl":"https:\/\/secure.gravatar.com\/avatar\/fdd21ad66fd8b98c407f9dee5b5e588cfe7f0d8579ec20fa6527cd59bab7f0f0?s=96&d=mm&r=g","caption":"Staff"},"url":"https:\/\/www.bbmnoticias.com\/labravaradiofm\/author\/redaccion\/"}]}},"_links":{"self":[{"href":"https:\/\/www.bbmnoticias.com\/labravaradiofm\/wp-json\/wp\/v2\/posts\/4947","targetHints":{"allow":["GET"]}}],"collection":[{"href":"https:\/\/www.bbmnoticias.com\/labravaradiofm\/wp-json\/wp\/v2\/posts"}],"about":[{"href":"https:\/\/www.bbmnoticias.com\/labravaradiofm\/wp-json\/wp\/v2\/types\/post"}],"author":[{"embeddable":true,"href":"https:\/\/www.bbmnoticias.com\/labravaradiofm\/wp-json\/wp\/v2\/users\/2"}],"replies":[{"embeddable":true,"href":"https:\/\/www.bbmnoticias.com\/labravaradiofm\/wp-json\/wp\/v2\/comments?post=4947"}],"version-history":[{"count":0,"href":"https:\/\/www.bbmnoticias.com\/labravaradiofm\/wp-json\/wp\/v2\/posts\/4947\/revisions"}],"wp:featuredmedia":[{"embeddable":true,"href":"https:\/\/www.bbmnoticias.com\/labravaradiofm\/wp-json\/wp\/v2\/media\/4948"}],"wp:attachment":[{"href":"https:\/\/www.bbmnoticias.com\/labravaradiofm\/wp-json\/wp\/v2\/media?parent=4947"}],"wp:term":[{"taxonomy":"category","embeddable":true,"href":"https:\/\/www.bbmnoticias.com\/labravaradiofm\/wp-json\/wp\/v2\/categories?post=4947"},{"taxonomy":"post_tag","embeddable":true,"href":"https:\/\/www.bbmnoticias.com\/labravaradiofm\/wp-json\/wp\/v2\/tags?post=4947"}],"curies":[{"name":"wp","href":"https:\/\/api.w.org\/{rel}","templated":true}]}}