{"id":4940,"date":"2021-11-04T15:20:37","date_gmt":"2021-11-04T21:20:37","guid":{"rendered":"https:\/\/www.bbmnoticias.com\/labravaradiofm\/?p=4940"},"modified":"2021-11-04T15:25:59","modified_gmt":"2021-11-04T21:25:59","slug":"sedena-destaca-decomiso-historico-de-fentanilo-dice-que-asciende-a-casi-mil-millones-de-pesos","status":"publish","type":"post","link":"https:\/\/www.bbmnoticias.com\/labravaradiofm\/2021\/11\/04\/sedena-destaca-decomiso-historico-de-fentanilo-dice-que-asciende-a-casi-mil-millones-de-pesos\/","title":{"rendered":"Sedena destaca decomiso &#8220;hist\u00f3rico&#8221; de fentanilo; dice que asciende a casi mil millones de pesos"},"content":{"rendered":"<div style=\"margin-top: 0px; margin-bottom: 0px;\" class=\"sharethis-inline-share-buttons\" ><\/div>\n<p>La <u>Secretar\u00eda de la Defensa Nacional,<\/u> Guardia Nacional (GN) y Fiscal\u00eda General de la Rep\u00fablica (<u>FGR<\/u>) informaron en un comunicado que el 28 de octubre de 2021 detuvo a\u00a0Armando N &#8220;El Inge&#8221;, presunto l\u00edder de una c\u00e9lula delictiva dedicada a la producci\u00f3n de droga sint\u00e9tica en Culiac\u00e1n, as\u00ed como a cuatro de sus colaboradores.<\/p>\n\n\n\n<p>Destac\u00f3 especialmente el aseguramiento durante la detenci\u00f3n de 118 kilogramos de pasta de fentanilo y afirma que &#8220;sste decomiso de fentanilo puro, es considerado el m\u00e1s grande de la historia, el cual tendr\u00eda un precio estimado en el mercado nacional de $970\u2019432,000.00 (NOVECIENTOS SETENTA MILLONES CUATROCIENTOS TREINTA Y DOS MIL PESOS 00\/100 M.N.)&#8221;.<\/p>\n\n\n\n<p>Se trata del principal abastecer de fentanilo y drogas sint\u00e9ticas para el C\u00e1rtel de Sinaloa, seg\u00fan la Fiscal\u00eda General de la Rep\u00fablica (FGR), el Ej\u00e9rcito y la Guardia Nacional.<\/p>\n\n\n\n<p>Ello constituye uno de los golpes al <u><strong>narco<\/strong><\/u> en M\u00e9xico m\u00e1s importantes de los \u00faltimos tiempos.<\/p>\n\n\n\n<p>Inform\u00f3 adem\u00e1s que un juez dict\u00f3 auto de vinculaci\u00f3n a proceso por el delito de delincuencia organizada y que se asegur\u00f3 adem\u00e1s un nmueble empleado como laboratorio de droga sint\u00e9tica, &#8220;en el cual se ocultaban los integrantes de la c\u00e9lula delictiva, as\u00ed como otro inmueble utilizado como centro de acopio y tres m\u00e1s, donde en su conjunto, se asegur\u00f3&#8221; la totalidad del golpe al narco.<\/p>\n\n\n\n<p>Se presume que el grupo delictivo encabezado por \u201cEl Inge\u201d produc\u00eda aproximadamente 70 kilogramos de pasta base para la confecci\u00f3n de 70 millones de pastillas de fentanilo para abastecer al C\u00e1rtel de Sinaloa, contando con presencia log\u00edstica tanto nacional, como internacional.&nbsp;<\/p>\n","protected":false},"excerpt":{"rendered":"<p>La Secretar\u00eda de la Defensa Nacional, Guardia Nacional (GN) y Fiscal\u00eda General de la Rep\u00fablica (FGR) informaron en un comunicado que el 28 de octubre de 2021 detuvo a\u00a0Armando N &#8220;El Inge&#8221;, presunto l\u00edder de una c\u00e9lula delictiva dedicada a la producci\u00f3n de droga sint\u00e9tica en Culiac\u00e1n, as\u00ed como a cuatro de sus colaboradores. Destac\u00f3 [&hellip;]<\/p>\n","protected":false},"author":2,"featured_media":4941,"comment_status":"closed","ping_status":"closed","sticky":false,"template":"","format":"standard","meta":{"footnotes":""},"categories":[19],"tags":[],"class_list":{"0":"post-4940","1":"post","2":"type-post","3":"status-publish","4":"format-standard","5":"has-post-thumbnail","7":"category-nacional"},"yoast_head":"<!-- This site is optimized with the Yoast SEO plugin v27.4 - https:\/\/yoast.com\/product\/yoast-seo-wordpress\/ -->\n<title>Sedena destaca decomiso &quot;hist\u00f3rico&quot; de fentanilo; dice que asciende a casi mil millones de pesos - LA BRAVA RADIO<\/title>\n<meta name=\"robots\" content=\"index, follow, max-snippet:-1, max-image-preview:large, max-video-preview:-1\" \/>\n<link rel=\"canonical\" href=\"https:\/\/www.bbmnoticias.com\/labravaradiofm\/2021\/11\/04\/sedena-destaca-decomiso-historico-de-fentanilo-dice-que-asciende-a-casi-mil-millones-de-pesos\/\" \/>\n<meta property=\"og:locale\" content=\"es_MX\" \/>\n<meta property=\"og:type\" content=\"article\" \/>\n<meta property=\"og:title\" content=\"Sedena destaca decomiso &quot;hist\u00f3rico&quot; de fentanilo; dice que asciende a casi mil millones de pesos - LA BRAVA RADIO\" \/>\n<meta property=\"og:description\" content=\"La Secretar\u00eda de la Defensa Nacional, Guardia Nacional (GN) y Fiscal\u00eda General de la Rep\u00fablica (FGR) informaron en un comunicado que el 28 de octubre de 2021 detuvo a\u00a0Armando N &#8220;El Inge&#8221;, presunto l\u00edder de una c\u00e9lula delictiva dedicada a la producci\u00f3n de droga sint\u00e9tica en Culiac\u00e1n, as\u00ed como a cuatro de sus colaboradores. Destac\u00f3 [&hellip;]\" \/>\n<meta property=\"og:url\" content=\"https:\/\/www.bbmnoticias.com\/labravaradiofm\/2021\/11\/04\/sedena-destaca-decomiso-historico-de-fentanilo-dice-que-asciende-a-casi-mil-millones-de-pesos\/\" \/>\n<meta property=\"og:site_name\" content=\"LA BRAVA RADIO\" \/>\n<meta property=\"article:published_time\" content=\"2021-11-04T21:20:37+00:00\" \/>\n<meta property=\"article:modified_time\" content=\"2021-11-04T21:25:59+00:00\" \/>\n<meta property=\"og:image\" content=\"https:\/\/www.bbmnoticias.com\/labravaradiofm\/wp-content\/uploads\/sites\/5\/2021\/11\/n04112021-6.webp\" \/>\n\t<meta property=\"og:image:width\" content=\"1200\" \/>\n\t<meta property=\"og:image:height\" content=\"740\" \/>\n\t<meta property=\"og:image:type\" content=\"image\/webp\" \/>\n<meta name=\"author\" content=\"Staff\" \/>\n<meta name=\"twitter:card\" content=\"summary_large_image\" \/>\n<meta name=\"twitter:label1\" content=\"Escrito por\" \/>\n\t<meta name=\"twitter:data1\" content=\"Staff\" \/>\n\t<meta name=\"twitter:label2\" content=\"Tiempo de lectura\" \/>\n\t<meta name=\"twitter:data2\" content=\"2 minutos\" \/>\n<script type=\"application\/ld+json\" class=\"yoast-schema-graph\">{\"@context\":\"https:\\\/\\\/schema.org\",\"@graph\":[{\"@type\":\"Article\",\"@id\":\"https:\\\/\\\/www.bbmnoticias.com\\\/labravaradiofm\\\/2021\\\/11\\\/04\\\/sedena-destaca-decomiso-historico-de-fentanilo-dice-que-asciende-a-casi-mil-millones-de-pesos\\\/#article\",\"isPartOf\":{\"@id\":\"https:\\\/\\\/www.bbmnoticias.com\\\/labravaradiofm\\\/2021\\\/11\\\/04\\\/sedena-destaca-decomiso-historico-de-fentanilo-dice-que-asciende-a-casi-mil-millones-de-pesos\\\/\"},\"author\":{\"name\":\"Staff\",\"@id\":\"https:\\\/\\\/www.bbmnoticias.com\\\/labravaradiofm\\\/#\\\/schema\\\/person\\\/68a9e9036ef3c5b55aeb2b71dc8bab45\"},\"headline\":\"Sedena destaca decomiso &#8220;hist\u00f3rico&#8221; de fentanilo; dice que asciende a casi mil millones de pesos\",\"datePublished\":\"2021-11-04T21:20:37+00:00\",\"dateModified\":\"2021-11-04T21:25:59+00:00\",\"mainEntityOfPage\":{\"@id\":\"https:\\\/\\\/www.bbmnoticias.com\\\/labravaradiofm\\\/2021\\\/11\\\/04\\\/sedena-destaca-decomiso-historico-de-fentanilo-dice-que-asciende-a-casi-mil-millones-de-pesos\\\/\"},\"wordCount\":299,\"image\":{\"@id\":\"https:\\\/\\\/www.bbmnoticias.com\\\/labravaradiofm\\\/2021\\\/11\\\/04\\\/sedena-destaca-decomiso-historico-de-fentanilo-dice-que-asciende-a-casi-mil-millones-de-pesos\\\/#primaryimage\"},\"thumbnailUrl\":\"https:\\\/\\\/www.bbmnoticias.com\\\/labravaradiofm\\\/wp-content\\\/uploads\\\/sites\\\/5\\\/2021\\\/11\\\/n04112021-6.webp\",\"articleSection\":[\"NACIONAL\"],\"inLanguage\":\"es\"},{\"@type\":\"WebPage\",\"@id\":\"https:\\\/\\\/www.bbmnoticias.com\\\/labravaradiofm\\\/2021\\\/11\\\/04\\\/sedena-destaca-decomiso-historico-de-fentanilo-dice-que-asciende-a-casi-mil-millones-de-pesos\\\/\",\"url\":\"https:\\\/\\\/www.bbmnoticias.com\\\/labravaradiofm\\\/2021\\\/11\\\/04\\\/sedena-destaca-decomiso-historico-de-fentanilo-dice-que-asciende-a-casi-mil-millones-de-pesos\\\/\",\"name\":\"Sedena destaca decomiso \\\"hist\u00f3rico\\\" de fentanilo; dice que asciende a casi mil millones de pesos - LA BRAVA RADIO\",\"isPartOf\":{\"@id\":\"https:\\\/\\\/www.bbmnoticias.com\\\/labravaradiofm\\\/#website\"},\"primaryImageOfPage\":{\"@id\":\"https:\\\/\\\/www.bbmnoticias.com\\\/labravaradiofm\\\/2021\\\/11\\\/04\\\/sedena-destaca-decomiso-historico-de-fentanilo-dice-que-asciende-a-casi-mil-millones-de-pesos\\\/#primaryimage\"},\"image\":{\"@id\":\"https:\\\/\\\/www.bbmnoticias.com\\\/labravaradiofm\\\/2021\\\/11\\\/04\\\/sedena-destaca-decomiso-historico-de-fentanilo-dice-que-asciende-a-casi-mil-millones-de-pesos\\\/#primaryimage\"},\"thumbnailUrl\":\"https:\\\/\\\/www.bbmnoticias.com\\\/labravaradiofm\\\/wp-content\\\/uploads\\\/sites\\\/5\\\/2021\\\/11\\\/n04112021-6.webp\",\"datePublished\":\"2021-11-04T21:20:37+00:00\",\"dateModified\":\"2021-11-04T21:25:59+00:00\",\"author\":{\"@id\":\"https:\\\/\\\/www.bbmnoticias.com\\\/labravaradiofm\\\/#\\\/schema\\\/person\\\/68a9e9036ef3c5b55aeb2b71dc8bab45\"},\"breadcrumb\":{\"@id\":\"https:\\\/\\\/www.bbmnoticias.com\\\/labravaradiofm\\\/2021\\\/11\\\/04\\\/sedena-destaca-decomiso-historico-de-fentanilo-dice-que-asciende-a-casi-mil-millones-de-pesos\\\/#breadcrumb\"},\"inLanguage\":\"es\",\"potentialAction\":[{\"@type\":\"ReadAction\",\"target\":[\"https:\\\/\\\/www.bbmnoticias.com\\\/labravaradiofm\\\/2021\\\/11\\\/04\\\/sedena-destaca-decomiso-historico-de-fentanilo-dice-que-asciende-a-casi-mil-millones-de-pesos\\\/\"]}]},{\"@type\":\"ImageObject\",\"inLanguage\":\"es\",\"@id\":\"https:\\\/\\\/www.bbmnoticias.com\\\/labravaradiofm\\\/2021\\\/11\\\/04\\\/sedena-destaca-decomiso-historico-de-fentanilo-dice-que-asciende-a-casi-mil-millones-de-pesos\\\/#primaryimage\",\"url\":\"https:\\\/\\\/www.bbmnoticias.com\\\/labravaradiofm\\\/wp-content\\\/uploads\\\/sites\\\/5\\\/2021\\\/11\\\/n04112021-6.webp\",\"contentUrl\":\"https:\\\/\\\/www.bbmnoticias.com\\\/labravaradiofm\\\/wp-content\\\/uploads\\\/sites\\\/5\\\/2021\\\/11\\\/n04112021-6.webp\",\"width\":1200,\"height\":740},{\"@type\":\"BreadcrumbList\",\"@id\":\"https:\\\/\\\/www.bbmnoticias.com\\\/labravaradiofm\\\/2021\\\/11\\\/04\\\/sedena-destaca-decomiso-historico-de-fentanilo-dice-que-asciende-a-casi-mil-millones-de-pesos\\\/#breadcrumb\",\"itemListElement\":[{\"@type\":\"ListItem\",\"position\":1,\"name\":\"Inicio\",\"item\":\"https:\\\/\\\/www.bbmnoticias.com\\\/labravaradiofm\\\/\"},{\"@type\":\"ListItem\",\"position\":2,\"name\":\"Sedena destaca decomiso &#8220;hist\u00f3rico&#8221; de fentanilo; dice que asciende a casi mil millones de pesos\"}]},{\"@type\":\"WebSite\",\"@id\":\"https:\\\/\\\/www.bbmnoticias.com\\\/labravaradiofm\\\/#website\",\"url\":\"https:\\\/\\\/www.bbmnoticias.com\\\/labravaradiofm\\\/\",\"name\":\"LA BRAVA RADIO\",\"description\":\"Empresa productora de medios, Radiodifusi\u00f3n, Noticias, tendencias y todo lo que necesitas saber de la pol\u00edtica mexicana e internacional; entretenimiento, espect\u00e1culos, salud y mucho m\u00e1s.\",\"potentialAction\":[{\"@type\":\"SearchAction\",\"target\":{\"@type\":\"EntryPoint\",\"urlTemplate\":\"https:\\\/\\\/www.bbmnoticias.com\\\/labravaradiofm\\\/?s={search_term_string}\"},\"query-input\":{\"@type\":\"PropertyValueSpecification\",\"valueRequired\":true,\"valueName\":\"search_term_string\"}}],\"inLanguage\":\"es\"},{\"@type\":\"Person\",\"@id\":\"https:\\\/\\\/www.bbmnoticias.com\\\/labravaradiofm\\\/#\\\/schema\\\/person\\\/68a9e9036ef3c5b55aeb2b71dc8bab45\",\"name\":\"Staff\",\"image\":{\"@type\":\"ImageObject\",\"inLanguage\":\"es\",\"@id\":\"https:\\\/\\\/secure.gravatar.com\\\/avatar\\\/fdd21ad66fd8b98c407f9dee5b5e588cfe7f0d8579ec20fa6527cd59bab7f0f0?s=96&d=mm&r=g\",\"url\":\"https:\\\/\\\/secure.gravatar.com\\\/avatar\\\/fdd21ad66fd8b98c407f9dee5b5e588cfe7f0d8579ec20fa6527cd59bab7f0f0?s=96&d=mm&r=g\",\"contentUrl\":\"https:\\\/\\\/secure.gravatar.com\\\/avatar\\\/fdd21ad66fd8b98c407f9dee5b5e588cfe7f0d8579ec20fa6527cd59bab7f0f0?s=96&d=mm&r=g\",\"caption\":\"Staff\"},\"url\":\"https:\\\/\\\/www.bbmnoticias.com\\\/labravaradiofm\\\/author\\\/redaccion\\\/\"}]}<\/script>\n<!-- \/ Yoast SEO plugin. -->","yoast_head_json":{"title":"Sedena destaca decomiso \"hist\u00f3rico\" de fentanilo; dice que asciende a casi mil millones de pesos - LA BRAVA RADIO","robots":{"index":"index","follow":"follow","max-snippet":"max-snippet:-1","max-image-preview":"max-image-preview:large","max-video-preview":"max-video-preview:-1"},"canonical":"https:\/\/www.bbmnoticias.com\/labravaradiofm\/2021\/11\/04\/sedena-destaca-decomiso-historico-de-fentanilo-dice-que-asciende-a-casi-mil-millones-de-pesos\/","og_locale":"es_MX","og_type":"article","og_title":"Sedena destaca decomiso \"hist\u00f3rico\" de fentanilo; dice que asciende a casi mil millones de pesos - LA BRAVA RADIO","og_description":"La Secretar\u00eda de la Defensa Nacional, Guardia Nacional (GN) y Fiscal\u00eda General de la Rep\u00fablica (FGR) informaron en un comunicado que el 28 de octubre de 2021 detuvo a\u00a0Armando N &#8220;El Inge&#8221;, presunto l\u00edder de una c\u00e9lula delictiva dedicada a la producci\u00f3n de droga sint\u00e9tica en Culiac\u00e1n, as\u00ed como a cuatro de sus colaboradores. Destac\u00f3 [&hellip;]","og_url":"https:\/\/www.bbmnoticias.com\/labravaradiofm\/2021\/11\/04\/sedena-destaca-decomiso-historico-de-fentanilo-dice-que-asciende-a-casi-mil-millones-de-pesos\/","og_site_name":"LA BRAVA RADIO","article_published_time":"2021-11-04T21:20:37+00:00","article_modified_time":"2021-11-04T21:25:59+00:00","og_image":[{"width":1200,"height":740,"url":"https:\/\/www.bbmnoticias.com\/labravaradiofm\/wp-content\/uploads\/sites\/5\/2021\/11\/n04112021-6.webp","type":"image\/webp"}],"author":"Staff","twitter_card":"summary_large_image","twitter_misc":{"Escrito por":"Staff","Tiempo de lectura":"2 minutos"},"schema":{"@context":"https:\/\/schema.org","@graph":[{"@type":"Article","@id":"https:\/\/www.bbmnoticias.com\/labravaradiofm\/2021\/11\/04\/sedena-destaca-decomiso-historico-de-fentanilo-dice-que-asciende-a-casi-mil-millones-de-pesos\/#article","isPartOf":{"@id":"https:\/\/www.bbmnoticias.com\/labravaradiofm\/2021\/11\/04\/sedena-destaca-decomiso-historico-de-fentanilo-dice-que-asciende-a-casi-mil-millones-de-pesos\/"},"author":{"name":"Staff","@id":"https:\/\/www.bbmnoticias.com\/labravaradiofm\/#\/schema\/person\/68a9e9036ef3c5b55aeb2b71dc8bab45"},"headline":"Sedena destaca decomiso &#8220;hist\u00f3rico&#8221; de fentanilo; dice que asciende a casi mil millones de pesos","datePublished":"2021-11-04T21:20:37+00:00","dateModified":"2021-11-04T21:25:59+00:00","mainEntityOfPage":{"@id":"https:\/\/www.bbmnoticias.com\/labravaradiofm\/2021\/11\/04\/sedena-destaca-decomiso-historico-de-fentanilo-dice-que-asciende-a-casi-mil-millones-de-pesos\/"},"wordCount":299,"image":{"@id":"https:\/\/www.bbmnoticias.com\/labravaradiofm\/2021\/11\/04\/sedena-destaca-decomiso-historico-de-fentanilo-dice-que-asciende-a-casi-mil-millones-de-pesos\/#primaryimage"},"thumbnailUrl":"https:\/\/www.bbmnoticias.com\/labravaradiofm\/wp-content\/uploads\/sites\/5\/2021\/11\/n04112021-6.webp","articleSection":["NACIONAL"],"inLanguage":"es"},{"@type":"WebPage","@id":"https:\/\/www.bbmnoticias.com\/labravaradiofm\/2021\/11\/04\/sedena-destaca-decomiso-historico-de-fentanilo-dice-que-asciende-a-casi-mil-millones-de-pesos\/","url":"https:\/\/www.bbmnoticias.com\/labravaradiofm\/2021\/11\/04\/sedena-destaca-decomiso-historico-de-fentanilo-dice-que-asciende-a-casi-mil-millones-de-pesos\/","name":"Sedena destaca decomiso \"hist\u00f3rico\" de fentanilo; dice que asciende a casi mil millones de pesos - LA BRAVA RADIO","isPartOf":{"@id":"https:\/\/www.bbmnoticias.com\/labravaradiofm\/#website"},"primaryImageOfPage":{"@id":"https:\/\/www.bbmnoticias.com\/labravaradiofm\/2021\/11\/04\/sedena-destaca-decomiso-historico-de-fentanilo-dice-que-asciende-a-casi-mil-millones-de-pesos\/#primaryimage"},"image":{"@id":"https:\/\/www.bbmnoticias.com\/labravaradiofm\/2021\/11\/04\/sedena-destaca-decomiso-historico-de-fentanilo-dice-que-asciende-a-casi-mil-millones-de-pesos\/#primaryimage"},"thumbnailUrl":"https:\/\/www.bbmnoticias.com\/labravaradiofm\/wp-content\/uploads\/sites\/5\/2021\/11\/n04112021-6.webp","datePublished":"2021-11-04T21:20:37+00:00","dateModified":"2021-11-04T21:25:59+00:00","author":{"@id":"https:\/\/www.bbmnoticias.com\/labravaradiofm\/#\/schema\/person\/68a9e9036ef3c5b55aeb2b71dc8bab45"},"breadcrumb":{"@id":"https:\/\/www.bbmnoticias.com\/labravaradiofm\/2021\/11\/04\/sedena-destaca-decomiso-historico-de-fentanilo-dice-que-asciende-a-casi-mil-millones-de-pesos\/#breadcrumb"},"inLanguage":"es","potentialAction":[{"@type":"ReadAction","target":["https:\/\/www.bbmnoticias.com\/labravaradiofm\/2021\/11\/04\/sedena-destaca-decomiso-historico-de-fentanilo-dice-que-asciende-a-casi-mil-millones-de-pesos\/"]}]},{"@type":"ImageObject","inLanguage":"es","@id":"https:\/\/www.bbmnoticias.com\/labravaradiofm\/2021\/11\/04\/sedena-destaca-decomiso-historico-de-fentanilo-dice-que-asciende-a-casi-mil-millones-de-pesos\/#primaryimage","url":"https:\/\/www.bbmnoticias.com\/labravaradiofm\/wp-content\/uploads\/sites\/5\/2021\/11\/n04112021-6.webp","contentUrl":"https:\/\/www.bbmnoticias.com\/labravaradiofm\/wp-content\/uploads\/sites\/5\/2021\/11\/n04112021-6.webp","width":1200,"height":740},{"@type":"BreadcrumbList","@id":"https:\/\/www.bbmnoticias.com\/labravaradiofm\/2021\/11\/04\/sedena-destaca-decomiso-historico-de-fentanilo-dice-que-asciende-a-casi-mil-millones-de-pesos\/#breadcrumb","itemListElement":[{"@type":"ListItem","position":1,"name":"Inicio","item":"https:\/\/www.bbmnoticias.com\/labravaradiofm\/"},{"@type":"ListItem","position":2,"name":"Sedena destaca decomiso &#8220;hist\u00f3rico&#8221; de fentanilo; dice que asciende a casi mil millones de pesos"}]},{"@type":"WebSite","@id":"https:\/\/www.bbmnoticias.com\/labravaradiofm\/#website","url":"https:\/\/www.bbmnoticias.com\/labravaradiofm\/","name":"LA BRAVA RADIO","description":"Empresa productora de medios, Radiodifusi\u00f3n, Noticias, tendencias y todo lo que necesitas saber de la pol\u00edtica mexicana e internacional; entretenimiento, espect\u00e1culos, salud y mucho m\u00e1s.","potentialAction":[{"@type":"SearchAction","target":{"@type":"EntryPoint","urlTemplate":"https:\/\/www.bbmnoticias.com\/labravaradiofm\/?s={search_term_string}"},"query-input":{"@type":"PropertyValueSpecification","valueRequired":true,"valueName":"search_term_string"}}],"inLanguage":"es"},{"@type":"Person","@id":"https:\/\/www.bbmnoticias.com\/labravaradiofm\/#\/schema\/person\/68a9e9036ef3c5b55aeb2b71dc8bab45","name":"Staff","image":{"@type":"ImageObject","inLanguage":"es","@id":"https:\/\/secure.gravatar.com\/avatar\/fdd21ad66fd8b98c407f9dee5b5e588cfe7f0d8579ec20fa6527cd59bab7f0f0?s=96&d=mm&r=g","url":"https:\/\/secure.gravatar.com\/avatar\/fdd21ad66fd8b98c407f9dee5b5e588cfe7f0d8579ec20fa6527cd59bab7f0f0?s=96&d=mm&r=g","contentUrl":"https:\/\/secure.gravatar.com\/avatar\/fdd21ad66fd8b98c407f9dee5b5e588cfe7f0d8579ec20fa6527cd59bab7f0f0?s=96&d=mm&r=g","caption":"Staff"},"url":"https:\/\/www.bbmnoticias.com\/labravaradiofm\/author\/redaccion\/"}]}},"_links":{"self":[{"href":"https:\/\/www.bbmnoticias.com\/labravaradiofm\/wp-json\/wp\/v2\/posts\/4940","targetHints":{"allow":["GET"]}}],"collection":[{"href":"https:\/\/www.bbmnoticias.com\/labravaradiofm\/wp-json\/wp\/v2\/posts"}],"about":[{"href":"https:\/\/www.bbmnoticias.com\/labravaradiofm\/wp-json\/wp\/v2\/types\/post"}],"author":[{"embeddable":true,"href":"https:\/\/www.bbmnoticias.com\/labravaradiofm\/wp-json\/wp\/v2\/users\/2"}],"replies":[{"embeddable":true,"href":"https:\/\/www.bbmnoticias.com\/labravaradiofm\/wp-json\/wp\/v2\/comments?post=4940"}],"version-history":[{"count":0,"href":"https:\/\/www.bbmnoticias.com\/labravaradiofm\/wp-json\/wp\/v2\/posts\/4940\/revisions"}],"wp:featuredmedia":[{"embeddable":true,"href":"https:\/\/www.bbmnoticias.com\/labravaradiofm\/wp-json\/wp\/v2\/media\/4941"}],"wp:attachment":[{"href":"https:\/\/www.bbmnoticias.com\/labravaradiofm\/wp-json\/wp\/v2\/media?parent=4940"}],"wp:term":[{"taxonomy":"category","embeddable":true,"href":"https:\/\/www.bbmnoticias.com\/labravaradiofm\/wp-json\/wp\/v2\/categories?post=4940"},{"taxonomy":"post_tag","embeddable":true,"href":"https:\/\/www.bbmnoticias.com\/labravaradiofm\/wp-json\/wp\/v2\/tags?post=4940"}],"curies":[{"name":"wp","href":"https:\/\/api.w.org\/{rel}","templated":true}]}}