{"id":4934,"date":"2021-11-04T14:07:11","date_gmt":"2021-11-04T20:07:11","guid":{"rendered":"https:\/\/www.bbmnoticias.com\/labravaradiofm\/?p=4934"},"modified":"2021-11-04T14:07:12","modified_gmt":"2021-11-04T20:07:12","slug":"sentencia-de-30-anos-de-carcel-a-hombre-por-violacion-a-un-menor-de-edad","status":"publish","type":"post","link":"https:\/\/www.bbmnoticias.com\/labravaradiofm\/2021\/11\/04\/sentencia-de-30-anos-de-carcel-a-hombre-por-violacion-a-un-menor-de-edad\/","title":{"rendered":"Sentencia de 30 a\u00f1os de c\u00e1rcel a hombre por violaci\u00f3n a un menor de edad"},"content":{"rendered":"<div style=\"margin-top: 0px; margin-bottom: 0px;\" class=\"sharethis-inline-share-buttons\" ><\/div>\n<p><strong>Oaxaca de Ju\u00e1rez, Oax.-<\/strong>\u00a0La Fiscal\u00eda General del Estado de Oaxaca (FGEO) obtuvo, del Tribunal de Enjuiciamiento, sentencia condenatoria de 30 a\u00f1os de prisi\u00f3n contra la persona del sexo masculino identificado como M. E. A. L., responsable del delito de violaci\u00f3n equiparada agravada en contra de un menor de edad, cometido en septiembre de 2018, en jurisdicci\u00f3n de Santiago Pinotepa Nacional, en la regi\u00f3n de la Costa.<\/p>\n\n\n\n<p>De acuerdo con la carpeta de investigaci\u00f3n 3356\/FSPN\/2018, el 3 de septiembre de 2018, el imputado agredi\u00f3 de manera sexual a la v\u00edctima en interior de un domicilio particular ubicado en la comunidad de Mancuernas, Pinotepa Nacional.<\/p>\n\n\n\n<p>Gracias a la labor de investigaci\u00f3n por parte de la Vicefiscal\u00eda Regional de la Costa, se logr\u00f3 aprehender y presentar al agresor sexual ante el Juez de la causa, quien determin\u00f3 vincularlo a proceso.<\/p>\n\n\n\n<p>En audiencia, el Tribunal de Enjuiciamiento dict\u00f3 sentencia condenatoria contra M. E. A. L., imponi\u00e9ndole la pena de 30 a\u00f1os de prisi\u00f3n y ordenando el pago de una multa por m\u00e1s de 231 mil pesos, as\u00ed como la reparaci\u00f3n del da\u00f1o en abstracto.<\/p>\n\n\n\n<p>En otro hecho distinto, por el delito de violencia familiar, asentado en la causa penal 425\/2021, el Juzgado de Control dict\u00f3 auto de vinculaci\u00f3n a proceso contra el masculino A. M. G., quien el 24 de julio de 2021, agredi\u00f3 de manera f\u00edsica y verbal a su hermana, identificada como M. R. J. M., en jurisdicci\u00f3n de Santa Mar\u00eda Colotepec, Distrito de Pochutla; se decretaron medidas cautelares en favor de la v\u00edctima y se concedieron 30 d\u00edas para el cierre de investigaci\u00f3n complementaria.<\/p>\n\n\n\n<p>La Fiscal\u00eda General refrenda su compromiso de garantizar justicia a v\u00edctimas de delitos, priorizando cuando se trata de mujeres, ni\u00f1as, ni\u00f1os y adolescentes.<\/p>\n","protected":false},"excerpt":{"rendered":"<p>Oaxaca de Ju\u00e1rez, Oax.-\u00a0La Fiscal\u00eda General del Estado de Oaxaca (FGEO) obtuvo, del Tribunal de Enjuiciamiento, sentencia condenatoria de 30 a\u00f1os de prisi\u00f3n contra la persona del sexo masculino identificado como M. E. A. L., responsable del delito de violaci\u00f3n equiparada agravada en contra de un menor de edad, cometido en septiembre de 2018, en [&hellip;]<\/p>\n","protected":false},"author":2,"featured_media":4935,"comment_status":"closed","ping_status":"closed","sticky":false,"template":"","format":"standard","meta":{"footnotes":""},"categories":[20],"tags":[],"class_list":{"0":"post-4934","1":"post","2":"type-post","3":"status-publish","4":"format-standard","5":"has-post-thumbnail","7":"category-policiaca"},"yoast_head":"<!-- This site is optimized with the Yoast SEO plugin v27.4 - https:\/\/yoast.com\/product\/yoast-seo-wordpress\/ -->\n<title>Sentencia de 30 a\u00f1os de c\u00e1rcel a hombre por violaci\u00f3n a un menor de edad - LA BRAVA RADIO<\/title>\n<meta name=\"robots\" content=\"index, follow, max-snippet:-1, max-image-preview:large, max-video-preview:-1\" \/>\n<link rel=\"canonical\" href=\"https:\/\/www.bbmnoticias.com\/labravaradiofm\/2021\/11\/04\/sentencia-de-30-anos-de-carcel-a-hombre-por-violacion-a-un-menor-de-edad\/\" \/>\n<meta property=\"og:locale\" content=\"es_MX\" \/>\n<meta property=\"og:type\" content=\"article\" \/>\n<meta property=\"og:title\" content=\"Sentencia de 30 a\u00f1os de c\u00e1rcel a hombre por violaci\u00f3n a un menor de edad - LA BRAVA RADIO\" \/>\n<meta property=\"og:description\" content=\"Oaxaca de Ju\u00e1rez, Oax.-\u00a0La Fiscal\u00eda General del Estado de Oaxaca (FGEO) obtuvo, del Tribunal de Enjuiciamiento, sentencia condenatoria de 30 a\u00f1os de prisi\u00f3n contra la persona del sexo masculino identificado como M. E. A. L., responsable del delito de violaci\u00f3n equiparada agravada en contra de un menor de edad, cometido en septiembre de 2018, en [&hellip;]\" \/>\n<meta property=\"og:url\" content=\"https:\/\/www.bbmnoticias.com\/labravaradiofm\/2021\/11\/04\/sentencia-de-30-anos-de-carcel-a-hombre-por-violacion-a-un-menor-de-edad\/\" \/>\n<meta property=\"og:site_name\" content=\"LA BRAVA RADIO\" \/>\n<meta property=\"article:published_time\" content=\"2021-11-04T20:07:11+00:00\" \/>\n<meta property=\"article:modified_time\" content=\"2021-11-04T20:07:12+00:00\" \/>\n<meta property=\"og:image\" content=\"https:\/\/www.bbmnoticias.com\/labravaradiofm\/wp-content\/uploads\/sites\/5\/2021\/11\/p04112021-2.jpg\" \/>\n\t<meta property=\"og:image:width\" content=\"880\" \/>\n\t<meta property=\"og:image:height\" content=\"495\" \/>\n\t<meta property=\"og:image:type\" content=\"image\/jpeg\" \/>\n<meta name=\"author\" content=\"Staff\" \/>\n<meta name=\"twitter:card\" content=\"summary_large_image\" \/>\n<meta name=\"twitter:label1\" content=\"Escrito por\" \/>\n\t<meta name=\"twitter:data1\" content=\"Staff\" \/>\n\t<meta name=\"twitter:label2\" content=\"Tiempo de lectura\" \/>\n\t<meta name=\"twitter:data2\" content=\"2 minutos\" \/>\n<script type=\"application\/ld+json\" class=\"yoast-schema-graph\">{\"@context\":\"https:\\\/\\\/schema.org\",\"@graph\":[{\"@type\":\"Article\",\"@id\":\"https:\\\/\\\/www.bbmnoticias.com\\\/labravaradiofm\\\/2021\\\/11\\\/04\\\/sentencia-de-30-anos-de-carcel-a-hombre-por-violacion-a-un-menor-de-edad\\\/#article\",\"isPartOf\":{\"@id\":\"https:\\\/\\\/www.bbmnoticias.com\\\/labravaradiofm\\\/2021\\\/11\\\/04\\\/sentencia-de-30-anos-de-carcel-a-hombre-por-violacion-a-un-menor-de-edad\\\/\"},\"author\":{\"name\":\"Staff\",\"@id\":\"https:\\\/\\\/www.bbmnoticias.com\\\/labravaradiofm\\\/#\\\/schema\\\/person\\\/68a9e9036ef3c5b55aeb2b71dc8bab45\"},\"headline\":\"Sentencia de 30 a\u00f1os de c\u00e1rcel a hombre por violaci\u00f3n a un menor de edad\",\"datePublished\":\"2021-11-04T20:07:11+00:00\",\"dateModified\":\"2021-11-04T20:07:12+00:00\",\"mainEntityOfPage\":{\"@id\":\"https:\\\/\\\/www.bbmnoticias.com\\\/labravaradiofm\\\/2021\\\/11\\\/04\\\/sentencia-de-30-anos-de-carcel-a-hombre-por-violacion-a-un-menor-de-edad\\\/\"},\"wordCount\":323,\"image\":{\"@id\":\"https:\\\/\\\/www.bbmnoticias.com\\\/labravaradiofm\\\/2021\\\/11\\\/04\\\/sentencia-de-30-anos-de-carcel-a-hombre-por-violacion-a-un-menor-de-edad\\\/#primaryimage\"},\"thumbnailUrl\":\"https:\\\/\\\/www.bbmnoticias.com\\\/labravaradiofm\\\/wp-content\\\/uploads\\\/sites\\\/5\\\/2021\\\/11\\\/p04112021-2.jpg\",\"articleSection\":[\"POLICIACA\"],\"inLanguage\":\"es\"},{\"@type\":\"WebPage\",\"@id\":\"https:\\\/\\\/www.bbmnoticias.com\\\/labravaradiofm\\\/2021\\\/11\\\/04\\\/sentencia-de-30-anos-de-carcel-a-hombre-por-violacion-a-un-menor-de-edad\\\/\",\"url\":\"https:\\\/\\\/www.bbmnoticias.com\\\/labravaradiofm\\\/2021\\\/11\\\/04\\\/sentencia-de-30-anos-de-carcel-a-hombre-por-violacion-a-un-menor-de-edad\\\/\",\"name\":\"Sentencia de 30 a\u00f1os de c\u00e1rcel a hombre por violaci\u00f3n a un menor de edad - LA BRAVA RADIO\",\"isPartOf\":{\"@id\":\"https:\\\/\\\/www.bbmnoticias.com\\\/labravaradiofm\\\/#website\"},\"primaryImageOfPage\":{\"@id\":\"https:\\\/\\\/www.bbmnoticias.com\\\/labravaradiofm\\\/2021\\\/11\\\/04\\\/sentencia-de-30-anos-de-carcel-a-hombre-por-violacion-a-un-menor-de-edad\\\/#primaryimage\"},\"image\":{\"@id\":\"https:\\\/\\\/www.bbmnoticias.com\\\/labravaradiofm\\\/2021\\\/11\\\/04\\\/sentencia-de-30-anos-de-carcel-a-hombre-por-violacion-a-un-menor-de-edad\\\/#primaryimage\"},\"thumbnailUrl\":\"https:\\\/\\\/www.bbmnoticias.com\\\/labravaradiofm\\\/wp-content\\\/uploads\\\/sites\\\/5\\\/2021\\\/11\\\/p04112021-2.jpg\",\"datePublished\":\"2021-11-04T20:07:11+00:00\",\"dateModified\":\"2021-11-04T20:07:12+00:00\",\"author\":{\"@id\":\"https:\\\/\\\/www.bbmnoticias.com\\\/labravaradiofm\\\/#\\\/schema\\\/person\\\/68a9e9036ef3c5b55aeb2b71dc8bab45\"},\"breadcrumb\":{\"@id\":\"https:\\\/\\\/www.bbmnoticias.com\\\/labravaradiofm\\\/2021\\\/11\\\/04\\\/sentencia-de-30-anos-de-carcel-a-hombre-por-violacion-a-un-menor-de-edad\\\/#breadcrumb\"},\"inLanguage\":\"es\",\"potentialAction\":[{\"@type\":\"ReadAction\",\"target\":[\"https:\\\/\\\/www.bbmnoticias.com\\\/labravaradiofm\\\/2021\\\/11\\\/04\\\/sentencia-de-30-anos-de-carcel-a-hombre-por-violacion-a-un-menor-de-edad\\\/\"]}]},{\"@type\":\"ImageObject\",\"inLanguage\":\"es\",\"@id\":\"https:\\\/\\\/www.bbmnoticias.com\\\/labravaradiofm\\\/2021\\\/11\\\/04\\\/sentencia-de-30-anos-de-carcel-a-hombre-por-violacion-a-un-menor-de-edad\\\/#primaryimage\",\"url\":\"https:\\\/\\\/www.bbmnoticias.com\\\/labravaradiofm\\\/wp-content\\\/uploads\\\/sites\\\/5\\\/2021\\\/11\\\/p04112021-2.jpg\",\"contentUrl\":\"https:\\\/\\\/www.bbmnoticias.com\\\/labravaradiofm\\\/wp-content\\\/uploads\\\/sites\\\/5\\\/2021\\\/11\\\/p04112021-2.jpg\",\"width\":880,\"height\":495},{\"@type\":\"BreadcrumbList\",\"@id\":\"https:\\\/\\\/www.bbmnoticias.com\\\/labravaradiofm\\\/2021\\\/11\\\/04\\\/sentencia-de-30-anos-de-carcel-a-hombre-por-violacion-a-un-menor-de-edad\\\/#breadcrumb\",\"itemListElement\":[{\"@type\":\"ListItem\",\"position\":1,\"name\":\"Inicio\",\"item\":\"https:\\\/\\\/www.bbmnoticias.com\\\/labravaradiofm\\\/\"},{\"@type\":\"ListItem\",\"position\":2,\"name\":\"Sentencia de 30 a\u00f1os de c\u00e1rcel a hombre por violaci\u00f3n a un menor de edad\"}]},{\"@type\":\"WebSite\",\"@id\":\"https:\\\/\\\/www.bbmnoticias.com\\\/labravaradiofm\\\/#website\",\"url\":\"https:\\\/\\\/www.bbmnoticias.com\\\/labravaradiofm\\\/\",\"name\":\"LA BRAVA RADIO\",\"description\":\"Empresa productora de medios, Radiodifusi\u00f3n, Noticias, tendencias y todo lo que necesitas saber de la pol\u00edtica mexicana e internacional; entretenimiento, espect\u00e1culos, salud y mucho m\u00e1s.\",\"potentialAction\":[{\"@type\":\"SearchAction\",\"target\":{\"@type\":\"EntryPoint\",\"urlTemplate\":\"https:\\\/\\\/www.bbmnoticias.com\\\/labravaradiofm\\\/?s={search_term_string}\"},\"query-input\":{\"@type\":\"PropertyValueSpecification\",\"valueRequired\":true,\"valueName\":\"search_term_string\"}}],\"inLanguage\":\"es\"},{\"@type\":\"Person\",\"@id\":\"https:\\\/\\\/www.bbmnoticias.com\\\/labravaradiofm\\\/#\\\/schema\\\/person\\\/68a9e9036ef3c5b55aeb2b71dc8bab45\",\"name\":\"Staff\",\"image\":{\"@type\":\"ImageObject\",\"inLanguage\":\"es\",\"@id\":\"https:\\\/\\\/secure.gravatar.com\\\/avatar\\\/fdd21ad66fd8b98c407f9dee5b5e588cfe7f0d8579ec20fa6527cd59bab7f0f0?s=96&d=mm&r=g\",\"url\":\"https:\\\/\\\/secure.gravatar.com\\\/avatar\\\/fdd21ad66fd8b98c407f9dee5b5e588cfe7f0d8579ec20fa6527cd59bab7f0f0?s=96&d=mm&r=g\",\"contentUrl\":\"https:\\\/\\\/secure.gravatar.com\\\/avatar\\\/fdd21ad66fd8b98c407f9dee5b5e588cfe7f0d8579ec20fa6527cd59bab7f0f0?s=96&d=mm&r=g\",\"caption\":\"Staff\"},\"url\":\"https:\\\/\\\/www.bbmnoticias.com\\\/labravaradiofm\\\/author\\\/redaccion\\\/\"}]}<\/script>\n<!-- \/ Yoast SEO plugin. -->","yoast_head_json":{"title":"Sentencia de 30 a\u00f1os de c\u00e1rcel a hombre por violaci\u00f3n a un menor de edad - LA BRAVA RADIO","robots":{"index":"index","follow":"follow","max-snippet":"max-snippet:-1","max-image-preview":"max-image-preview:large","max-video-preview":"max-video-preview:-1"},"canonical":"https:\/\/www.bbmnoticias.com\/labravaradiofm\/2021\/11\/04\/sentencia-de-30-anos-de-carcel-a-hombre-por-violacion-a-un-menor-de-edad\/","og_locale":"es_MX","og_type":"article","og_title":"Sentencia de 30 a\u00f1os de c\u00e1rcel a hombre por violaci\u00f3n a un menor de edad - LA BRAVA RADIO","og_description":"Oaxaca de Ju\u00e1rez, Oax.-\u00a0La Fiscal\u00eda General del Estado de Oaxaca (FGEO) obtuvo, del Tribunal de Enjuiciamiento, sentencia condenatoria de 30 a\u00f1os de prisi\u00f3n contra la persona del sexo masculino identificado como M. E. A. L., responsable del delito de violaci\u00f3n equiparada agravada en contra de un menor de edad, cometido en septiembre de 2018, en [&hellip;]","og_url":"https:\/\/www.bbmnoticias.com\/labravaradiofm\/2021\/11\/04\/sentencia-de-30-anos-de-carcel-a-hombre-por-violacion-a-un-menor-de-edad\/","og_site_name":"LA BRAVA RADIO","article_published_time":"2021-11-04T20:07:11+00:00","article_modified_time":"2021-11-04T20:07:12+00:00","og_image":[{"width":880,"height":495,"url":"https:\/\/www.bbmnoticias.com\/labravaradiofm\/wp-content\/uploads\/sites\/5\/2021\/11\/p04112021-2.jpg","type":"image\/jpeg"}],"author":"Staff","twitter_card":"summary_large_image","twitter_misc":{"Escrito por":"Staff","Tiempo de lectura":"2 minutos"},"schema":{"@context":"https:\/\/schema.org","@graph":[{"@type":"Article","@id":"https:\/\/www.bbmnoticias.com\/labravaradiofm\/2021\/11\/04\/sentencia-de-30-anos-de-carcel-a-hombre-por-violacion-a-un-menor-de-edad\/#article","isPartOf":{"@id":"https:\/\/www.bbmnoticias.com\/labravaradiofm\/2021\/11\/04\/sentencia-de-30-anos-de-carcel-a-hombre-por-violacion-a-un-menor-de-edad\/"},"author":{"name":"Staff","@id":"https:\/\/www.bbmnoticias.com\/labravaradiofm\/#\/schema\/person\/68a9e9036ef3c5b55aeb2b71dc8bab45"},"headline":"Sentencia de 30 a\u00f1os de c\u00e1rcel a hombre por violaci\u00f3n a un menor de edad","datePublished":"2021-11-04T20:07:11+00:00","dateModified":"2021-11-04T20:07:12+00:00","mainEntityOfPage":{"@id":"https:\/\/www.bbmnoticias.com\/labravaradiofm\/2021\/11\/04\/sentencia-de-30-anos-de-carcel-a-hombre-por-violacion-a-un-menor-de-edad\/"},"wordCount":323,"image":{"@id":"https:\/\/www.bbmnoticias.com\/labravaradiofm\/2021\/11\/04\/sentencia-de-30-anos-de-carcel-a-hombre-por-violacion-a-un-menor-de-edad\/#primaryimage"},"thumbnailUrl":"https:\/\/www.bbmnoticias.com\/labravaradiofm\/wp-content\/uploads\/sites\/5\/2021\/11\/p04112021-2.jpg","articleSection":["POLICIACA"],"inLanguage":"es"},{"@type":"WebPage","@id":"https:\/\/www.bbmnoticias.com\/labravaradiofm\/2021\/11\/04\/sentencia-de-30-anos-de-carcel-a-hombre-por-violacion-a-un-menor-de-edad\/","url":"https:\/\/www.bbmnoticias.com\/labravaradiofm\/2021\/11\/04\/sentencia-de-30-anos-de-carcel-a-hombre-por-violacion-a-un-menor-de-edad\/","name":"Sentencia de 30 a\u00f1os de c\u00e1rcel a hombre por violaci\u00f3n a un menor de edad - LA BRAVA RADIO","isPartOf":{"@id":"https:\/\/www.bbmnoticias.com\/labravaradiofm\/#website"},"primaryImageOfPage":{"@id":"https:\/\/www.bbmnoticias.com\/labravaradiofm\/2021\/11\/04\/sentencia-de-30-anos-de-carcel-a-hombre-por-violacion-a-un-menor-de-edad\/#primaryimage"},"image":{"@id":"https:\/\/www.bbmnoticias.com\/labravaradiofm\/2021\/11\/04\/sentencia-de-30-anos-de-carcel-a-hombre-por-violacion-a-un-menor-de-edad\/#primaryimage"},"thumbnailUrl":"https:\/\/www.bbmnoticias.com\/labravaradiofm\/wp-content\/uploads\/sites\/5\/2021\/11\/p04112021-2.jpg","datePublished":"2021-11-04T20:07:11+00:00","dateModified":"2021-11-04T20:07:12+00:00","author":{"@id":"https:\/\/www.bbmnoticias.com\/labravaradiofm\/#\/schema\/person\/68a9e9036ef3c5b55aeb2b71dc8bab45"},"breadcrumb":{"@id":"https:\/\/www.bbmnoticias.com\/labravaradiofm\/2021\/11\/04\/sentencia-de-30-anos-de-carcel-a-hombre-por-violacion-a-un-menor-de-edad\/#breadcrumb"},"inLanguage":"es","potentialAction":[{"@type":"ReadAction","target":["https:\/\/www.bbmnoticias.com\/labravaradiofm\/2021\/11\/04\/sentencia-de-30-anos-de-carcel-a-hombre-por-violacion-a-un-menor-de-edad\/"]}]},{"@type":"ImageObject","inLanguage":"es","@id":"https:\/\/www.bbmnoticias.com\/labravaradiofm\/2021\/11\/04\/sentencia-de-30-anos-de-carcel-a-hombre-por-violacion-a-un-menor-de-edad\/#primaryimage","url":"https:\/\/www.bbmnoticias.com\/labravaradiofm\/wp-content\/uploads\/sites\/5\/2021\/11\/p04112021-2.jpg","contentUrl":"https:\/\/www.bbmnoticias.com\/labravaradiofm\/wp-content\/uploads\/sites\/5\/2021\/11\/p04112021-2.jpg","width":880,"height":495},{"@type":"BreadcrumbList","@id":"https:\/\/www.bbmnoticias.com\/labravaradiofm\/2021\/11\/04\/sentencia-de-30-anos-de-carcel-a-hombre-por-violacion-a-un-menor-de-edad\/#breadcrumb","itemListElement":[{"@type":"ListItem","position":1,"name":"Inicio","item":"https:\/\/www.bbmnoticias.com\/labravaradiofm\/"},{"@type":"ListItem","position":2,"name":"Sentencia de 30 a\u00f1os de c\u00e1rcel a hombre por violaci\u00f3n a un menor de edad"}]},{"@type":"WebSite","@id":"https:\/\/www.bbmnoticias.com\/labravaradiofm\/#website","url":"https:\/\/www.bbmnoticias.com\/labravaradiofm\/","name":"LA BRAVA RADIO","description":"Empresa productora de medios, Radiodifusi\u00f3n, Noticias, tendencias y todo lo que necesitas saber de la pol\u00edtica mexicana e internacional; entretenimiento, espect\u00e1culos, salud y mucho m\u00e1s.","potentialAction":[{"@type":"SearchAction","target":{"@type":"EntryPoint","urlTemplate":"https:\/\/www.bbmnoticias.com\/labravaradiofm\/?s={search_term_string}"},"query-input":{"@type":"PropertyValueSpecification","valueRequired":true,"valueName":"search_term_string"}}],"inLanguage":"es"},{"@type":"Person","@id":"https:\/\/www.bbmnoticias.com\/labravaradiofm\/#\/schema\/person\/68a9e9036ef3c5b55aeb2b71dc8bab45","name":"Staff","image":{"@type":"ImageObject","inLanguage":"es","@id":"https:\/\/secure.gravatar.com\/avatar\/fdd21ad66fd8b98c407f9dee5b5e588cfe7f0d8579ec20fa6527cd59bab7f0f0?s=96&d=mm&r=g","url":"https:\/\/secure.gravatar.com\/avatar\/fdd21ad66fd8b98c407f9dee5b5e588cfe7f0d8579ec20fa6527cd59bab7f0f0?s=96&d=mm&r=g","contentUrl":"https:\/\/secure.gravatar.com\/avatar\/fdd21ad66fd8b98c407f9dee5b5e588cfe7f0d8579ec20fa6527cd59bab7f0f0?s=96&d=mm&r=g","caption":"Staff"},"url":"https:\/\/www.bbmnoticias.com\/labravaradiofm\/author\/redaccion\/"}]}},"_links":{"self":[{"href":"https:\/\/www.bbmnoticias.com\/labravaradiofm\/wp-json\/wp\/v2\/posts\/4934","targetHints":{"allow":["GET"]}}],"collection":[{"href":"https:\/\/www.bbmnoticias.com\/labravaradiofm\/wp-json\/wp\/v2\/posts"}],"about":[{"href":"https:\/\/www.bbmnoticias.com\/labravaradiofm\/wp-json\/wp\/v2\/types\/post"}],"author":[{"embeddable":true,"href":"https:\/\/www.bbmnoticias.com\/labravaradiofm\/wp-json\/wp\/v2\/users\/2"}],"replies":[{"embeddable":true,"href":"https:\/\/www.bbmnoticias.com\/labravaradiofm\/wp-json\/wp\/v2\/comments?post=4934"}],"version-history":[{"count":0,"href":"https:\/\/www.bbmnoticias.com\/labravaradiofm\/wp-json\/wp\/v2\/posts\/4934\/revisions"}],"wp:featuredmedia":[{"embeddable":true,"href":"https:\/\/www.bbmnoticias.com\/labravaradiofm\/wp-json\/wp\/v2\/media\/4935"}],"wp:attachment":[{"href":"https:\/\/www.bbmnoticias.com\/labravaradiofm\/wp-json\/wp\/v2\/media?parent=4934"}],"wp:term":[{"taxonomy":"category","embeddable":true,"href":"https:\/\/www.bbmnoticias.com\/labravaradiofm\/wp-json\/wp\/v2\/categories?post=4934"},{"taxonomy":"post_tag","embeddable":true,"href":"https:\/\/www.bbmnoticias.com\/labravaradiofm\/wp-json\/wp\/v2\/tags?post=4934"}],"curies":[{"name":"wp","href":"https:\/\/api.w.org\/{rel}","templated":true}]}}