{"id":46409,"date":"2024-08-30T08:31:01","date_gmt":"2024-08-30T14:31:01","guid":{"rendered":"https:\/\/www.bbmnoticias.com\/labravaradiofm\/?p=46409"},"modified":"2024-08-30T08:31:03","modified_gmt":"2024-08-30T14:31:03","slug":"temen-impacto-de-menor-pib-en-las-finanzas-publicas","status":"publish","type":"post","link":"https:\/\/www.bbmnoticias.com\/labravaradiofm\/2024\/08\/30\/temen-impacto-de-menor-pib-en-las-finanzas-publicas\/","title":{"rendered":"Temen impacto de menor PIB en las finanzas p\u00fablicas"},"content":{"rendered":"<div style=\"margin-top: 0px; margin-bottom: 0px;\" class=\"sharethis-inline-share-buttons\" ><\/div>\n<p>Los ajustes a la baja en <strong>las proyecciones de crecimiento econ\u00f3mico<\/strong> en M\u00e9xico pintan un panorama de<strong> mayor deterioro <\/strong>para <strong>las finanzas p\u00fablicas<\/strong> al cierre de este a\u00f1o y para 2025, con un <strong>aumento en la raz\u00f3n deuda\/PIB<\/strong>, e incluso, si las cosas se ponen peor, habr\u00eda <strong>el riesgo de que el pa\u00eds pierda el grado de inversi\u00f3n<\/strong>, advirtieron analistas.<\/p>\n\n\n\n<p><strong>Luis Adri\u00e1n Mu\u00f1iz, subdirector de an\u00e1lisis econ\u00f3mico de Vector Casa de Bolsa, <\/strong>recalc\u00f3 que \u201cel balance de <strong>riesgos<\/strong> a la baja en el <strong>crecimiento econ\u00f3mico<\/strong> es algo que presiona de manera significativa las<strong> finanzas p\u00fablicas<\/strong>\u201d.<\/p>\n\n\n\n<p>En entrevista, expuso que si se recorta la <strong>proyecci\u00f3n de crecimiento<\/strong>del 3 al 1.5 por ciento del PIB para el presente a\u00f1o, habr\u00e1 un faltante autom\u00e1ticamente en <strong>ingresos fiscales <\/strong>de 73 mil millones de pesos.<\/p>\n\n\n\n<p><strong>John Soldevilla, director de Ecobi, <\/strong>estim\u00f3 que con un <strong>crecimiento econ\u00f3mico<\/strong>de solo 1.5 por ciento este a\u00f1o, la deuda p\u00fablica crecer\u00eda a 52.3 por ciento del PIB. A inicios de a\u00f1o, el <strong>economista<\/strong> proyectaba un aumento del PIB de 2.4 por ciento y la deuda en casi 50 por ciento del<strong> tama\u00f1o de la econom\u00eda<\/strong>.<\/p>\n\n\n\n<p>Proyect\u00f3 que con un avance del PIB de 1.2 por ciento en 2025, la <strong>deuda<\/strong> se elevar\u00eda a 54.4 por ciento del PIB. \u201cSi <strong>el PIB<\/strong> crece menos, genera un<strong> alza del d\u00e9ficit fiscal<\/strong>, a no ser que<strong> el gasto<\/strong> se reduzca o crezca la <strong>recaudaci\u00f3n<\/strong>\u201d, enfatiz\u00f3.<\/p>\n\n\n\n<p>En tanto,<strong> Gabriela Siller, directora de an\u00e1lisis econ\u00f3mico de Banco Base, <\/strong>actualiz\u00f3 su <strong>proyecci\u00f3n de crecimiento<\/strong> del pa\u00eds a 1.3 por ciento este a\u00f1o y 0.8 por ciento el siguiente. Pero en un <strong>escenario pesimista <\/strong>el <strong>PIB<\/strong> solo avanzar\u00e1 0.9 por ciento este a\u00f1o y caer\u00eda 0.2 por ciento el pr\u00f3ximo a\u00f1o.<\/p>\n\n\n\n<p>\u201cLa<strong> raz\u00f3n de deuda sobre PIB<\/strong> s\u00ed puede subir a 51 o 52 por ciento, asumiendo que en el 2025 recorten<strong> el d\u00e9ficit fiscal presupuestario<\/strong> a 3.9 por ciento del PIB y una <strong>recesi\u00f3n<\/strong> donde el PIB cae 0.2 por ciento\u201d, recalc\u00f3.<\/p>\n\n\n\n<p>\u201cPara 2026 habr\u00e1 que ver tambi\u00e9n cu\u00e1l es el <strong>impacto de la reforma al Poder Judicial<\/strong>, porque podr\u00edamos ver un largo <strong>estancamiento econ\u00f3mico<\/strong>, es decir, despu\u00e9s de <strong>una ca\u00edda en el PIB<\/strong>, una <strong>recuperaci\u00f3n<\/strong>, pero con un crecimiento pr\u00e1cticamente nulo\u201d, calcul\u00f3.<\/p>\n\n\n\n<p>Agreg\u00f3 que en este escenario,<strong> la raz\u00f3n de deuda sobre PIB <\/strong>seguir\u00eda creciendo alcanzando niveles cercanos al 54 o 55 por ciento en tres a\u00f1os, lo que<strong>llevar\u00eda a la p\u00e9rdida del grado de inversi\u00f3n en M\u00e9xico<\/strong>; \u201cno nada m\u00e1s habr\u00eda recorte en la calificaci\u00f3n crediticia, sino <strong>la p\u00e9rdida del grado de inversi\u00f3n<\/strong>\u201d, advirti\u00f3.<\/p>\n\n\n\n<figure class=\"wp-block-image size-large\"><img decoding=\"async\" src=\"https:\/\/www.elfinanciero.com.mx\/resizer\/kj5VXH1ThyRPKM2GSGoyOU01ro8=\/1440x0\/filters:format(jpg):quality(70)\/cloudfront-us-east-1.images.arcpublishing.com\/elfinanciero\/3FBNL4AEBZANHDQTBL5PJWKGIM.jpg\" alt=\"\"\/><\/figure>\n\n\n\n<h2 class=\"wp-block-heading\">Sensibilidad de ingresos<\/h2>\n\n\n\n<p>Mu\u00f1iz explic\u00f3 que la cifra estimada del <strong>faltante de ingresos<\/strong> se obtiene con base en los c\u00e1lculos de la sensibilidad de ingresos, establecida en los<strong> Criterios Generales de Pol\u00edtica Econ\u00f3mica para 2024<\/strong>.<\/p>\n\n\n\n<p>El informe establece que por cada medio punto de menor <strong>crecimiento del PIB<\/strong> hay un <strong>faltante de ingresos fiscales <\/strong>por 24.4 mil millones de pesos, entonces si la econom\u00eda crece un punto y medio menos, la merma de ingresos se triplica.<\/p>\n\n\n\n<p>\u201cTodas las m\u00e9tricas de<strong> finanzas p\u00fablicas<\/strong> para este a\u00f1o est\u00e1n hechas con una estimaci\u00f3n de crecimiento del PIB m\u00e1s alto, de 3 por ciento, pero si se crece menos, esto ocasionar\u00e1 un <strong>menor ingreso tributario<\/strong> para 2024 y ceteris paribus, habr\u00e1 un <strong>faltante en las finanzas p\u00fablicas <\/strong>de 73 mil millones de pesos\u201d, detall\u00f3 el economista.<\/p>\n\n\n\n<p>Consider\u00f3 que el problema es que la perspectiva para el <strong>crecimiento del PIB<\/strong> de 2025 est\u00e1 igual de d\u00e9bil, y todo parece indicar que <strong>la<\/strong> <strong>econom\u00eda mexicana<\/strong> se seguir\u00e1 desacelerando el pr\u00f3ximo a\u00f1o; entonces el reto de bajar<strong> el d\u00e9ficit <\/strong>de 6 por ciento del PIB en el presente a\u00f1o a 4 o 4.5 para 2025 se observa m\u00e1s complicado.<\/p>\n\n\n\n<p>Asinti\u00f3 que <strong>Hacienda<\/strong> hab\u00eda proyectado un d\u00e9ficit fiscal de tres por ciento del <strong>PIB<\/strong> para 2025 y Sheinbaum dijo que de 3.5 por ciento del <strong>PIB<\/strong>, pero se\u00f1al\u00f3 que bajar el <strong>d\u00e9ficit <\/strong>de seis por ciento a dichos niveles implica un golpe muy grande para la <strong>demanda interna<\/strong>.<\/p>\n\n\n\n<p>Ah\u00ed la pregunta es si se podr\u00edan elevar los<strong> ingresos p\u00fablicos<\/strong> por mayor eficiencia recaudatoria, para lograr la <strong>consolidaci\u00f3n fiscal<\/strong>.<\/p>\n\n\n\n<p>Para 2025 todav\u00eda se desconocen muchas variables, \u201cpero sea cual sea el escenario, se requiere que los RFSP no sean mayores de 5.9 por ciento del PIB, para que el <strong>crecimiento de la deuda p\u00fablica<\/strong> no se desancle y no se ponga en riesgo<strong> la calificaci\u00f3n crediticia<\/strong>\u201d, recalc\u00f3.<\/p>\n","protected":false},"excerpt":{"rendered":"<p>Los ajustes a la baja en las proyecciones de crecimiento econ\u00f3mico en M\u00e9xico pintan un panorama de mayor deterioro para las finanzas p\u00fablicas al cierre de este a\u00f1o y para 2025, con un aumento en la raz\u00f3n deuda\/PIB, e incluso, si las cosas se ponen peor, habr\u00eda el riesgo de que el pa\u00eds pierda el [&hellip;]<\/p>\n","protected":false},"author":2,"featured_media":46410,"comment_status":"closed","ping_status":"closed","sticky":false,"template":"","format":"standard","meta":{"footnotes":""},"categories":[1025,19],"tags":[],"class_list":{"0":"post-46409","1":"post","2":"type-post","3":"status-publish","4":"format-standard","5":"has-post-thumbnail","7":"category-destacado","8":"category-nacional"},"yoast_head":"<!-- This site is optimized with the Yoast SEO plugin v27.4 - https:\/\/yoast.com\/product\/yoast-seo-wordpress\/ -->\n<title>Temen impacto de menor PIB en las finanzas p\u00fablicas - LA BRAVA RADIO<\/title>\n<meta name=\"robots\" content=\"index, follow, max-snippet:-1, max-image-preview:large, max-video-preview:-1\" \/>\n<link rel=\"canonical\" href=\"https:\/\/www.bbmnoticias.com\/labravaradiofm\/2024\/08\/30\/temen-impacto-de-menor-pib-en-las-finanzas-publicas\/\" \/>\n<meta property=\"og:locale\" content=\"es_MX\" \/>\n<meta property=\"og:type\" content=\"article\" \/>\n<meta property=\"og:title\" content=\"Temen impacto de menor PIB en las finanzas p\u00fablicas - LA BRAVA RADIO\" \/>\n<meta property=\"og:description\" content=\"Los ajustes a la baja en las proyecciones de crecimiento econ\u00f3mico en M\u00e9xico pintan un panorama de mayor deterioro para las finanzas p\u00fablicas al cierre de este a\u00f1o y para 2025, con un aumento en la raz\u00f3n deuda\/PIB, e incluso, si las cosas se ponen peor, habr\u00eda el riesgo de que el pa\u00eds pierda el [&hellip;]\" \/>\n<meta property=\"og:url\" content=\"https:\/\/www.bbmnoticias.com\/labravaradiofm\/2024\/08\/30\/temen-impacto-de-menor-pib-en-las-finanzas-publicas\/\" \/>\n<meta property=\"og:site_name\" content=\"LA BRAVA RADIO\" \/>\n<meta property=\"article:published_time\" content=\"2024-08-30T14:31:01+00:00\" \/>\n<meta property=\"article:modified_time\" content=\"2024-08-30T14:31:03+00:00\" \/>\n<meta property=\"og:image\" content=\"https:\/\/www.bbmnoticias.com\/labravaradiofm\/wp-content\/uploads\/sites\/5\/2024\/08\/mexico-pib.jpg\" \/>\n\t<meta property=\"og:image:width\" content=\"800\" \/>\n\t<meta property=\"og:image:height\" content=\"451\" \/>\n\t<meta property=\"og:image:type\" content=\"image\/jpeg\" \/>\n<meta name=\"author\" content=\"Staff\" \/>\n<meta name=\"twitter:card\" content=\"summary_large_image\" \/>\n<meta name=\"twitter:label1\" content=\"Escrito por\" \/>\n\t<meta name=\"twitter:data1\" content=\"Staff\" \/>\n\t<meta name=\"twitter:label2\" content=\"Tiempo de lectura\" \/>\n\t<meta name=\"twitter:data2\" content=\"4 minutos\" \/>\n<script type=\"application\/ld+json\" class=\"yoast-schema-graph\">{\"@context\":\"https:\\\/\\\/schema.org\",\"@graph\":[{\"@type\":\"Article\",\"@id\":\"https:\\\/\\\/www.bbmnoticias.com\\\/labravaradiofm\\\/2024\\\/08\\\/30\\\/temen-impacto-de-menor-pib-en-las-finanzas-publicas\\\/#article\",\"isPartOf\":{\"@id\":\"https:\\\/\\\/www.bbmnoticias.com\\\/labravaradiofm\\\/2024\\\/08\\\/30\\\/temen-impacto-de-menor-pib-en-las-finanzas-publicas\\\/\"},\"author\":{\"name\":\"Staff\",\"@id\":\"https:\\\/\\\/www.bbmnoticias.com\\\/labravaradiofm\\\/#\\\/schema\\\/person\\\/68a9e9036ef3c5b55aeb2b71dc8bab45\"},\"headline\":\"Temen impacto de menor PIB en las finanzas p\u00fablicas\",\"datePublished\":\"2024-08-30T14:31:01+00:00\",\"dateModified\":\"2024-08-30T14:31:03+00:00\",\"mainEntityOfPage\":{\"@id\":\"https:\\\/\\\/www.bbmnoticias.com\\\/labravaradiofm\\\/2024\\\/08\\\/30\\\/temen-impacto-de-menor-pib-en-las-finanzas-publicas\\\/\"},\"wordCount\":790,\"image\":{\"@id\":\"https:\\\/\\\/www.bbmnoticias.com\\\/labravaradiofm\\\/2024\\\/08\\\/30\\\/temen-impacto-de-menor-pib-en-las-finanzas-publicas\\\/#primaryimage\"},\"thumbnailUrl\":\"https:\\\/\\\/www.bbmnoticias.com\\\/labravaradiofm\\\/wp-content\\\/uploads\\\/sites\\\/5\\\/2024\\\/08\\\/mexico-pib.jpg\",\"articleSection\":[\"DESTACADO\",\"NACIONAL\"],\"inLanguage\":\"es\"},{\"@type\":\"WebPage\",\"@id\":\"https:\\\/\\\/www.bbmnoticias.com\\\/labravaradiofm\\\/2024\\\/08\\\/30\\\/temen-impacto-de-menor-pib-en-las-finanzas-publicas\\\/\",\"url\":\"https:\\\/\\\/www.bbmnoticias.com\\\/labravaradiofm\\\/2024\\\/08\\\/30\\\/temen-impacto-de-menor-pib-en-las-finanzas-publicas\\\/\",\"name\":\"Temen impacto de menor PIB en las finanzas p\u00fablicas - LA BRAVA RADIO\",\"isPartOf\":{\"@id\":\"https:\\\/\\\/www.bbmnoticias.com\\\/labravaradiofm\\\/#website\"},\"primaryImageOfPage\":{\"@id\":\"https:\\\/\\\/www.bbmnoticias.com\\\/labravaradiofm\\\/2024\\\/08\\\/30\\\/temen-impacto-de-menor-pib-en-las-finanzas-publicas\\\/#primaryimage\"},\"image\":{\"@id\":\"https:\\\/\\\/www.bbmnoticias.com\\\/labravaradiofm\\\/2024\\\/08\\\/30\\\/temen-impacto-de-menor-pib-en-las-finanzas-publicas\\\/#primaryimage\"},\"thumbnailUrl\":\"https:\\\/\\\/www.bbmnoticias.com\\\/labravaradiofm\\\/wp-content\\\/uploads\\\/sites\\\/5\\\/2024\\\/08\\\/mexico-pib.jpg\",\"datePublished\":\"2024-08-30T14:31:01+00:00\",\"dateModified\":\"2024-08-30T14:31:03+00:00\",\"author\":{\"@id\":\"https:\\\/\\\/www.bbmnoticias.com\\\/labravaradiofm\\\/#\\\/schema\\\/person\\\/68a9e9036ef3c5b55aeb2b71dc8bab45\"},\"breadcrumb\":{\"@id\":\"https:\\\/\\\/www.bbmnoticias.com\\\/labravaradiofm\\\/2024\\\/08\\\/30\\\/temen-impacto-de-menor-pib-en-las-finanzas-publicas\\\/#breadcrumb\"},\"inLanguage\":\"es\",\"potentialAction\":[{\"@type\":\"ReadAction\",\"target\":[\"https:\\\/\\\/www.bbmnoticias.com\\\/labravaradiofm\\\/2024\\\/08\\\/30\\\/temen-impacto-de-menor-pib-en-las-finanzas-publicas\\\/\"]}]},{\"@type\":\"ImageObject\",\"inLanguage\":\"es\",\"@id\":\"https:\\\/\\\/www.bbmnoticias.com\\\/labravaradiofm\\\/2024\\\/08\\\/30\\\/temen-impacto-de-menor-pib-en-las-finanzas-publicas\\\/#primaryimage\",\"url\":\"https:\\\/\\\/www.bbmnoticias.com\\\/labravaradiofm\\\/wp-content\\\/uploads\\\/sites\\\/5\\\/2024\\\/08\\\/mexico-pib.jpg\",\"contentUrl\":\"https:\\\/\\\/www.bbmnoticias.com\\\/labravaradiofm\\\/wp-content\\\/uploads\\\/sites\\\/5\\\/2024\\\/08\\\/mexico-pib.jpg\",\"width\":800,\"height\":451},{\"@type\":\"BreadcrumbList\",\"@id\":\"https:\\\/\\\/www.bbmnoticias.com\\\/labravaradiofm\\\/2024\\\/08\\\/30\\\/temen-impacto-de-menor-pib-en-las-finanzas-publicas\\\/#breadcrumb\",\"itemListElement\":[{\"@type\":\"ListItem\",\"position\":1,\"name\":\"Inicio\",\"item\":\"https:\\\/\\\/www.bbmnoticias.com\\\/labravaradiofm\\\/\"},{\"@type\":\"ListItem\",\"position\":2,\"name\":\"Temen impacto de menor PIB en las finanzas p\u00fablicas\"}]},{\"@type\":\"WebSite\",\"@id\":\"https:\\\/\\\/www.bbmnoticias.com\\\/labravaradiofm\\\/#website\",\"url\":\"https:\\\/\\\/www.bbmnoticias.com\\\/labravaradiofm\\\/\",\"name\":\"LA BRAVA RADIO\",\"description\":\"Empresa productora de medios, Radiodifusi\u00f3n, Noticias, tendencias y todo lo que necesitas saber de la pol\u00edtica mexicana e internacional; entretenimiento, espect\u00e1culos, salud y mucho m\u00e1s.\",\"potentialAction\":[{\"@type\":\"SearchAction\",\"target\":{\"@type\":\"EntryPoint\",\"urlTemplate\":\"https:\\\/\\\/www.bbmnoticias.com\\\/labravaradiofm\\\/?s={search_term_string}\"},\"query-input\":{\"@type\":\"PropertyValueSpecification\",\"valueRequired\":true,\"valueName\":\"search_term_string\"}}],\"inLanguage\":\"es\"},{\"@type\":\"Person\",\"@id\":\"https:\\\/\\\/www.bbmnoticias.com\\\/labravaradiofm\\\/#\\\/schema\\\/person\\\/68a9e9036ef3c5b55aeb2b71dc8bab45\",\"name\":\"Staff\",\"image\":{\"@type\":\"ImageObject\",\"inLanguage\":\"es\",\"@id\":\"https:\\\/\\\/secure.gravatar.com\\\/avatar\\\/fdd21ad66fd8b98c407f9dee5b5e588cfe7f0d8579ec20fa6527cd59bab7f0f0?s=96&d=mm&r=g\",\"url\":\"https:\\\/\\\/secure.gravatar.com\\\/avatar\\\/fdd21ad66fd8b98c407f9dee5b5e588cfe7f0d8579ec20fa6527cd59bab7f0f0?s=96&d=mm&r=g\",\"contentUrl\":\"https:\\\/\\\/secure.gravatar.com\\\/avatar\\\/fdd21ad66fd8b98c407f9dee5b5e588cfe7f0d8579ec20fa6527cd59bab7f0f0?s=96&d=mm&r=g\",\"caption\":\"Staff\"},\"url\":\"https:\\\/\\\/www.bbmnoticias.com\\\/labravaradiofm\\\/author\\\/redaccion\\\/\"}]}<\/script>\n<!-- \/ Yoast SEO plugin. -->","yoast_head_json":{"title":"Temen impacto de menor PIB en las finanzas p\u00fablicas - LA BRAVA RADIO","robots":{"index":"index","follow":"follow","max-snippet":"max-snippet:-1","max-image-preview":"max-image-preview:large","max-video-preview":"max-video-preview:-1"},"canonical":"https:\/\/www.bbmnoticias.com\/labravaradiofm\/2024\/08\/30\/temen-impacto-de-menor-pib-en-las-finanzas-publicas\/","og_locale":"es_MX","og_type":"article","og_title":"Temen impacto de menor PIB en las finanzas p\u00fablicas - LA BRAVA RADIO","og_description":"Los ajustes a la baja en las proyecciones de crecimiento econ\u00f3mico en M\u00e9xico pintan un panorama de mayor deterioro para las finanzas p\u00fablicas al cierre de este a\u00f1o y para 2025, con un aumento en la raz\u00f3n deuda\/PIB, e incluso, si las cosas se ponen peor, habr\u00eda el riesgo de que el pa\u00eds pierda el [&hellip;]","og_url":"https:\/\/www.bbmnoticias.com\/labravaradiofm\/2024\/08\/30\/temen-impacto-de-menor-pib-en-las-finanzas-publicas\/","og_site_name":"LA BRAVA RADIO","article_published_time":"2024-08-30T14:31:01+00:00","article_modified_time":"2024-08-30T14:31:03+00:00","og_image":[{"width":800,"height":451,"url":"https:\/\/www.bbmnoticias.com\/labravaradiofm\/wp-content\/uploads\/sites\/5\/2024\/08\/mexico-pib.jpg","type":"image\/jpeg"}],"author":"Staff","twitter_card":"summary_large_image","twitter_misc":{"Escrito por":"Staff","Tiempo de lectura":"4 minutos"},"schema":{"@context":"https:\/\/schema.org","@graph":[{"@type":"Article","@id":"https:\/\/www.bbmnoticias.com\/labravaradiofm\/2024\/08\/30\/temen-impacto-de-menor-pib-en-las-finanzas-publicas\/#article","isPartOf":{"@id":"https:\/\/www.bbmnoticias.com\/labravaradiofm\/2024\/08\/30\/temen-impacto-de-menor-pib-en-las-finanzas-publicas\/"},"author":{"name":"Staff","@id":"https:\/\/www.bbmnoticias.com\/labravaradiofm\/#\/schema\/person\/68a9e9036ef3c5b55aeb2b71dc8bab45"},"headline":"Temen impacto de menor PIB en las finanzas p\u00fablicas","datePublished":"2024-08-30T14:31:01+00:00","dateModified":"2024-08-30T14:31:03+00:00","mainEntityOfPage":{"@id":"https:\/\/www.bbmnoticias.com\/labravaradiofm\/2024\/08\/30\/temen-impacto-de-menor-pib-en-las-finanzas-publicas\/"},"wordCount":790,"image":{"@id":"https:\/\/www.bbmnoticias.com\/labravaradiofm\/2024\/08\/30\/temen-impacto-de-menor-pib-en-las-finanzas-publicas\/#primaryimage"},"thumbnailUrl":"https:\/\/www.bbmnoticias.com\/labravaradiofm\/wp-content\/uploads\/sites\/5\/2024\/08\/mexico-pib.jpg","articleSection":["DESTACADO","NACIONAL"],"inLanguage":"es"},{"@type":"WebPage","@id":"https:\/\/www.bbmnoticias.com\/labravaradiofm\/2024\/08\/30\/temen-impacto-de-menor-pib-en-las-finanzas-publicas\/","url":"https:\/\/www.bbmnoticias.com\/labravaradiofm\/2024\/08\/30\/temen-impacto-de-menor-pib-en-las-finanzas-publicas\/","name":"Temen impacto de menor PIB en las finanzas p\u00fablicas - LA BRAVA RADIO","isPartOf":{"@id":"https:\/\/www.bbmnoticias.com\/labravaradiofm\/#website"},"primaryImageOfPage":{"@id":"https:\/\/www.bbmnoticias.com\/labravaradiofm\/2024\/08\/30\/temen-impacto-de-menor-pib-en-las-finanzas-publicas\/#primaryimage"},"image":{"@id":"https:\/\/www.bbmnoticias.com\/labravaradiofm\/2024\/08\/30\/temen-impacto-de-menor-pib-en-las-finanzas-publicas\/#primaryimage"},"thumbnailUrl":"https:\/\/www.bbmnoticias.com\/labravaradiofm\/wp-content\/uploads\/sites\/5\/2024\/08\/mexico-pib.jpg","datePublished":"2024-08-30T14:31:01+00:00","dateModified":"2024-08-30T14:31:03+00:00","author":{"@id":"https:\/\/www.bbmnoticias.com\/labravaradiofm\/#\/schema\/person\/68a9e9036ef3c5b55aeb2b71dc8bab45"},"breadcrumb":{"@id":"https:\/\/www.bbmnoticias.com\/labravaradiofm\/2024\/08\/30\/temen-impacto-de-menor-pib-en-las-finanzas-publicas\/#breadcrumb"},"inLanguage":"es","potentialAction":[{"@type":"ReadAction","target":["https:\/\/www.bbmnoticias.com\/labravaradiofm\/2024\/08\/30\/temen-impacto-de-menor-pib-en-las-finanzas-publicas\/"]}]},{"@type":"ImageObject","inLanguage":"es","@id":"https:\/\/www.bbmnoticias.com\/labravaradiofm\/2024\/08\/30\/temen-impacto-de-menor-pib-en-las-finanzas-publicas\/#primaryimage","url":"https:\/\/www.bbmnoticias.com\/labravaradiofm\/wp-content\/uploads\/sites\/5\/2024\/08\/mexico-pib.jpg","contentUrl":"https:\/\/www.bbmnoticias.com\/labravaradiofm\/wp-content\/uploads\/sites\/5\/2024\/08\/mexico-pib.jpg","width":800,"height":451},{"@type":"BreadcrumbList","@id":"https:\/\/www.bbmnoticias.com\/labravaradiofm\/2024\/08\/30\/temen-impacto-de-menor-pib-en-las-finanzas-publicas\/#breadcrumb","itemListElement":[{"@type":"ListItem","position":1,"name":"Inicio","item":"https:\/\/www.bbmnoticias.com\/labravaradiofm\/"},{"@type":"ListItem","position":2,"name":"Temen impacto de menor PIB en las finanzas p\u00fablicas"}]},{"@type":"WebSite","@id":"https:\/\/www.bbmnoticias.com\/labravaradiofm\/#website","url":"https:\/\/www.bbmnoticias.com\/labravaradiofm\/","name":"LA BRAVA RADIO","description":"Empresa productora de medios, Radiodifusi\u00f3n, Noticias, tendencias y todo lo que necesitas saber de la pol\u00edtica mexicana e internacional; entretenimiento, espect\u00e1culos, salud y mucho m\u00e1s.","potentialAction":[{"@type":"SearchAction","target":{"@type":"EntryPoint","urlTemplate":"https:\/\/www.bbmnoticias.com\/labravaradiofm\/?s={search_term_string}"},"query-input":{"@type":"PropertyValueSpecification","valueRequired":true,"valueName":"search_term_string"}}],"inLanguage":"es"},{"@type":"Person","@id":"https:\/\/www.bbmnoticias.com\/labravaradiofm\/#\/schema\/person\/68a9e9036ef3c5b55aeb2b71dc8bab45","name":"Staff","image":{"@type":"ImageObject","inLanguage":"es","@id":"https:\/\/secure.gravatar.com\/avatar\/fdd21ad66fd8b98c407f9dee5b5e588cfe7f0d8579ec20fa6527cd59bab7f0f0?s=96&d=mm&r=g","url":"https:\/\/secure.gravatar.com\/avatar\/fdd21ad66fd8b98c407f9dee5b5e588cfe7f0d8579ec20fa6527cd59bab7f0f0?s=96&d=mm&r=g","contentUrl":"https:\/\/secure.gravatar.com\/avatar\/fdd21ad66fd8b98c407f9dee5b5e588cfe7f0d8579ec20fa6527cd59bab7f0f0?s=96&d=mm&r=g","caption":"Staff"},"url":"https:\/\/www.bbmnoticias.com\/labravaradiofm\/author\/redaccion\/"}]}},"_links":{"self":[{"href":"https:\/\/www.bbmnoticias.com\/labravaradiofm\/wp-json\/wp\/v2\/posts\/46409","targetHints":{"allow":["GET"]}}],"collection":[{"href":"https:\/\/www.bbmnoticias.com\/labravaradiofm\/wp-json\/wp\/v2\/posts"}],"about":[{"href":"https:\/\/www.bbmnoticias.com\/labravaradiofm\/wp-json\/wp\/v2\/types\/post"}],"author":[{"embeddable":true,"href":"https:\/\/www.bbmnoticias.com\/labravaradiofm\/wp-json\/wp\/v2\/users\/2"}],"replies":[{"embeddable":true,"href":"https:\/\/www.bbmnoticias.com\/labravaradiofm\/wp-json\/wp\/v2\/comments?post=46409"}],"version-history":[{"count":0,"href":"https:\/\/www.bbmnoticias.com\/labravaradiofm\/wp-json\/wp\/v2\/posts\/46409\/revisions"}],"wp:featuredmedia":[{"embeddable":true,"href":"https:\/\/www.bbmnoticias.com\/labravaradiofm\/wp-json\/wp\/v2\/media\/46410"}],"wp:attachment":[{"href":"https:\/\/www.bbmnoticias.com\/labravaradiofm\/wp-json\/wp\/v2\/media?parent=46409"}],"wp:term":[{"taxonomy":"category","embeddable":true,"href":"https:\/\/www.bbmnoticias.com\/labravaradiofm\/wp-json\/wp\/v2\/categories?post=46409"},{"taxonomy":"post_tag","embeddable":true,"href":"https:\/\/www.bbmnoticias.com\/labravaradiofm\/wp-json\/wp\/v2\/tags?post=46409"}],"curies":[{"name":"wp","href":"https:\/\/api.w.org\/{rel}","templated":true}]}}