{"id":46402,"date":"2024-08-29T20:04:52","date_gmt":"2024-08-30T02:04:52","guid":{"rendered":"https:\/\/www.bbmnoticias.com\/labravaradiofm\/?p=46402"},"modified":"2024-08-29T20:04:54","modified_gmt":"2024-08-30T02:04:54","slug":"jucopo-avala-por-unanimidad-votar-reforma-judicial-antes-del-4-de-septiembre-indica-monreal","status":"publish","type":"post","link":"https:\/\/www.bbmnoticias.com\/labravaradiofm\/2024\/08\/29\/jucopo-avala-por-unanimidad-votar-reforma-judicial-antes-del-4-de-septiembre-indica-monreal\/","title":{"rendered":"Jucopo avala por unanimidad votar reforma judicial antes del 4 de septiembre, indica Monreal"},"content":{"rendered":"<div style=\"margin-top: 0px; margin-bottom: 0px;\" class=\"sharethis-inline-share-buttons\" ><\/div>\n<p>Este jueves, se instal\u00f3 de manera oficial la Junta de Coordinaci\u00f3n Pol\u00edtica (<strong>Jucopo<\/strong>) de la <strong>C\u00e1mara de Diputados<\/strong>. En la reuni\u00f3n se aval\u00f3 por unanimidad que este domingo se dar\u00e1 publicidad al dictamen de la <strong>reforma judicial<\/strong>, para que sea votado en el pleno antes del 4 de septiembre.<\/p>\n\n\n\n<p>As\u00ed lo inform\u00f3 el Presidente de la Jucopo, <strong>Ricardo Monreal<\/strong>, quien adem\u00e1s fue electo para ocupar el cargo durante los tres a\u00f1os que durar\u00e1 la 66 legislatura.<\/p>\n\n\n\n<p>\u201cSe aval\u00f3 que tendremos dos sesiones el pr\u00f3ximo domingo, la sesi\u00f3n de instalaci\u00f3n donde se recepciona el informe del <strong>Presidente de la Rep\u00fablica<\/strong> y se instala el nuevo periodo de sesiones, y la segunda sesi\u00f3n que solo ser\u00e1 para darle publicidad a la reforma judicial contenida en el dictamen correspondiente\u201d, expuso.<\/p>\n\n\n\n<p>Detall\u00f3 que ser\u00e1n tres d\u00edas de debate para votar en lo general y en lo particular dicho dictamen.<\/p>\n\n\n\n<p>\u201cLas sesiones que llevaremos a cabo ser\u00e1n lunes, martes y mi\u00e9rcoles de la pr\u00f3xima semana, para poder ofrecer un debate amplio sobre el contenido de los 16 art\u00edculos de la Constituci\u00f3n que se modifican en esta materia\u201d, explic\u00f3.<\/p>\n\n\n\n<p>Monreal \u00c1vila asegur\u00f3 que el acuerdo para ocupar la presidencia de la Jucopo por tres a\u00f1os, fue un\u00e1nime.<\/p>\n\n\n\n<p>\u201cSe acord\u00f3 por unanimidad el nombramiento del Presidente de la Jucopo y tendremos la presidencia los tres a\u00f1os, dado que tenemos <strong>mayor\u00eda absoluta en Morena<\/strong> y por tanto le corresponde presidir los tres a\u00f1os la Junta de Coordinaci\u00f3n Pol\u00edtica, esto se aprob\u00f3 por unanimidad\u201d, agreg\u00f3.<\/p>\n\n\n\n<p>El l\u00edder guinda confirm\u00f3 que, adem\u00e1s, se confirm\u00f3 que el PAN queda como segunda fuerza pol\u00edtica en San L\u00e1zaro, por lo que le corresponder\u00e1 presidir la mesa directiva en el segundo a\u00f1o ordinario de sesiones.<\/p>\n\n\n\n<p>\u201cEn efecto, fue una propuesta del vicecoordinador El\u00edas Lixa, qui\u00e9n plante\u00f3 que en el acta se estableciera que a ellos les correspond\u00eda presidir la Mesa Directiva el segundo a\u00f1o, y obviamente el tercero le corresponder\u00eda al Partido Verde. Nosotros no tenemos inconveniente, ser\u00e1 as\u00ed, le corresponde al Partido Acci\u00f3n Nacional ya que dados los n\u00fameros ocupan la segunda fuerza, no vamos a regatear ni vamos a limitar los derechos que le corresponden a cada grupo parlamentario aun siendo de oposici\u00f3n\u201d, sentenci\u00f3.<\/p>\n\n\n\n<p>Por su parte, la bancada del PAN, rechaz\u00f3 que la convocatoria haya sido producto de un acuerdo por unanimidad.<\/p>\n\n\n\n<p>Tras las declaraciones de Monreal, la Coordinadora de los diputados federales del PAN, Noemi Luna Ayala, precis\u00f3 que &#8220;la informaci\u00f3n referida no corresponde a lo sucedido en la reuni\u00f3n y que no fue sometida a votaci\u00f3n durante la reuni\u00f3n de la Jucopo&#8221;.<\/p>\n\n\n\n<p>A trav\u00e9s de un comunicado, asegur\u00f3 que &#8220;lo que se acord\u00f3 fue que dicho tema ser\u00eda abordado en la reuni\u00f3n de Jucopo del pr\u00f3ximo domingo, donde se acordar\u00eda darle publicidad al dictamen para su eventual votaci\u00f3n en el pleno&#8221;<\/p>\n","protected":false},"excerpt":{"rendered":"<p>Este jueves, se instal\u00f3 de manera oficial la Junta de Coordinaci\u00f3n Pol\u00edtica (Jucopo) de la C\u00e1mara de Diputados. En la reuni\u00f3n se aval\u00f3 por unanimidad que este domingo se dar\u00e1 publicidad al dictamen de la reforma judicial, para que sea votado en el pleno antes del 4 de septiembre. As\u00ed lo inform\u00f3 el Presidente de [&hellip;]<\/p>\n","protected":false},"author":2,"featured_media":46403,"comment_status":"closed","ping_status":"closed","sticky":false,"template":"","format":"standard","meta":{"footnotes":""},"categories":[1025,19],"tags":[],"class_list":{"0":"post-46402","1":"post","2":"type-post","3":"status-publish","4":"format-standard","5":"has-post-thumbnail","7":"category-destacado","8":"category-nacional"},"yoast_head":"<!-- This site is optimized with the Yoast SEO plugin v27.4 - https:\/\/yoast.com\/product\/yoast-seo-wordpress\/ -->\n<title>Jucopo avala por unanimidad votar reforma judicial antes del 4 de septiembre, indica Monreal - LA BRAVA RADIO<\/title>\n<meta name=\"robots\" content=\"index, follow, max-snippet:-1, max-image-preview:large, max-video-preview:-1\" \/>\n<link rel=\"canonical\" href=\"https:\/\/www.bbmnoticias.com\/labravaradiofm\/2024\/08\/29\/jucopo-avala-por-unanimidad-votar-reforma-judicial-antes-del-4-de-septiembre-indica-monreal\/\" \/>\n<meta property=\"og:locale\" content=\"es_MX\" \/>\n<meta property=\"og:type\" content=\"article\" \/>\n<meta property=\"og:title\" content=\"Jucopo avala por unanimidad votar reforma judicial antes del 4 de septiembre, indica Monreal - LA BRAVA RADIO\" \/>\n<meta property=\"og:description\" content=\"Este jueves, se instal\u00f3 de manera oficial la Junta de Coordinaci\u00f3n Pol\u00edtica (Jucopo) de la C\u00e1mara de Diputados. En la reuni\u00f3n se aval\u00f3 por unanimidad que este domingo se dar\u00e1 publicidad al dictamen de la reforma judicial, para que sea votado en el pleno antes del 4 de septiembre. As\u00ed lo inform\u00f3 el Presidente de [&hellip;]\" \/>\n<meta property=\"og:url\" content=\"https:\/\/www.bbmnoticias.com\/labravaradiofm\/2024\/08\/29\/jucopo-avala-por-unanimidad-votar-reforma-judicial-antes-del-4-de-septiembre-indica-monreal\/\" \/>\n<meta property=\"og:site_name\" content=\"LA BRAVA RADIO\" \/>\n<meta property=\"article:published_time\" content=\"2024-08-30T02:04:52+00:00\" \/>\n<meta property=\"article:modified_time\" content=\"2024-08-30T02:04:54+00:00\" \/>\n<meta property=\"og:image\" content=\"https:\/\/www.bbmnoticias.com\/labravaradiofm\/wp-content\/uploads\/sites\/5\/2024\/08\/ricardo-moreal.jpg\" \/>\n\t<meta property=\"og:image:width\" content=\"800\" \/>\n\t<meta property=\"og:image:height\" content=\"484\" \/>\n\t<meta property=\"og:image:type\" content=\"image\/jpeg\" \/>\n<meta name=\"author\" content=\"Staff\" \/>\n<meta name=\"twitter:card\" content=\"summary_large_image\" \/>\n<meta name=\"twitter:label1\" content=\"Escrito por\" \/>\n\t<meta name=\"twitter:data1\" content=\"Staff\" \/>\n\t<meta name=\"twitter:label2\" content=\"Tiempo de lectura\" \/>\n\t<meta name=\"twitter:data2\" content=\"3 minutos\" \/>\n<script type=\"application\/ld+json\" class=\"yoast-schema-graph\">{\"@context\":\"https:\\\/\\\/schema.org\",\"@graph\":[{\"@type\":\"Article\",\"@id\":\"https:\\\/\\\/www.bbmnoticias.com\\\/labravaradiofm\\\/2024\\\/08\\\/29\\\/jucopo-avala-por-unanimidad-votar-reforma-judicial-antes-del-4-de-septiembre-indica-monreal\\\/#article\",\"isPartOf\":{\"@id\":\"https:\\\/\\\/www.bbmnoticias.com\\\/labravaradiofm\\\/2024\\\/08\\\/29\\\/jucopo-avala-por-unanimidad-votar-reforma-judicial-antes-del-4-de-septiembre-indica-monreal\\\/\"},\"author\":{\"name\":\"Staff\",\"@id\":\"https:\\\/\\\/www.bbmnoticias.com\\\/labravaradiofm\\\/#\\\/schema\\\/person\\\/68a9e9036ef3c5b55aeb2b71dc8bab45\"},\"headline\":\"Jucopo avala por unanimidad votar reforma judicial antes del 4 de septiembre, indica Monreal\",\"datePublished\":\"2024-08-30T02:04:52+00:00\",\"dateModified\":\"2024-08-30T02:04:54+00:00\",\"mainEntityOfPage\":{\"@id\":\"https:\\\/\\\/www.bbmnoticias.com\\\/labravaradiofm\\\/2024\\\/08\\\/29\\\/jucopo-avala-por-unanimidad-votar-reforma-judicial-antes-del-4-de-septiembre-indica-monreal\\\/\"},\"wordCount\":520,\"image\":{\"@id\":\"https:\\\/\\\/www.bbmnoticias.com\\\/labravaradiofm\\\/2024\\\/08\\\/29\\\/jucopo-avala-por-unanimidad-votar-reforma-judicial-antes-del-4-de-septiembre-indica-monreal\\\/#primaryimage\"},\"thumbnailUrl\":\"https:\\\/\\\/www.bbmnoticias.com\\\/labravaradiofm\\\/wp-content\\\/uploads\\\/sites\\\/5\\\/2024\\\/08\\\/ricardo-moreal.jpg\",\"articleSection\":[\"DESTACADO\",\"NACIONAL\"],\"inLanguage\":\"es\"},{\"@type\":\"WebPage\",\"@id\":\"https:\\\/\\\/www.bbmnoticias.com\\\/labravaradiofm\\\/2024\\\/08\\\/29\\\/jucopo-avala-por-unanimidad-votar-reforma-judicial-antes-del-4-de-septiembre-indica-monreal\\\/\",\"url\":\"https:\\\/\\\/www.bbmnoticias.com\\\/labravaradiofm\\\/2024\\\/08\\\/29\\\/jucopo-avala-por-unanimidad-votar-reforma-judicial-antes-del-4-de-septiembre-indica-monreal\\\/\",\"name\":\"Jucopo avala por unanimidad votar reforma judicial antes del 4 de septiembre, indica Monreal - LA BRAVA RADIO\",\"isPartOf\":{\"@id\":\"https:\\\/\\\/www.bbmnoticias.com\\\/labravaradiofm\\\/#website\"},\"primaryImageOfPage\":{\"@id\":\"https:\\\/\\\/www.bbmnoticias.com\\\/labravaradiofm\\\/2024\\\/08\\\/29\\\/jucopo-avala-por-unanimidad-votar-reforma-judicial-antes-del-4-de-septiembre-indica-monreal\\\/#primaryimage\"},\"image\":{\"@id\":\"https:\\\/\\\/www.bbmnoticias.com\\\/labravaradiofm\\\/2024\\\/08\\\/29\\\/jucopo-avala-por-unanimidad-votar-reforma-judicial-antes-del-4-de-septiembre-indica-monreal\\\/#primaryimage\"},\"thumbnailUrl\":\"https:\\\/\\\/www.bbmnoticias.com\\\/labravaradiofm\\\/wp-content\\\/uploads\\\/sites\\\/5\\\/2024\\\/08\\\/ricardo-moreal.jpg\",\"datePublished\":\"2024-08-30T02:04:52+00:00\",\"dateModified\":\"2024-08-30T02:04:54+00:00\",\"author\":{\"@id\":\"https:\\\/\\\/www.bbmnoticias.com\\\/labravaradiofm\\\/#\\\/schema\\\/person\\\/68a9e9036ef3c5b55aeb2b71dc8bab45\"},\"breadcrumb\":{\"@id\":\"https:\\\/\\\/www.bbmnoticias.com\\\/labravaradiofm\\\/2024\\\/08\\\/29\\\/jucopo-avala-por-unanimidad-votar-reforma-judicial-antes-del-4-de-septiembre-indica-monreal\\\/#breadcrumb\"},\"inLanguage\":\"es\",\"potentialAction\":[{\"@type\":\"ReadAction\",\"target\":[\"https:\\\/\\\/www.bbmnoticias.com\\\/labravaradiofm\\\/2024\\\/08\\\/29\\\/jucopo-avala-por-unanimidad-votar-reforma-judicial-antes-del-4-de-septiembre-indica-monreal\\\/\"]}]},{\"@type\":\"ImageObject\",\"inLanguage\":\"es\",\"@id\":\"https:\\\/\\\/www.bbmnoticias.com\\\/labravaradiofm\\\/2024\\\/08\\\/29\\\/jucopo-avala-por-unanimidad-votar-reforma-judicial-antes-del-4-de-septiembre-indica-monreal\\\/#primaryimage\",\"url\":\"https:\\\/\\\/www.bbmnoticias.com\\\/labravaradiofm\\\/wp-content\\\/uploads\\\/sites\\\/5\\\/2024\\\/08\\\/ricardo-moreal.jpg\",\"contentUrl\":\"https:\\\/\\\/www.bbmnoticias.com\\\/labravaradiofm\\\/wp-content\\\/uploads\\\/sites\\\/5\\\/2024\\\/08\\\/ricardo-moreal.jpg\",\"width\":800,\"height\":484},{\"@type\":\"BreadcrumbList\",\"@id\":\"https:\\\/\\\/www.bbmnoticias.com\\\/labravaradiofm\\\/2024\\\/08\\\/29\\\/jucopo-avala-por-unanimidad-votar-reforma-judicial-antes-del-4-de-septiembre-indica-monreal\\\/#breadcrumb\",\"itemListElement\":[{\"@type\":\"ListItem\",\"position\":1,\"name\":\"Inicio\",\"item\":\"https:\\\/\\\/www.bbmnoticias.com\\\/labravaradiofm\\\/\"},{\"@type\":\"ListItem\",\"position\":2,\"name\":\"Jucopo avala por unanimidad votar reforma judicial antes del 4 de septiembre, indica Monreal\"}]},{\"@type\":\"WebSite\",\"@id\":\"https:\\\/\\\/www.bbmnoticias.com\\\/labravaradiofm\\\/#website\",\"url\":\"https:\\\/\\\/www.bbmnoticias.com\\\/labravaradiofm\\\/\",\"name\":\"LA BRAVA RADIO\",\"description\":\"Empresa productora de medios, Radiodifusi\u00f3n, Noticias, tendencias y todo lo que necesitas saber de la pol\u00edtica mexicana e internacional; entretenimiento, espect\u00e1culos, salud y mucho m\u00e1s.\",\"potentialAction\":[{\"@type\":\"SearchAction\",\"target\":{\"@type\":\"EntryPoint\",\"urlTemplate\":\"https:\\\/\\\/www.bbmnoticias.com\\\/labravaradiofm\\\/?s={search_term_string}\"},\"query-input\":{\"@type\":\"PropertyValueSpecification\",\"valueRequired\":true,\"valueName\":\"search_term_string\"}}],\"inLanguage\":\"es\"},{\"@type\":\"Person\",\"@id\":\"https:\\\/\\\/www.bbmnoticias.com\\\/labravaradiofm\\\/#\\\/schema\\\/person\\\/68a9e9036ef3c5b55aeb2b71dc8bab45\",\"name\":\"Staff\",\"image\":{\"@type\":\"ImageObject\",\"inLanguage\":\"es\",\"@id\":\"https:\\\/\\\/secure.gravatar.com\\\/avatar\\\/fdd21ad66fd8b98c407f9dee5b5e588cfe7f0d8579ec20fa6527cd59bab7f0f0?s=96&d=mm&r=g\",\"url\":\"https:\\\/\\\/secure.gravatar.com\\\/avatar\\\/fdd21ad66fd8b98c407f9dee5b5e588cfe7f0d8579ec20fa6527cd59bab7f0f0?s=96&d=mm&r=g\",\"contentUrl\":\"https:\\\/\\\/secure.gravatar.com\\\/avatar\\\/fdd21ad66fd8b98c407f9dee5b5e588cfe7f0d8579ec20fa6527cd59bab7f0f0?s=96&d=mm&r=g\",\"caption\":\"Staff\"},\"url\":\"https:\\\/\\\/www.bbmnoticias.com\\\/labravaradiofm\\\/author\\\/redaccion\\\/\"}]}<\/script>\n<!-- \/ Yoast SEO plugin. -->","yoast_head_json":{"title":"Jucopo avala por unanimidad votar reforma judicial antes del 4 de septiembre, indica Monreal - LA BRAVA RADIO","robots":{"index":"index","follow":"follow","max-snippet":"max-snippet:-1","max-image-preview":"max-image-preview:large","max-video-preview":"max-video-preview:-1"},"canonical":"https:\/\/www.bbmnoticias.com\/labravaradiofm\/2024\/08\/29\/jucopo-avala-por-unanimidad-votar-reforma-judicial-antes-del-4-de-septiembre-indica-monreal\/","og_locale":"es_MX","og_type":"article","og_title":"Jucopo avala por unanimidad votar reforma judicial antes del 4 de septiembre, indica Monreal - LA BRAVA RADIO","og_description":"Este jueves, se instal\u00f3 de manera oficial la Junta de Coordinaci\u00f3n Pol\u00edtica (Jucopo) de la C\u00e1mara de Diputados. En la reuni\u00f3n se aval\u00f3 por unanimidad que este domingo se dar\u00e1 publicidad al dictamen de la reforma judicial, para que sea votado en el pleno antes del 4 de septiembre. As\u00ed lo inform\u00f3 el Presidente de [&hellip;]","og_url":"https:\/\/www.bbmnoticias.com\/labravaradiofm\/2024\/08\/29\/jucopo-avala-por-unanimidad-votar-reforma-judicial-antes-del-4-de-septiembre-indica-monreal\/","og_site_name":"LA BRAVA RADIO","article_published_time":"2024-08-30T02:04:52+00:00","article_modified_time":"2024-08-30T02:04:54+00:00","og_image":[{"width":800,"height":484,"url":"https:\/\/www.bbmnoticias.com\/labravaradiofm\/wp-content\/uploads\/sites\/5\/2024\/08\/ricardo-moreal.jpg","type":"image\/jpeg"}],"author":"Staff","twitter_card":"summary_large_image","twitter_misc":{"Escrito por":"Staff","Tiempo de lectura":"3 minutos"},"schema":{"@context":"https:\/\/schema.org","@graph":[{"@type":"Article","@id":"https:\/\/www.bbmnoticias.com\/labravaradiofm\/2024\/08\/29\/jucopo-avala-por-unanimidad-votar-reforma-judicial-antes-del-4-de-septiembre-indica-monreal\/#article","isPartOf":{"@id":"https:\/\/www.bbmnoticias.com\/labravaradiofm\/2024\/08\/29\/jucopo-avala-por-unanimidad-votar-reforma-judicial-antes-del-4-de-septiembre-indica-monreal\/"},"author":{"name":"Staff","@id":"https:\/\/www.bbmnoticias.com\/labravaradiofm\/#\/schema\/person\/68a9e9036ef3c5b55aeb2b71dc8bab45"},"headline":"Jucopo avala por unanimidad votar reforma judicial antes del 4 de septiembre, indica Monreal","datePublished":"2024-08-30T02:04:52+00:00","dateModified":"2024-08-30T02:04:54+00:00","mainEntityOfPage":{"@id":"https:\/\/www.bbmnoticias.com\/labravaradiofm\/2024\/08\/29\/jucopo-avala-por-unanimidad-votar-reforma-judicial-antes-del-4-de-septiembre-indica-monreal\/"},"wordCount":520,"image":{"@id":"https:\/\/www.bbmnoticias.com\/labravaradiofm\/2024\/08\/29\/jucopo-avala-por-unanimidad-votar-reforma-judicial-antes-del-4-de-septiembre-indica-monreal\/#primaryimage"},"thumbnailUrl":"https:\/\/www.bbmnoticias.com\/labravaradiofm\/wp-content\/uploads\/sites\/5\/2024\/08\/ricardo-moreal.jpg","articleSection":["DESTACADO","NACIONAL"],"inLanguage":"es"},{"@type":"WebPage","@id":"https:\/\/www.bbmnoticias.com\/labravaradiofm\/2024\/08\/29\/jucopo-avala-por-unanimidad-votar-reforma-judicial-antes-del-4-de-septiembre-indica-monreal\/","url":"https:\/\/www.bbmnoticias.com\/labravaradiofm\/2024\/08\/29\/jucopo-avala-por-unanimidad-votar-reforma-judicial-antes-del-4-de-septiembre-indica-monreal\/","name":"Jucopo avala por unanimidad votar reforma judicial antes del 4 de septiembre, indica Monreal - LA BRAVA RADIO","isPartOf":{"@id":"https:\/\/www.bbmnoticias.com\/labravaradiofm\/#website"},"primaryImageOfPage":{"@id":"https:\/\/www.bbmnoticias.com\/labravaradiofm\/2024\/08\/29\/jucopo-avala-por-unanimidad-votar-reforma-judicial-antes-del-4-de-septiembre-indica-monreal\/#primaryimage"},"image":{"@id":"https:\/\/www.bbmnoticias.com\/labravaradiofm\/2024\/08\/29\/jucopo-avala-por-unanimidad-votar-reforma-judicial-antes-del-4-de-septiembre-indica-monreal\/#primaryimage"},"thumbnailUrl":"https:\/\/www.bbmnoticias.com\/labravaradiofm\/wp-content\/uploads\/sites\/5\/2024\/08\/ricardo-moreal.jpg","datePublished":"2024-08-30T02:04:52+00:00","dateModified":"2024-08-30T02:04:54+00:00","author":{"@id":"https:\/\/www.bbmnoticias.com\/labravaradiofm\/#\/schema\/person\/68a9e9036ef3c5b55aeb2b71dc8bab45"},"breadcrumb":{"@id":"https:\/\/www.bbmnoticias.com\/labravaradiofm\/2024\/08\/29\/jucopo-avala-por-unanimidad-votar-reforma-judicial-antes-del-4-de-septiembre-indica-monreal\/#breadcrumb"},"inLanguage":"es","potentialAction":[{"@type":"ReadAction","target":["https:\/\/www.bbmnoticias.com\/labravaradiofm\/2024\/08\/29\/jucopo-avala-por-unanimidad-votar-reforma-judicial-antes-del-4-de-septiembre-indica-monreal\/"]}]},{"@type":"ImageObject","inLanguage":"es","@id":"https:\/\/www.bbmnoticias.com\/labravaradiofm\/2024\/08\/29\/jucopo-avala-por-unanimidad-votar-reforma-judicial-antes-del-4-de-septiembre-indica-monreal\/#primaryimage","url":"https:\/\/www.bbmnoticias.com\/labravaradiofm\/wp-content\/uploads\/sites\/5\/2024\/08\/ricardo-moreal.jpg","contentUrl":"https:\/\/www.bbmnoticias.com\/labravaradiofm\/wp-content\/uploads\/sites\/5\/2024\/08\/ricardo-moreal.jpg","width":800,"height":484},{"@type":"BreadcrumbList","@id":"https:\/\/www.bbmnoticias.com\/labravaradiofm\/2024\/08\/29\/jucopo-avala-por-unanimidad-votar-reforma-judicial-antes-del-4-de-septiembre-indica-monreal\/#breadcrumb","itemListElement":[{"@type":"ListItem","position":1,"name":"Inicio","item":"https:\/\/www.bbmnoticias.com\/labravaradiofm\/"},{"@type":"ListItem","position":2,"name":"Jucopo avala por unanimidad votar reforma judicial antes del 4 de septiembre, indica Monreal"}]},{"@type":"WebSite","@id":"https:\/\/www.bbmnoticias.com\/labravaradiofm\/#website","url":"https:\/\/www.bbmnoticias.com\/labravaradiofm\/","name":"LA BRAVA RADIO","description":"Empresa productora de medios, Radiodifusi\u00f3n, Noticias, tendencias y todo lo que necesitas saber de la pol\u00edtica mexicana e internacional; entretenimiento, espect\u00e1culos, salud y mucho m\u00e1s.","potentialAction":[{"@type":"SearchAction","target":{"@type":"EntryPoint","urlTemplate":"https:\/\/www.bbmnoticias.com\/labravaradiofm\/?s={search_term_string}"},"query-input":{"@type":"PropertyValueSpecification","valueRequired":true,"valueName":"search_term_string"}}],"inLanguage":"es"},{"@type":"Person","@id":"https:\/\/www.bbmnoticias.com\/labravaradiofm\/#\/schema\/person\/68a9e9036ef3c5b55aeb2b71dc8bab45","name":"Staff","image":{"@type":"ImageObject","inLanguage":"es","@id":"https:\/\/secure.gravatar.com\/avatar\/fdd21ad66fd8b98c407f9dee5b5e588cfe7f0d8579ec20fa6527cd59bab7f0f0?s=96&d=mm&r=g","url":"https:\/\/secure.gravatar.com\/avatar\/fdd21ad66fd8b98c407f9dee5b5e588cfe7f0d8579ec20fa6527cd59bab7f0f0?s=96&d=mm&r=g","contentUrl":"https:\/\/secure.gravatar.com\/avatar\/fdd21ad66fd8b98c407f9dee5b5e588cfe7f0d8579ec20fa6527cd59bab7f0f0?s=96&d=mm&r=g","caption":"Staff"},"url":"https:\/\/www.bbmnoticias.com\/labravaradiofm\/author\/redaccion\/"}]}},"_links":{"self":[{"href":"https:\/\/www.bbmnoticias.com\/labravaradiofm\/wp-json\/wp\/v2\/posts\/46402","targetHints":{"allow":["GET"]}}],"collection":[{"href":"https:\/\/www.bbmnoticias.com\/labravaradiofm\/wp-json\/wp\/v2\/posts"}],"about":[{"href":"https:\/\/www.bbmnoticias.com\/labravaradiofm\/wp-json\/wp\/v2\/types\/post"}],"author":[{"embeddable":true,"href":"https:\/\/www.bbmnoticias.com\/labravaradiofm\/wp-json\/wp\/v2\/users\/2"}],"replies":[{"embeddable":true,"href":"https:\/\/www.bbmnoticias.com\/labravaradiofm\/wp-json\/wp\/v2\/comments?post=46402"}],"version-history":[{"count":0,"href":"https:\/\/www.bbmnoticias.com\/labravaradiofm\/wp-json\/wp\/v2\/posts\/46402\/revisions"}],"wp:featuredmedia":[{"embeddable":true,"href":"https:\/\/www.bbmnoticias.com\/labravaradiofm\/wp-json\/wp\/v2\/media\/46403"}],"wp:attachment":[{"href":"https:\/\/www.bbmnoticias.com\/labravaradiofm\/wp-json\/wp\/v2\/media?parent=46402"}],"wp:term":[{"taxonomy":"category","embeddable":true,"href":"https:\/\/www.bbmnoticias.com\/labravaradiofm\/wp-json\/wp\/v2\/categories?post=46402"},{"taxonomy":"post_tag","embeddable":true,"href":"https:\/\/www.bbmnoticias.com\/labravaradiofm\/wp-json\/wp\/v2\/tags?post=46402"}],"curies":[{"name":"wp","href":"https:\/\/api.w.org\/{rel}","templated":true}]}}