{"id":46399,"date":"2024-08-29T18:28:42","date_gmt":"2024-08-30T00:28:42","guid":{"rendered":"https:\/\/www.bbmnoticias.com\/labravaradiofm\/?p=46399"},"modified":"2024-08-29T18:28:44","modified_gmt":"2024-08-30T00:28:44","slug":"jueves-negro-en-sinaloa-reportan-enfrentamientos-entre-hombres-armados-y-elementos-del-ejercito-en-culiacan","status":"publish","type":"post","link":"https:\/\/www.bbmnoticias.com\/labravaradiofm\/2024\/08\/29\/jueves-negro-en-sinaloa-reportan-enfrentamientos-entre-hombres-armados-y-elementos-del-ejercito-en-culiacan\/","title":{"rendered":"Jueves negro en Sinaloa: reportan enfrentamientos entre hombres armados y elementos del Ej\u00e9rcito en Culiac\u00e1n"},"content":{"rendered":"<div style=\"margin-top: 0px; margin-bottom: 0px;\" class=\"sharethis-inline-share-buttons\" ><\/div>\n<p><strong>Culiac\u00e1n<\/strong>.- La tarde de este jueves se reportaban <strong>enfrentamientos<\/strong> entre <strong>hombres armados<\/strong> y elementos del <strong>Ej\u00e9rcito <\/strong>en las comunidades de Paredones y Jes\u00fas Mar\u00eda, en la capital de Sinaloa.<\/p>\n\n\n\n<p>En redes sociales circularon <strong>videos<\/strong> de <strong>veh\u00edculos incendiados<\/strong> y <strong>bloqueos carreteros <\/strong>en los extremos norte y sur de Culiac\u00e1n, as\u00ed como ponchallantas en varias v\u00edas de la ciudad.<\/p>\n\n\n\n<p>En la zona del Lim\u00f3n de los Ramos y la sindicatura de Jes\u00fas Mar\u00eda, en donde el enero del 2023 fue detenido<strong> Ovidio Guzm\u00e1n L\u00f3pez<\/strong>, se registraron bloqueos, con veh\u00edculos incendiados y reportes de continuos enfrentamientos entre grupos armados, el ej\u00e9rcito y la Guardia Nacional.<\/p>\n\n\n\n<figure class=\"wp-block-embed is-type-rich is-provider-twitter wp-block-embed-twitter\"><div class=\"wp-block-embed__wrapper\">\n<blockquote class=\"twitter-tweet\" data-width=\"550\" data-dnt=\"true\"><p lang=\"es\" dir=\"ltr\"><a href=\"https:\/\/twitter.com\/hashtag\/%C3%9AltimaHora?src=hash&amp;ref_src=twsrc%5Etfw\">#\u00daltimaHora<\/a> || Reportan bloqueos y balaceras en <a href=\"https:\/\/twitter.com\/hashtag\/Culiac%C3%A1n?src=hash&amp;ref_src=twsrc%5Etfw\">#Culiac\u00e1n<\/a>, <a href=\"https:\/\/twitter.com\/hashtag\/Sinaloa?src=hash&amp;ref_src=twsrc%5Etfw\">#Sinaloa<\/a>, tras la presunta captura de Archivaldo Guzm\u00e1n Salazar, hijo de &#39;El Chapo&#39;. <a href=\"https:\/\/t.co\/RUUtktA8Nw\">pic.twitter.com\/RUUtktA8Nw<\/a><\/p>&mdash; bbmnoticias (@bbmnoticias1) <a href=\"https:\/\/twitter.com\/bbmnoticias1\/status\/1829314285559783630?ref_src=twsrc%5Etfw\">August 30, 2024<\/a><\/blockquote><script async src=\"https:\/\/platform.twitter.com\/widgets.js\" charset=\"utf-8\"><\/script>\n<\/div><\/figure>\n\n\n\n<p>Un <strong>helic\u00f3ptero<\/strong> fue captado realizando <strong>sobrevuelos <\/strong>en la zona del poblado de <strong>Paredones<\/strong>, donde las detonaciones son continuas. En medios nacionales se divulg\u00f3 la detenci\u00f3n de <strong>Iv\u00e1n Archivaldo<\/strong>, hijo de <strong>Joaqu\u00edn \u201cEl Chapo Guzm\u00e1n\u201d<\/strong>, pero a nivel estatal <strong>ninguna autoridad ha confirmado <\/strong>que esto haya sucedido.<\/p>\n\n\n\n<p>Segun fuentes federales sobre la presunta detenci\u00f3n de Iv\u00e1n Archivaldo, pero la respuesta fue negativa.<\/p>\n\n\n\n<p>La <strong>Universidad Aut\u00f3noma de Sinaloa<\/strong> dispuso suspender clases como medida de seguridad, ante las versiones que se conocen en redes sociales y la poblaci\u00f3n determino resguardarse en sus hogares, por desconocer que sucede.<\/p>\n\n\n\n<p>A trav\u00e9s de su cuenta de &#8220;X&#8221; (antes Twitter), la Secretar\u00eda de Seguridad P\u00fablica de Sinaloa pidi\u00f3 a la poblaci\u00f3n de Culiac\u00e1n a mantenerse en calma ya que las autoridades competentes se hacen cargo de los enfrentamientos en Culiac\u00e1n.<\/p>\n\n\n\n<p>Detall\u00f3 que &#8220;se tiene conocimiento de que personal militar sufri\u00f3 una agresi\u00f3n en el ejido Pe\u00f1asco&#8221; y que hasta el momento, se est\u00e1 recabando la informaci\u00f3n sobre estos hechos.<\/p>\n\n\n\n<p>Se\u00f1al\u00f3 que hay bloqueos con veh\u00edculos en el Lim\u00f3n de Los Ramos sobre la M\u00e9xico 15, por lo que pidi\u00f3 a la poblaci\u00f3n usar responsablemente el 9-1-1 y evitar reenviar informaci\u00f3n falsa.<\/p>\n\n\n\n<figure class=\"wp-block-embed is-type-rich is-provider-twitter wp-block-embed-twitter\"><div class=\"wp-block-embed__wrapper\">\n<blockquote class=\"twitter-tweet\" data-width=\"550\" data-dnt=\"true\"><p lang=\"es\" dir=\"ltr\">La Secretar\u00eda de Seguridad P\u00fablica de Sinaloa hace el llamado a la ciudadan\u00eda de que se mantenga en calma, ya que las autoridades competentes se hacen cargo de lo que acontece en <a href=\"https:\/\/twitter.com\/hashtag\/Culiac%C3%A1n?src=hash&amp;ref_src=twsrc%5Etfw\">#Culiac\u00e1n<\/a>. <br><br>\ud83e\uddf5<\/p>&mdash; Seguridad P\u00fablica Sinaloa (@sspsinaloa1) <a href=\"https:\/\/twitter.com\/sspsinaloa1\/status\/1829306344106521061?ref_src=twsrc%5Etfw\">August 29, 2024<\/a><\/blockquote><script async src=\"https:\/\/platform.twitter.com\/widgets.js\" charset=\"utf-8\"><\/script>\n<\/div><\/figure>\n","protected":false},"excerpt":{"rendered":"<p>Culiac\u00e1n.- La tarde de este jueves se reportaban enfrentamientos entre hombres armados y elementos del Ej\u00e9rcito en las comunidades de Paredones y Jes\u00fas Mar\u00eda, en la capital de Sinaloa. En redes sociales circularon videos de veh\u00edculos incendiados y bloqueos carreteros en los extremos norte y sur de Culiac\u00e1n, as\u00ed como ponchallantas en varias v\u00edas de [&hellip;]<\/p>\n","protected":false},"author":2,"featured_media":46400,"comment_status":"closed","ping_status":"closed","sticky":false,"template":"","format":"standard","meta":{"footnotes":""},"categories":[1025,19],"tags":[],"class_list":{"0":"post-46399","1":"post","2":"type-post","3":"status-publish","4":"format-standard","5":"has-post-thumbnail","7":"category-destacado","8":"category-nacional"},"yoast_head":"<!-- This site is optimized with the Yoast SEO plugin v27.4 - https:\/\/yoast.com\/product\/yoast-seo-wordpress\/ -->\n<title>Jueves negro en Sinaloa: reportan enfrentamientos entre hombres armados y elementos del Ej\u00e9rcito en Culiac\u00e1n - LA BRAVA RADIO<\/title>\n<meta name=\"robots\" content=\"index, follow, max-snippet:-1, max-image-preview:large, max-video-preview:-1\" \/>\n<link rel=\"canonical\" href=\"https:\/\/www.bbmnoticias.com\/labravaradiofm\/2024\/08\/29\/jueves-negro-en-sinaloa-reportan-enfrentamientos-entre-hombres-armados-y-elementos-del-ejercito-en-culiacan\/\" \/>\n<meta property=\"og:locale\" content=\"es_MX\" \/>\n<meta property=\"og:type\" content=\"article\" \/>\n<meta property=\"og:title\" content=\"Jueves negro en Sinaloa: reportan enfrentamientos entre hombres armados y elementos del Ej\u00e9rcito en Culiac\u00e1n - LA BRAVA RADIO\" \/>\n<meta property=\"og:description\" content=\"Culiac\u00e1n.- La tarde de este jueves se reportaban enfrentamientos entre hombres armados y elementos del Ej\u00e9rcito en las comunidades de Paredones y Jes\u00fas Mar\u00eda, en la capital de Sinaloa. En redes sociales circularon videos de veh\u00edculos incendiados y bloqueos carreteros en los extremos norte y sur de Culiac\u00e1n, as\u00ed como ponchallantas en varias v\u00edas de [&hellip;]\" \/>\n<meta property=\"og:url\" content=\"https:\/\/www.bbmnoticias.com\/labravaradiofm\/2024\/08\/29\/jueves-negro-en-sinaloa-reportan-enfrentamientos-entre-hombres-armados-y-elementos-del-ejercito-en-culiacan\/\" \/>\n<meta property=\"og:site_name\" content=\"LA BRAVA RADIO\" \/>\n<meta property=\"article:published_time\" content=\"2024-08-30T00:28:42+00:00\" \/>\n<meta property=\"article:modified_time\" content=\"2024-08-30T00:28:44+00:00\" \/>\n<meta property=\"og:image\" content=\"https:\/\/www.bbmnoticias.com\/labravaradiofm\/wp-content\/uploads\/sites\/5\/2024\/08\/culiacan-detencion.jpg\" \/>\n\t<meta property=\"og:image:width\" content=\"800\" \/>\n\t<meta property=\"og:image:height\" content=\"484\" \/>\n\t<meta property=\"og:image:type\" content=\"image\/jpeg\" \/>\n<meta name=\"author\" content=\"Staff\" \/>\n<meta name=\"twitter:card\" content=\"summary_large_image\" \/>\n<meta name=\"twitter:label1\" content=\"Escrito por\" \/>\n\t<meta name=\"twitter:data1\" content=\"Staff\" \/>\n\t<meta name=\"twitter:label2\" content=\"Tiempo de lectura\" \/>\n\t<meta name=\"twitter:data2\" content=\"2 minutos\" \/>\n<script type=\"application\/ld+json\" class=\"yoast-schema-graph\">{\"@context\":\"https:\\\/\\\/schema.org\",\"@graph\":[{\"@type\":\"Article\",\"@id\":\"https:\\\/\\\/www.bbmnoticias.com\\\/labravaradiofm\\\/2024\\\/08\\\/29\\\/jueves-negro-en-sinaloa-reportan-enfrentamientos-entre-hombres-armados-y-elementos-del-ejercito-en-culiacan\\\/#article\",\"isPartOf\":{\"@id\":\"https:\\\/\\\/www.bbmnoticias.com\\\/labravaradiofm\\\/2024\\\/08\\\/29\\\/jueves-negro-en-sinaloa-reportan-enfrentamientos-entre-hombres-armados-y-elementos-del-ejercito-en-culiacan\\\/\"},\"author\":{\"name\":\"Staff\",\"@id\":\"https:\\\/\\\/www.bbmnoticias.com\\\/labravaradiofm\\\/#\\\/schema\\\/person\\\/68a9e9036ef3c5b55aeb2b71dc8bab45\"},\"headline\":\"Jueves negro en Sinaloa: reportan enfrentamientos entre hombres armados y elementos del Ej\u00e9rcito en Culiac\u00e1n\",\"datePublished\":\"2024-08-30T00:28:42+00:00\",\"dateModified\":\"2024-08-30T00:28:44+00:00\",\"mainEntityOfPage\":{\"@id\":\"https:\\\/\\\/www.bbmnoticias.com\\\/labravaradiofm\\\/2024\\\/08\\\/29\\\/jueves-negro-en-sinaloa-reportan-enfrentamientos-entre-hombres-armados-y-elementos-del-ejercito-en-culiacan\\\/\"},\"wordCount\":361,\"image\":{\"@id\":\"https:\\\/\\\/www.bbmnoticias.com\\\/labravaradiofm\\\/2024\\\/08\\\/29\\\/jueves-negro-en-sinaloa-reportan-enfrentamientos-entre-hombres-armados-y-elementos-del-ejercito-en-culiacan\\\/#primaryimage\"},\"thumbnailUrl\":\"https:\\\/\\\/www.bbmnoticias.com\\\/labravaradiofm\\\/wp-content\\\/uploads\\\/sites\\\/5\\\/2024\\\/08\\\/culiacan-detencion.jpg\",\"articleSection\":[\"DESTACADO\",\"NACIONAL\"],\"inLanguage\":\"es\"},{\"@type\":\"WebPage\",\"@id\":\"https:\\\/\\\/www.bbmnoticias.com\\\/labravaradiofm\\\/2024\\\/08\\\/29\\\/jueves-negro-en-sinaloa-reportan-enfrentamientos-entre-hombres-armados-y-elementos-del-ejercito-en-culiacan\\\/\",\"url\":\"https:\\\/\\\/www.bbmnoticias.com\\\/labravaradiofm\\\/2024\\\/08\\\/29\\\/jueves-negro-en-sinaloa-reportan-enfrentamientos-entre-hombres-armados-y-elementos-del-ejercito-en-culiacan\\\/\",\"name\":\"Jueves negro en Sinaloa: reportan enfrentamientos entre hombres armados y elementos del Ej\u00e9rcito en Culiac\u00e1n - LA BRAVA RADIO\",\"isPartOf\":{\"@id\":\"https:\\\/\\\/www.bbmnoticias.com\\\/labravaradiofm\\\/#website\"},\"primaryImageOfPage\":{\"@id\":\"https:\\\/\\\/www.bbmnoticias.com\\\/labravaradiofm\\\/2024\\\/08\\\/29\\\/jueves-negro-en-sinaloa-reportan-enfrentamientos-entre-hombres-armados-y-elementos-del-ejercito-en-culiacan\\\/#primaryimage\"},\"image\":{\"@id\":\"https:\\\/\\\/www.bbmnoticias.com\\\/labravaradiofm\\\/2024\\\/08\\\/29\\\/jueves-negro-en-sinaloa-reportan-enfrentamientos-entre-hombres-armados-y-elementos-del-ejercito-en-culiacan\\\/#primaryimage\"},\"thumbnailUrl\":\"https:\\\/\\\/www.bbmnoticias.com\\\/labravaradiofm\\\/wp-content\\\/uploads\\\/sites\\\/5\\\/2024\\\/08\\\/culiacan-detencion.jpg\",\"datePublished\":\"2024-08-30T00:28:42+00:00\",\"dateModified\":\"2024-08-30T00:28:44+00:00\",\"author\":{\"@id\":\"https:\\\/\\\/www.bbmnoticias.com\\\/labravaradiofm\\\/#\\\/schema\\\/person\\\/68a9e9036ef3c5b55aeb2b71dc8bab45\"},\"breadcrumb\":{\"@id\":\"https:\\\/\\\/www.bbmnoticias.com\\\/labravaradiofm\\\/2024\\\/08\\\/29\\\/jueves-negro-en-sinaloa-reportan-enfrentamientos-entre-hombres-armados-y-elementos-del-ejercito-en-culiacan\\\/#breadcrumb\"},\"inLanguage\":\"es\",\"potentialAction\":[{\"@type\":\"ReadAction\",\"target\":[\"https:\\\/\\\/www.bbmnoticias.com\\\/labravaradiofm\\\/2024\\\/08\\\/29\\\/jueves-negro-en-sinaloa-reportan-enfrentamientos-entre-hombres-armados-y-elementos-del-ejercito-en-culiacan\\\/\"]}]},{\"@type\":\"ImageObject\",\"inLanguage\":\"es\",\"@id\":\"https:\\\/\\\/www.bbmnoticias.com\\\/labravaradiofm\\\/2024\\\/08\\\/29\\\/jueves-negro-en-sinaloa-reportan-enfrentamientos-entre-hombres-armados-y-elementos-del-ejercito-en-culiacan\\\/#primaryimage\",\"url\":\"https:\\\/\\\/www.bbmnoticias.com\\\/labravaradiofm\\\/wp-content\\\/uploads\\\/sites\\\/5\\\/2024\\\/08\\\/culiacan-detencion.jpg\",\"contentUrl\":\"https:\\\/\\\/www.bbmnoticias.com\\\/labravaradiofm\\\/wp-content\\\/uploads\\\/sites\\\/5\\\/2024\\\/08\\\/culiacan-detencion.jpg\",\"width\":800,\"height\":484},{\"@type\":\"BreadcrumbList\",\"@id\":\"https:\\\/\\\/www.bbmnoticias.com\\\/labravaradiofm\\\/2024\\\/08\\\/29\\\/jueves-negro-en-sinaloa-reportan-enfrentamientos-entre-hombres-armados-y-elementos-del-ejercito-en-culiacan\\\/#breadcrumb\",\"itemListElement\":[{\"@type\":\"ListItem\",\"position\":1,\"name\":\"Inicio\",\"item\":\"https:\\\/\\\/www.bbmnoticias.com\\\/labravaradiofm\\\/\"},{\"@type\":\"ListItem\",\"position\":2,\"name\":\"Jueves negro en Sinaloa: reportan enfrentamientos entre hombres armados y elementos del Ej\u00e9rcito en Culiac\u00e1n\"}]},{\"@type\":\"WebSite\",\"@id\":\"https:\\\/\\\/www.bbmnoticias.com\\\/labravaradiofm\\\/#website\",\"url\":\"https:\\\/\\\/www.bbmnoticias.com\\\/labravaradiofm\\\/\",\"name\":\"LA BRAVA RADIO\",\"description\":\"Empresa productora de medios, Radiodifusi\u00f3n, Noticias, tendencias y todo lo que necesitas saber de la pol\u00edtica mexicana e internacional; entretenimiento, espect\u00e1culos, salud y mucho m\u00e1s.\",\"potentialAction\":[{\"@type\":\"SearchAction\",\"target\":{\"@type\":\"EntryPoint\",\"urlTemplate\":\"https:\\\/\\\/www.bbmnoticias.com\\\/labravaradiofm\\\/?s={search_term_string}\"},\"query-input\":{\"@type\":\"PropertyValueSpecification\",\"valueRequired\":true,\"valueName\":\"search_term_string\"}}],\"inLanguage\":\"es\"},{\"@type\":\"Person\",\"@id\":\"https:\\\/\\\/www.bbmnoticias.com\\\/labravaradiofm\\\/#\\\/schema\\\/person\\\/68a9e9036ef3c5b55aeb2b71dc8bab45\",\"name\":\"Staff\",\"image\":{\"@type\":\"ImageObject\",\"inLanguage\":\"es\",\"@id\":\"https:\\\/\\\/secure.gravatar.com\\\/avatar\\\/fdd21ad66fd8b98c407f9dee5b5e588cfe7f0d8579ec20fa6527cd59bab7f0f0?s=96&d=mm&r=g\",\"url\":\"https:\\\/\\\/secure.gravatar.com\\\/avatar\\\/fdd21ad66fd8b98c407f9dee5b5e588cfe7f0d8579ec20fa6527cd59bab7f0f0?s=96&d=mm&r=g\",\"contentUrl\":\"https:\\\/\\\/secure.gravatar.com\\\/avatar\\\/fdd21ad66fd8b98c407f9dee5b5e588cfe7f0d8579ec20fa6527cd59bab7f0f0?s=96&d=mm&r=g\",\"caption\":\"Staff\"},\"url\":\"https:\\\/\\\/www.bbmnoticias.com\\\/labravaradiofm\\\/author\\\/redaccion\\\/\"}]}<\/script>\n<!-- \/ Yoast SEO plugin. -->","yoast_head_json":{"title":"Jueves negro en Sinaloa: reportan enfrentamientos entre hombres armados y elementos del Ej\u00e9rcito en Culiac\u00e1n - LA BRAVA RADIO","robots":{"index":"index","follow":"follow","max-snippet":"max-snippet:-1","max-image-preview":"max-image-preview:large","max-video-preview":"max-video-preview:-1"},"canonical":"https:\/\/www.bbmnoticias.com\/labravaradiofm\/2024\/08\/29\/jueves-negro-en-sinaloa-reportan-enfrentamientos-entre-hombres-armados-y-elementos-del-ejercito-en-culiacan\/","og_locale":"es_MX","og_type":"article","og_title":"Jueves negro en Sinaloa: reportan enfrentamientos entre hombres armados y elementos del Ej\u00e9rcito en Culiac\u00e1n - LA BRAVA RADIO","og_description":"Culiac\u00e1n.- La tarde de este jueves se reportaban enfrentamientos entre hombres armados y elementos del Ej\u00e9rcito en las comunidades de Paredones y Jes\u00fas Mar\u00eda, en la capital de Sinaloa. En redes sociales circularon videos de veh\u00edculos incendiados y bloqueos carreteros en los extremos norte y sur de Culiac\u00e1n, as\u00ed como ponchallantas en varias v\u00edas de [&hellip;]","og_url":"https:\/\/www.bbmnoticias.com\/labravaradiofm\/2024\/08\/29\/jueves-negro-en-sinaloa-reportan-enfrentamientos-entre-hombres-armados-y-elementos-del-ejercito-en-culiacan\/","og_site_name":"LA BRAVA RADIO","article_published_time":"2024-08-30T00:28:42+00:00","article_modified_time":"2024-08-30T00:28:44+00:00","og_image":[{"width":800,"height":484,"url":"https:\/\/www.bbmnoticias.com\/labravaradiofm\/wp-content\/uploads\/sites\/5\/2024\/08\/culiacan-detencion.jpg","type":"image\/jpeg"}],"author":"Staff","twitter_card":"summary_large_image","twitter_misc":{"Escrito por":"Staff","Tiempo de lectura":"2 minutos"},"schema":{"@context":"https:\/\/schema.org","@graph":[{"@type":"Article","@id":"https:\/\/www.bbmnoticias.com\/labravaradiofm\/2024\/08\/29\/jueves-negro-en-sinaloa-reportan-enfrentamientos-entre-hombres-armados-y-elementos-del-ejercito-en-culiacan\/#article","isPartOf":{"@id":"https:\/\/www.bbmnoticias.com\/labravaradiofm\/2024\/08\/29\/jueves-negro-en-sinaloa-reportan-enfrentamientos-entre-hombres-armados-y-elementos-del-ejercito-en-culiacan\/"},"author":{"name":"Staff","@id":"https:\/\/www.bbmnoticias.com\/labravaradiofm\/#\/schema\/person\/68a9e9036ef3c5b55aeb2b71dc8bab45"},"headline":"Jueves negro en Sinaloa: reportan enfrentamientos entre hombres armados y elementos del Ej\u00e9rcito en Culiac\u00e1n","datePublished":"2024-08-30T00:28:42+00:00","dateModified":"2024-08-30T00:28:44+00:00","mainEntityOfPage":{"@id":"https:\/\/www.bbmnoticias.com\/labravaradiofm\/2024\/08\/29\/jueves-negro-en-sinaloa-reportan-enfrentamientos-entre-hombres-armados-y-elementos-del-ejercito-en-culiacan\/"},"wordCount":361,"image":{"@id":"https:\/\/www.bbmnoticias.com\/labravaradiofm\/2024\/08\/29\/jueves-negro-en-sinaloa-reportan-enfrentamientos-entre-hombres-armados-y-elementos-del-ejercito-en-culiacan\/#primaryimage"},"thumbnailUrl":"https:\/\/www.bbmnoticias.com\/labravaradiofm\/wp-content\/uploads\/sites\/5\/2024\/08\/culiacan-detencion.jpg","articleSection":["DESTACADO","NACIONAL"],"inLanguage":"es"},{"@type":"WebPage","@id":"https:\/\/www.bbmnoticias.com\/labravaradiofm\/2024\/08\/29\/jueves-negro-en-sinaloa-reportan-enfrentamientos-entre-hombres-armados-y-elementos-del-ejercito-en-culiacan\/","url":"https:\/\/www.bbmnoticias.com\/labravaradiofm\/2024\/08\/29\/jueves-negro-en-sinaloa-reportan-enfrentamientos-entre-hombres-armados-y-elementos-del-ejercito-en-culiacan\/","name":"Jueves negro en Sinaloa: reportan enfrentamientos entre hombres armados y elementos del Ej\u00e9rcito en Culiac\u00e1n - LA BRAVA RADIO","isPartOf":{"@id":"https:\/\/www.bbmnoticias.com\/labravaradiofm\/#website"},"primaryImageOfPage":{"@id":"https:\/\/www.bbmnoticias.com\/labravaradiofm\/2024\/08\/29\/jueves-negro-en-sinaloa-reportan-enfrentamientos-entre-hombres-armados-y-elementos-del-ejercito-en-culiacan\/#primaryimage"},"image":{"@id":"https:\/\/www.bbmnoticias.com\/labravaradiofm\/2024\/08\/29\/jueves-negro-en-sinaloa-reportan-enfrentamientos-entre-hombres-armados-y-elementos-del-ejercito-en-culiacan\/#primaryimage"},"thumbnailUrl":"https:\/\/www.bbmnoticias.com\/labravaradiofm\/wp-content\/uploads\/sites\/5\/2024\/08\/culiacan-detencion.jpg","datePublished":"2024-08-30T00:28:42+00:00","dateModified":"2024-08-30T00:28:44+00:00","author":{"@id":"https:\/\/www.bbmnoticias.com\/labravaradiofm\/#\/schema\/person\/68a9e9036ef3c5b55aeb2b71dc8bab45"},"breadcrumb":{"@id":"https:\/\/www.bbmnoticias.com\/labravaradiofm\/2024\/08\/29\/jueves-negro-en-sinaloa-reportan-enfrentamientos-entre-hombres-armados-y-elementos-del-ejercito-en-culiacan\/#breadcrumb"},"inLanguage":"es","potentialAction":[{"@type":"ReadAction","target":["https:\/\/www.bbmnoticias.com\/labravaradiofm\/2024\/08\/29\/jueves-negro-en-sinaloa-reportan-enfrentamientos-entre-hombres-armados-y-elementos-del-ejercito-en-culiacan\/"]}]},{"@type":"ImageObject","inLanguage":"es","@id":"https:\/\/www.bbmnoticias.com\/labravaradiofm\/2024\/08\/29\/jueves-negro-en-sinaloa-reportan-enfrentamientos-entre-hombres-armados-y-elementos-del-ejercito-en-culiacan\/#primaryimage","url":"https:\/\/www.bbmnoticias.com\/labravaradiofm\/wp-content\/uploads\/sites\/5\/2024\/08\/culiacan-detencion.jpg","contentUrl":"https:\/\/www.bbmnoticias.com\/labravaradiofm\/wp-content\/uploads\/sites\/5\/2024\/08\/culiacan-detencion.jpg","width":800,"height":484},{"@type":"BreadcrumbList","@id":"https:\/\/www.bbmnoticias.com\/labravaradiofm\/2024\/08\/29\/jueves-negro-en-sinaloa-reportan-enfrentamientos-entre-hombres-armados-y-elementos-del-ejercito-en-culiacan\/#breadcrumb","itemListElement":[{"@type":"ListItem","position":1,"name":"Inicio","item":"https:\/\/www.bbmnoticias.com\/labravaradiofm\/"},{"@type":"ListItem","position":2,"name":"Jueves negro en Sinaloa: reportan enfrentamientos entre hombres armados y elementos del Ej\u00e9rcito en Culiac\u00e1n"}]},{"@type":"WebSite","@id":"https:\/\/www.bbmnoticias.com\/labravaradiofm\/#website","url":"https:\/\/www.bbmnoticias.com\/labravaradiofm\/","name":"LA BRAVA RADIO","description":"Empresa productora de medios, Radiodifusi\u00f3n, Noticias, tendencias y todo lo que necesitas saber de la pol\u00edtica mexicana e internacional; entretenimiento, espect\u00e1culos, salud y mucho m\u00e1s.","potentialAction":[{"@type":"SearchAction","target":{"@type":"EntryPoint","urlTemplate":"https:\/\/www.bbmnoticias.com\/labravaradiofm\/?s={search_term_string}"},"query-input":{"@type":"PropertyValueSpecification","valueRequired":true,"valueName":"search_term_string"}}],"inLanguage":"es"},{"@type":"Person","@id":"https:\/\/www.bbmnoticias.com\/labravaradiofm\/#\/schema\/person\/68a9e9036ef3c5b55aeb2b71dc8bab45","name":"Staff","image":{"@type":"ImageObject","inLanguage":"es","@id":"https:\/\/secure.gravatar.com\/avatar\/fdd21ad66fd8b98c407f9dee5b5e588cfe7f0d8579ec20fa6527cd59bab7f0f0?s=96&d=mm&r=g","url":"https:\/\/secure.gravatar.com\/avatar\/fdd21ad66fd8b98c407f9dee5b5e588cfe7f0d8579ec20fa6527cd59bab7f0f0?s=96&d=mm&r=g","contentUrl":"https:\/\/secure.gravatar.com\/avatar\/fdd21ad66fd8b98c407f9dee5b5e588cfe7f0d8579ec20fa6527cd59bab7f0f0?s=96&d=mm&r=g","caption":"Staff"},"url":"https:\/\/www.bbmnoticias.com\/labravaradiofm\/author\/redaccion\/"}]}},"_links":{"self":[{"href":"https:\/\/www.bbmnoticias.com\/labravaradiofm\/wp-json\/wp\/v2\/posts\/46399","targetHints":{"allow":["GET"]}}],"collection":[{"href":"https:\/\/www.bbmnoticias.com\/labravaradiofm\/wp-json\/wp\/v2\/posts"}],"about":[{"href":"https:\/\/www.bbmnoticias.com\/labravaradiofm\/wp-json\/wp\/v2\/types\/post"}],"author":[{"embeddable":true,"href":"https:\/\/www.bbmnoticias.com\/labravaradiofm\/wp-json\/wp\/v2\/users\/2"}],"replies":[{"embeddable":true,"href":"https:\/\/www.bbmnoticias.com\/labravaradiofm\/wp-json\/wp\/v2\/comments?post=46399"}],"version-history":[{"count":0,"href":"https:\/\/www.bbmnoticias.com\/labravaradiofm\/wp-json\/wp\/v2\/posts\/46399\/revisions"}],"wp:featuredmedia":[{"embeddable":true,"href":"https:\/\/www.bbmnoticias.com\/labravaradiofm\/wp-json\/wp\/v2\/media\/46400"}],"wp:attachment":[{"href":"https:\/\/www.bbmnoticias.com\/labravaradiofm\/wp-json\/wp\/v2\/media?parent=46399"}],"wp:term":[{"taxonomy":"category","embeddable":true,"href":"https:\/\/www.bbmnoticias.com\/labravaradiofm\/wp-json\/wp\/v2\/categories?post=46399"},{"taxonomy":"post_tag","embeddable":true,"href":"https:\/\/www.bbmnoticias.com\/labravaradiofm\/wp-json\/wp\/v2\/tags?post=46399"}],"curies":[{"name":"wp","href":"https:\/\/api.w.org\/{rel}","templated":true}]}}