{"id":46396,"date":"2024-08-29T17:29:12","date_gmt":"2024-08-29T23:29:12","guid":{"rendered":"https:\/\/www.bbmnoticias.com\/labravaradiofm\/?p=46396"},"modified":"2024-08-29T17:29:14","modified_gmt":"2024-08-29T23:29:14","slug":"como-un-acto-de-justicia-las-personas-cronistas-del-estado-tendran-reconocimiento-en-la-ley-mariana-benitez","status":"publish","type":"post","link":"https:\/\/www.bbmnoticias.com\/labravaradiofm\/2024\/08\/29\/como-un-acto-de-justicia-las-personas-cronistas-del-estado-tendran-reconocimiento-en-la-ley-mariana-benitez\/","title":{"rendered":"Como un acto de justicia, las personas Cronistas del Estado tendr\u00e1n reconocimiento en la Ley: Mariana Ben\u00edtez"},"content":{"rendered":"<div style=\"margin-top: 0px; margin-bottom: 0px;\" class=\"sharethis-inline-share-buttons\" ><\/div>\n<p>\u00b7 La diputada Mariana Ben\u00edtez Tiburcio sostuvo que al aprobarse su iniciativa de reforma a la Ley de Desarrollo Cultural, as\u00ed como a la Ley Org\u00e1nica Municipal se establece el reconocimiento legal para las personas Cronistas del Estado en su desempe\u00f1o a favor de la promoci\u00f3n de la identidad oaxaque\u00f1a.<\/p>\n\n\n\n<p>San Raymundo Jalpan, Oax. 29 de agosto de 2024.- En sesi\u00f3n ordinaria, las y los diputados de la LXV Legislatura aprobaron con 28 votos a favor la iniciativa de reforma a Ley de Desarrollo Cultural del Estado, as\u00ed como a la Ley Org\u00e1nica Municipal, presentada por la diputada Mariana Ben\u00edtez Tiburcio para reconocer legalmente a las personas Cronistas del Estado, y con ello brindar las herramientas necesarias para desarrollar la cr\u00f3nica estatal desde una perspectiva de g\u00e9nero, interseccionalidad e interculturalidad.<\/p>\n\n\n\n<p>La congresista oaxaque\u00f1a explic\u00f3 que su propuesta prev\u00e9 en la Ley de Desarrollo Cultural, as\u00ed como en la Ley Org\u00e1nica Municipal, el reconocimiento de las personas Cronistas para especificar cu\u00e1les son los requisitos para su nombramiento, y establecer que deben de contar con un apoyo econ\u00f3mico y reconocer su trabajo que hacen a trav\u00e9s de las leyes.<\/p>\n\n\n\n<p>La diputada sostuvo que la labor de la persona Cronista est\u00e1 ligada estrechamente a la promoci\u00f3n de la identidad estatal como tambi\u00e9n culturales y su trabajo es fundamental para fortalecer el sentido de pertenencia y el orgullo de ser oaxaque\u00f1os y oaxaque\u00f1as.<\/p>\n\n\n\n<p>\u201cEsta iniciativa contempla que su trabajo sea guiado por dos grandes directrices como son la perspectiva de g\u00e9nero, pero tambi\u00e9n la perspectiva de interculturalidad donde se reconozca el trabajo de nuestros pueblos, comunidades ind\u00edgenas y los pueblos afromexicanos\u201d, subray\u00f3.<\/p>\n\n\n\n<p>La congresista Mariana Ben\u00edtez declar\u00f3 que es importante prever en las leyes la actividad del Cronista, lo que hoy por hoy no estaba previsto ni regulado y no hab\u00eda un reconocimiento legal.<\/p>\n\n\n\n<p>Asimismo, la congresista local dijo que el Congreso oaxaque\u00f1o se coloca a la vanguardia para fortalecer jur\u00eddicamente el trabajo de la cr\u00f3nica estatal. \u201cFigura que se convertir\u00e1 en una de las principales promotoras de nuestra identidad oaxaque\u00f1a\u201d, agreg\u00f3.<\/p>\n\n\n\n<p>Finalmente, la diputada Mariana Ben\u00edtez agradeci\u00f3 el acompa\u00f1amiento para impulsar esta iniciativa de reforma, a las y los integrantes de la Asociaci\u00f3n Estatal de Cronistas del Estado, entre los que se destaca el Cronista de la Ciudad de Oaxaca de Ju\u00e1rez, Jorge Bueno S\u00e1nchez, las y los cronistas de Salina Cruz, Ciudad Ixtepec, Santa Cruz Xoxocotl\u00e1n, Tlacolula de Matamoros, San Pablo Etla, Teotitl\u00e1n del Valle, Huajuapan de Le\u00f3n y Santo Domingo Zanatepec.<\/p>\n","protected":false},"excerpt":{"rendered":"<p>\u00b7 La diputada Mariana Ben\u00edtez Tiburcio sostuvo que al aprobarse su iniciativa de reforma a la Ley de Desarrollo Cultural, as\u00ed como a la Ley Org\u00e1nica Municipal se establece el reconocimiento legal para las personas Cronistas del Estado en su desempe\u00f1o a favor de la promoci\u00f3n de la identidad oaxaque\u00f1a. San Raymundo Jalpan, Oax. 29 [&hellip;]<\/p>\n","protected":false},"author":2,"featured_media":46397,"comment_status":"closed","ping_status":"closed","sticky":false,"template":"","format":"standard","meta":{"footnotes":""},"categories":[2],"tags":[],"class_list":{"0":"post-46396","1":"post","2":"type-post","3":"status-publish","4":"format-standard","5":"has-post-thumbnail","7":"category-oaxaca"},"yoast_head":"<!-- This site is optimized with the Yoast SEO plugin v27.4 - https:\/\/yoast.com\/product\/yoast-seo-wordpress\/ -->\n<title>Como un acto de justicia, las personas Cronistas del Estado tendr\u00e1n reconocimiento en la Ley: Mariana Ben\u00edtez - LA BRAVA RADIO<\/title>\n<meta name=\"robots\" content=\"index, follow, max-snippet:-1, max-image-preview:large, max-video-preview:-1\" \/>\n<link rel=\"canonical\" href=\"https:\/\/www.bbmnoticias.com\/labravaradiofm\/2024\/08\/29\/como-un-acto-de-justicia-las-personas-cronistas-del-estado-tendran-reconocimiento-en-la-ley-mariana-benitez\/\" \/>\n<meta property=\"og:locale\" content=\"es_MX\" \/>\n<meta property=\"og:type\" content=\"article\" \/>\n<meta property=\"og:title\" content=\"Como un acto de justicia, las personas Cronistas del Estado tendr\u00e1n reconocimiento en la Ley: Mariana Ben\u00edtez - LA BRAVA RADIO\" \/>\n<meta property=\"og:description\" content=\"\u00b7 La diputada Mariana Ben\u00edtez Tiburcio sostuvo que al aprobarse su iniciativa de reforma a la Ley de Desarrollo Cultural, as\u00ed como a la Ley Org\u00e1nica Municipal se establece el reconocimiento legal para las personas Cronistas del Estado en su desempe\u00f1o a favor de la promoci\u00f3n de la identidad oaxaque\u00f1a. San Raymundo Jalpan, Oax. 29 [&hellip;]\" \/>\n<meta property=\"og:url\" content=\"https:\/\/www.bbmnoticias.com\/labravaradiofm\/2024\/08\/29\/como-un-acto-de-justicia-las-personas-cronistas-del-estado-tendran-reconocimiento-en-la-ley-mariana-benitez\/\" \/>\n<meta property=\"og:site_name\" content=\"LA BRAVA RADIO\" \/>\n<meta property=\"article:published_time\" content=\"2024-08-29T23:29:12+00:00\" \/>\n<meta property=\"article:modified_time\" content=\"2024-08-29T23:29:14+00:00\" \/>\n<meta property=\"og:image\" content=\"https:\/\/www.bbmnoticias.com\/labravaradiofm\/wp-content\/uploads\/sites\/5\/2024\/08\/mariana-benitez-1.jpg\" \/>\n\t<meta property=\"og:image:width\" content=\"800\" \/>\n\t<meta property=\"og:image:height\" content=\"533\" \/>\n\t<meta property=\"og:image:type\" content=\"image\/jpeg\" \/>\n<meta name=\"author\" content=\"Staff\" \/>\n<meta name=\"twitter:card\" content=\"summary_large_image\" \/>\n<meta name=\"twitter:label1\" content=\"Escrito por\" \/>\n\t<meta name=\"twitter:data1\" content=\"Staff\" \/>\n\t<meta name=\"twitter:label2\" content=\"Tiempo de lectura\" \/>\n\t<meta name=\"twitter:data2\" content=\"3 minutos\" \/>\n<script type=\"application\/ld+json\" class=\"yoast-schema-graph\">{\"@context\":\"https:\\\/\\\/schema.org\",\"@graph\":[{\"@type\":\"Article\",\"@id\":\"https:\\\/\\\/www.bbmnoticias.com\\\/labravaradiofm\\\/2024\\\/08\\\/29\\\/como-un-acto-de-justicia-las-personas-cronistas-del-estado-tendran-reconocimiento-en-la-ley-mariana-benitez\\\/#article\",\"isPartOf\":{\"@id\":\"https:\\\/\\\/www.bbmnoticias.com\\\/labravaradiofm\\\/2024\\\/08\\\/29\\\/como-un-acto-de-justicia-las-personas-cronistas-del-estado-tendran-reconocimiento-en-la-ley-mariana-benitez\\\/\"},\"author\":{\"name\":\"Staff\",\"@id\":\"https:\\\/\\\/www.bbmnoticias.com\\\/labravaradiofm\\\/#\\\/schema\\\/person\\\/68a9e9036ef3c5b55aeb2b71dc8bab45\"},\"headline\":\"Como un acto de justicia, las personas Cronistas del Estado tendr\u00e1n reconocimiento en la Ley: Mariana Ben\u00edtez\",\"datePublished\":\"2024-08-29T23:29:12+00:00\",\"dateModified\":\"2024-08-29T23:29:14+00:00\",\"mainEntityOfPage\":{\"@id\":\"https:\\\/\\\/www.bbmnoticias.com\\\/labravaradiofm\\\/2024\\\/08\\\/29\\\/como-un-acto-de-justicia-las-personas-cronistas-del-estado-tendran-reconocimiento-en-la-ley-mariana-benitez\\\/\"},\"wordCount\":462,\"image\":{\"@id\":\"https:\\\/\\\/www.bbmnoticias.com\\\/labravaradiofm\\\/2024\\\/08\\\/29\\\/como-un-acto-de-justicia-las-personas-cronistas-del-estado-tendran-reconocimiento-en-la-ley-mariana-benitez\\\/#primaryimage\"},\"thumbnailUrl\":\"https:\\\/\\\/www.bbmnoticias.com\\\/labravaradiofm\\\/wp-content\\\/uploads\\\/sites\\\/5\\\/2024\\\/08\\\/mariana-benitez-1.jpg\",\"articleSection\":[\"LOCAL\"],\"inLanguage\":\"es\"},{\"@type\":\"WebPage\",\"@id\":\"https:\\\/\\\/www.bbmnoticias.com\\\/labravaradiofm\\\/2024\\\/08\\\/29\\\/como-un-acto-de-justicia-las-personas-cronistas-del-estado-tendran-reconocimiento-en-la-ley-mariana-benitez\\\/\",\"url\":\"https:\\\/\\\/www.bbmnoticias.com\\\/labravaradiofm\\\/2024\\\/08\\\/29\\\/como-un-acto-de-justicia-las-personas-cronistas-del-estado-tendran-reconocimiento-en-la-ley-mariana-benitez\\\/\",\"name\":\"Como un acto de justicia, las personas Cronistas del Estado tendr\u00e1n reconocimiento en la Ley: Mariana Ben\u00edtez - LA BRAVA RADIO\",\"isPartOf\":{\"@id\":\"https:\\\/\\\/www.bbmnoticias.com\\\/labravaradiofm\\\/#website\"},\"primaryImageOfPage\":{\"@id\":\"https:\\\/\\\/www.bbmnoticias.com\\\/labravaradiofm\\\/2024\\\/08\\\/29\\\/como-un-acto-de-justicia-las-personas-cronistas-del-estado-tendran-reconocimiento-en-la-ley-mariana-benitez\\\/#primaryimage\"},\"image\":{\"@id\":\"https:\\\/\\\/www.bbmnoticias.com\\\/labravaradiofm\\\/2024\\\/08\\\/29\\\/como-un-acto-de-justicia-las-personas-cronistas-del-estado-tendran-reconocimiento-en-la-ley-mariana-benitez\\\/#primaryimage\"},\"thumbnailUrl\":\"https:\\\/\\\/www.bbmnoticias.com\\\/labravaradiofm\\\/wp-content\\\/uploads\\\/sites\\\/5\\\/2024\\\/08\\\/mariana-benitez-1.jpg\",\"datePublished\":\"2024-08-29T23:29:12+00:00\",\"dateModified\":\"2024-08-29T23:29:14+00:00\",\"author\":{\"@id\":\"https:\\\/\\\/www.bbmnoticias.com\\\/labravaradiofm\\\/#\\\/schema\\\/person\\\/68a9e9036ef3c5b55aeb2b71dc8bab45\"},\"breadcrumb\":{\"@id\":\"https:\\\/\\\/www.bbmnoticias.com\\\/labravaradiofm\\\/2024\\\/08\\\/29\\\/como-un-acto-de-justicia-las-personas-cronistas-del-estado-tendran-reconocimiento-en-la-ley-mariana-benitez\\\/#breadcrumb\"},\"inLanguage\":\"es\",\"potentialAction\":[{\"@type\":\"ReadAction\",\"target\":[\"https:\\\/\\\/www.bbmnoticias.com\\\/labravaradiofm\\\/2024\\\/08\\\/29\\\/como-un-acto-de-justicia-las-personas-cronistas-del-estado-tendran-reconocimiento-en-la-ley-mariana-benitez\\\/\"]}]},{\"@type\":\"ImageObject\",\"inLanguage\":\"es\",\"@id\":\"https:\\\/\\\/www.bbmnoticias.com\\\/labravaradiofm\\\/2024\\\/08\\\/29\\\/como-un-acto-de-justicia-las-personas-cronistas-del-estado-tendran-reconocimiento-en-la-ley-mariana-benitez\\\/#primaryimage\",\"url\":\"https:\\\/\\\/www.bbmnoticias.com\\\/labravaradiofm\\\/wp-content\\\/uploads\\\/sites\\\/5\\\/2024\\\/08\\\/mariana-benitez-1.jpg\",\"contentUrl\":\"https:\\\/\\\/www.bbmnoticias.com\\\/labravaradiofm\\\/wp-content\\\/uploads\\\/sites\\\/5\\\/2024\\\/08\\\/mariana-benitez-1.jpg\",\"width\":800,\"height\":533},{\"@type\":\"BreadcrumbList\",\"@id\":\"https:\\\/\\\/www.bbmnoticias.com\\\/labravaradiofm\\\/2024\\\/08\\\/29\\\/como-un-acto-de-justicia-las-personas-cronistas-del-estado-tendran-reconocimiento-en-la-ley-mariana-benitez\\\/#breadcrumb\",\"itemListElement\":[{\"@type\":\"ListItem\",\"position\":1,\"name\":\"Inicio\",\"item\":\"https:\\\/\\\/www.bbmnoticias.com\\\/labravaradiofm\\\/\"},{\"@type\":\"ListItem\",\"position\":2,\"name\":\"Como un acto de justicia, las personas Cronistas del Estado tendr\u00e1n reconocimiento en la Ley: Mariana Ben\u00edtez\"}]},{\"@type\":\"WebSite\",\"@id\":\"https:\\\/\\\/www.bbmnoticias.com\\\/labravaradiofm\\\/#website\",\"url\":\"https:\\\/\\\/www.bbmnoticias.com\\\/labravaradiofm\\\/\",\"name\":\"LA BRAVA RADIO\",\"description\":\"Empresa productora de medios, Radiodifusi\u00f3n, Noticias, tendencias y todo lo que necesitas saber de la pol\u00edtica mexicana e internacional; entretenimiento, espect\u00e1culos, salud y mucho m\u00e1s.\",\"potentialAction\":[{\"@type\":\"SearchAction\",\"target\":{\"@type\":\"EntryPoint\",\"urlTemplate\":\"https:\\\/\\\/www.bbmnoticias.com\\\/labravaradiofm\\\/?s={search_term_string}\"},\"query-input\":{\"@type\":\"PropertyValueSpecification\",\"valueRequired\":true,\"valueName\":\"search_term_string\"}}],\"inLanguage\":\"es\"},{\"@type\":\"Person\",\"@id\":\"https:\\\/\\\/www.bbmnoticias.com\\\/labravaradiofm\\\/#\\\/schema\\\/person\\\/68a9e9036ef3c5b55aeb2b71dc8bab45\",\"name\":\"Staff\",\"image\":{\"@type\":\"ImageObject\",\"inLanguage\":\"es\",\"@id\":\"https:\\\/\\\/secure.gravatar.com\\\/avatar\\\/fdd21ad66fd8b98c407f9dee5b5e588cfe7f0d8579ec20fa6527cd59bab7f0f0?s=96&d=mm&r=g\",\"url\":\"https:\\\/\\\/secure.gravatar.com\\\/avatar\\\/fdd21ad66fd8b98c407f9dee5b5e588cfe7f0d8579ec20fa6527cd59bab7f0f0?s=96&d=mm&r=g\",\"contentUrl\":\"https:\\\/\\\/secure.gravatar.com\\\/avatar\\\/fdd21ad66fd8b98c407f9dee5b5e588cfe7f0d8579ec20fa6527cd59bab7f0f0?s=96&d=mm&r=g\",\"caption\":\"Staff\"},\"url\":\"https:\\\/\\\/www.bbmnoticias.com\\\/labravaradiofm\\\/author\\\/redaccion\\\/\"}]}<\/script>\n<!-- \/ Yoast SEO plugin. -->","yoast_head_json":{"title":"Como un acto de justicia, las personas Cronistas del Estado tendr\u00e1n reconocimiento en la Ley: Mariana Ben\u00edtez - LA BRAVA RADIO","robots":{"index":"index","follow":"follow","max-snippet":"max-snippet:-1","max-image-preview":"max-image-preview:large","max-video-preview":"max-video-preview:-1"},"canonical":"https:\/\/www.bbmnoticias.com\/labravaradiofm\/2024\/08\/29\/como-un-acto-de-justicia-las-personas-cronistas-del-estado-tendran-reconocimiento-en-la-ley-mariana-benitez\/","og_locale":"es_MX","og_type":"article","og_title":"Como un acto de justicia, las personas Cronistas del Estado tendr\u00e1n reconocimiento en la Ley: Mariana Ben\u00edtez - LA BRAVA RADIO","og_description":"\u00b7 La diputada Mariana Ben\u00edtez Tiburcio sostuvo que al aprobarse su iniciativa de reforma a la Ley de Desarrollo Cultural, as\u00ed como a la Ley Org\u00e1nica Municipal se establece el reconocimiento legal para las personas Cronistas del Estado en su desempe\u00f1o a favor de la promoci\u00f3n de la identidad oaxaque\u00f1a. San Raymundo Jalpan, Oax. 29 [&hellip;]","og_url":"https:\/\/www.bbmnoticias.com\/labravaradiofm\/2024\/08\/29\/como-un-acto-de-justicia-las-personas-cronistas-del-estado-tendran-reconocimiento-en-la-ley-mariana-benitez\/","og_site_name":"LA BRAVA RADIO","article_published_time":"2024-08-29T23:29:12+00:00","article_modified_time":"2024-08-29T23:29:14+00:00","og_image":[{"width":800,"height":533,"url":"https:\/\/www.bbmnoticias.com\/labravaradiofm\/wp-content\/uploads\/sites\/5\/2024\/08\/mariana-benitez-1.jpg","type":"image\/jpeg"}],"author":"Staff","twitter_card":"summary_large_image","twitter_misc":{"Escrito por":"Staff","Tiempo de lectura":"3 minutos"},"schema":{"@context":"https:\/\/schema.org","@graph":[{"@type":"Article","@id":"https:\/\/www.bbmnoticias.com\/labravaradiofm\/2024\/08\/29\/como-un-acto-de-justicia-las-personas-cronistas-del-estado-tendran-reconocimiento-en-la-ley-mariana-benitez\/#article","isPartOf":{"@id":"https:\/\/www.bbmnoticias.com\/labravaradiofm\/2024\/08\/29\/como-un-acto-de-justicia-las-personas-cronistas-del-estado-tendran-reconocimiento-en-la-ley-mariana-benitez\/"},"author":{"name":"Staff","@id":"https:\/\/www.bbmnoticias.com\/labravaradiofm\/#\/schema\/person\/68a9e9036ef3c5b55aeb2b71dc8bab45"},"headline":"Como un acto de justicia, las personas Cronistas del Estado tendr\u00e1n reconocimiento en la Ley: Mariana Ben\u00edtez","datePublished":"2024-08-29T23:29:12+00:00","dateModified":"2024-08-29T23:29:14+00:00","mainEntityOfPage":{"@id":"https:\/\/www.bbmnoticias.com\/labravaradiofm\/2024\/08\/29\/como-un-acto-de-justicia-las-personas-cronistas-del-estado-tendran-reconocimiento-en-la-ley-mariana-benitez\/"},"wordCount":462,"image":{"@id":"https:\/\/www.bbmnoticias.com\/labravaradiofm\/2024\/08\/29\/como-un-acto-de-justicia-las-personas-cronistas-del-estado-tendran-reconocimiento-en-la-ley-mariana-benitez\/#primaryimage"},"thumbnailUrl":"https:\/\/www.bbmnoticias.com\/labravaradiofm\/wp-content\/uploads\/sites\/5\/2024\/08\/mariana-benitez-1.jpg","articleSection":["LOCAL"],"inLanguage":"es"},{"@type":"WebPage","@id":"https:\/\/www.bbmnoticias.com\/labravaradiofm\/2024\/08\/29\/como-un-acto-de-justicia-las-personas-cronistas-del-estado-tendran-reconocimiento-en-la-ley-mariana-benitez\/","url":"https:\/\/www.bbmnoticias.com\/labravaradiofm\/2024\/08\/29\/como-un-acto-de-justicia-las-personas-cronistas-del-estado-tendran-reconocimiento-en-la-ley-mariana-benitez\/","name":"Como un acto de justicia, las personas Cronistas del Estado tendr\u00e1n reconocimiento en la Ley: Mariana Ben\u00edtez - LA BRAVA RADIO","isPartOf":{"@id":"https:\/\/www.bbmnoticias.com\/labravaradiofm\/#website"},"primaryImageOfPage":{"@id":"https:\/\/www.bbmnoticias.com\/labravaradiofm\/2024\/08\/29\/como-un-acto-de-justicia-las-personas-cronistas-del-estado-tendran-reconocimiento-en-la-ley-mariana-benitez\/#primaryimage"},"image":{"@id":"https:\/\/www.bbmnoticias.com\/labravaradiofm\/2024\/08\/29\/como-un-acto-de-justicia-las-personas-cronistas-del-estado-tendran-reconocimiento-en-la-ley-mariana-benitez\/#primaryimage"},"thumbnailUrl":"https:\/\/www.bbmnoticias.com\/labravaradiofm\/wp-content\/uploads\/sites\/5\/2024\/08\/mariana-benitez-1.jpg","datePublished":"2024-08-29T23:29:12+00:00","dateModified":"2024-08-29T23:29:14+00:00","author":{"@id":"https:\/\/www.bbmnoticias.com\/labravaradiofm\/#\/schema\/person\/68a9e9036ef3c5b55aeb2b71dc8bab45"},"breadcrumb":{"@id":"https:\/\/www.bbmnoticias.com\/labravaradiofm\/2024\/08\/29\/como-un-acto-de-justicia-las-personas-cronistas-del-estado-tendran-reconocimiento-en-la-ley-mariana-benitez\/#breadcrumb"},"inLanguage":"es","potentialAction":[{"@type":"ReadAction","target":["https:\/\/www.bbmnoticias.com\/labravaradiofm\/2024\/08\/29\/como-un-acto-de-justicia-las-personas-cronistas-del-estado-tendran-reconocimiento-en-la-ley-mariana-benitez\/"]}]},{"@type":"ImageObject","inLanguage":"es","@id":"https:\/\/www.bbmnoticias.com\/labravaradiofm\/2024\/08\/29\/como-un-acto-de-justicia-las-personas-cronistas-del-estado-tendran-reconocimiento-en-la-ley-mariana-benitez\/#primaryimage","url":"https:\/\/www.bbmnoticias.com\/labravaradiofm\/wp-content\/uploads\/sites\/5\/2024\/08\/mariana-benitez-1.jpg","contentUrl":"https:\/\/www.bbmnoticias.com\/labravaradiofm\/wp-content\/uploads\/sites\/5\/2024\/08\/mariana-benitez-1.jpg","width":800,"height":533},{"@type":"BreadcrumbList","@id":"https:\/\/www.bbmnoticias.com\/labravaradiofm\/2024\/08\/29\/como-un-acto-de-justicia-las-personas-cronistas-del-estado-tendran-reconocimiento-en-la-ley-mariana-benitez\/#breadcrumb","itemListElement":[{"@type":"ListItem","position":1,"name":"Inicio","item":"https:\/\/www.bbmnoticias.com\/labravaradiofm\/"},{"@type":"ListItem","position":2,"name":"Como un acto de justicia, las personas Cronistas del Estado tendr\u00e1n reconocimiento en la Ley: Mariana Ben\u00edtez"}]},{"@type":"WebSite","@id":"https:\/\/www.bbmnoticias.com\/labravaradiofm\/#website","url":"https:\/\/www.bbmnoticias.com\/labravaradiofm\/","name":"LA BRAVA RADIO","description":"Empresa productora de medios, Radiodifusi\u00f3n, Noticias, tendencias y todo lo que necesitas saber de la pol\u00edtica mexicana e internacional; entretenimiento, espect\u00e1culos, salud y mucho m\u00e1s.","potentialAction":[{"@type":"SearchAction","target":{"@type":"EntryPoint","urlTemplate":"https:\/\/www.bbmnoticias.com\/labravaradiofm\/?s={search_term_string}"},"query-input":{"@type":"PropertyValueSpecification","valueRequired":true,"valueName":"search_term_string"}}],"inLanguage":"es"},{"@type":"Person","@id":"https:\/\/www.bbmnoticias.com\/labravaradiofm\/#\/schema\/person\/68a9e9036ef3c5b55aeb2b71dc8bab45","name":"Staff","image":{"@type":"ImageObject","inLanguage":"es","@id":"https:\/\/secure.gravatar.com\/avatar\/fdd21ad66fd8b98c407f9dee5b5e588cfe7f0d8579ec20fa6527cd59bab7f0f0?s=96&d=mm&r=g","url":"https:\/\/secure.gravatar.com\/avatar\/fdd21ad66fd8b98c407f9dee5b5e588cfe7f0d8579ec20fa6527cd59bab7f0f0?s=96&d=mm&r=g","contentUrl":"https:\/\/secure.gravatar.com\/avatar\/fdd21ad66fd8b98c407f9dee5b5e588cfe7f0d8579ec20fa6527cd59bab7f0f0?s=96&d=mm&r=g","caption":"Staff"},"url":"https:\/\/www.bbmnoticias.com\/labravaradiofm\/author\/redaccion\/"}]}},"_links":{"self":[{"href":"https:\/\/www.bbmnoticias.com\/labravaradiofm\/wp-json\/wp\/v2\/posts\/46396","targetHints":{"allow":["GET"]}}],"collection":[{"href":"https:\/\/www.bbmnoticias.com\/labravaradiofm\/wp-json\/wp\/v2\/posts"}],"about":[{"href":"https:\/\/www.bbmnoticias.com\/labravaradiofm\/wp-json\/wp\/v2\/types\/post"}],"author":[{"embeddable":true,"href":"https:\/\/www.bbmnoticias.com\/labravaradiofm\/wp-json\/wp\/v2\/users\/2"}],"replies":[{"embeddable":true,"href":"https:\/\/www.bbmnoticias.com\/labravaradiofm\/wp-json\/wp\/v2\/comments?post=46396"}],"version-history":[{"count":0,"href":"https:\/\/www.bbmnoticias.com\/labravaradiofm\/wp-json\/wp\/v2\/posts\/46396\/revisions"}],"wp:featuredmedia":[{"embeddable":true,"href":"https:\/\/www.bbmnoticias.com\/labravaradiofm\/wp-json\/wp\/v2\/media\/46397"}],"wp:attachment":[{"href":"https:\/\/www.bbmnoticias.com\/labravaradiofm\/wp-json\/wp\/v2\/media?parent=46396"}],"wp:term":[{"taxonomy":"category","embeddable":true,"href":"https:\/\/www.bbmnoticias.com\/labravaradiofm\/wp-json\/wp\/v2\/categories?post=46396"},{"taxonomy":"post_tag","embeddable":true,"href":"https:\/\/www.bbmnoticias.com\/labravaradiofm\/wp-json\/wp\/v2\/tags?post=46396"}],"curies":[{"name":"wp","href":"https:\/\/api.w.org\/{rel}","templated":true}]}}