{"id":46384,"date":"2024-08-29T15:32:57","date_gmt":"2024-08-29T21:32:57","guid":{"rendered":"https:\/\/www.bbmnoticias.com\/labravaradiofm\/?p=46384"},"modified":"2024-08-29T15:32:59","modified_gmt":"2024-08-29T21:32:59","slug":"santo-domingo-roayaga-y-san-ildefonso-villa-alta-ponen-fin-a-28-anos-de-conflicto","status":"publish","type":"post","link":"https:\/\/www.bbmnoticias.com\/labravaradiofm\/2024\/08\/29\/santo-domingo-roayaga-y-san-ildefonso-villa-alta-ponen-fin-a-28-anos-de-conflicto\/","title":{"rendered":"Santo Domingo Roayaga y San Ildefonso Villa Alta ponen fin a 28 a\u00f1os de conflicto"},"content":{"rendered":"<div style=\"margin-top: 0px; margin-bottom: 0px;\" class=\"sharethis-inline-share-buttons\" ><\/div>\n<p><strong>Oaxaca de Ju\u00e1rez, Oax. 29 de agosto de 2024.- <\/strong>Con lafirma un convenio definitivo de conciliaci\u00f3n, Santo Domingo Roayaga y San Ildefonso Villa Alta, municipios de la Sierra de Ju\u00e1rez, pusieron fin a 28 a\u00f1os de conflicto agrario, para restablecer las condiciones de paz entre sus habitantes, afirm\u00f3 el titular de la Secretar\u00eda de Gobierno (Sego), Jes\u00fas Romero L\u00f3pez.<\/p>\n\n\n\n<p>Detall\u00f3 que con este acuerdo, el n\u00famero 33 que ha promovido la Junta de Conciliaci\u00f3n Agraria durante la actual administraci\u00f3n, se beneficia a 5 mil 941 habitantes de la regi\u00f3n, dando fin a una disputa que se origin\u00f3 por una colindancia de m\u00e1s de 20 mil metros lineales.<\/p>\n\n\n\n<p>\u201cEn Santo Domingo Roayaga no se identific\u00f3 en campo la l\u00ednea de colindancia, lo que ocasion\u00f3 posesiones intercaladas de campesinos de ambos pueblos\u201d, expres\u00f3 el Secretario de Gobierno.<\/p>\n\n\n\n<p>De esta manera, resalt\u00f3 el cumplimiento de los lineamientos del Eje Paz Territorial del Programa de Paz con Justicia y Bienestar del Pueblo de Oaxaca, pero sobre todo la voluntad de las comunidades, las cuales fueron vitales para alcanzar el convenio definitivo de conciliaci\u00f3n.&nbsp;<\/p>\n\n\n\n<p>\u201cDespu\u00e9s de diversas reuniones, ambas partes solicitaron la intervenci\u00f3n de la Junta de Conciliaci\u00f3n Agraria a trav\u00e9s de su delegado Rodrigo Jarqu\u00edn Santos, para delimitar la l\u00ednea de colindancia; finalmente el pasado 27 de agosto de de este a\u00f1o se firm\u00f3 el convenio definitivo de conciliaci\u00f3n agraria en las oficinas del comisariado de Bienes Comunales de Santo Domingo Roayaga\u201d, inform\u00f3.<\/p>\n\n\n\n<p>En este marco, el titular de la Sego hizo el llamado a otras comunidades que mantienen alg\u00fan tipo de conflictividad para que se sumen al di\u00e1logo respetuoso, se acerquen a los Delegados de Paz Social y puedan seguir esta misma ruta de conciliaci\u00f3n para lograr la armon\u00eda territorial en beneficio de sus comunidades.<\/p>\n","protected":false},"excerpt":{"rendered":"<p>Oaxaca de Ju\u00e1rez, Oax. 29 de agosto de 2024.- Con lafirma un convenio definitivo de conciliaci\u00f3n, Santo Domingo Roayaga y San Ildefonso Villa Alta, municipios de la Sierra de Ju\u00e1rez, pusieron fin a 28 a\u00f1os de conflicto agrario, para restablecer las condiciones de paz entre sus habitantes, afirm\u00f3 el titular de la Secretar\u00eda de Gobierno [&hellip;]<\/p>\n","protected":false},"author":2,"featured_media":46385,"comment_status":"closed","ping_status":"closed","sticky":false,"template":"","format":"standard","meta":{"footnotes":""},"categories":[1025],"tags":[],"class_list":{"0":"post-46384","1":"post","2":"type-post","3":"status-publish","4":"format-standard","5":"has-post-thumbnail","7":"category-destacado"},"yoast_head":"<!-- This site is optimized with the Yoast SEO plugin v27.4 - https:\/\/yoast.com\/product\/yoast-seo-wordpress\/ -->\n<title>Santo Domingo Roayaga y San Ildefonso Villa Alta ponen fin a 28 a\u00f1os de conflicto - LA BRAVA RADIO<\/title>\n<meta name=\"robots\" content=\"index, follow, max-snippet:-1, max-image-preview:large, max-video-preview:-1\" \/>\n<link rel=\"canonical\" href=\"https:\/\/www.bbmnoticias.com\/labravaradiofm\/2024\/08\/29\/santo-domingo-roayaga-y-san-ildefonso-villa-alta-ponen-fin-a-28-anos-de-conflicto\/\" \/>\n<meta property=\"og:locale\" content=\"es_MX\" \/>\n<meta property=\"og:type\" content=\"article\" \/>\n<meta property=\"og:title\" content=\"Santo Domingo Roayaga y San Ildefonso Villa Alta ponen fin a 28 a\u00f1os de conflicto - LA BRAVA RADIO\" \/>\n<meta property=\"og:description\" content=\"Oaxaca de Ju\u00e1rez, Oax. 29 de agosto de 2024.- Con lafirma un convenio definitivo de conciliaci\u00f3n, Santo Domingo Roayaga y San Ildefonso Villa Alta, municipios de la Sierra de Ju\u00e1rez, pusieron fin a 28 a\u00f1os de conflicto agrario, para restablecer las condiciones de paz entre sus habitantes, afirm\u00f3 el titular de la Secretar\u00eda de Gobierno [&hellip;]\" \/>\n<meta property=\"og:url\" content=\"https:\/\/www.bbmnoticias.com\/labravaradiofm\/2024\/08\/29\/santo-domingo-roayaga-y-san-ildefonso-villa-alta-ponen-fin-a-28-anos-de-conflicto\/\" \/>\n<meta property=\"og:site_name\" content=\"LA BRAVA RADIO\" \/>\n<meta property=\"article:published_time\" content=\"2024-08-29T21:32:57+00:00\" \/>\n<meta property=\"article:modified_time\" content=\"2024-08-29T21:32:59+00:00\" \/>\n<meta property=\"og:image\" content=\"https:\/\/www.bbmnoticias.com\/labravaradiofm\/wp-content\/uploads\/sites\/5\/2024\/08\/roayaga-villa-alta.jpeg\" \/>\n\t<meta property=\"og:image:width\" content=\"1280\" \/>\n\t<meta property=\"og:image:height\" content=\"960\" \/>\n\t<meta property=\"og:image:type\" content=\"image\/jpeg\" \/>\n<meta name=\"author\" content=\"Staff\" \/>\n<meta name=\"twitter:card\" content=\"summary_large_image\" \/>\n<meta name=\"twitter:label1\" content=\"Escrito por\" \/>\n\t<meta name=\"twitter:data1\" content=\"Staff\" \/>\n\t<meta name=\"twitter:label2\" content=\"Tiempo de lectura\" \/>\n\t<meta name=\"twitter:data2\" content=\"2 minutos\" \/>\n<script type=\"application\/ld+json\" class=\"yoast-schema-graph\">{\"@context\":\"https:\\\/\\\/schema.org\",\"@graph\":[{\"@type\":\"Article\",\"@id\":\"https:\\\/\\\/www.bbmnoticias.com\\\/labravaradiofm\\\/2024\\\/08\\\/29\\\/santo-domingo-roayaga-y-san-ildefonso-villa-alta-ponen-fin-a-28-anos-de-conflicto\\\/#article\",\"isPartOf\":{\"@id\":\"https:\\\/\\\/www.bbmnoticias.com\\\/labravaradiofm\\\/2024\\\/08\\\/29\\\/santo-domingo-roayaga-y-san-ildefonso-villa-alta-ponen-fin-a-28-anos-de-conflicto\\\/\"},\"author\":{\"name\":\"Staff\",\"@id\":\"https:\\\/\\\/www.bbmnoticias.com\\\/labravaradiofm\\\/#\\\/schema\\\/person\\\/68a9e9036ef3c5b55aeb2b71dc8bab45\"},\"headline\":\"Santo Domingo Roayaga y San Ildefonso Villa Alta ponen fin a 28 a\u00f1os de conflicto\",\"datePublished\":\"2024-08-29T21:32:57+00:00\",\"dateModified\":\"2024-08-29T21:32:59+00:00\",\"mainEntityOfPage\":{\"@id\":\"https:\\\/\\\/www.bbmnoticias.com\\\/labravaradiofm\\\/2024\\\/08\\\/29\\\/santo-domingo-roayaga-y-san-ildefonso-villa-alta-ponen-fin-a-28-anos-de-conflicto\\\/\"},\"wordCount\":327,\"image\":{\"@id\":\"https:\\\/\\\/www.bbmnoticias.com\\\/labravaradiofm\\\/2024\\\/08\\\/29\\\/santo-domingo-roayaga-y-san-ildefonso-villa-alta-ponen-fin-a-28-anos-de-conflicto\\\/#primaryimage\"},\"thumbnailUrl\":\"https:\\\/\\\/www.bbmnoticias.com\\\/labravaradiofm\\\/wp-content\\\/uploads\\\/sites\\\/5\\\/2024\\\/08\\\/roayaga-villa-alta.jpeg\",\"articleSection\":[\"DESTACADO\"],\"inLanguage\":\"es\"},{\"@type\":\"WebPage\",\"@id\":\"https:\\\/\\\/www.bbmnoticias.com\\\/labravaradiofm\\\/2024\\\/08\\\/29\\\/santo-domingo-roayaga-y-san-ildefonso-villa-alta-ponen-fin-a-28-anos-de-conflicto\\\/\",\"url\":\"https:\\\/\\\/www.bbmnoticias.com\\\/labravaradiofm\\\/2024\\\/08\\\/29\\\/santo-domingo-roayaga-y-san-ildefonso-villa-alta-ponen-fin-a-28-anos-de-conflicto\\\/\",\"name\":\"Santo Domingo Roayaga y San Ildefonso Villa Alta ponen fin a 28 a\u00f1os de conflicto - LA BRAVA RADIO\",\"isPartOf\":{\"@id\":\"https:\\\/\\\/www.bbmnoticias.com\\\/labravaradiofm\\\/#website\"},\"primaryImageOfPage\":{\"@id\":\"https:\\\/\\\/www.bbmnoticias.com\\\/labravaradiofm\\\/2024\\\/08\\\/29\\\/santo-domingo-roayaga-y-san-ildefonso-villa-alta-ponen-fin-a-28-anos-de-conflicto\\\/#primaryimage\"},\"image\":{\"@id\":\"https:\\\/\\\/www.bbmnoticias.com\\\/labravaradiofm\\\/2024\\\/08\\\/29\\\/santo-domingo-roayaga-y-san-ildefonso-villa-alta-ponen-fin-a-28-anos-de-conflicto\\\/#primaryimage\"},\"thumbnailUrl\":\"https:\\\/\\\/www.bbmnoticias.com\\\/labravaradiofm\\\/wp-content\\\/uploads\\\/sites\\\/5\\\/2024\\\/08\\\/roayaga-villa-alta.jpeg\",\"datePublished\":\"2024-08-29T21:32:57+00:00\",\"dateModified\":\"2024-08-29T21:32:59+00:00\",\"author\":{\"@id\":\"https:\\\/\\\/www.bbmnoticias.com\\\/labravaradiofm\\\/#\\\/schema\\\/person\\\/68a9e9036ef3c5b55aeb2b71dc8bab45\"},\"breadcrumb\":{\"@id\":\"https:\\\/\\\/www.bbmnoticias.com\\\/labravaradiofm\\\/2024\\\/08\\\/29\\\/santo-domingo-roayaga-y-san-ildefonso-villa-alta-ponen-fin-a-28-anos-de-conflicto\\\/#breadcrumb\"},\"inLanguage\":\"es\",\"potentialAction\":[{\"@type\":\"ReadAction\",\"target\":[\"https:\\\/\\\/www.bbmnoticias.com\\\/labravaradiofm\\\/2024\\\/08\\\/29\\\/santo-domingo-roayaga-y-san-ildefonso-villa-alta-ponen-fin-a-28-anos-de-conflicto\\\/\"]}]},{\"@type\":\"ImageObject\",\"inLanguage\":\"es\",\"@id\":\"https:\\\/\\\/www.bbmnoticias.com\\\/labravaradiofm\\\/2024\\\/08\\\/29\\\/santo-domingo-roayaga-y-san-ildefonso-villa-alta-ponen-fin-a-28-anos-de-conflicto\\\/#primaryimage\",\"url\":\"https:\\\/\\\/www.bbmnoticias.com\\\/labravaradiofm\\\/wp-content\\\/uploads\\\/sites\\\/5\\\/2024\\\/08\\\/roayaga-villa-alta.jpeg\",\"contentUrl\":\"https:\\\/\\\/www.bbmnoticias.com\\\/labravaradiofm\\\/wp-content\\\/uploads\\\/sites\\\/5\\\/2024\\\/08\\\/roayaga-villa-alta.jpeg\",\"width\":1280,\"height\":960},{\"@type\":\"BreadcrumbList\",\"@id\":\"https:\\\/\\\/www.bbmnoticias.com\\\/labravaradiofm\\\/2024\\\/08\\\/29\\\/santo-domingo-roayaga-y-san-ildefonso-villa-alta-ponen-fin-a-28-anos-de-conflicto\\\/#breadcrumb\",\"itemListElement\":[{\"@type\":\"ListItem\",\"position\":1,\"name\":\"Inicio\",\"item\":\"https:\\\/\\\/www.bbmnoticias.com\\\/labravaradiofm\\\/\"},{\"@type\":\"ListItem\",\"position\":2,\"name\":\"Santo Domingo Roayaga y San Ildefonso Villa Alta ponen fin a 28 a\u00f1os de conflicto\"}]},{\"@type\":\"WebSite\",\"@id\":\"https:\\\/\\\/www.bbmnoticias.com\\\/labravaradiofm\\\/#website\",\"url\":\"https:\\\/\\\/www.bbmnoticias.com\\\/labravaradiofm\\\/\",\"name\":\"LA BRAVA RADIO\",\"description\":\"Empresa productora de medios, Radiodifusi\u00f3n, Noticias, tendencias y todo lo que necesitas saber de la pol\u00edtica mexicana e internacional; entretenimiento, espect\u00e1culos, salud y mucho m\u00e1s.\",\"potentialAction\":[{\"@type\":\"SearchAction\",\"target\":{\"@type\":\"EntryPoint\",\"urlTemplate\":\"https:\\\/\\\/www.bbmnoticias.com\\\/labravaradiofm\\\/?s={search_term_string}\"},\"query-input\":{\"@type\":\"PropertyValueSpecification\",\"valueRequired\":true,\"valueName\":\"search_term_string\"}}],\"inLanguage\":\"es\"},{\"@type\":\"Person\",\"@id\":\"https:\\\/\\\/www.bbmnoticias.com\\\/labravaradiofm\\\/#\\\/schema\\\/person\\\/68a9e9036ef3c5b55aeb2b71dc8bab45\",\"name\":\"Staff\",\"image\":{\"@type\":\"ImageObject\",\"inLanguage\":\"es\",\"@id\":\"https:\\\/\\\/secure.gravatar.com\\\/avatar\\\/fdd21ad66fd8b98c407f9dee5b5e588cfe7f0d8579ec20fa6527cd59bab7f0f0?s=96&d=mm&r=g\",\"url\":\"https:\\\/\\\/secure.gravatar.com\\\/avatar\\\/fdd21ad66fd8b98c407f9dee5b5e588cfe7f0d8579ec20fa6527cd59bab7f0f0?s=96&d=mm&r=g\",\"contentUrl\":\"https:\\\/\\\/secure.gravatar.com\\\/avatar\\\/fdd21ad66fd8b98c407f9dee5b5e588cfe7f0d8579ec20fa6527cd59bab7f0f0?s=96&d=mm&r=g\",\"caption\":\"Staff\"},\"url\":\"https:\\\/\\\/www.bbmnoticias.com\\\/labravaradiofm\\\/author\\\/redaccion\\\/\"}]}<\/script>\n<!-- \/ Yoast SEO plugin. -->","yoast_head_json":{"title":"Santo Domingo Roayaga y San Ildefonso Villa Alta ponen fin a 28 a\u00f1os de conflicto - LA BRAVA RADIO","robots":{"index":"index","follow":"follow","max-snippet":"max-snippet:-1","max-image-preview":"max-image-preview:large","max-video-preview":"max-video-preview:-1"},"canonical":"https:\/\/www.bbmnoticias.com\/labravaradiofm\/2024\/08\/29\/santo-domingo-roayaga-y-san-ildefonso-villa-alta-ponen-fin-a-28-anos-de-conflicto\/","og_locale":"es_MX","og_type":"article","og_title":"Santo Domingo Roayaga y San Ildefonso Villa Alta ponen fin a 28 a\u00f1os de conflicto - LA BRAVA RADIO","og_description":"Oaxaca de Ju\u00e1rez, Oax. 29 de agosto de 2024.- Con lafirma un convenio definitivo de conciliaci\u00f3n, Santo Domingo Roayaga y San Ildefonso Villa Alta, municipios de la Sierra de Ju\u00e1rez, pusieron fin a 28 a\u00f1os de conflicto agrario, para restablecer las condiciones de paz entre sus habitantes, afirm\u00f3 el titular de la Secretar\u00eda de Gobierno [&hellip;]","og_url":"https:\/\/www.bbmnoticias.com\/labravaradiofm\/2024\/08\/29\/santo-domingo-roayaga-y-san-ildefonso-villa-alta-ponen-fin-a-28-anos-de-conflicto\/","og_site_name":"LA BRAVA RADIO","article_published_time":"2024-08-29T21:32:57+00:00","article_modified_time":"2024-08-29T21:32:59+00:00","og_image":[{"width":1280,"height":960,"url":"https:\/\/www.bbmnoticias.com\/labravaradiofm\/wp-content\/uploads\/sites\/5\/2024\/08\/roayaga-villa-alta.jpeg","type":"image\/jpeg"}],"author":"Staff","twitter_card":"summary_large_image","twitter_misc":{"Escrito por":"Staff","Tiempo de lectura":"2 minutos"},"schema":{"@context":"https:\/\/schema.org","@graph":[{"@type":"Article","@id":"https:\/\/www.bbmnoticias.com\/labravaradiofm\/2024\/08\/29\/santo-domingo-roayaga-y-san-ildefonso-villa-alta-ponen-fin-a-28-anos-de-conflicto\/#article","isPartOf":{"@id":"https:\/\/www.bbmnoticias.com\/labravaradiofm\/2024\/08\/29\/santo-domingo-roayaga-y-san-ildefonso-villa-alta-ponen-fin-a-28-anos-de-conflicto\/"},"author":{"name":"Staff","@id":"https:\/\/www.bbmnoticias.com\/labravaradiofm\/#\/schema\/person\/68a9e9036ef3c5b55aeb2b71dc8bab45"},"headline":"Santo Domingo Roayaga y San Ildefonso Villa Alta ponen fin a 28 a\u00f1os de conflicto","datePublished":"2024-08-29T21:32:57+00:00","dateModified":"2024-08-29T21:32:59+00:00","mainEntityOfPage":{"@id":"https:\/\/www.bbmnoticias.com\/labravaradiofm\/2024\/08\/29\/santo-domingo-roayaga-y-san-ildefonso-villa-alta-ponen-fin-a-28-anos-de-conflicto\/"},"wordCount":327,"image":{"@id":"https:\/\/www.bbmnoticias.com\/labravaradiofm\/2024\/08\/29\/santo-domingo-roayaga-y-san-ildefonso-villa-alta-ponen-fin-a-28-anos-de-conflicto\/#primaryimage"},"thumbnailUrl":"https:\/\/www.bbmnoticias.com\/labravaradiofm\/wp-content\/uploads\/sites\/5\/2024\/08\/roayaga-villa-alta.jpeg","articleSection":["DESTACADO"],"inLanguage":"es"},{"@type":"WebPage","@id":"https:\/\/www.bbmnoticias.com\/labravaradiofm\/2024\/08\/29\/santo-domingo-roayaga-y-san-ildefonso-villa-alta-ponen-fin-a-28-anos-de-conflicto\/","url":"https:\/\/www.bbmnoticias.com\/labravaradiofm\/2024\/08\/29\/santo-domingo-roayaga-y-san-ildefonso-villa-alta-ponen-fin-a-28-anos-de-conflicto\/","name":"Santo Domingo Roayaga y San Ildefonso Villa Alta ponen fin a 28 a\u00f1os de conflicto - LA BRAVA RADIO","isPartOf":{"@id":"https:\/\/www.bbmnoticias.com\/labravaradiofm\/#website"},"primaryImageOfPage":{"@id":"https:\/\/www.bbmnoticias.com\/labravaradiofm\/2024\/08\/29\/santo-domingo-roayaga-y-san-ildefonso-villa-alta-ponen-fin-a-28-anos-de-conflicto\/#primaryimage"},"image":{"@id":"https:\/\/www.bbmnoticias.com\/labravaradiofm\/2024\/08\/29\/santo-domingo-roayaga-y-san-ildefonso-villa-alta-ponen-fin-a-28-anos-de-conflicto\/#primaryimage"},"thumbnailUrl":"https:\/\/www.bbmnoticias.com\/labravaradiofm\/wp-content\/uploads\/sites\/5\/2024\/08\/roayaga-villa-alta.jpeg","datePublished":"2024-08-29T21:32:57+00:00","dateModified":"2024-08-29T21:32:59+00:00","author":{"@id":"https:\/\/www.bbmnoticias.com\/labravaradiofm\/#\/schema\/person\/68a9e9036ef3c5b55aeb2b71dc8bab45"},"breadcrumb":{"@id":"https:\/\/www.bbmnoticias.com\/labravaradiofm\/2024\/08\/29\/santo-domingo-roayaga-y-san-ildefonso-villa-alta-ponen-fin-a-28-anos-de-conflicto\/#breadcrumb"},"inLanguage":"es","potentialAction":[{"@type":"ReadAction","target":["https:\/\/www.bbmnoticias.com\/labravaradiofm\/2024\/08\/29\/santo-domingo-roayaga-y-san-ildefonso-villa-alta-ponen-fin-a-28-anos-de-conflicto\/"]}]},{"@type":"ImageObject","inLanguage":"es","@id":"https:\/\/www.bbmnoticias.com\/labravaradiofm\/2024\/08\/29\/santo-domingo-roayaga-y-san-ildefonso-villa-alta-ponen-fin-a-28-anos-de-conflicto\/#primaryimage","url":"https:\/\/www.bbmnoticias.com\/labravaradiofm\/wp-content\/uploads\/sites\/5\/2024\/08\/roayaga-villa-alta.jpeg","contentUrl":"https:\/\/www.bbmnoticias.com\/labravaradiofm\/wp-content\/uploads\/sites\/5\/2024\/08\/roayaga-villa-alta.jpeg","width":1280,"height":960},{"@type":"BreadcrumbList","@id":"https:\/\/www.bbmnoticias.com\/labravaradiofm\/2024\/08\/29\/santo-domingo-roayaga-y-san-ildefonso-villa-alta-ponen-fin-a-28-anos-de-conflicto\/#breadcrumb","itemListElement":[{"@type":"ListItem","position":1,"name":"Inicio","item":"https:\/\/www.bbmnoticias.com\/labravaradiofm\/"},{"@type":"ListItem","position":2,"name":"Santo Domingo Roayaga y San Ildefonso Villa Alta ponen fin a 28 a\u00f1os de conflicto"}]},{"@type":"WebSite","@id":"https:\/\/www.bbmnoticias.com\/labravaradiofm\/#website","url":"https:\/\/www.bbmnoticias.com\/labravaradiofm\/","name":"LA BRAVA RADIO","description":"Empresa productora de medios, Radiodifusi\u00f3n, Noticias, tendencias y todo lo que necesitas saber de la pol\u00edtica mexicana e internacional; entretenimiento, espect\u00e1culos, salud y mucho m\u00e1s.","potentialAction":[{"@type":"SearchAction","target":{"@type":"EntryPoint","urlTemplate":"https:\/\/www.bbmnoticias.com\/labravaradiofm\/?s={search_term_string}"},"query-input":{"@type":"PropertyValueSpecification","valueRequired":true,"valueName":"search_term_string"}}],"inLanguage":"es"},{"@type":"Person","@id":"https:\/\/www.bbmnoticias.com\/labravaradiofm\/#\/schema\/person\/68a9e9036ef3c5b55aeb2b71dc8bab45","name":"Staff","image":{"@type":"ImageObject","inLanguage":"es","@id":"https:\/\/secure.gravatar.com\/avatar\/fdd21ad66fd8b98c407f9dee5b5e588cfe7f0d8579ec20fa6527cd59bab7f0f0?s=96&d=mm&r=g","url":"https:\/\/secure.gravatar.com\/avatar\/fdd21ad66fd8b98c407f9dee5b5e588cfe7f0d8579ec20fa6527cd59bab7f0f0?s=96&d=mm&r=g","contentUrl":"https:\/\/secure.gravatar.com\/avatar\/fdd21ad66fd8b98c407f9dee5b5e588cfe7f0d8579ec20fa6527cd59bab7f0f0?s=96&d=mm&r=g","caption":"Staff"},"url":"https:\/\/www.bbmnoticias.com\/labravaradiofm\/author\/redaccion\/"}]}},"_links":{"self":[{"href":"https:\/\/www.bbmnoticias.com\/labravaradiofm\/wp-json\/wp\/v2\/posts\/46384","targetHints":{"allow":["GET"]}}],"collection":[{"href":"https:\/\/www.bbmnoticias.com\/labravaradiofm\/wp-json\/wp\/v2\/posts"}],"about":[{"href":"https:\/\/www.bbmnoticias.com\/labravaradiofm\/wp-json\/wp\/v2\/types\/post"}],"author":[{"embeddable":true,"href":"https:\/\/www.bbmnoticias.com\/labravaradiofm\/wp-json\/wp\/v2\/users\/2"}],"replies":[{"embeddable":true,"href":"https:\/\/www.bbmnoticias.com\/labravaradiofm\/wp-json\/wp\/v2\/comments?post=46384"}],"version-history":[{"count":0,"href":"https:\/\/www.bbmnoticias.com\/labravaradiofm\/wp-json\/wp\/v2\/posts\/46384\/revisions"}],"wp:featuredmedia":[{"embeddable":true,"href":"https:\/\/www.bbmnoticias.com\/labravaradiofm\/wp-json\/wp\/v2\/media\/46385"}],"wp:attachment":[{"href":"https:\/\/www.bbmnoticias.com\/labravaradiofm\/wp-json\/wp\/v2\/media?parent=46384"}],"wp:term":[{"taxonomy":"category","embeddable":true,"href":"https:\/\/www.bbmnoticias.com\/labravaradiofm\/wp-json\/wp\/v2\/categories?post=46384"},{"taxonomy":"post_tag","embeddable":true,"href":"https:\/\/www.bbmnoticias.com\/labravaradiofm\/wp-json\/wp\/v2\/tags?post=46384"}],"curies":[{"name":"wp","href":"https:\/\/api.w.org\/{rel}","templated":true}]}}