{"id":46378,"date":"2024-08-29T14:13:30","date_gmt":"2024-08-29T20:13:30","guid":{"rendered":"https:\/\/www.bbmnoticias.com\/labravaradiofm\/?p=46378"},"modified":"2024-08-29T14:13:32","modified_gmt":"2024-08-29T20:13:32","slug":"informa-sso-sobre-atencion-medica-a-personas-migrantes-tras-accidente-carretero-en-el-istmo","status":"publish","type":"post","link":"https:\/\/www.bbmnoticias.com\/labravaradiofm\/2024\/08\/29\/informa-sso-sobre-atencion-medica-a-personas-migrantes-tras-accidente-carretero-en-el-istmo\/","title":{"rendered":"Informa SSO sobre atenci\u00f3n m\u00e9dica a personas migrantes tras accidente carretero en el Istmo"},"content":{"rendered":"<div style=\"margin-top: 0px; margin-bottom: 0px;\" class=\"sharethis-inline-share-buttons\" ><\/div>\n<p><strong>Oaxaca de Ju\u00e1rez, Oax. 29 de agosto de 2024.-<\/strong> Con relaci\u00f3n al accidente en la carretera Trans\u00edstmica, saliendo de la poblaci\u00f3n de Santiago Niltepec en el que viajaba una caravana migrante esta madrugada, Servicios de Salud de Oaxaca (SSO) informa que, a trav\u00e9s de la Jurisdicci\u00f3n Sanitaria 2 Istmo se refirieron a las personas lesionadas a los hospitales Generales de Servicios de Salud IMSS-Bienestar Doctor Macedonio Ben\u00edtez Fuentes en Juchit\u00e1n de Zaragoza y de Ciudad Ixtepec, para la atenci\u00f3n correspondiente.<\/p>\n\n\n\n<p>Al momento se reportan los siguientes datos:<\/p>\n\n\n\n<p>En el Hospital General Doctor Macedonio Ben\u00edtez Fuentes se canaliz\u00f3 a:<\/p>\n\n\n\n<p>1. Yinia Yoeli M. H. de 35 a\u00f1os, originaria de Honduras<\/p>\n\n\n\n<p>2. Britania \u00c1. V.de15 a\u00f1os originaria de Ecuador<\/p>\n\n\n\n<p>3. Carlos Andr\u00e9s R. B. de 16 a\u00f1os de Colombia<\/p>\n\n\n\n<p>4. Jairo V. L. de 40 a\u00f1os de Colombia<\/p>\n\n\n\n<p>5. David Jossue M. C. 32 a\u00f1os de Honduras<\/p>\n\n\n\n<p>6. Mar\u00eda J. V. de 31 a\u00f1os, de ecuador<\/p>\n\n\n\n<p>7. Alexander R., 16 a\u00f1os de Nicaragua<\/p>\n\n\n\n<p>8. Guillain Rafael M. M. de 19 a\u00f1os, Nicaragua<\/p>\n\n\n\n<p>9. Diego J. L. de 32 a\u00f1os, Ecuador<\/p>\n\n\n\n<p>10 Zhari B. M., 17 a\u00f1os Nicaragua<\/p>\n\n\n\n<p>12. Martha D. C. de 55 a\u00f1os de Ecuador (Fallecida)<\/p>\n\n\n\n<p>En el Hospital General de Ciudad Ixtepec:<\/p>\n\n\n\n<p>1. Cristian Armando V. O. de 22 a\u00f1os, Guatemala<\/p>\n\n\n\n<p>2. Servin Alexis M. Z. de 49 a\u00f1os Honduras.<\/p>\n\n\n\n<p>3. Alberto Antonio O. H. de 41 a\u00f1os Guatemala.<\/p>\n\n\n\n<p>En el caso de Daniel Armando S. B. de 36 a\u00f1os de Honduras y Andr\u00e9s T. V. de 44 a\u00f1os, originaria de Colombia, ambos atendidos en el hospital de Ciudad Ixtepec fueron dados de alta.<\/p>\n\n\n\n<p>El Sector Salud estar\u00e1 al pendiente y en coordinaci\u00f3n con el Instituto Nacional de Migraci\u00f3n y Protecci\u00f3n Civil Regional para actualizar la informaci\u00f3n.<\/p>\n","protected":false},"excerpt":{"rendered":"<p>Oaxaca de Ju\u00e1rez, Oax. 29 de agosto de 2024.- Con relaci\u00f3n al accidente en la carretera Trans\u00edstmica, saliendo de la poblaci\u00f3n de Santiago Niltepec en el que viajaba una caravana migrante esta madrugada, Servicios de Salud de Oaxaca (SSO) informa que, a trav\u00e9s de la Jurisdicci\u00f3n Sanitaria 2 Istmo se refirieron a las personas lesionadas [&hellip;]<\/p>\n","protected":false},"author":2,"featured_media":46379,"comment_status":"closed","ping_status":"closed","sticky":false,"template":"","format":"standard","meta":{"footnotes":""},"categories":[2],"tags":[],"class_list":{"0":"post-46378","1":"post","2":"type-post","3":"status-publish","4":"format-standard","5":"has-post-thumbnail","7":"category-oaxaca"},"yoast_head":"<!-- This site is optimized with the Yoast SEO plugin v27.4 - https:\/\/yoast.com\/product\/yoast-seo-wordpress\/ -->\n<title>Informa SSO sobre atenci\u00f3n m\u00e9dica a personas migrantes tras accidente carretero en el Istmo - LA BRAVA RADIO<\/title>\n<meta name=\"robots\" content=\"index, follow, max-snippet:-1, max-image-preview:large, max-video-preview:-1\" \/>\n<link rel=\"canonical\" href=\"https:\/\/www.bbmnoticias.com\/labravaradiofm\/2024\/08\/29\/informa-sso-sobre-atencion-medica-a-personas-migrantes-tras-accidente-carretero-en-el-istmo\/\" \/>\n<meta property=\"og:locale\" content=\"es_MX\" \/>\n<meta property=\"og:type\" content=\"article\" \/>\n<meta property=\"og:title\" content=\"Informa SSO sobre atenci\u00f3n m\u00e9dica a personas migrantes tras accidente carretero en el Istmo - LA BRAVA RADIO\" \/>\n<meta property=\"og:description\" content=\"Oaxaca de Ju\u00e1rez, Oax. 29 de agosto de 2024.- Con relaci\u00f3n al accidente en la carretera Trans\u00edstmica, saliendo de la poblaci\u00f3n de Santiago Niltepec en el que viajaba una caravana migrante esta madrugada, Servicios de Salud de Oaxaca (SSO) informa que, a trav\u00e9s de la Jurisdicci\u00f3n Sanitaria 2 Istmo se refirieron a las personas lesionadas [&hellip;]\" \/>\n<meta property=\"og:url\" content=\"https:\/\/www.bbmnoticias.com\/labravaradiofm\/2024\/08\/29\/informa-sso-sobre-atencion-medica-a-personas-migrantes-tras-accidente-carretero-en-el-istmo\/\" \/>\n<meta property=\"og:site_name\" content=\"LA BRAVA RADIO\" \/>\n<meta property=\"article:published_time\" content=\"2024-08-29T20:13:30+00:00\" \/>\n<meta property=\"article:modified_time\" content=\"2024-08-29T20:13:32+00:00\" \/>\n<meta property=\"og:image\" content=\"https:\/\/www.bbmnoticias.com\/labravaradiofm\/wp-content\/uploads\/sites\/5\/2024\/08\/accidente-niltepec.jpg\" \/>\n\t<meta property=\"og:image:width\" content=\"720\" \/>\n\t<meta property=\"og:image:height\" content=\"398\" \/>\n\t<meta property=\"og:image:type\" content=\"image\/jpeg\" \/>\n<meta name=\"author\" content=\"Staff\" \/>\n<meta name=\"twitter:card\" content=\"summary_large_image\" \/>\n<meta name=\"twitter:label1\" content=\"Escrito por\" \/>\n\t<meta name=\"twitter:data1\" content=\"Staff\" \/>\n\t<meta name=\"twitter:label2\" content=\"Tiempo de lectura\" \/>\n\t<meta name=\"twitter:data2\" content=\"2 minutos\" \/>\n<script type=\"application\/ld+json\" class=\"yoast-schema-graph\">{\"@context\":\"https:\\\/\\\/schema.org\",\"@graph\":[{\"@type\":\"Article\",\"@id\":\"https:\\\/\\\/www.bbmnoticias.com\\\/labravaradiofm\\\/2024\\\/08\\\/29\\\/informa-sso-sobre-atencion-medica-a-personas-migrantes-tras-accidente-carretero-en-el-istmo\\\/#article\",\"isPartOf\":{\"@id\":\"https:\\\/\\\/www.bbmnoticias.com\\\/labravaradiofm\\\/2024\\\/08\\\/29\\\/informa-sso-sobre-atencion-medica-a-personas-migrantes-tras-accidente-carretero-en-el-istmo\\\/\"},\"author\":{\"name\":\"Staff\",\"@id\":\"https:\\\/\\\/www.bbmnoticias.com\\\/labravaradiofm\\\/#\\\/schema\\\/person\\\/68a9e9036ef3c5b55aeb2b71dc8bab45\"},\"headline\":\"Informa SSO sobre atenci\u00f3n m\u00e9dica a personas migrantes tras accidente carretero en el Istmo\",\"datePublished\":\"2024-08-29T20:13:30+00:00\",\"dateModified\":\"2024-08-29T20:13:32+00:00\",\"mainEntityOfPage\":{\"@id\":\"https:\\\/\\\/www.bbmnoticias.com\\\/labravaradiofm\\\/2024\\\/08\\\/29\\\/informa-sso-sobre-atencion-medica-a-personas-migrantes-tras-accidente-carretero-en-el-istmo\\\/\"},\"wordCount\":305,\"image\":{\"@id\":\"https:\\\/\\\/www.bbmnoticias.com\\\/labravaradiofm\\\/2024\\\/08\\\/29\\\/informa-sso-sobre-atencion-medica-a-personas-migrantes-tras-accidente-carretero-en-el-istmo\\\/#primaryimage\"},\"thumbnailUrl\":\"https:\\\/\\\/www.bbmnoticias.com\\\/labravaradiofm\\\/wp-content\\\/uploads\\\/sites\\\/5\\\/2024\\\/08\\\/accidente-niltepec.jpg\",\"articleSection\":[\"LOCAL\"],\"inLanguage\":\"es\"},{\"@type\":\"WebPage\",\"@id\":\"https:\\\/\\\/www.bbmnoticias.com\\\/labravaradiofm\\\/2024\\\/08\\\/29\\\/informa-sso-sobre-atencion-medica-a-personas-migrantes-tras-accidente-carretero-en-el-istmo\\\/\",\"url\":\"https:\\\/\\\/www.bbmnoticias.com\\\/labravaradiofm\\\/2024\\\/08\\\/29\\\/informa-sso-sobre-atencion-medica-a-personas-migrantes-tras-accidente-carretero-en-el-istmo\\\/\",\"name\":\"Informa SSO sobre atenci\u00f3n m\u00e9dica a personas migrantes tras accidente carretero en el Istmo - LA BRAVA RADIO\",\"isPartOf\":{\"@id\":\"https:\\\/\\\/www.bbmnoticias.com\\\/labravaradiofm\\\/#website\"},\"primaryImageOfPage\":{\"@id\":\"https:\\\/\\\/www.bbmnoticias.com\\\/labravaradiofm\\\/2024\\\/08\\\/29\\\/informa-sso-sobre-atencion-medica-a-personas-migrantes-tras-accidente-carretero-en-el-istmo\\\/#primaryimage\"},\"image\":{\"@id\":\"https:\\\/\\\/www.bbmnoticias.com\\\/labravaradiofm\\\/2024\\\/08\\\/29\\\/informa-sso-sobre-atencion-medica-a-personas-migrantes-tras-accidente-carretero-en-el-istmo\\\/#primaryimage\"},\"thumbnailUrl\":\"https:\\\/\\\/www.bbmnoticias.com\\\/labravaradiofm\\\/wp-content\\\/uploads\\\/sites\\\/5\\\/2024\\\/08\\\/accidente-niltepec.jpg\",\"datePublished\":\"2024-08-29T20:13:30+00:00\",\"dateModified\":\"2024-08-29T20:13:32+00:00\",\"author\":{\"@id\":\"https:\\\/\\\/www.bbmnoticias.com\\\/labravaradiofm\\\/#\\\/schema\\\/person\\\/68a9e9036ef3c5b55aeb2b71dc8bab45\"},\"breadcrumb\":{\"@id\":\"https:\\\/\\\/www.bbmnoticias.com\\\/labravaradiofm\\\/2024\\\/08\\\/29\\\/informa-sso-sobre-atencion-medica-a-personas-migrantes-tras-accidente-carretero-en-el-istmo\\\/#breadcrumb\"},\"inLanguage\":\"es\",\"potentialAction\":[{\"@type\":\"ReadAction\",\"target\":[\"https:\\\/\\\/www.bbmnoticias.com\\\/labravaradiofm\\\/2024\\\/08\\\/29\\\/informa-sso-sobre-atencion-medica-a-personas-migrantes-tras-accidente-carretero-en-el-istmo\\\/\"]}]},{\"@type\":\"ImageObject\",\"inLanguage\":\"es\",\"@id\":\"https:\\\/\\\/www.bbmnoticias.com\\\/labravaradiofm\\\/2024\\\/08\\\/29\\\/informa-sso-sobre-atencion-medica-a-personas-migrantes-tras-accidente-carretero-en-el-istmo\\\/#primaryimage\",\"url\":\"https:\\\/\\\/www.bbmnoticias.com\\\/labravaradiofm\\\/wp-content\\\/uploads\\\/sites\\\/5\\\/2024\\\/08\\\/accidente-niltepec.jpg\",\"contentUrl\":\"https:\\\/\\\/www.bbmnoticias.com\\\/labravaradiofm\\\/wp-content\\\/uploads\\\/sites\\\/5\\\/2024\\\/08\\\/accidente-niltepec.jpg\",\"width\":720,\"height\":398},{\"@type\":\"BreadcrumbList\",\"@id\":\"https:\\\/\\\/www.bbmnoticias.com\\\/labravaradiofm\\\/2024\\\/08\\\/29\\\/informa-sso-sobre-atencion-medica-a-personas-migrantes-tras-accidente-carretero-en-el-istmo\\\/#breadcrumb\",\"itemListElement\":[{\"@type\":\"ListItem\",\"position\":1,\"name\":\"Inicio\",\"item\":\"https:\\\/\\\/www.bbmnoticias.com\\\/labravaradiofm\\\/\"},{\"@type\":\"ListItem\",\"position\":2,\"name\":\"Informa SSO sobre atenci\u00f3n m\u00e9dica a personas migrantes tras accidente carretero en el Istmo\"}]},{\"@type\":\"WebSite\",\"@id\":\"https:\\\/\\\/www.bbmnoticias.com\\\/labravaradiofm\\\/#website\",\"url\":\"https:\\\/\\\/www.bbmnoticias.com\\\/labravaradiofm\\\/\",\"name\":\"LA BRAVA RADIO\",\"description\":\"Empresa productora de medios, Radiodifusi\u00f3n, Noticias, tendencias y todo lo que necesitas saber de la pol\u00edtica mexicana e internacional; entretenimiento, espect\u00e1culos, salud y mucho m\u00e1s.\",\"potentialAction\":[{\"@type\":\"SearchAction\",\"target\":{\"@type\":\"EntryPoint\",\"urlTemplate\":\"https:\\\/\\\/www.bbmnoticias.com\\\/labravaradiofm\\\/?s={search_term_string}\"},\"query-input\":{\"@type\":\"PropertyValueSpecification\",\"valueRequired\":true,\"valueName\":\"search_term_string\"}}],\"inLanguage\":\"es\"},{\"@type\":\"Person\",\"@id\":\"https:\\\/\\\/www.bbmnoticias.com\\\/labravaradiofm\\\/#\\\/schema\\\/person\\\/68a9e9036ef3c5b55aeb2b71dc8bab45\",\"name\":\"Staff\",\"image\":{\"@type\":\"ImageObject\",\"inLanguage\":\"es\",\"@id\":\"https:\\\/\\\/secure.gravatar.com\\\/avatar\\\/fdd21ad66fd8b98c407f9dee5b5e588cfe7f0d8579ec20fa6527cd59bab7f0f0?s=96&d=mm&r=g\",\"url\":\"https:\\\/\\\/secure.gravatar.com\\\/avatar\\\/fdd21ad66fd8b98c407f9dee5b5e588cfe7f0d8579ec20fa6527cd59bab7f0f0?s=96&d=mm&r=g\",\"contentUrl\":\"https:\\\/\\\/secure.gravatar.com\\\/avatar\\\/fdd21ad66fd8b98c407f9dee5b5e588cfe7f0d8579ec20fa6527cd59bab7f0f0?s=96&d=mm&r=g\",\"caption\":\"Staff\"},\"url\":\"https:\\\/\\\/www.bbmnoticias.com\\\/labravaradiofm\\\/author\\\/redaccion\\\/\"}]}<\/script>\n<!-- \/ Yoast SEO plugin. -->","yoast_head_json":{"title":"Informa SSO sobre atenci\u00f3n m\u00e9dica a personas migrantes tras accidente carretero en el Istmo - LA BRAVA RADIO","robots":{"index":"index","follow":"follow","max-snippet":"max-snippet:-1","max-image-preview":"max-image-preview:large","max-video-preview":"max-video-preview:-1"},"canonical":"https:\/\/www.bbmnoticias.com\/labravaradiofm\/2024\/08\/29\/informa-sso-sobre-atencion-medica-a-personas-migrantes-tras-accidente-carretero-en-el-istmo\/","og_locale":"es_MX","og_type":"article","og_title":"Informa SSO sobre atenci\u00f3n m\u00e9dica a personas migrantes tras accidente carretero en el Istmo - LA BRAVA RADIO","og_description":"Oaxaca de Ju\u00e1rez, Oax. 29 de agosto de 2024.- Con relaci\u00f3n al accidente en la carretera Trans\u00edstmica, saliendo de la poblaci\u00f3n de Santiago Niltepec en el que viajaba una caravana migrante esta madrugada, Servicios de Salud de Oaxaca (SSO) informa que, a trav\u00e9s de la Jurisdicci\u00f3n Sanitaria 2 Istmo se refirieron a las personas lesionadas [&hellip;]","og_url":"https:\/\/www.bbmnoticias.com\/labravaradiofm\/2024\/08\/29\/informa-sso-sobre-atencion-medica-a-personas-migrantes-tras-accidente-carretero-en-el-istmo\/","og_site_name":"LA BRAVA RADIO","article_published_time":"2024-08-29T20:13:30+00:00","article_modified_time":"2024-08-29T20:13:32+00:00","og_image":[{"width":720,"height":398,"url":"https:\/\/www.bbmnoticias.com\/labravaradiofm\/wp-content\/uploads\/sites\/5\/2024\/08\/accidente-niltepec.jpg","type":"image\/jpeg"}],"author":"Staff","twitter_card":"summary_large_image","twitter_misc":{"Escrito por":"Staff","Tiempo de lectura":"2 minutos"},"schema":{"@context":"https:\/\/schema.org","@graph":[{"@type":"Article","@id":"https:\/\/www.bbmnoticias.com\/labravaradiofm\/2024\/08\/29\/informa-sso-sobre-atencion-medica-a-personas-migrantes-tras-accidente-carretero-en-el-istmo\/#article","isPartOf":{"@id":"https:\/\/www.bbmnoticias.com\/labravaradiofm\/2024\/08\/29\/informa-sso-sobre-atencion-medica-a-personas-migrantes-tras-accidente-carretero-en-el-istmo\/"},"author":{"name":"Staff","@id":"https:\/\/www.bbmnoticias.com\/labravaradiofm\/#\/schema\/person\/68a9e9036ef3c5b55aeb2b71dc8bab45"},"headline":"Informa SSO sobre atenci\u00f3n m\u00e9dica a personas migrantes tras accidente carretero en el Istmo","datePublished":"2024-08-29T20:13:30+00:00","dateModified":"2024-08-29T20:13:32+00:00","mainEntityOfPage":{"@id":"https:\/\/www.bbmnoticias.com\/labravaradiofm\/2024\/08\/29\/informa-sso-sobre-atencion-medica-a-personas-migrantes-tras-accidente-carretero-en-el-istmo\/"},"wordCount":305,"image":{"@id":"https:\/\/www.bbmnoticias.com\/labravaradiofm\/2024\/08\/29\/informa-sso-sobre-atencion-medica-a-personas-migrantes-tras-accidente-carretero-en-el-istmo\/#primaryimage"},"thumbnailUrl":"https:\/\/www.bbmnoticias.com\/labravaradiofm\/wp-content\/uploads\/sites\/5\/2024\/08\/accidente-niltepec.jpg","articleSection":["LOCAL"],"inLanguage":"es"},{"@type":"WebPage","@id":"https:\/\/www.bbmnoticias.com\/labravaradiofm\/2024\/08\/29\/informa-sso-sobre-atencion-medica-a-personas-migrantes-tras-accidente-carretero-en-el-istmo\/","url":"https:\/\/www.bbmnoticias.com\/labravaradiofm\/2024\/08\/29\/informa-sso-sobre-atencion-medica-a-personas-migrantes-tras-accidente-carretero-en-el-istmo\/","name":"Informa SSO sobre atenci\u00f3n m\u00e9dica a personas migrantes tras accidente carretero en el Istmo - LA BRAVA RADIO","isPartOf":{"@id":"https:\/\/www.bbmnoticias.com\/labravaradiofm\/#website"},"primaryImageOfPage":{"@id":"https:\/\/www.bbmnoticias.com\/labravaradiofm\/2024\/08\/29\/informa-sso-sobre-atencion-medica-a-personas-migrantes-tras-accidente-carretero-en-el-istmo\/#primaryimage"},"image":{"@id":"https:\/\/www.bbmnoticias.com\/labravaradiofm\/2024\/08\/29\/informa-sso-sobre-atencion-medica-a-personas-migrantes-tras-accidente-carretero-en-el-istmo\/#primaryimage"},"thumbnailUrl":"https:\/\/www.bbmnoticias.com\/labravaradiofm\/wp-content\/uploads\/sites\/5\/2024\/08\/accidente-niltepec.jpg","datePublished":"2024-08-29T20:13:30+00:00","dateModified":"2024-08-29T20:13:32+00:00","author":{"@id":"https:\/\/www.bbmnoticias.com\/labravaradiofm\/#\/schema\/person\/68a9e9036ef3c5b55aeb2b71dc8bab45"},"breadcrumb":{"@id":"https:\/\/www.bbmnoticias.com\/labravaradiofm\/2024\/08\/29\/informa-sso-sobre-atencion-medica-a-personas-migrantes-tras-accidente-carretero-en-el-istmo\/#breadcrumb"},"inLanguage":"es","potentialAction":[{"@type":"ReadAction","target":["https:\/\/www.bbmnoticias.com\/labravaradiofm\/2024\/08\/29\/informa-sso-sobre-atencion-medica-a-personas-migrantes-tras-accidente-carretero-en-el-istmo\/"]}]},{"@type":"ImageObject","inLanguage":"es","@id":"https:\/\/www.bbmnoticias.com\/labravaradiofm\/2024\/08\/29\/informa-sso-sobre-atencion-medica-a-personas-migrantes-tras-accidente-carretero-en-el-istmo\/#primaryimage","url":"https:\/\/www.bbmnoticias.com\/labravaradiofm\/wp-content\/uploads\/sites\/5\/2024\/08\/accidente-niltepec.jpg","contentUrl":"https:\/\/www.bbmnoticias.com\/labravaradiofm\/wp-content\/uploads\/sites\/5\/2024\/08\/accidente-niltepec.jpg","width":720,"height":398},{"@type":"BreadcrumbList","@id":"https:\/\/www.bbmnoticias.com\/labravaradiofm\/2024\/08\/29\/informa-sso-sobre-atencion-medica-a-personas-migrantes-tras-accidente-carretero-en-el-istmo\/#breadcrumb","itemListElement":[{"@type":"ListItem","position":1,"name":"Inicio","item":"https:\/\/www.bbmnoticias.com\/labravaradiofm\/"},{"@type":"ListItem","position":2,"name":"Informa SSO sobre atenci\u00f3n m\u00e9dica a personas migrantes tras accidente carretero en el Istmo"}]},{"@type":"WebSite","@id":"https:\/\/www.bbmnoticias.com\/labravaradiofm\/#website","url":"https:\/\/www.bbmnoticias.com\/labravaradiofm\/","name":"LA BRAVA RADIO","description":"Empresa productora de medios, Radiodifusi\u00f3n, Noticias, tendencias y todo lo que necesitas saber de la pol\u00edtica mexicana e internacional; entretenimiento, espect\u00e1culos, salud y mucho m\u00e1s.","potentialAction":[{"@type":"SearchAction","target":{"@type":"EntryPoint","urlTemplate":"https:\/\/www.bbmnoticias.com\/labravaradiofm\/?s={search_term_string}"},"query-input":{"@type":"PropertyValueSpecification","valueRequired":true,"valueName":"search_term_string"}}],"inLanguage":"es"},{"@type":"Person","@id":"https:\/\/www.bbmnoticias.com\/labravaradiofm\/#\/schema\/person\/68a9e9036ef3c5b55aeb2b71dc8bab45","name":"Staff","image":{"@type":"ImageObject","inLanguage":"es","@id":"https:\/\/secure.gravatar.com\/avatar\/fdd21ad66fd8b98c407f9dee5b5e588cfe7f0d8579ec20fa6527cd59bab7f0f0?s=96&d=mm&r=g","url":"https:\/\/secure.gravatar.com\/avatar\/fdd21ad66fd8b98c407f9dee5b5e588cfe7f0d8579ec20fa6527cd59bab7f0f0?s=96&d=mm&r=g","contentUrl":"https:\/\/secure.gravatar.com\/avatar\/fdd21ad66fd8b98c407f9dee5b5e588cfe7f0d8579ec20fa6527cd59bab7f0f0?s=96&d=mm&r=g","caption":"Staff"},"url":"https:\/\/www.bbmnoticias.com\/labravaradiofm\/author\/redaccion\/"}]}},"_links":{"self":[{"href":"https:\/\/www.bbmnoticias.com\/labravaradiofm\/wp-json\/wp\/v2\/posts\/46378","targetHints":{"allow":["GET"]}}],"collection":[{"href":"https:\/\/www.bbmnoticias.com\/labravaradiofm\/wp-json\/wp\/v2\/posts"}],"about":[{"href":"https:\/\/www.bbmnoticias.com\/labravaradiofm\/wp-json\/wp\/v2\/types\/post"}],"author":[{"embeddable":true,"href":"https:\/\/www.bbmnoticias.com\/labravaradiofm\/wp-json\/wp\/v2\/users\/2"}],"replies":[{"embeddable":true,"href":"https:\/\/www.bbmnoticias.com\/labravaradiofm\/wp-json\/wp\/v2\/comments?post=46378"}],"version-history":[{"count":0,"href":"https:\/\/www.bbmnoticias.com\/labravaradiofm\/wp-json\/wp\/v2\/posts\/46378\/revisions"}],"wp:featuredmedia":[{"embeddable":true,"href":"https:\/\/www.bbmnoticias.com\/labravaradiofm\/wp-json\/wp\/v2\/media\/46379"}],"wp:attachment":[{"href":"https:\/\/www.bbmnoticias.com\/labravaradiofm\/wp-json\/wp\/v2\/media?parent=46378"}],"wp:term":[{"taxonomy":"category","embeddable":true,"href":"https:\/\/www.bbmnoticias.com\/labravaradiofm\/wp-json\/wp\/v2\/categories?post=46378"},{"taxonomy":"post_tag","embeddable":true,"href":"https:\/\/www.bbmnoticias.com\/labravaradiofm\/wp-json\/wp\/v2\/tags?post=46378"}],"curies":[{"name":"wp","href":"https:\/\/api.w.org\/{rel}","templated":true}]}}