{"id":46375,"date":"2024-08-29T13:23:24","date_gmt":"2024-08-29T19:23:24","guid":{"rendered":"https:\/\/www.bbmnoticias.com\/labravaradiofm\/?p=46375"},"modified":"2024-08-29T13:23:25","modified_gmt":"2024-08-29T19:23:25","slug":"vocalista-de-banda-nortena-la-unica-fue-asesinado-frente-a-tienda-oxxo-en-oluta","status":"publish","type":"post","link":"https:\/\/www.bbmnoticias.com\/labravaradiofm\/2024\/08\/29\/vocalista-de-banda-nortena-la-unica-fue-asesinado-frente-a-tienda-oxxo-en-oluta\/","title":{"rendered":"Vocalista de banda norte\u00f1a &#8216;La \u00danica&#8217; fue asesinado frente a tienda Oxxo en Oluta"},"content":{"rendered":"<div style=\"margin-top: 0px; margin-bottom: 0px;\" class=\"sharethis-inline-share-buttons\" ><\/div>\n<p>El joven vocalista de la <strong>banda norte\u00f1a &#8216;La \u00danica&#8217;<\/strong>, Bismarck de Jes\u00fas Rom\u00e1n G\u00f3mez, de 30 a\u00f1os, originario de Acayucan, fue asesinado a tiros en plena cabecera municipal de Oluta, frente a un <strong>Oxxo<\/strong>.&nbsp;<\/p>\n\n\n\n<p>Seg\u00fan informaci\u00f3n recabada por Imagen del Golfo, Bismarck presuntamente sal\u00eda de la tienda de conveniencia cuando fue sorprendido a disparos. Lamentablemente, fue ultimado al pie del acceso, y su cuerpo <strong>qued\u00f3 sobre la motocicleta<\/strong> en la que viajaba.<\/p>\n\n\n\n<p>La Fiscal\u00eda General del Estado (FGE) inici\u00f3 la carpeta de investigaci\u00f3n correspondiente para esclarecer el m\u00f3vil del homicidio. Trascendi\u00f3 que las autoridades cuentan con avances en el caso gracias a la<strong> existencia de c\u00e1maras de videovigilancia<\/strong> en la zona.<\/p>\n\n\n\n<p>El hecho gener\u00f3 movilizaci\u00f3n de cuerpos de<strong> seguridad y de emergencia.&nbsp;<\/strong><\/p>\n\n\n\n<p>En un principio, se report\u00f3 como un probable robo, pero se confirm\u00f3 que se trataba de un <strong>presunto ataque directo<\/strong>. El o los sicarios habr\u00edan escapado sobre la carretera estatal Oluta-Texistepec.<\/p>\n\n\n\n<p>La noticia ha conmocionado y tomado por sorpresa a la poblaci\u00f3n local debido a que el joven residente de Oluta era ampliamente conocido por su talento en la m\u00fasica. Hasta el momento, <strong>se desconocen las circunstancias<\/strong> en que ocurri\u00f3 esta agresi\u00f3n.<\/p>\n","protected":false},"excerpt":{"rendered":"<p>El joven vocalista de la banda norte\u00f1a &#8216;La \u00danica&#8217;, Bismarck de Jes\u00fas Rom\u00e1n G\u00f3mez, de 30 a\u00f1os, originario de Acayucan, fue asesinado a tiros en plena cabecera municipal de Oluta, frente a un Oxxo.&nbsp; Seg\u00fan informaci\u00f3n recabada por Imagen del Golfo, Bismarck presuntamente sal\u00eda de la tienda de conveniencia cuando fue sorprendido a disparos. Lamentablemente, [&hellip;]<\/p>\n","protected":false},"author":2,"featured_media":46376,"comment_status":"closed","ping_status":"closed","sticky":false,"template":"","format":"standard","meta":{"footnotes":""},"categories":[949,20],"tags":[],"class_list":{"0":"post-46375","1":"post","2":"type-post","3":"status-publish","4":"format-standard","5":"has-post-thumbnail","7":"category-espectaculos","8":"category-policiaca"},"yoast_head":"<!-- This site is optimized with the Yoast SEO plugin v27.4 - https:\/\/yoast.com\/product\/yoast-seo-wordpress\/ -->\n<title>Vocalista de banda norte\u00f1a &#039;La \u00danica&#039; fue asesinado frente a tienda Oxxo en Oluta - LA BRAVA RADIO<\/title>\n<meta name=\"robots\" content=\"index, follow, max-snippet:-1, max-image-preview:large, max-video-preview:-1\" \/>\n<link rel=\"canonical\" href=\"https:\/\/www.bbmnoticias.com\/labravaradiofm\/2024\/08\/29\/vocalista-de-banda-nortena-la-unica-fue-asesinado-frente-a-tienda-oxxo-en-oluta\/\" \/>\n<meta property=\"og:locale\" content=\"es_MX\" \/>\n<meta property=\"og:type\" content=\"article\" \/>\n<meta property=\"og:title\" content=\"Vocalista de banda norte\u00f1a &#039;La \u00danica&#039; fue asesinado frente a tienda Oxxo en Oluta - LA BRAVA RADIO\" \/>\n<meta property=\"og:description\" content=\"El joven vocalista de la banda norte\u00f1a &#8216;La \u00danica&#8217;, Bismarck de Jes\u00fas Rom\u00e1n G\u00f3mez, de 30 a\u00f1os, originario de Acayucan, fue asesinado a tiros en plena cabecera municipal de Oluta, frente a un Oxxo.&nbsp; Seg\u00fan informaci\u00f3n recabada por Imagen del Golfo, Bismarck presuntamente sal\u00eda de la tienda de conveniencia cuando fue sorprendido a disparos. Lamentablemente, [&hellip;]\" \/>\n<meta property=\"og:url\" content=\"https:\/\/www.bbmnoticias.com\/labravaradiofm\/2024\/08\/29\/vocalista-de-banda-nortena-la-unica-fue-asesinado-frente-a-tienda-oxxo-en-oluta\/\" \/>\n<meta property=\"og:site_name\" content=\"LA BRAVA RADIO\" \/>\n<meta property=\"article:published_time\" content=\"2024-08-29T19:23:24+00:00\" \/>\n<meta property=\"article:modified_time\" content=\"2024-08-29T19:23:25+00:00\" \/>\n<meta property=\"og:image\" content=\"https:\/\/www.bbmnoticias.com\/labravaradiofm\/wp-content\/uploads\/sites\/5\/2024\/08\/vocalista-de-banda-nortena-la-unica-fue-asesinado-frente-a-tienda-oxxo-en-oluta.jpg\" \/>\n\t<meta property=\"og:image:width\" content=\"732\" \/>\n\t<meta property=\"og:image:height\" content=\"549\" \/>\n\t<meta property=\"og:image:type\" content=\"image\/jpeg\" \/>\n<meta name=\"author\" content=\"Staff\" \/>\n<meta name=\"twitter:card\" content=\"summary_large_image\" \/>\n<meta name=\"twitter:label1\" content=\"Escrito por\" \/>\n\t<meta name=\"twitter:data1\" content=\"Staff\" \/>\n\t<meta name=\"twitter:label2\" content=\"Tiempo de lectura\" \/>\n\t<meta name=\"twitter:data2\" content=\"2 minutos\" \/>\n<script type=\"application\/ld+json\" class=\"yoast-schema-graph\">{\"@context\":\"https:\\\/\\\/schema.org\",\"@graph\":[{\"@type\":\"Article\",\"@id\":\"https:\\\/\\\/www.bbmnoticias.com\\\/labravaradiofm\\\/2024\\\/08\\\/29\\\/vocalista-de-banda-nortena-la-unica-fue-asesinado-frente-a-tienda-oxxo-en-oluta\\\/#article\",\"isPartOf\":{\"@id\":\"https:\\\/\\\/www.bbmnoticias.com\\\/labravaradiofm\\\/2024\\\/08\\\/29\\\/vocalista-de-banda-nortena-la-unica-fue-asesinado-frente-a-tienda-oxxo-en-oluta\\\/\"},\"author\":{\"name\":\"Staff\",\"@id\":\"https:\\\/\\\/www.bbmnoticias.com\\\/labravaradiofm\\\/#\\\/schema\\\/person\\\/68a9e9036ef3c5b55aeb2b71dc8bab45\"},\"headline\":\"Vocalista de banda norte\u00f1a &#8216;La \u00danica&#8217; fue asesinado frente a tienda Oxxo en Oluta\",\"datePublished\":\"2024-08-29T19:23:24+00:00\",\"dateModified\":\"2024-08-29T19:23:25+00:00\",\"mainEntityOfPage\":{\"@id\":\"https:\\\/\\\/www.bbmnoticias.com\\\/labravaradiofm\\\/2024\\\/08\\\/29\\\/vocalista-de-banda-nortena-la-unica-fue-asesinado-frente-a-tienda-oxxo-en-oluta\\\/\"},\"wordCount\":227,\"image\":{\"@id\":\"https:\\\/\\\/www.bbmnoticias.com\\\/labravaradiofm\\\/2024\\\/08\\\/29\\\/vocalista-de-banda-nortena-la-unica-fue-asesinado-frente-a-tienda-oxxo-en-oluta\\\/#primaryimage\"},\"thumbnailUrl\":\"https:\\\/\\\/www.bbmnoticias.com\\\/labravaradiofm\\\/wp-content\\\/uploads\\\/sites\\\/5\\\/2024\\\/08\\\/vocalista-de-banda-nortena-la-unica-fue-asesinado-frente-a-tienda-oxxo-en-oluta.jpg\",\"articleSection\":[\"ESPECT\u00c1CULOS\",\"POLICIACA\"],\"inLanguage\":\"es\"},{\"@type\":\"WebPage\",\"@id\":\"https:\\\/\\\/www.bbmnoticias.com\\\/labravaradiofm\\\/2024\\\/08\\\/29\\\/vocalista-de-banda-nortena-la-unica-fue-asesinado-frente-a-tienda-oxxo-en-oluta\\\/\",\"url\":\"https:\\\/\\\/www.bbmnoticias.com\\\/labravaradiofm\\\/2024\\\/08\\\/29\\\/vocalista-de-banda-nortena-la-unica-fue-asesinado-frente-a-tienda-oxxo-en-oluta\\\/\",\"name\":\"Vocalista de banda norte\u00f1a 'La \u00danica' fue asesinado frente a tienda Oxxo en Oluta - LA BRAVA RADIO\",\"isPartOf\":{\"@id\":\"https:\\\/\\\/www.bbmnoticias.com\\\/labravaradiofm\\\/#website\"},\"primaryImageOfPage\":{\"@id\":\"https:\\\/\\\/www.bbmnoticias.com\\\/labravaradiofm\\\/2024\\\/08\\\/29\\\/vocalista-de-banda-nortena-la-unica-fue-asesinado-frente-a-tienda-oxxo-en-oluta\\\/#primaryimage\"},\"image\":{\"@id\":\"https:\\\/\\\/www.bbmnoticias.com\\\/labravaradiofm\\\/2024\\\/08\\\/29\\\/vocalista-de-banda-nortena-la-unica-fue-asesinado-frente-a-tienda-oxxo-en-oluta\\\/#primaryimage\"},\"thumbnailUrl\":\"https:\\\/\\\/www.bbmnoticias.com\\\/labravaradiofm\\\/wp-content\\\/uploads\\\/sites\\\/5\\\/2024\\\/08\\\/vocalista-de-banda-nortena-la-unica-fue-asesinado-frente-a-tienda-oxxo-en-oluta.jpg\",\"datePublished\":\"2024-08-29T19:23:24+00:00\",\"dateModified\":\"2024-08-29T19:23:25+00:00\",\"author\":{\"@id\":\"https:\\\/\\\/www.bbmnoticias.com\\\/labravaradiofm\\\/#\\\/schema\\\/person\\\/68a9e9036ef3c5b55aeb2b71dc8bab45\"},\"breadcrumb\":{\"@id\":\"https:\\\/\\\/www.bbmnoticias.com\\\/labravaradiofm\\\/2024\\\/08\\\/29\\\/vocalista-de-banda-nortena-la-unica-fue-asesinado-frente-a-tienda-oxxo-en-oluta\\\/#breadcrumb\"},\"inLanguage\":\"es\",\"potentialAction\":[{\"@type\":\"ReadAction\",\"target\":[\"https:\\\/\\\/www.bbmnoticias.com\\\/labravaradiofm\\\/2024\\\/08\\\/29\\\/vocalista-de-banda-nortena-la-unica-fue-asesinado-frente-a-tienda-oxxo-en-oluta\\\/\"]}]},{\"@type\":\"ImageObject\",\"inLanguage\":\"es\",\"@id\":\"https:\\\/\\\/www.bbmnoticias.com\\\/labravaradiofm\\\/2024\\\/08\\\/29\\\/vocalista-de-banda-nortena-la-unica-fue-asesinado-frente-a-tienda-oxxo-en-oluta\\\/#primaryimage\",\"url\":\"https:\\\/\\\/www.bbmnoticias.com\\\/labravaradiofm\\\/wp-content\\\/uploads\\\/sites\\\/5\\\/2024\\\/08\\\/vocalista-de-banda-nortena-la-unica-fue-asesinado-frente-a-tienda-oxxo-en-oluta.jpg\",\"contentUrl\":\"https:\\\/\\\/www.bbmnoticias.com\\\/labravaradiofm\\\/wp-content\\\/uploads\\\/sites\\\/5\\\/2024\\\/08\\\/vocalista-de-banda-nortena-la-unica-fue-asesinado-frente-a-tienda-oxxo-en-oluta.jpg\",\"width\":732,\"height\":549},{\"@type\":\"BreadcrumbList\",\"@id\":\"https:\\\/\\\/www.bbmnoticias.com\\\/labravaradiofm\\\/2024\\\/08\\\/29\\\/vocalista-de-banda-nortena-la-unica-fue-asesinado-frente-a-tienda-oxxo-en-oluta\\\/#breadcrumb\",\"itemListElement\":[{\"@type\":\"ListItem\",\"position\":1,\"name\":\"Inicio\",\"item\":\"https:\\\/\\\/www.bbmnoticias.com\\\/labravaradiofm\\\/\"},{\"@type\":\"ListItem\",\"position\":2,\"name\":\"Vocalista de banda norte\u00f1a &#8216;La \u00danica&#8217; fue asesinado frente a tienda Oxxo en Oluta\"}]},{\"@type\":\"WebSite\",\"@id\":\"https:\\\/\\\/www.bbmnoticias.com\\\/labravaradiofm\\\/#website\",\"url\":\"https:\\\/\\\/www.bbmnoticias.com\\\/labravaradiofm\\\/\",\"name\":\"LA BRAVA RADIO\",\"description\":\"Empresa productora de medios, Radiodifusi\u00f3n, Noticias, tendencias y todo lo que necesitas saber de la pol\u00edtica mexicana e internacional; entretenimiento, espect\u00e1culos, salud y mucho m\u00e1s.\",\"potentialAction\":[{\"@type\":\"SearchAction\",\"target\":{\"@type\":\"EntryPoint\",\"urlTemplate\":\"https:\\\/\\\/www.bbmnoticias.com\\\/labravaradiofm\\\/?s={search_term_string}\"},\"query-input\":{\"@type\":\"PropertyValueSpecification\",\"valueRequired\":true,\"valueName\":\"search_term_string\"}}],\"inLanguage\":\"es\"},{\"@type\":\"Person\",\"@id\":\"https:\\\/\\\/www.bbmnoticias.com\\\/labravaradiofm\\\/#\\\/schema\\\/person\\\/68a9e9036ef3c5b55aeb2b71dc8bab45\",\"name\":\"Staff\",\"image\":{\"@type\":\"ImageObject\",\"inLanguage\":\"es\",\"@id\":\"https:\\\/\\\/secure.gravatar.com\\\/avatar\\\/fdd21ad66fd8b98c407f9dee5b5e588cfe7f0d8579ec20fa6527cd59bab7f0f0?s=96&d=mm&r=g\",\"url\":\"https:\\\/\\\/secure.gravatar.com\\\/avatar\\\/fdd21ad66fd8b98c407f9dee5b5e588cfe7f0d8579ec20fa6527cd59bab7f0f0?s=96&d=mm&r=g\",\"contentUrl\":\"https:\\\/\\\/secure.gravatar.com\\\/avatar\\\/fdd21ad66fd8b98c407f9dee5b5e588cfe7f0d8579ec20fa6527cd59bab7f0f0?s=96&d=mm&r=g\",\"caption\":\"Staff\"},\"url\":\"https:\\\/\\\/www.bbmnoticias.com\\\/labravaradiofm\\\/author\\\/redaccion\\\/\"}]}<\/script>\n<!-- \/ Yoast SEO plugin. -->","yoast_head_json":{"title":"Vocalista de banda norte\u00f1a 'La \u00danica' fue asesinado frente a tienda Oxxo en Oluta - LA BRAVA RADIO","robots":{"index":"index","follow":"follow","max-snippet":"max-snippet:-1","max-image-preview":"max-image-preview:large","max-video-preview":"max-video-preview:-1"},"canonical":"https:\/\/www.bbmnoticias.com\/labravaradiofm\/2024\/08\/29\/vocalista-de-banda-nortena-la-unica-fue-asesinado-frente-a-tienda-oxxo-en-oluta\/","og_locale":"es_MX","og_type":"article","og_title":"Vocalista de banda norte\u00f1a 'La \u00danica' fue asesinado frente a tienda Oxxo en Oluta - LA BRAVA RADIO","og_description":"El joven vocalista de la banda norte\u00f1a &#8216;La \u00danica&#8217;, Bismarck de Jes\u00fas Rom\u00e1n G\u00f3mez, de 30 a\u00f1os, originario de Acayucan, fue asesinado a tiros en plena cabecera municipal de Oluta, frente a un Oxxo.&nbsp; Seg\u00fan informaci\u00f3n recabada por Imagen del Golfo, Bismarck presuntamente sal\u00eda de la tienda de conveniencia cuando fue sorprendido a disparos. Lamentablemente, [&hellip;]","og_url":"https:\/\/www.bbmnoticias.com\/labravaradiofm\/2024\/08\/29\/vocalista-de-banda-nortena-la-unica-fue-asesinado-frente-a-tienda-oxxo-en-oluta\/","og_site_name":"LA BRAVA RADIO","article_published_time":"2024-08-29T19:23:24+00:00","article_modified_time":"2024-08-29T19:23:25+00:00","og_image":[{"width":732,"height":549,"url":"https:\/\/www.bbmnoticias.com\/labravaradiofm\/wp-content\/uploads\/sites\/5\/2024\/08\/vocalista-de-banda-nortena-la-unica-fue-asesinado-frente-a-tienda-oxxo-en-oluta.jpg","type":"image\/jpeg"}],"author":"Staff","twitter_card":"summary_large_image","twitter_misc":{"Escrito por":"Staff","Tiempo de lectura":"2 minutos"},"schema":{"@context":"https:\/\/schema.org","@graph":[{"@type":"Article","@id":"https:\/\/www.bbmnoticias.com\/labravaradiofm\/2024\/08\/29\/vocalista-de-banda-nortena-la-unica-fue-asesinado-frente-a-tienda-oxxo-en-oluta\/#article","isPartOf":{"@id":"https:\/\/www.bbmnoticias.com\/labravaradiofm\/2024\/08\/29\/vocalista-de-banda-nortena-la-unica-fue-asesinado-frente-a-tienda-oxxo-en-oluta\/"},"author":{"name":"Staff","@id":"https:\/\/www.bbmnoticias.com\/labravaradiofm\/#\/schema\/person\/68a9e9036ef3c5b55aeb2b71dc8bab45"},"headline":"Vocalista de banda norte\u00f1a &#8216;La \u00danica&#8217; fue asesinado frente a tienda Oxxo en Oluta","datePublished":"2024-08-29T19:23:24+00:00","dateModified":"2024-08-29T19:23:25+00:00","mainEntityOfPage":{"@id":"https:\/\/www.bbmnoticias.com\/labravaradiofm\/2024\/08\/29\/vocalista-de-banda-nortena-la-unica-fue-asesinado-frente-a-tienda-oxxo-en-oluta\/"},"wordCount":227,"image":{"@id":"https:\/\/www.bbmnoticias.com\/labravaradiofm\/2024\/08\/29\/vocalista-de-banda-nortena-la-unica-fue-asesinado-frente-a-tienda-oxxo-en-oluta\/#primaryimage"},"thumbnailUrl":"https:\/\/www.bbmnoticias.com\/labravaradiofm\/wp-content\/uploads\/sites\/5\/2024\/08\/vocalista-de-banda-nortena-la-unica-fue-asesinado-frente-a-tienda-oxxo-en-oluta.jpg","articleSection":["ESPECT\u00c1CULOS","POLICIACA"],"inLanguage":"es"},{"@type":"WebPage","@id":"https:\/\/www.bbmnoticias.com\/labravaradiofm\/2024\/08\/29\/vocalista-de-banda-nortena-la-unica-fue-asesinado-frente-a-tienda-oxxo-en-oluta\/","url":"https:\/\/www.bbmnoticias.com\/labravaradiofm\/2024\/08\/29\/vocalista-de-banda-nortena-la-unica-fue-asesinado-frente-a-tienda-oxxo-en-oluta\/","name":"Vocalista de banda norte\u00f1a 'La \u00danica' fue asesinado frente a tienda Oxxo en Oluta - LA BRAVA RADIO","isPartOf":{"@id":"https:\/\/www.bbmnoticias.com\/labravaradiofm\/#website"},"primaryImageOfPage":{"@id":"https:\/\/www.bbmnoticias.com\/labravaradiofm\/2024\/08\/29\/vocalista-de-banda-nortena-la-unica-fue-asesinado-frente-a-tienda-oxxo-en-oluta\/#primaryimage"},"image":{"@id":"https:\/\/www.bbmnoticias.com\/labravaradiofm\/2024\/08\/29\/vocalista-de-banda-nortena-la-unica-fue-asesinado-frente-a-tienda-oxxo-en-oluta\/#primaryimage"},"thumbnailUrl":"https:\/\/www.bbmnoticias.com\/labravaradiofm\/wp-content\/uploads\/sites\/5\/2024\/08\/vocalista-de-banda-nortena-la-unica-fue-asesinado-frente-a-tienda-oxxo-en-oluta.jpg","datePublished":"2024-08-29T19:23:24+00:00","dateModified":"2024-08-29T19:23:25+00:00","author":{"@id":"https:\/\/www.bbmnoticias.com\/labravaradiofm\/#\/schema\/person\/68a9e9036ef3c5b55aeb2b71dc8bab45"},"breadcrumb":{"@id":"https:\/\/www.bbmnoticias.com\/labravaradiofm\/2024\/08\/29\/vocalista-de-banda-nortena-la-unica-fue-asesinado-frente-a-tienda-oxxo-en-oluta\/#breadcrumb"},"inLanguage":"es","potentialAction":[{"@type":"ReadAction","target":["https:\/\/www.bbmnoticias.com\/labravaradiofm\/2024\/08\/29\/vocalista-de-banda-nortena-la-unica-fue-asesinado-frente-a-tienda-oxxo-en-oluta\/"]}]},{"@type":"ImageObject","inLanguage":"es","@id":"https:\/\/www.bbmnoticias.com\/labravaradiofm\/2024\/08\/29\/vocalista-de-banda-nortena-la-unica-fue-asesinado-frente-a-tienda-oxxo-en-oluta\/#primaryimage","url":"https:\/\/www.bbmnoticias.com\/labravaradiofm\/wp-content\/uploads\/sites\/5\/2024\/08\/vocalista-de-banda-nortena-la-unica-fue-asesinado-frente-a-tienda-oxxo-en-oluta.jpg","contentUrl":"https:\/\/www.bbmnoticias.com\/labravaradiofm\/wp-content\/uploads\/sites\/5\/2024\/08\/vocalista-de-banda-nortena-la-unica-fue-asesinado-frente-a-tienda-oxxo-en-oluta.jpg","width":732,"height":549},{"@type":"BreadcrumbList","@id":"https:\/\/www.bbmnoticias.com\/labravaradiofm\/2024\/08\/29\/vocalista-de-banda-nortena-la-unica-fue-asesinado-frente-a-tienda-oxxo-en-oluta\/#breadcrumb","itemListElement":[{"@type":"ListItem","position":1,"name":"Inicio","item":"https:\/\/www.bbmnoticias.com\/labravaradiofm\/"},{"@type":"ListItem","position":2,"name":"Vocalista de banda norte\u00f1a &#8216;La \u00danica&#8217; fue asesinado frente a tienda Oxxo en Oluta"}]},{"@type":"WebSite","@id":"https:\/\/www.bbmnoticias.com\/labravaradiofm\/#website","url":"https:\/\/www.bbmnoticias.com\/labravaradiofm\/","name":"LA BRAVA RADIO","description":"Empresa productora de medios, Radiodifusi\u00f3n, Noticias, tendencias y todo lo que necesitas saber de la pol\u00edtica mexicana e internacional; entretenimiento, espect\u00e1culos, salud y mucho m\u00e1s.","potentialAction":[{"@type":"SearchAction","target":{"@type":"EntryPoint","urlTemplate":"https:\/\/www.bbmnoticias.com\/labravaradiofm\/?s={search_term_string}"},"query-input":{"@type":"PropertyValueSpecification","valueRequired":true,"valueName":"search_term_string"}}],"inLanguage":"es"},{"@type":"Person","@id":"https:\/\/www.bbmnoticias.com\/labravaradiofm\/#\/schema\/person\/68a9e9036ef3c5b55aeb2b71dc8bab45","name":"Staff","image":{"@type":"ImageObject","inLanguage":"es","@id":"https:\/\/secure.gravatar.com\/avatar\/fdd21ad66fd8b98c407f9dee5b5e588cfe7f0d8579ec20fa6527cd59bab7f0f0?s=96&d=mm&r=g","url":"https:\/\/secure.gravatar.com\/avatar\/fdd21ad66fd8b98c407f9dee5b5e588cfe7f0d8579ec20fa6527cd59bab7f0f0?s=96&d=mm&r=g","contentUrl":"https:\/\/secure.gravatar.com\/avatar\/fdd21ad66fd8b98c407f9dee5b5e588cfe7f0d8579ec20fa6527cd59bab7f0f0?s=96&d=mm&r=g","caption":"Staff"},"url":"https:\/\/www.bbmnoticias.com\/labravaradiofm\/author\/redaccion\/"}]}},"_links":{"self":[{"href":"https:\/\/www.bbmnoticias.com\/labravaradiofm\/wp-json\/wp\/v2\/posts\/46375","targetHints":{"allow":["GET"]}}],"collection":[{"href":"https:\/\/www.bbmnoticias.com\/labravaradiofm\/wp-json\/wp\/v2\/posts"}],"about":[{"href":"https:\/\/www.bbmnoticias.com\/labravaradiofm\/wp-json\/wp\/v2\/types\/post"}],"author":[{"embeddable":true,"href":"https:\/\/www.bbmnoticias.com\/labravaradiofm\/wp-json\/wp\/v2\/users\/2"}],"replies":[{"embeddable":true,"href":"https:\/\/www.bbmnoticias.com\/labravaradiofm\/wp-json\/wp\/v2\/comments?post=46375"}],"version-history":[{"count":0,"href":"https:\/\/www.bbmnoticias.com\/labravaradiofm\/wp-json\/wp\/v2\/posts\/46375\/revisions"}],"wp:featuredmedia":[{"embeddable":true,"href":"https:\/\/www.bbmnoticias.com\/labravaradiofm\/wp-json\/wp\/v2\/media\/46376"}],"wp:attachment":[{"href":"https:\/\/www.bbmnoticias.com\/labravaradiofm\/wp-json\/wp\/v2\/media?parent=46375"}],"wp:term":[{"taxonomy":"category","embeddable":true,"href":"https:\/\/www.bbmnoticias.com\/labravaradiofm\/wp-json\/wp\/v2\/categories?post=46375"},{"taxonomy":"post_tag","embeddable":true,"href":"https:\/\/www.bbmnoticias.com\/labravaradiofm\/wp-json\/wp\/v2\/tags?post=46375"}],"curies":[{"name":"wp","href":"https:\/\/api.w.org\/{rel}","templated":true}]}}