{"id":46372,"date":"2024-08-29T11:28:55","date_gmt":"2024-08-29T17:28:55","guid":{"rendered":"https:\/\/www.bbmnoticias.com\/labravaradiofm\/?p=46372"},"modified":"2024-08-29T11:28:57","modified_gmt":"2024-08-29T17:28:57","slug":"invita-seculta-a-taller-de-cultura-alimentaria-impartido-por-la-cocinera-tradicional-abigail-mendoza","status":"publish","type":"post","link":"https:\/\/www.bbmnoticias.com\/labravaradiofm\/2024\/08\/29\/invita-seculta-a-taller-de-cultura-alimentaria-impartido-por-la-cocinera-tradicional-abigail-mendoza\/","title":{"rendered":"Invita Seculta a Taller de Cultura alimentaria, impartido por la cocinera tradicional Abigail Mendoza"},"content":{"rendered":"<div style=\"margin-top: 0px; margin-bottom: 0px;\" class=\"sharethis-inline-share-buttons\" ><\/div>\n<p>Las inscripciones al taller estar\u00e1n abiertas hasta el 9 de septiembre<\/p>\n\n\n\n<p><strong>Oaxaca de Ju\u00e1rez, Oax.-<\/strong>\u00a0 Para impulsar la difusi\u00f3n y pr\u00e1ctica de los oficios tradicionales en riesgo, la Secretar\u00eda de las Culturas y Artes (Seculta) a trav\u00e9s del programa Caravanas Culturales del proyecto Culturas Vivas: Lenguas y Artes, invita a la ciudadan\u00eda a participar en el taller de cultura alimentaria \u201cLabaa xten galbayn\/ Ra\u00edz de la vida\u201d, impartido por cocinera tradicional Abigail Mendoza Ruiz.<\/p>\n\n\n\n<p>\u201cLa intenci\u00f3n de este taller, es compartir mis conocimientos con las y los j\u00f3venes, pues con el paso del tiempo, las nuevas generaciones han perdido el inter\u00e9s en la cultura comunitaria\u201d, comparti\u00f3 Mendoza Ruiz.<\/p>\n\n\n\n<p>La cocinera tradicional apunt\u00f3 que esta iniciativa est\u00e1 dirigida las juventudes de Teotitl\u00e1n del Valle, para ense\u00f1arles sobre la cocina, lengua y pr\u00e1cticas tradicionales de su comunidad que durante d\u00e9cadas han sostenido la econom\u00eda local.<\/p>\n\n\n\n<p>Mendoza Ruiz relat\u00f3 que los conocimientos ancestrales de la cocina tradicional, que provienen de ingredientes end\u00e9micos como plantas, flores, hierbas y vegetales, eran transmitidos en su comunidad, de las personas mayores a las nuevas generaciones, sin embargo, con el tiempo son pocas las personas que se interesan en las labores de la cocina.<\/p>\n\n\n\n<p>En este sentido, el titular de la dependencia, V\u00edctor Cata indic\u00f3 que mediante el programa Caravanas Culturales, se promueve la preservaci\u00f3n de pr\u00e1cticas tradicionales en riesgo.<\/p>\n\n\n\n<p>Indic\u00f3 tambi\u00e9n que en otras localidades se realizan talleres de telar de cintura, jarana, danza, entre otras, ello con la finalidad de refrendar el compromiso del gobierno de la Primavera Oaxaque\u00f1a con la formaci\u00f3n de una sociedad intercultural y pac\u00edfica.<\/p>\n\n\n\n<p>Para ser parte de esta actividad que comenzar\u00e1 el 14 de septiembre, todas las personas interesadas en la actividad tendr\u00e1n hasta el d\u00eda 9 del pr\u00f3ximo mes para registrarse v\u00eda telef\u00f3nica a los n\u00fameros 9511666267 y 9515244006.<\/p>\n","protected":false},"excerpt":{"rendered":"<p>Las inscripciones al taller estar\u00e1n abiertas hasta el 9 de septiembre Oaxaca de Ju\u00e1rez, Oax.-\u00a0 Para impulsar la difusi\u00f3n y pr\u00e1ctica de los oficios tradicionales en riesgo, la Secretar\u00eda de las Culturas y Artes (Seculta) a trav\u00e9s del programa Caravanas Culturales del proyecto Culturas Vivas: Lenguas y Artes, invita a la ciudadan\u00eda a participar en [&hellip;]<\/p>\n","protected":false},"author":2,"featured_media":46373,"comment_status":"closed","ping_status":"closed","sticky":false,"template":"","format":"standard","meta":{"footnotes":""},"categories":[2],"tags":[],"class_list":{"0":"post-46372","1":"post","2":"type-post","3":"status-publish","4":"format-standard","5":"has-post-thumbnail","7":"category-oaxaca"},"yoast_head":"<!-- This site is optimized with the Yoast SEO plugin v27.4 - https:\/\/yoast.com\/product\/yoast-seo-wordpress\/ -->\n<title>Invita Seculta a Taller de Cultura alimentaria, impartido por la cocinera tradicional Abigail Mendoza - LA BRAVA RADIO<\/title>\n<meta name=\"robots\" content=\"index, follow, max-snippet:-1, max-image-preview:large, max-video-preview:-1\" \/>\n<link rel=\"canonical\" href=\"https:\/\/www.bbmnoticias.com\/labravaradiofm\/2024\/08\/29\/invita-seculta-a-taller-de-cultura-alimentaria-impartido-por-la-cocinera-tradicional-abigail-mendoza\/\" \/>\n<meta property=\"og:locale\" content=\"es_MX\" \/>\n<meta property=\"og:type\" content=\"article\" \/>\n<meta property=\"og:title\" content=\"Invita Seculta a Taller de Cultura alimentaria, impartido por la cocinera tradicional Abigail Mendoza - LA BRAVA RADIO\" \/>\n<meta property=\"og:description\" content=\"Las inscripciones al taller estar\u00e1n abiertas hasta el 9 de septiembre Oaxaca de Ju\u00e1rez, Oax.-\u00a0 Para impulsar la difusi\u00f3n y pr\u00e1ctica de los oficios tradicionales en riesgo, la Secretar\u00eda de las Culturas y Artes (Seculta) a trav\u00e9s del programa Caravanas Culturales del proyecto Culturas Vivas: Lenguas y Artes, invita a la ciudadan\u00eda a participar en [&hellip;]\" \/>\n<meta property=\"og:url\" content=\"https:\/\/www.bbmnoticias.com\/labravaradiofm\/2024\/08\/29\/invita-seculta-a-taller-de-cultura-alimentaria-impartido-por-la-cocinera-tradicional-abigail-mendoza\/\" \/>\n<meta property=\"og:site_name\" content=\"LA BRAVA RADIO\" \/>\n<meta property=\"article:published_time\" content=\"2024-08-29T17:28:55+00:00\" \/>\n<meta property=\"article:modified_time\" content=\"2024-08-29T17:28:57+00:00\" \/>\n<meta property=\"og:image\" content=\"https:\/\/www.bbmnoticias.com\/labravaradiofm\/wp-content\/uploads\/sites\/5\/2024\/08\/TALLER-DE-CULTURA-ALIMENTARIA-2.jpeg\" \/>\n\t<meta property=\"og:image:width\" content=\"1560\" \/>\n\t<meta property=\"og:image:height\" content=\"1040\" \/>\n\t<meta property=\"og:image:type\" content=\"image\/jpeg\" \/>\n<meta name=\"author\" content=\"Staff\" \/>\n<meta name=\"twitter:card\" content=\"summary_large_image\" \/>\n<meta name=\"twitter:label1\" content=\"Escrito por\" \/>\n\t<meta name=\"twitter:data1\" content=\"Staff\" \/>\n\t<meta name=\"twitter:label2\" content=\"Tiempo de lectura\" \/>\n\t<meta name=\"twitter:data2\" content=\"2 minutos\" \/>\n<script type=\"application\/ld+json\" class=\"yoast-schema-graph\">{\"@context\":\"https:\\\/\\\/schema.org\",\"@graph\":[{\"@type\":\"Article\",\"@id\":\"https:\\\/\\\/www.bbmnoticias.com\\\/labravaradiofm\\\/2024\\\/08\\\/29\\\/invita-seculta-a-taller-de-cultura-alimentaria-impartido-por-la-cocinera-tradicional-abigail-mendoza\\\/#article\",\"isPartOf\":{\"@id\":\"https:\\\/\\\/www.bbmnoticias.com\\\/labravaradiofm\\\/2024\\\/08\\\/29\\\/invita-seculta-a-taller-de-cultura-alimentaria-impartido-por-la-cocinera-tradicional-abigail-mendoza\\\/\"},\"author\":{\"name\":\"Staff\",\"@id\":\"https:\\\/\\\/www.bbmnoticias.com\\\/labravaradiofm\\\/#\\\/schema\\\/person\\\/68a9e9036ef3c5b55aeb2b71dc8bab45\"},\"headline\":\"Invita Seculta a Taller de Cultura alimentaria, impartido por la cocinera tradicional Abigail Mendoza\",\"datePublished\":\"2024-08-29T17:28:55+00:00\",\"dateModified\":\"2024-08-29T17:28:57+00:00\",\"mainEntityOfPage\":{\"@id\":\"https:\\\/\\\/www.bbmnoticias.com\\\/labravaradiofm\\\/2024\\\/08\\\/29\\\/invita-seculta-a-taller-de-cultura-alimentaria-impartido-por-la-cocinera-tradicional-abigail-mendoza\\\/\"},\"wordCount\":339,\"image\":{\"@id\":\"https:\\\/\\\/www.bbmnoticias.com\\\/labravaradiofm\\\/2024\\\/08\\\/29\\\/invita-seculta-a-taller-de-cultura-alimentaria-impartido-por-la-cocinera-tradicional-abigail-mendoza\\\/#primaryimage\"},\"thumbnailUrl\":\"https:\\\/\\\/www.bbmnoticias.com\\\/labravaradiofm\\\/wp-content\\\/uploads\\\/sites\\\/5\\\/2024\\\/08\\\/TALLER-DE-CULTURA-ALIMENTARIA-2.jpeg\",\"articleSection\":[\"LOCAL\"],\"inLanguage\":\"es\"},{\"@type\":\"WebPage\",\"@id\":\"https:\\\/\\\/www.bbmnoticias.com\\\/labravaradiofm\\\/2024\\\/08\\\/29\\\/invita-seculta-a-taller-de-cultura-alimentaria-impartido-por-la-cocinera-tradicional-abigail-mendoza\\\/\",\"url\":\"https:\\\/\\\/www.bbmnoticias.com\\\/labravaradiofm\\\/2024\\\/08\\\/29\\\/invita-seculta-a-taller-de-cultura-alimentaria-impartido-por-la-cocinera-tradicional-abigail-mendoza\\\/\",\"name\":\"Invita Seculta a Taller de Cultura alimentaria, impartido por la cocinera tradicional Abigail Mendoza - LA BRAVA RADIO\",\"isPartOf\":{\"@id\":\"https:\\\/\\\/www.bbmnoticias.com\\\/labravaradiofm\\\/#website\"},\"primaryImageOfPage\":{\"@id\":\"https:\\\/\\\/www.bbmnoticias.com\\\/labravaradiofm\\\/2024\\\/08\\\/29\\\/invita-seculta-a-taller-de-cultura-alimentaria-impartido-por-la-cocinera-tradicional-abigail-mendoza\\\/#primaryimage\"},\"image\":{\"@id\":\"https:\\\/\\\/www.bbmnoticias.com\\\/labravaradiofm\\\/2024\\\/08\\\/29\\\/invita-seculta-a-taller-de-cultura-alimentaria-impartido-por-la-cocinera-tradicional-abigail-mendoza\\\/#primaryimage\"},\"thumbnailUrl\":\"https:\\\/\\\/www.bbmnoticias.com\\\/labravaradiofm\\\/wp-content\\\/uploads\\\/sites\\\/5\\\/2024\\\/08\\\/TALLER-DE-CULTURA-ALIMENTARIA-2.jpeg\",\"datePublished\":\"2024-08-29T17:28:55+00:00\",\"dateModified\":\"2024-08-29T17:28:57+00:00\",\"author\":{\"@id\":\"https:\\\/\\\/www.bbmnoticias.com\\\/labravaradiofm\\\/#\\\/schema\\\/person\\\/68a9e9036ef3c5b55aeb2b71dc8bab45\"},\"breadcrumb\":{\"@id\":\"https:\\\/\\\/www.bbmnoticias.com\\\/labravaradiofm\\\/2024\\\/08\\\/29\\\/invita-seculta-a-taller-de-cultura-alimentaria-impartido-por-la-cocinera-tradicional-abigail-mendoza\\\/#breadcrumb\"},\"inLanguage\":\"es\",\"potentialAction\":[{\"@type\":\"ReadAction\",\"target\":[\"https:\\\/\\\/www.bbmnoticias.com\\\/labravaradiofm\\\/2024\\\/08\\\/29\\\/invita-seculta-a-taller-de-cultura-alimentaria-impartido-por-la-cocinera-tradicional-abigail-mendoza\\\/\"]}]},{\"@type\":\"ImageObject\",\"inLanguage\":\"es\",\"@id\":\"https:\\\/\\\/www.bbmnoticias.com\\\/labravaradiofm\\\/2024\\\/08\\\/29\\\/invita-seculta-a-taller-de-cultura-alimentaria-impartido-por-la-cocinera-tradicional-abigail-mendoza\\\/#primaryimage\",\"url\":\"https:\\\/\\\/www.bbmnoticias.com\\\/labravaradiofm\\\/wp-content\\\/uploads\\\/sites\\\/5\\\/2024\\\/08\\\/TALLER-DE-CULTURA-ALIMENTARIA-2.jpeg\",\"contentUrl\":\"https:\\\/\\\/www.bbmnoticias.com\\\/labravaradiofm\\\/wp-content\\\/uploads\\\/sites\\\/5\\\/2024\\\/08\\\/TALLER-DE-CULTURA-ALIMENTARIA-2.jpeg\",\"width\":1560,\"height\":1040},{\"@type\":\"BreadcrumbList\",\"@id\":\"https:\\\/\\\/www.bbmnoticias.com\\\/labravaradiofm\\\/2024\\\/08\\\/29\\\/invita-seculta-a-taller-de-cultura-alimentaria-impartido-por-la-cocinera-tradicional-abigail-mendoza\\\/#breadcrumb\",\"itemListElement\":[{\"@type\":\"ListItem\",\"position\":1,\"name\":\"Inicio\",\"item\":\"https:\\\/\\\/www.bbmnoticias.com\\\/labravaradiofm\\\/\"},{\"@type\":\"ListItem\",\"position\":2,\"name\":\"Invita Seculta a Taller de Cultura alimentaria, impartido por la cocinera tradicional Abigail Mendoza\"}]},{\"@type\":\"WebSite\",\"@id\":\"https:\\\/\\\/www.bbmnoticias.com\\\/labravaradiofm\\\/#website\",\"url\":\"https:\\\/\\\/www.bbmnoticias.com\\\/labravaradiofm\\\/\",\"name\":\"LA BRAVA RADIO\",\"description\":\"Empresa productora de medios, Radiodifusi\u00f3n, Noticias, tendencias y todo lo que necesitas saber de la pol\u00edtica mexicana e internacional; entretenimiento, espect\u00e1culos, salud y mucho m\u00e1s.\",\"potentialAction\":[{\"@type\":\"SearchAction\",\"target\":{\"@type\":\"EntryPoint\",\"urlTemplate\":\"https:\\\/\\\/www.bbmnoticias.com\\\/labravaradiofm\\\/?s={search_term_string}\"},\"query-input\":{\"@type\":\"PropertyValueSpecification\",\"valueRequired\":true,\"valueName\":\"search_term_string\"}}],\"inLanguage\":\"es\"},{\"@type\":\"Person\",\"@id\":\"https:\\\/\\\/www.bbmnoticias.com\\\/labravaradiofm\\\/#\\\/schema\\\/person\\\/68a9e9036ef3c5b55aeb2b71dc8bab45\",\"name\":\"Staff\",\"image\":{\"@type\":\"ImageObject\",\"inLanguage\":\"es\",\"@id\":\"https:\\\/\\\/secure.gravatar.com\\\/avatar\\\/fdd21ad66fd8b98c407f9dee5b5e588cfe7f0d8579ec20fa6527cd59bab7f0f0?s=96&d=mm&r=g\",\"url\":\"https:\\\/\\\/secure.gravatar.com\\\/avatar\\\/fdd21ad66fd8b98c407f9dee5b5e588cfe7f0d8579ec20fa6527cd59bab7f0f0?s=96&d=mm&r=g\",\"contentUrl\":\"https:\\\/\\\/secure.gravatar.com\\\/avatar\\\/fdd21ad66fd8b98c407f9dee5b5e588cfe7f0d8579ec20fa6527cd59bab7f0f0?s=96&d=mm&r=g\",\"caption\":\"Staff\"},\"url\":\"https:\\\/\\\/www.bbmnoticias.com\\\/labravaradiofm\\\/author\\\/redaccion\\\/\"}]}<\/script>\n<!-- \/ Yoast SEO plugin. -->","yoast_head_json":{"title":"Invita Seculta a Taller de Cultura alimentaria, impartido por la cocinera tradicional Abigail Mendoza - LA BRAVA RADIO","robots":{"index":"index","follow":"follow","max-snippet":"max-snippet:-1","max-image-preview":"max-image-preview:large","max-video-preview":"max-video-preview:-1"},"canonical":"https:\/\/www.bbmnoticias.com\/labravaradiofm\/2024\/08\/29\/invita-seculta-a-taller-de-cultura-alimentaria-impartido-por-la-cocinera-tradicional-abigail-mendoza\/","og_locale":"es_MX","og_type":"article","og_title":"Invita Seculta a Taller de Cultura alimentaria, impartido por la cocinera tradicional Abigail Mendoza - LA BRAVA RADIO","og_description":"Las inscripciones al taller estar\u00e1n abiertas hasta el 9 de septiembre Oaxaca de Ju\u00e1rez, Oax.-\u00a0 Para impulsar la difusi\u00f3n y pr\u00e1ctica de los oficios tradicionales en riesgo, la Secretar\u00eda de las Culturas y Artes (Seculta) a trav\u00e9s del programa Caravanas Culturales del proyecto Culturas Vivas: Lenguas y Artes, invita a la ciudadan\u00eda a participar en [&hellip;]","og_url":"https:\/\/www.bbmnoticias.com\/labravaradiofm\/2024\/08\/29\/invita-seculta-a-taller-de-cultura-alimentaria-impartido-por-la-cocinera-tradicional-abigail-mendoza\/","og_site_name":"LA BRAVA RADIO","article_published_time":"2024-08-29T17:28:55+00:00","article_modified_time":"2024-08-29T17:28:57+00:00","og_image":[{"width":1560,"height":1040,"url":"https:\/\/www.bbmnoticias.com\/labravaradiofm\/wp-content\/uploads\/sites\/5\/2024\/08\/TALLER-DE-CULTURA-ALIMENTARIA-2.jpeg","type":"image\/jpeg"}],"author":"Staff","twitter_card":"summary_large_image","twitter_misc":{"Escrito por":"Staff","Tiempo de lectura":"2 minutos"},"schema":{"@context":"https:\/\/schema.org","@graph":[{"@type":"Article","@id":"https:\/\/www.bbmnoticias.com\/labravaradiofm\/2024\/08\/29\/invita-seculta-a-taller-de-cultura-alimentaria-impartido-por-la-cocinera-tradicional-abigail-mendoza\/#article","isPartOf":{"@id":"https:\/\/www.bbmnoticias.com\/labravaradiofm\/2024\/08\/29\/invita-seculta-a-taller-de-cultura-alimentaria-impartido-por-la-cocinera-tradicional-abigail-mendoza\/"},"author":{"name":"Staff","@id":"https:\/\/www.bbmnoticias.com\/labravaradiofm\/#\/schema\/person\/68a9e9036ef3c5b55aeb2b71dc8bab45"},"headline":"Invita Seculta a Taller de Cultura alimentaria, impartido por la cocinera tradicional Abigail Mendoza","datePublished":"2024-08-29T17:28:55+00:00","dateModified":"2024-08-29T17:28:57+00:00","mainEntityOfPage":{"@id":"https:\/\/www.bbmnoticias.com\/labravaradiofm\/2024\/08\/29\/invita-seculta-a-taller-de-cultura-alimentaria-impartido-por-la-cocinera-tradicional-abigail-mendoza\/"},"wordCount":339,"image":{"@id":"https:\/\/www.bbmnoticias.com\/labravaradiofm\/2024\/08\/29\/invita-seculta-a-taller-de-cultura-alimentaria-impartido-por-la-cocinera-tradicional-abigail-mendoza\/#primaryimage"},"thumbnailUrl":"https:\/\/www.bbmnoticias.com\/labravaradiofm\/wp-content\/uploads\/sites\/5\/2024\/08\/TALLER-DE-CULTURA-ALIMENTARIA-2.jpeg","articleSection":["LOCAL"],"inLanguage":"es"},{"@type":"WebPage","@id":"https:\/\/www.bbmnoticias.com\/labravaradiofm\/2024\/08\/29\/invita-seculta-a-taller-de-cultura-alimentaria-impartido-por-la-cocinera-tradicional-abigail-mendoza\/","url":"https:\/\/www.bbmnoticias.com\/labravaradiofm\/2024\/08\/29\/invita-seculta-a-taller-de-cultura-alimentaria-impartido-por-la-cocinera-tradicional-abigail-mendoza\/","name":"Invita Seculta a Taller de Cultura alimentaria, impartido por la cocinera tradicional Abigail Mendoza - LA BRAVA RADIO","isPartOf":{"@id":"https:\/\/www.bbmnoticias.com\/labravaradiofm\/#website"},"primaryImageOfPage":{"@id":"https:\/\/www.bbmnoticias.com\/labravaradiofm\/2024\/08\/29\/invita-seculta-a-taller-de-cultura-alimentaria-impartido-por-la-cocinera-tradicional-abigail-mendoza\/#primaryimage"},"image":{"@id":"https:\/\/www.bbmnoticias.com\/labravaradiofm\/2024\/08\/29\/invita-seculta-a-taller-de-cultura-alimentaria-impartido-por-la-cocinera-tradicional-abigail-mendoza\/#primaryimage"},"thumbnailUrl":"https:\/\/www.bbmnoticias.com\/labravaradiofm\/wp-content\/uploads\/sites\/5\/2024\/08\/TALLER-DE-CULTURA-ALIMENTARIA-2.jpeg","datePublished":"2024-08-29T17:28:55+00:00","dateModified":"2024-08-29T17:28:57+00:00","author":{"@id":"https:\/\/www.bbmnoticias.com\/labravaradiofm\/#\/schema\/person\/68a9e9036ef3c5b55aeb2b71dc8bab45"},"breadcrumb":{"@id":"https:\/\/www.bbmnoticias.com\/labravaradiofm\/2024\/08\/29\/invita-seculta-a-taller-de-cultura-alimentaria-impartido-por-la-cocinera-tradicional-abigail-mendoza\/#breadcrumb"},"inLanguage":"es","potentialAction":[{"@type":"ReadAction","target":["https:\/\/www.bbmnoticias.com\/labravaradiofm\/2024\/08\/29\/invita-seculta-a-taller-de-cultura-alimentaria-impartido-por-la-cocinera-tradicional-abigail-mendoza\/"]}]},{"@type":"ImageObject","inLanguage":"es","@id":"https:\/\/www.bbmnoticias.com\/labravaradiofm\/2024\/08\/29\/invita-seculta-a-taller-de-cultura-alimentaria-impartido-por-la-cocinera-tradicional-abigail-mendoza\/#primaryimage","url":"https:\/\/www.bbmnoticias.com\/labravaradiofm\/wp-content\/uploads\/sites\/5\/2024\/08\/TALLER-DE-CULTURA-ALIMENTARIA-2.jpeg","contentUrl":"https:\/\/www.bbmnoticias.com\/labravaradiofm\/wp-content\/uploads\/sites\/5\/2024\/08\/TALLER-DE-CULTURA-ALIMENTARIA-2.jpeg","width":1560,"height":1040},{"@type":"BreadcrumbList","@id":"https:\/\/www.bbmnoticias.com\/labravaradiofm\/2024\/08\/29\/invita-seculta-a-taller-de-cultura-alimentaria-impartido-por-la-cocinera-tradicional-abigail-mendoza\/#breadcrumb","itemListElement":[{"@type":"ListItem","position":1,"name":"Inicio","item":"https:\/\/www.bbmnoticias.com\/labravaradiofm\/"},{"@type":"ListItem","position":2,"name":"Invita Seculta a Taller de Cultura alimentaria, impartido por la cocinera tradicional Abigail Mendoza"}]},{"@type":"WebSite","@id":"https:\/\/www.bbmnoticias.com\/labravaradiofm\/#website","url":"https:\/\/www.bbmnoticias.com\/labravaradiofm\/","name":"LA BRAVA RADIO","description":"Empresa productora de medios, Radiodifusi\u00f3n, Noticias, tendencias y todo lo que necesitas saber de la pol\u00edtica mexicana e internacional; entretenimiento, espect\u00e1culos, salud y mucho m\u00e1s.","potentialAction":[{"@type":"SearchAction","target":{"@type":"EntryPoint","urlTemplate":"https:\/\/www.bbmnoticias.com\/labravaradiofm\/?s={search_term_string}"},"query-input":{"@type":"PropertyValueSpecification","valueRequired":true,"valueName":"search_term_string"}}],"inLanguage":"es"},{"@type":"Person","@id":"https:\/\/www.bbmnoticias.com\/labravaradiofm\/#\/schema\/person\/68a9e9036ef3c5b55aeb2b71dc8bab45","name":"Staff","image":{"@type":"ImageObject","inLanguage":"es","@id":"https:\/\/secure.gravatar.com\/avatar\/fdd21ad66fd8b98c407f9dee5b5e588cfe7f0d8579ec20fa6527cd59bab7f0f0?s=96&d=mm&r=g","url":"https:\/\/secure.gravatar.com\/avatar\/fdd21ad66fd8b98c407f9dee5b5e588cfe7f0d8579ec20fa6527cd59bab7f0f0?s=96&d=mm&r=g","contentUrl":"https:\/\/secure.gravatar.com\/avatar\/fdd21ad66fd8b98c407f9dee5b5e588cfe7f0d8579ec20fa6527cd59bab7f0f0?s=96&d=mm&r=g","caption":"Staff"},"url":"https:\/\/www.bbmnoticias.com\/labravaradiofm\/author\/redaccion\/"}]}},"_links":{"self":[{"href":"https:\/\/www.bbmnoticias.com\/labravaradiofm\/wp-json\/wp\/v2\/posts\/46372","targetHints":{"allow":["GET"]}}],"collection":[{"href":"https:\/\/www.bbmnoticias.com\/labravaradiofm\/wp-json\/wp\/v2\/posts"}],"about":[{"href":"https:\/\/www.bbmnoticias.com\/labravaradiofm\/wp-json\/wp\/v2\/types\/post"}],"author":[{"embeddable":true,"href":"https:\/\/www.bbmnoticias.com\/labravaradiofm\/wp-json\/wp\/v2\/users\/2"}],"replies":[{"embeddable":true,"href":"https:\/\/www.bbmnoticias.com\/labravaradiofm\/wp-json\/wp\/v2\/comments?post=46372"}],"version-history":[{"count":0,"href":"https:\/\/www.bbmnoticias.com\/labravaradiofm\/wp-json\/wp\/v2\/posts\/46372\/revisions"}],"wp:featuredmedia":[{"embeddable":true,"href":"https:\/\/www.bbmnoticias.com\/labravaradiofm\/wp-json\/wp\/v2\/media\/46373"}],"wp:attachment":[{"href":"https:\/\/www.bbmnoticias.com\/labravaradiofm\/wp-json\/wp\/v2\/media?parent=46372"}],"wp:term":[{"taxonomy":"category","embeddable":true,"href":"https:\/\/www.bbmnoticias.com\/labravaradiofm\/wp-json\/wp\/v2\/categories?post=46372"},{"taxonomy":"post_tag","embeddable":true,"href":"https:\/\/www.bbmnoticias.com\/labravaradiofm\/wp-json\/wp\/v2\/tags?post=46372"}],"curies":[{"name":"wp","href":"https:\/\/api.w.org\/{rel}","templated":true}]}}