{"id":46324,"date":"2024-08-28T18:08:57","date_gmt":"2024-08-29T00:08:57","guid":{"rendered":"https:\/\/www.bbmnoticias.com\/labravaradiofm\/?p=46324"},"modified":"2024-08-28T18:08:59","modified_gmt":"2024-08-29T00:08:59","slug":"actualizan-a-700-profesionales-en-innovacion-y-novedades-en-el-sector-dental","status":"publish","type":"post","link":"https:\/\/www.bbmnoticias.com\/labravaradiofm\/2024\/08\/28\/actualizan-a-700-profesionales-en-innovacion-y-novedades-en-el-sector-dental\/","title":{"rendered":"Actualizan a 700 profesionales en innovaci\u00f3n y novedades en el sector dental"},"content":{"rendered":"<div style=\"margin-top: 0px; margin-bottom: 0px;\" class=\"sharethis-inline-share-buttons\" ><\/div>\n<p><em>La jornada acad\u00e9mica, con una duraci\u00f3n de tres d\u00edas, tiene el objetivo de desarrollar conocimientos de vanguardia, habilidades y destrezas que permitan garantizar un tratamiento odontol\u00f3gico de calidad<\/em><\/p>\n\n\n\n<p><strong>Oaxaca de Ju\u00e1rez, Oax.-<\/strong> Con el fin de desarrollar conocimientos de vanguardia, habilidades y destrezas en el manejo de insumos y t\u00e9cnicas avanzadas que permitan garantizar un tratamiento dental de calidad, est\u00e9tico e innovador, Servicios de Salud de Oaxaca (SSO) inaugur\u00f3 el curso te\u00f3rico-pr\u00e1ctico \u201cLa evoluci\u00f3n de los materiales restaurativos y preventivos en odontolog\u00eda\u201d.<\/p>\n\n\n\n<p>Durante el evento, se destac\u00f3 que la jornada acad\u00e9mica est\u00e1 dirigida a 700 profesionales en la materia, con una duraci\u00f3n de tres d\u00edas para con ello, incrementar y perfeccionar la atenci\u00f3n estomatol\u00f3gica, con la meta de mejorar los indicadores de salud bucodental y satisfacci\u00f3n de la poblaci\u00f3n, en correspondencia con los retos en la actualidad.<\/p>\n\n\n\n<p>De acuerdo con los datos oficiales, m\u00e1s del 90 por ciento de las personas padecen alguna afectaci\u00f3n bucal, de ah\u00ed que la dependencia promueve la actualizaci\u00f3n continua para asegurar la sistematicidad, uniformidad e integralidad en la ejecuci\u00f3n de acciones de bienestar bucal.<\/p>\n\n\n\n<p>Las y los odont\u00f3logos son una pieza muy importante para prevenir y preservar el estado de salud general de la poblaci\u00f3n, y las ponencias que se presentar\u00e1n durante la capacitaci\u00f3n representan una oportunidad invaluable para compartir conocimientos, intercambiar experiencias y explorar las \u00faltimas tendencias y avances en odontolog\u00eda.<\/p>\n\n\n\n<p>En el programa acad\u00e9mico se analizar\u00e1n temas como: Odontolog\u00eda de m\u00ednima intervenci\u00f3n, Resina compuesta y fibras de vidrio &#8220;Gu\u00edas para restauraci\u00f3n de dientes posteriores&#8221;, Protocolos preventivos en odontolog\u00eda &#8220;Beneficios de barniz fluorado para la protecci\u00f3n contra caries\u201d.<\/p>\n\n\n\n<p>As\u00ed como, La evoluci\u00f3n de los ion\u00f3meros de vidrio de alta densidad a vidrios h\u00edbridos, Restauraciones simplificadas en el sector anterior y posterior con familia de composites GC, por mencionar algunos.<\/p>\n","protected":false},"excerpt":{"rendered":"<p>La jornada acad\u00e9mica, con una duraci\u00f3n de tres d\u00edas, tiene el objetivo de desarrollar conocimientos de vanguardia, habilidades y destrezas que permitan garantizar un tratamiento odontol\u00f3gico de calidad Oaxaca de Ju\u00e1rez, Oax.- Con el fin de desarrollar conocimientos de vanguardia, habilidades y destrezas en el manejo de insumos y t\u00e9cnicas avanzadas que permitan garantizar un [&hellip;]<\/p>\n","protected":false},"author":2,"featured_media":46325,"comment_status":"closed","ping_status":"closed","sticky":false,"template":"","format":"standard","meta":{"footnotes":""},"categories":[2],"tags":[],"class_list":{"0":"post-46324","1":"post","2":"type-post","3":"status-publish","4":"format-standard","5":"has-post-thumbnail","7":"category-oaxaca"},"yoast_head":"<!-- This site is optimized with the Yoast SEO plugin v27.4 - https:\/\/yoast.com\/product\/yoast-seo-wordpress\/ -->\n<title>Actualizan a 700 profesionales en innovaci\u00f3n y novedades en el sector dental - LA BRAVA RADIO<\/title>\n<meta name=\"robots\" content=\"index, follow, max-snippet:-1, max-image-preview:large, max-video-preview:-1\" \/>\n<link rel=\"canonical\" href=\"https:\/\/www.bbmnoticias.com\/labravaradiofm\/2024\/08\/28\/actualizan-a-700-profesionales-en-innovacion-y-novedades-en-el-sector-dental\/\" \/>\n<meta property=\"og:locale\" content=\"es_MX\" \/>\n<meta property=\"og:type\" content=\"article\" \/>\n<meta property=\"og:title\" content=\"Actualizan a 700 profesionales en innovaci\u00f3n y novedades en el sector dental - LA BRAVA RADIO\" \/>\n<meta property=\"og:description\" content=\"La jornada acad\u00e9mica, con una duraci\u00f3n de tres d\u00edas, tiene el objetivo de desarrollar conocimientos de vanguardia, habilidades y destrezas que permitan garantizar un tratamiento odontol\u00f3gico de calidad Oaxaca de Ju\u00e1rez, Oax.- Con el fin de desarrollar conocimientos de vanguardia, habilidades y destrezas en el manejo de insumos y t\u00e9cnicas avanzadas que permitan garantizar un [&hellip;]\" \/>\n<meta property=\"og:url\" content=\"https:\/\/www.bbmnoticias.com\/labravaradiofm\/2024\/08\/28\/actualizan-a-700-profesionales-en-innovacion-y-novedades-en-el-sector-dental\/\" \/>\n<meta property=\"og:site_name\" content=\"LA BRAVA RADIO\" \/>\n<meta property=\"article:published_time\" content=\"2024-08-29T00:08:57+00:00\" \/>\n<meta property=\"article:modified_time\" content=\"2024-08-29T00:08:59+00:00\" \/>\n<meta property=\"og:image\" content=\"https:\/\/www.bbmnoticias.com\/labravaradiofm\/wp-content\/uploads\/sites\/5\/2024\/08\/thumbnail_1-28-de-agosto-de-2024.-Actualizan-a-700-profesionales-en-innovacion-y-novedades-en-el-sector-dental_06.jpg\" \/>\n\t<meta property=\"og:image:width\" content=\"800\" \/>\n\t<meta property=\"og:image:height\" content=\"450\" \/>\n\t<meta property=\"og:image:type\" content=\"image\/jpeg\" \/>\n<meta name=\"author\" content=\"Staff\" \/>\n<meta name=\"twitter:card\" content=\"summary_large_image\" \/>\n<meta name=\"twitter:label1\" content=\"Escrito por\" \/>\n\t<meta name=\"twitter:data1\" content=\"Staff\" \/>\n\t<meta name=\"twitter:label2\" content=\"Tiempo de lectura\" \/>\n\t<meta name=\"twitter:data2\" content=\"2 minutos\" \/>\n<script type=\"application\/ld+json\" class=\"yoast-schema-graph\">{\"@context\":\"https:\\\/\\\/schema.org\",\"@graph\":[{\"@type\":\"Article\",\"@id\":\"https:\\\/\\\/www.bbmnoticias.com\\\/labravaradiofm\\\/2024\\\/08\\\/28\\\/actualizan-a-700-profesionales-en-innovacion-y-novedades-en-el-sector-dental\\\/#article\",\"isPartOf\":{\"@id\":\"https:\\\/\\\/www.bbmnoticias.com\\\/labravaradiofm\\\/2024\\\/08\\\/28\\\/actualizan-a-700-profesionales-en-innovacion-y-novedades-en-el-sector-dental\\\/\"},\"author\":{\"name\":\"Staff\",\"@id\":\"https:\\\/\\\/www.bbmnoticias.com\\\/labravaradiofm\\\/#\\\/schema\\\/person\\\/34b139c617a70ea5bef5678bffe4dd7b\"},\"headline\":\"Actualizan a 700 profesionales en innovaci\u00f3n y novedades en el sector dental\",\"datePublished\":\"2024-08-29T00:08:57+00:00\",\"dateModified\":\"2024-08-29T00:08:59+00:00\",\"mainEntityOfPage\":{\"@id\":\"https:\\\/\\\/www.bbmnoticias.com\\\/labravaradiofm\\\/2024\\\/08\\\/28\\\/actualizan-a-700-profesionales-en-innovacion-y-novedades-en-el-sector-dental\\\/\"},\"wordCount\":345,\"image\":{\"@id\":\"https:\\\/\\\/www.bbmnoticias.com\\\/labravaradiofm\\\/2024\\\/08\\\/28\\\/actualizan-a-700-profesionales-en-innovacion-y-novedades-en-el-sector-dental\\\/#primaryimage\"},\"thumbnailUrl\":\"https:\\\/\\\/www.bbmnoticias.com\\\/labravaradiofm\\\/wp-content\\\/uploads\\\/sites\\\/5\\\/2024\\\/08\\\/thumbnail_1-28-de-agosto-de-2024.-Actualizan-a-700-profesionales-en-innovacion-y-novedades-en-el-sector-dental_06.jpg\",\"articleSection\":[\"LOCAL\"],\"inLanguage\":\"es\"},{\"@type\":\"WebPage\",\"@id\":\"https:\\\/\\\/www.bbmnoticias.com\\\/labravaradiofm\\\/2024\\\/08\\\/28\\\/actualizan-a-700-profesionales-en-innovacion-y-novedades-en-el-sector-dental\\\/\",\"url\":\"https:\\\/\\\/www.bbmnoticias.com\\\/labravaradiofm\\\/2024\\\/08\\\/28\\\/actualizan-a-700-profesionales-en-innovacion-y-novedades-en-el-sector-dental\\\/\",\"name\":\"Actualizan a 700 profesionales en innovaci\u00f3n y novedades en el sector dental - LA BRAVA RADIO\",\"isPartOf\":{\"@id\":\"https:\\\/\\\/www.bbmnoticias.com\\\/labravaradiofm\\\/#website\"},\"primaryImageOfPage\":{\"@id\":\"https:\\\/\\\/www.bbmnoticias.com\\\/labravaradiofm\\\/2024\\\/08\\\/28\\\/actualizan-a-700-profesionales-en-innovacion-y-novedades-en-el-sector-dental\\\/#primaryimage\"},\"image\":{\"@id\":\"https:\\\/\\\/www.bbmnoticias.com\\\/labravaradiofm\\\/2024\\\/08\\\/28\\\/actualizan-a-700-profesionales-en-innovacion-y-novedades-en-el-sector-dental\\\/#primaryimage\"},\"thumbnailUrl\":\"https:\\\/\\\/www.bbmnoticias.com\\\/labravaradiofm\\\/wp-content\\\/uploads\\\/sites\\\/5\\\/2024\\\/08\\\/thumbnail_1-28-de-agosto-de-2024.-Actualizan-a-700-profesionales-en-innovacion-y-novedades-en-el-sector-dental_06.jpg\",\"datePublished\":\"2024-08-29T00:08:57+00:00\",\"dateModified\":\"2024-08-29T00:08:59+00:00\",\"author\":{\"@id\":\"https:\\\/\\\/www.bbmnoticias.com\\\/labravaradiofm\\\/#\\\/schema\\\/person\\\/34b139c617a70ea5bef5678bffe4dd7b\"},\"breadcrumb\":{\"@id\":\"https:\\\/\\\/www.bbmnoticias.com\\\/labravaradiofm\\\/2024\\\/08\\\/28\\\/actualizan-a-700-profesionales-en-innovacion-y-novedades-en-el-sector-dental\\\/#breadcrumb\"},\"inLanguage\":\"es\",\"potentialAction\":[{\"@type\":\"ReadAction\",\"target\":[\"https:\\\/\\\/www.bbmnoticias.com\\\/labravaradiofm\\\/2024\\\/08\\\/28\\\/actualizan-a-700-profesionales-en-innovacion-y-novedades-en-el-sector-dental\\\/\"]}]},{\"@type\":\"ImageObject\",\"inLanguage\":\"es\",\"@id\":\"https:\\\/\\\/www.bbmnoticias.com\\\/labravaradiofm\\\/2024\\\/08\\\/28\\\/actualizan-a-700-profesionales-en-innovacion-y-novedades-en-el-sector-dental\\\/#primaryimage\",\"url\":\"https:\\\/\\\/www.bbmnoticias.com\\\/labravaradiofm\\\/wp-content\\\/uploads\\\/sites\\\/5\\\/2024\\\/08\\\/thumbnail_1-28-de-agosto-de-2024.-Actualizan-a-700-profesionales-en-innovacion-y-novedades-en-el-sector-dental_06.jpg\",\"contentUrl\":\"https:\\\/\\\/www.bbmnoticias.com\\\/labravaradiofm\\\/wp-content\\\/uploads\\\/sites\\\/5\\\/2024\\\/08\\\/thumbnail_1-28-de-agosto-de-2024.-Actualizan-a-700-profesionales-en-innovacion-y-novedades-en-el-sector-dental_06.jpg\",\"width\":800,\"height\":450},{\"@type\":\"BreadcrumbList\",\"@id\":\"https:\\\/\\\/www.bbmnoticias.com\\\/labravaradiofm\\\/2024\\\/08\\\/28\\\/actualizan-a-700-profesionales-en-innovacion-y-novedades-en-el-sector-dental\\\/#breadcrumb\",\"itemListElement\":[{\"@type\":\"ListItem\",\"position\":1,\"name\":\"Inicio\",\"item\":\"https:\\\/\\\/www.bbmnoticias.com\\\/labravaradiofm\\\/\"},{\"@type\":\"ListItem\",\"position\":2,\"name\":\"Actualizan a 700 profesionales en innovaci\u00f3n y novedades en el sector dental\"}]},{\"@type\":\"WebSite\",\"@id\":\"https:\\\/\\\/www.bbmnoticias.com\\\/labravaradiofm\\\/#website\",\"url\":\"https:\\\/\\\/www.bbmnoticias.com\\\/labravaradiofm\\\/\",\"name\":\"LA BRAVA RADIO\",\"description\":\"Empresa productora de medios, Radiodifusi\u00f3n, Noticias, tendencias y todo lo que necesitas saber de la pol\u00edtica mexicana e internacional; entretenimiento, espect\u00e1culos, salud y mucho m\u00e1s.\",\"potentialAction\":[{\"@type\":\"SearchAction\",\"target\":{\"@type\":\"EntryPoint\",\"urlTemplate\":\"https:\\\/\\\/www.bbmnoticias.com\\\/labravaradiofm\\\/?s={search_term_string}\"},\"query-input\":{\"@type\":\"PropertyValueSpecification\",\"valueRequired\":true,\"valueName\":\"search_term_string\"}}],\"inLanguage\":\"es\"},{\"@type\":\"Person\",\"@id\":\"https:\\\/\\\/www.bbmnoticias.com\\\/labravaradiofm\\\/#\\\/schema\\\/person\\\/34b139c617a70ea5bef5678bffe4dd7b\",\"name\":\"Staff\",\"image\":{\"@type\":\"ImageObject\",\"inLanguage\":\"es\",\"@id\":\"https:\\\/\\\/secure.gravatar.com\\\/avatar\\\/fdd21ad66fd8b98c407f9dee5b5e588cfe7f0d8579ec20fa6527cd59bab7f0f0?s=96&d=mm&r=g\",\"url\":\"https:\\\/\\\/secure.gravatar.com\\\/avatar\\\/fdd21ad66fd8b98c407f9dee5b5e588cfe7f0d8579ec20fa6527cd59bab7f0f0?s=96&d=mm&r=g\",\"contentUrl\":\"https:\\\/\\\/secure.gravatar.com\\\/avatar\\\/fdd21ad66fd8b98c407f9dee5b5e588cfe7f0d8579ec20fa6527cd59bab7f0f0?s=96&d=mm&r=g\",\"caption\":\"Staff\"},\"url\":\"https:\\\/\\\/www.bbmnoticias.com\\\/labravaradiofm\\\/author\\\/redaccion\\\/\"}]}<\/script>\n<!-- \/ Yoast SEO plugin. -->","yoast_head_json":{"title":"Actualizan a 700 profesionales en innovaci\u00f3n y novedades en el sector dental - LA BRAVA RADIO","robots":{"index":"index","follow":"follow","max-snippet":"max-snippet:-1","max-image-preview":"max-image-preview:large","max-video-preview":"max-video-preview:-1"},"canonical":"https:\/\/www.bbmnoticias.com\/labravaradiofm\/2024\/08\/28\/actualizan-a-700-profesionales-en-innovacion-y-novedades-en-el-sector-dental\/","og_locale":"es_MX","og_type":"article","og_title":"Actualizan a 700 profesionales en innovaci\u00f3n y novedades en el sector dental - LA BRAVA RADIO","og_description":"La jornada acad\u00e9mica, con una duraci\u00f3n de tres d\u00edas, tiene el objetivo de desarrollar conocimientos de vanguardia, habilidades y destrezas que permitan garantizar un tratamiento odontol\u00f3gico de calidad Oaxaca de Ju\u00e1rez, Oax.- Con el fin de desarrollar conocimientos de vanguardia, habilidades y destrezas en el manejo de insumos y t\u00e9cnicas avanzadas que permitan garantizar un [&hellip;]","og_url":"https:\/\/www.bbmnoticias.com\/labravaradiofm\/2024\/08\/28\/actualizan-a-700-profesionales-en-innovacion-y-novedades-en-el-sector-dental\/","og_site_name":"LA BRAVA RADIO","article_published_time":"2024-08-29T00:08:57+00:00","article_modified_time":"2024-08-29T00:08:59+00:00","og_image":[{"width":800,"height":450,"url":"https:\/\/www.bbmnoticias.com\/labravaradiofm\/wp-content\/uploads\/sites\/5\/2024\/08\/thumbnail_1-28-de-agosto-de-2024.-Actualizan-a-700-profesionales-en-innovacion-y-novedades-en-el-sector-dental_06.jpg","type":"image\/jpeg"}],"author":"Staff","twitter_card":"summary_large_image","twitter_misc":{"Escrito por":"Staff","Tiempo de lectura":"2 minutos"},"schema":{"@context":"https:\/\/schema.org","@graph":[{"@type":"Article","@id":"https:\/\/www.bbmnoticias.com\/labravaradiofm\/2024\/08\/28\/actualizan-a-700-profesionales-en-innovacion-y-novedades-en-el-sector-dental\/#article","isPartOf":{"@id":"https:\/\/www.bbmnoticias.com\/labravaradiofm\/2024\/08\/28\/actualizan-a-700-profesionales-en-innovacion-y-novedades-en-el-sector-dental\/"},"author":{"name":"Staff","@id":"https:\/\/www.bbmnoticias.com\/labravaradiofm\/#\/schema\/person\/34b139c617a70ea5bef5678bffe4dd7b"},"headline":"Actualizan a 700 profesionales en innovaci\u00f3n y novedades en el sector dental","datePublished":"2024-08-29T00:08:57+00:00","dateModified":"2024-08-29T00:08:59+00:00","mainEntityOfPage":{"@id":"https:\/\/www.bbmnoticias.com\/labravaradiofm\/2024\/08\/28\/actualizan-a-700-profesionales-en-innovacion-y-novedades-en-el-sector-dental\/"},"wordCount":345,"image":{"@id":"https:\/\/www.bbmnoticias.com\/labravaradiofm\/2024\/08\/28\/actualizan-a-700-profesionales-en-innovacion-y-novedades-en-el-sector-dental\/#primaryimage"},"thumbnailUrl":"https:\/\/www.bbmnoticias.com\/labravaradiofm\/wp-content\/uploads\/sites\/5\/2024\/08\/thumbnail_1-28-de-agosto-de-2024.-Actualizan-a-700-profesionales-en-innovacion-y-novedades-en-el-sector-dental_06.jpg","articleSection":["LOCAL"],"inLanguage":"es"},{"@type":"WebPage","@id":"https:\/\/www.bbmnoticias.com\/labravaradiofm\/2024\/08\/28\/actualizan-a-700-profesionales-en-innovacion-y-novedades-en-el-sector-dental\/","url":"https:\/\/www.bbmnoticias.com\/labravaradiofm\/2024\/08\/28\/actualizan-a-700-profesionales-en-innovacion-y-novedades-en-el-sector-dental\/","name":"Actualizan a 700 profesionales en innovaci\u00f3n y novedades en el sector dental - LA BRAVA RADIO","isPartOf":{"@id":"https:\/\/www.bbmnoticias.com\/labravaradiofm\/#website"},"primaryImageOfPage":{"@id":"https:\/\/www.bbmnoticias.com\/labravaradiofm\/2024\/08\/28\/actualizan-a-700-profesionales-en-innovacion-y-novedades-en-el-sector-dental\/#primaryimage"},"image":{"@id":"https:\/\/www.bbmnoticias.com\/labravaradiofm\/2024\/08\/28\/actualizan-a-700-profesionales-en-innovacion-y-novedades-en-el-sector-dental\/#primaryimage"},"thumbnailUrl":"https:\/\/www.bbmnoticias.com\/labravaradiofm\/wp-content\/uploads\/sites\/5\/2024\/08\/thumbnail_1-28-de-agosto-de-2024.-Actualizan-a-700-profesionales-en-innovacion-y-novedades-en-el-sector-dental_06.jpg","datePublished":"2024-08-29T00:08:57+00:00","dateModified":"2024-08-29T00:08:59+00:00","author":{"@id":"https:\/\/www.bbmnoticias.com\/labravaradiofm\/#\/schema\/person\/34b139c617a70ea5bef5678bffe4dd7b"},"breadcrumb":{"@id":"https:\/\/www.bbmnoticias.com\/labravaradiofm\/2024\/08\/28\/actualizan-a-700-profesionales-en-innovacion-y-novedades-en-el-sector-dental\/#breadcrumb"},"inLanguage":"es","potentialAction":[{"@type":"ReadAction","target":["https:\/\/www.bbmnoticias.com\/labravaradiofm\/2024\/08\/28\/actualizan-a-700-profesionales-en-innovacion-y-novedades-en-el-sector-dental\/"]}]},{"@type":"ImageObject","inLanguage":"es","@id":"https:\/\/www.bbmnoticias.com\/labravaradiofm\/2024\/08\/28\/actualizan-a-700-profesionales-en-innovacion-y-novedades-en-el-sector-dental\/#primaryimage","url":"https:\/\/www.bbmnoticias.com\/labravaradiofm\/wp-content\/uploads\/sites\/5\/2024\/08\/thumbnail_1-28-de-agosto-de-2024.-Actualizan-a-700-profesionales-en-innovacion-y-novedades-en-el-sector-dental_06.jpg","contentUrl":"https:\/\/www.bbmnoticias.com\/labravaradiofm\/wp-content\/uploads\/sites\/5\/2024\/08\/thumbnail_1-28-de-agosto-de-2024.-Actualizan-a-700-profesionales-en-innovacion-y-novedades-en-el-sector-dental_06.jpg","width":800,"height":450},{"@type":"BreadcrumbList","@id":"https:\/\/www.bbmnoticias.com\/labravaradiofm\/2024\/08\/28\/actualizan-a-700-profesionales-en-innovacion-y-novedades-en-el-sector-dental\/#breadcrumb","itemListElement":[{"@type":"ListItem","position":1,"name":"Inicio","item":"https:\/\/www.bbmnoticias.com\/labravaradiofm\/"},{"@type":"ListItem","position":2,"name":"Actualizan a 700 profesionales en innovaci\u00f3n y novedades en el sector dental"}]},{"@type":"WebSite","@id":"https:\/\/www.bbmnoticias.com\/labravaradiofm\/#website","url":"https:\/\/www.bbmnoticias.com\/labravaradiofm\/","name":"LA BRAVA RADIO","description":"Empresa productora de medios, Radiodifusi\u00f3n, Noticias, tendencias y todo lo que necesitas saber de la pol\u00edtica mexicana e internacional; entretenimiento, espect\u00e1culos, salud y mucho m\u00e1s.","potentialAction":[{"@type":"SearchAction","target":{"@type":"EntryPoint","urlTemplate":"https:\/\/www.bbmnoticias.com\/labravaradiofm\/?s={search_term_string}"},"query-input":{"@type":"PropertyValueSpecification","valueRequired":true,"valueName":"search_term_string"}}],"inLanguage":"es"},{"@type":"Person","@id":"https:\/\/www.bbmnoticias.com\/labravaradiofm\/#\/schema\/person\/34b139c617a70ea5bef5678bffe4dd7b","name":"Staff","image":{"@type":"ImageObject","inLanguage":"es","@id":"https:\/\/secure.gravatar.com\/avatar\/fdd21ad66fd8b98c407f9dee5b5e588cfe7f0d8579ec20fa6527cd59bab7f0f0?s=96&d=mm&r=g","url":"https:\/\/secure.gravatar.com\/avatar\/fdd21ad66fd8b98c407f9dee5b5e588cfe7f0d8579ec20fa6527cd59bab7f0f0?s=96&d=mm&r=g","contentUrl":"https:\/\/secure.gravatar.com\/avatar\/fdd21ad66fd8b98c407f9dee5b5e588cfe7f0d8579ec20fa6527cd59bab7f0f0?s=96&d=mm&r=g","caption":"Staff"},"url":"https:\/\/www.bbmnoticias.com\/labravaradiofm\/author\/redaccion\/"}]}},"_links":{"self":[{"href":"https:\/\/www.bbmnoticias.com\/labravaradiofm\/wp-json\/wp\/v2\/posts\/46324","targetHints":{"allow":["GET"]}}],"collection":[{"href":"https:\/\/www.bbmnoticias.com\/labravaradiofm\/wp-json\/wp\/v2\/posts"}],"about":[{"href":"https:\/\/www.bbmnoticias.com\/labravaradiofm\/wp-json\/wp\/v2\/types\/post"}],"author":[{"embeddable":true,"href":"https:\/\/www.bbmnoticias.com\/labravaradiofm\/wp-json\/wp\/v2\/users\/2"}],"replies":[{"embeddable":true,"href":"https:\/\/www.bbmnoticias.com\/labravaradiofm\/wp-json\/wp\/v2\/comments?post=46324"}],"version-history":[{"count":0,"href":"https:\/\/www.bbmnoticias.com\/labravaradiofm\/wp-json\/wp\/v2\/posts\/46324\/revisions"}],"wp:featuredmedia":[{"embeddable":true,"href":"https:\/\/www.bbmnoticias.com\/labravaradiofm\/wp-json\/wp\/v2\/media\/46325"}],"wp:attachment":[{"href":"https:\/\/www.bbmnoticias.com\/labravaradiofm\/wp-json\/wp\/v2\/media?parent=46324"}],"wp:term":[{"taxonomy":"category","embeddable":true,"href":"https:\/\/www.bbmnoticias.com\/labravaradiofm\/wp-json\/wp\/v2\/categories?post=46324"},{"taxonomy":"post_tag","embeddable":true,"href":"https:\/\/www.bbmnoticias.com\/labravaradiofm\/wp-json\/wp\/v2\/tags?post=46324"}],"curies":[{"name":"wp","href":"https:\/\/api.w.org\/{rel}","templated":true}]}}