{"id":46317,"date":"2024-08-28T15:56:36","date_gmt":"2024-08-28T21:56:36","guid":{"rendered":"https:\/\/www.bbmnoticias.com\/labravaradiofm\/?p=46317"},"modified":"2024-08-28T15:56:37","modified_gmt":"2024-08-28T21:56:37","slug":"investigador-en-derecho-penal-advierte-riesgos-de-la-reforma-judicial-propuesta-por-amlo","status":"publish","type":"post","link":"https:\/\/www.bbmnoticias.com\/labravaradiofm\/2024\/08\/28\/investigador-en-derecho-penal-advierte-riesgos-de-la-reforma-judicial-propuesta-por-amlo\/","title":{"rendered":"Investigador en derecho penal advierte riesgos de la reforma judicial propuesta por AMLO"},"content":{"rendered":"<div style=\"margin-top: 0px; margin-bottom: 0px;\" class=\"sharethis-inline-share-buttons\" ><\/div>\n<p>Salina Cruz, Oaxaca.- El Maestro Jahaziel Reyes Loaeza, investigador en derecho penal, ha expresado su preocupaci\u00f3n ante la reciente reforma judicial propuesta por el Presidente L\u00f3pez Obrador. Seg\u00fan Reyes Loaeza, este movimiento ha generado una serie de manifestaciones por parte del Poder Judicial de la Federaci\u00f3n, pero no fueron los jueces ni magistrados quienes lo iniciaron, sino la base trabajadora.<\/p>\n\n\n\n<p>&#8220;Tenemos preocupaciones leg\u00edtimas que afectan no solo la imparcialidad o independencia de los jueces, sino tambi\u00e9n los derechos laborales de los trabajadores del Poder Judicial&#8221;, afirm\u00f3.<\/p>\n\n\n\n<p>Uno de los puntos m\u00e1s cr\u00edticos se\u00f1alados por el investigador es la posible eliminaci\u00f3n de la carrera judicial, que tradicionalmente se ha basado en el m\u00e9rito y la especializaci\u00f3n t\u00e9cnica.<\/p>\n\n\n\n<p>Bajo la nueva propuesta, Reyes Loaeza teme que los nombramientos de jueces y magistrados se basen m\u00e1s en la popularidad que en la capacidad t\u00e9cnica.<\/p>\n\n\n\n<p>&#8220;Esto plantea serias dudas sobre los compromisos que podr\u00edan asumir los jueces durante sus campa\u00f1as y los intereses a los que podr\u00edan responder&#8221;, reflexion\u00f3.<\/p>\n\n\n\n<p>El impacto de esta reforma no solo se limita al \u00e1mbito interno del Poder Judicial, sino que tambi\u00e9n podr\u00eda afectar a la ciudadan\u00eda en su vida diaria.<\/p>\n\n\n\n<p>Reyes Loaeza subraya la importancia de un Poder Judicial independiente que controle los abusos de otros poderes y proteja los derechos fundamentales a trav\u00e9s del juicio de amparo. &#8220;Lo que nos preocupa es que los jueces dejen de responder \u00fanicamente a la ley y la Constituci\u00f3n, lo cual ser\u00eda un riesgo para todos&#8221;, indic\u00f3.<\/p>\n\n\n\n<p>Al ser cuestionado sobre la idea de permitir que cualquier persona con un t\u00edtulo en derecho pueda postularse para ser juez, Reyes Loaeza fue contundente. &#8220;Hace falta mucho m\u00e1s que una mera postulaci\u00f3n; ser juez es una alt\u00edsima responsabilidad que requiere especializaci\u00f3n y tecnicismo&#8221;, expres\u00f3.<\/p>\n\n\n\n<p>Compar\u00f3 la situaci\u00f3n con una cirug\u00eda de coraz\u00f3n abierto, donde nadie elegir\u00eda a un cirujano sin la debida preparaci\u00f3n t\u00e9cnica solo porque fue elegido por voto popular.<\/p>\n\n\n\n<p>A pesar de su cr\u00edtica a la reforma, Reyes Loaeza aclar\u00f3 que tanto \u00e9l como otros integrantes del Poder Judicial coinciden en la necesidad de una reforma para fortalecer el sistema judicial, pero destac\u00f3 que esta debe enfocarse en las verdaderas dolencias del sistema. &#8220;El mayor reto est\u00e1 en los poderes judiciales locales, que son los que tienen mayor contacto con la ciudadan\u00eda y est\u00e1n m\u00e1s desatendidos&#8221;, coment\u00f3.<\/p>\n\n\n\n<p>El investigador tambi\u00e9n se\u00f1al\u00f3 que la propuesta de reforma parece tener tintes m\u00e1s pol\u00edticos que jur\u00eddicos.<\/p>\n\n\n\n<p>Advirti\u00f3 que los jueces que anteriormente ascendieron por m\u00e9ritos y conocimientos ahora podr\u00edan verse obligados a buscar alianzas pol\u00edticas para ser aprobados por legislaturas estatales o el Senado. &#8220;Esto pone en riesgo la independencia de quienes deben garantizar la justicia en el pa\u00eds&#8221;, enfatiz\u00f3.<\/p>\n\n\n\n<p>Finalmente, Reyes Loaeza insisti\u00f3 en que la verdadera soluci\u00f3n al rezago judicial no se lograr\u00e1 con elecciones populares, sino mediante pol\u00edticas p\u00fablicas que fortalezcan tanto al Poder Judicial de la Federaci\u00f3n como a los poderes judiciales locales.<\/p>\n\n\n\n<p>&#8220;Debemos poner el foco de atenci\u00f3n en los puntos necesarios para mejorar y fortalecer el sistema judicial&#8221;, concluy\u00f3.<\/p>\n\n\n\n<p>Cabe mencionar que el abogado ha sido Juez de control de enjuiciamiento en el Tribunal Superior de Justicia del Estado en varios distritos judiciales. Actualmente se desempe\u00f1a en el poder judicial de la federaci\u00f3n, ha escrito diversos libros en el sistema acusatorio, adem\u00e1s de que ha estudiado en diferentes maestr\u00edas e incluso en el extranjero como la universidad de Girona Espa\u00f1a.<\/p>\n","protected":false},"excerpt":{"rendered":"<p>Salina Cruz, Oaxaca.- El Maestro Jahaziel Reyes Loaeza, investigador en derecho penal, ha expresado su preocupaci\u00f3n ante la reciente reforma judicial propuesta por el Presidente L\u00f3pez Obrador. Seg\u00fan Reyes Loaeza, este movimiento ha generado una serie de manifestaciones por parte del Poder Judicial de la Federaci\u00f3n, pero no fueron los jueces ni magistrados quienes lo [&hellip;]<\/p>\n","protected":false},"author":2,"featured_media":46318,"comment_status":"closed","ping_status":"closed","sticky":false,"template":"","format":"standard","meta":{"footnotes":""},"categories":[1025],"tags":[],"class_list":{"0":"post-46317","1":"post","2":"type-post","3":"status-publish","4":"format-standard","5":"has-post-thumbnail","7":"category-destacado"},"yoast_head":"<!-- This site is optimized with the Yoast SEO plugin v27.4 - https:\/\/yoast.com\/product\/yoast-seo-wordpress\/ -->\n<title>Investigador en derecho penal advierte riesgos de la reforma judicial propuesta por AMLO - LA BRAVA RADIO<\/title>\n<meta name=\"robots\" content=\"index, follow, max-snippet:-1, max-image-preview:large, max-video-preview:-1\" \/>\n<link rel=\"canonical\" href=\"https:\/\/www.bbmnoticias.com\/labravaradiofm\/2024\/08\/28\/investigador-en-derecho-penal-advierte-riesgos-de-la-reforma-judicial-propuesta-por-amlo\/\" \/>\n<meta property=\"og:locale\" content=\"es_MX\" \/>\n<meta property=\"og:type\" content=\"article\" \/>\n<meta property=\"og:title\" content=\"Investigador en derecho penal advierte riesgos de la reforma judicial propuesta por AMLO - LA BRAVA RADIO\" \/>\n<meta property=\"og:description\" content=\"Salina Cruz, Oaxaca.- El Maestro Jahaziel Reyes Loaeza, investigador en derecho penal, ha expresado su preocupaci\u00f3n ante la reciente reforma judicial propuesta por el Presidente L\u00f3pez Obrador. Seg\u00fan Reyes Loaeza, este movimiento ha generado una serie de manifestaciones por parte del Poder Judicial de la Federaci\u00f3n, pero no fueron los jueces ni magistrados quienes lo [&hellip;]\" \/>\n<meta property=\"og:url\" content=\"https:\/\/www.bbmnoticias.com\/labravaradiofm\/2024\/08\/28\/investigador-en-derecho-penal-advierte-riesgos-de-la-reforma-judicial-propuesta-por-amlo\/\" \/>\n<meta property=\"og:site_name\" content=\"LA BRAVA RADIO\" \/>\n<meta property=\"article:published_time\" content=\"2024-08-28T21:56:36+00:00\" \/>\n<meta property=\"article:modified_time\" content=\"2024-08-28T21:56:37+00:00\" \/>\n<meta property=\"og:image\" content=\"https:\/\/www.bbmnoticias.com\/labravaradiofm\/wp-content\/uploads\/sites\/5\/2024\/08\/Investigador-en-derecho.jpg\" \/>\n\t<meta property=\"og:image:width\" content=\"800\" \/>\n\t<meta property=\"og:image:height\" content=\"450\" \/>\n\t<meta property=\"og:image:type\" content=\"image\/jpeg\" \/>\n<meta name=\"author\" content=\"Staff\" \/>\n<meta name=\"twitter:card\" content=\"summary_large_image\" \/>\n<meta name=\"twitter:label1\" content=\"Escrito por\" \/>\n\t<meta name=\"twitter:data1\" content=\"Staff\" \/>\n\t<meta name=\"twitter:label2\" content=\"Tiempo de lectura\" \/>\n\t<meta name=\"twitter:data2\" content=\"3 minutos\" \/>\n<script type=\"application\/ld+json\" class=\"yoast-schema-graph\">{\"@context\":\"https:\\\/\\\/schema.org\",\"@graph\":[{\"@type\":\"Article\",\"@id\":\"https:\\\/\\\/www.bbmnoticias.com\\\/labravaradiofm\\\/2024\\\/08\\\/28\\\/investigador-en-derecho-penal-advierte-riesgos-de-la-reforma-judicial-propuesta-por-amlo\\\/#article\",\"isPartOf\":{\"@id\":\"https:\\\/\\\/www.bbmnoticias.com\\\/labravaradiofm\\\/2024\\\/08\\\/28\\\/investigador-en-derecho-penal-advierte-riesgos-de-la-reforma-judicial-propuesta-por-amlo\\\/\"},\"author\":{\"name\":\"Staff\",\"@id\":\"https:\\\/\\\/www.bbmnoticias.com\\\/labravaradiofm\\\/#\\\/schema\\\/person\\\/34b139c617a70ea5bef5678bffe4dd7b\"},\"headline\":\"Investigador en derecho penal advierte riesgos de la reforma judicial propuesta por AMLO\",\"datePublished\":\"2024-08-28T21:56:36+00:00\",\"dateModified\":\"2024-08-28T21:56:37+00:00\",\"mainEntityOfPage\":{\"@id\":\"https:\\\/\\\/www.bbmnoticias.com\\\/labravaradiofm\\\/2024\\\/08\\\/28\\\/investigador-en-derecho-penal-advierte-riesgos-de-la-reforma-judicial-propuesta-por-amlo\\\/\"},\"wordCount\":634,\"image\":{\"@id\":\"https:\\\/\\\/www.bbmnoticias.com\\\/labravaradiofm\\\/2024\\\/08\\\/28\\\/investigador-en-derecho-penal-advierte-riesgos-de-la-reforma-judicial-propuesta-por-amlo\\\/#primaryimage\"},\"thumbnailUrl\":\"https:\\\/\\\/www.bbmnoticias.com\\\/labravaradiofm\\\/wp-content\\\/uploads\\\/sites\\\/5\\\/2024\\\/08\\\/Investigador-en-derecho.jpg\",\"articleSection\":[\"DESTACADO\"],\"inLanguage\":\"es\"},{\"@type\":\"WebPage\",\"@id\":\"https:\\\/\\\/www.bbmnoticias.com\\\/labravaradiofm\\\/2024\\\/08\\\/28\\\/investigador-en-derecho-penal-advierte-riesgos-de-la-reforma-judicial-propuesta-por-amlo\\\/\",\"url\":\"https:\\\/\\\/www.bbmnoticias.com\\\/labravaradiofm\\\/2024\\\/08\\\/28\\\/investigador-en-derecho-penal-advierte-riesgos-de-la-reforma-judicial-propuesta-por-amlo\\\/\",\"name\":\"Investigador en derecho penal advierte riesgos de la reforma judicial propuesta por AMLO - LA BRAVA RADIO\",\"isPartOf\":{\"@id\":\"https:\\\/\\\/www.bbmnoticias.com\\\/labravaradiofm\\\/#website\"},\"primaryImageOfPage\":{\"@id\":\"https:\\\/\\\/www.bbmnoticias.com\\\/labravaradiofm\\\/2024\\\/08\\\/28\\\/investigador-en-derecho-penal-advierte-riesgos-de-la-reforma-judicial-propuesta-por-amlo\\\/#primaryimage\"},\"image\":{\"@id\":\"https:\\\/\\\/www.bbmnoticias.com\\\/labravaradiofm\\\/2024\\\/08\\\/28\\\/investigador-en-derecho-penal-advierte-riesgos-de-la-reforma-judicial-propuesta-por-amlo\\\/#primaryimage\"},\"thumbnailUrl\":\"https:\\\/\\\/www.bbmnoticias.com\\\/labravaradiofm\\\/wp-content\\\/uploads\\\/sites\\\/5\\\/2024\\\/08\\\/Investigador-en-derecho.jpg\",\"datePublished\":\"2024-08-28T21:56:36+00:00\",\"dateModified\":\"2024-08-28T21:56:37+00:00\",\"author\":{\"@id\":\"https:\\\/\\\/www.bbmnoticias.com\\\/labravaradiofm\\\/#\\\/schema\\\/person\\\/34b139c617a70ea5bef5678bffe4dd7b\"},\"breadcrumb\":{\"@id\":\"https:\\\/\\\/www.bbmnoticias.com\\\/labravaradiofm\\\/2024\\\/08\\\/28\\\/investigador-en-derecho-penal-advierte-riesgos-de-la-reforma-judicial-propuesta-por-amlo\\\/#breadcrumb\"},\"inLanguage\":\"es\",\"potentialAction\":[{\"@type\":\"ReadAction\",\"target\":[\"https:\\\/\\\/www.bbmnoticias.com\\\/labravaradiofm\\\/2024\\\/08\\\/28\\\/investigador-en-derecho-penal-advierte-riesgos-de-la-reforma-judicial-propuesta-por-amlo\\\/\"]}]},{\"@type\":\"ImageObject\",\"inLanguage\":\"es\",\"@id\":\"https:\\\/\\\/www.bbmnoticias.com\\\/labravaradiofm\\\/2024\\\/08\\\/28\\\/investigador-en-derecho-penal-advierte-riesgos-de-la-reforma-judicial-propuesta-por-amlo\\\/#primaryimage\",\"url\":\"https:\\\/\\\/www.bbmnoticias.com\\\/labravaradiofm\\\/wp-content\\\/uploads\\\/sites\\\/5\\\/2024\\\/08\\\/Investigador-en-derecho.jpg\",\"contentUrl\":\"https:\\\/\\\/www.bbmnoticias.com\\\/labravaradiofm\\\/wp-content\\\/uploads\\\/sites\\\/5\\\/2024\\\/08\\\/Investigador-en-derecho.jpg\",\"width\":800,\"height\":450},{\"@type\":\"BreadcrumbList\",\"@id\":\"https:\\\/\\\/www.bbmnoticias.com\\\/labravaradiofm\\\/2024\\\/08\\\/28\\\/investigador-en-derecho-penal-advierte-riesgos-de-la-reforma-judicial-propuesta-por-amlo\\\/#breadcrumb\",\"itemListElement\":[{\"@type\":\"ListItem\",\"position\":1,\"name\":\"Inicio\",\"item\":\"https:\\\/\\\/www.bbmnoticias.com\\\/labravaradiofm\\\/\"},{\"@type\":\"ListItem\",\"position\":2,\"name\":\"Investigador en derecho penal advierte riesgos de la reforma judicial propuesta por AMLO\"}]},{\"@type\":\"WebSite\",\"@id\":\"https:\\\/\\\/www.bbmnoticias.com\\\/labravaradiofm\\\/#website\",\"url\":\"https:\\\/\\\/www.bbmnoticias.com\\\/labravaradiofm\\\/\",\"name\":\"LA BRAVA RADIO\",\"description\":\"Empresa productora de medios, Radiodifusi\u00f3n, Noticias, tendencias y todo lo que necesitas saber de la pol\u00edtica mexicana e internacional; entretenimiento, espect\u00e1culos, salud y mucho m\u00e1s.\",\"potentialAction\":[{\"@type\":\"SearchAction\",\"target\":{\"@type\":\"EntryPoint\",\"urlTemplate\":\"https:\\\/\\\/www.bbmnoticias.com\\\/labravaradiofm\\\/?s={search_term_string}\"},\"query-input\":{\"@type\":\"PropertyValueSpecification\",\"valueRequired\":true,\"valueName\":\"search_term_string\"}}],\"inLanguage\":\"es\"},{\"@type\":\"Person\",\"@id\":\"https:\\\/\\\/www.bbmnoticias.com\\\/labravaradiofm\\\/#\\\/schema\\\/person\\\/34b139c617a70ea5bef5678bffe4dd7b\",\"name\":\"Staff\",\"image\":{\"@type\":\"ImageObject\",\"inLanguage\":\"es\",\"@id\":\"https:\\\/\\\/secure.gravatar.com\\\/avatar\\\/fdd21ad66fd8b98c407f9dee5b5e588cfe7f0d8579ec20fa6527cd59bab7f0f0?s=96&d=mm&r=g\",\"url\":\"https:\\\/\\\/secure.gravatar.com\\\/avatar\\\/fdd21ad66fd8b98c407f9dee5b5e588cfe7f0d8579ec20fa6527cd59bab7f0f0?s=96&d=mm&r=g\",\"contentUrl\":\"https:\\\/\\\/secure.gravatar.com\\\/avatar\\\/fdd21ad66fd8b98c407f9dee5b5e588cfe7f0d8579ec20fa6527cd59bab7f0f0?s=96&d=mm&r=g\",\"caption\":\"Staff\"},\"url\":\"https:\\\/\\\/www.bbmnoticias.com\\\/labravaradiofm\\\/author\\\/redaccion\\\/\"}]}<\/script>\n<!-- \/ Yoast SEO plugin. -->","yoast_head_json":{"title":"Investigador en derecho penal advierte riesgos de la reforma judicial propuesta por AMLO - LA BRAVA RADIO","robots":{"index":"index","follow":"follow","max-snippet":"max-snippet:-1","max-image-preview":"max-image-preview:large","max-video-preview":"max-video-preview:-1"},"canonical":"https:\/\/www.bbmnoticias.com\/labravaradiofm\/2024\/08\/28\/investigador-en-derecho-penal-advierte-riesgos-de-la-reforma-judicial-propuesta-por-amlo\/","og_locale":"es_MX","og_type":"article","og_title":"Investigador en derecho penal advierte riesgos de la reforma judicial propuesta por AMLO - LA BRAVA RADIO","og_description":"Salina Cruz, Oaxaca.- El Maestro Jahaziel Reyes Loaeza, investigador en derecho penal, ha expresado su preocupaci\u00f3n ante la reciente reforma judicial propuesta por el Presidente L\u00f3pez Obrador. Seg\u00fan Reyes Loaeza, este movimiento ha generado una serie de manifestaciones por parte del Poder Judicial de la Federaci\u00f3n, pero no fueron los jueces ni magistrados quienes lo [&hellip;]","og_url":"https:\/\/www.bbmnoticias.com\/labravaradiofm\/2024\/08\/28\/investigador-en-derecho-penal-advierte-riesgos-de-la-reforma-judicial-propuesta-por-amlo\/","og_site_name":"LA BRAVA RADIO","article_published_time":"2024-08-28T21:56:36+00:00","article_modified_time":"2024-08-28T21:56:37+00:00","og_image":[{"width":800,"height":450,"url":"https:\/\/www.bbmnoticias.com\/labravaradiofm\/wp-content\/uploads\/sites\/5\/2024\/08\/Investigador-en-derecho.jpg","type":"image\/jpeg"}],"author":"Staff","twitter_card":"summary_large_image","twitter_misc":{"Escrito por":"Staff","Tiempo de lectura":"3 minutos"},"schema":{"@context":"https:\/\/schema.org","@graph":[{"@type":"Article","@id":"https:\/\/www.bbmnoticias.com\/labravaradiofm\/2024\/08\/28\/investigador-en-derecho-penal-advierte-riesgos-de-la-reforma-judicial-propuesta-por-amlo\/#article","isPartOf":{"@id":"https:\/\/www.bbmnoticias.com\/labravaradiofm\/2024\/08\/28\/investigador-en-derecho-penal-advierte-riesgos-de-la-reforma-judicial-propuesta-por-amlo\/"},"author":{"name":"Staff","@id":"https:\/\/www.bbmnoticias.com\/labravaradiofm\/#\/schema\/person\/34b139c617a70ea5bef5678bffe4dd7b"},"headline":"Investigador en derecho penal advierte riesgos de la reforma judicial propuesta por AMLO","datePublished":"2024-08-28T21:56:36+00:00","dateModified":"2024-08-28T21:56:37+00:00","mainEntityOfPage":{"@id":"https:\/\/www.bbmnoticias.com\/labravaradiofm\/2024\/08\/28\/investigador-en-derecho-penal-advierte-riesgos-de-la-reforma-judicial-propuesta-por-amlo\/"},"wordCount":634,"image":{"@id":"https:\/\/www.bbmnoticias.com\/labravaradiofm\/2024\/08\/28\/investigador-en-derecho-penal-advierte-riesgos-de-la-reforma-judicial-propuesta-por-amlo\/#primaryimage"},"thumbnailUrl":"https:\/\/www.bbmnoticias.com\/labravaradiofm\/wp-content\/uploads\/sites\/5\/2024\/08\/Investigador-en-derecho.jpg","articleSection":["DESTACADO"],"inLanguage":"es"},{"@type":"WebPage","@id":"https:\/\/www.bbmnoticias.com\/labravaradiofm\/2024\/08\/28\/investigador-en-derecho-penal-advierte-riesgos-de-la-reforma-judicial-propuesta-por-amlo\/","url":"https:\/\/www.bbmnoticias.com\/labravaradiofm\/2024\/08\/28\/investigador-en-derecho-penal-advierte-riesgos-de-la-reforma-judicial-propuesta-por-amlo\/","name":"Investigador en derecho penal advierte riesgos de la reforma judicial propuesta por AMLO - LA BRAVA RADIO","isPartOf":{"@id":"https:\/\/www.bbmnoticias.com\/labravaradiofm\/#website"},"primaryImageOfPage":{"@id":"https:\/\/www.bbmnoticias.com\/labravaradiofm\/2024\/08\/28\/investigador-en-derecho-penal-advierte-riesgos-de-la-reforma-judicial-propuesta-por-amlo\/#primaryimage"},"image":{"@id":"https:\/\/www.bbmnoticias.com\/labravaradiofm\/2024\/08\/28\/investigador-en-derecho-penal-advierte-riesgos-de-la-reforma-judicial-propuesta-por-amlo\/#primaryimage"},"thumbnailUrl":"https:\/\/www.bbmnoticias.com\/labravaradiofm\/wp-content\/uploads\/sites\/5\/2024\/08\/Investigador-en-derecho.jpg","datePublished":"2024-08-28T21:56:36+00:00","dateModified":"2024-08-28T21:56:37+00:00","author":{"@id":"https:\/\/www.bbmnoticias.com\/labravaradiofm\/#\/schema\/person\/34b139c617a70ea5bef5678bffe4dd7b"},"breadcrumb":{"@id":"https:\/\/www.bbmnoticias.com\/labravaradiofm\/2024\/08\/28\/investigador-en-derecho-penal-advierte-riesgos-de-la-reforma-judicial-propuesta-por-amlo\/#breadcrumb"},"inLanguage":"es","potentialAction":[{"@type":"ReadAction","target":["https:\/\/www.bbmnoticias.com\/labravaradiofm\/2024\/08\/28\/investigador-en-derecho-penal-advierte-riesgos-de-la-reforma-judicial-propuesta-por-amlo\/"]}]},{"@type":"ImageObject","inLanguage":"es","@id":"https:\/\/www.bbmnoticias.com\/labravaradiofm\/2024\/08\/28\/investigador-en-derecho-penal-advierte-riesgos-de-la-reforma-judicial-propuesta-por-amlo\/#primaryimage","url":"https:\/\/www.bbmnoticias.com\/labravaradiofm\/wp-content\/uploads\/sites\/5\/2024\/08\/Investigador-en-derecho.jpg","contentUrl":"https:\/\/www.bbmnoticias.com\/labravaradiofm\/wp-content\/uploads\/sites\/5\/2024\/08\/Investigador-en-derecho.jpg","width":800,"height":450},{"@type":"BreadcrumbList","@id":"https:\/\/www.bbmnoticias.com\/labravaradiofm\/2024\/08\/28\/investigador-en-derecho-penal-advierte-riesgos-de-la-reforma-judicial-propuesta-por-amlo\/#breadcrumb","itemListElement":[{"@type":"ListItem","position":1,"name":"Inicio","item":"https:\/\/www.bbmnoticias.com\/labravaradiofm\/"},{"@type":"ListItem","position":2,"name":"Investigador en derecho penal advierte riesgos de la reforma judicial propuesta por AMLO"}]},{"@type":"WebSite","@id":"https:\/\/www.bbmnoticias.com\/labravaradiofm\/#website","url":"https:\/\/www.bbmnoticias.com\/labravaradiofm\/","name":"LA BRAVA RADIO","description":"Empresa productora de medios, Radiodifusi\u00f3n, Noticias, tendencias y todo lo que necesitas saber de la pol\u00edtica mexicana e internacional; entretenimiento, espect\u00e1culos, salud y mucho m\u00e1s.","potentialAction":[{"@type":"SearchAction","target":{"@type":"EntryPoint","urlTemplate":"https:\/\/www.bbmnoticias.com\/labravaradiofm\/?s={search_term_string}"},"query-input":{"@type":"PropertyValueSpecification","valueRequired":true,"valueName":"search_term_string"}}],"inLanguage":"es"},{"@type":"Person","@id":"https:\/\/www.bbmnoticias.com\/labravaradiofm\/#\/schema\/person\/34b139c617a70ea5bef5678bffe4dd7b","name":"Staff","image":{"@type":"ImageObject","inLanguage":"es","@id":"https:\/\/secure.gravatar.com\/avatar\/fdd21ad66fd8b98c407f9dee5b5e588cfe7f0d8579ec20fa6527cd59bab7f0f0?s=96&d=mm&r=g","url":"https:\/\/secure.gravatar.com\/avatar\/fdd21ad66fd8b98c407f9dee5b5e588cfe7f0d8579ec20fa6527cd59bab7f0f0?s=96&d=mm&r=g","contentUrl":"https:\/\/secure.gravatar.com\/avatar\/fdd21ad66fd8b98c407f9dee5b5e588cfe7f0d8579ec20fa6527cd59bab7f0f0?s=96&d=mm&r=g","caption":"Staff"},"url":"https:\/\/www.bbmnoticias.com\/labravaradiofm\/author\/redaccion\/"}]}},"_links":{"self":[{"href":"https:\/\/www.bbmnoticias.com\/labravaradiofm\/wp-json\/wp\/v2\/posts\/46317","targetHints":{"allow":["GET"]}}],"collection":[{"href":"https:\/\/www.bbmnoticias.com\/labravaradiofm\/wp-json\/wp\/v2\/posts"}],"about":[{"href":"https:\/\/www.bbmnoticias.com\/labravaradiofm\/wp-json\/wp\/v2\/types\/post"}],"author":[{"embeddable":true,"href":"https:\/\/www.bbmnoticias.com\/labravaradiofm\/wp-json\/wp\/v2\/users\/2"}],"replies":[{"embeddable":true,"href":"https:\/\/www.bbmnoticias.com\/labravaradiofm\/wp-json\/wp\/v2\/comments?post=46317"}],"version-history":[{"count":0,"href":"https:\/\/www.bbmnoticias.com\/labravaradiofm\/wp-json\/wp\/v2\/posts\/46317\/revisions"}],"wp:featuredmedia":[{"embeddable":true,"href":"https:\/\/www.bbmnoticias.com\/labravaradiofm\/wp-json\/wp\/v2\/media\/46318"}],"wp:attachment":[{"href":"https:\/\/www.bbmnoticias.com\/labravaradiofm\/wp-json\/wp\/v2\/media?parent=46317"}],"wp:term":[{"taxonomy":"category","embeddable":true,"href":"https:\/\/www.bbmnoticias.com\/labravaradiofm\/wp-json\/wp\/v2\/categories?post=46317"},{"taxonomy":"post_tag","embeddable":true,"href":"https:\/\/www.bbmnoticias.com\/labravaradiofm\/wp-json\/wp\/v2\/tags?post=46317"}],"curies":[{"name":"wp","href":"https:\/\/api.w.org\/{rel}","templated":true}]}}