{"id":46302,"date":"2024-08-28T12:01:38","date_gmt":"2024-08-28T18:01:38","guid":{"rendered":"https:\/\/www.bbmnoticias.com\/labravaradiofm\/?p=46302"},"modified":"2024-08-28T12:01:40","modified_gmt":"2024-08-28T18:01:40","slug":"estudiantes-zapotecas-ganan-premio-mundial-juvenil-del-agua","status":"publish","type":"post","link":"https:\/\/www.bbmnoticias.com\/labravaradiofm\/2024\/08\/28\/estudiantes-zapotecas-ganan-premio-mundial-juvenil-del-agua\/","title":{"rendered":"Estudiantes zapotecas ganan Premio Mundial Juvenil del Agua"},"content":{"rendered":"<div style=\"margin-top: 0px; margin-bottom: 0px;\" class=\"sharethis-inline-share-buttons\" ><\/div>\n<p>Dos j\u00f3venes ind\u00edgenas zapotecas, de 16 y 17 a\u00f1os, estudiantes de un bachillerato comunitario en el municipio de Teotitl\u00e1n del Valle, Oaxaca, alcanzaron por vez primera para M\u00e9xico el <strong>Diploma de Excelencia <\/strong>en el <strong>Premio Mundial Juvenil del <\/strong>Agua, la competencia juvenil m\u00e1s importante en materia de agua, impulsada por el Stockholm International Water Institute (SIWI).<\/p>\n\n\n\n<p>En el marco de la Semana Mundial del Aguaque organiza el citado instituto, M\u00e9xico gan\u00f3 este martes la distinci\u00f3n con el trabajo de <strong>Shanni Valeria Mora Fajardo<\/strong> y <strong>Rosa Mendoza Sosa, <\/strong>quienes dise\u00f1aron un sistema de filtraci\u00f3n casero para purificar las aguas residuales del te\u00f1ido textil en el cultivo de vegetales en su comunidad, indic\u00f3 la Red del Agua de la <strong>Universidad Nacional Aut\u00f3noma de M\u00e9xico <\/strong>(UNAM).<\/p>\n\n\n\n<h2 class=\"wp-block-heading\">\u00bfDe qu\u00e9 trata el Premio Mundial Juvenil del Agua?<\/h2>\n\n\n\n<p>En su proyecto, las j\u00f3venes plantearon \u201cun m\u00e9todo accesible para el tratamiento y <strong>reutilizaci\u00f3n del<\/strong> <strong>agua <\/strong>entintada proveniente de la producci\u00f3n de tapetes de lana artesanales para el <strong>cultivo de hortalizas\u201d<\/strong>, a fin de obtener resultados positivos en su comunidad, misma que se caracteriza por esta tradici\u00f3n ancestral que es heredada de generaci\u00f3n en generaci\u00f3n.<\/p>\n\n\n\n<p>El reconocimiento, a manera de menci\u00f3n honor\u00edfica, fue para aquellos proyectos que pueden tener un gran impacto positivo en temas ambientales y sociales y las estudiantes mexicanas fueron premiadas entre m\u00e1s de 30 delegaciones finalistas durante la <strong>Semana Mundial del Agua <\/strong>celebrada en Estocolmo, Suecia.<\/p>\n\n\n\n<p>\u201cShanni y Rosa son un orgullo para M\u00e9xico. No s\u00f3lo representan a los j\u00f3venes, tambi\u00e9n a las mujeres, a las poblaciones originarias y, sobre todo, el futuro de la ciencia con sentido social\u201d, dijo Jorge Arriaga, coordinador ejecutivo de Red del Agua de la UNAM y del Centro Regional de Seguridad H\u00eddrica (Cershi), bajo los auspicios de la Unesco.<\/p>\n\n\n\n<p>Explic\u00f3 que este tipo de concursos brindan la oportunidad de que los j\u00f3venes mexicanos, provenientes de cualquier regi\u00f3n, como es el caso Shanni y Rosa, originarias de Teotitl\u00e1n del Valle, \u201cpuedan desarrollar ideas innovadoras que contribuyan con la soluci\u00f3n de <strong>problemas h\u00eddricos <\/strong>que beneficien su entorno, por lo que debemos sentirnos orgullosos de este logro\u201d.<\/p>\n\n\n\n<p>Tambi\u00e9n apunt\u00f3 que la participaci\u00f3n y el desarrollo de proyectos respaldados por la <strong>Red de Agua de la UNAM, <\/strong>el Cershi, auspiciado por UNESCO y la Embajada de Suecia en M\u00e9xico \u201cson el reflejo de que se pueden generar alianzas para que entre los diversos actores de la sociedad se puedan obtener soluciones y alcanzar la seguridad h\u00eddrica para todos\u201d.<\/p>\n","protected":false},"excerpt":{"rendered":"<p>Dos j\u00f3venes ind\u00edgenas zapotecas, de 16 y 17 a\u00f1os, estudiantes de un bachillerato comunitario en el municipio de Teotitl\u00e1n del Valle, Oaxaca, alcanzaron por vez primera para M\u00e9xico el Diploma de Excelencia en el Premio Mundial Juvenil del Agua, la competencia juvenil m\u00e1s importante en materia de agua, impulsada por el Stockholm International Water Institute [&hellip;]<\/p>\n","protected":false},"author":2,"featured_media":46303,"comment_status":"closed","ping_status":"closed","sticky":false,"template":"","format":"standard","meta":{"footnotes":""},"categories":[1025],"tags":[],"class_list":{"0":"post-46302","1":"post","2":"type-post","3":"status-publish","4":"format-standard","5":"has-post-thumbnail","7":"category-destacado"},"yoast_head":"<!-- This site is optimized with the Yoast SEO plugin v27.4 - https:\/\/yoast.com\/product\/yoast-seo-wordpress\/ -->\n<title>Estudiantes zapotecas ganan Premio Mundial Juvenil del Agua - LA BRAVA RADIO<\/title>\n<meta name=\"robots\" content=\"index, follow, max-snippet:-1, max-image-preview:large, max-video-preview:-1\" \/>\n<link rel=\"canonical\" href=\"https:\/\/www.bbmnoticias.com\/labravaradiofm\/2024\/08\/28\/estudiantes-zapotecas-ganan-premio-mundial-juvenil-del-agua\/\" \/>\n<meta property=\"og:locale\" content=\"es_MX\" \/>\n<meta property=\"og:type\" content=\"article\" \/>\n<meta property=\"og:title\" content=\"Estudiantes zapotecas ganan Premio Mundial Juvenil del Agua - LA BRAVA RADIO\" \/>\n<meta property=\"og:description\" content=\"Dos j\u00f3venes ind\u00edgenas zapotecas, de 16 y 17 a\u00f1os, estudiantes de un bachillerato comunitario en el municipio de Teotitl\u00e1n del Valle, Oaxaca, alcanzaron por vez primera para M\u00e9xico el Diploma de Excelencia en el Premio Mundial Juvenil del Agua, la competencia juvenil m\u00e1s importante en materia de agua, impulsada por el Stockholm International Water Institute [&hellip;]\" \/>\n<meta property=\"og:url\" content=\"https:\/\/www.bbmnoticias.com\/labravaradiofm\/2024\/08\/28\/estudiantes-zapotecas-ganan-premio-mundial-juvenil-del-agua\/\" \/>\n<meta property=\"og:site_name\" content=\"LA BRAVA RADIO\" \/>\n<meta property=\"article:published_time\" content=\"2024-08-28T18:01:38+00:00\" \/>\n<meta property=\"article:modified_time\" content=\"2024-08-28T18:01:40+00:00\" \/>\n<meta property=\"og:image\" content=\"https:\/\/www.bbmnoticias.com\/labravaradiofm\/wp-content\/uploads\/sites\/5\/2024\/08\/estudiantes-zapotecas.jpg\" \/>\n\t<meta property=\"og:image:width\" content=\"800\" \/>\n\t<meta property=\"og:image:height\" content=\"450\" \/>\n\t<meta property=\"og:image:type\" content=\"image\/jpeg\" \/>\n<meta name=\"author\" content=\"Staff\" \/>\n<meta name=\"twitter:card\" content=\"summary_large_image\" \/>\n<meta name=\"twitter:label1\" content=\"Escrito por\" \/>\n\t<meta name=\"twitter:data1\" content=\"Staff\" \/>\n\t<meta name=\"twitter:label2\" content=\"Tiempo de lectura\" \/>\n\t<meta name=\"twitter:data2\" content=\"3 minutos\" \/>\n<script type=\"application\/ld+json\" class=\"yoast-schema-graph\">{\"@context\":\"https:\\\/\\\/schema.org\",\"@graph\":[{\"@type\":\"Article\",\"@id\":\"https:\\\/\\\/www.bbmnoticias.com\\\/labravaradiofm\\\/2024\\\/08\\\/28\\\/estudiantes-zapotecas-ganan-premio-mundial-juvenil-del-agua\\\/#article\",\"isPartOf\":{\"@id\":\"https:\\\/\\\/www.bbmnoticias.com\\\/labravaradiofm\\\/2024\\\/08\\\/28\\\/estudiantes-zapotecas-ganan-premio-mundial-juvenil-del-agua\\\/\"},\"author\":{\"name\":\"Staff\",\"@id\":\"https:\\\/\\\/www.bbmnoticias.com\\\/labravaradiofm\\\/#\\\/schema\\\/person\\\/34b139c617a70ea5bef5678bffe4dd7b\"},\"headline\":\"Estudiantes zapotecas ganan Premio Mundial Juvenil del Agua\",\"datePublished\":\"2024-08-28T18:01:38+00:00\",\"dateModified\":\"2024-08-28T18:01:40+00:00\",\"mainEntityOfPage\":{\"@id\":\"https:\\\/\\\/www.bbmnoticias.com\\\/labravaradiofm\\\/2024\\\/08\\\/28\\\/estudiantes-zapotecas-ganan-premio-mundial-juvenil-del-agua\\\/\"},\"wordCount\":448,\"image\":{\"@id\":\"https:\\\/\\\/www.bbmnoticias.com\\\/labravaradiofm\\\/2024\\\/08\\\/28\\\/estudiantes-zapotecas-ganan-premio-mundial-juvenil-del-agua\\\/#primaryimage\"},\"thumbnailUrl\":\"https:\\\/\\\/www.bbmnoticias.com\\\/labravaradiofm\\\/wp-content\\\/uploads\\\/sites\\\/5\\\/2024\\\/08\\\/estudiantes-zapotecas.jpg\",\"articleSection\":[\"DESTACADO\"],\"inLanguage\":\"es\"},{\"@type\":\"WebPage\",\"@id\":\"https:\\\/\\\/www.bbmnoticias.com\\\/labravaradiofm\\\/2024\\\/08\\\/28\\\/estudiantes-zapotecas-ganan-premio-mundial-juvenil-del-agua\\\/\",\"url\":\"https:\\\/\\\/www.bbmnoticias.com\\\/labravaradiofm\\\/2024\\\/08\\\/28\\\/estudiantes-zapotecas-ganan-premio-mundial-juvenil-del-agua\\\/\",\"name\":\"Estudiantes zapotecas ganan Premio Mundial Juvenil del Agua - LA BRAVA RADIO\",\"isPartOf\":{\"@id\":\"https:\\\/\\\/www.bbmnoticias.com\\\/labravaradiofm\\\/#website\"},\"primaryImageOfPage\":{\"@id\":\"https:\\\/\\\/www.bbmnoticias.com\\\/labravaradiofm\\\/2024\\\/08\\\/28\\\/estudiantes-zapotecas-ganan-premio-mundial-juvenil-del-agua\\\/#primaryimage\"},\"image\":{\"@id\":\"https:\\\/\\\/www.bbmnoticias.com\\\/labravaradiofm\\\/2024\\\/08\\\/28\\\/estudiantes-zapotecas-ganan-premio-mundial-juvenil-del-agua\\\/#primaryimage\"},\"thumbnailUrl\":\"https:\\\/\\\/www.bbmnoticias.com\\\/labravaradiofm\\\/wp-content\\\/uploads\\\/sites\\\/5\\\/2024\\\/08\\\/estudiantes-zapotecas.jpg\",\"datePublished\":\"2024-08-28T18:01:38+00:00\",\"dateModified\":\"2024-08-28T18:01:40+00:00\",\"author\":{\"@id\":\"https:\\\/\\\/www.bbmnoticias.com\\\/labravaradiofm\\\/#\\\/schema\\\/person\\\/34b139c617a70ea5bef5678bffe4dd7b\"},\"breadcrumb\":{\"@id\":\"https:\\\/\\\/www.bbmnoticias.com\\\/labravaradiofm\\\/2024\\\/08\\\/28\\\/estudiantes-zapotecas-ganan-premio-mundial-juvenil-del-agua\\\/#breadcrumb\"},\"inLanguage\":\"es\",\"potentialAction\":[{\"@type\":\"ReadAction\",\"target\":[\"https:\\\/\\\/www.bbmnoticias.com\\\/labravaradiofm\\\/2024\\\/08\\\/28\\\/estudiantes-zapotecas-ganan-premio-mundial-juvenil-del-agua\\\/\"]}]},{\"@type\":\"ImageObject\",\"inLanguage\":\"es\",\"@id\":\"https:\\\/\\\/www.bbmnoticias.com\\\/labravaradiofm\\\/2024\\\/08\\\/28\\\/estudiantes-zapotecas-ganan-premio-mundial-juvenil-del-agua\\\/#primaryimage\",\"url\":\"https:\\\/\\\/www.bbmnoticias.com\\\/labravaradiofm\\\/wp-content\\\/uploads\\\/sites\\\/5\\\/2024\\\/08\\\/estudiantes-zapotecas.jpg\",\"contentUrl\":\"https:\\\/\\\/www.bbmnoticias.com\\\/labravaradiofm\\\/wp-content\\\/uploads\\\/sites\\\/5\\\/2024\\\/08\\\/estudiantes-zapotecas.jpg\",\"width\":800,\"height\":450},{\"@type\":\"BreadcrumbList\",\"@id\":\"https:\\\/\\\/www.bbmnoticias.com\\\/labravaradiofm\\\/2024\\\/08\\\/28\\\/estudiantes-zapotecas-ganan-premio-mundial-juvenil-del-agua\\\/#breadcrumb\",\"itemListElement\":[{\"@type\":\"ListItem\",\"position\":1,\"name\":\"Inicio\",\"item\":\"https:\\\/\\\/www.bbmnoticias.com\\\/labravaradiofm\\\/\"},{\"@type\":\"ListItem\",\"position\":2,\"name\":\"Estudiantes zapotecas ganan Premio Mundial Juvenil del Agua\"}]},{\"@type\":\"WebSite\",\"@id\":\"https:\\\/\\\/www.bbmnoticias.com\\\/labravaradiofm\\\/#website\",\"url\":\"https:\\\/\\\/www.bbmnoticias.com\\\/labravaradiofm\\\/\",\"name\":\"LA BRAVA RADIO\",\"description\":\"Empresa productora de medios, Radiodifusi\u00f3n, Noticias, tendencias y todo lo que necesitas saber de la pol\u00edtica mexicana e internacional; entretenimiento, espect\u00e1culos, salud y mucho m\u00e1s.\",\"potentialAction\":[{\"@type\":\"SearchAction\",\"target\":{\"@type\":\"EntryPoint\",\"urlTemplate\":\"https:\\\/\\\/www.bbmnoticias.com\\\/labravaradiofm\\\/?s={search_term_string}\"},\"query-input\":{\"@type\":\"PropertyValueSpecification\",\"valueRequired\":true,\"valueName\":\"search_term_string\"}}],\"inLanguage\":\"es\"},{\"@type\":\"Person\",\"@id\":\"https:\\\/\\\/www.bbmnoticias.com\\\/labravaradiofm\\\/#\\\/schema\\\/person\\\/34b139c617a70ea5bef5678bffe4dd7b\",\"name\":\"Staff\",\"image\":{\"@type\":\"ImageObject\",\"inLanguage\":\"es\",\"@id\":\"https:\\\/\\\/secure.gravatar.com\\\/avatar\\\/fdd21ad66fd8b98c407f9dee5b5e588cfe7f0d8579ec20fa6527cd59bab7f0f0?s=96&d=mm&r=g\",\"url\":\"https:\\\/\\\/secure.gravatar.com\\\/avatar\\\/fdd21ad66fd8b98c407f9dee5b5e588cfe7f0d8579ec20fa6527cd59bab7f0f0?s=96&d=mm&r=g\",\"contentUrl\":\"https:\\\/\\\/secure.gravatar.com\\\/avatar\\\/fdd21ad66fd8b98c407f9dee5b5e588cfe7f0d8579ec20fa6527cd59bab7f0f0?s=96&d=mm&r=g\",\"caption\":\"Staff\"},\"url\":\"https:\\\/\\\/www.bbmnoticias.com\\\/labravaradiofm\\\/author\\\/redaccion\\\/\"}]}<\/script>\n<!-- \/ Yoast SEO plugin. -->","yoast_head_json":{"title":"Estudiantes zapotecas ganan Premio Mundial Juvenil del Agua - LA BRAVA RADIO","robots":{"index":"index","follow":"follow","max-snippet":"max-snippet:-1","max-image-preview":"max-image-preview:large","max-video-preview":"max-video-preview:-1"},"canonical":"https:\/\/www.bbmnoticias.com\/labravaradiofm\/2024\/08\/28\/estudiantes-zapotecas-ganan-premio-mundial-juvenil-del-agua\/","og_locale":"es_MX","og_type":"article","og_title":"Estudiantes zapotecas ganan Premio Mundial Juvenil del Agua - LA BRAVA RADIO","og_description":"Dos j\u00f3venes ind\u00edgenas zapotecas, de 16 y 17 a\u00f1os, estudiantes de un bachillerato comunitario en el municipio de Teotitl\u00e1n del Valle, Oaxaca, alcanzaron por vez primera para M\u00e9xico el Diploma de Excelencia en el Premio Mundial Juvenil del Agua, la competencia juvenil m\u00e1s importante en materia de agua, impulsada por el Stockholm International Water Institute [&hellip;]","og_url":"https:\/\/www.bbmnoticias.com\/labravaradiofm\/2024\/08\/28\/estudiantes-zapotecas-ganan-premio-mundial-juvenil-del-agua\/","og_site_name":"LA BRAVA RADIO","article_published_time":"2024-08-28T18:01:38+00:00","article_modified_time":"2024-08-28T18:01:40+00:00","og_image":[{"width":800,"height":450,"url":"https:\/\/www.bbmnoticias.com\/labravaradiofm\/wp-content\/uploads\/sites\/5\/2024\/08\/estudiantes-zapotecas.jpg","type":"image\/jpeg"}],"author":"Staff","twitter_card":"summary_large_image","twitter_misc":{"Escrito por":"Staff","Tiempo de lectura":"3 minutos"},"schema":{"@context":"https:\/\/schema.org","@graph":[{"@type":"Article","@id":"https:\/\/www.bbmnoticias.com\/labravaradiofm\/2024\/08\/28\/estudiantes-zapotecas-ganan-premio-mundial-juvenil-del-agua\/#article","isPartOf":{"@id":"https:\/\/www.bbmnoticias.com\/labravaradiofm\/2024\/08\/28\/estudiantes-zapotecas-ganan-premio-mundial-juvenil-del-agua\/"},"author":{"name":"Staff","@id":"https:\/\/www.bbmnoticias.com\/labravaradiofm\/#\/schema\/person\/34b139c617a70ea5bef5678bffe4dd7b"},"headline":"Estudiantes zapotecas ganan Premio Mundial Juvenil del Agua","datePublished":"2024-08-28T18:01:38+00:00","dateModified":"2024-08-28T18:01:40+00:00","mainEntityOfPage":{"@id":"https:\/\/www.bbmnoticias.com\/labravaradiofm\/2024\/08\/28\/estudiantes-zapotecas-ganan-premio-mundial-juvenil-del-agua\/"},"wordCount":448,"image":{"@id":"https:\/\/www.bbmnoticias.com\/labravaradiofm\/2024\/08\/28\/estudiantes-zapotecas-ganan-premio-mundial-juvenil-del-agua\/#primaryimage"},"thumbnailUrl":"https:\/\/www.bbmnoticias.com\/labravaradiofm\/wp-content\/uploads\/sites\/5\/2024\/08\/estudiantes-zapotecas.jpg","articleSection":["DESTACADO"],"inLanguage":"es"},{"@type":"WebPage","@id":"https:\/\/www.bbmnoticias.com\/labravaradiofm\/2024\/08\/28\/estudiantes-zapotecas-ganan-premio-mundial-juvenil-del-agua\/","url":"https:\/\/www.bbmnoticias.com\/labravaradiofm\/2024\/08\/28\/estudiantes-zapotecas-ganan-premio-mundial-juvenil-del-agua\/","name":"Estudiantes zapotecas ganan Premio Mundial Juvenil del Agua - LA BRAVA RADIO","isPartOf":{"@id":"https:\/\/www.bbmnoticias.com\/labravaradiofm\/#website"},"primaryImageOfPage":{"@id":"https:\/\/www.bbmnoticias.com\/labravaradiofm\/2024\/08\/28\/estudiantes-zapotecas-ganan-premio-mundial-juvenil-del-agua\/#primaryimage"},"image":{"@id":"https:\/\/www.bbmnoticias.com\/labravaradiofm\/2024\/08\/28\/estudiantes-zapotecas-ganan-premio-mundial-juvenil-del-agua\/#primaryimage"},"thumbnailUrl":"https:\/\/www.bbmnoticias.com\/labravaradiofm\/wp-content\/uploads\/sites\/5\/2024\/08\/estudiantes-zapotecas.jpg","datePublished":"2024-08-28T18:01:38+00:00","dateModified":"2024-08-28T18:01:40+00:00","author":{"@id":"https:\/\/www.bbmnoticias.com\/labravaradiofm\/#\/schema\/person\/34b139c617a70ea5bef5678bffe4dd7b"},"breadcrumb":{"@id":"https:\/\/www.bbmnoticias.com\/labravaradiofm\/2024\/08\/28\/estudiantes-zapotecas-ganan-premio-mundial-juvenil-del-agua\/#breadcrumb"},"inLanguage":"es","potentialAction":[{"@type":"ReadAction","target":["https:\/\/www.bbmnoticias.com\/labravaradiofm\/2024\/08\/28\/estudiantes-zapotecas-ganan-premio-mundial-juvenil-del-agua\/"]}]},{"@type":"ImageObject","inLanguage":"es","@id":"https:\/\/www.bbmnoticias.com\/labravaradiofm\/2024\/08\/28\/estudiantes-zapotecas-ganan-premio-mundial-juvenil-del-agua\/#primaryimage","url":"https:\/\/www.bbmnoticias.com\/labravaradiofm\/wp-content\/uploads\/sites\/5\/2024\/08\/estudiantes-zapotecas.jpg","contentUrl":"https:\/\/www.bbmnoticias.com\/labravaradiofm\/wp-content\/uploads\/sites\/5\/2024\/08\/estudiantes-zapotecas.jpg","width":800,"height":450},{"@type":"BreadcrumbList","@id":"https:\/\/www.bbmnoticias.com\/labravaradiofm\/2024\/08\/28\/estudiantes-zapotecas-ganan-premio-mundial-juvenil-del-agua\/#breadcrumb","itemListElement":[{"@type":"ListItem","position":1,"name":"Inicio","item":"https:\/\/www.bbmnoticias.com\/labravaradiofm\/"},{"@type":"ListItem","position":2,"name":"Estudiantes zapotecas ganan Premio Mundial Juvenil del Agua"}]},{"@type":"WebSite","@id":"https:\/\/www.bbmnoticias.com\/labravaradiofm\/#website","url":"https:\/\/www.bbmnoticias.com\/labravaradiofm\/","name":"LA BRAVA RADIO","description":"Empresa productora de medios, Radiodifusi\u00f3n, Noticias, tendencias y todo lo que necesitas saber de la pol\u00edtica mexicana e internacional; entretenimiento, espect\u00e1culos, salud y mucho m\u00e1s.","potentialAction":[{"@type":"SearchAction","target":{"@type":"EntryPoint","urlTemplate":"https:\/\/www.bbmnoticias.com\/labravaradiofm\/?s={search_term_string}"},"query-input":{"@type":"PropertyValueSpecification","valueRequired":true,"valueName":"search_term_string"}}],"inLanguage":"es"},{"@type":"Person","@id":"https:\/\/www.bbmnoticias.com\/labravaradiofm\/#\/schema\/person\/34b139c617a70ea5bef5678bffe4dd7b","name":"Staff","image":{"@type":"ImageObject","inLanguage":"es","@id":"https:\/\/secure.gravatar.com\/avatar\/fdd21ad66fd8b98c407f9dee5b5e588cfe7f0d8579ec20fa6527cd59bab7f0f0?s=96&d=mm&r=g","url":"https:\/\/secure.gravatar.com\/avatar\/fdd21ad66fd8b98c407f9dee5b5e588cfe7f0d8579ec20fa6527cd59bab7f0f0?s=96&d=mm&r=g","contentUrl":"https:\/\/secure.gravatar.com\/avatar\/fdd21ad66fd8b98c407f9dee5b5e588cfe7f0d8579ec20fa6527cd59bab7f0f0?s=96&d=mm&r=g","caption":"Staff"},"url":"https:\/\/www.bbmnoticias.com\/labravaradiofm\/author\/redaccion\/"}]}},"_links":{"self":[{"href":"https:\/\/www.bbmnoticias.com\/labravaradiofm\/wp-json\/wp\/v2\/posts\/46302","targetHints":{"allow":["GET"]}}],"collection":[{"href":"https:\/\/www.bbmnoticias.com\/labravaradiofm\/wp-json\/wp\/v2\/posts"}],"about":[{"href":"https:\/\/www.bbmnoticias.com\/labravaradiofm\/wp-json\/wp\/v2\/types\/post"}],"author":[{"embeddable":true,"href":"https:\/\/www.bbmnoticias.com\/labravaradiofm\/wp-json\/wp\/v2\/users\/2"}],"replies":[{"embeddable":true,"href":"https:\/\/www.bbmnoticias.com\/labravaradiofm\/wp-json\/wp\/v2\/comments?post=46302"}],"version-history":[{"count":0,"href":"https:\/\/www.bbmnoticias.com\/labravaradiofm\/wp-json\/wp\/v2\/posts\/46302\/revisions"}],"wp:featuredmedia":[{"embeddable":true,"href":"https:\/\/www.bbmnoticias.com\/labravaradiofm\/wp-json\/wp\/v2\/media\/46303"}],"wp:attachment":[{"href":"https:\/\/www.bbmnoticias.com\/labravaradiofm\/wp-json\/wp\/v2\/media?parent=46302"}],"wp:term":[{"taxonomy":"category","embeddable":true,"href":"https:\/\/www.bbmnoticias.com\/labravaradiofm\/wp-json\/wp\/v2\/categories?post=46302"},{"taxonomy":"post_tag","embeddable":true,"href":"https:\/\/www.bbmnoticias.com\/labravaradiofm\/wp-json\/wp\/v2\/tags?post=46302"}],"curies":[{"name":"wp","href":"https:\/\/api.w.org\/{rel}","templated":true}]}}