{"id":46289,"date":"2024-08-28T09:46:00","date_gmt":"2024-08-28T15:46:00","guid":{"rendered":"https:\/\/www.bbmnoticias.com\/labravaradiofm\/?p=46289"},"modified":"2024-08-28T09:46:03","modified_gmt":"2024-08-28T15:46:03","slug":"realizan-con-exito-segunda-funcion-de-tardes-de-jardin","status":"publish","type":"post","link":"https:\/\/www.bbmnoticias.com\/labravaradiofm\/2024\/08\/28\/realizan-con-exito-segunda-funcion-de-tardes-de-jardin\/","title":{"rendered":"Realizan con \u00e9xito segunda funci\u00f3n de \u201cTardes de Jard\u00edn\u201d"},"content":{"rendered":"<div style=\"margin-top: 0px; margin-bottom: 0px;\" class=\"sharethis-inline-share-buttons\" ><\/div>\n<p><strong>Oaxaca de Ju\u00e1rez, Oax. 28 de agosto de 2024.- <\/strong>Desde la Costa oaxaque\u00f1a el grupo Baa-Tihu de R\u00edo Grande, arrib\u00f3 a la Plazuela del Aljibe del Jard\u00edn Etnobot\u00e1nico en la Ciudad de Oaxaca de Ju\u00e1rez para participar en el segundo concierto de \u201cTardes de Jard\u00edn\u201d, enmarcado en el D\u00eda Internacional de las Personas Afrodescendientes que se conmemora cada 31 de agosto.<\/p>\n\n\n\n<p>Este evento que organizan de manera coordinada la Secretar\u00eda de las Culturas y Artes (Seculta), la Oficina de Convenciones, Congresos y Eventos de Oaxaca (OCCE), la Hemeroteca P\u00fablica de Oaxaca N\u00e9stor S\u00e1nchez Hern\u00e1ndez y el Jard\u00edn Etnobot\u00e1nico tiene como objetivo la apertura de espacios para que las personas ejerzan su derecho a la cultura.<\/p>\n\n\n\n<p>En este sentido, Baa-Tihu es una agrupaci\u00f3n de m\u00fasica tradicional que se ha dedicado a revitalizar y rescatar la herencia cultural afromexicana, transmitida por las personas migrantes de la localidad de Collantes durante inicios del siglo pasado.<\/p>\n\n\n\n<p>El grupo de cuerdas tradicional es dirigido por Gregorio Adalid Sandoval, quien es acompa\u00f1ado por sus hijos, encargadas y encargados de la ejecuci\u00f3n de instrumentos musicales. \u201cQueremos dar a conocer a nuevas generaciones esta m\u00fasica para que no se pierda\u201d, dijeron.<\/p>\n\n\n\n<p>El repertorio ejecutado en las \u201cTardes de jard\u00edn\u201d, estuvo conformado por Sones de Artesa, piezas de los Diablos de R\u00edo Grande y de la Vela de los Angelitos, arroyos y palomos tradicionales.<\/p>\n\n\n\n<p>Decenas de personas disfrutaron de estas piezas en la plazuela de 700 metros cuadrados, que rodeada de plantas end\u00e9micas de Oaxaca, brind\u00f3 un ambiente \u00fanico a la tarde.<\/p>\n\n\n\n<p>Con estas acciones, el Gobierno de la Primavera Oaxaque\u00f1a instruye acciones para el rescate de las expresiones culturales y tradiciones de las 16 etnias y el pueblo afromexicano atendiendo el eje de la Interculturalidad, una de las bases de la actual administraci\u00f3n.<\/p>\n","protected":false},"excerpt":{"rendered":"<p>Oaxaca de Ju\u00e1rez, Oax. 28 de agosto de 2024.- Desde la Costa oaxaque\u00f1a el grupo Baa-Tihu de R\u00edo Grande, arrib\u00f3 a la Plazuela del Aljibe del Jard\u00edn Etnobot\u00e1nico en la Ciudad de Oaxaca de Ju\u00e1rez para participar en el segundo concierto de \u201cTardes de Jard\u00edn\u201d, enmarcado en el D\u00eda Internacional de las Personas Afrodescendientes que [&hellip;]<\/p>\n","protected":false},"author":2,"featured_media":46290,"comment_status":"closed","ping_status":"closed","sticky":false,"template":"","format":"standard","meta":{"footnotes":""},"categories":[2],"tags":[],"class_list":{"0":"post-46289","1":"post","2":"type-post","3":"status-publish","4":"format-standard","5":"has-post-thumbnail","7":"category-oaxaca"},"yoast_head":"<!-- This site is optimized with the Yoast SEO plugin v27.4 - https:\/\/yoast.com\/product\/yoast-seo-wordpress\/ -->\n<title>Realizan con \u00e9xito segunda funci\u00f3n de \u201cTardes de Jard\u00edn\u201d - LA BRAVA RADIO<\/title>\n<meta name=\"robots\" content=\"index, follow, max-snippet:-1, max-image-preview:large, max-video-preview:-1\" \/>\n<link rel=\"canonical\" href=\"https:\/\/www.bbmnoticias.com\/labravaradiofm\/2024\/08\/28\/realizan-con-exito-segunda-funcion-de-tardes-de-jardin\/\" \/>\n<meta property=\"og:locale\" content=\"es_MX\" \/>\n<meta property=\"og:type\" content=\"article\" \/>\n<meta property=\"og:title\" content=\"Realizan con \u00e9xito segunda funci\u00f3n de \u201cTardes de Jard\u00edn\u201d - LA BRAVA RADIO\" \/>\n<meta property=\"og:description\" content=\"Oaxaca de Ju\u00e1rez, Oax. 28 de agosto de 2024.- Desde la Costa oaxaque\u00f1a el grupo Baa-Tihu de R\u00edo Grande, arrib\u00f3 a la Plazuela del Aljibe del Jard\u00edn Etnobot\u00e1nico en la Ciudad de Oaxaca de Ju\u00e1rez para participar en el segundo concierto de \u201cTardes de Jard\u00edn\u201d, enmarcado en el D\u00eda Internacional de las Personas Afrodescendientes que [&hellip;]\" \/>\n<meta property=\"og:url\" content=\"https:\/\/www.bbmnoticias.com\/labravaradiofm\/2024\/08\/28\/realizan-con-exito-segunda-funcion-de-tardes-de-jardin\/\" \/>\n<meta property=\"og:site_name\" content=\"LA BRAVA RADIO\" \/>\n<meta property=\"article:published_time\" content=\"2024-08-28T15:46:00+00:00\" \/>\n<meta property=\"article:modified_time\" content=\"2024-08-28T15:46:03+00:00\" \/>\n<meta property=\"og:image\" content=\"https:\/\/www.bbmnoticias.com\/labravaradiofm\/wp-content\/uploads\/sites\/5\/2024\/08\/tardes-de-jardin.jpg\" \/>\n\t<meta property=\"og:image:width\" content=\"800\" \/>\n\t<meta property=\"og:image:height\" content=\"535\" \/>\n\t<meta property=\"og:image:type\" content=\"image\/jpeg\" \/>\n<meta name=\"author\" content=\"Staff\" \/>\n<meta name=\"twitter:card\" content=\"summary_large_image\" \/>\n<meta name=\"twitter:label1\" content=\"Escrito por\" \/>\n\t<meta name=\"twitter:data1\" content=\"Staff\" \/>\n\t<meta name=\"twitter:label2\" content=\"Tiempo de lectura\" \/>\n\t<meta name=\"twitter:data2\" content=\"2 minutos\" \/>\n<script type=\"application\/ld+json\" class=\"yoast-schema-graph\">{\"@context\":\"https:\\\/\\\/schema.org\",\"@graph\":[{\"@type\":\"Article\",\"@id\":\"https:\\\/\\\/www.bbmnoticias.com\\\/labravaradiofm\\\/2024\\\/08\\\/28\\\/realizan-con-exito-segunda-funcion-de-tardes-de-jardin\\\/#article\",\"isPartOf\":{\"@id\":\"https:\\\/\\\/www.bbmnoticias.com\\\/labravaradiofm\\\/2024\\\/08\\\/28\\\/realizan-con-exito-segunda-funcion-de-tardes-de-jardin\\\/\"},\"author\":{\"name\":\"Staff\",\"@id\":\"https:\\\/\\\/www.bbmnoticias.com\\\/labravaradiofm\\\/#\\\/schema\\\/person\\\/34b139c617a70ea5bef5678bffe4dd7b\"},\"headline\":\"Realizan con \u00e9xito segunda funci\u00f3n de \u201cTardes de Jard\u00edn\u201d\",\"datePublished\":\"2024-08-28T15:46:00+00:00\",\"dateModified\":\"2024-08-28T15:46:03+00:00\",\"mainEntityOfPage\":{\"@id\":\"https:\\\/\\\/www.bbmnoticias.com\\\/labravaradiofm\\\/2024\\\/08\\\/28\\\/realizan-con-exito-segunda-funcion-de-tardes-de-jardin\\\/\"},\"wordCount\":327,\"image\":{\"@id\":\"https:\\\/\\\/www.bbmnoticias.com\\\/labravaradiofm\\\/2024\\\/08\\\/28\\\/realizan-con-exito-segunda-funcion-de-tardes-de-jardin\\\/#primaryimage\"},\"thumbnailUrl\":\"https:\\\/\\\/www.bbmnoticias.com\\\/labravaradiofm\\\/wp-content\\\/uploads\\\/sites\\\/5\\\/2024\\\/08\\\/tardes-de-jardin.jpg\",\"articleSection\":[\"LOCAL\"],\"inLanguage\":\"es\"},{\"@type\":\"WebPage\",\"@id\":\"https:\\\/\\\/www.bbmnoticias.com\\\/labravaradiofm\\\/2024\\\/08\\\/28\\\/realizan-con-exito-segunda-funcion-de-tardes-de-jardin\\\/\",\"url\":\"https:\\\/\\\/www.bbmnoticias.com\\\/labravaradiofm\\\/2024\\\/08\\\/28\\\/realizan-con-exito-segunda-funcion-de-tardes-de-jardin\\\/\",\"name\":\"Realizan con \u00e9xito segunda funci\u00f3n de \u201cTardes de Jard\u00edn\u201d - LA BRAVA RADIO\",\"isPartOf\":{\"@id\":\"https:\\\/\\\/www.bbmnoticias.com\\\/labravaradiofm\\\/#website\"},\"primaryImageOfPage\":{\"@id\":\"https:\\\/\\\/www.bbmnoticias.com\\\/labravaradiofm\\\/2024\\\/08\\\/28\\\/realizan-con-exito-segunda-funcion-de-tardes-de-jardin\\\/#primaryimage\"},\"image\":{\"@id\":\"https:\\\/\\\/www.bbmnoticias.com\\\/labravaradiofm\\\/2024\\\/08\\\/28\\\/realizan-con-exito-segunda-funcion-de-tardes-de-jardin\\\/#primaryimage\"},\"thumbnailUrl\":\"https:\\\/\\\/www.bbmnoticias.com\\\/labravaradiofm\\\/wp-content\\\/uploads\\\/sites\\\/5\\\/2024\\\/08\\\/tardes-de-jardin.jpg\",\"datePublished\":\"2024-08-28T15:46:00+00:00\",\"dateModified\":\"2024-08-28T15:46:03+00:00\",\"author\":{\"@id\":\"https:\\\/\\\/www.bbmnoticias.com\\\/labravaradiofm\\\/#\\\/schema\\\/person\\\/34b139c617a70ea5bef5678bffe4dd7b\"},\"breadcrumb\":{\"@id\":\"https:\\\/\\\/www.bbmnoticias.com\\\/labravaradiofm\\\/2024\\\/08\\\/28\\\/realizan-con-exito-segunda-funcion-de-tardes-de-jardin\\\/#breadcrumb\"},\"inLanguage\":\"es\",\"potentialAction\":[{\"@type\":\"ReadAction\",\"target\":[\"https:\\\/\\\/www.bbmnoticias.com\\\/labravaradiofm\\\/2024\\\/08\\\/28\\\/realizan-con-exito-segunda-funcion-de-tardes-de-jardin\\\/\"]}]},{\"@type\":\"ImageObject\",\"inLanguage\":\"es\",\"@id\":\"https:\\\/\\\/www.bbmnoticias.com\\\/labravaradiofm\\\/2024\\\/08\\\/28\\\/realizan-con-exito-segunda-funcion-de-tardes-de-jardin\\\/#primaryimage\",\"url\":\"https:\\\/\\\/www.bbmnoticias.com\\\/labravaradiofm\\\/wp-content\\\/uploads\\\/sites\\\/5\\\/2024\\\/08\\\/tardes-de-jardin.jpg\",\"contentUrl\":\"https:\\\/\\\/www.bbmnoticias.com\\\/labravaradiofm\\\/wp-content\\\/uploads\\\/sites\\\/5\\\/2024\\\/08\\\/tardes-de-jardin.jpg\",\"width\":800,\"height\":535},{\"@type\":\"BreadcrumbList\",\"@id\":\"https:\\\/\\\/www.bbmnoticias.com\\\/labravaradiofm\\\/2024\\\/08\\\/28\\\/realizan-con-exito-segunda-funcion-de-tardes-de-jardin\\\/#breadcrumb\",\"itemListElement\":[{\"@type\":\"ListItem\",\"position\":1,\"name\":\"Inicio\",\"item\":\"https:\\\/\\\/www.bbmnoticias.com\\\/labravaradiofm\\\/\"},{\"@type\":\"ListItem\",\"position\":2,\"name\":\"Realizan con \u00e9xito segunda funci\u00f3n de \u201cTardes de Jard\u00edn\u201d\"}]},{\"@type\":\"WebSite\",\"@id\":\"https:\\\/\\\/www.bbmnoticias.com\\\/labravaradiofm\\\/#website\",\"url\":\"https:\\\/\\\/www.bbmnoticias.com\\\/labravaradiofm\\\/\",\"name\":\"LA BRAVA RADIO\",\"description\":\"Empresa productora de medios, Radiodifusi\u00f3n, Noticias, tendencias y todo lo que necesitas saber de la pol\u00edtica mexicana e internacional; entretenimiento, espect\u00e1culos, salud y mucho m\u00e1s.\",\"potentialAction\":[{\"@type\":\"SearchAction\",\"target\":{\"@type\":\"EntryPoint\",\"urlTemplate\":\"https:\\\/\\\/www.bbmnoticias.com\\\/labravaradiofm\\\/?s={search_term_string}\"},\"query-input\":{\"@type\":\"PropertyValueSpecification\",\"valueRequired\":true,\"valueName\":\"search_term_string\"}}],\"inLanguage\":\"es\"},{\"@type\":\"Person\",\"@id\":\"https:\\\/\\\/www.bbmnoticias.com\\\/labravaradiofm\\\/#\\\/schema\\\/person\\\/34b139c617a70ea5bef5678bffe4dd7b\",\"name\":\"Staff\",\"image\":{\"@type\":\"ImageObject\",\"inLanguage\":\"es\",\"@id\":\"https:\\\/\\\/secure.gravatar.com\\\/avatar\\\/fdd21ad66fd8b98c407f9dee5b5e588cfe7f0d8579ec20fa6527cd59bab7f0f0?s=96&d=mm&r=g\",\"url\":\"https:\\\/\\\/secure.gravatar.com\\\/avatar\\\/fdd21ad66fd8b98c407f9dee5b5e588cfe7f0d8579ec20fa6527cd59bab7f0f0?s=96&d=mm&r=g\",\"contentUrl\":\"https:\\\/\\\/secure.gravatar.com\\\/avatar\\\/fdd21ad66fd8b98c407f9dee5b5e588cfe7f0d8579ec20fa6527cd59bab7f0f0?s=96&d=mm&r=g\",\"caption\":\"Staff\"},\"url\":\"https:\\\/\\\/www.bbmnoticias.com\\\/labravaradiofm\\\/author\\\/redaccion\\\/\"}]}<\/script>\n<!-- \/ Yoast SEO plugin. -->","yoast_head_json":{"title":"Realizan con \u00e9xito segunda funci\u00f3n de \u201cTardes de Jard\u00edn\u201d - LA BRAVA RADIO","robots":{"index":"index","follow":"follow","max-snippet":"max-snippet:-1","max-image-preview":"max-image-preview:large","max-video-preview":"max-video-preview:-1"},"canonical":"https:\/\/www.bbmnoticias.com\/labravaradiofm\/2024\/08\/28\/realizan-con-exito-segunda-funcion-de-tardes-de-jardin\/","og_locale":"es_MX","og_type":"article","og_title":"Realizan con \u00e9xito segunda funci\u00f3n de \u201cTardes de Jard\u00edn\u201d - LA BRAVA RADIO","og_description":"Oaxaca de Ju\u00e1rez, Oax. 28 de agosto de 2024.- Desde la Costa oaxaque\u00f1a el grupo Baa-Tihu de R\u00edo Grande, arrib\u00f3 a la Plazuela del Aljibe del Jard\u00edn Etnobot\u00e1nico en la Ciudad de Oaxaca de Ju\u00e1rez para participar en el segundo concierto de \u201cTardes de Jard\u00edn\u201d, enmarcado en el D\u00eda Internacional de las Personas Afrodescendientes que [&hellip;]","og_url":"https:\/\/www.bbmnoticias.com\/labravaradiofm\/2024\/08\/28\/realizan-con-exito-segunda-funcion-de-tardes-de-jardin\/","og_site_name":"LA BRAVA RADIO","article_published_time":"2024-08-28T15:46:00+00:00","article_modified_time":"2024-08-28T15:46:03+00:00","og_image":[{"width":800,"height":535,"url":"https:\/\/www.bbmnoticias.com\/labravaradiofm\/wp-content\/uploads\/sites\/5\/2024\/08\/tardes-de-jardin.jpg","type":"image\/jpeg"}],"author":"Staff","twitter_card":"summary_large_image","twitter_misc":{"Escrito por":"Staff","Tiempo de lectura":"2 minutos"},"schema":{"@context":"https:\/\/schema.org","@graph":[{"@type":"Article","@id":"https:\/\/www.bbmnoticias.com\/labravaradiofm\/2024\/08\/28\/realizan-con-exito-segunda-funcion-de-tardes-de-jardin\/#article","isPartOf":{"@id":"https:\/\/www.bbmnoticias.com\/labravaradiofm\/2024\/08\/28\/realizan-con-exito-segunda-funcion-de-tardes-de-jardin\/"},"author":{"name":"Staff","@id":"https:\/\/www.bbmnoticias.com\/labravaradiofm\/#\/schema\/person\/34b139c617a70ea5bef5678bffe4dd7b"},"headline":"Realizan con \u00e9xito segunda funci\u00f3n de \u201cTardes de Jard\u00edn\u201d","datePublished":"2024-08-28T15:46:00+00:00","dateModified":"2024-08-28T15:46:03+00:00","mainEntityOfPage":{"@id":"https:\/\/www.bbmnoticias.com\/labravaradiofm\/2024\/08\/28\/realizan-con-exito-segunda-funcion-de-tardes-de-jardin\/"},"wordCount":327,"image":{"@id":"https:\/\/www.bbmnoticias.com\/labravaradiofm\/2024\/08\/28\/realizan-con-exito-segunda-funcion-de-tardes-de-jardin\/#primaryimage"},"thumbnailUrl":"https:\/\/www.bbmnoticias.com\/labravaradiofm\/wp-content\/uploads\/sites\/5\/2024\/08\/tardes-de-jardin.jpg","articleSection":["LOCAL"],"inLanguage":"es"},{"@type":"WebPage","@id":"https:\/\/www.bbmnoticias.com\/labravaradiofm\/2024\/08\/28\/realizan-con-exito-segunda-funcion-de-tardes-de-jardin\/","url":"https:\/\/www.bbmnoticias.com\/labravaradiofm\/2024\/08\/28\/realizan-con-exito-segunda-funcion-de-tardes-de-jardin\/","name":"Realizan con \u00e9xito segunda funci\u00f3n de \u201cTardes de Jard\u00edn\u201d - LA BRAVA RADIO","isPartOf":{"@id":"https:\/\/www.bbmnoticias.com\/labravaradiofm\/#website"},"primaryImageOfPage":{"@id":"https:\/\/www.bbmnoticias.com\/labravaradiofm\/2024\/08\/28\/realizan-con-exito-segunda-funcion-de-tardes-de-jardin\/#primaryimage"},"image":{"@id":"https:\/\/www.bbmnoticias.com\/labravaradiofm\/2024\/08\/28\/realizan-con-exito-segunda-funcion-de-tardes-de-jardin\/#primaryimage"},"thumbnailUrl":"https:\/\/www.bbmnoticias.com\/labravaradiofm\/wp-content\/uploads\/sites\/5\/2024\/08\/tardes-de-jardin.jpg","datePublished":"2024-08-28T15:46:00+00:00","dateModified":"2024-08-28T15:46:03+00:00","author":{"@id":"https:\/\/www.bbmnoticias.com\/labravaradiofm\/#\/schema\/person\/34b139c617a70ea5bef5678bffe4dd7b"},"breadcrumb":{"@id":"https:\/\/www.bbmnoticias.com\/labravaradiofm\/2024\/08\/28\/realizan-con-exito-segunda-funcion-de-tardes-de-jardin\/#breadcrumb"},"inLanguage":"es","potentialAction":[{"@type":"ReadAction","target":["https:\/\/www.bbmnoticias.com\/labravaradiofm\/2024\/08\/28\/realizan-con-exito-segunda-funcion-de-tardes-de-jardin\/"]}]},{"@type":"ImageObject","inLanguage":"es","@id":"https:\/\/www.bbmnoticias.com\/labravaradiofm\/2024\/08\/28\/realizan-con-exito-segunda-funcion-de-tardes-de-jardin\/#primaryimage","url":"https:\/\/www.bbmnoticias.com\/labravaradiofm\/wp-content\/uploads\/sites\/5\/2024\/08\/tardes-de-jardin.jpg","contentUrl":"https:\/\/www.bbmnoticias.com\/labravaradiofm\/wp-content\/uploads\/sites\/5\/2024\/08\/tardes-de-jardin.jpg","width":800,"height":535},{"@type":"BreadcrumbList","@id":"https:\/\/www.bbmnoticias.com\/labravaradiofm\/2024\/08\/28\/realizan-con-exito-segunda-funcion-de-tardes-de-jardin\/#breadcrumb","itemListElement":[{"@type":"ListItem","position":1,"name":"Inicio","item":"https:\/\/www.bbmnoticias.com\/labravaradiofm\/"},{"@type":"ListItem","position":2,"name":"Realizan con \u00e9xito segunda funci\u00f3n de \u201cTardes de Jard\u00edn\u201d"}]},{"@type":"WebSite","@id":"https:\/\/www.bbmnoticias.com\/labravaradiofm\/#website","url":"https:\/\/www.bbmnoticias.com\/labravaradiofm\/","name":"LA BRAVA RADIO","description":"Empresa productora de medios, Radiodifusi\u00f3n, Noticias, tendencias y todo lo que necesitas saber de la pol\u00edtica mexicana e internacional; entretenimiento, espect\u00e1culos, salud y mucho m\u00e1s.","potentialAction":[{"@type":"SearchAction","target":{"@type":"EntryPoint","urlTemplate":"https:\/\/www.bbmnoticias.com\/labravaradiofm\/?s={search_term_string}"},"query-input":{"@type":"PropertyValueSpecification","valueRequired":true,"valueName":"search_term_string"}}],"inLanguage":"es"},{"@type":"Person","@id":"https:\/\/www.bbmnoticias.com\/labravaradiofm\/#\/schema\/person\/34b139c617a70ea5bef5678bffe4dd7b","name":"Staff","image":{"@type":"ImageObject","inLanguage":"es","@id":"https:\/\/secure.gravatar.com\/avatar\/fdd21ad66fd8b98c407f9dee5b5e588cfe7f0d8579ec20fa6527cd59bab7f0f0?s=96&d=mm&r=g","url":"https:\/\/secure.gravatar.com\/avatar\/fdd21ad66fd8b98c407f9dee5b5e588cfe7f0d8579ec20fa6527cd59bab7f0f0?s=96&d=mm&r=g","contentUrl":"https:\/\/secure.gravatar.com\/avatar\/fdd21ad66fd8b98c407f9dee5b5e588cfe7f0d8579ec20fa6527cd59bab7f0f0?s=96&d=mm&r=g","caption":"Staff"},"url":"https:\/\/www.bbmnoticias.com\/labravaradiofm\/author\/redaccion\/"}]}},"_links":{"self":[{"href":"https:\/\/www.bbmnoticias.com\/labravaradiofm\/wp-json\/wp\/v2\/posts\/46289","targetHints":{"allow":["GET"]}}],"collection":[{"href":"https:\/\/www.bbmnoticias.com\/labravaradiofm\/wp-json\/wp\/v2\/posts"}],"about":[{"href":"https:\/\/www.bbmnoticias.com\/labravaradiofm\/wp-json\/wp\/v2\/types\/post"}],"author":[{"embeddable":true,"href":"https:\/\/www.bbmnoticias.com\/labravaradiofm\/wp-json\/wp\/v2\/users\/2"}],"replies":[{"embeddable":true,"href":"https:\/\/www.bbmnoticias.com\/labravaradiofm\/wp-json\/wp\/v2\/comments?post=46289"}],"version-history":[{"count":0,"href":"https:\/\/www.bbmnoticias.com\/labravaradiofm\/wp-json\/wp\/v2\/posts\/46289\/revisions"}],"wp:featuredmedia":[{"embeddable":true,"href":"https:\/\/www.bbmnoticias.com\/labravaradiofm\/wp-json\/wp\/v2\/media\/46290"}],"wp:attachment":[{"href":"https:\/\/www.bbmnoticias.com\/labravaradiofm\/wp-json\/wp\/v2\/media?parent=46289"}],"wp:term":[{"taxonomy":"category","embeddable":true,"href":"https:\/\/www.bbmnoticias.com\/labravaradiofm\/wp-json\/wp\/v2\/categories?post=46289"},{"taxonomy":"post_tag","embeddable":true,"href":"https:\/\/www.bbmnoticias.com\/labravaradiofm\/wp-json\/wp\/v2\/tags?post=46289"}],"curies":[{"name":"wp","href":"https:\/\/api.w.org\/{rel}","templated":true}]}}