{"id":46286,"date":"2024-08-28T08:56:31","date_gmt":"2024-08-28T14:56:31","guid":{"rendered":"https:\/\/www.bbmnoticias.com\/labravaradiofm\/?p=46286"},"modified":"2024-08-28T08:56:33","modified_gmt":"2024-08-28T14:56:33","slug":"reforma-al-poder-judicial-podria-aprobarse-despues-del-1-de-septiembre-monreal","status":"publish","type":"post","link":"https:\/\/www.bbmnoticias.com\/labravaradiofm\/2024\/08\/28\/reforma-al-poder-judicial-podria-aprobarse-despues-del-1-de-septiembre-monreal\/","title":{"rendered":"Reforma al Poder Judicial podr\u00eda aprobarse despu\u00e9s del 1 de septiembre: Monreal"},"content":{"rendered":"<div style=\"margin-top: 0px; margin-bottom: 0px;\" class=\"sharethis-inline-share-buttons\" ><\/div>\n<p>La presidenta electa, Claudia Sheinbaum, pidi\u00f3 a los nuevos diputados federales de Morena que \u201c<strong>no se precipiten\u201d en la <\/strong>aprobaci\u00f3n de la reforma al Poder Judicial, que <strong>sean \u201ccuidadosos\u201d <\/strong>y que \u201c<strong>no se vulnere ninguna etapa procesal<\/strong>\u201d, revel\u00f3 el coordinador morenista de los legisladores, Ricardo Monreal.<\/p>\n\n\n\n<p>\u201cLo que la presidenta electa ha sugerido al grupo parlamentario es que sea cuidadoso con toda la etapa procesal, que no se vulnera ninguna etapa procesal y que no se precipite, que observemos estrictamente la ley\u201d, explic\u00f3.<\/p>\n\n\n\n<h2 class=\"wp-block-heading\">\u00bfReforma al Poder Judicial cu\u00e1ndo se vota?<\/h2>\n\n\n\n<p>En conferencia acompa\u00f1ado de Sheinbaum Pardo, Monreal afirm\u00f3 que \u201ces una sugerencia que me parece correcta. A pesar de que puede darse una segunda sesi\u00f3n, <strong>el <\/strong>1 de septiembre, no quiere decir que ese d\u00eda se vaya a aprobar la reforma\u201d.<\/p>\n\n\n\n<p>Coment\u00f3 que \u201che le\u00eddo algunas columnas, art\u00edculos y entrevistas que dicen que ese d\u00eda la vamos a aprobar, no, quiere decir que ese d\u00eda, en una sesi\u00f3n distinta a la instalaci\u00f3n del Congreso General, se puede iniciar el proceso legislativo y vamos a dar los plazos de la publicidad, la deliberaci\u00f3n, la discusi\u00f3n en lo general, la discusi\u00f3n en lo particular para hacer amplio todo el debate y que sepan todos los mexicanos se lo que estamos aprobando\u201d, expuso a periodistas.<\/p>\n\n\n\n<p>\u201cEs la sugerencia de la presidenta Claudia Sheinbaum\u201d, enfatiz\u00f3.<\/p>\n\n\n\n<h2 class=\"wp-block-heading\">Ricardo Monreal dirigir\u00e1 a Diputados en Morena<\/h2>\n\n\n\n<p>Tambi\u00e9n Monreal coment\u00f3 que l<strong>a presidenta les pidi\u00f3 \u201cactuar con generosidad y unidad\u201d en la designaci\u00f3n de la vicecoordinaci\u00f3n del grupo parlamentario<\/strong>, y que por eso no se decidi\u00f3 ayer mismo. Seguramente este mi\u00e9rcoles se definir\u00e1 y confi\u00f3 en que \u201cse har\u00e1 por consenso y unidad\u201d.<\/p>\n","protected":false},"excerpt":{"rendered":"<p>La presidenta electa, Claudia Sheinbaum, pidi\u00f3 a los nuevos diputados federales de Morena que \u201cno se precipiten\u201d en la aprobaci\u00f3n de la reforma al Poder Judicial, que sean \u201ccuidadosos\u201d y que \u201cno se vulnere ninguna etapa procesal\u201d, revel\u00f3 el coordinador morenista de los legisladores, Ricardo Monreal. \u201cLo que la presidenta electa ha sugerido al grupo [&hellip;]<\/p>\n","protected":false},"author":4,"featured_media":46287,"comment_status":"closed","ping_status":"closed","sticky":false,"template":"","format":"standard","meta":{"footnotes":""},"categories":[1025,19],"tags":[],"class_list":{"0":"post-46286","1":"post","2":"type-post","3":"status-publish","4":"format-standard","5":"has-post-thumbnail","7":"category-destacado","8":"category-nacional"},"yoast_head":"<!-- This site is optimized with the Yoast SEO plugin v27.4 - https:\/\/yoast.com\/product\/yoast-seo-wordpress\/ -->\n<title>Reforma al Poder Judicial podr\u00eda aprobarse despu\u00e9s del 1 de septiembre: Monreal - LA BRAVA RADIO<\/title>\n<meta name=\"robots\" content=\"index, follow, max-snippet:-1, max-image-preview:large, max-video-preview:-1\" \/>\n<link rel=\"canonical\" href=\"https:\/\/www.bbmnoticias.com\/labravaradiofm\/2024\/08\/28\/reforma-al-poder-judicial-podria-aprobarse-despues-del-1-de-septiembre-monreal\/\" \/>\n<meta property=\"og:locale\" content=\"es_MX\" \/>\n<meta property=\"og:type\" content=\"article\" \/>\n<meta property=\"og:title\" content=\"Reforma al Poder Judicial podr\u00eda aprobarse despu\u00e9s del 1 de septiembre: Monreal - LA BRAVA RADIO\" \/>\n<meta property=\"og:description\" content=\"La presidenta electa, Claudia Sheinbaum, pidi\u00f3 a los nuevos diputados federales de Morena que \u201cno se precipiten\u201d en la aprobaci\u00f3n de la reforma al Poder Judicial, que sean \u201ccuidadosos\u201d y que \u201cno se vulnere ninguna etapa procesal\u201d, revel\u00f3 el coordinador morenista de los legisladores, Ricardo Monreal. \u201cLo que la presidenta electa ha sugerido al grupo [&hellip;]\" \/>\n<meta property=\"og:url\" content=\"https:\/\/www.bbmnoticias.com\/labravaradiofm\/2024\/08\/28\/reforma-al-poder-judicial-podria-aprobarse-despues-del-1-de-septiembre-monreal\/\" \/>\n<meta property=\"og:site_name\" content=\"LA BRAVA RADIO\" \/>\n<meta property=\"article:published_time\" content=\"2024-08-28T14:56:31+00:00\" \/>\n<meta property=\"article:modified_time\" content=\"2024-08-28T14:56:33+00:00\" \/>\n<meta property=\"og:image\" content=\"https:\/\/www.bbmnoticias.com\/labravaradiofm\/wp-content\/uploads\/sites\/5\/2024\/08\/reforma-judicial-1.jpg\" \/>\n\t<meta property=\"og:image:width\" content=\"800\" \/>\n\t<meta property=\"og:image:height\" content=\"534\" \/>\n\t<meta property=\"og:image:type\" content=\"image\/jpeg\" \/>\n<meta name=\"author\" content=\"Agencias\" \/>\n<meta name=\"twitter:card\" content=\"summary_large_image\" \/>\n<meta name=\"twitter:label1\" content=\"Escrito por\" \/>\n\t<meta name=\"twitter:data1\" content=\"Agencias\" \/>\n\t<meta name=\"twitter:label2\" content=\"Tiempo de lectura\" \/>\n\t<meta name=\"twitter:data2\" content=\"2 minutos\" \/>\n<script type=\"application\/ld+json\" class=\"yoast-schema-graph\">{\"@context\":\"https:\\\/\\\/schema.org\",\"@graph\":[{\"@type\":\"Article\",\"@id\":\"https:\\\/\\\/www.bbmnoticias.com\\\/labravaradiofm\\\/2024\\\/08\\\/28\\\/reforma-al-poder-judicial-podria-aprobarse-despues-del-1-de-septiembre-monreal\\\/#article\",\"isPartOf\":{\"@id\":\"https:\\\/\\\/www.bbmnoticias.com\\\/labravaradiofm\\\/2024\\\/08\\\/28\\\/reforma-al-poder-judicial-podria-aprobarse-despues-del-1-de-septiembre-monreal\\\/\"},\"author\":{\"name\":\"Agencias\",\"@id\":\"https:\\\/\\\/www.bbmnoticias.com\\\/labravaradiofm\\\/#\\\/schema\\\/person\\\/857a3daf5c8142f29919023f377fbfad\"},\"headline\":\"Reforma al Poder Judicial podr\u00eda aprobarse despu\u00e9s del 1 de septiembre: Monreal\",\"datePublished\":\"2024-08-28T14:56:31+00:00\",\"dateModified\":\"2024-08-28T14:56:33+00:00\",\"mainEntityOfPage\":{\"@id\":\"https:\\\/\\\/www.bbmnoticias.com\\\/labravaradiofm\\\/2024\\\/08\\\/28\\\/reforma-al-poder-judicial-podria-aprobarse-despues-del-1-de-septiembre-monreal\\\/\"},\"wordCount\":304,\"image\":{\"@id\":\"https:\\\/\\\/www.bbmnoticias.com\\\/labravaradiofm\\\/2024\\\/08\\\/28\\\/reforma-al-poder-judicial-podria-aprobarse-despues-del-1-de-septiembre-monreal\\\/#primaryimage\"},\"thumbnailUrl\":\"https:\\\/\\\/www.bbmnoticias.com\\\/labravaradiofm\\\/wp-content\\\/uploads\\\/sites\\\/5\\\/2024\\\/08\\\/reforma-judicial-1.jpg\",\"articleSection\":[\"DESTACADO\",\"NACIONAL\"],\"inLanguage\":\"es\"},{\"@type\":\"WebPage\",\"@id\":\"https:\\\/\\\/www.bbmnoticias.com\\\/labravaradiofm\\\/2024\\\/08\\\/28\\\/reforma-al-poder-judicial-podria-aprobarse-despues-del-1-de-septiembre-monreal\\\/\",\"url\":\"https:\\\/\\\/www.bbmnoticias.com\\\/labravaradiofm\\\/2024\\\/08\\\/28\\\/reforma-al-poder-judicial-podria-aprobarse-despues-del-1-de-septiembre-monreal\\\/\",\"name\":\"Reforma al Poder Judicial podr\u00eda aprobarse despu\u00e9s del 1 de septiembre: Monreal - LA BRAVA RADIO\",\"isPartOf\":{\"@id\":\"https:\\\/\\\/www.bbmnoticias.com\\\/labravaradiofm\\\/#website\"},\"primaryImageOfPage\":{\"@id\":\"https:\\\/\\\/www.bbmnoticias.com\\\/labravaradiofm\\\/2024\\\/08\\\/28\\\/reforma-al-poder-judicial-podria-aprobarse-despues-del-1-de-septiembre-monreal\\\/#primaryimage\"},\"image\":{\"@id\":\"https:\\\/\\\/www.bbmnoticias.com\\\/labravaradiofm\\\/2024\\\/08\\\/28\\\/reforma-al-poder-judicial-podria-aprobarse-despues-del-1-de-septiembre-monreal\\\/#primaryimage\"},\"thumbnailUrl\":\"https:\\\/\\\/www.bbmnoticias.com\\\/labravaradiofm\\\/wp-content\\\/uploads\\\/sites\\\/5\\\/2024\\\/08\\\/reforma-judicial-1.jpg\",\"datePublished\":\"2024-08-28T14:56:31+00:00\",\"dateModified\":\"2024-08-28T14:56:33+00:00\",\"author\":{\"@id\":\"https:\\\/\\\/www.bbmnoticias.com\\\/labravaradiofm\\\/#\\\/schema\\\/person\\\/857a3daf5c8142f29919023f377fbfad\"},\"breadcrumb\":{\"@id\":\"https:\\\/\\\/www.bbmnoticias.com\\\/labravaradiofm\\\/2024\\\/08\\\/28\\\/reforma-al-poder-judicial-podria-aprobarse-despues-del-1-de-septiembre-monreal\\\/#breadcrumb\"},\"inLanguage\":\"es\",\"potentialAction\":[{\"@type\":\"ReadAction\",\"target\":[\"https:\\\/\\\/www.bbmnoticias.com\\\/labravaradiofm\\\/2024\\\/08\\\/28\\\/reforma-al-poder-judicial-podria-aprobarse-despues-del-1-de-septiembre-monreal\\\/\"]}]},{\"@type\":\"ImageObject\",\"inLanguage\":\"es\",\"@id\":\"https:\\\/\\\/www.bbmnoticias.com\\\/labravaradiofm\\\/2024\\\/08\\\/28\\\/reforma-al-poder-judicial-podria-aprobarse-despues-del-1-de-septiembre-monreal\\\/#primaryimage\",\"url\":\"https:\\\/\\\/www.bbmnoticias.com\\\/labravaradiofm\\\/wp-content\\\/uploads\\\/sites\\\/5\\\/2024\\\/08\\\/reforma-judicial-1.jpg\",\"contentUrl\":\"https:\\\/\\\/www.bbmnoticias.com\\\/labravaradiofm\\\/wp-content\\\/uploads\\\/sites\\\/5\\\/2024\\\/08\\\/reforma-judicial-1.jpg\",\"width\":800,\"height\":534},{\"@type\":\"BreadcrumbList\",\"@id\":\"https:\\\/\\\/www.bbmnoticias.com\\\/labravaradiofm\\\/2024\\\/08\\\/28\\\/reforma-al-poder-judicial-podria-aprobarse-despues-del-1-de-septiembre-monreal\\\/#breadcrumb\",\"itemListElement\":[{\"@type\":\"ListItem\",\"position\":1,\"name\":\"Inicio\",\"item\":\"https:\\\/\\\/www.bbmnoticias.com\\\/labravaradiofm\\\/\"},{\"@type\":\"ListItem\",\"position\":2,\"name\":\"Reforma al Poder Judicial podr\u00eda aprobarse despu\u00e9s del 1 de septiembre: Monreal\"}]},{\"@type\":\"WebSite\",\"@id\":\"https:\\\/\\\/www.bbmnoticias.com\\\/labravaradiofm\\\/#website\",\"url\":\"https:\\\/\\\/www.bbmnoticias.com\\\/labravaradiofm\\\/\",\"name\":\"LA BRAVA RADIO\",\"description\":\"Empresa productora de medios, Radiodifusi\u00f3n, Noticias, tendencias y todo lo que necesitas saber de la pol\u00edtica mexicana e internacional; entretenimiento, espect\u00e1culos, salud y mucho m\u00e1s.\",\"potentialAction\":[{\"@type\":\"SearchAction\",\"target\":{\"@type\":\"EntryPoint\",\"urlTemplate\":\"https:\\\/\\\/www.bbmnoticias.com\\\/labravaradiofm\\\/?s={search_term_string}\"},\"query-input\":{\"@type\":\"PropertyValueSpecification\",\"valueRequired\":true,\"valueName\":\"search_term_string\"}}],\"inLanguage\":\"es\"},{\"@type\":\"Person\",\"@id\":\"https:\\\/\\\/www.bbmnoticias.com\\\/labravaradiofm\\\/#\\\/schema\\\/person\\\/857a3daf5c8142f29919023f377fbfad\",\"name\":\"Agencias\",\"image\":{\"@type\":\"ImageObject\",\"inLanguage\":\"es\",\"@id\":\"https:\\\/\\\/secure.gravatar.com\\\/avatar\\\/739e0b61adf9e398b425c36718c8752286da0e8cd90f20ce9a86678abc26aa0d?s=96&d=mm&r=g\",\"url\":\"https:\\\/\\\/secure.gravatar.com\\\/avatar\\\/739e0b61adf9e398b425c36718c8752286da0e8cd90f20ce9a86678abc26aa0d?s=96&d=mm&r=g\",\"contentUrl\":\"https:\\\/\\\/secure.gravatar.com\\\/avatar\\\/739e0b61adf9e398b425c36718c8752286da0e8cd90f20ce9a86678abc26aa0d?s=96&d=mm&r=g\",\"caption\":\"Agencias\"},\"url\":\"https:\\\/\\\/www.bbmnoticias.com\\\/labravaradiofm\\\/author\\\/agencias\\\/\"}]}<\/script>\n<!-- \/ Yoast SEO plugin. -->","yoast_head_json":{"title":"Reforma al Poder Judicial podr\u00eda aprobarse despu\u00e9s del 1 de septiembre: Monreal - LA BRAVA RADIO","robots":{"index":"index","follow":"follow","max-snippet":"max-snippet:-1","max-image-preview":"max-image-preview:large","max-video-preview":"max-video-preview:-1"},"canonical":"https:\/\/www.bbmnoticias.com\/labravaradiofm\/2024\/08\/28\/reforma-al-poder-judicial-podria-aprobarse-despues-del-1-de-septiembre-monreal\/","og_locale":"es_MX","og_type":"article","og_title":"Reforma al Poder Judicial podr\u00eda aprobarse despu\u00e9s del 1 de septiembre: Monreal - LA BRAVA RADIO","og_description":"La presidenta electa, Claudia Sheinbaum, pidi\u00f3 a los nuevos diputados federales de Morena que \u201cno se precipiten\u201d en la aprobaci\u00f3n de la reforma al Poder Judicial, que sean \u201ccuidadosos\u201d y que \u201cno se vulnere ninguna etapa procesal\u201d, revel\u00f3 el coordinador morenista de los legisladores, Ricardo Monreal. \u201cLo que la presidenta electa ha sugerido al grupo [&hellip;]","og_url":"https:\/\/www.bbmnoticias.com\/labravaradiofm\/2024\/08\/28\/reforma-al-poder-judicial-podria-aprobarse-despues-del-1-de-septiembre-monreal\/","og_site_name":"LA BRAVA RADIO","article_published_time":"2024-08-28T14:56:31+00:00","article_modified_time":"2024-08-28T14:56:33+00:00","og_image":[{"width":800,"height":534,"url":"https:\/\/www.bbmnoticias.com\/labravaradiofm\/wp-content\/uploads\/sites\/5\/2024\/08\/reforma-judicial-1.jpg","type":"image\/jpeg"}],"author":"Agencias","twitter_card":"summary_large_image","twitter_misc":{"Escrito por":"Agencias","Tiempo de lectura":"2 minutos"},"schema":{"@context":"https:\/\/schema.org","@graph":[{"@type":"Article","@id":"https:\/\/www.bbmnoticias.com\/labravaradiofm\/2024\/08\/28\/reforma-al-poder-judicial-podria-aprobarse-despues-del-1-de-septiembre-monreal\/#article","isPartOf":{"@id":"https:\/\/www.bbmnoticias.com\/labravaradiofm\/2024\/08\/28\/reforma-al-poder-judicial-podria-aprobarse-despues-del-1-de-septiembre-monreal\/"},"author":{"name":"Agencias","@id":"https:\/\/www.bbmnoticias.com\/labravaradiofm\/#\/schema\/person\/857a3daf5c8142f29919023f377fbfad"},"headline":"Reforma al Poder Judicial podr\u00eda aprobarse despu\u00e9s del 1 de septiembre: Monreal","datePublished":"2024-08-28T14:56:31+00:00","dateModified":"2024-08-28T14:56:33+00:00","mainEntityOfPage":{"@id":"https:\/\/www.bbmnoticias.com\/labravaradiofm\/2024\/08\/28\/reforma-al-poder-judicial-podria-aprobarse-despues-del-1-de-septiembre-monreal\/"},"wordCount":304,"image":{"@id":"https:\/\/www.bbmnoticias.com\/labravaradiofm\/2024\/08\/28\/reforma-al-poder-judicial-podria-aprobarse-despues-del-1-de-septiembre-monreal\/#primaryimage"},"thumbnailUrl":"https:\/\/www.bbmnoticias.com\/labravaradiofm\/wp-content\/uploads\/sites\/5\/2024\/08\/reforma-judicial-1.jpg","articleSection":["DESTACADO","NACIONAL"],"inLanguage":"es"},{"@type":"WebPage","@id":"https:\/\/www.bbmnoticias.com\/labravaradiofm\/2024\/08\/28\/reforma-al-poder-judicial-podria-aprobarse-despues-del-1-de-septiembre-monreal\/","url":"https:\/\/www.bbmnoticias.com\/labravaradiofm\/2024\/08\/28\/reforma-al-poder-judicial-podria-aprobarse-despues-del-1-de-septiembre-monreal\/","name":"Reforma al Poder Judicial podr\u00eda aprobarse despu\u00e9s del 1 de septiembre: Monreal - LA BRAVA RADIO","isPartOf":{"@id":"https:\/\/www.bbmnoticias.com\/labravaradiofm\/#website"},"primaryImageOfPage":{"@id":"https:\/\/www.bbmnoticias.com\/labravaradiofm\/2024\/08\/28\/reforma-al-poder-judicial-podria-aprobarse-despues-del-1-de-septiembre-monreal\/#primaryimage"},"image":{"@id":"https:\/\/www.bbmnoticias.com\/labravaradiofm\/2024\/08\/28\/reforma-al-poder-judicial-podria-aprobarse-despues-del-1-de-septiembre-monreal\/#primaryimage"},"thumbnailUrl":"https:\/\/www.bbmnoticias.com\/labravaradiofm\/wp-content\/uploads\/sites\/5\/2024\/08\/reforma-judicial-1.jpg","datePublished":"2024-08-28T14:56:31+00:00","dateModified":"2024-08-28T14:56:33+00:00","author":{"@id":"https:\/\/www.bbmnoticias.com\/labravaradiofm\/#\/schema\/person\/857a3daf5c8142f29919023f377fbfad"},"breadcrumb":{"@id":"https:\/\/www.bbmnoticias.com\/labravaradiofm\/2024\/08\/28\/reforma-al-poder-judicial-podria-aprobarse-despues-del-1-de-septiembre-monreal\/#breadcrumb"},"inLanguage":"es","potentialAction":[{"@type":"ReadAction","target":["https:\/\/www.bbmnoticias.com\/labravaradiofm\/2024\/08\/28\/reforma-al-poder-judicial-podria-aprobarse-despues-del-1-de-septiembre-monreal\/"]}]},{"@type":"ImageObject","inLanguage":"es","@id":"https:\/\/www.bbmnoticias.com\/labravaradiofm\/2024\/08\/28\/reforma-al-poder-judicial-podria-aprobarse-despues-del-1-de-septiembre-monreal\/#primaryimage","url":"https:\/\/www.bbmnoticias.com\/labravaradiofm\/wp-content\/uploads\/sites\/5\/2024\/08\/reforma-judicial-1.jpg","contentUrl":"https:\/\/www.bbmnoticias.com\/labravaradiofm\/wp-content\/uploads\/sites\/5\/2024\/08\/reforma-judicial-1.jpg","width":800,"height":534},{"@type":"BreadcrumbList","@id":"https:\/\/www.bbmnoticias.com\/labravaradiofm\/2024\/08\/28\/reforma-al-poder-judicial-podria-aprobarse-despues-del-1-de-septiembre-monreal\/#breadcrumb","itemListElement":[{"@type":"ListItem","position":1,"name":"Inicio","item":"https:\/\/www.bbmnoticias.com\/labravaradiofm\/"},{"@type":"ListItem","position":2,"name":"Reforma al Poder Judicial podr\u00eda aprobarse despu\u00e9s del 1 de septiembre: Monreal"}]},{"@type":"WebSite","@id":"https:\/\/www.bbmnoticias.com\/labravaradiofm\/#website","url":"https:\/\/www.bbmnoticias.com\/labravaradiofm\/","name":"LA BRAVA RADIO","description":"Empresa productora de medios, Radiodifusi\u00f3n, Noticias, tendencias y todo lo que necesitas saber de la pol\u00edtica mexicana e internacional; entretenimiento, espect\u00e1culos, salud y mucho m\u00e1s.","potentialAction":[{"@type":"SearchAction","target":{"@type":"EntryPoint","urlTemplate":"https:\/\/www.bbmnoticias.com\/labravaradiofm\/?s={search_term_string}"},"query-input":{"@type":"PropertyValueSpecification","valueRequired":true,"valueName":"search_term_string"}}],"inLanguage":"es"},{"@type":"Person","@id":"https:\/\/www.bbmnoticias.com\/labravaradiofm\/#\/schema\/person\/857a3daf5c8142f29919023f377fbfad","name":"Agencias","image":{"@type":"ImageObject","inLanguage":"es","@id":"https:\/\/secure.gravatar.com\/avatar\/739e0b61adf9e398b425c36718c8752286da0e8cd90f20ce9a86678abc26aa0d?s=96&d=mm&r=g","url":"https:\/\/secure.gravatar.com\/avatar\/739e0b61adf9e398b425c36718c8752286da0e8cd90f20ce9a86678abc26aa0d?s=96&d=mm&r=g","contentUrl":"https:\/\/secure.gravatar.com\/avatar\/739e0b61adf9e398b425c36718c8752286da0e8cd90f20ce9a86678abc26aa0d?s=96&d=mm&r=g","caption":"Agencias"},"url":"https:\/\/www.bbmnoticias.com\/labravaradiofm\/author\/agencias\/"}]}},"_links":{"self":[{"href":"https:\/\/www.bbmnoticias.com\/labravaradiofm\/wp-json\/wp\/v2\/posts\/46286","targetHints":{"allow":["GET"]}}],"collection":[{"href":"https:\/\/www.bbmnoticias.com\/labravaradiofm\/wp-json\/wp\/v2\/posts"}],"about":[{"href":"https:\/\/www.bbmnoticias.com\/labravaradiofm\/wp-json\/wp\/v2\/types\/post"}],"author":[{"embeddable":true,"href":"https:\/\/www.bbmnoticias.com\/labravaradiofm\/wp-json\/wp\/v2\/users\/4"}],"replies":[{"embeddable":true,"href":"https:\/\/www.bbmnoticias.com\/labravaradiofm\/wp-json\/wp\/v2\/comments?post=46286"}],"version-history":[{"count":0,"href":"https:\/\/www.bbmnoticias.com\/labravaradiofm\/wp-json\/wp\/v2\/posts\/46286\/revisions"}],"wp:featuredmedia":[{"embeddable":true,"href":"https:\/\/www.bbmnoticias.com\/labravaradiofm\/wp-json\/wp\/v2\/media\/46287"}],"wp:attachment":[{"href":"https:\/\/www.bbmnoticias.com\/labravaradiofm\/wp-json\/wp\/v2\/media?parent=46286"}],"wp:term":[{"taxonomy":"category","embeddable":true,"href":"https:\/\/www.bbmnoticias.com\/labravaradiofm\/wp-json\/wp\/v2\/categories?post=46286"},{"taxonomy":"post_tag","embeddable":true,"href":"https:\/\/www.bbmnoticias.com\/labravaradiofm\/wp-json\/wp\/v2\/tags?post=46286"}],"curies":[{"name":"wp","href":"https:\/\/api.w.org\/{rel}","templated":true}]}}