{"id":46040,"date":"2024-08-22T16:24:22","date_gmt":"2024-08-22T22:24:22","guid":{"rendered":"https:\/\/www.bbmnoticias.com\/labravaradiofm\/?p=46040"},"modified":"2024-08-22T16:24:23","modified_gmt":"2024-08-22T22:24:23","slug":"diputados-aprueban-en-comisiones-traspaso-de-la-guardia-nacional-a-la-sedena","status":"publish","type":"post","link":"https:\/\/www.bbmnoticias.com\/labravaradiofm\/2024\/08\/22\/diputados-aprueban-en-comisiones-traspaso-de-la-guardia-nacional-a-la-sedena\/","title":{"rendered":"Diputados aprueban en comisiones traspaso de la Guardia Nacional a la Sedena"},"content":{"rendered":"<div style=\"margin-top: 0px; margin-bottom: 0px;\" class=\"sharethis-inline-share-buttons\" ><\/div>\n<p>Con\u00a022 votos a favor\u00a0y 18 en contra, la Comisi\u00f3n de Puntos Constitucionales aprob\u00f3 el dictamen que otorga mando militar a la Guardia Nacional y bajo la conducci\u00f3n de las Fuerzas Armadas.<\/p>\n\n\n\n<p>Con la cr\u00edtica de <strong>PAN, PRI y Movimiento Ciudadano<\/strong> como una puerta a la <strong>militarizaci\u00f3n de M\u00e9xico,<\/strong>&nbsp;la Comisi\u00f3n de Puntos Constitucionales de la C\u00e1mara de Diputados aprob\u00f3 el dictamen de reforma que otorga mando militar a la <strong>Guardia Nacional<\/strong> y bajo la conducci\u00f3n de las Fuerzas Armadas.&nbsp;<\/p>\n\n\n\n<p>La reforma incluye los art\u00edculos 13, 16, 21, 32, 55, 73, 76, 78, 82, 89, 123 y 129 de la Constituci\u00f3n.&nbsp; Del cuerpo del dictamen, destaca el <strong>Cuarto Transitorio e<\/strong>n el que se aclara que \u201c<strong>la persona titular de la Comandancia de la Guardia Nacional, que debe ostentar el grado de General de Divisi\u00f3n de la Guardia Nacional en activo, ser\u00e1 designada por la persona titular de la Presidencia de la Rep\u00fablica, a propuesta de la persona titular de la Secretar\u00eda de la Defensa Nacional\u201d<\/strong>.<\/p>\n\n\n\n<p>Y en seguida se precisa: \u201cEn tanto no exista personal con formaci\u00f3n de Guardia Nacional con la mencionada jerarqu\u00eda, dicha designaci\u00f3n recaer\u00e1 en un General de Divisi\u00f3n del Ej\u00e9rcito, capacitado en materia de seguridad p\u00fablica\u201d.<\/p>\n\n\n\n<p>El bloque de Morena, PT y Verde respald\u00f3 el proyecto de decreto argumentando se acabaron las <strong>violaciones a los derechos humanos<\/strong> por parte de las instituciones militares y que no es posible pretender que las situaciones criminales se enfrenten con los instrumentos del pasado. El dictamen fue aprobada con&nbsp;22 votos a favor&nbsp;y 18 en contra.&nbsp;<\/p>\n\n\n\n<h2 class=\"wp-block-heading\"><strong>Morena pide el respaldo de la oposici\u00f3n<\/strong><\/h2>\n\n\n\n<p>De manera inusual, esta vez los morenistas pidieron el apoyo de la oposici\u00f3n, a cuyos parlamentarios<strong> se les llam\u00f3 a revisar a detalle el dictamen<\/strong> y construir en el fortalecimiento, dijeron, de las instituciones para construir la paz. As\u00ed lo pidieron los diputados <strong>Leonel Godoy, Guadalupe Chavira y Gerardo Fern\u00e1ndez Noro\u00f1a<\/strong>\u201cEs un nuevo modelo para combatir al crimen organizado\u201d, defendi\u00f3 el vicecoordinador Leonel Godoy, quien asegur\u00f3 que se trata de \u201cuna reforma civilista\u201d, contrario a las medidas que sin reglas impuls\u00f3 en su momento el presidente Felipe Calder\u00f3n.&nbsp;<\/p>\n\n\n\n<p>El ex gobernador de Michoac\u00e1n pidi\u00f3 la colaboraci\u00f3n y la buena fe de la oposici\u00f3n para sacar adelante esta nueva figura.&nbsp; Hoy no se usan para reprimir ni hay da\u00f1os colaterales, aleg\u00f3 Gerardo Fern\u00e1ndez Noro\u00f1a (PT).<\/p>\n\n\n\n<p>El morenista Manuel V\u00e1zquez Arellano&nbsp;aleg\u00f3 que dichas violaciones se cometieron en sexenios anteriores por instrucciones de los gobernantes.&nbsp;<\/p>\n\n\n\n<blockquote class=\"wp-block-quote is-layout-flow wp-block-quote-is-layout-flow\">\n<p>\u201cEstoy cierto que hoy no se est\u00e1 mandando ni a reprimir ni a desaparecer personas. Es m\u00e1s, muchas veces yo lo he visto all\u00e1 en la Sierra de Guerrero, cuando la gente se va en contra de la Guardia Nacional, o en otros lados, no disparan como hubieran disparado antes\u201d, cont\u00f3 quien fuera normalista de Ayotzinapa.&nbsp;<\/p>\n<\/blockquote>\n\n\n\n<p>ES UN CAMBIO DE MODELO<\/p>\n\n\n\n<p>La diputada de Morena&nbsp;<strong>Guadalupe Chavira de la Rosa <\/strong>argument\u00f3 que la situaci\u00f3n de violencia se encuentra vinculada a la impunidad y que el actual gobierno apuesta a una reforma integral con la impartici\u00f3n y procuraci\u00f3n de justicia. Al defender el dictamen, el diputado Hamlet Almaguer (Morena) dijo que se tiene la certeza que con la incorporaci\u00f3n de la<strong> Guardia Nacional <\/strong>en tareas de investigaci\u00f3n se podr\u00e1 reducir la incidencia criminal, como lo hizo C<strong>laudia Sheinbaum en la CDMX.<\/strong><\/p>\n\n\n\n<p>Defendi\u00f3 el morenista de Jalisco el origen militar y marino con formaci\u00f3n policial para los integrantes de la Guardia Nacional.&nbsp;<\/p>\n\n\n\n<p>La oposici\u00f3n revir\u00f3 que este decreto traiciona el acuerdo asumido en 2019 cuando todas las fuerzas pol\u00edticas dieron paso a esa nueva instituci\u00f3n bajo la promesa de que ser\u00eda diferente a lo sucedido en el pasado, toda vez que el mando ser\u00eda civil.&nbsp;<\/p>\n\n\n\n<p>Hubo reiteradas alusiones al sexenio de <strong>Felipe Calder\u00f3n para cuestionar al partido en el poder por haber<\/strong> terminado defendiendo la militarizaci\u00f3n.&nbsp;<\/p>\n\n\n\n<p>Previeron los parlamentarios cr\u00edticos a la reforma que \u00e9sta es el inicio de la extinci\u00f3n de las polic\u00edas locales.&nbsp;<\/p>\n\n\n\n<p>Representantes del PRI, PAN y MC recordaron las sentencias generaron el enojo gubernamental en contra de la Suprema Corte de Justicia de la Nacional, al declarar inconstitucional que la seguridad fuera permanentemente conducida por militares.&nbsp;<\/p>\n\n\n\n<p>Lament\u00f3 que el gobierno federal no haya aprovechado la ampliaci\u00f3n que se le dio en 2022 a la GN para fortalecer hasta el 2028 a las corporaciones policiales estatales y municipales.&nbsp;<\/p>\n\n\n\n<h2 class=\"wp-block-heading\">Ser\u00e1 un obst\u00e1culo para&nbsp;Harfuch<\/h2>\n\n\n\n<p>El diputado Moreira augur\u00f3 que el futuro secretario de Seguridad, Omar Garc\u00eda Harfuch, fracasar\u00e1 en su encargo, porque con esta reforma se deja en manos del Ej\u00e9rcito la seguridad, una caracter\u00edstica de gobierno que la izquierda hab\u00eda criticado siempre.&nbsp;<\/p>\n\n\n\n<blockquote class=\"wp-block-quote is-layout-flow wp-block-quote-is-layout-flow\">\n<p>\u201c\u00bfQui\u00e9n ser\u00e1 el jefe de la Guardia Nacional? El secretario de la Defensa. \u00bfQui\u00e9n va a nombrar al jefe de la Guardia Nacional? El secretario de la Defensa. \u00bfQui\u00e9n va a dirigir la Guardia Nacional? Un militar (\u2026) Lo que ustedes est\u00e1n haciendo es dejar sin posibilidad de operaci\u00f3n al se\u00f1or secretario de Seguridad\u201d, cuestion\u00f3 el exgobernador de Coahuila.&nbsp;<\/p>\n<\/blockquote>\n\n\n\n<p>Moreira Valdez les record\u00f3 a los diputados del oficialismo que el futuro titular de Seguridad se form\u00f3 en las corporaciones que ahora critican, en sexenios anteriores.<\/p>\n\n\n\n<blockquote class=\"wp-block-quote is-layout-flow wp-block-quote-is-layout-flow\">\n<p>\u201cS\u00ed reconozco que es una persona que sabe, el se\u00f1or Harfuch. Pues s\u00ed, pero no va a tener efectivos (\u2026) El se\u00f1or va a fracasar, porque no va a tener gente bajo su mando, porque es falso que se va a coordinar. Quienes hemos gobernado sabemos que eso no sucede. Van a correr por dos v\u00edas distintas, m\u00e1xima porque ustedes lo est\u00e1n subordinando al Ej\u00e9rcito\u201d, pronostic\u00f3 el priista.&nbsp;<\/p>\n<\/blockquote>\n\n\n\n<p>El <strong>diputado Fern\u00e1ndez Noro\u00f1a <\/strong>revir\u00f3 que todas las polic\u00edas de \u00e9lite est\u00e1n formadas por militares en el mundo. \u201cEs as\u00ed, pero si no les gusta, aqu\u00ed es as\u00ed. Y punto\u201d, lanz\u00f3.<\/p>\n\n\n\n<p>El petista morenista le respondi\u00f3 al priista que por supuesto que habr\u00e1 \u00e9xito y coordinaci\u00f3n entre la GN y la Secretar\u00eda de Seguridad. \u201cLa que va a mandar ser\u00e1 la comandante en jefa, la presidenta Claudia Sheinbuam\u201d, remarc\u00f3.&nbsp;<\/p>\n\n\n\n<blockquote class=\"wp-block-quote is-layout-flow wp-block-quote-is-layout-flow\">\n<p>\u201cY Harfuch no va a estar ah\u00ed pintado. No va a estar de adorno\u201d, reiter\u00f3 Noro\u00f1a<\/p>\n<\/blockquote>\n\n\n\n<p>LAS CRITICAS<\/p>\n\n\n\n<blockquote class=\"wp-block-quote is-layout-flow wp-block-quote-is-layout-flow\">\n<p>\u201cEs una propuesta destructiva, autoritaria y dictatorial\u201d, acus\u00f3 la diputada Paulina Rubio (PAN), quien dijo que estas modificaciones abr\u00edan la puerta a \u201cla dictadura perfecta\u201d que perseguir\u00eda a los opositores.&nbsp;<\/p>\n<\/blockquote>\n\n\n\n<p>La panista invit\u00f3 a <strong>Morena<\/strong> y aliados a buscar el significado de la palabra hip\u00f3crita al calificar como inconcebible que quienes criticaron una estrategia temporal ahora avalen dejar a los soldados, a perpetuidad, la seguridad p\u00fablica<\/p>\n\n\n\n<p>Despu\u00e9s de recordar el caso de <strong>Ayotzinapa y la negativa del gobierno a investigar al Ej\u00e9rcito<\/strong>, la diputada Rubio dijo que esta reforma respond\u00eda al hecho de que se dieron cuenta de que su estrategia de seguridad del sexenio result\u00f3 fallida.&nbsp;<\/p>\n\n\n\n<p>Jorge Triana (PAN) se\u00f1al\u00f3 que se incumpli\u00f3 la pactado en 2019 u que actualmente el 90 por ciento de los integrantes de la GN tiene un origen militar, pero que administrativamente no hay claridad de qui\u00e9n pertenece a quien y sus integrantes no saben d\u00f3nde cobrar. \u201cHa sido un verdadero desastre la Guardia\u201d, cuestion\u00f3.&nbsp;<\/p>\n\n\n\n<p>Expuso el legislador panista que el actual mandatario pasar\u00e1 a la historia como el presidente m\u00e1s militarista de la historia; dijo que las fuerzas armadas realizan127 tareas que le corresponder\u00edan a los civiles. Y que de \u00e9stas se derivan \u201cnegocios jugosos\u201d que se cobijan en la opacidad.&nbsp;<\/p>\n\n\n\n<blockquote class=\"wp-block-quote is-layout-flow wp-block-quote-is-layout-flow\">\n<p>\u201cEs un legado militarista que pondr\u00eda con los pelos de punta a personas como Heberto Castillo a las que les dar\u00eda verg\u00fcenza ver que por fin gobierna la izquierda y que lo hace agachada bajo los designios militaristas m\u00e1s podridos de este pa\u00eds\u201d.<\/p>\n<\/blockquote>\n\n\n\n<p>El panista celebr\u00f3 que la realidad le hubiera terminando dando la raz\u00f3n al expresidente Felipe Calder\u00f3n, aunque aleg\u00f3 que ahora se trata de una mala copia porque en vez de establecer su car\u00e1cter subsidiario, como en el pasado, ahora la dejar\u00e1n por siempre y de manera exclusiva a las fuerzas armadas.&nbsp;<\/p>\n\n\n\n<p>En el mismo sentido el coordinador de la bancada de MC, Braulio L\u00f3pez Ochoa, se dirigi\u00f3 a Morena y aliados para se\u00f1alarles que \u201cse est\u00e1n moviendo como la izquierda calderonista\u201d.&nbsp;&nbsp;<\/p>\n\n\n\n<p>Se presentaron 21 reservas, pero \u00fanicamente prosper\u00f3 la expuesta por el diputado Salvador Caro Cabrera de Morena que a\u00f1adi\u00f3 a modificaci\u00f3n al Art\u00edculo 21 de la Constituci\u00f3n se\u00f1alamientos relativos a la coordinaci\u00f3n y al 32 igualmente en ese rengl\u00f3n.&nbsp;<\/p>\n\n\n\n<h2 class=\"wp-block-heading\"><strong>Esto dice la reforma sobre la Guardia Nacional<\/strong><\/h2>\n\n\n\n<p>Subrayados los cambios&nbsp;<\/p>\n\n\n\n<p>Art\u00edculo 21 propuesto por el presidente L\u00f3pez Obrador:&nbsp;<\/p>\n\n\n\n<p>\u201c<strong>La investigaci\u00f3n de los delitos corresponde al Ministerio P\u00fablico, a las polic\u00edas y a la Guardia Nacional, en el \u00e1mbito de su competencia, las cuales actuar\u00e1n bajo la conducci\u00f3n y mando de aqu\u00e9l en el ejercicio de esta funci\u00f3n\u201d.<\/strong><\/p>\n\n\n\n<p>Articulo 21 como qued\u00f3 aprobado por los diputados.&nbsp;<\/p>\n\n\n\n<p><strong>\u201cEl Ministerio P\u00fablico y las instituciones policiales de los tres \u00f3rdenes de gobierno, incluida la Guardia Nacional, deben coordinarse entre s\u00ed para cumplir los fines de la seguridad p\u00fablica y conformar\u00e1n el Sistema Nacional de Seguridad P\u00fablica\u201d.<\/strong><\/p>\n\n\n\n<p>Morena tambi\u00e9n hizo precisiones al Articulo 32, quedando as\u00ed:&nbsp;<\/p>\n\n\n\n<blockquote class=\"wp-block-quote is-layout-flow wp-block-quote-is-layout-flow\">\n<p>\u201cEn tiempo de paz, ning\u00fan extranjero podr\u00e1 servir en la Fuerza Armada Permanente, ni en las fuerzas de polic\u00eda o seguridad p\u00fablica. Para pertenecer al activo del Ej\u00e9rcito en tiempo de paz y al de la Armada o al de la Fuerza A\u00e9rea o al de la Guardia Nacional en todo momento, o desempe\u00f1ar cualquier cargo o comisi\u00f3n en ellos, se requiere ser mexicano por nacimiento\u201d<\/p>\n<\/blockquote>\n\n\n\n<p><strong>Se agrega adem\u00e1s este p\u00e1rrafo:&nbsp;<\/strong><\/p>\n\n\n\n<p>La Federaci\u00f3n cuenta con la Guardia Nacional, fuerza de seguridad p\u00fablica, profesional, de car\u00e1cter permanente e integrada por personal de origen militar con formaci\u00f3n policial, dependiente de la secretar\u00eda del ramo de defensa nacional, para ejecutar la Estrategia Nacional de Seguridad P\u00fablica en el \u00e1mbito de su competencia<\/p>\n\n\n\n<p>En el Art\u00edculo 89 que fija las facultades del Ejecutivo Federal se a\u00f1ade el t\u00e9rmino GN, quedando as\u00ed:<\/p>\n\n\n\n<p>IV. Nombrar, con aprobaci\u00f3n del Senado, a los coroneles y dem\u00e1s oficiales superiores del Ej\u00e9rcito, Armada, Fuerza A\u00e9rea y Guardia Nacional.<\/p>\n\n\n\n<p>VI. Preservar la seguridad nacional, en los t\u00e9rminos de la ley respectiva, y disponer de la totalidad de la Fuerza Armada permanente, o sea del Ej\u00e9rcito, de la Armada, de la Fuerza A\u00e9rea y de la Guardia Nacional para la seguridad interior y defensa exterior de la Federaci\u00f3n.<\/p>\n\n\n\n<p>Al Art\u00edculo 123 se le a\u00f1ade el t\u00e9rmino de la GB<\/p>\n\n\n\n<p>XIII. Los militares, marinos, integrantes de la Guardia Nacional, personal del servicio exterior, agentes del Ministerio P\u00fablico, peritos y los miembros de las instituciones policiales, se regir\u00e1n por sus propias leyes.<\/p>\n\n\n\n<p><strong>Cuarto transitorio<\/strong><\/p>\n\n\n\n<p>\u201cLa persona titular de la Comandancia de la Guardia Nacional, que debe ostentar el grado de General de Divisi\u00f3n de la Guardia Nacional en activo, ser\u00e1 designada por la persona titular de la Presidencia de la Rep\u00fablica, a propuesta de la persona titular de la Secretar\u00eda de la Defensa Nacional. En tanto no exista personal con formaci\u00f3n de Guardia Nacional con la mencionada jerarqu\u00eda, dicha designaci\u00f3n recaer\u00e1 en un General de Divisi\u00f3n del Ej\u00e9rcito, capacitado en materia de seguridad p\u00fablica\u201d.<\/p>\n\n\n\n<p><strong>Sobre la Polic\u00eda Federal<\/strong><\/p>\n\n\n\n<p>\u201cEl Ejecutivo Federal dispondr\u00e1 lo conducente para que: I. El personal procedente de la extinta Polic\u00eda Federal cese de prestar sus servicios en la Guardia Nacional y quede adscrito a la Secretar\u00eda del ramo seguridad p\u00fablica, conservando sus derechos laborales adquiridos. El personal que pertenezca a los organismos especializados podr\u00e1 continuar prestando sus servicios en la Guardia Nacional de manera temporal, conforme a los convenios de colaboraci\u00f3n que para tal efecto se formalicen entre las Secretar\u00edas de Defensa Nacional y la de Seguridad y Protecci\u00f3n Ciudadana.<\/p>\n\n\n\n<p>II. Se transfieran a la Secretar\u00eda de la Defensa Nacional, los recursos presupuestarios y financieros que correspondan para cubrir las erogaciones por concepto de servicios personales de la \u00faltima plantilla general de plazas aprobada a la extinta Polic\u00eda Federal y de confianza, as\u00ed como los gastos de operaci\u00f3n de la Guardia Nacional y los recursos materiales destinados a su operaci\u00f3n, con excepci\u00f3n de aquellos requeridos para el personal que continuar\u00e1, bajo la adscripci\u00f3n de la Secretar\u00eda del ramo de Seguridad P\u00fablica. Conforme se queden vacantes las plazas de los integrantes de la extinta Polic\u00eda Federal, la Secretar\u00eda del ramo de Seguridad P\u00fablica, debe transferir los recursos presupuestales a la Secretar\u00eda de la Defensa Nacional.&nbsp;<\/p>\n","protected":false},"excerpt":{"rendered":"<p>Con\u00a022 votos a favor\u00a0y 18 en contra, la Comisi\u00f3n de Puntos Constitucionales aprob\u00f3 el dictamen que otorga mando militar a la Guardia Nacional y bajo la conducci\u00f3n de las Fuerzas Armadas. Con la cr\u00edtica de PAN, PRI y Movimiento Ciudadano como una puerta a la militarizaci\u00f3n de M\u00e9xico,&nbsp;la Comisi\u00f3n de Puntos Constitucionales de la C\u00e1mara [&hellip;]<\/p>\n","protected":false},"author":8,"featured_media":46041,"comment_status":"closed","ping_status":"closed","sticky":false,"template":"","format":"standard","meta":{"footnotes":""},"categories":[19],"tags":[],"class_list":{"0":"post-46040","1":"post","2":"type-post","3":"status-publish","4":"format-standard","5":"has-post-thumbnail","7":"category-nacional"},"yoast_head":"<!-- This site is optimized with the Yoast SEO plugin v27.4 - https:\/\/yoast.com\/product\/yoast-seo-wordpress\/ -->\n<title>Diputados aprueban en comisiones traspaso de la Guardia Nacional a la Sedena - LA BRAVA RADIO<\/title>\n<meta name=\"robots\" content=\"index, follow, max-snippet:-1, max-image-preview:large, max-video-preview:-1\" \/>\n<link rel=\"canonical\" href=\"https:\/\/www.bbmnoticias.com\/labravaradiofm\/2024\/08\/22\/diputados-aprueban-en-comisiones-traspaso-de-la-guardia-nacional-a-la-sedena\/\" \/>\n<meta property=\"og:locale\" content=\"es_MX\" \/>\n<meta property=\"og:type\" content=\"article\" \/>\n<meta property=\"og:title\" content=\"Diputados aprueban en comisiones traspaso de la Guardia Nacional a la Sedena - LA BRAVA RADIO\" \/>\n<meta property=\"og:description\" content=\"Con\u00a022 votos a favor\u00a0y 18 en contra, la Comisi\u00f3n de Puntos Constitucionales aprob\u00f3 el dictamen que otorga mando militar a la Guardia Nacional y bajo la conducci\u00f3n de las Fuerzas Armadas. Con la cr\u00edtica de PAN, PRI y Movimiento Ciudadano como una puerta a la militarizaci\u00f3n de M\u00e9xico,&nbsp;la Comisi\u00f3n de Puntos Constitucionales de la C\u00e1mara [&hellip;]\" \/>\n<meta property=\"og:url\" content=\"https:\/\/www.bbmnoticias.com\/labravaradiofm\/2024\/08\/22\/diputados-aprueban-en-comisiones-traspaso-de-la-guardia-nacional-a-la-sedena\/\" \/>\n<meta property=\"og:site_name\" content=\"LA BRAVA RADIO\" \/>\n<meta property=\"article:published_time\" content=\"2024-08-22T22:24:22+00:00\" \/>\n<meta property=\"article:modified_time\" content=\"2024-08-22T22:24:23+00:00\" \/>\n<meta property=\"og:image\" content=\"https:\/\/www.bbmnoticias.com\/labravaradiofm\/wp-content\/uploads\/sites\/5\/2024\/08\/3167598.webp\" \/>\n\t<meta property=\"og:image:width\" content=\"800\" \/>\n\t<meta property=\"og:image:height\" content=\"600\" \/>\n\t<meta property=\"og:image:type\" content=\"image\/webp\" \/>\n<meta name=\"author\" content=\"Exc\u00e9lsior\" \/>\n<meta name=\"twitter:card\" content=\"summary_large_image\" \/>\n<meta name=\"twitter:label1\" content=\"Escrito por\" \/>\n\t<meta name=\"twitter:data1\" content=\"Exc\u00e9lsior\" \/>\n\t<meta name=\"twitter:label2\" content=\"Tiempo de lectura\" \/>\n\t<meta name=\"twitter:data2\" content=\"8 minutos\" \/>\n<script type=\"application\/ld+json\" class=\"yoast-schema-graph\">{\"@context\":\"https:\\\/\\\/schema.org\",\"@graph\":[{\"@type\":\"Article\",\"@id\":\"https:\\\/\\\/www.bbmnoticias.com\\\/labravaradiofm\\\/2024\\\/08\\\/22\\\/diputados-aprueban-en-comisiones-traspaso-de-la-guardia-nacional-a-la-sedena\\\/#article\",\"isPartOf\":{\"@id\":\"https:\\\/\\\/www.bbmnoticias.com\\\/labravaradiofm\\\/2024\\\/08\\\/22\\\/diputados-aprueban-en-comisiones-traspaso-de-la-guardia-nacional-a-la-sedena\\\/\"},\"author\":{\"name\":\"Exc\u00e9lsior\",\"@id\":\"https:\\\/\\\/www.bbmnoticias.com\\\/labravaradiofm\\\/#\\\/schema\\\/person\\\/56f4677efb93d47930db8f58aa971b20\"},\"headline\":\"Diputados aprueban en comisiones traspaso de la Guardia Nacional a la Sedena\",\"datePublished\":\"2024-08-22T22:24:22+00:00\",\"dateModified\":\"2024-08-22T22:24:23+00:00\",\"mainEntityOfPage\":{\"@id\":\"https:\\\/\\\/www.bbmnoticias.com\\\/labravaradiofm\\\/2024\\\/08\\\/22\\\/diputados-aprueban-en-comisiones-traspaso-de-la-guardia-nacional-a-la-sedena\\\/\"},\"wordCount\":2214,\"image\":{\"@id\":\"https:\\\/\\\/www.bbmnoticias.com\\\/labravaradiofm\\\/2024\\\/08\\\/22\\\/diputados-aprueban-en-comisiones-traspaso-de-la-guardia-nacional-a-la-sedena\\\/#primaryimage\"},\"thumbnailUrl\":\"https:\\\/\\\/www.bbmnoticias.com\\\/labravaradiofm\\\/wp-content\\\/uploads\\\/sites\\\/5\\\/2024\\\/08\\\/3167598.webp\",\"articleSection\":[\"NACIONAL\"],\"inLanguage\":\"es\"},{\"@type\":\"WebPage\",\"@id\":\"https:\\\/\\\/www.bbmnoticias.com\\\/labravaradiofm\\\/2024\\\/08\\\/22\\\/diputados-aprueban-en-comisiones-traspaso-de-la-guardia-nacional-a-la-sedena\\\/\",\"url\":\"https:\\\/\\\/www.bbmnoticias.com\\\/labravaradiofm\\\/2024\\\/08\\\/22\\\/diputados-aprueban-en-comisiones-traspaso-de-la-guardia-nacional-a-la-sedena\\\/\",\"name\":\"Diputados aprueban en comisiones traspaso de la Guardia Nacional a la Sedena - LA BRAVA RADIO\",\"isPartOf\":{\"@id\":\"https:\\\/\\\/www.bbmnoticias.com\\\/labravaradiofm\\\/#website\"},\"primaryImageOfPage\":{\"@id\":\"https:\\\/\\\/www.bbmnoticias.com\\\/labravaradiofm\\\/2024\\\/08\\\/22\\\/diputados-aprueban-en-comisiones-traspaso-de-la-guardia-nacional-a-la-sedena\\\/#primaryimage\"},\"image\":{\"@id\":\"https:\\\/\\\/www.bbmnoticias.com\\\/labravaradiofm\\\/2024\\\/08\\\/22\\\/diputados-aprueban-en-comisiones-traspaso-de-la-guardia-nacional-a-la-sedena\\\/#primaryimage\"},\"thumbnailUrl\":\"https:\\\/\\\/www.bbmnoticias.com\\\/labravaradiofm\\\/wp-content\\\/uploads\\\/sites\\\/5\\\/2024\\\/08\\\/3167598.webp\",\"datePublished\":\"2024-08-22T22:24:22+00:00\",\"dateModified\":\"2024-08-22T22:24:23+00:00\",\"author\":{\"@id\":\"https:\\\/\\\/www.bbmnoticias.com\\\/labravaradiofm\\\/#\\\/schema\\\/person\\\/56f4677efb93d47930db8f58aa971b20\"},\"breadcrumb\":{\"@id\":\"https:\\\/\\\/www.bbmnoticias.com\\\/labravaradiofm\\\/2024\\\/08\\\/22\\\/diputados-aprueban-en-comisiones-traspaso-de-la-guardia-nacional-a-la-sedena\\\/#breadcrumb\"},\"inLanguage\":\"es\",\"potentialAction\":[{\"@type\":\"ReadAction\",\"target\":[\"https:\\\/\\\/www.bbmnoticias.com\\\/labravaradiofm\\\/2024\\\/08\\\/22\\\/diputados-aprueban-en-comisiones-traspaso-de-la-guardia-nacional-a-la-sedena\\\/\"]}]},{\"@type\":\"ImageObject\",\"inLanguage\":\"es\",\"@id\":\"https:\\\/\\\/www.bbmnoticias.com\\\/labravaradiofm\\\/2024\\\/08\\\/22\\\/diputados-aprueban-en-comisiones-traspaso-de-la-guardia-nacional-a-la-sedena\\\/#primaryimage\",\"url\":\"https:\\\/\\\/www.bbmnoticias.com\\\/labravaradiofm\\\/wp-content\\\/uploads\\\/sites\\\/5\\\/2024\\\/08\\\/3167598.webp\",\"contentUrl\":\"https:\\\/\\\/www.bbmnoticias.com\\\/labravaradiofm\\\/wp-content\\\/uploads\\\/sites\\\/5\\\/2024\\\/08\\\/3167598.webp\",\"width\":800,\"height\":600},{\"@type\":\"BreadcrumbList\",\"@id\":\"https:\\\/\\\/www.bbmnoticias.com\\\/labravaradiofm\\\/2024\\\/08\\\/22\\\/diputados-aprueban-en-comisiones-traspaso-de-la-guardia-nacional-a-la-sedena\\\/#breadcrumb\",\"itemListElement\":[{\"@type\":\"ListItem\",\"position\":1,\"name\":\"Inicio\",\"item\":\"https:\\\/\\\/www.bbmnoticias.com\\\/labravaradiofm\\\/\"},{\"@type\":\"ListItem\",\"position\":2,\"name\":\"Diputados aprueban en comisiones traspaso de la Guardia Nacional a la Sedena\"}]},{\"@type\":\"WebSite\",\"@id\":\"https:\\\/\\\/www.bbmnoticias.com\\\/labravaradiofm\\\/#website\",\"url\":\"https:\\\/\\\/www.bbmnoticias.com\\\/labravaradiofm\\\/\",\"name\":\"LA BRAVA RADIO\",\"description\":\"Empresa productora de medios, Radiodifusi\u00f3n, Noticias, tendencias y todo lo que necesitas saber de la pol\u00edtica mexicana e internacional; entretenimiento, espect\u00e1culos, salud y mucho m\u00e1s.\",\"potentialAction\":[{\"@type\":\"SearchAction\",\"target\":{\"@type\":\"EntryPoint\",\"urlTemplate\":\"https:\\\/\\\/www.bbmnoticias.com\\\/labravaradiofm\\\/?s={search_term_string}\"},\"query-input\":{\"@type\":\"PropertyValueSpecification\",\"valueRequired\":true,\"valueName\":\"search_term_string\"}}],\"inLanguage\":\"es\"},{\"@type\":\"Person\",\"@id\":\"https:\\\/\\\/www.bbmnoticias.com\\\/labravaradiofm\\\/#\\\/schema\\\/person\\\/56f4677efb93d47930db8f58aa971b20\",\"name\":\"Exc\u00e9lsior\",\"image\":{\"@type\":\"ImageObject\",\"inLanguage\":\"es\",\"@id\":\"https:\\\/\\\/secure.gravatar.com\\\/avatar\\\/497265c4dbe1cd0e2f3f1b19aba0f5779c7f95d09e139a5b83c1ecd47b4e780d?s=96&d=mm&r=g\",\"url\":\"https:\\\/\\\/secure.gravatar.com\\\/avatar\\\/497265c4dbe1cd0e2f3f1b19aba0f5779c7f95d09e139a5b83c1ecd47b4e780d?s=96&d=mm&r=g\",\"contentUrl\":\"https:\\\/\\\/secure.gravatar.com\\\/avatar\\\/497265c4dbe1cd0e2f3f1b19aba0f5779c7f95d09e139a5b83c1ecd47b4e780d?s=96&d=mm&r=g\",\"caption\":\"Exc\u00e9lsior\"},\"url\":\"https:\\\/\\\/www.bbmnoticias.com\\\/labravaradiofm\\\/author\\\/excelsior\\\/\"}]}<\/script>\n<!-- \/ Yoast SEO plugin. -->","yoast_head_json":{"title":"Diputados aprueban en comisiones traspaso de la Guardia Nacional a la Sedena - LA BRAVA RADIO","robots":{"index":"index","follow":"follow","max-snippet":"max-snippet:-1","max-image-preview":"max-image-preview:large","max-video-preview":"max-video-preview:-1"},"canonical":"https:\/\/www.bbmnoticias.com\/labravaradiofm\/2024\/08\/22\/diputados-aprueban-en-comisiones-traspaso-de-la-guardia-nacional-a-la-sedena\/","og_locale":"es_MX","og_type":"article","og_title":"Diputados aprueban en comisiones traspaso de la Guardia Nacional a la Sedena - LA BRAVA RADIO","og_description":"Con\u00a022 votos a favor\u00a0y 18 en contra, la Comisi\u00f3n de Puntos Constitucionales aprob\u00f3 el dictamen que otorga mando militar a la Guardia Nacional y bajo la conducci\u00f3n de las Fuerzas Armadas. Con la cr\u00edtica de PAN, PRI y Movimiento Ciudadano como una puerta a la militarizaci\u00f3n de M\u00e9xico,&nbsp;la Comisi\u00f3n de Puntos Constitucionales de la C\u00e1mara [&hellip;]","og_url":"https:\/\/www.bbmnoticias.com\/labravaradiofm\/2024\/08\/22\/diputados-aprueban-en-comisiones-traspaso-de-la-guardia-nacional-a-la-sedena\/","og_site_name":"LA BRAVA RADIO","article_published_time":"2024-08-22T22:24:22+00:00","article_modified_time":"2024-08-22T22:24:23+00:00","og_image":[{"width":800,"height":600,"url":"https:\/\/www.bbmnoticias.com\/labravaradiofm\/wp-content\/uploads\/sites\/5\/2024\/08\/3167598.webp","type":"image\/webp"}],"author":"Exc\u00e9lsior","twitter_card":"summary_large_image","twitter_misc":{"Escrito por":"Exc\u00e9lsior","Tiempo de lectura":"8 minutos"},"schema":{"@context":"https:\/\/schema.org","@graph":[{"@type":"Article","@id":"https:\/\/www.bbmnoticias.com\/labravaradiofm\/2024\/08\/22\/diputados-aprueban-en-comisiones-traspaso-de-la-guardia-nacional-a-la-sedena\/#article","isPartOf":{"@id":"https:\/\/www.bbmnoticias.com\/labravaradiofm\/2024\/08\/22\/diputados-aprueban-en-comisiones-traspaso-de-la-guardia-nacional-a-la-sedena\/"},"author":{"name":"Exc\u00e9lsior","@id":"https:\/\/www.bbmnoticias.com\/labravaradiofm\/#\/schema\/person\/56f4677efb93d47930db8f58aa971b20"},"headline":"Diputados aprueban en comisiones traspaso de la Guardia Nacional a la Sedena","datePublished":"2024-08-22T22:24:22+00:00","dateModified":"2024-08-22T22:24:23+00:00","mainEntityOfPage":{"@id":"https:\/\/www.bbmnoticias.com\/labravaradiofm\/2024\/08\/22\/diputados-aprueban-en-comisiones-traspaso-de-la-guardia-nacional-a-la-sedena\/"},"wordCount":2214,"image":{"@id":"https:\/\/www.bbmnoticias.com\/labravaradiofm\/2024\/08\/22\/diputados-aprueban-en-comisiones-traspaso-de-la-guardia-nacional-a-la-sedena\/#primaryimage"},"thumbnailUrl":"https:\/\/www.bbmnoticias.com\/labravaradiofm\/wp-content\/uploads\/sites\/5\/2024\/08\/3167598.webp","articleSection":["NACIONAL"],"inLanguage":"es"},{"@type":"WebPage","@id":"https:\/\/www.bbmnoticias.com\/labravaradiofm\/2024\/08\/22\/diputados-aprueban-en-comisiones-traspaso-de-la-guardia-nacional-a-la-sedena\/","url":"https:\/\/www.bbmnoticias.com\/labravaradiofm\/2024\/08\/22\/diputados-aprueban-en-comisiones-traspaso-de-la-guardia-nacional-a-la-sedena\/","name":"Diputados aprueban en comisiones traspaso de la Guardia Nacional a la Sedena - LA BRAVA RADIO","isPartOf":{"@id":"https:\/\/www.bbmnoticias.com\/labravaradiofm\/#website"},"primaryImageOfPage":{"@id":"https:\/\/www.bbmnoticias.com\/labravaradiofm\/2024\/08\/22\/diputados-aprueban-en-comisiones-traspaso-de-la-guardia-nacional-a-la-sedena\/#primaryimage"},"image":{"@id":"https:\/\/www.bbmnoticias.com\/labravaradiofm\/2024\/08\/22\/diputados-aprueban-en-comisiones-traspaso-de-la-guardia-nacional-a-la-sedena\/#primaryimage"},"thumbnailUrl":"https:\/\/www.bbmnoticias.com\/labravaradiofm\/wp-content\/uploads\/sites\/5\/2024\/08\/3167598.webp","datePublished":"2024-08-22T22:24:22+00:00","dateModified":"2024-08-22T22:24:23+00:00","author":{"@id":"https:\/\/www.bbmnoticias.com\/labravaradiofm\/#\/schema\/person\/56f4677efb93d47930db8f58aa971b20"},"breadcrumb":{"@id":"https:\/\/www.bbmnoticias.com\/labravaradiofm\/2024\/08\/22\/diputados-aprueban-en-comisiones-traspaso-de-la-guardia-nacional-a-la-sedena\/#breadcrumb"},"inLanguage":"es","potentialAction":[{"@type":"ReadAction","target":["https:\/\/www.bbmnoticias.com\/labravaradiofm\/2024\/08\/22\/diputados-aprueban-en-comisiones-traspaso-de-la-guardia-nacional-a-la-sedena\/"]}]},{"@type":"ImageObject","inLanguage":"es","@id":"https:\/\/www.bbmnoticias.com\/labravaradiofm\/2024\/08\/22\/diputados-aprueban-en-comisiones-traspaso-de-la-guardia-nacional-a-la-sedena\/#primaryimage","url":"https:\/\/www.bbmnoticias.com\/labravaradiofm\/wp-content\/uploads\/sites\/5\/2024\/08\/3167598.webp","contentUrl":"https:\/\/www.bbmnoticias.com\/labravaradiofm\/wp-content\/uploads\/sites\/5\/2024\/08\/3167598.webp","width":800,"height":600},{"@type":"BreadcrumbList","@id":"https:\/\/www.bbmnoticias.com\/labravaradiofm\/2024\/08\/22\/diputados-aprueban-en-comisiones-traspaso-de-la-guardia-nacional-a-la-sedena\/#breadcrumb","itemListElement":[{"@type":"ListItem","position":1,"name":"Inicio","item":"https:\/\/www.bbmnoticias.com\/labravaradiofm\/"},{"@type":"ListItem","position":2,"name":"Diputados aprueban en comisiones traspaso de la Guardia Nacional a la Sedena"}]},{"@type":"WebSite","@id":"https:\/\/www.bbmnoticias.com\/labravaradiofm\/#website","url":"https:\/\/www.bbmnoticias.com\/labravaradiofm\/","name":"LA BRAVA RADIO","description":"Empresa productora de medios, Radiodifusi\u00f3n, Noticias, tendencias y todo lo que necesitas saber de la pol\u00edtica mexicana e internacional; entretenimiento, espect\u00e1culos, salud y mucho m\u00e1s.","potentialAction":[{"@type":"SearchAction","target":{"@type":"EntryPoint","urlTemplate":"https:\/\/www.bbmnoticias.com\/labravaradiofm\/?s={search_term_string}"},"query-input":{"@type":"PropertyValueSpecification","valueRequired":true,"valueName":"search_term_string"}}],"inLanguage":"es"},{"@type":"Person","@id":"https:\/\/www.bbmnoticias.com\/labravaradiofm\/#\/schema\/person\/56f4677efb93d47930db8f58aa971b20","name":"Exc\u00e9lsior","image":{"@type":"ImageObject","inLanguage":"es","@id":"https:\/\/secure.gravatar.com\/avatar\/497265c4dbe1cd0e2f3f1b19aba0f5779c7f95d09e139a5b83c1ecd47b4e780d?s=96&d=mm&r=g","url":"https:\/\/secure.gravatar.com\/avatar\/497265c4dbe1cd0e2f3f1b19aba0f5779c7f95d09e139a5b83c1ecd47b4e780d?s=96&d=mm&r=g","contentUrl":"https:\/\/secure.gravatar.com\/avatar\/497265c4dbe1cd0e2f3f1b19aba0f5779c7f95d09e139a5b83c1ecd47b4e780d?s=96&d=mm&r=g","caption":"Exc\u00e9lsior"},"url":"https:\/\/www.bbmnoticias.com\/labravaradiofm\/author\/excelsior\/"}]}},"_links":{"self":[{"href":"https:\/\/www.bbmnoticias.com\/labravaradiofm\/wp-json\/wp\/v2\/posts\/46040","targetHints":{"allow":["GET"]}}],"collection":[{"href":"https:\/\/www.bbmnoticias.com\/labravaradiofm\/wp-json\/wp\/v2\/posts"}],"about":[{"href":"https:\/\/www.bbmnoticias.com\/labravaradiofm\/wp-json\/wp\/v2\/types\/post"}],"author":[{"embeddable":true,"href":"https:\/\/www.bbmnoticias.com\/labravaradiofm\/wp-json\/wp\/v2\/users\/8"}],"replies":[{"embeddable":true,"href":"https:\/\/www.bbmnoticias.com\/labravaradiofm\/wp-json\/wp\/v2\/comments?post=46040"}],"version-history":[{"count":0,"href":"https:\/\/www.bbmnoticias.com\/labravaradiofm\/wp-json\/wp\/v2\/posts\/46040\/revisions"}],"wp:featuredmedia":[{"embeddable":true,"href":"https:\/\/www.bbmnoticias.com\/labravaradiofm\/wp-json\/wp\/v2\/media\/46041"}],"wp:attachment":[{"href":"https:\/\/www.bbmnoticias.com\/labravaradiofm\/wp-json\/wp\/v2\/media?parent=46040"}],"wp:term":[{"taxonomy":"category","embeddable":true,"href":"https:\/\/www.bbmnoticias.com\/labravaradiofm\/wp-json\/wp\/v2\/categories?post=46040"},{"taxonomy":"post_tag","embeddable":true,"href":"https:\/\/www.bbmnoticias.com\/labravaradiofm\/wp-json\/wp\/v2\/tags?post=46040"}],"curies":[{"name":"wp","href":"https:\/\/api.w.org\/{rel}","templated":true}]}}