{"id":46037,"date":"2024-08-22T15:44:38","date_gmt":"2024-08-22T21:44:38","guid":{"rendered":"https:\/\/www.bbmnoticias.com\/labravaradiofm\/?p=46037"},"modified":"2024-08-22T15:44:40","modified_gmt":"2024-08-22T21:44:40","slug":"policia-vial-estatal-esta-lista-para-inicio-de-nuevo-ciclo-escolar","status":"publish","type":"post","link":"https:\/\/www.bbmnoticias.com\/labravaradiofm\/2024\/08\/22\/policia-vial-estatal-esta-lista-para-inicio-de-nuevo-ciclo-escolar\/","title":{"rendered":"Polic\u00eda Vial Estatal est\u00e1 lista para inicio de nuevo ciclo escolar"},"content":{"rendered":"<div style=\"margin-top: 0px; margin-bottom: 0px;\" class=\"sharethis-inline-share-buttons\" ><\/div>\n<p><strong>Oaxaca de Ju\u00e1rez, Oax., 22 de agosto de 2024.-<\/strong> La Polic\u00eda Vial Estatal del Gobierno de Oaxaca se reporta lista para el inicio del nuevo ciclo escolar en todo el estado, a trav\u00e9s de operativos de seguridad vial que incluyen servicios pie tierra, en motocicleta, patrullas y bicipatrullas, para consolidar un estado m\u00e1s seguro.<\/p>\n\n\n\n<p>Al respecto, el director de la Polic\u00eda Vial Estatal Toribio L\u00f3pez S\u00e1nchez indic\u00f3 que para este regreso a clases reforzar\u00e1n, en la capital y las ocho regiones, labores de vialidad en accesos a escuelas del nivel b\u00e1sico, medio superior y superior, para garantizar la integridad del alumnado, docentes y familias oaxaque\u00f1as.<\/p>\n\n\n\n<p>Indic\u00f3 que a la par de ello, iniciar\u00e1n capacitaciones y pl\u00e1ticas de Educaci\u00f3n Vial en las instituciones como parte de la campa\u00f1a permanente de prevenci\u00f3n de accidentes en la v\u00eda p\u00fablica.<\/p>\n\n\n\n<p>Reiter\u00f3 que la corporaci\u00f3n perteneciente a la Secretar\u00eda de Seguridad y Protecci\u00f3n Ciudadana (SSPC) optimiza sus estrategias pues \u201ctodas las actuaciones de nuestra polic\u00eda se basan en los principios de legalidad, objetividad, eficacia, profesionalismo, honradez y respeto a los derechos humanos reconocidos en las constituciones federal y estatal\u201d.<\/p>\n\n\n\n<p>Por ello, la corporaci\u00f3n recomienda planificar una ruta y salir a tiempo para evitar retrasos; respetar las se\u00f1ales de tr\u00e1nsito, los sem\u00e1foros y l\u00edmites de velocidad en las zonas escolares, as\u00ed como utilizar cintur\u00f3n de seguridad y respetar a las y los peatones, personas adultas mayores y con discapacidad.<\/p>\n\n\n\n<p>En tanto, exhort\u00f3 a motociclistas a usar casco, respetar pasos peatonales, no viajar con sobrecupo o menores de 10 a\u00f1os de edad y evitar el celular u objetos distractores al momento de manejar, as\u00ed como no estacionarse en \u00e1reas con restricciones y cocheras.<\/p>\n","protected":false},"excerpt":{"rendered":"<p>Oaxaca de Ju\u00e1rez, Oax., 22 de agosto de 2024.- La Polic\u00eda Vial Estatal del Gobierno de Oaxaca se reporta lista para el inicio del nuevo ciclo escolar en todo el estado, a trav\u00e9s de operativos de seguridad vial que incluyen servicios pie tierra, en motocicleta, patrullas y bicipatrullas, para consolidar un estado m\u00e1s seguro. Al [&hellip;]<\/p>\n","protected":false},"author":2,"featured_media":46038,"comment_status":"closed","ping_status":"closed","sticky":false,"template":"","format":"standard","meta":{"footnotes":""},"categories":[2],"tags":[],"class_list":{"0":"post-46037","1":"post","2":"type-post","3":"status-publish","4":"format-standard","5":"has-post-thumbnail","7":"category-oaxaca"},"yoast_head":"<!-- This site is optimized with the Yoast SEO plugin v27.4 - https:\/\/yoast.com\/product\/yoast-seo-wordpress\/ -->\n<title>Polic\u00eda Vial Estatal est\u00e1 lista para inicio de nuevo ciclo escolar - LA BRAVA RADIO<\/title>\n<meta name=\"robots\" content=\"index, follow, max-snippet:-1, max-image-preview:large, max-video-preview:-1\" \/>\n<link rel=\"canonical\" href=\"https:\/\/www.bbmnoticias.com\/labravaradiofm\/2024\/08\/22\/policia-vial-estatal-esta-lista-para-inicio-de-nuevo-ciclo-escolar\/\" \/>\n<meta property=\"og:locale\" content=\"es_MX\" \/>\n<meta property=\"og:type\" content=\"article\" \/>\n<meta property=\"og:title\" content=\"Polic\u00eda Vial Estatal est\u00e1 lista para inicio de nuevo ciclo escolar - LA BRAVA RADIO\" \/>\n<meta property=\"og:description\" content=\"Oaxaca de Ju\u00e1rez, Oax., 22 de agosto de 2024.- La Polic\u00eda Vial Estatal del Gobierno de Oaxaca se reporta lista para el inicio del nuevo ciclo escolar en todo el estado, a trav\u00e9s de operativos de seguridad vial que incluyen servicios pie tierra, en motocicleta, patrullas y bicipatrullas, para consolidar un estado m\u00e1s seguro. Al [&hellip;]\" \/>\n<meta property=\"og:url\" content=\"https:\/\/www.bbmnoticias.com\/labravaradiofm\/2024\/08\/22\/policia-vial-estatal-esta-lista-para-inicio-de-nuevo-ciclo-escolar\/\" \/>\n<meta property=\"og:site_name\" content=\"LA BRAVA RADIO\" \/>\n<meta property=\"article:published_time\" content=\"2024-08-22T21:44:38+00:00\" \/>\n<meta property=\"article:modified_time\" content=\"2024-08-22T21:44:40+00:00\" \/>\n<meta property=\"og:image\" content=\"https:\/\/www.bbmnoticias.com\/labravaradiofm\/wp-content\/uploads\/sites\/5\/2024\/08\/policia-vial-clases.jpeg\" \/>\n\t<meta property=\"og:image:width\" content=\"1504\" \/>\n\t<meta property=\"og:image:height\" content=\"1000\" \/>\n\t<meta property=\"og:image:type\" content=\"image\/jpeg\" \/>\n<meta name=\"author\" content=\"Staff\" \/>\n<meta name=\"twitter:card\" content=\"summary_large_image\" \/>\n<meta name=\"twitter:label1\" content=\"Escrito por\" \/>\n\t<meta name=\"twitter:data1\" content=\"Staff\" \/>\n\t<meta name=\"twitter:label2\" content=\"Tiempo de lectura\" \/>\n\t<meta name=\"twitter:data2\" content=\"2 minutos\" \/>\n<script type=\"application\/ld+json\" class=\"yoast-schema-graph\">{\"@context\":\"https:\\\/\\\/schema.org\",\"@graph\":[{\"@type\":\"Article\",\"@id\":\"https:\\\/\\\/www.bbmnoticias.com\\\/labravaradiofm\\\/2024\\\/08\\\/22\\\/policia-vial-estatal-esta-lista-para-inicio-de-nuevo-ciclo-escolar\\\/#article\",\"isPartOf\":{\"@id\":\"https:\\\/\\\/www.bbmnoticias.com\\\/labravaradiofm\\\/2024\\\/08\\\/22\\\/policia-vial-estatal-esta-lista-para-inicio-de-nuevo-ciclo-escolar\\\/\"},\"author\":{\"name\":\"Staff\",\"@id\":\"https:\\\/\\\/www.bbmnoticias.com\\\/labravaradiofm\\\/#\\\/schema\\\/person\\\/68a9e9036ef3c5b55aeb2b71dc8bab45\"},\"headline\":\"Polic\u00eda Vial Estatal est\u00e1 lista para inicio de nuevo ciclo escolar\",\"datePublished\":\"2024-08-22T21:44:38+00:00\",\"dateModified\":\"2024-08-22T21:44:40+00:00\",\"mainEntityOfPage\":{\"@id\":\"https:\\\/\\\/www.bbmnoticias.com\\\/labravaradiofm\\\/2024\\\/08\\\/22\\\/policia-vial-estatal-esta-lista-para-inicio-de-nuevo-ciclo-escolar\\\/\"},\"wordCount\":314,\"image\":{\"@id\":\"https:\\\/\\\/www.bbmnoticias.com\\\/labravaradiofm\\\/2024\\\/08\\\/22\\\/policia-vial-estatal-esta-lista-para-inicio-de-nuevo-ciclo-escolar\\\/#primaryimage\"},\"thumbnailUrl\":\"https:\\\/\\\/www.bbmnoticias.com\\\/labravaradiofm\\\/wp-content\\\/uploads\\\/sites\\\/5\\\/2024\\\/08\\\/policia-vial-clases.jpeg\",\"articleSection\":[\"LOCAL\"],\"inLanguage\":\"es\"},{\"@type\":\"WebPage\",\"@id\":\"https:\\\/\\\/www.bbmnoticias.com\\\/labravaradiofm\\\/2024\\\/08\\\/22\\\/policia-vial-estatal-esta-lista-para-inicio-de-nuevo-ciclo-escolar\\\/\",\"url\":\"https:\\\/\\\/www.bbmnoticias.com\\\/labravaradiofm\\\/2024\\\/08\\\/22\\\/policia-vial-estatal-esta-lista-para-inicio-de-nuevo-ciclo-escolar\\\/\",\"name\":\"Polic\u00eda Vial Estatal est\u00e1 lista para inicio de nuevo ciclo escolar - LA BRAVA RADIO\",\"isPartOf\":{\"@id\":\"https:\\\/\\\/www.bbmnoticias.com\\\/labravaradiofm\\\/#website\"},\"primaryImageOfPage\":{\"@id\":\"https:\\\/\\\/www.bbmnoticias.com\\\/labravaradiofm\\\/2024\\\/08\\\/22\\\/policia-vial-estatal-esta-lista-para-inicio-de-nuevo-ciclo-escolar\\\/#primaryimage\"},\"image\":{\"@id\":\"https:\\\/\\\/www.bbmnoticias.com\\\/labravaradiofm\\\/2024\\\/08\\\/22\\\/policia-vial-estatal-esta-lista-para-inicio-de-nuevo-ciclo-escolar\\\/#primaryimage\"},\"thumbnailUrl\":\"https:\\\/\\\/www.bbmnoticias.com\\\/labravaradiofm\\\/wp-content\\\/uploads\\\/sites\\\/5\\\/2024\\\/08\\\/policia-vial-clases.jpeg\",\"datePublished\":\"2024-08-22T21:44:38+00:00\",\"dateModified\":\"2024-08-22T21:44:40+00:00\",\"author\":{\"@id\":\"https:\\\/\\\/www.bbmnoticias.com\\\/labravaradiofm\\\/#\\\/schema\\\/person\\\/68a9e9036ef3c5b55aeb2b71dc8bab45\"},\"breadcrumb\":{\"@id\":\"https:\\\/\\\/www.bbmnoticias.com\\\/labravaradiofm\\\/2024\\\/08\\\/22\\\/policia-vial-estatal-esta-lista-para-inicio-de-nuevo-ciclo-escolar\\\/#breadcrumb\"},\"inLanguage\":\"es\",\"potentialAction\":[{\"@type\":\"ReadAction\",\"target\":[\"https:\\\/\\\/www.bbmnoticias.com\\\/labravaradiofm\\\/2024\\\/08\\\/22\\\/policia-vial-estatal-esta-lista-para-inicio-de-nuevo-ciclo-escolar\\\/\"]}]},{\"@type\":\"ImageObject\",\"inLanguage\":\"es\",\"@id\":\"https:\\\/\\\/www.bbmnoticias.com\\\/labravaradiofm\\\/2024\\\/08\\\/22\\\/policia-vial-estatal-esta-lista-para-inicio-de-nuevo-ciclo-escolar\\\/#primaryimage\",\"url\":\"https:\\\/\\\/www.bbmnoticias.com\\\/labravaradiofm\\\/wp-content\\\/uploads\\\/sites\\\/5\\\/2024\\\/08\\\/policia-vial-clases.jpeg\",\"contentUrl\":\"https:\\\/\\\/www.bbmnoticias.com\\\/labravaradiofm\\\/wp-content\\\/uploads\\\/sites\\\/5\\\/2024\\\/08\\\/policia-vial-clases.jpeg\",\"width\":1504,\"height\":1000},{\"@type\":\"BreadcrumbList\",\"@id\":\"https:\\\/\\\/www.bbmnoticias.com\\\/labravaradiofm\\\/2024\\\/08\\\/22\\\/policia-vial-estatal-esta-lista-para-inicio-de-nuevo-ciclo-escolar\\\/#breadcrumb\",\"itemListElement\":[{\"@type\":\"ListItem\",\"position\":1,\"name\":\"Inicio\",\"item\":\"https:\\\/\\\/www.bbmnoticias.com\\\/labravaradiofm\\\/\"},{\"@type\":\"ListItem\",\"position\":2,\"name\":\"Polic\u00eda Vial Estatal est\u00e1 lista para inicio de nuevo ciclo escolar\"}]},{\"@type\":\"WebSite\",\"@id\":\"https:\\\/\\\/www.bbmnoticias.com\\\/labravaradiofm\\\/#website\",\"url\":\"https:\\\/\\\/www.bbmnoticias.com\\\/labravaradiofm\\\/\",\"name\":\"LA BRAVA RADIO\",\"description\":\"Empresa productora de medios, Radiodifusi\u00f3n, Noticias, tendencias y todo lo que necesitas saber de la pol\u00edtica mexicana e internacional; entretenimiento, espect\u00e1culos, salud y mucho m\u00e1s.\",\"potentialAction\":[{\"@type\":\"SearchAction\",\"target\":{\"@type\":\"EntryPoint\",\"urlTemplate\":\"https:\\\/\\\/www.bbmnoticias.com\\\/labravaradiofm\\\/?s={search_term_string}\"},\"query-input\":{\"@type\":\"PropertyValueSpecification\",\"valueRequired\":true,\"valueName\":\"search_term_string\"}}],\"inLanguage\":\"es\"},{\"@type\":\"Person\",\"@id\":\"https:\\\/\\\/www.bbmnoticias.com\\\/labravaradiofm\\\/#\\\/schema\\\/person\\\/68a9e9036ef3c5b55aeb2b71dc8bab45\",\"name\":\"Staff\",\"image\":{\"@type\":\"ImageObject\",\"inLanguage\":\"es\",\"@id\":\"https:\\\/\\\/secure.gravatar.com\\\/avatar\\\/fdd21ad66fd8b98c407f9dee5b5e588cfe7f0d8579ec20fa6527cd59bab7f0f0?s=96&d=mm&r=g\",\"url\":\"https:\\\/\\\/secure.gravatar.com\\\/avatar\\\/fdd21ad66fd8b98c407f9dee5b5e588cfe7f0d8579ec20fa6527cd59bab7f0f0?s=96&d=mm&r=g\",\"contentUrl\":\"https:\\\/\\\/secure.gravatar.com\\\/avatar\\\/fdd21ad66fd8b98c407f9dee5b5e588cfe7f0d8579ec20fa6527cd59bab7f0f0?s=96&d=mm&r=g\",\"caption\":\"Staff\"},\"url\":\"https:\\\/\\\/www.bbmnoticias.com\\\/labravaradiofm\\\/author\\\/redaccion\\\/\"}]}<\/script>\n<!-- \/ Yoast SEO plugin. -->","yoast_head_json":{"title":"Polic\u00eda Vial Estatal est\u00e1 lista para inicio de nuevo ciclo escolar - LA BRAVA RADIO","robots":{"index":"index","follow":"follow","max-snippet":"max-snippet:-1","max-image-preview":"max-image-preview:large","max-video-preview":"max-video-preview:-1"},"canonical":"https:\/\/www.bbmnoticias.com\/labravaradiofm\/2024\/08\/22\/policia-vial-estatal-esta-lista-para-inicio-de-nuevo-ciclo-escolar\/","og_locale":"es_MX","og_type":"article","og_title":"Polic\u00eda Vial Estatal est\u00e1 lista para inicio de nuevo ciclo escolar - LA BRAVA RADIO","og_description":"Oaxaca de Ju\u00e1rez, Oax., 22 de agosto de 2024.- La Polic\u00eda Vial Estatal del Gobierno de Oaxaca se reporta lista para el inicio del nuevo ciclo escolar en todo el estado, a trav\u00e9s de operativos de seguridad vial que incluyen servicios pie tierra, en motocicleta, patrullas y bicipatrullas, para consolidar un estado m\u00e1s seguro. Al [&hellip;]","og_url":"https:\/\/www.bbmnoticias.com\/labravaradiofm\/2024\/08\/22\/policia-vial-estatal-esta-lista-para-inicio-de-nuevo-ciclo-escolar\/","og_site_name":"LA BRAVA RADIO","article_published_time":"2024-08-22T21:44:38+00:00","article_modified_time":"2024-08-22T21:44:40+00:00","og_image":[{"width":1504,"height":1000,"url":"https:\/\/www.bbmnoticias.com\/labravaradiofm\/wp-content\/uploads\/sites\/5\/2024\/08\/policia-vial-clases.jpeg","type":"image\/jpeg"}],"author":"Staff","twitter_card":"summary_large_image","twitter_misc":{"Escrito por":"Staff","Tiempo de lectura":"2 minutos"},"schema":{"@context":"https:\/\/schema.org","@graph":[{"@type":"Article","@id":"https:\/\/www.bbmnoticias.com\/labravaradiofm\/2024\/08\/22\/policia-vial-estatal-esta-lista-para-inicio-de-nuevo-ciclo-escolar\/#article","isPartOf":{"@id":"https:\/\/www.bbmnoticias.com\/labravaradiofm\/2024\/08\/22\/policia-vial-estatal-esta-lista-para-inicio-de-nuevo-ciclo-escolar\/"},"author":{"name":"Staff","@id":"https:\/\/www.bbmnoticias.com\/labravaradiofm\/#\/schema\/person\/68a9e9036ef3c5b55aeb2b71dc8bab45"},"headline":"Polic\u00eda Vial Estatal est\u00e1 lista para inicio de nuevo ciclo escolar","datePublished":"2024-08-22T21:44:38+00:00","dateModified":"2024-08-22T21:44:40+00:00","mainEntityOfPage":{"@id":"https:\/\/www.bbmnoticias.com\/labravaradiofm\/2024\/08\/22\/policia-vial-estatal-esta-lista-para-inicio-de-nuevo-ciclo-escolar\/"},"wordCount":314,"image":{"@id":"https:\/\/www.bbmnoticias.com\/labravaradiofm\/2024\/08\/22\/policia-vial-estatal-esta-lista-para-inicio-de-nuevo-ciclo-escolar\/#primaryimage"},"thumbnailUrl":"https:\/\/www.bbmnoticias.com\/labravaradiofm\/wp-content\/uploads\/sites\/5\/2024\/08\/policia-vial-clases.jpeg","articleSection":["LOCAL"],"inLanguage":"es"},{"@type":"WebPage","@id":"https:\/\/www.bbmnoticias.com\/labravaradiofm\/2024\/08\/22\/policia-vial-estatal-esta-lista-para-inicio-de-nuevo-ciclo-escolar\/","url":"https:\/\/www.bbmnoticias.com\/labravaradiofm\/2024\/08\/22\/policia-vial-estatal-esta-lista-para-inicio-de-nuevo-ciclo-escolar\/","name":"Polic\u00eda Vial Estatal est\u00e1 lista para inicio de nuevo ciclo escolar - LA BRAVA RADIO","isPartOf":{"@id":"https:\/\/www.bbmnoticias.com\/labravaradiofm\/#website"},"primaryImageOfPage":{"@id":"https:\/\/www.bbmnoticias.com\/labravaradiofm\/2024\/08\/22\/policia-vial-estatal-esta-lista-para-inicio-de-nuevo-ciclo-escolar\/#primaryimage"},"image":{"@id":"https:\/\/www.bbmnoticias.com\/labravaradiofm\/2024\/08\/22\/policia-vial-estatal-esta-lista-para-inicio-de-nuevo-ciclo-escolar\/#primaryimage"},"thumbnailUrl":"https:\/\/www.bbmnoticias.com\/labravaradiofm\/wp-content\/uploads\/sites\/5\/2024\/08\/policia-vial-clases.jpeg","datePublished":"2024-08-22T21:44:38+00:00","dateModified":"2024-08-22T21:44:40+00:00","author":{"@id":"https:\/\/www.bbmnoticias.com\/labravaradiofm\/#\/schema\/person\/68a9e9036ef3c5b55aeb2b71dc8bab45"},"breadcrumb":{"@id":"https:\/\/www.bbmnoticias.com\/labravaradiofm\/2024\/08\/22\/policia-vial-estatal-esta-lista-para-inicio-de-nuevo-ciclo-escolar\/#breadcrumb"},"inLanguage":"es","potentialAction":[{"@type":"ReadAction","target":["https:\/\/www.bbmnoticias.com\/labravaradiofm\/2024\/08\/22\/policia-vial-estatal-esta-lista-para-inicio-de-nuevo-ciclo-escolar\/"]}]},{"@type":"ImageObject","inLanguage":"es","@id":"https:\/\/www.bbmnoticias.com\/labravaradiofm\/2024\/08\/22\/policia-vial-estatal-esta-lista-para-inicio-de-nuevo-ciclo-escolar\/#primaryimage","url":"https:\/\/www.bbmnoticias.com\/labravaradiofm\/wp-content\/uploads\/sites\/5\/2024\/08\/policia-vial-clases.jpeg","contentUrl":"https:\/\/www.bbmnoticias.com\/labravaradiofm\/wp-content\/uploads\/sites\/5\/2024\/08\/policia-vial-clases.jpeg","width":1504,"height":1000},{"@type":"BreadcrumbList","@id":"https:\/\/www.bbmnoticias.com\/labravaradiofm\/2024\/08\/22\/policia-vial-estatal-esta-lista-para-inicio-de-nuevo-ciclo-escolar\/#breadcrumb","itemListElement":[{"@type":"ListItem","position":1,"name":"Inicio","item":"https:\/\/www.bbmnoticias.com\/labravaradiofm\/"},{"@type":"ListItem","position":2,"name":"Polic\u00eda Vial Estatal est\u00e1 lista para inicio de nuevo ciclo escolar"}]},{"@type":"WebSite","@id":"https:\/\/www.bbmnoticias.com\/labravaradiofm\/#website","url":"https:\/\/www.bbmnoticias.com\/labravaradiofm\/","name":"LA BRAVA RADIO","description":"Empresa productora de medios, Radiodifusi\u00f3n, Noticias, tendencias y todo lo que necesitas saber de la pol\u00edtica mexicana e internacional; entretenimiento, espect\u00e1culos, salud y mucho m\u00e1s.","potentialAction":[{"@type":"SearchAction","target":{"@type":"EntryPoint","urlTemplate":"https:\/\/www.bbmnoticias.com\/labravaradiofm\/?s={search_term_string}"},"query-input":{"@type":"PropertyValueSpecification","valueRequired":true,"valueName":"search_term_string"}}],"inLanguage":"es"},{"@type":"Person","@id":"https:\/\/www.bbmnoticias.com\/labravaradiofm\/#\/schema\/person\/68a9e9036ef3c5b55aeb2b71dc8bab45","name":"Staff","image":{"@type":"ImageObject","inLanguage":"es","@id":"https:\/\/secure.gravatar.com\/avatar\/fdd21ad66fd8b98c407f9dee5b5e588cfe7f0d8579ec20fa6527cd59bab7f0f0?s=96&d=mm&r=g","url":"https:\/\/secure.gravatar.com\/avatar\/fdd21ad66fd8b98c407f9dee5b5e588cfe7f0d8579ec20fa6527cd59bab7f0f0?s=96&d=mm&r=g","contentUrl":"https:\/\/secure.gravatar.com\/avatar\/fdd21ad66fd8b98c407f9dee5b5e588cfe7f0d8579ec20fa6527cd59bab7f0f0?s=96&d=mm&r=g","caption":"Staff"},"url":"https:\/\/www.bbmnoticias.com\/labravaradiofm\/author\/redaccion\/"}]}},"_links":{"self":[{"href":"https:\/\/www.bbmnoticias.com\/labravaradiofm\/wp-json\/wp\/v2\/posts\/46037","targetHints":{"allow":["GET"]}}],"collection":[{"href":"https:\/\/www.bbmnoticias.com\/labravaradiofm\/wp-json\/wp\/v2\/posts"}],"about":[{"href":"https:\/\/www.bbmnoticias.com\/labravaradiofm\/wp-json\/wp\/v2\/types\/post"}],"author":[{"embeddable":true,"href":"https:\/\/www.bbmnoticias.com\/labravaradiofm\/wp-json\/wp\/v2\/users\/2"}],"replies":[{"embeddable":true,"href":"https:\/\/www.bbmnoticias.com\/labravaradiofm\/wp-json\/wp\/v2\/comments?post=46037"}],"version-history":[{"count":0,"href":"https:\/\/www.bbmnoticias.com\/labravaradiofm\/wp-json\/wp\/v2\/posts\/46037\/revisions"}],"wp:featuredmedia":[{"embeddable":true,"href":"https:\/\/www.bbmnoticias.com\/labravaradiofm\/wp-json\/wp\/v2\/media\/46038"}],"wp:attachment":[{"href":"https:\/\/www.bbmnoticias.com\/labravaradiofm\/wp-json\/wp\/v2\/media?parent=46037"}],"wp:term":[{"taxonomy":"category","embeddable":true,"href":"https:\/\/www.bbmnoticias.com\/labravaradiofm\/wp-json\/wp\/v2\/categories?post=46037"},{"taxonomy":"post_tag","embeddable":true,"href":"https:\/\/www.bbmnoticias.com\/labravaradiofm\/wp-json\/wp\/v2\/tags?post=46037"}],"curies":[{"name":"wp","href":"https:\/\/api.w.org\/{rel}","templated":true}]}}