{"id":46031,"date":"2024-08-22T12:46:40","date_gmt":"2024-08-22T18:46:40","guid":{"rendered":"https:\/\/www.bbmnoticias.com\/labravaradiofm\/?p=46031"},"modified":"2024-08-22T12:46:42","modified_gmt":"2024-08-22T18:46:42","slug":"esta-es-la-empresa-de-alemania-interesada-en-proyecto-de-tren-de-pasajeros-de-sheinbaum","status":"publish","type":"post","link":"https:\/\/www.bbmnoticias.com\/labravaradiofm\/2024\/08\/22\/esta-es-la-empresa-de-alemania-interesada-en-proyecto-de-tren-de-pasajeros-de-sheinbaum\/","title":{"rendered":"Esta es la empresa de Alemania interesada en proyecto de Tren de pasajeros de Sheinbaum"},"content":{"rendered":"<div style=\"margin-top: 0px; margin-bottom: 0px;\" class=\"sharethis-inline-share-buttons\" ><\/div>\n<p>Anteriormente la presidenta electa <strong>Claudia Sheinbaum<\/strong>, dio a conocer que realizar\u00eda planes muy ambiciosos para M\u00e9xico, con el desarrollo de tres rutas ferroviarias nuevas en el pa\u00eds, <strong>conectando la capital del pa\u00eds<\/strong> con estados como Hidalgo, Quer\u00e9taro, Guadalajara, San Luis Potos\u00ed, Tamaulipas y Nuevo Le\u00f3n.<\/p>\n\n\n\n<p>Las rutas ser\u00edan AIFA-Pachuca, M\u00e9xico-San Luis Potos\u00ed-Monterrey-Nuevo Laredo y M\u00e9xico-Quer\u00e9taro-Guadalajara, es por ello que la participaci\u00f3n con la <strong>empresa alemana<\/strong> podr\u00eda ser un <strong>factor clave para el \u00e9xito de dichas v\u00edas<\/strong>, dada la reputaci\u00f3n de la empresa en la implementaci\u00f3n de soluciones ferroviarias eficientes y seguras.<\/p>\n\n\n\n<h2 class=\"wp-block-heading\">\u00bfDe qu\u00e9 empresa se trata?<\/h2>\n\n\n\n<p>Se trata de la <strong>empresa alemana<\/strong> Deutsche Bahn, la mayor compa\u00f1\u00eda ferroviaria de Alemania, quien manifest\u00f3 su inter\u00e9s en participar en los <strong>proyectos de trenes de pasajeros<\/strong> que se desarrollar\u00e1n en M\u00e9xico bajo la administraci\u00f3n de <strong>Claudia Sheinbaum<\/strong>.<\/p>\n\n\n\n<p>El anuncio gener\u00f3 <strong>expectativas positivas<\/strong> en el sector ferroviario mexicano, ya que Deutsche Bahn es reconocida por su vasta experiencia y capacidad t\u00e9cnica en la construcci\u00f3n y operaci\u00f3n de sistemas ferroviarios.<\/p>\n\n\n\n<p>Gorden Rumpff, director ejecutivo de Deutsche Bahn para M\u00e9xico, Am\u00e9rica Central y el Caribe, destac\u00f3 que Deutsche Bahn no solo aporta conocimientos te\u00f3ricos, sino tambi\u00e9n <strong>una s\u00f3lida experiencia pr\u00e1ctica<\/strong> adquirida a trav\u00e9s de su operaci\u00f3n en Europa y otros continentes.<\/p>\n\n\n\n<h2 class=\"wp-block-heading\">\u00bfQu\u00e9 hace Deutsche Bahn?<\/h2>\n\n\n\n<p>Deutsche Bahn AG fue fundada en 1994, y se convirti\u00f3 en la principal empresa ferroviaria de Alemania y en una de las corporaciones de transporte <strong>m\u00e1s grandes del mundo<\/strong>.&nbsp;<\/p>\n\n\n\n<p>La compa\u00f1\u00eda, con sede en Berl\u00edn, opera una extensa red ferroviaria que <strong>abarca m\u00e1s de 33,000 kil\u00f3metros en Alemania<\/strong> y otros pa\u00edses europeos.&nbsp;Adem\u00e1s de ofrecer servicios de transporte de pasajeros y mercanc\u00edas, Deutsche Bahn se encarga de la gesti\u00f3n de la infraestructura ferroviaria, incluyendo el mantenimiento y la modernizaci\u00f3n de las v\u00edas.<\/p>\n\n\n\n<p>Deutsche Bahn es conocida por su <strong>enfoque en la innovaci\u00f3n y la sostenibilidad,<\/strong> implementando tecnolog\u00edas avanzadas para mejorar la eficiencia energ\u00e9tica y reducir las emisiones de carbono en sus operaciones.<\/p>\n","protected":false},"excerpt":{"rendered":"<p>Anteriormente la presidenta electa Claudia Sheinbaum, dio a conocer que realizar\u00eda planes muy ambiciosos para M\u00e9xico, con el desarrollo de tres rutas ferroviarias nuevas en el pa\u00eds, conectando la capital del pa\u00eds con estados como Hidalgo, Quer\u00e9taro, Guadalajara, San Luis Potos\u00ed, Tamaulipas y Nuevo Le\u00f3n. Las rutas ser\u00edan AIFA-Pachuca, M\u00e9xico-San Luis Potos\u00ed-Monterrey-Nuevo Laredo y M\u00e9xico-Quer\u00e9taro-Guadalajara, [&hellip;]<\/p>\n","protected":false},"author":2,"featured_media":46032,"comment_status":"closed","ping_status":"closed","sticky":false,"template":"","format":"standard","meta":{"footnotes":""},"categories":[1025,19],"tags":[],"class_list":{"0":"post-46031","1":"post","2":"type-post","3":"status-publish","4":"format-standard","5":"has-post-thumbnail","7":"category-destacado","8":"category-nacional"},"yoast_head":"<!-- This site is optimized with the Yoast SEO plugin v27.4 - https:\/\/yoast.com\/product\/yoast-seo-wordpress\/ -->\n<title>Esta es la empresa de Alemania interesada en proyecto de Tren de pasajeros de Sheinbaum - LA BRAVA RADIO<\/title>\n<meta name=\"robots\" content=\"index, follow, max-snippet:-1, max-image-preview:large, max-video-preview:-1\" \/>\n<link rel=\"canonical\" href=\"https:\/\/www.bbmnoticias.com\/labravaradiofm\/2024\/08\/22\/esta-es-la-empresa-de-alemania-interesada-en-proyecto-de-tren-de-pasajeros-de-sheinbaum\/\" \/>\n<meta property=\"og:locale\" content=\"es_MX\" \/>\n<meta property=\"og:type\" content=\"article\" \/>\n<meta property=\"og:title\" content=\"Esta es la empresa de Alemania interesada en proyecto de Tren de pasajeros de Sheinbaum - LA BRAVA RADIO\" \/>\n<meta property=\"og:description\" content=\"Anteriormente la presidenta electa Claudia Sheinbaum, dio a conocer que realizar\u00eda planes muy ambiciosos para M\u00e9xico, con el desarrollo de tres rutas ferroviarias nuevas en el pa\u00eds, conectando la capital del pa\u00eds con estados como Hidalgo, Quer\u00e9taro, Guadalajara, San Luis Potos\u00ed, Tamaulipas y Nuevo Le\u00f3n. Las rutas ser\u00edan AIFA-Pachuca, M\u00e9xico-San Luis Potos\u00ed-Monterrey-Nuevo Laredo y M\u00e9xico-Quer\u00e9taro-Guadalajara, [&hellip;]\" \/>\n<meta property=\"og:url\" content=\"https:\/\/www.bbmnoticias.com\/labravaradiofm\/2024\/08\/22\/esta-es-la-empresa-de-alemania-interesada-en-proyecto-de-tren-de-pasajeros-de-sheinbaum\/\" \/>\n<meta property=\"og:site_name\" content=\"LA BRAVA RADIO\" \/>\n<meta property=\"article:published_time\" content=\"2024-08-22T18:46:40+00:00\" \/>\n<meta property=\"article:modified_time\" content=\"2024-08-22T18:46:42+00:00\" \/>\n<meta property=\"og:image\" content=\"https:\/\/www.bbmnoticias.com\/labravaradiofm\/wp-content\/uploads\/sites\/5\/2024\/08\/esta-es-la-empresa-de-alemania-interesada-en-proyecto-de-tren-de-pasajeros-de-sheinbaum.jpg\" \/>\n\t<meta property=\"og:image:width\" content=\"732\" \/>\n\t<meta property=\"og:image:height\" content=\"549\" \/>\n\t<meta property=\"og:image:type\" content=\"image\/jpeg\" \/>\n<meta name=\"author\" content=\"Staff\" \/>\n<meta name=\"twitter:card\" content=\"summary_large_image\" \/>\n<meta name=\"twitter:label1\" content=\"Escrito por\" \/>\n\t<meta name=\"twitter:data1\" content=\"Staff\" \/>\n\t<meta name=\"twitter:label2\" content=\"Tiempo de lectura\" \/>\n\t<meta name=\"twitter:data2\" content=\"2 minutos\" \/>\n<script type=\"application\/ld+json\" class=\"yoast-schema-graph\">{\"@context\":\"https:\\\/\\\/schema.org\",\"@graph\":[{\"@type\":\"Article\",\"@id\":\"https:\\\/\\\/www.bbmnoticias.com\\\/labravaradiofm\\\/2024\\\/08\\\/22\\\/esta-es-la-empresa-de-alemania-interesada-en-proyecto-de-tren-de-pasajeros-de-sheinbaum\\\/#article\",\"isPartOf\":{\"@id\":\"https:\\\/\\\/www.bbmnoticias.com\\\/labravaradiofm\\\/2024\\\/08\\\/22\\\/esta-es-la-empresa-de-alemania-interesada-en-proyecto-de-tren-de-pasajeros-de-sheinbaum\\\/\"},\"author\":{\"name\":\"Staff\",\"@id\":\"https:\\\/\\\/www.bbmnoticias.com\\\/labravaradiofm\\\/#\\\/schema\\\/person\\\/68a9e9036ef3c5b55aeb2b71dc8bab45\"},\"headline\":\"Esta es la empresa de Alemania interesada en proyecto de Tren de pasajeros de Sheinbaum\",\"datePublished\":\"2024-08-22T18:46:40+00:00\",\"dateModified\":\"2024-08-22T18:46:42+00:00\",\"mainEntityOfPage\":{\"@id\":\"https:\\\/\\\/www.bbmnoticias.com\\\/labravaradiofm\\\/2024\\\/08\\\/22\\\/esta-es-la-empresa-de-alemania-interesada-en-proyecto-de-tren-de-pasajeros-de-sheinbaum\\\/\"},\"wordCount\":382,\"image\":{\"@id\":\"https:\\\/\\\/www.bbmnoticias.com\\\/labravaradiofm\\\/2024\\\/08\\\/22\\\/esta-es-la-empresa-de-alemania-interesada-en-proyecto-de-tren-de-pasajeros-de-sheinbaum\\\/#primaryimage\"},\"thumbnailUrl\":\"https:\\\/\\\/www.bbmnoticias.com\\\/labravaradiofm\\\/wp-content\\\/uploads\\\/sites\\\/5\\\/2024\\\/08\\\/esta-es-la-empresa-de-alemania-interesada-en-proyecto-de-tren-de-pasajeros-de-sheinbaum.jpg\",\"articleSection\":[\"DESTACADO\",\"NACIONAL\"],\"inLanguage\":\"es\"},{\"@type\":\"WebPage\",\"@id\":\"https:\\\/\\\/www.bbmnoticias.com\\\/labravaradiofm\\\/2024\\\/08\\\/22\\\/esta-es-la-empresa-de-alemania-interesada-en-proyecto-de-tren-de-pasajeros-de-sheinbaum\\\/\",\"url\":\"https:\\\/\\\/www.bbmnoticias.com\\\/labravaradiofm\\\/2024\\\/08\\\/22\\\/esta-es-la-empresa-de-alemania-interesada-en-proyecto-de-tren-de-pasajeros-de-sheinbaum\\\/\",\"name\":\"Esta es la empresa de Alemania interesada en proyecto de Tren de pasajeros de Sheinbaum - LA BRAVA RADIO\",\"isPartOf\":{\"@id\":\"https:\\\/\\\/www.bbmnoticias.com\\\/labravaradiofm\\\/#website\"},\"primaryImageOfPage\":{\"@id\":\"https:\\\/\\\/www.bbmnoticias.com\\\/labravaradiofm\\\/2024\\\/08\\\/22\\\/esta-es-la-empresa-de-alemania-interesada-en-proyecto-de-tren-de-pasajeros-de-sheinbaum\\\/#primaryimage\"},\"image\":{\"@id\":\"https:\\\/\\\/www.bbmnoticias.com\\\/labravaradiofm\\\/2024\\\/08\\\/22\\\/esta-es-la-empresa-de-alemania-interesada-en-proyecto-de-tren-de-pasajeros-de-sheinbaum\\\/#primaryimage\"},\"thumbnailUrl\":\"https:\\\/\\\/www.bbmnoticias.com\\\/labravaradiofm\\\/wp-content\\\/uploads\\\/sites\\\/5\\\/2024\\\/08\\\/esta-es-la-empresa-de-alemania-interesada-en-proyecto-de-tren-de-pasajeros-de-sheinbaum.jpg\",\"datePublished\":\"2024-08-22T18:46:40+00:00\",\"dateModified\":\"2024-08-22T18:46:42+00:00\",\"author\":{\"@id\":\"https:\\\/\\\/www.bbmnoticias.com\\\/labravaradiofm\\\/#\\\/schema\\\/person\\\/68a9e9036ef3c5b55aeb2b71dc8bab45\"},\"breadcrumb\":{\"@id\":\"https:\\\/\\\/www.bbmnoticias.com\\\/labravaradiofm\\\/2024\\\/08\\\/22\\\/esta-es-la-empresa-de-alemania-interesada-en-proyecto-de-tren-de-pasajeros-de-sheinbaum\\\/#breadcrumb\"},\"inLanguage\":\"es\",\"potentialAction\":[{\"@type\":\"ReadAction\",\"target\":[\"https:\\\/\\\/www.bbmnoticias.com\\\/labravaradiofm\\\/2024\\\/08\\\/22\\\/esta-es-la-empresa-de-alemania-interesada-en-proyecto-de-tren-de-pasajeros-de-sheinbaum\\\/\"]}]},{\"@type\":\"ImageObject\",\"inLanguage\":\"es\",\"@id\":\"https:\\\/\\\/www.bbmnoticias.com\\\/labravaradiofm\\\/2024\\\/08\\\/22\\\/esta-es-la-empresa-de-alemania-interesada-en-proyecto-de-tren-de-pasajeros-de-sheinbaum\\\/#primaryimage\",\"url\":\"https:\\\/\\\/www.bbmnoticias.com\\\/labravaradiofm\\\/wp-content\\\/uploads\\\/sites\\\/5\\\/2024\\\/08\\\/esta-es-la-empresa-de-alemania-interesada-en-proyecto-de-tren-de-pasajeros-de-sheinbaum.jpg\",\"contentUrl\":\"https:\\\/\\\/www.bbmnoticias.com\\\/labravaradiofm\\\/wp-content\\\/uploads\\\/sites\\\/5\\\/2024\\\/08\\\/esta-es-la-empresa-de-alemania-interesada-en-proyecto-de-tren-de-pasajeros-de-sheinbaum.jpg\",\"width\":732,\"height\":549},{\"@type\":\"BreadcrumbList\",\"@id\":\"https:\\\/\\\/www.bbmnoticias.com\\\/labravaradiofm\\\/2024\\\/08\\\/22\\\/esta-es-la-empresa-de-alemania-interesada-en-proyecto-de-tren-de-pasajeros-de-sheinbaum\\\/#breadcrumb\",\"itemListElement\":[{\"@type\":\"ListItem\",\"position\":1,\"name\":\"Inicio\",\"item\":\"https:\\\/\\\/www.bbmnoticias.com\\\/labravaradiofm\\\/\"},{\"@type\":\"ListItem\",\"position\":2,\"name\":\"Esta es la empresa de Alemania interesada en proyecto de Tren de pasajeros de Sheinbaum\"}]},{\"@type\":\"WebSite\",\"@id\":\"https:\\\/\\\/www.bbmnoticias.com\\\/labravaradiofm\\\/#website\",\"url\":\"https:\\\/\\\/www.bbmnoticias.com\\\/labravaradiofm\\\/\",\"name\":\"LA BRAVA RADIO\",\"description\":\"Empresa productora de medios, Radiodifusi\u00f3n, Noticias, tendencias y todo lo que necesitas saber de la pol\u00edtica mexicana e internacional; entretenimiento, espect\u00e1culos, salud y mucho m\u00e1s.\",\"potentialAction\":[{\"@type\":\"SearchAction\",\"target\":{\"@type\":\"EntryPoint\",\"urlTemplate\":\"https:\\\/\\\/www.bbmnoticias.com\\\/labravaradiofm\\\/?s={search_term_string}\"},\"query-input\":{\"@type\":\"PropertyValueSpecification\",\"valueRequired\":true,\"valueName\":\"search_term_string\"}}],\"inLanguage\":\"es\"},{\"@type\":\"Person\",\"@id\":\"https:\\\/\\\/www.bbmnoticias.com\\\/labravaradiofm\\\/#\\\/schema\\\/person\\\/68a9e9036ef3c5b55aeb2b71dc8bab45\",\"name\":\"Staff\",\"image\":{\"@type\":\"ImageObject\",\"inLanguage\":\"es\",\"@id\":\"https:\\\/\\\/secure.gravatar.com\\\/avatar\\\/fdd21ad66fd8b98c407f9dee5b5e588cfe7f0d8579ec20fa6527cd59bab7f0f0?s=96&d=mm&r=g\",\"url\":\"https:\\\/\\\/secure.gravatar.com\\\/avatar\\\/fdd21ad66fd8b98c407f9dee5b5e588cfe7f0d8579ec20fa6527cd59bab7f0f0?s=96&d=mm&r=g\",\"contentUrl\":\"https:\\\/\\\/secure.gravatar.com\\\/avatar\\\/fdd21ad66fd8b98c407f9dee5b5e588cfe7f0d8579ec20fa6527cd59bab7f0f0?s=96&d=mm&r=g\",\"caption\":\"Staff\"},\"url\":\"https:\\\/\\\/www.bbmnoticias.com\\\/labravaradiofm\\\/author\\\/redaccion\\\/\"}]}<\/script>\n<!-- \/ Yoast SEO plugin. -->","yoast_head_json":{"title":"Esta es la empresa de Alemania interesada en proyecto de Tren de pasajeros de Sheinbaum - LA BRAVA RADIO","robots":{"index":"index","follow":"follow","max-snippet":"max-snippet:-1","max-image-preview":"max-image-preview:large","max-video-preview":"max-video-preview:-1"},"canonical":"https:\/\/www.bbmnoticias.com\/labravaradiofm\/2024\/08\/22\/esta-es-la-empresa-de-alemania-interesada-en-proyecto-de-tren-de-pasajeros-de-sheinbaum\/","og_locale":"es_MX","og_type":"article","og_title":"Esta es la empresa de Alemania interesada en proyecto de Tren de pasajeros de Sheinbaum - LA BRAVA RADIO","og_description":"Anteriormente la presidenta electa Claudia Sheinbaum, dio a conocer que realizar\u00eda planes muy ambiciosos para M\u00e9xico, con el desarrollo de tres rutas ferroviarias nuevas en el pa\u00eds, conectando la capital del pa\u00eds con estados como Hidalgo, Quer\u00e9taro, Guadalajara, San Luis Potos\u00ed, Tamaulipas y Nuevo Le\u00f3n. Las rutas ser\u00edan AIFA-Pachuca, M\u00e9xico-San Luis Potos\u00ed-Monterrey-Nuevo Laredo y M\u00e9xico-Quer\u00e9taro-Guadalajara, [&hellip;]","og_url":"https:\/\/www.bbmnoticias.com\/labravaradiofm\/2024\/08\/22\/esta-es-la-empresa-de-alemania-interesada-en-proyecto-de-tren-de-pasajeros-de-sheinbaum\/","og_site_name":"LA BRAVA RADIO","article_published_time":"2024-08-22T18:46:40+00:00","article_modified_time":"2024-08-22T18:46:42+00:00","og_image":[{"width":732,"height":549,"url":"https:\/\/www.bbmnoticias.com\/labravaradiofm\/wp-content\/uploads\/sites\/5\/2024\/08\/esta-es-la-empresa-de-alemania-interesada-en-proyecto-de-tren-de-pasajeros-de-sheinbaum.jpg","type":"image\/jpeg"}],"author":"Staff","twitter_card":"summary_large_image","twitter_misc":{"Escrito por":"Staff","Tiempo de lectura":"2 minutos"},"schema":{"@context":"https:\/\/schema.org","@graph":[{"@type":"Article","@id":"https:\/\/www.bbmnoticias.com\/labravaradiofm\/2024\/08\/22\/esta-es-la-empresa-de-alemania-interesada-en-proyecto-de-tren-de-pasajeros-de-sheinbaum\/#article","isPartOf":{"@id":"https:\/\/www.bbmnoticias.com\/labravaradiofm\/2024\/08\/22\/esta-es-la-empresa-de-alemania-interesada-en-proyecto-de-tren-de-pasajeros-de-sheinbaum\/"},"author":{"name":"Staff","@id":"https:\/\/www.bbmnoticias.com\/labravaradiofm\/#\/schema\/person\/68a9e9036ef3c5b55aeb2b71dc8bab45"},"headline":"Esta es la empresa de Alemania interesada en proyecto de Tren de pasajeros de Sheinbaum","datePublished":"2024-08-22T18:46:40+00:00","dateModified":"2024-08-22T18:46:42+00:00","mainEntityOfPage":{"@id":"https:\/\/www.bbmnoticias.com\/labravaradiofm\/2024\/08\/22\/esta-es-la-empresa-de-alemania-interesada-en-proyecto-de-tren-de-pasajeros-de-sheinbaum\/"},"wordCount":382,"image":{"@id":"https:\/\/www.bbmnoticias.com\/labravaradiofm\/2024\/08\/22\/esta-es-la-empresa-de-alemania-interesada-en-proyecto-de-tren-de-pasajeros-de-sheinbaum\/#primaryimage"},"thumbnailUrl":"https:\/\/www.bbmnoticias.com\/labravaradiofm\/wp-content\/uploads\/sites\/5\/2024\/08\/esta-es-la-empresa-de-alemania-interesada-en-proyecto-de-tren-de-pasajeros-de-sheinbaum.jpg","articleSection":["DESTACADO","NACIONAL"],"inLanguage":"es"},{"@type":"WebPage","@id":"https:\/\/www.bbmnoticias.com\/labravaradiofm\/2024\/08\/22\/esta-es-la-empresa-de-alemania-interesada-en-proyecto-de-tren-de-pasajeros-de-sheinbaum\/","url":"https:\/\/www.bbmnoticias.com\/labravaradiofm\/2024\/08\/22\/esta-es-la-empresa-de-alemania-interesada-en-proyecto-de-tren-de-pasajeros-de-sheinbaum\/","name":"Esta es la empresa de Alemania interesada en proyecto de Tren de pasajeros de Sheinbaum - LA BRAVA RADIO","isPartOf":{"@id":"https:\/\/www.bbmnoticias.com\/labravaradiofm\/#website"},"primaryImageOfPage":{"@id":"https:\/\/www.bbmnoticias.com\/labravaradiofm\/2024\/08\/22\/esta-es-la-empresa-de-alemania-interesada-en-proyecto-de-tren-de-pasajeros-de-sheinbaum\/#primaryimage"},"image":{"@id":"https:\/\/www.bbmnoticias.com\/labravaradiofm\/2024\/08\/22\/esta-es-la-empresa-de-alemania-interesada-en-proyecto-de-tren-de-pasajeros-de-sheinbaum\/#primaryimage"},"thumbnailUrl":"https:\/\/www.bbmnoticias.com\/labravaradiofm\/wp-content\/uploads\/sites\/5\/2024\/08\/esta-es-la-empresa-de-alemania-interesada-en-proyecto-de-tren-de-pasajeros-de-sheinbaum.jpg","datePublished":"2024-08-22T18:46:40+00:00","dateModified":"2024-08-22T18:46:42+00:00","author":{"@id":"https:\/\/www.bbmnoticias.com\/labravaradiofm\/#\/schema\/person\/68a9e9036ef3c5b55aeb2b71dc8bab45"},"breadcrumb":{"@id":"https:\/\/www.bbmnoticias.com\/labravaradiofm\/2024\/08\/22\/esta-es-la-empresa-de-alemania-interesada-en-proyecto-de-tren-de-pasajeros-de-sheinbaum\/#breadcrumb"},"inLanguage":"es","potentialAction":[{"@type":"ReadAction","target":["https:\/\/www.bbmnoticias.com\/labravaradiofm\/2024\/08\/22\/esta-es-la-empresa-de-alemania-interesada-en-proyecto-de-tren-de-pasajeros-de-sheinbaum\/"]}]},{"@type":"ImageObject","inLanguage":"es","@id":"https:\/\/www.bbmnoticias.com\/labravaradiofm\/2024\/08\/22\/esta-es-la-empresa-de-alemania-interesada-en-proyecto-de-tren-de-pasajeros-de-sheinbaum\/#primaryimage","url":"https:\/\/www.bbmnoticias.com\/labravaradiofm\/wp-content\/uploads\/sites\/5\/2024\/08\/esta-es-la-empresa-de-alemania-interesada-en-proyecto-de-tren-de-pasajeros-de-sheinbaum.jpg","contentUrl":"https:\/\/www.bbmnoticias.com\/labravaradiofm\/wp-content\/uploads\/sites\/5\/2024\/08\/esta-es-la-empresa-de-alemania-interesada-en-proyecto-de-tren-de-pasajeros-de-sheinbaum.jpg","width":732,"height":549},{"@type":"BreadcrumbList","@id":"https:\/\/www.bbmnoticias.com\/labravaradiofm\/2024\/08\/22\/esta-es-la-empresa-de-alemania-interesada-en-proyecto-de-tren-de-pasajeros-de-sheinbaum\/#breadcrumb","itemListElement":[{"@type":"ListItem","position":1,"name":"Inicio","item":"https:\/\/www.bbmnoticias.com\/labravaradiofm\/"},{"@type":"ListItem","position":2,"name":"Esta es la empresa de Alemania interesada en proyecto de Tren de pasajeros de Sheinbaum"}]},{"@type":"WebSite","@id":"https:\/\/www.bbmnoticias.com\/labravaradiofm\/#website","url":"https:\/\/www.bbmnoticias.com\/labravaradiofm\/","name":"LA BRAVA RADIO","description":"Empresa productora de medios, Radiodifusi\u00f3n, Noticias, tendencias y todo lo que necesitas saber de la pol\u00edtica mexicana e internacional; entretenimiento, espect\u00e1culos, salud y mucho m\u00e1s.","potentialAction":[{"@type":"SearchAction","target":{"@type":"EntryPoint","urlTemplate":"https:\/\/www.bbmnoticias.com\/labravaradiofm\/?s={search_term_string}"},"query-input":{"@type":"PropertyValueSpecification","valueRequired":true,"valueName":"search_term_string"}}],"inLanguage":"es"},{"@type":"Person","@id":"https:\/\/www.bbmnoticias.com\/labravaradiofm\/#\/schema\/person\/68a9e9036ef3c5b55aeb2b71dc8bab45","name":"Staff","image":{"@type":"ImageObject","inLanguage":"es","@id":"https:\/\/secure.gravatar.com\/avatar\/fdd21ad66fd8b98c407f9dee5b5e588cfe7f0d8579ec20fa6527cd59bab7f0f0?s=96&d=mm&r=g","url":"https:\/\/secure.gravatar.com\/avatar\/fdd21ad66fd8b98c407f9dee5b5e588cfe7f0d8579ec20fa6527cd59bab7f0f0?s=96&d=mm&r=g","contentUrl":"https:\/\/secure.gravatar.com\/avatar\/fdd21ad66fd8b98c407f9dee5b5e588cfe7f0d8579ec20fa6527cd59bab7f0f0?s=96&d=mm&r=g","caption":"Staff"},"url":"https:\/\/www.bbmnoticias.com\/labravaradiofm\/author\/redaccion\/"}]}},"_links":{"self":[{"href":"https:\/\/www.bbmnoticias.com\/labravaradiofm\/wp-json\/wp\/v2\/posts\/46031","targetHints":{"allow":["GET"]}}],"collection":[{"href":"https:\/\/www.bbmnoticias.com\/labravaradiofm\/wp-json\/wp\/v2\/posts"}],"about":[{"href":"https:\/\/www.bbmnoticias.com\/labravaradiofm\/wp-json\/wp\/v2\/types\/post"}],"author":[{"embeddable":true,"href":"https:\/\/www.bbmnoticias.com\/labravaradiofm\/wp-json\/wp\/v2\/users\/2"}],"replies":[{"embeddable":true,"href":"https:\/\/www.bbmnoticias.com\/labravaradiofm\/wp-json\/wp\/v2\/comments?post=46031"}],"version-history":[{"count":0,"href":"https:\/\/www.bbmnoticias.com\/labravaradiofm\/wp-json\/wp\/v2\/posts\/46031\/revisions"}],"wp:featuredmedia":[{"embeddable":true,"href":"https:\/\/www.bbmnoticias.com\/labravaradiofm\/wp-json\/wp\/v2\/media\/46032"}],"wp:attachment":[{"href":"https:\/\/www.bbmnoticias.com\/labravaradiofm\/wp-json\/wp\/v2\/media?parent=46031"}],"wp:term":[{"taxonomy":"category","embeddable":true,"href":"https:\/\/www.bbmnoticias.com\/labravaradiofm\/wp-json\/wp\/v2\/categories?post=46031"},{"taxonomy":"post_tag","embeddable":true,"href":"https:\/\/www.bbmnoticias.com\/labravaradiofm\/wp-json\/wp\/v2\/tags?post=46031"}],"curies":[{"name":"wp","href":"https:\/\/api.w.org\/{rel}","templated":true}]}}