{"id":46019,"date":"2024-08-22T09:07:47","date_gmt":"2024-08-22T15:07:47","guid":{"rendered":"https:\/\/www.bbmnoticias.com\/labravaradiofm\/?p=46019"},"modified":"2024-08-22T09:07:49","modified_gmt":"2024-08-22T15:07:49","slug":"conocida-en-mexico-la-artista-bosska-proyecta-un-paraiso-en-torremolinos","status":"publish","type":"post","link":"https:\/\/www.bbmnoticias.com\/labravaradiofm\/2024\/08\/22\/conocida-en-mexico-la-artista-bosska-proyecta-un-paraiso-en-torremolinos\/","title":{"rendered":"Conocida en M\u00e9xico la artista Bosska proyecta un para\u00edso\u00a0 en Torremolinos"},"content":{"rendered":"<div style=\"margin-top: 0px; margin-bottom: 0px;\" class=\"sharethis-inline-share-buttons\" ><\/div>\n<p>La ilustradora y muralista Bosska ha presentado hoy su nueva obra de intervenci\u00f3n urbana, Ave del para\u00edso, que ya se puede visitar en la nueva plaza Vicente Aleixandre de Torremolinos. Bosska, Ana Cort\u00e9s \u00abBosska\u00bb es dise\u00f1adora gr\u00e1fica, ilustradora y muralista, alicantina de nacimiento, malague\u00f1a de adopci\u00f3n y mexicana de coraz\u00f3n, despu\u00e9s de haber vivido all\u00ed durante 7 a\u00f1os. Se gradu\u00f3 en 2013 en la Licenciatura en Dise\u00f1o Gr\u00e1fico por la Universidad La Salle Canc\u00fan (M\u00e9xico), ciudad en la que dio sus primeros pasos, tanto en dise\u00f1o como en ilustraci\u00f3n.<\/p>\n\n\n\n<p>Sus obras son el resultado de muchas corrientes art\u00edsticas que le apasionan, destacando el Art Nouveau, con el que se siente m\u00e1s identificada.<\/p>\n\n\n\n<p>A<em>ve del para\u00edso<\/em>&nbsp; es el t\u00edtulo del mural de 180m2 que se puede visitar en la nueva plaza Vicente Aleixandre en el municipio de Torremolinos en M\u00e1laga, Espa\u00f1a. Especies de aves aut\u00f3ctonas rodean la figura de una mujer generando una composici\u00f3n que une la belleza de la naturaleza con compromiso por la igualdad.<\/p>\n\n\n\n<p>La artista ha llevado a cabo esta pieza ad hoc durante 8 d\u00edas usando m\u00e1s de 200 botes de pintura en spray.<\/p>\n\n\n\n<p>El proyecto, desarrollado en colaboraci\u00f3n con el Ayuntamiento de Torremolinos, forma parte la regeneraci\u00f3n urbana del barrio El Calvario. Ha contado con la presencia de la alcaldesa de Torremolinos, Margarita del Cid.<\/p>\n\n\n\n<p>La reforma de la plaza de Vicente Aleixandre es una apuesta importante por parte del Ayuntamiento de Torremolinos para iniciar la regeneraci\u00f3n urbana de uno de sus barrios m\u00e1s castizos, como es El Calvario, por lo que el mural Ave del para\u00edso realizado por Bosska, se encuentra en un lugar clave tanto por su visibilidad como por su aportaci\u00f3n genuino a este proceso de renovaci\u00f3n.<\/p>\n\n\n\n<p>El mural est\u00e1 protagonizado por la figura de una mujer que preside la composici\u00f3n, a la que rodean especies aut\u00f3ctonas (ave del para\u00edso e hibiscus) y el agua para representar el para\u00edso. La presencia de esta figura femenina es de gran importancia para la obra, pues adem\u00e1s de sugerir una conexi\u00f3n profunda con la naturaleza favoreciendo el entorno local, incorpora un car\u00e1cter de compromiso social, en consonancia con los esfuerzos en materia de igualdad del Ayuntamiento de Torremolinos.<\/p>\n\n\n\n<p>\u201cQuer\u00eda presentar una obra que tuviera un mensaje relacionado con mi anterior mural en Torremolinos (tambi\u00e9n en el Calvario), y continuar hablando de ese espacio de diversidad, de ese oasis o para\u00edso que es Torremolinos y, en este caso, darle una especial relevancia a la figura femenina\u201d, explica la artista en relaci\u00f3n al contenido de su nueva obra de arte urbano.<\/p>\n\n\n\n<p>La amplia gama de colores que aparecen en el mural no s\u00f3lo concuerda con la apuesta por la diversidad que tradicionalmente ha llevado a cabo el consistorio de la localidad; es, tambi\u00e9n, se\u00f1a de identidad de Bosska. La artista destaca por su peculiar estilo a la hora de ilustrar; \u201cel dibujo dentro del dibujo\u201d, y para poder incorporarlo a esta nueva obra, ideada en enero de este a\u00f1o, la artista ha utilizado m\u00e1s de 200 botes de pintura en spray, y ha dedicado 8 d\u00edas al desarrollo de esta obra, haciendo uso de una gr\u00faa con la que poder abarcar la gran superficie que ahora contiene \u2018Ave del para\u00edso\u2019. \u201cAunque han sido unos d\u00edas de fuerte calor, ha sido una experiencia inolvidable pintar este mural, por la gran acogida que ha tenido, viniendo p\u00fablico desde todos los rincones de Torremolinos\u201d, comparte Bosska.<\/p>\n\n\n\n<p>Una estudiada combinaci\u00f3n de colores que remata la obra con un despliegue de vivacidad y optimismo. En conjunto, los elementos y conceptos se han combinado para dar forma a una obra de arte \u00fanica y exclusiva que va m\u00e1s all\u00e1 de lo est\u00e9tico; a trav\u00e9s de su mensaje y representaci\u00f3n.&nbsp;<\/p>\n\n\n\n<p>Se trata del segundo \u2018Bosska\u2019 del que disfruta el municipio malague\u00f1o. En septiembre de 2021 la artista gr\u00e1fica ilustr\u00f3 el barrio de El Calvario con Un oasis en Torremolinos. Esta obra de gran formato, que ilustra la libertad y la diversidad caracter\u00edstica de Torremolinos, goza de 14 metros de altura y 4 de anchura. La pieza formaba parte del&nbsp;proyecto de revitalizaci\u00f3n de espacios para impulsar el turismo y el arte promovido por el \u00e1rea de Cultura.<\/p>\n","protected":false},"excerpt":{"rendered":"<p>La ilustradora y muralista Bosska ha presentado hoy su nueva obra de intervenci\u00f3n urbana, Ave del para\u00edso, que ya se puede visitar en la nueva plaza Vicente Aleixandre de Torremolinos. Bosska, Ana Cort\u00e9s \u00abBosska\u00bb es dise\u00f1adora gr\u00e1fica, ilustradora y muralista, alicantina de nacimiento, malague\u00f1a de adopci\u00f3n y mexicana de coraz\u00f3n, despu\u00e9s de haber vivido all\u00ed [&hellip;]<\/p>\n","protected":false},"author":6,"featured_media":46020,"comment_status":"closed","ping_status":"closed","sticky":false,"template":"","format":"standard","meta":{"footnotes":""},"categories":[949],"tags":[],"class_list":{"0":"post-46019","1":"post","2":"type-post","3":"status-publish","4":"format-standard","5":"has-post-thumbnail","7":"category-espectaculos"},"yoast_head":"<!-- This site is optimized with the Yoast SEO plugin v27.4 - https:\/\/yoast.com\/product\/yoast-seo-wordpress\/ -->\n<title>Conocida en M\u00e9xico la artista Bosska proyecta un para\u00edso\u00a0 en Torremolinos - LA BRAVA RADIO<\/title>\n<meta name=\"robots\" content=\"index, follow, max-snippet:-1, max-image-preview:large, max-video-preview:-1\" \/>\n<link rel=\"canonical\" href=\"https:\/\/www.bbmnoticias.com\/labravaradiofm\/2024\/08\/22\/conocida-en-mexico-la-artista-bosska-proyecta-un-paraiso-en-torremolinos\/\" \/>\n<meta property=\"og:locale\" content=\"es_MX\" \/>\n<meta property=\"og:type\" content=\"article\" \/>\n<meta property=\"og:title\" content=\"Conocida en M\u00e9xico la artista Bosska proyecta un para\u00edso\u00a0 en Torremolinos - LA BRAVA RADIO\" \/>\n<meta property=\"og:description\" content=\"La ilustradora y muralista Bosska ha presentado hoy su nueva obra de intervenci\u00f3n urbana, Ave del para\u00edso, que ya se puede visitar en la nueva plaza Vicente Aleixandre de Torremolinos. Bosska, Ana Cort\u00e9s \u00abBosska\u00bb es dise\u00f1adora gr\u00e1fica, ilustradora y muralista, alicantina de nacimiento, malague\u00f1a de adopci\u00f3n y mexicana de coraz\u00f3n, despu\u00e9s de haber vivido all\u00ed [&hellip;]\" \/>\n<meta property=\"og:url\" content=\"https:\/\/www.bbmnoticias.com\/labravaradiofm\/2024\/08\/22\/conocida-en-mexico-la-artista-bosska-proyecta-un-paraiso-en-torremolinos\/\" \/>\n<meta property=\"og:site_name\" content=\"LA BRAVA RADIO\" \/>\n<meta property=\"article:published_time\" content=\"2024-08-22T15:07:47+00:00\" \/>\n<meta property=\"article:modified_time\" content=\"2024-08-22T15:07:49+00:00\" \/>\n<meta property=\"og:image\" content=\"https:\/\/www.bbmnoticias.com\/labravaradiofm\/wp-content\/uploads\/sites\/5\/2024\/08\/la-artista-Bosska.jpg\" \/>\n\t<meta property=\"og:image:width\" content=\"800\" \/>\n\t<meta property=\"og:image:height\" content=\"450\" \/>\n\t<meta property=\"og:image:type\" content=\"image\/jpeg\" \/>\n<meta name=\"author\" content=\"Mar\u00eda Esther Beltr\u00e1n Mart\u00ednez\" \/>\n<meta name=\"twitter:card\" content=\"summary_large_image\" \/>\n<meta name=\"twitter:label1\" content=\"Escrito por\" \/>\n\t<meta name=\"twitter:data1\" content=\"Mar\u00eda Esther Beltr\u00e1n Mart\u00ednez\" \/>\n\t<meta name=\"twitter:label2\" content=\"Tiempo de lectura\" \/>\n\t<meta name=\"twitter:data2\" content=\"4 minutos\" \/>\n<script type=\"application\/ld+json\" class=\"yoast-schema-graph\">{\"@context\":\"https:\\\/\\\/schema.org\",\"@graph\":[{\"@type\":\"Article\",\"@id\":\"https:\\\/\\\/www.bbmnoticias.com\\\/labravaradiofm\\\/2024\\\/08\\\/22\\\/conocida-en-mexico-la-artista-bosska-proyecta-un-paraiso-en-torremolinos\\\/#article\",\"isPartOf\":{\"@id\":\"https:\\\/\\\/www.bbmnoticias.com\\\/labravaradiofm\\\/2024\\\/08\\\/22\\\/conocida-en-mexico-la-artista-bosska-proyecta-un-paraiso-en-torremolinos\\\/\"},\"author\":{\"name\":\"Mar\u00eda Esther Beltr\u00e1n Mart\u00ednez\",\"@id\":\"https:\\\/\\\/www.bbmnoticias.com\\\/labravaradiofm\\\/#\\\/schema\\\/person\\\/ff037dabcc375d1b25289b6fd3902bd6\"},\"headline\":\"Conocida en M\u00e9xico la artista Bosska proyecta un para\u00edso\u00a0 en Torremolinos\",\"datePublished\":\"2024-08-22T15:07:47+00:00\",\"dateModified\":\"2024-08-22T15:07:49+00:00\",\"mainEntityOfPage\":{\"@id\":\"https:\\\/\\\/www.bbmnoticias.com\\\/labravaradiofm\\\/2024\\\/08\\\/22\\\/conocida-en-mexico-la-artista-bosska-proyecta-un-paraiso-en-torremolinos\\\/\"},\"wordCount\":762,\"image\":{\"@id\":\"https:\\\/\\\/www.bbmnoticias.com\\\/labravaradiofm\\\/2024\\\/08\\\/22\\\/conocida-en-mexico-la-artista-bosska-proyecta-un-paraiso-en-torremolinos\\\/#primaryimage\"},\"thumbnailUrl\":\"https:\\\/\\\/www.bbmnoticias.com\\\/labravaradiofm\\\/wp-content\\\/uploads\\\/sites\\\/5\\\/2024\\\/08\\\/la-artista-Bosska.jpg\",\"articleSection\":[\"ESPECT\u00c1CULOS\"],\"inLanguage\":\"es\"},{\"@type\":\"WebPage\",\"@id\":\"https:\\\/\\\/www.bbmnoticias.com\\\/labravaradiofm\\\/2024\\\/08\\\/22\\\/conocida-en-mexico-la-artista-bosska-proyecta-un-paraiso-en-torremolinos\\\/\",\"url\":\"https:\\\/\\\/www.bbmnoticias.com\\\/labravaradiofm\\\/2024\\\/08\\\/22\\\/conocida-en-mexico-la-artista-bosska-proyecta-un-paraiso-en-torremolinos\\\/\",\"name\":\"Conocida en M\u00e9xico la artista Bosska proyecta un para\u00edso\u00a0 en Torremolinos - LA BRAVA RADIO\",\"isPartOf\":{\"@id\":\"https:\\\/\\\/www.bbmnoticias.com\\\/labravaradiofm\\\/#website\"},\"primaryImageOfPage\":{\"@id\":\"https:\\\/\\\/www.bbmnoticias.com\\\/labravaradiofm\\\/2024\\\/08\\\/22\\\/conocida-en-mexico-la-artista-bosska-proyecta-un-paraiso-en-torremolinos\\\/#primaryimage\"},\"image\":{\"@id\":\"https:\\\/\\\/www.bbmnoticias.com\\\/labravaradiofm\\\/2024\\\/08\\\/22\\\/conocida-en-mexico-la-artista-bosska-proyecta-un-paraiso-en-torremolinos\\\/#primaryimage\"},\"thumbnailUrl\":\"https:\\\/\\\/www.bbmnoticias.com\\\/labravaradiofm\\\/wp-content\\\/uploads\\\/sites\\\/5\\\/2024\\\/08\\\/la-artista-Bosska.jpg\",\"datePublished\":\"2024-08-22T15:07:47+00:00\",\"dateModified\":\"2024-08-22T15:07:49+00:00\",\"author\":{\"@id\":\"https:\\\/\\\/www.bbmnoticias.com\\\/labravaradiofm\\\/#\\\/schema\\\/person\\\/ff037dabcc375d1b25289b6fd3902bd6\"},\"breadcrumb\":{\"@id\":\"https:\\\/\\\/www.bbmnoticias.com\\\/labravaradiofm\\\/2024\\\/08\\\/22\\\/conocida-en-mexico-la-artista-bosska-proyecta-un-paraiso-en-torremolinos\\\/#breadcrumb\"},\"inLanguage\":\"es\",\"potentialAction\":[{\"@type\":\"ReadAction\",\"target\":[\"https:\\\/\\\/www.bbmnoticias.com\\\/labravaradiofm\\\/2024\\\/08\\\/22\\\/conocida-en-mexico-la-artista-bosska-proyecta-un-paraiso-en-torremolinos\\\/\"]}]},{\"@type\":\"ImageObject\",\"inLanguage\":\"es\",\"@id\":\"https:\\\/\\\/www.bbmnoticias.com\\\/labravaradiofm\\\/2024\\\/08\\\/22\\\/conocida-en-mexico-la-artista-bosska-proyecta-un-paraiso-en-torremolinos\\\/#primaryimage\",\"url\":\"https:\\\/\\\/www.bbmnoticias.com\\\/labravaradiofm\\\/wp-content\\\/uploads\\\/sites\\\/5\\\/2024\\\/08\\\/la-artista-Bosska.jpg\",\"contentUrl\":\"https:\\\/\\\/www.bbmnoticias.com\\\/labravaradiofm\\\/wp-content\\\/uploads\\\/sites\\\/5\\\/2024\\\/08\\\/la-artista-Bosska.jpg\",\"width\":800,\"height\":450},{\"@type\":\"BreadcrumbList\",\"@id\":\"https:\\\/\\\/www.bbmnoticias.com\\\/labravaradiofm\\\/2024\\\/08\\\/22\\\/conocida-en-mexico-la-artista-bosska-proyecta-un-paraiso-en-torremolinos\\\/#breadcrumb\",\"itemListElement\":[{\"@type\":\"ListItem\",\"position\":1,\"name\":\"Inicio\",\"item\":\"https:\\\/\\\/www.bbmnoticias.com\\\/labravaradiofm\\\/\"},{\"@type\":\"ListItem\",\"position\":2,\"name\":\"Conocida en M\u00e9xico la artista Bosska proyecta un para\u00edso\u00a0 en Torremolinos\"}]},{\"@type\":\"WebSite\",\"@id\":\"https:\\\/\\\/www.bbmnoticias.com\\\/labravaradiofm\\\/#website\",\"url\":\"https:\\\/\\\/www.bbmnoticias.com\\\/labravaradiofm\\\/\",\"name\":\"LA BRAVA RADIO\",\"description\":\"Empresa productora de medios, Radiodifusi\u00f3n, Noticias, tendencias y todo lo que necesitas saber de la pol\u00edtica mexicana e internacional; entretenimiento, espect\u00e1culos, salud y mucho m\u00e1s.\",\"potentialAction\":[{\"@type\":\"SearchAction\",\"target\":{\"@type\":\"EntryPoint\",\"urlTemplate\":\"https:\\\/\\\/www.bbmnoticias.com\\\/labravaradiofm\\\/?s={search_term_string}\"},\"query-input\":{\"@type\":\"PropertyValueSpecification\",\"valueRequired\":true,\"valueName\":\"search_term_string\"}}],\"inLanguage\":\"es\"},{\"@type\":\"Person\",\"@id\":\"https:\\\/\\\/www.bbmnoticias.com\\\/labravaradiofm\\\/#\\\/schema\\\/person\\\/ff037dabcc375d1b25289b6fd3902bd6\",\"name\":\"Mar\u00eda Esther Beltr\u00e1n Mart\u00ednez\",\"image\":{\"@type\":\"ImageObject\",\"inLanguage\":\"es\",\"@id\":\"https:\\\/\\\/secure.gravatar.com\\\/avatar\\\/50efe5915c3eac137dcc550ff1c590bc6054705eb482a33520c9501c8eec550f?s=96&d=mm&r=g\",\"url\":\"https:\\\/\\\/secure.gravatar.com\\\/avatar\\\/50efe5915c3eac137dcc550ff1c590bc6054705eb482a33520c9501c8eec550f?s=96&d=mm&r=g\",\"contentUrl\":\"https:\\\/\\\/secure.gravatar.com\\\/avatar\\\/50efe5915c3eac137dcc550ff1c590bc6054705eb482a33520c9501c8eec550f?s=96&d=mm&r=g\",\"caption\":\"Mar\u00eda Esther Beltr\u00e1n Mart\u00ednez\"},\"url\":\"https:\\\/\\\/www.bbmnoticias.com\\\/labravaradiofm\\\/author\\\/maria\\\/\"}]}<\/script>\n<!-- \/ Yoast SEO plugin. -->","yoast_head_json":{"title":"Conocida en M\u00e9xico la artista Bosska proyecta un para\u00edso\u00a0 en Torremolinos - LA BRAVA RADIO","robots":{"index":"index","follow":"follow","max-snippet":"max-snippet:-1","max-image-preview":"max-image-preview:large","max-video-preview":"max-video-preview:-1"},"canonical":"https:\/\/www.bbmnoticias.com\/labravaradiofm\/2024\/08\/22\/conocida-en-mexico-la-artista-bosska-proyecta-un-paraiso-en-torremolinos\/","og_locale":"es_MX","og_type":"article","og_title":"Conocida en M\u00e9xico la artista Bosska proyecta un para\u00edso\u00a0 en Torremolinos - LA BRAVA RADIO","og_description":"La ilustradora y muralista Bosska ha presentado hoy su nueva obra de intervenci\u00f3n urbana, Ave del para\u00edso, que ya se puede visitar en la nueva plaza Vicente Aleixandre de Torremolinos. Bosska, Ana Cort\u00e9s \u00abBosska\u00bb es dise\u00f1adora gr\u00e1fica, ilustradora y muralista, alicantina de nacimiento, malague\u00f1a de adopci\u00f3n y mexicana de coraz\u00f3n, despu\u00e9s de haber vivido all\u00ed [&hellip;]","og_url":"https:\/\/www.bbmnoticias.com\/labravaradiofm\/2024\/08\/22\/conocida-en-mexico-la-artista-bosska-proyecta-un-paraiso-en-torremolinos\/","og_site_name":"LA BRAVA RADIO","article_published_time":"2024-08-22T15:07:47+00:00","article_modified_time":"2024-08-22T15:07:49+00:00","og_image":[{"width":800,"height":450,"url":"https:\/\/www.bbmnoticias.com\/labravaradiofm\/wp-content\/uploads\/sites\/5\/2024\/08\/la-artista-Bosska.jpg","type":"image\/jpeg"}],"author":"Mar\u00eda Esther Beltr\u00e1n Mart\u00ednez","twitter_card":"summary_large_image","twitter_misc":{"Escrito por":"Mar\u00eda Esther Beltr\u00e1n Mart\u00ednez","Tiempo de lectura":"4 minutos"},"schema":{"@context":"https:\/\/schema.org","@graph":[{"@type":"Article","@id":"https:\/\/www.bbmnoticias.com\/labravaradiofm\/2024\/08\/22\/conocida-en-mexico-la-artista-bosska-proyecta-un-paraiso-en-torremolinos\/#article","isPartOf":{"@id":"https:\/\/www.bbmnoticias.com\/labravaradiofm\/2024\/08\/22\/conocida-en-mexico-la-artista-bosska-proyecta-un-paraiso-en-torremolinos\/"},"author":{"name":"Mar\u00eda Esther Beltr\u00e1n Mart\u00ednez","@id":"https:\/\/www.bbmnoticias.com\/labravaradiofm\/#\/schema\/person\/ff037dabcc375d1b25289b6fd3902bd6"},"headline":"Conocida en M\u00e9xico la artista Bosska proyecta un para\u00edso\u00a0 en Torremolinos","datePublished":"2024-08-22T15:07:47+00:00","dateModified":"2024-08-22T15:07:49+00:00","mainEntityOfPage":{"@id":"https:\/\/www.bbmnoticias.com\/labravaradiofm\/2024\/08\/22\/conocida-en-mexico-la-artista-bosska-proyecta-un-paraiso-en-torremolinos\/"},"wordCount":762,"image":{"@id":"https:\/\/www.bbmnoticias.com\/labravaradiofm\/2024\/08\/22\/conocida-en-mexico-la-artista-bosska-proyecta-un-paraiso-en-torremolinos\/#primaryimage"},"thumbnailUrl":"https:\/\/www.bbmnoticias.com\/labravaradiofm\/wp-content\/uploads\/sites\/5\/2024\/08\/la-artista-Bosska.jpg","articleSection":["ESPECT\u00c1CULOS"],"inLanguage":"es"},{"@type":"WebPage","@id":"https:\/\/www.bbmnoticias.com\/labravaradiofm\/2024\/08\/22\/conocida-en-mexico-la-artista-bosska-proyecta-un-paraiso-en-torremolinos\/","url":"https:\/\/www.bbmnoticias.com\/labravaradiofm\/2024\/08\/22\/conocida-en-mexico-la-artista-bosska-proyecta-un-paraiso-en-torremolinos\/","name":"Conocida en M\u00e9xico la artista Bosska proyecta un para\u00edso\u00a0 en Torremolinos - LA BRAVA RADIO","isPartOf":{"@id":"https:\/\/www.bbmnoticias.com\/labravaradiofm\/#website"},"primaryImageOfPage":{"@id":"https:\/\/www.bbmnoticias.com\/labravaradiofm\/2024\/08\/22\/conocida-en-mexico-la-artista-bosska-proyecta-un-paraiso-en-torremolinos\/#primaryimage"},"image":{"@id":"https:\/\/www.bbmnoticias.com\/labravaradiofm\/2024\/08\/22\/conocida-en-mexico-la-artista-bosska-proyecta-un-paraiso-en-torremolinos\/#primaryimage"},"thumbnailUrl":"https:\/\/www.bbmnoticias.com\/labravaradiofm\/wp-content\/uploads\/sites\/5\/2024\/08\/la-artista-Bosska.jpg","datePublished":"2024-08-22T15:07:47+00:00","dateModified":"2024-08-22T15:07:49+00:00","author":{"@id":"https:\/\/www.bbmnoticias.com\/labravaradiofm\/#\/schema\/person\/ff037dabcc375d1b25289b6fd3902bd6"},"breadcrumb":{"@id":"https:\/\/www.bbmnoticias.com\/labravaradiofm\/2024\/08\/22\/conocida-en-mexico-la-artista-bosska-proyecta-un-paraiso-en-torremolinos\/#breadcrumb"},"inLanguage":"es","potentialAction":[{"@type":"ReadAction","target":["https:\/\/www.bbmnoticias.com\/labravaradiofm\/2024\/08\/22\/conocida-en-mexico-la-artista-bosska-proyecta-un-paraiso-en-torremolinos\/"]}]},{"@type":"ImageObject","inLanguage":"es","@id":"https:\/\/www.bbmnoticias.com\/labravaradiofm\/2024\/08\/22\/conocida-en-mexico-la-artista-bosska-proyecta-un-paraiso-en-torremolinos\/#primaryimage","url":"https:\/\/www.bbmnoticias.com\/labravaradiofm\/wp-content\/uploads\/sites\/5\/2024\/08\/la-artista-Bosska.jpg","contentUrl":"https:\/\/www.bbmnoticias.com\/labravaradiofm\/wp-content\/uploads\/sites\/5\/2024\/08\/la-artista-Bosska.jpg","width":800,"height":450},{"@type":"BreadcrumbList","@id":"https:\/\/www.bbmnoticias.com\/labravaradiofm\/2024\/08\/22\/conocida-en-mexico-la-artista-bosska-proyecta-un-paraiso-en-torremolinos\/#breadcrumb","itemListElement":[{"@type":"ListItem","position":1,"name":"Inicio","item":"https:\/\/www.bbmnoticias.com\/labravaradiofm\/"},{"@type":"ListItem","position":2,"name":"Conocida en M\u00e9xico la artista Bosska proyecta un para\u00edso\u00a0 en Torremolinos"}]},{"@type":"WebSite","@id":"https:\/\/www.bbmnoticias.com\/labravaradiofm\/#website","url":"https:\/\/www.bbmnoticias.com\/labravaradiofm\/","name":"LA BRAVA RADIO","description":"Empresa productora de medios, Radiodifusi\u00f3n, Noticias, tendencias y todo lo que necesitas saber de la pol\u00edtica mexicana e internacional; entretenimiento, espect\u00e1culos, salud y mucho m\u00e1s.","potentialAction":[{"@type":"SearchAction","target":{"@type":"EntryPoint","urlTemplate":"https:\/\/www.bbmnoticias.com\/labravaradiofm\/?s={search_term_string}"},"query-input":{"@type":"PropertyValueSpecification","valueRequired":true,"valueName":"search_term_string"}}],"inLanguage":"es"},{"@type":"Person","@id":"https:\/\/www.bbmnoticias.com\/labravaradiofm\/#\/schema\/person\/ff037dabcc375d1b25289b6fd3902bd6","name":"Mar\u00eda Esther Beltr\u00e1n Mart\u00ednez","image":{"@type":"ImageObject","inLanguage":"es","@id":"https:\/\/secure.gravatar.com\/avatar\/50efe5915c3eac137dcc550ff1c590bc6054705eb482a33520c9501c8eec550f?s=96&d=mm&r=g","url":"https:\/\/secure.gravatar.com\/avatar\/50efe5915c3eac137dcc550ff1c590bc6054705eb482a33520c9501c8eec550f?s=96&d=mm&r=g","contentUrl":"https:\/\/secure.gravatar.com\/avatar\/50efe5915c3eac137dcc550ff1c590bc6054705eb482a33520c9501c8eec550f?s=96&d=mm&r=g","caption":"Mar\u00eda Esther Beltr\u00e1n Mart\u00ednez"},"url":"https:\/\/www.bbmnoticias.com\/labravaradiofm\/author\/maria\/"}]}},"_links":{"self":[{"href":"https:\/\/www.bbmnoticias.com\/labravaradiofm\/wp-json\/wp\/v2\/posts\/46019","targetHints":{"allow":["GET"]}}],"collection":[{"href":"https:\/\/www.bbmnoticias.com\/labravaradiofm\/wp-json\/wp\/v2\/posts"}],"about":[{"href":"https:\/\/www.bbmnoticias.com\/labravaradiofm\/wp-json\/wp\/v2\/types\/post"}],"author":[{"embeddable":true,"href":"https:\/\/www.bbmnoticias.com\/labravaradiofm\/wp-json\/wp\/v2\/users\/6"}],"replies":[{"embeddable":true,"href":"https:\/\/www.bbmnoticias.com\/labravaradiofm\/wp-json\/wp\/v2\/comments?post=46019"}],"version-history":[{"count":0,"href":"https:\/\/www.bbmnoticias.com\/labravaradiofm\/wp-json\/wp\/v2\/posts\/46019\/revisions"}],"wp:featuredmedia":[{"embeddable":true,"href":"https:\/\/www.bbmnoticias.com\/labravaradiofm\/wp-json\/wp\/v2\/media\/46020"}],"wp:attachment":[{"href":"https:\/\/www.bbmnoticias.com\/labravaradiofm\/wp-json\/wp\/v2\/media?parent=46019"}],"wp:term":[{"taxonomy":"category","embeddable":true,"href":"https:\/\/www.bbmnoticias.com\/labravaradiofm\/wp-json\/wp\/v2\/categories?post=46019"},{"taxonomy":"post_tag","embeddable":true,"href":"https:\/\/www.bbmnoticias.com\/labravaradiofm\/wp-json\/wp\/v2\/tags?post=46019"}],"curies":[{"name":"wp","href":"https:\/\/api.w.org\/{rel}","templated":true}]}}