{"id":46016,"date":"2024-08-22T09:01:50","date_gmt":"2024-08-22T15:01:50","guid":{"rendered":"https:\/\/www.bbmnoticias.com\/labravaradiofm\/?p=46016"},"modified":"2024-08-22T09:01:52","modified_gmt":"2024-08-22T15:01:52","slug":"fgr-da-la-razon-a-el-mayo-zambada-hector-cuen-fue-asesinado-en-domicilio-en-sinaloa","status":"publish","type":"post","link":"https:\/\/www.bbmnoticias.com\/labravaradiofm\/2024\/08\/22\/fgr-da-la-razon-a-el-mayo-zambada-hector-cuen-fue-asesinado-en-domicilio-en-sinaloa\/","title":{"rendered":"FGR da la raz\u00f3n a \u2018El Mayo\u2019 Zambada: H\u00e9ctor Cu\u00e9n fue asesinado en domicilio en Sinaloa"},"content":{"rendered":"<div style=\"margin-top: 0px; margin-bottom: 0px;\" class=\"sharethis-inline-share-buttons\" ><\/div>\n<p>El inmueble en el que Ismael \u2018El Mayo\u2019 Zambada habr\u00eda sido secuestrado, para posteriormente ser llevado a Estados Unidos presuntamente a manos de Joaqu\u00edn Guzm\u00e1n L\u00f3pez,<strong> fue asegurado este mi\u00e9rcoles 21 de agosto<\/strong> por la Fiscal\u00eda General de la Rep\u00fablica (FGR).<\/p>\n\n\n\n<p>A trav\u00e9s de un comunicado, las autoridades dijeron que el domicilio ubicado en Sinaloa ya se encuentra en poder de la <strong>Agencia de Investigaci\u00f3n Criminal (AIC<\/strong>).<\/p>\n\n\n\n<p>En el sitio, seg\u00fan la FGR, se llevaron a cabo los probables delitos de privaci\u00f3n ilegal de la libertad, homicidios y lesiones, haciendo referencia al <strong>asesinato del diputado electo, H\u00e9ctor Melesio Cu\u00e9n<\/strong>.<\/p>\n\n\n\n<p>Con ello, la FGR aclara que el crimen contra Cu\u00e9n no sucedi\u00f3 en una gasolinera como la Fiscal\u00eda del Estado de Sinaloa revel\u00f3 el pasado 12 de agosto.<\/p>\n\n\n\n<p>Respecto a dicha versi\u00f3n, la FGR apunta que \u201c<strong>no es aceptable, ni cuenta con los elementos fidedignos<\/strong> de prueba que permitan tomarla en cuenta, en la forma en que fue planteada\u201d.<\/p>\n\n\n\n<p>Los avances de la Fiscal\u00eda General de la Rep\u00fablica indican que se logr\u00f3 determinar la pista donde sali\u00f3 el avi\u00f3n que llevaba al \u2018Mayo\u2019 Zambada y a <strong>Joaqu\u00edn Guzm\u00e1n L\u00f3pez<\/strong> a la frontera entre Texas y Nuevo Mexico, donde fueron detenidos por las autoridades.<\/p>\n\n\n\n<p>Tambi\u00e9n se encontraron los veh\u00edculos que habr\u00edan sido utilizados para el presunto \u201csecuestro\u201d del \u2018Mayo\u2019 Zambada, l\u00edder de una de las facciones del C\u00e1rtel de Sinaloa.<\/p>\n\n\n\n<p>Toda la informaci\u00f3n ser\u00e1 sometida a proceso por las autoridades judiciales, y una vez que termine el paro de labores en el Poder Judicial se analizar\u00e1n, <strong>mientras las investigaciones de la Fiscal\u00eda contin\u00faan<\/strong>.<\/p>\n\n\n\n<h2 class=\"wp-block-heading\">FGR va por Joaqu\u00edn Guzm\u00e1n L\u00f3pez<\/h2>\n\n\n\n<p>La Fiscal\u00eda inform\u00f3 que ya prepara una solicitud de orden de aprehensi\u00f3n contra Joaqu\u00edn Guzm\u00e1n L\u00f3pez, hijo de Joaqu\u00edn \u2018El Chapo\u2019 Guzm\u00e1n e integrante de Los Chapitos, \u201cpor secuestro y tambi\u00e9n por la privaci\u00f3n ilegal de la libertad de <strong>una persona en territorio nacional para entregarla a las autoridades de otro pa\u00eds,<\/strong> traslad\u00e1ndola fuera de M\u00e9xico con tal prop\u00f3sito.\u201d<\/p>\n","protected":false},"excerpt":{"rendered":"<p>El inmueble en el que Ismael \u2018El Mayo\u2019 Zambada habr\u00eda sido secuestrado, para posteriormente ser llevado a Estados Unidos presuntamente a manos de Joaqu\u00edn Guzm\u00e1n L\u00f3pez, fue asegurado este mi\u00e9rcoles 21 de agosto por la Fiscal\u00eda General de la Rep\u00fablica (FGR). A trav\u00e9s de un comunicado, las autoridades dijeron que el domicilio ubicado en Sinaloa [&hellip;]<\/p>\n","protected":false},"author":4,"featured_media":46017,"comment_status":"closed","ping_status":"closed","sticky":false,"template":"","format":"standard","meta":{"footnotes":""},"categories":[19],"tags":[],"class_list":{"0":"post-46016","1":"post","2":"type-post","3":"status-publish","4":"format-standard","5":"has-post-thumbnail","7":"category-nacional"},"yoast_head":"<!-- This site is optimized with the Yoast SEO plugin v27.4 - https:\/\/yoast.com\/product\/yoast-seo-wordpress\/ -->\n<title>FGR da la raz\u00f3n a \u2018El Mayo\u2019 Zambada: H\u00e9ctor Cu\u00e9n fue asesinado en domicilio en Sinaloa - LA BRAVA RADIO<\/title>\n<meta name=\"robots\" content=\"index, follow, max-snippet:-1, max-image-preview:large, max-video-preview:-1\" \/>\n<link rel=\"canonical\" href=\"https:\/\/www.bbmnoticias.com\/labravaradiofm\/2024\/08\/22\/fgr-da-la-razon-a-el-mayo-zambada-hector-cuen-fue-asesinado-en-domicilio-en-sinaloa\/\" \/>\n<meta property=\"og:locale\" content=\"es_MX\" \/>\n<meta property=\"og:type\" content=\"article\" \/>\n<meta property=\"og:title\" content=\"FGR da la raz\u00f3n a \u2018El Mayo\u2019 Zambada: H\u00e9ctor Cu\u00e9n fue asesinado en domicilio en Sinaloa - LA BRAVA RADIO\" \/>\n<meta property=\"og:description\" content=\"El inmueble en el que Ismael \u2018El Mayo\u2019 Zambada habr\u00eda sido secuestrado, para posteriormente ser llevado a Estados Unidos presuntamente a manos de Joaqu\u00edn Guzm\u00e1n L\u00f3pez, fue asegurado este mi\u00e9rcoles 21 de agosto por la Fiscal\u00eda General de la Rep\u00fablica (FGR). A trav\u00e9s de un comunicado, las autoridades dijeron que el domicilio ubicado en Sinaloa [&hellip;]\" \/>\n<meta property=\"og:url\" content=\"https:\/\/www.bbmnoticias.com\/labravaradiofm\/2024\/08\/22\/fgr-da-la-razon-a-el-mayo-zambada-hector-cuen-fue-asesinado-en-domicilio-en-sinaloa\/\" \/>\n<meta property=\"og:site_name\" content=\"LA BRAVA RADIO\" \/>\n<meta property=\"article:published_time\" content=\"2024-08-22T15:01:50+00:00\" \/>\n<meta property=\"article:modified_time\" content=\"2024-08-22T15:01:52+00:00\" \/>\n<meta property=\"og:image\" content=\"https:\/\/www.bbmnoticias.com\/labravaradiofm\/wp-content\/uploads\/sites\/5\/2024\/08\/Mayo-Zambada-Melesio-Cuen.jpg\" \/>\n\t<meta property=\"og:image:width\" content=\"1200\" \/>\n\t<meta property=\"og:image:height\" content=\"750\" \/>\n\t<meta property=\"og:image:type\" content=\"image\/jpeg\" \/>\n<meta name=\"author\" content=\"Agencias\" \/>\n<meta name=\"twitter:card\" content=\"summary_large_image\" \/>\n<meta name=\"twitter:label1\" content=\"Escrito por\" \/>\n\t<meta name=\"twitter:data1\" content=\"Agencias\" \/>\n\t<meta name=\"twitter:label2\" content=\"Tiempo de lectura\" \/>\n\t<meta name=\"twitter:data2\" content=\"2 minutos\" \/>\n<script type=\"application\/ld+json\" class=\"yoast-schema-graph\">{\"@context\":\"https:\\\/\\\/schema.org\",\"@graph\":[{\"@type\":\"Article\",\"@id\":\"https:\\\/\\\/www.bbmnoticias.com\\\/labravaradiofm\\\/2024\\\/08\\\/22\\\/fgr-da-la-razon-a-el-mayo-zambada-hector-cuen-fue-asesinado-en-domicilio-en-sinaloa\\\/#article\",\"isPartOf\":{\"@id\":\"https:\\\/\\\/www.bbmnoticias.com\\\/labravaradiofm\\\/2024\\\/08\\\/22\\\/fgr-da-la-razon-a-el-mayo-zambada-hector-cuen-fue-asesinado-en-domicilio-en-sinaloa\\\/\"},\"author\":{\"name\":\"Agencias\",\"@id\":\"https:\\\/\\\/www.bbmnoticias.com\\\/labravaradiofm\\\/#\\\/schema\\\/person\\\/000bdaf0a8fb5bff0d537c4d0778e33f\"},\"headline\":\"FGR da la raz\u00f3n a \u2018El Mayo\u2019 Zambada: H\u00e9ctor Cu\u00e9n fue asesinado en domicilio en Sinaloa\",\"datePublished\":\"2024-08-22T15:01:50+00:00\",\"dateModified\":\"2024-08-22T15:01:52+00:00\",\"mainEntityOfPage\":{\"@id\":\"https:\\\/\\\/www.bbmnoticias.com\\\/labravaradiofm\\\/2024\\\/08\\\/22\\\/fgr-da-la-razon-a-el-mayo-zambada-hector-cuen-fue-asesinado-en-domicilio-en-sinaloa\\\/\"},\"wordCount\":390,\"image\":{\"@id\":\"https:\\\/\\\/www.bbmnoticias.com\\\/labravaradiofm\\\/2024\\\/08\\\/22\\\/fgr-da-la-razon-a-el-mayo-zambada-hector-cuen-fue-asesinado-en-domicilio-en-sinaloa\\\/#primaryimage\"},\"thumbnailUrl\":\"https:\\\/\\\/www.bbmnoticias.com\\\/labravaradiofm\\\/wp-content\\\/uploads\\\/sites\\\/5\\\/2024\\\/08\\\/Mayo-Zambada-Melesio-Cuen.jpg\",\"articleSection\":[\"NACIONAL\"],\"inLanguage\":\"es\"},{\"@type\":\"WebPage\",\"@id\":\"https:\\\/\\\/www.bbmnoticias.com\\\/labravaradiofm\\\/2024\\\/08\\\/22\\\/fgr-da-la-razon-a-el-mayo-zambada-hector-cuen-fue-asesinado-en-domicilio-en-sinaloa\\\/\",\"url\":\"https:\\\/\\\/www.bbmnoticias.com\\\/labravaradiofm\\\/2024\\\/08\\\/22\\\/fgr-da-la-razon-a-el-mayo-zambada-hector-cuen-fue-asesinado-en-domicilio-en-sinaloa\\\/\",\"name\":\"FGR da la raz\u00f3n a \u2018El Mayo\u2019 Zambada: H\u00e9ctor Cu\u00e9n fue asesinado en domicilio en Sinaloa - LA BRAVA RADIO\",\"isPartOf\":{\"@id\":\"https:\\\/\\\/www.bbmnoticias.com\\\/labravaradiofm\\\/#website\"},\"primaryImageOfPage\":{\"@id\":\"https:\\\/\\\/www.bbmnoticias.com\\\/labravaradiofm\\\/2024\\\/08\\\/22\\\/fgr-da-la-razon-a-el-mayo-zambada-hector-cuen-fue-asesinado-en-domicilio-en-sinaloa\\\/#primaryimage\"},\"image\":{\"@id\":\"https:\\\/\\\/www.bbmnoticias.com\\\/labravaradiofm\\\/2024\\\/08\\\/22\\\/fgr-da-la-razon-a-el-mayo-zambada-hector-cuen-fue-asesinado-en-domicilio-en-sinaloa\\\/#primaryimage\"},\"thumbnailUrl\":\"https:\\\/\\\/www.bbmnoticias.com\\\/labravaradiofm\\\/wp-content\\\/uploads\\\/sites\\\/5\\\/2024\\\/08\\\/Mayo-Zambada-Melesio-Cuen.jpg\",\"datePublished\":\"2024-08-22T15:01:50+00:00\",\"dateModified\":\"2024-08-22T15:01:52+00:00\",\"author\":{\"@id\":\"https:\\\/\\\/www.bbmnoticias.com\\\/labravaradiofm\\\/#\\\/schema\\\/person\\\/000bdaf0a8fb5bff0d537c4d0778e33f\"},\"breadcrumb\":{\"@id\":\"https:\\\/\\\/www.bbmnoticias.com\\\/labravaradiofm\\\/2024\\\/08\\\/22\\\/fgr-da-la-razon-a-el-mayo-zambada-hector-cuen-fue-asesinado-en-domicilio-en-sinaloa\\\/#breadcrumb\"},\"inLanguage\":\"es\",\"potentialAction\":[{\"@type\":\"ReadAction\",\"target\":[\"https:\\\/\\\/www.bbmnoticias.com\\\/labravaradiofm\\\/2024\\\/08\\\/22\\\/fgr-da-la-razon-a-el-mayo-zambada-hector-cuen-fue-asesinado-en-domicilio-en-sinaloa\\\/\"]}]},{\"@type\":\"ImageObject\",\"inLanguage\":\"es\",\"@id\":\"https:\\\/\\\/www.bbmnoticias.com\\\/labravaradiofm\\\/2024\\\/08\\\/22\\\/fgr-da-la-razon-a-el-mayo-zambada-hector-cuen-fue-asesinado-en-domicilio-en-sinaloa\\\/#primaryimage\",\"url\":\"https:\\\/\\\/www.bbmnoticias.com\\\/labravaradiofm\\\/wp-content\\\/uploads\\\/sites\\\/5\\\/2024\\\/08\\\/Mayo-Zambada-Melesio-Cuen.jpg\",\"contentUrl\":\"https:\\\/\\\/www.bbmnoticias.com\\\/labravaradiofm\\\/wp-content\\\/uploads\\\/sites\\\/5\\\/2024\\\/08\\\/Mayo-Zambada-Melesio-Cuen.jpg\",\"width\":1200,\"height\":750},{\"@type\":\"BreadcrumbList\",\"@id\":\"https:\\\/\\\/www.bbmnoticias.com\\\/labravaradiofm\\\/2024\\\/08\\\/22\\\/fgr-da-la-razon-a-el-mayo-zambada-hector-cuen-fue-asesinado-en-domicilio-en-sinaloa\\\/#breadcrumb\",\"itemListElement\":[{\"@type\":\"ListItem\",\"position\":1,\"name\":\"Inicio\",\"item\":\"https:\\\/\\\/www.bbmnoticias.com\\\/labravaradiofm\\\/\"},{\"@type\":\"ListItem\",\"position\":2,\"name\":\"FGR da la raz\u00f3n a \u2018El Mayo\u2019 Zambada: H\u00e9ctor Cu\u00e9n fue asesinado en domicilio en Sinaloa\"}]},{\"@type\":\"WebSite\",\"@id\":\"https:\\\/\\\/www.bbmnoticias.com\\\/labravaradiofm\\\/#website\",\"url\":\"https:\\\/\\\/www.bbmnoticias.com\\\/labravaradiofm\\\/\",\"name\":\"LA BRAVA RADIO\",\"description\":\"Empresa productora de medios, Radiodifusi\u00f3n, Noticias, tendencias y todo lo que necesitas saber de la pol\u00edtica mexicana e internacional; entretenimiento, espect\u00e1culos, salud y mucho m\u00e1s.\",\"potentialAction\":[{\"@type\":\"SearchAction\",\"target\":{\"@type\":\"EntryPoint\",\"urlTemplate\":\"https:\\\/\\\/www.bbmnoticias.com\\\/labravaradiofm\\\/?s={search_term_string}\"},\"query-input\":{\"@type\":\"PropertyValueSpecification\",\"valueRequired\":true,\"valueName\":\"search_term_string\"}}],\"inLanguage\":\"es\"},{\"@type\":\"Person\",\"@id\":\"https:\\\/\\\/www.bbmnoticias.com\\\/labravaradiofm\\\/#\\\/schema\\\/person\\\/000bdaf0a8fb5bff0d537c4d0778e33f\",\"name\":\"Agencias\",\"image\":{\"@type\":\"ImageObject\",\"inLanguage\":\"es\",\"@id\":\"https:\\\/\\\/secure.gravatar.com\\\/avatar\\\/739e0b61adf9e398b425c36718c8752286da0e8cd90f20ce9a86678abc26aa0d?s=96&d=mm&r=g\",\"url\":\"https:\\\/\\\/secure.gravatar.com\\\/avatar\\\/739e0b61adf9e398b425c36718c8752286da0e8cd90f20ce9a86678abc26aa0d?s=96&d=mm&r=g\",\"contentUrl\":\"https:\\\/\\\/secure.gravatar.com\\\/avatar\\\/739e0b61adf9e398b425c36718c8752286da0e8cd90f20ce9a86678abc26aa0d?s=96&d=mm&r=g\",\"caption\":\"Agencias\"},\"url\":\"https:\\\/\\\/www.bbmnoticias.com\\\/labravaradiofm\\\/author\\\/agencias\\\/\"}]}<\/script>\n<!-- \/ Yoast SEO plugin. -->","yoast_head_json":{"title":"FGR da la raz\u00f3n a \u2018El Mayo\u2019 Zambada: H\u00e9ctor Cu\u00e9n fue asesinado en domicilio en Sinaloa - LA BRAVA RADIO","robots":{"index":"index","follow":"follow","max-snippet":"max-snippet:-1","max-image-preview":"max-image-preview:large","max-video-preview":"max-video-preview:-1"},"canonical":"https:\/\/www.bbmnoticias.com\/labravaradiofm\/2024\/08\/22\/fgr-da-la-razon-a-el-mayo-zambada-hector-cuen-fue-asesinado-en-domicilio-en-sinaloa\/","og_locale":"es_MX","og_type":"article","og_title":"FGR da la raz\u00f3n a \u2018El Mayo\u2019 Zambada: H\u00e9ctor Cu\u00e9n fue asesinado en domicilio en Sinaloa - LA BRAVA RADIO","og_description":"El inmueble en el que Ismael \u2018El Mayo\u2019 Zambada habr\u00eda sido secuestrado, para posteriormente ser llevado a Estados Unidos presuntamente a manos de Joaqu\u00edn Guzm\u00e1n L\u00f3pez, fue asegurado este mi\u00e9rcoles 21 de agosto por la Fiscal\u00eda General de la Rep\u00fablica (FGR). A trav\u00e9s de un comunicado, las autoridades dijeron que el domicilio ubicado en Sinaloa [&hellip;]","og_url":"https:\/\/www.bbmnoticias.com\/labravaradiofm\/2024\/08\/22\/fgr-da-la-razon-a-el-mayo-zambada-hector-cuen-fue-asesinado-en-domicilio-en-sinaloa\/","og_site_name":"LA BRAVA RADIO","article_published_time":"2024-08-22T15:01:50+00:00","article_modified_time":"2024-08-22T15:01:52+00:00","og_image":[{"width":1200,"height":750,"url":"https:\/\/www.bbmnoticias.com\/labravaradiofm\/wp-content\/uploads\/sites\/5\/2024\/08\/Mayo-Zambada-Melesio-Cuen.jpg","type":"image\/jpeg"}],"author":"Agencias","twitter_card":"summary_large_image","twitter_misc":{"Escrito por":"Agencias","Tiempo de lectura":"2 minutos"},"schema":{"@context":"https:\/\/schema.org","@graph":[{"@type":"Article","@id":"https:\/\/www.bbmnoticias.com\/labravaradiofm\/2024\/08\/22\/fgr-da-la-razon-a-el-mayo-zambada-hector-cuen-fue-asesinado-en-domicilio-en-sinaloa\/#article","isPartOf":{"@id":"https:\/\/www.bbmnoticias.com\/labravaradiofm\/2024\/08\/22\/fgr-da-la-razon-a-el-mayo-zambada-hector-cuen-fue-asesinado-en-domicilio-en-sinaloa\/"},"author":{"name":"Agencias","@id":"https:\/\/www.bbmnoticias.com\/labravaradiofm\/#\/schema\/person\/000bdaf0a8fb5bff0d537c4d0778e33f"},"headline":"FGR da la raz\u00f3n a \u2018El Mayo\u2019 Zambada: H\u00e9ctor Cu\u00e9n fue asesinado en domicilio en Sinaloa","datePublished":"2024-08-22T15:01:50+00:00","dateModified":"2024-08-22T15:01:52+00:00","mainEntityOfPage":{"@id":"https:\/\/www.bbmnoticias.com\/labravaradiofm\/2024\/08\/22\/fgr-da-la-razon-a-el-mayo-zambada-hector-cuen-fue-asesinado-en-domicilio-en-sinaloa\/"},"wordCount":390,"image":{"@id":"https:\/\/www.bbmnoticias.com\/labravaradiofm\/2024\/08\/22\/fgr-da-la-razon-a-el-mayo-zambada-hector-cuen-fue-asesinado-en-domicilio-en-sinaloa\/#primaryimage"},"thumbnailUrl":"https:\/\/www.bbmnoticias.com\/labravaradiofm\/wp-content\/uploads\/sites\/5\/2024\/08\/Mayo-Zambada-Melesio-Cuen.jpg","articleSection":["NACIONAL"],"inLanguage":"es"},{"@type":"WebPage","@id":"https:\/\/www.bbmnoticias.com\/labravaradiofm\/2024\/08\/22\/fgr-da-la-razon-a-el-mayo-zambada-hector-cuen-fue-asesinado-en-domicilio-en-sinaloa\/","url":"https:\/\/www.bbmnoticias.com\/labravaradiofm\/2024\/08\/22\/fgr-da-la-razon-a-el-mayo-zambada-hector-cuen-fue-asesinado-en-domicilio-en-sinaloa\/","name":"FGR da la raz\u00f3n a \u2018El Mayo\u2019 Zambada: H\u00e9ctor Cu\u00e9n fue asesinado en domicilio en Sinaloa - LA BRAVA RADIO","isPartOf":{"@id":"https:\/\/www.bbmnoticias.com\/labravaradiofm\/#website"},"primaryImageOfPage":{"@id":"https:\/\/www.bbmnoticias.com\/labravaradiofm\/2024\/08\/22\/fgr-da-la-razon-a-el-mayo-zambada-hector-cuen-fue-asesinado-en-domicilio-en-sinaloa\/#primaryimage"},"image":{"@id":"https:\/\/www.bbmnoticias.com\/labravaradiofm\/2024\/08\/22\/fgr-da-la-razon-a-el-mayo-zambada-hector-cuen-fue-asesinado-en-domicilio-en-sinaloa\/#primaryimage"},"thumbnailUrl":"https:\/\/www.bbmnoticias.com\/labravaradiofm\/wp-content\/uploads\/sites\/5\/2024\/08\/Mayo-Zambada-Melesio-Cuen.jpg","datePublished":"2024-08-22T15:01:50+00:00","dateModified":"2024-08-22T15:01:52+00:00","author":{"@id":"https:\/\/www.bbmnoticias.com\/labravaradiofm\/#\/schema\/person\/000bdaf0a8fb5bff0d537c4d0778e33f"},"breadcrumb":{"@id":"https:\/\/www.bbmnoticias.com\/labravaradiofm\/2024\/08\/22\/fgr-da-la-razon-a-el-mayo-zambada-hector-cuen-fue-asesinado-en-domicilio-en-sinaloa\/#breadcrumb"},"inLanguage":"es","potentialAction":[{"@type":"ReadAction","target":["https:\/\/www.bbmnoticias.com\/labravaradiofm\/2024\/08\/22\/fgr-da-la-razon-a-el-mayo-zambada-hector-cuen-fue-asesinado-en-domicilio-en-sinaloa\/"]}]},{"@type":"ImageObject","inLanguage":"es","@id":"https:\/\/www.bbmnoticias.com\/labravaradiofm\/2024\/08\/22\/fgr-da-la-razon-a-el-mayo-zambada-hector-cuen-fue-asesinado-en-domicilio-en-sinaloa\/#primaryimage","url":"https:\/\/www.bbmnoticias.com\/labravaradiofm\/wp-content\/uploads\/sites\/5\/2024\/08\/Mayo-Zambada-Melesio-Cuen.jpg","contentUrl":"https:\/\/www.bbmnoticias.com\/labravaradiofm\/wp-content\/uploads\/sites\/5\/2024\/08\/Mayo-Zambada-Melesio-Cuen.jpg","width":1200,"height":750},{"@type":"BreadcrumbList","@id":"https:\/\/www.bbmnoticias.com\/labravaradiofm\/2024\/08\/22\/fgr-da-la-razon-a-el-mayo-zambada-hector-cuen-fue-asesinado-en-domicilio-en-sinaloa\/#breadcrumb","itemListElement":[{"@type":"ListItem","position":1,"name":"Inicio","item":"https:\/\/www.bbmnoticias.com\/labravaradiofm\/"},{"@type":"ListItem","position":2,"name":"FGR da la raz\u00f3n a \u2018El Mayo\u2019 Zambada: H\u00e9ctor Cu\u00e9n fue asesinado en domicilio en Sinaloa"}]},{"@type":"WebSite","@id":"https:\/\/www.bbmnoticias.com\/labravaradiofm\/#website","url":"https:\/\/www.bbmnoticias.com\/labravaradiofm\/","name":"LA BRAVA RADIO","description":"Empresa productora de medios, Radiodifusi\u00f3n, Noticias, tendencias y todo lo que necesitas saber de la pol\u00edtica mexicana e internacional; entretenimiento, espect\u00e1culos, salud y mucho m\u00e1s.","potentialAction":[{"@type":"SearchAction","target":{"@type":"EntryPoint","urlTemplate":"https:\/\/www.bbmnoticias.com\/labravaradiofm\/?s={search_term_string}"},"query-input":{"@type":"PropertyValueSpecification","valueRequired":true,"valueName":"search_term_string"}}],"inLanguage":"es"},{"@type":"Person","@id":"https:\/\/www.bbmnoticias.com\/labravaradiofm\/#\/schema\/person\/000bdaf0a8fb5bff0d537c4d0778e33f","name":"Agencias","image":{"@type":"ImageObject","inLanguage":"es","@id":"https:\/\/secure.gravatar.com\/avatar\/739e0b61adf9e398b425c36718c8752286da0e8cd90f20ce9a86678abc26aa0d?s=96&d=mm&r=g","url":"https:\/\/secure.gravatar.com\/avatar\/739e0b61adf9e398b425c36718c8752286da0e8cd90f20ce9a86678abc26aa0d?s=96&d=mm&r=g","contentUrl":"https:\/\/secure.gravatar.com\/avatar\/739e0b61adf9e398b425c36718c8752286da0e8cd90f20ce9a86678abc26aa0d?s=96&d=mm&r=g","caption":"Agencias"},"url":"https:\/\/www.bbmnoticias.com\/labravaradiofm\/author\/agencias\/"}]}},"_links":{"self":[{"href":"https:\/\/www.bbmnoticias.com\/labravaradiofm\/wp-json\/wp\/v2\/posts\/46016","targetHints":{"allow":["GET"]}}],"collection":[{"href":"https:\/\/www.bbmnoticias.com\/labravaradiofm\/wp-json\/wp\/v2\/posts"}],"about":[{"href":"https:\/\/www.bbmnoticias.com\/labravaradiofm\/wp-json\/wp\/v2\/types\/post"}],"author":[{"embeddable":true,"href":"https:\/\/www.bbmnoticias.com\/labravaradiofm\/wp-json\/wp\/v2\/users\/4"}],"replies":[{"embeddable":true,"href":"https:\/\/www.bbmnoticias.com\/labravaradiofm\/wp-json\/wp\/v2\/comments?post=46016"}],"version-history":[{"count":0,"href":"https:\/\/www.bbmnoticias.com\/labravaradiofm\/wp-json\/wp\/v2\/posts\/46016\/revisions"}],"wp:featuredmedia":[{"embeddable":true,"href":"https:\/\/www.bbmnoticias.com\/labravaradiofm\/wp-json\/wp\/v2\/media\/46017"}],"wp:attachment":[{"href":"https:\/\/www.bbmnoticias.com\/labravaradiofm\/wp-json\/wp\/v2\/media?parent=46016"}],"wp:term":[{"taxonomy":"category","embeddable":true,"href":"https:\/\/www.bbmnoticias.com\/labravaradiofm\/wp-json\/wp\/v2\/categories?post=46016"},{"taxonomy":"post_tag","embeddable":true,"href":"https:\/\/www.bbmnoticias.com\/labravaradiofm\/wp-json\/wp\/v2\/tags?post=46016"}],"curies":[{"name":"wp","href":"https:\/\/api.w.org\/{rel}","templated":true}]}}