{"id":46013,"date":"2024-08-22T08:26:35","date_gmt":"2024-08-22T14:26:35","guid":{"rendered":"https:\/\/www.bbmnoticias.com\/labravaradiofm\/?p=46013"},"modified":"2024-08-22T08:30:42","modified_gmt":"2024-08-22T14:30:42","slug":"la-inflacion-se-desacelera-a-5-16-en-la-primera-quincena-de-agosto","status":"publish","type":"post","link":"https:\/\/www.bbmnoticias.com\/labravaradiofm\/2024\/08\/22\/la-inflacion-se-desacelera-a-5-16-en-la-primera-quincena-de-agosto\/","title":{"rendered":"La inflaci\u00f3n se desacelera a 5.16% en la primera quincena de agosto"},"content":{"rendered":"<div style=\"margin-top: 0px; margin-bottom: 0px;\" class=\"sharethis-inline-share-buttons\" ><\/div>\n<p>La inflaci\u00f3n en M\u00e9xico sigue en niveles elevados, pero al parecer toc\u00f3 su pico y en la primera quincena de agosto se ubic\u00f3 en 5.16 por ciento anual, <strong>con lo que lig\u00f3 dos periodos moder\u00e1ndose,<\/strong> de acuerdo con el INEGI.<\/p>\n\n\n\n<p>El punto m\u00e1s alto en este episodio del repunte de la inflaci\u00f3n se habr\u00eda observado en la primera mitad de julio, cuando fue de 5.61 por ciento anual, para luego desacelerar a<strong> 5.52 por ciento anual en la segunda quincena de ese mes<\/strong> y ahora situarse en 5.16 por ciento anual en la primera mitad de agosto.<\/p>\n\n\n\n<p>El dato sorprendi\u00f3 positivamente, pues el mercado pronostic\u00f3 una inflaci\u00f3n de 5.33 por ciento anual en esta primera mitad de agosto, seg\u00fan la encuesta de Citibanamex.<\/p>\n\n\n\n<p>En su comparaci\u00f3n quincenal, <strong>el \u00cdndice Nacional de Precios al Consumidor (INPC)<\/strong> tuvo una ca\u00edda de 0.03 por ciento, el primer dato negativo para una primera quincena de agosto desde el 2021, pues en el 2022 repunt\u00f3 0.42 y en el 2023, 0.32 por ciento. La expectativa del mercado apuntaba a un incremento de 0.13 por ciento.<\/p>\n\n\n\n<p>La moderaci\u00f3n de los precios se da en medio de lo que ser\u00eda la reanudaci\u00f3n de recortes consecutivos a la tasa de inter\u00e9s por parte del Banco de M\u00e9xico (Banxico) que, el pasado 8 de agosto ajust\u00f3 la tasa de 11.00 a 10.75 por ciento, por lo que una mayor desaceleraci\u00f3n de la inflaci\u00f3n abrir\u00eda la puerta a m\u00e1s recortes.<\/p>\n\n\n\n<p>Adem\u00e1s, el INEGI inform\u00f3 que, a partir de<strong> esta primera quincena de agosto<\/strong>, el INPC se mide con una canasta y estructura de ponderaci\u00f3n actualizadas, de acuerdo con los nuevos patrones de gasto de los hogares mexicanos, identificados por la Encuesta Nacional de Ingresos y Gastos de los Hogares Estacional, levantada a lo largo del a\u00f1o 2022.<\/p>\n\n\n\n<h2 class=\"wp-block-heading\">Inflaci\u00f3n agosto 2024: \u00bfCu\u00e1les son las verduras que m\u00e1s bajaron de precio?<\/h2>\n\n\n\n<p>En meses recientes, el impulso de la inflaci\u00f3n proven\u00eda de la no subyacente, la cual marc\u00f3 una inflaci\u00f3n de 8.80 por ciento anual en la primera mitad de agosto, desde 10.09 por ciento del dato previo y con lo<strong> que lig\u00f3 dos quincenas moder\u00e1ndose.<\/strong><\/p>\n\n\n\n<p>Los productos agropecuarios marcaron una inflaci\u00f3n de 10.95 por ciento anual en la primera quincena de agosto, desde el 13.11 por ciento anterior, y los energ\u00e9ticos y tarifas autorizadas por el gobierno tuvieron una inflaci\u00f3n de 6.74 por ciento anual, desde 7.33 por ciento en su lectura previa.<\/p>\n\n\n\n<p>Al interior de los agropecuarios, los precios de las frutas y verduras tuvieron una inflaci\u00f3n de 15.89 por ciento anual, si bien todav\u00eda en niveles elevados, fue su lectura m\u00e1s baja desde la segunda quincena de marzo de este a\u00f1o.<\/p>\n\n\n\n<p>Por ejemplo,<strong> el chayote tuvo una ca\u00edda en su precio de 45.66 por ciento quincenal<\/strong>; el tomate verde, 9.35 por ciento, y el jitomate, 4.91 por ciento.<\/p>\n\n\n\n<h2 class=\"wp-block-heading\">Inflaci\u00f3n subyacente da \u2018tregua\u2019 en agosto<\/h2>\n\n\n\n<p>Respecto a la inflaci\u00f3n subyacente, se ubic\u00f3 en 3.98 por ciento anual en la primera quincena de agosto, luego de acelerarse a 4.08 por ciento en la segunda mitad de julio.<\/p>\n\n\n\n<p>Adem\u00e1s, el dato de la primera mitad de agosto result\u00f3 mejor a lo esperado por analistas que pronosticaron una inflaci\u00f3n subyacente de 4.07 por ciento anual.<\/p>\n\n\n\n<p>Los precios de las mercanc\u00edas marcaron una inflaci\u00f3n de 3.07 por ciento anual, desde 3.10 por ciento del dato inmediato anterior; mientras que los servicios marcaron una inflaci\u00f3n de 5.11 por ciento anual, tras dos quincenas al alza.<\/p>\n\n\n\n<p>De los servicios destac\u00f3<strong> la ca\u00edda quincenal del transporte a\u00e9reo por 14.50 por ciento, <\/strong>suaviz\u00e1ndose despu\u00e9s de la temporada vacacional de verano.<\/p>\n","protected":false},"excerpt":{"rendered":"<p>La inflaci\u00f3n en M\u00e9xico sigue en niveles elevados, pero al parecer toc\u00f3 su pico y en la primera quincena de agosto se ubic\u00f3 en 5.16 por ciento anual, con lo que lig\u00f3 dos periodos moder\u00e1ndose, de acuerdo con el INEGI. El punto m\u00e1s alto en este episodio del repunte de la inflaci\u00f3n se habr\u00eda observado [&hellip;]<\/p>\n","protected":false},"author":4,"featured_media":46014,"comment_status":"closed","ping_status":"closed","sticky":false,"template":"","format":"standard","meta":{"footnotes":""},"categories":[1025,19],"tags":[],"class_list":{"0":"post-46013","1":"post","2":"type-post","3":"status-publish","4":"format-standard","5":"has-post-thumbnail","7":"category-destacado","8":"category-nacional"},"yoast_head":"<!-- This site is optimized with the Yoast SEO plugin v27.4 - https:\/\/yoast.com\/product\/yoast-seo-wordpress\/ -->\n<title>La inflaci\u00f3n se desacelera a 5.16% en la primera quincena de agosto - LA BRAVA RADIO<\/title>\n<meta name=\"robots\" content=\"index, follow, max-snippet:-1, max-image-preview:large, max-video-preview:-1\" \/>\n<link rel=\"canonical\" href=\"https:\/\/www.bbmnoticias.com\/labravaradiofm\/2024\/08\/22\/la-inflacion-se-desacelera-a-5-16-en-la-primera-quincena-de-agosto\/\" \/>\n<meta property=\"og:locale\" content=\"es_MX\" \/>\n<meta property=\"og:type\" content=\"article\" \/>\n<meta property=\"og:title\" content=\"La inflaci\u00f3n se desacelera a 5.16% en la primera quincena de agosto - LA BRAVA RADIO\" \/>\n<meta property=\"og:description\" content=\"La inflaci\u00f3n en M\u00e9xico sigue en niveles elevados, pero al parecer toc\u00f3 su pico y en la primera quincena de agosto se ubic\u00f3 en 5.16 por ciento anual, con lo que lig\u00f3 dos periodos moder\u00e1ndose, de acuerdo con el INEGI. El punto m\u00e1s alto en este episodio del repunte de la inflaci\u00f3n se habr\u00eda observado [&hellip;]\" \/>\n<meta property=\"og:url\" content=\"https:\/\/www.bbmnoticias.com\/labravaradiofm\/2024\/08\/22\/la-inflacion-se-desacelera-a-5-16-en-la-primera-quincena-de-agosto\/\" \/>\n<meta property=\"og:site_name\" content=\"LA BRAVA RADIO\" \/>\n<meta property=\"article:published_time\" content=\"2024-08-22T14:26:35+00:00\" \/>\n<meta property=\"article:modified_time\" content=\"2024-08-22T14:30:42+00:00\" \/>\n<meta property=\"og:image\" content=\"https:\/\/www.bbmnoticias.com\/labravaradiofm\/wp-content\/uploads\/sites\/5\/2024\/08\/inflacion-mexico.jpg\" \/>\n\t<meta property=\"og:image:width\" content=\"800\" \/>\n\t<meta property=\"og:image:height\" content=\"533\" \/>\n\t<meta property=\"og:image:type\" content=\"image\/jpeg\" \/>\n<meta name=\"author\" content=\"Agencias\" \/>\n<meta name=\"twitter:card\" content=\"summary_large_image\" \/>\n<meta name=\"twitter:label1\" content=\"Escrito por\" \/>\n\t<meta name=\"twitter:data1\" content=\"Agencias\" \/>\n\t<meta name=\"twitter:label2\" content=\"Tiempo de lectura\" \/>\n\t<meta name=\"twitter:data2\" content=\"3 minutos\" \/>\n<script type=\"application\/ld+json\" class=\"yoast-schema-graph\">{\"@context\":\"https:\\\/\\\/schema.org\",\"@graph\":[{\"@type\":\"Article\",\"@id\":\"https:\\\/\\\/www.bbmnoticias.com\\\/labravaradiofm\\\/2024\\\/08\\\/22\\\/la-inflacion-se-desacelera-a-5-16-en-la-primera-quincena-de-agosto\\\/#article\",\"isPartOf\":{\"@id\":\"https:\\\/\\\/www.bbmnoticias.com\\\/labravaradiofm\\\/2024\\\/08\\\/22\\\/la-inflacion-se-desacelera-a-5-16-en-la-primera-quincena-de-agosto\\\/\"},\"author\":{\"name\":\"Agencias\",\"@id\":\"https:\\\/\\\/www.bbmnoticias.com\\\/labravaradiofm\\\/#\\\/schema\\\/person\\\/000bdaf0a8fb5bff0d537c4d0778e33f\"},\"headline\":\"La inflaci\u00f3n se desacelera a 5.16% en la primera quincena de agosto\",\"datePublished\":\"2024-08-22T14:26:35+00:00\",\"dateModified\":\"2024-08-22T14:30:42+00:00\",\"mainEntityOfPage\":{\"@id\":\"https:\\\/\\\/www.bbmnoticias.com\\\/labravaradiofm\\\/2024\\\/08\\\/22\\\/la-inflacion-se-desacelera-a-5-16-en-la-primera-quincena-de-agosto\\\/\"},\"wordCount\":617,\"image\":{\"@id\":\"https:\\\/\\\/www.bbmnoticias.com\\\/labravaradiofm\\\/2024\\\/08\\\/22\\\/la-inflacion-se-desacelera-a-5-16-en-la-primera-quincena-de-agosto\\\/#primaryimage\"},\"thumbnailUrl\":\"https:\\\/\\\/www.bbmnoticias.com\\\/labravaradiofm\\\/wp-content\\\/uploads\\\/sites\\\/5\\\/2024\\\/08\\\/inflacion-mexico.jpg\",\"articleSection\":[\"DESTACADO\",\"NACIONAL\"],\"inLanguage\":\"es\"},{\"@type\":\"WebPage\",\"@id\":\"https:\\\/\\\/www.bbmnoticias.com\\\/labravaradiofm\\\/2024\\\/08\\\/22\\\/la-inflacion-se-desacelera-a-5-16-en-la-primera-quincena-de-agosto\\\/\",\"url\":\"https:\\\/\\\/www.bbmnoticias.com\\\/labravaradiofm\\\/2024\\\/08\\\/22\\\/la-inflacion-se-desacelera-a-5-16-en-la-primera-quincena-de-agosto\\\/\",\"name\":\"La inflaci\u00f3n se desacelera a 5.16% en la primera quincena de agosto - LA BRAVA RADIO\",\"isPartOf\":{\"@id\":\"https:\\\/\\\/www.bbmnoticias.com\\\/labravaradiofm\\\/#website\"},\"primaryImageOfPage\":{\"@id\":\"https:\\\/\\\/www.bbmnoticias.com\\\/labravaradiofm\\\/2024\\\/08\\\/22\\\/la-inflacion-se-desacelera-a-5-16-en-la-primera-quincena-de-agosto\\\/#primaryimage\"},\"image\":{\"@id\":\"https:\\\/\\\/www.bbmnoticias.com\\\/labravaradiofm\\\/2024\\\/08\\\/22\\\/la-inflacion-se-desacelera-a-5-16-en-la-primera-quincena-de-agosto\\\/#primaryimage\"},\"thumbnailUrl\":\"https:\\\/\\\/www.bbmnoticias.com\\\/labravaradiofm\\\/wp-content\\\/uploads\\\/sites\\\/5\\\/2024\\\/08\\\/inflacion-mexico.jpg\",\"datePublished\":\"2024-08-22T14:26:35+00:00\",\"dateModified\":\"2024-08-22T14:30:42+00:00\",\"author\":{\"@id\":\"https:\\\/\\\/www.bbmnoticias.com\\\/labravaradiofm\\\/#\\\/schema\\\/person\\\/000bdaf0a8fb5bff0d537c4d0778e33f\"},\"breadcrumb\":{\"@id\":\"https:\\\/\\\/www.bbmnoticias.com\\\/labravaradiofm\\\/2024\\\/08\\\/22\\\/la-inflacion-se-desacelera-a-5-16-en-la-primera-quincena-de-agosto\\\/#breadcrumb\"},\"inLanguage\":\"es\",\"potentialAction\":[{\"@type\":\"ReadAction\",\"target\":[\"https:\\\/\\\/www.bbmnoticias.com\\\/labravaradiofm\\\/2024\\\/08\\\/22\\\/la-inflacion-se-desacelera-a-5-16-en-la-primera-quincena-de-agosto\\\/\"]}]},{\"@type\":\"ImageObject\",\"inLanguage\":\"es\",\"@id\":\"https:\\\/\\\/www.bbmnoticias.com\\\/labravaradiofm\\\/2024\\\/08\\\/22\\\/la-inflacion-se-desacelera-a-5-16-en-la-primera-quincena-de-agosto\\\/#primaryimage\",\"url\":\"https:\\\/\\\/www.bbmnoticias.com\\\/labravaradiofm\\\/wp-content\\\/uploads\\\/sites\\\/5\\\/2024\\\/08\\\/inflacion-mexico.jpg\",\"contentUrl\":\"https:\\\/\\\/www.bbmnoticias.com\\\/labravaradiofm\\\/wp-content\\\/uploads\\\/sites\\\/5\\\/2024\\\/08\\\/inflacion-mexico.jpg\",\"width\":800,\"height\":533},{\"@type\":\"BreadcrumbList\",\"@id\":\"https:\\\/\\\/www.bbmnoticias.com\\\/labravaradiofm\\\/2024\\\/08\\\/22\\\/la-inflacion-se-desacelera-a-5-16-en-la-primera-quincena-de-agosto\\\/#breadcrumb\",\"itemListElement\":[{\"@type\":\"ListItem\",\"position\":1,\"name\":\"Inicio\",\"item\":\"https:\\\/\\\/www.bbmnoticias.com\\\/labravaradiofm\\\/\"},{\"@type\":\"ListItem\",\"position\":2,\"name\":\"La inflaci\u00f3n se desacelera a 5.16% en la primera quincena de agosto\"}]},{\"@type\":\"WebSite\",\"@id\":\"https:\\\/\\\/www.bbmnoticias.com\\\/labravaradiofm\\\/#website\",\"url\":\"https:\\\/\\\/www.bbmnoticias.com\\\/labravaradiofm\\\/\",\"name\":\"LA BRAVA RADIO\",\"description\":\"Empresa productora de medios, Radiodifusi\u00f3n, Noticias, tendencias y todo lo que necesitas saber de la pol\u00edtica mexicana e internacional; entretenimiento, espect\u00e1culos, salud y mucho m\u00e1s.\",\"potentialAction\":[{\"@type\":\"SearchAction\",\"target\":{\"@type\":\"EntryPoint\",\"urlTemplate\":\"https:\\\/\\\/www.bbmnoticias.com\\\/labravaradiofm\\\/?s={search_term_string}\"},\"query-input\":{\"@type\":\"PropertyValueSpecification\",\"valueRequired\":true,\"valueName\":\"search_term_string\"}}],\"inLanguage\":\"es\"},{\"@type\":\"Person\",\"@id\":\"https:\\\/\\\/www.bbmnoticias.com\\\/labravaradiofm\\\/#\\\/schema\\\/person\\\/000bdaf0a8fb5bff0d537c4d0778e33f\",\"name\":\"Agencias\",\"image\":{\"@type\":\"ImageObject\",\"inLanguage\":\"es\",\"@id\":\"https:\\\/\\\/secure.gravatar.com\\\/avatar\\\/739e0b61adf9e398b425c36718c8752286da0e8cd90f20ce9a86678abc26aa0d?s=96&d=mm&r=g\",\"url\":\"https:\\\/\\\/secure.gravatar.com\\\/avatar\\\/739e0b61adf9e398b425c36718c8752286da0e8cd90f20ce9a86678abc26aa0d?s=96&d=mm&r=g\",\"contentUrl\":\"https:\\\/\\\/secure.gravatar.com\\\/avatar\\\/739e0b61adf9e398b425c36718c8752286da0e8cd90f20ce9a86678abc26aa0d?s=96&d=mm&r=g\",\"caption\":\"Agencias\"},\"url\":\"https:\\\/\\\/www.bbmnoticias.com\\\/labravaradiofm\\\/author\\\/agencias\\\/\"}]}<\/script>\n<!-- \/ Yoast SEO plugin. -->","yoast_head_json":{"title":"La inflaci\u00f3n se desacelera a 5.16% en la primera quincena de agosto - LA BRAVA RADIO","robots":{"index":"index","follow":"follow","max-snippet":"max-snippet:-1","max-image-preview":"max-image-preview:large","max-video-preview":"max-video-preview:-1"},"canonical":"https:\/\/www.bbmnoticias.com\/labravaradiofm\/2024\/08\/22\/la-inflacion-se-desacelera-a-5-16-en-la-primera-quincena-de-agosto\/","og_locale":"es_MX","og_type":"article","og_title":"La inflaci\u00f3n se desacelera a 5.16% en la primera quincena de agosto - LA BRAVA RADIO","og_description":"La inflaci\u00f3n en M\u00e9xico sigue en niveles elevados, pero al parecer toc\u00f3 su pico y en la primera quincena de agosto se ubic\u00f3 en 5.16 por ciento anual, con lo que lig\u00f3 dos periodos moder\u00e1ndose, de acuerdo con el INEGI. El punto m\u00e1s alto en este episodio del repunte de la inflaci\u00f3n se habr\u00eda observado [&hellip;]","og_url":"https:\/\/www.bbmnoticias.com\/labravaradiofm\/2024\/08\/22\/la-inflacion-se-desacelera-a-5-16-en-la-primera-quincena-de-agosto\/","og_site_name":"LA BRAVA RADIO","article_published_time":"2024-08-22T14:26:35+00:00","article_modified_time":"2024-08-22T14:30:42+00:00","og_image":[{"width":800,"height":533,"url":"https:\/\/www.bbmnoticias.com\/labravaradiofm\/wp-content\/uploads\/sites\/5\/2024\/08\/inflacion-mexico.jpg","type":"image\/jpeg"}],"author":"Agencias","twitter_card":"summary_large_image","twitter_misc":{"Escrito por":"Agencias","Tiempo de lectura":"3 minutos"},"schema":{"@context":"https:\/\/schema.org","@graph":[{"@type":"Article","@id":"https:\/\/www.bbmnoticias.com\/labravaradiofm\/2024\/08\/22\/la-inflacion-se-desacelera-a-5-16-en-la-primera-quincena-de-agosto\/#article","isPartOf":{"@id":"https:\/\/www.bbmnoticias.com\/labravaradiofm\/2024\/08\/22\/la-inflacion-se-desacelera-a-5-16-en-la-primera-quincena-de-agosto\/"},"author":{"name":"Agencias","@id":"https:\/\/www.bbmnoticias.com\/labravaradiofm\/#\/schema\/person\/000bdaf0a8fb5bff0d537c4d0778e33f"},"headline":"La inflaci\u00f3n se desacelera a 5.16% en la primera quincena de agosto","datePublished":"2024-08-22T14:26:35+00:00","dateModified":"2024-08-22T14:30:42+00:00","mainEntityOfPage":{"@id":"https:\/\/www.bbmnoticias.com\/labravaradiofm\/2024\/08\/22\/la-inflacion-se-desacelera-a-5-16-en-la-primera-quincena-de-agosto\/"},"wordCount":617,"image":{"@id":"https:\/\/www.bbmnoticias.com\/labravaradiofm\/2024\/08\/22\/la-inflacion-se-desacelera-a-5-16-en-la-primera-quincena-de-agosto\/#primaryimage"},"thumbnailUrl":"https:\/\/www.bbmnoticias.com\/labravaradiofm\/wp-content\/uploads\/sites\/5\/2024\/08\/inflacion-mexico.jpg","articleSection":["DESTACADO","NACIONAL"],"inLanguage":"es"},{"@type":"WebPage","@id":"https:\/\/www.bbmnoticias.com\/labravaradiofm\/2024\/08\/22\/la-inflacion-se-desacelera-a-5-16-en-la-primera-quincena-de-agosto\/","url":"https:\/\/www.bbmnoticias.com\/labravaradiofm\/2024\/08\/22\/la-inflacion-se-desacelera-a-5-16-en-la-primera-quincena-de-agosto\/","name":"La inflaci\u00f3n se desacelera a 5.16% en la primera quincena de agosto - LA BRAVA RADIO","isPartOf":{"@id":"https:\/\/www.bbmnoticias.com\/labravaradiofm\/#website"},"primaryImageOfPage":{"@id":"https:\/\/www.bbmnoticias.com\/labravaradiofm\/2024\/08\/22\/la-inflacion-se-desacelera-a-5-16-en-la-primera-quincena-de-agosto\/#primaryimage"},"image":{"@id":"https:\/\/www.bbmnoticias.com\/labravaradiofm\/2024\/08\/22\/la-inflacion-se-desacelera-a-5-16-en-la-primera-quincena-de-agosto\/#primaryimage"},"thumbnailUrl":"https:\/\/www.bbmnoticias.com\/labravaradiofm\/wp-content\/uploads\/sites\/5\/2024\/08\/inflacion-mexico.jpg","datePublished":"2024-08-22T14:26:35+00:00","dateModified":"2024-08-22T14:30:42+00:00","author":{"@id":"https:\/\/www.bbmnoticias.com\/labravaradiofm\/#\/schema\/person\/000bdaf0a8fb5bff0d537c4d0778e33f"},"breadcrumb":{"@id":"https:\/\/www.bbmnoticias.com\/labravaradiofm\/2024\/08\/22\/la-inflacion-se-desacelera-a-5-16-en-la-primera-quincena-de-agosto\/#breadcrumb"},"inLanguage":"es","potentialAction":[{"@type":"ReadAction","target":["https:\/\/www.bbmnoticias.com\/labravaradiofm\/2024\/08\/22\/la-inflacion-se-desacelera-a-5-16-en-la-primera-quincena-de-agosto\/"]}]},{"@type":"ImageObject","inLanguage":"es","@id":"https:\/\/www.bbmnoticias.com\/labravaradiofm\/2024\/08\/22\/la-inflacion-se-desacelera-a-5-16-en-la-primera-quincena-de-agosto\/#primaryimage","url":"https:\/\/www.bbmnoticias.com\/labravaradiofm\/wp-content\/uploads\/sites\/5\/2024\/08\/inflacion-mexico.jpg","contentUrl":"https:\/\/www.bbmnoticias.com\/labravaradiofm\/wp-content\/uploads\/sites\/5\/2024\/08\/inflacion-mexico.jpg","width":800,"height":533},{"@type":"BreadcrumbList","@id":"https:\/\/www.bbmnoticias.com\/labravaradiofm\/2024\/08\/22\/la-inflacion-se-desacelera-a-5-16-en-la-primera-quincena-de-agosto\/#breadcrumb","itemListElement":[{"@type":"ListItem","position":1,"name":"Inicio","item":"https:\/\/www.bbmnoticias.com\/labravaradiofm\/"},{"@type":"ListItem","position":2,"name":"La inflaci\u00f3n se desacelera a 5.16% en la primera quincena de agosto"}]},{"@type":"WebSite","@id":"https:\/\/www.bbmnoticias.com\/labravaradiofm\/#website","url":"https:\/\/www.bbmnoticias.com\/labravaradiofm\/","name":"LA BRAVA RADIO","description":"Empresa productora de medios, Radiodifusi\u00f3n, Noticias, tendencias y todo lo que necesitas saber de la pol\u00edtica mexicana e internacional; entretenimiento, espect\u00e1culos, salud y mucho m\u00e1s.","potentialAction":[{"@type":"SearchAction","target":{"@type":"EntryPoint","urlTemplate":"https:\/\/www.bbmnoticias.com\/labravaradiofm\/?s={search_term_string}"},"query-input":{"@type":"PropertyValueSpecification","valueRequired":true,"valueName":"search_term_string"}}],"inLanguage":"es"},{"@type":"Person","@id":"https:\/\/www.bbmnoticias.com\/labravaradiofm\/#\/schema\/person\/000bdaf0a8fb5bff0d537c4d0778e33f","name":"Agencias","image":{"@type":"ImageObject","inLanguage":"es","@id":"https:\/\/secure.gravatar.com\/avatar\/739e0b61adf9e398b425c36718c8752286da0e8cd90f20ce9a86678abc26aa0d?s=96&d=mm&r=g","url":"https:\/\/secure.gravatar.com\/avatar\/739e0b61adf9e398b425c36718c8752286da0e8cd90f20ce9a86678abc26aa0d?s=96&d=mm&r=g","contentUrl":"https:\/\/secure.gravatar.com\/avatar\/739e0b61adf9e398b425c36718c8752286da0e8cd90f20ce9a86678abc26aa0d?s=96&d=mm&r=g","caption":"Agencias"},"url":"https:\/\/www.bbmnoticias.com\/labravaradiofm\/author\/agencias\/"}]}},"_links":{"self":[{"href":"https:\/\/www.bbmnoticias.com\/labravaradiofm\/wp-json\/wp\/v2\/posts\/46013","targetHints":{"allow":["GET"]}}],"collection":[{"href":"https:\/\/www.bbmnoticias.com\/labravaradiofm\/wp-json\/wp\/v2\/posts"}],"about":[{"href":"https:\/\/www.bbmnoticias.com\/labravaradiofm\/wp-json\/wp\/v2\/types\/post"}],"author":[{"embeddable":true,"href":"https:\/\/www.bbmnoticias.com\/labravaradiofm\/wp-json\/wp\/v2\/users\/4"}],"replies":[{"embeddable":true,"href":"https:\/\/www.bbmnoticias.com\/labravaradiofm\/wp-json\/wp\/v2\/comments?post=46013"}],"version-history":[{"count":0,"href":"https:\/\/www.bbmnoticias.com\/labravaradiofm\/wp-json\/wp\/v2\/posts\/46013\/revisions"}],"wp:featuredmedia":[{"embeddable":true,"href":"https:\/\/www.bbmnoticias.com\/labravaradiofm\/wp-json\/wp\/v2\/media\/46014"}],"wp:attachment":[{"href":"https:\/\/www.bbmnoticias.com\/labravaradiofm\/wp-json\/wp\/v2\/media?parent=46013"}],"wp:term":[{"taxonomy":"category","embeddable":true,"href":"https:\/\/www.bbmnoticias.com\/labravaradiofm\/wp-json\/wp\/v2\/categories?post=46013"},{"taxonomy":"post_tag","embeddable":true,"href":"https:\/\/www.bbmnoticias.com\/labravaradiofm\/wp-json\/wp\/v2\/tags?post=46013"}],"curies":[{"name":"wp","href":"https:\/\/api.w.org\/{rel}","templated":true}]}}