{"id":46010,"date":"2024-08-22T08:19:32","date_gmt":"2024-08-22T14:19:32","guid":{"rendered":"https:\/\/www.bbmnoticias.com\/labravaradiofm\/?p=46010"},"modified":"2024-08-22T08:19:34","modified_gmt":"2024-08-22T14:19:34","slug":"falla-en-una-planta-genera-emergencia-en-refineria-de-salina-cruz","status":"publish","type":"post","link":"https:\/\/www.bbmnoticias.com\/labravaradiofm\/2024\/08\/22\/falla-en-una-planta-genera-emergencia-en-refineria-de-salina-cruz\/","title":{"rendered":"Falla en una planta genera emergencia en refiner\u00eda de Salina Cruz"},"content":{"rendered":"<div style=\"margin-top: 0px; margin-bottom: 0px;\" class=\"sharethis-inline-share-buttons\" ><\/div>\n<p>Salina Cruz, Oaxaca. Una falla en una de las 28 plantas de procesamiento gener\u00f3 esta noche una emergencia en la refiner\u00eda de Salina Cruz; que seg\u00fan informes de fuentes de la petrolera, la contingencia fue controlada sin mayor incidente.<\/p>\n\n\n\n<p>La emergencia se gener\u00f3 en la planta Catalitica II al salir de operaci\u00f3n uno de sus compresores.<\/p>\n\n\n\n<p>La paralizaci\u00f3n de este equipo ocasion\u00f3 una gran fumarola que alcanz\u00f3 a observarse a varios kil\u00f3metros a la redonda de Salina Cruz.<\/p>\n\n\n\n<p>Personal de Petr\u00f3leos Mexicanos logr\u00f3 controlar a tiempo el incidente y mantuvo en operaci\u00f3n la planta.<\/p>\n\n\n\n<p>El incidente no ocasion\u00f3 m\u00e1s que alarma en la poblaci\u00f3n y no se report\u00f3 lesionados ni da\u00f1os en la infraestructura de la refiner\u00eda.<\/p>\n","protected":false},"excerpt":{"rendered":"<p>Salina Cruz, Oaxaca. Una falla en una de las 28 plantas de procesamiento gener\u00f3 esta noche una emergencia en la refiner\u00eda de Salina Cruz; que seg\u00fan informes de fuentes de la petrolera, la contingencia fue controlada sin mayor incidente. La emergencia se gener\u00f3 en la planta Catalitica II al salir de operaci\u00f3n uno de sus [&hellip;]<\/p>\n","protected":false},"author":2,"featured_media":46011,"comment_status":"closed","ping_status":"closed","sticky":false,"template":"","format":"standard","meta":{"footnotes":""},"categories":[1025],"tags":[],"class_list":{"0":"post-46010","1":"post","2":"type-post","3":"status-publish","4":"format-standard","5":"has-post-thumbnail","7":"category-destacado"},"yoast_head":"<!-- This site is optimized with the Yoast SEO plugin v27.4 - https:\/\/yoast.com\/product\/yoast-seo-wordpress\/ -->\n<title>Falla en una planta genera emergencia en refiner\u00eda de Salina Cruz - LA BRAVA RADIO<\/title>\n<meta name=\"robots\" content=\"index, follow, max-snippet:-1, max-image-preview:large, max-video-preview:-1\" \/>\n<link rel=\"canonical\" href=\"https:\/\/www.bbmnoticias.com\/labravaradiofm\/2024\/08\/22\/falla-en-una-planta-genera-emergencia-en-refineria-de-salina-cruz\/\" \/>\n<meta property=\"og:locale\" content=\"es_MX\" \/>\n<meta property=\"og:type\" content=\"article\" \/>\n<meta property=\"og:title\" content=\"Falla en una planta genera emergencia en refiner\u00eda de Salina Cruz - LA BRAVA RADIO\" \/>\n<meta property=\"og:description\" content=\"Salina Cruz, Oaxaca. Una falla en una de las 28 plantas de procesamiento gener\u00f3 esta noche una emergencia en la refiner\u00eda de Salina Cruz; que seg\u00fan informes de fuentes de la petrolera, la contingencia fue controlada sin mayor incidente. La emergencia se gener\u00f3 en la planta Catalitica II al salir de operaci\u00f3n uno de sus [&hellip;]\" \/>\n<meta property=\"og:url\" content=\"https:\/\/www.bbmnoticias.com\/labravaradiofm\/2024\/08\/22\/falla-en-una-planta-genera-emergencia-en-refineria-de-salina-cruz\/\" \/>\n<meta property=\"og:site_name\" content=\"LA BRAVA RADIO\" \/>\n<meta property=\"article:published_time\" content=\"2024-08-22T14:19:32+00:00\" \/>\n<meta property=\"article:modified_time\" content=\"2024-08-22T14:19:34+00:00\" \/>\n<meta property=\"og:image\" content=\"https:\/\/www.bbmnoticias.com\/labravaradiofm\/wp-content\/uploads\/sites\/5\/2024\/08\/planta-catalitica.jpg\" \/>\n\t<meta property=\"og:image:width\" content=\"1600\" \/>\n\t<meta property=\"og:image:height\" content=\"900\" \/>\n\t<meta property=\"og:image:type\" content=\"image\/jpeg\" \/>\n<meta name=\"author\" content=\"Staff\" \/>\n<meta name=\"twitter:card\" content=\"summary_large_image\" \/>\n<meta name=\"twitter:label1\" content=\"Escrito por\" \/>\n\t<meta name=\"twitter:data1\" content=\"Staff\" \/>\n\t<meta name=\"twitter:label2\" content=\"Tiempo de lectura\" \/>\n\t<meta name=\"twitter:data2\" content=\"1 minuto\" \/>\n<script type=\"application\/ld+json\" class=\"yoast-schema-graph\">{\"@context\":\"https:\\\/\\\/schema.org\",\"@graph\":[{\"@type\":\"Article\",\"@id\":\"https:\\\/\\\/www.bbmnoticias.com\\\/labravaradiofm\\\/2024\\\/08\\\/22\\\/falla-en-una-planta-genera-emergencia-en-refineria-de-salina-cruz\\\/#article\",\"isPartOf\":{\"@id\":\"https:\\\/\\\/www.bbmnoticias.com\\\/labravaradiofm\\\/2024\\\/08\\\/22\\\/falla-en-una-planta-genera-emergencia-en-refineria-de-salina-cruz\\\/\"},\"author\":{\"name\":\"Staff\",\"@id\":\"https:\\\/\\\/www.bbmnoticias.com\\\/labravaradiofm\\\/#\\\/schema\\\/person\\\/68a9e9036ef3c5b55aeb2b71dc8bab45\"},\"headline\":\"Falla en una planta genera emergencia en refiner\u00eda de Salina Cruz\",\"datePublished\":\"2024-08-22T14:19:32+00:00\",\"dateModified\":\"2024-08-22T14:19:34+00:00\",\"mainEntityOfPage\":{\"@id\":\"https:\\\/\\\/www.bbmnoticias.com\\\/labravaradiofm\\\/2024\\\/08\\\/22\\\/falla-en-una-planta-genera-emergencia-en-refineria-de-salina-cruz\\\/\"},\"wordCount\":139,\"image\":{\"@id\":\"https:\\\/\\\/www.bbmnoticias.com\\\/labravaradiofm\\\/2024\\\/08\\\/22\\\/falla-en-una-planta-genera-emergencia-en-refineria-de-salina-cruz\\\/#primaryimage\"},\"thumbnailUrl\":\"https:\\\/\\\/www.bbmnoticias.com\\\/labravaradiofm\\\/wp-content\\\/uploads\\\/sites\\\/5\\\/2024\\\/08\\\/planta-catalitica.jpg\",\"articleSection\":[\"DESTACADO\"],\"inLanguage\":\"es\"},{\"@type\":\"WebPage\",\"@id\":\"https:\\\/\\\/www.bbmnoticias.com\\\/labravaradiofm\\\/2024\\\/08\\\/22\\\/falla-en-una-planta-genera-emergencia-en-refineria-de-salina-cruz\\\/\",\"url\":\"https:\\\/\\\/www.bbmnoticias.com\\\/labravaradiofm\\\/2024\\\/08\\\/22\\\/falla-en-una-planta-genera-emergencia-en-refineria-de-salina-cruz\\\/\",\"name\":\"Falla en una planta genera emergencia en refiner\u00eda de Salina Cruz - LA BRAVA RADIO\",\"isPartOf\":{\"@id\":\"https:\\\/\\\/www.bbmnoticias.com\\\/labravaradiofm\\\/#website\"},\"primaryImageOfPage\":{\"@id\":\"https:\\\/\\\/www.bbmnoticias.com\\\/labravaradiofm\\\/2024\\\/08\\\/22\\\/falla-en-una-planta-genera-emergencia-en-refineria-de-salina-cruz\\\/#primaryimage\"},\"image\":{\"@id\":\"https:\\\/\\\/www.bbmnoticias.com\\\/labravaradiofm\\\/2024\\\/08\\\/22\\\/falla-en-una-planta-genera-emergencia-en-refineria-de-salina-cruz\\\/#primaryimage\"},\"thumbnailUrl\":\"https:\\\/\\\/www.bbmnoticias.com\\\/labravaradiofm\\\/wp-content\\\/uploads\\\/sites\\\/5\\\/2024\\\/08\\\/planta-catalitica.jpg\",\"datePublished\":\"2024-08-22T14:19:32+00:00\",\"dateModified\":\"2024-08-22T14:19:34+00:00\",\"author\":{\"@id\":\"https:\\\/\\\/www.bbmnoticias.com\\\/labravaradiofm\\\/#\\\/schema\\\/person\\\/68a9e9036ef3c5b55aeb2b71dc8bab45\"},\"breadcrumb\":{\"@id\":\"https:\\\/\\\/www.bbmnoticias.com\\\/labravaradiofm\\\/2024\\\/08\\\/22\\\/falla-en-una-planta-genera-emergencia-en-refineria-de-salina-cruz\\\/#breadcrumb\"},\"inLanguage\":\"es\",\"potentialAction\":[{\"@type\":\"ReadAction\",\"target\":[\"https:\\\/\\\/www.bbmnoticias.com\\\/labravaradiofm\\\/2024\\\/08\\\/22\\\/falla-en-una-planta-genera-emergencia-en-refineria-de-salina-cruz\\\/\"]}]},{\"@type\":\"ImageObject\",\"inLanguage\":\"es\",\"@id\":\"https:\\\/\\\/www.bbmnoticias.com\\\/labravaradiofm\\\/2024\\\/08\\\/22\\\/falla-en-una-planta-genera-emergencia-en-refineria-de-salina-cruz\\\/#primaryimage\",\"url\":\"https:\\\/\\\/www.bbmnoticias.com\\\/labravaradiofm\\\/wp-content\\\/uploads\\\/sites\\\/5\\\/2024\\\/08\\\/planta-catalitica.jpg\",\"contentUrl\":\"https:\\\/\\\/www.bbmnoticias.com\\\/labravaradiofm\\\/wp-content\\\/uploads\\\/sites\\\/5\\\/2024\\\/08\\\/planta-catalitica.jpg\",\"width\":1600,\"height\":900},{\"@type\":\"BreadcrumbList\",\"@id\":\"https:\\\/\\\/www.bbmnoticias.com\\\/labravaradiofm\\\/2024\\\/08\\\/22\\\/falla-en-una-planta-genera-emergencia-en-refineria-de-salina-cruz\\\/#breadcrumb\",\"itemListElement\":[{\"@type\":\"ListItem\",\"position\":1,\"name\":\"Inicio\",\"item\":\"https:\\\/\\\/www.bbmnoticias.com\\\/labravaradiofm\\\/\"},{\"@type\":\"ListItem\",\"position\":2,\"name\":\"Falla en una planta genera emergencia en refiner\u00eda de Salina Cruz\"}]},{\"@type\":\"WebSite\",\"@id\":\"https:\\\/\\\/www.bbmnoticias.com\\\/labravaradiofm\\\/#website\",\"url\":\"https:\\\/\\\/www.bbmnoticias.com\\\/labravaradiofm\\\/\",\"name\":\"LA BRAVA RADIO\",\"description\":\"Empresa productora de medios, Radiodifusi\u00f3n, Noticias, tendencias y todo lo que necesitas saber de la pol\u00edtica mexicana e internacional; entretenimiento, espect\u00e1culos, salud y mucho m\u00e1s.\",\"potentialAction\":[{\"@type\":\"SearchAction\",\"target\":{\"@type\":\"EntryPoint\",\"urlTemplate\":\"https:\\\/\\\/www.bbmnoticias.com\\\/labravaradiofm\\\/?s={search_term_string}\"},\"query-input\":{\"@type\":\"PropertyValueSpecification\",\"valueRequired\":true,\"valueName\":\"search_term_string\"}}],\"inLanguage\":\"es\"},{\"@type\":\"Person\",\"@id\":\"https:\\\/\\\/www.bbmnoticias.com\\\/labravaradiofm\\\/#\\\/schema\\\/person\\\/68a9e9036ef3c5b55aeb2b71dc8bab45\",\"name\":\"Staff\",\"image\":{\"@type\":\"ImageObject\",\"inLanguage\":\"es\",\"@id\":\"https:\\\/\\\/secure.gravatar.com\\\/avatar\\\/fdd21ad66fd8b98c407f9dee5b5e588cfe7f0d8579ec20fa6527cd59bab7f0f0?s=96&d=mm&r=g\",\"url\":\"https:\\\/\\\/secure.gravatar.com\\\/avatar\\\/fdd21ad66fd8b98c407f9dee5b5e588cfe7f0d8579ec20fa6527cd59bab7f0f0?s=96&d=mm&r=g\",\"contentUrl\":\"https:\\\/\\\/secure.gravatar.com\\\/avatar\\\/fdd21ad66fd8b98c407f9dee5b5e588cfe7f0d8579ec20fa6527cd59bab7f0f0?s=96&d=mm&r=g\",\"caption\":\"Staff\"},\"url\":\"https:\\\/\\\/www.bbmnoticias.com\\\/labravaradiofm\\\/author\\\/redaccion\\\/\"}]}<\/script>\n<!-- \/ Yoast SEO plugin. -->","yoast_head_json":{"title":"Falla en una planta genera emergencia en refiner\u00eda de Salina Cruz - LA BRAVA RADIO","robots":{"index":"index","follow":"follow","max-snippet":"max-snippet:-1","max-image-preview":"max-image-preview:large","max-video-preview":"max-video-preview:-1"},"canonical":"https:\/\/www.bbmnoticias.com\/labravaradiofm\/2024\/08\/22\/falla-en-una-planta-genera-emergencia-en-refineria-de-salina-cruz\/","og_locale":"es_MX","og_type":"article","og_title":"Falla en una planta genera emergencia en refiner\u00eda de Salina Cruz - LA BRAVA RADIO","og_description":"Salina Cruz, Oaxaca. Una falla en una de las 28 plantas de procesamiento gener\u00f3 esta noche una emergencia en la refiner\u00eda de Salina Cruz; que seg\u00fan informes de fuentes de la petrolera, la contingencia fue controlada sin mayor incidente. La emergencia se gener\u00f3 en la planta Catalitica II al salir de operaci\u00f3n uno de sus [&hellip;]","og_url":"https:\/\/www.bbmnoticias.com\/labravaradiofm\/2024\/08\/22\/falla-en-una-planta-genera-emergencia-en-refineria-de-salina-cruz\/","og_site_name":"LA BRAVA RADIO","article_published_time":"2024-08-22T14:19:32+00:00","article_modified_time":"2024-08-22T14:19:34+00:00","og_image":[{"width":1600,"height":900,"url":"https:\/\/www.bbmnoticias.com\/labravaradiofm\/wp-content\/uploads\/sites\/5\/2024\/08\/planta-catalitica.jpg","type":"image\/jpeg"}],"author":"Staff","twitter_card":"summary_large_image","twitter_misc":{"Escrito por":"Staff","Tiempo de lectura":"1 minuto"},"schema":{"@context":"https:\/\/schema.org","@graph":[{"@type":"Article","@id":"https:\/\/www.bbmnoticias.com\/labravaradiofm\/2024\/08\/22\/falla-en-una-planta-genera-emergencia-en-refineria-de-salina-cruz\/#article","isPartOf":{"@id":"https:\/\/www.bbmnoticias.com\/labravaradiofm\/2024\/08\/22\/falla-en-una-planta-genera-emergencia-en-refineria-de-salina-cruz\/"},"author":{"name":"Staff","@id":"https:\/\/www.bbmnoticias.com\/labravaradiofm\/#\/schema\/person\/68a9e9036ef3c5b55aeb2b71dc8bab45"},"headline":"Falla en una planta genera emergencia en refiner\u00eda de Salina Cruz","datePublished":"2024-08-22T14:19:32+00:00","dateModified":"2024-08-22T14:19:34+00:00","mainEntityOfPage":{"@id":"https:\/\/www.bbmnoticias.com\/labravaradiofm\/2024\/08\/22\/falla-en-una-planta-genera-emergencia-en-refineria-de-salina-cruz\/"},"wordCount":139,"image":{"@id":"https:\/\/www.bbmnoticias.com\/labravaradiofm\/2024\/08\/22\/falla-en-una-planta-genera-emergencia-en-refineria-de-salina-cruz\/#primaryimage"},"thumbnailUrl":"https:\/\/www.bbmnoticias.com\/labravaradiofm\/wp-content\/uploads\/sites\/5\/2024\/08\/planta-catalitica.jpg","articleSection":["DESTACADO"],"inLanguage":"es"},{"@type":"WebPage","@id":"https:\/\/www.bbmnoticias.com\/labravaradiofm\/2024\/08\/22\/falla-en-una-planta-genera-emergencia-en-refineria-de-salina-cruz\/","url":"https:\/\/www.bbmnoticias.com\/labravaradiofm\/2024\/08\/22\/falla-en-una-planta-genera-emergencia-en-refineria-de-salina-cruz\/","name":"Falla en una planta genera emergencia en refiner\u00eda de Salina Cruz - LA BRAVA RADIO","isPartOf":{"@id":"https:\/\/www.bbmnoticias.com\/labravaradiofm\/#website"},"primaryImageOfPage":{"@id":"https:\/\/www.bbmnoticias.com\/labravaradiofm\/2024\/08\/22\/falla-en-una-planta-genera-emergencia-en-refineria-de-salina-cruz\/#primaryimage"},"image":{"@id":"https:\/\/www.bbmnoticias.com\/labravaradiofm\/2024\/08\/22\/falla-en-una-planta-genera-emergencia-en-refineria-de-salina-cruz\/#primaryimage"},"thumbnailUrl":"https:\/\/www.bbmnoticias.com\/labravaradiofm\/wp-content\/uploads\/sites\/5\/2024\/08\/planta-catalitica.jpg","datePublished":"2024-08-22T14:19:32+00:00","dateModified":"2024-08-22T14:19:34+00:00","author":{"@id":"https:\/\/www.bbmnoticias.com\/labravaradiofm\/#\/schema\/person\/68a9e9036ef3c5b55aeb2b71dc8bab45"},"breadcrumb":{"@id":"https:\/\/www.bbmnoticias.com\/labravaradiofm\/2024\/08\/22\/falla-en-una-planta-genera-emergencia-en-refineria-de-salina-cruz\/#breadcrumb"},"inLanguage":"es","potentialAction":[{"@type":"ReadAction","target":["https:\/\/www.bbmnoticias.com\/labravaradiofm\/2024\/08\/22\/falla-en-una-planta-genera-emergencia-en-refineria-de-salina-cruz\/"]}]},{"@type":"ImageObject","inLanguage":"es","@id":"https:\/\/www.bbmnoticias.com\/labravaradiofm\/2024\/08\/22\/falla-en-una-planta-genera-emergencia-en-refineria-de-salina-cruz\/#primaryimage","url":"https:\/\/www.bbmnoticias.com\/labravaradiofm\/wp-content\/uploads\/sites\/5\/2024\/08\/planta-catalitica.jpg","contentUrl":"https:\/\/www.bbmnoticias.com\/labravaradiofm\/wp-content\/uploads\/sites\/5\/2024\/08\/planta-catalitica.jpg","width":1600,"height":900},{"@type":"BreadcrumbList","@id":"https:\/\/www.bbmnoticias.com\/labravaradiofm\/2024\/08\/22\/falla-en-una-planta-genera-emergencia-en-refineria-de-salina-cruz\/#breadcrumb","itemListElement":[{"@type":"ListItem","position":1,"name":"Inicio","item":"https:\/\/www.bbmnoticias.com\/labravaradiofm\/"},{"@type":"ListItem","position":2,"name":"Falla en una planta genera emergencia en refiner\u00eda de Salina Cruz"}]},{"@type":"WebSite","@id":"https:\/\/www.bbmnoticias.com\/labravaradiofm\/#website","url":"https:\/\/www.bbmnoticias.com\/labravaradiofm\/","name":"LA BRAVA RADIO","description":"Empresa productora de medios, Radiodifusi\u00f3n, Noticias, tendencias y todo lo que necesitas saber de la pol\u00edtica mexicana e internacional; entretenimiento, espect\u00e1culos, salud y mucho m\u00e1s.","potentialAction":[{"@type":"SearchAction","target":{"@type":"EntryPoint","urlTemplate":"https:\/\/www.bbmnoticias.com\/labravaradiofm\/?s={search_term_string}"},"query-input":{"@type":"PropertyValueSpecification","valueRequired":true,"valueName":"search_term_string"}}],"inLanguage":"es"},{"@type":"Person","@id":"https:\/\/www.bbmnoticias.com\/labravaradiofm\/#\/schema\/person\/68a9e9036ef3c5b55aeb2b71dc8bab45","name":"Staff","image":{"@type":"ImageObject","inLanguage":"es","@id":"https:\/\/secure.gravatar.com\/avatar\/fdd21ad66fd8b98c407f9dee5b5e588cfe7f0d8579ec20fa6527cd59bab7f0f0?s=96&d=mm&r=g","url":"https:\/\/secure.gravatar.com\/avatar\/fdd21ad66fd8b98c407f9dee5b5e588cfe7f0d8579ec20fa6527cd59bab7f0f0?s=96&d=mm&r=g","contentUrl":"https:\/\/secure.gravatar.com\/avatar\/fdd21ad66fd8b98c407f9dee5b5e588cfe7f0d8579ec20fa6527cd59bab7f0f0?s=96&d=mm&r=g","caption":"Staff"},"url":"https:\/\/www.bbmnoticias.com\/labravaradiofm\/author\/redaccion\/"}]}},"_links":{"self":[{"href":"https:\/\/www.bbmnoticias.com\/labravaradiofm\/wp-json\/wp\/v2\/posts\/46010","targetHints":{"allow":["GET"]}}],"collection":[{"href":"https:\/\/www.bbmnoticias.com\/labravaradiofm\/wp-json\/wp\/v2\/posts"}],"about":[{"href":"https:\/\/www.bbmnoticias.com\/labravaradiofm\/wp-json\/wp\/v2\/types\/post"}],"author":[{"embeddable":true,"href":"https:\/\/www.bbmnoticias.com\/labravaradiofm\/wp-json\/wp\/v2\/users\/2"}],"replies":[{"embeddable":true,"href":"https:\/\/www.bbmnoticias.com\/labravaradiofm\/wp-json\/wp\/v2\/comments?post=46010"}],"version-history":[{"count":0,"href":"https:\/\/www.bbmnoticias.com\/labravaradiofm\/wp-json\/wp\/v2\/posts\/46010\/revisions"}],"wp:featuredmedia":[{"embeddable":true,"href":"https:\/\/www.bbmnoticias.com\/labravaradiofm\/wp-json\/wp\/v2\/media\/46011"}],"wp:attachment":[{"href":"https:\/\/www.bbmnoticias.com\/labravaradiofm\/wp-json\/wp\/v2\/media?parent=46010"}],"wp:term":[{"taxonomy":"category","embeddable":true,"href":"https:\/\/www.bbmnoticias.com\/labravaradiofm\/wp-json\/wp\/v2\/categories?post=46010"},{"taxonomy":"post_tag","embeddable":true,"href":"https:\/\/www.bbmnoticias.com\/labravaradiofm\/wp-json\/wp\/v2\/tags?post=46010"}],"curies":[{"name":"wp","href":"https:\/\/api.w.org\/{rel}","templated":true}]}}