{"id":45982,"date":"2024-08-21T13:27:19","date_gmt":"2024-08-21T19:27:19","guid":{"rendered":"https:\/\/www.bbmnoticias.com\/labravaradiofm\/?p=45982"},"modified":"2024-08-21T13:27:21","modified_gmt":"2024-08-21T19:27:21","slug":"sheinbaum-nombra-a-marti-batres-director-del-issste","status":"publish","type":"post","link":"https:\/\/www.bbmnoticias.com\/labravaradiofm\/2024\/08\/21\/sheinbaum-nombra-a-marti-batres-director-del-issste\/","title":{"rendered":"Sheinbaum nombra a Mart\u00ed Batres director del ISSSTE"},"content":{"rendered":"<div style=\"margin-top: 0px; margin-bottom: 0px;\" class=\"sharethis-inline-share-buttons\" ><\/div>\n<p>La presidenta electa de M\u00e9xico,<strong> Claudia Sheinbaum<\/strong><a href=\"https:\/\/heraldodemexico.com.mx\/nacional\/\">,<\/a> inform\u00f3 que nombr\u00f3 a <strong>Mart\u00ed Batres,<\/strong> actual jefe de gobierno de la CDMX como director general del ISSSTE.<\/p>\n\n\n\n<p>&#8220;Ser\u00e1 director del<strong> ISSSTE<\/strong> y lo que le he pedido, es ayudar a coordinar <strong>FOVISSSTE<\/strong>, y el presidente ha hecho un avance importante, pero es la instituci\u00f3n que m\u00e1s ha tenido abandono en el periodo neoliberal&#8221;, dijo la presidenta electa.<\/p>\n\n\n\n<p>Luego de su nombramiento como director general del ISSSTE, Mart\u00ed Batres dijo que se cumplir\u00e1 con el trabajo de procurar a los derechohabientes respecto a los temas de seguridad social.<\/p>\n\n\n\n<p>&#8220;Vamos a cumplir con todas las tareas que nos encargue. Implica construir los pilares de un estado de salud vivienda y seguridad social, entre esas tareas es importante seguir nacionalizando el ISSSTE&#8221;, asever\u00f3&nbsp;Batres.&nbsp;<\/p>\n\n\n\n<p>Explic\u00f3 que en su administraci\u00f3n en el ISSSTE, su prioridad ser\u00e1&nbsp;la nacionalidad del instituto y que sus servicios no est\u00e9n subrogados.<\/p>\n\n\n\n<p>&#8220;Todos los servicios estaban subrogados a\u00fan en una instituci\u00f3n p\u00fablica, vamos a continuar para seguir atendiendo a derechohabientes del ISSSTE, como indica nuestra filosof\u00eda y como lo indica la instituci\u00f3n al servicio del estado&#8221;, a\u00f1adi\u00f3.<\/p>\n\n\n\n<h2 class=\"wp-block-heading\">Se debe trabajar en un sistema \u00fanico del pa\u00eds&nbsp;<\/h2>\n\n\n\n<p>Por su parte, Claudia Sheinbaum agreg\u00f3 que se debe trabajar para lograr un sistema \u00fanico de salud en el pa\u00eds y que ello ser\u00e1 de la mano de Mart\u00ed Batres.<\/p>\n\n\n\n<p>&#8220;Debemos construir un solo sistema de salud publica aun manteniendo las instituciones que existen&#8221;, dijo la presidenta electa.<\/p>\n\n\n\n<p>Mart\u00ed Batres es, adem\u00e1s del actual jefe de gobierno de la capital,&nbsp;licenciado en derecho, Maestro en Trabajo Social y doctor en Estudios Latinoamericanos por la UNAM.<\/p>\n\n\n\n<figure class=\"wp-block-embed is-type-video is-provider-youtube wp-block-embed-youtube wp-embed-aspect-16-9 wp-has-aspect-ratio\"><div class=\"wp-block-embed__wrapper\">\n<div class=\"youtube-embed\" data-video_id=\"aUruVIR1Hlg\"><iframe loading=\"lazy\" title=\"Presentamos a un nuevo integrante del Gabinete Ampliado 21\/08\/24\" width=\"696\" height=\"392\" src=\"https:\/\/www.youtube.com\/embed\/aUruVIR1Hlg?feature=oembed&#038;enablejsapi=1\" frameborder=\"0\" allow=\"accelerometer; autoplay; clipboard-write; encrypted-media; gyroscope; picture-in-picture; web-share\" referrerpolicy=\"strict-origin-when-cross-origin\" allowfullscreen><\/iframe><\/div>\n<\/div><\/figure>\n","protected":false},"excerpt":{"rendered":"<p>La presidenta electa de M\u00e9xico, Claudia Sheinbaum, inform\u00f3 que nombr\u00f3 a Mart\u00ed Batres, actual jefe de gobierno de la CDMX como director general del ISSSTE. &#8220;Ser\u00e1 director del ISSSTE y lo que le he pedido, es ayudar a coordinar FOVISSSTE, y el presidente ha hecho un avance importante, pero es la instituci\u00f3n que m\u00e1s ha [&hellip;]<\/p>\n","protected":false},"author":15,"featured_media":45983,"comment_status":"closed","ping_status":"closed","sticky":false,"template":"","format":"standard","meta":{"footnotes":""},"categories":[1025,19],"tags":[],"class_list":{"0":"post-45982","1":"post","2":"type-post","3":"status-publish","4":"format-standard","5":"has-post-thumbnail","7":"category-destacado","8":"category-nacional"},"yoast_head":"<!-- This site is optimized with the Yoast SEO plugin v27.4 - https:\/\/yoast.com\/product\/yoast-seo-wordpress\/ -->\n<title>Sheinbaum nombra a Mart\u00ed Batres director del ISSSTE - LA BRAVA RADIO<\/title>\n<meta name=\"robots\" content=\"index, follow, max-snippet:-1, max-image-preview:large, max-video-preview:-1\" \/>\n<link rel=\"canonical\" href=\"https:\/\/www.bbmnoticias.com\/labravaradiofm\/2024\/08\/21\/sheinbaum-nombra-a-marti-batres-director-del-issste\/\" \/>\n<meta property=\"og:locale\" content=\"es_MX\" \/>\n<meta property=\"og:type\" content=\"article\" \/>\n<meta property=\"og:title\" content=\"Sheinbaum nombra a Mart\u00ed Batres director del ISSSTE - LA BRAVA RADIO\" \/>\n<meta property=\"og:description\" content=\"La presidenta electa de M\u00e9xico, Claudia Sheinbaum, inform\u00f3 que nombr\u00f3 a Mart\u00ed Batres, actual jefe de gobierno de la CDMX como director general del ISSSTE. &#8220;Ser\u00e1 director del ISSSTE y lo que le he pedido, es ayudar a coordinar FOVISSSTE, y el presidente ha hecho un avance importante, pero es la instituci\u00f3n que m\u00e1s ha [&hellip;]\" \/>\n<meta property=\"og:url\" content=\"https:\/\/www.bbmnoticias.com\/labravaradiofm\/2024\/08\/21\/sheinbaum-nombra-a-marti-batres-director-del-issste\/\" \/>\n<meta property=\"og:site_name\" content=\"LA BRAVA RADIO\" \/>\n<meta property=\"article:published_time\" content=\"2024-08-21T19:27:19+00:00\" \/>\n<meta property=\"article:modified_time\" content=\"2024-08-21T19:27:21+00:00\" \/>\n<meta property=\"og:image\" content=\"https:\/\/www.bbmnoticias.com\/labravaradiofm\/wp-content\/uploads\/sites\/5\/2024\/08\/claudia-sheinbaum-marti-batres.jpg\" \/>\n\t<meta property=\"og:image:width\" content=\"960\" \/>\n\t<meta property=\"og:image:height\" content=\"540\" \/>\n\t<meta property=\"og:image:type\" content=\"image\/jpeg\" \/>\n<meta name=\"author\" content=\"El Heraldo\" \/>\n<meta name=\"twitter:card\" content=\"summary_large_image\" \/>\n<meta name=\"twitter:label1\" content=\"Escrito por\" \/>\n\t<meta name=\"twitter:data1\" content=\"El Heraldo\" \/>\n\t<meta name=\"twitter:label2\" content=\"Tiempo de lectura\" \/>\n\t<meta name=\"twitter:data2\" content=\"2 minutos\" \/>\n<script type=\"application\/ld+json\" class=\"yoast-schema-graph\">{\"@context\":\"https:\\\/\\\/schema.org\",\"@graph\":[{\"@type\":\"Article\",\"@id\":\"https:\\\/\\\/www.bbmnoticias.com\\\/labravaradiofm\\\/2024\\\/08\\\/21\\\/sheinbaum-nombra-a-marti-batres-director-del-issste\\\/#article\",\"isPartOf\":{\"@id\":\"https:\\\/\\\/www.bbmnoticias.com\\\/labravaradiofm\\\/2024\\\/08\\\/21\\\/sheinbaum-nombra-a-marti-batres-director-del-issste\\\/\"},\"author\":{\"name\":\"El Heraldo\",\"@id\":\"https:\\\/\\\/www.bbmnoticias.com\\\/labravaradiofm\\\/#\\\/schema\\\/person\\\/78ff63fb371c799850071f4b5feb0b7a\"},\"headline\":\"Sheinbaum nombra a Mart\u00ed Batres director del ISSSTE\",\"datePublished\":\"2024-08-21T19:27:19+00:00\",\"dateModified\":\"2024-08-21T19:27:21+00:00\",\"mainEntityOfPage\":{\"@id\":\"https:\\\/\\\/www.bbmnoticias.com\\\/labravaradiofm\\\/2024\\\/08\\\/21\\\/sheinbaum-nombra-a-marti-batres-director-del-issste\\\/\"},\"wordCount\":305,\"image\":{\"@id\":\"https:\\\/\\\/www.bbmnoticias.com\\\/labravaradiofm\\\/2024\\\/08\\\/21\\\/sheinbaum-nombra-a-marti-batres-director-del-issste\\\/#primaryimage\"},\"thumbnailUrl\":\"https:\\\/\\\/www.bbmnoticias.com\\\/labravaradiofm\\\/wp-content\\\/uploads\\\/sites\\\/5\\\/2024\\\/08\\\/claudia-sheinbaum-marti-batres.jpg\",\"articleSection\":[\"DESTACADO\",\"NACIONAL\"],\"inLanguage\":\"es\"},{\"@type\":\"WebPage\",\"@id\":\"https:\\\/\\\/www.bbmnoticias.com\\\/labravaradiofm\\\/2024\\\/08\\\/21\\\/sheinbaum-nombra-a-marti-batres-director-del-issste\\\/\",\"url\":\"https:\\\/\\\/www.bbmnoticias.com\\\/labravaradiofm\\\/2024\\\/08\\\/21\\\/sheinbaum-nombra-a-marti-batres-director-del-issste\\\/\",\"name\":\"Sheinbaum nombra a Mart\u00ed Batres director del ISSSTE - LA BRAVA RADIO\",\"isPartOf\":{\"@id\":\"https:\\\/\\\/www.bbmnoticias.com\\\/labravaradiofm\\\/#website\"},\"primaryImageOfPage\":{\"@id\":\"https:\\\/\\\/www.bbmnoticias.com\\\/labravaradiofm\\\/2024\\\/08\\\/21\\\/sheinbaum-nombra-a-marti-batres-director-del-issste\\\/#primaryimage\"},\"image\":{\"@id\":\"https:\\\/\\\/www.bbmnoticias.com\\\/labravaradiofm\\\/2024\\\/08\\\/21\\\/sheinbaum-nombra-a-marti-batres-director-del-issste\\\/#primaryimage\"},\"thumbnailUrl\":\"https:\\\/\\\/www.bbmnoticias.com\\\/labravaradiofm\\\/wp-content\\\/uploads\\\/sites\\\/5\\\/2024\\\/08\\\/claudia-sheinbaum-marti-batres.jpg\",\"datePublished\":\"2024-08-21T19:27:19+00:00\",\"dateModified\":\"2024-08-21T19:27:21+00:00\",\"author\":{\"@id\":\"https:\\\/\\\/www.bbmnoticias.com\\\/labravaradiofm\\\/#\\\/schema\\\/person\\\/78ff63fb371c799850071f4b5feb0b7a\"},\"breadcrumb\":{\"@id\":\"https:\\\/\\\/www.bbmnoticias.com\\\/labravaradiofm\\\/2024\\\/08\\\/21\\\/sheinbaum-nombra-a-marti-batres-director-del-issste\\\/#breadcrumb\"},\"inLanguage\":\"es\",\"potentialAction\":[{\"@type\":\"ReadAction\",\"target\":[\"https:\\\/\\\/www.bbmnoticias.com\\\/labravaradiofm\\\/2024\\\/08\\\/21\\\/sheinbaum-nombra-a-marti-batres-director-del-issste\\\/\"]}]},{\"@type\":\"ImageObject\",\"inLanguage\":\"es\",\"@id\":\"https:\\\/\\\/www.bbmnoticias.com\\\/labravaradiofm\\\/2024\\\/08\\\/21\\\/sheinbaum-nombra-a-marti-batres-director-del-issste\\\/#primaryimage\",\"url\":\"https:\\\/\\\/www.bbmnoticias.com\\\/labravaradiofm\\\/wp-content\\\/uploads\\\/sites\\\/5\\\/2024\\\/08\\\/claudia-sheinbaum-marti-batres.jpg\",\"contentUrl\":\"https:\\\/\\\/www.bbmnoticias.com\\\/labravaradiofm\\\/wp-content\\\/uploads\\\/sites\\\/5\\\/2024\\\/08\\\/claudia-sheinbaum-marti-batres.jpg\",\"width\":960,\"height\":540},{\"@type\":\"BreadcrumbList\",\"@id\":\"https:\\\/\\\/www.bbmnoticias.com\\\/labravaradiofm\\\/2024\\\/08\\\/21\\\/sheinbaum-nombra-a-marti-batres-director-del-issste\\\/#breadcrumb\",\"itemListElement\":[{\"@type\":\"ListItem\",\"position\":1,\"name\":\"Inicio\",\"item\":\"https:\\\/\\\/www.bbmnoticias.com\\\/labravaradiofm\\\/\"},{\"@type\":\"ListItem\",\"position\":2,\"name\":\"Sheinbaum nombra a Mart\u00ed Batres director del ISSSTE\"}]},{\"@type\":\"WebSite\",\"@id\":\"https:\\\/\\\/www.bbmnoticias.com\\\/labravaradiofm\\\/#website\",\"url\":\"https:\\\/\\\/www.bbmnoticias.com\\\/labravaradiofm\\\/\",\"name\":\"LA BRAVA RADIO\",\"description\":\"Empresa productora de medios, Radiodifusi\u00f3n, Noticias, tendencias y todo lo que necesitas saber de la pol\u00edtica mexicana e internacional; entretenimiento, espect\u00e1culos, salud y mucho m\u00e1s.\",\"potentialAction\":[{\"@type\":\"SearchAction\",\"target\":{\"@type\":\"EntryPoint\",\"urlTemplate\":\"https:\\\/\\\/www.bbmnoticias.com\\\/labravaradiofm\\\/?s={search_term_string}\"},\"query-input\":{\"@type\":\"PropertyValueSpecification\",\"valueRequired\":true,\"valueName\":\"search_term_string\"}}],\"inLanguage\":\"es\"},{\"@type\":\"Person\",\"@id\":\"https:\\\/\\\/www.bbmnoticias.com\\\/labravaradiofm\\\/#\\\/schema\\\/person\\\/78ff63fb371c799850071f4b5feb0b7a\",\"name\":\"El Heraldo\",\"image\":{\"@type\":\"ImageObject\",\"inLanguage\":\"es\",\"@id\":\"https:\\\/\\\/secure.gravatar.com\\\/avatar\\\/463017be041288b5a196814ef7242bd62699b857f306e4b5b61b533e8a87f404?s=96&d=mm&r=g\",\"url\":\"https:\\\/\\\/secure.gravatar.com\\\/avatar\\\/463017be041288b5a196814ef7242bd62699b857f306e4b5b61b533e8a87f404?s=96&d=mm&r=g\",\"contentUrl\":\"https:\\\/\\\/secure.gravatar.com\\\/avatar\\\/463017be041288b5a196814ef7242bd62699b857f306e4b5b61b533e8a87f404?s=96&d=mm&r=g\",\"caption\":\"El Heraldo\"},\"url\":\"https:\\\/\\\/www.bbmnoticias.com\\\/labravaradiofm\\\/author\\\/heraldo\\\/\"}]}<\/script>\n<!-- \/ Yoast SEO plugin. -->","yoast_head_json":{"title":"Sheinbaum nombra a Mart\u00ed Batres director del ISSSTE - LA BRAVA RADIO","robots":{"index":"index","follow":"follow","max-snippet":"max-snippet:-1","max-image-preview":"max-image-preview:large","max-video-preview":"max-video-preview:-1"},"canonical":"https:\/\/www.bbmnoticias.com\/labravaradiofm\/2024\/08\/21\/sheinbaum-nombra-a-marti-batres-director-del-issste\/","og_locale":"es_MX","og_type":"article","og_title":"Sheinbaum nombra a Mart\u00ed Batres director del ISSSTE - LA BRAVA RADIO","og_description":"La presidenta electa de M\u00e9xico, Claudia Sheinbaum, inform\u00f3 que nombr\u00f3 a Mart\u00ed Batres, actual jefe de gobierno de la CDMX como director general del ISSSTE. &#8220;Ser\u00e1 director del ISSSTE y lo que le he pedido, es ayudar a coordinar FOVISSSTE, y el presidente ha hecho un avance importante, pero es la instituci\u00f3n que m\u00e1s ha [&hellip;]","og_url":"https:\/\/www.bbmnoticias.com\/labravaradiofm\/2024\/08\/21\/sheinbaum-nombra-a-marti-batres-director-del-issste\/","og_site_name":"LA BRAVA RADIO","article_published_time":"2024-08-21T19:27:19+00:00","article_modified_time":"2024-08-21T19:27:21+00:00","og_image":[{"width":960,"height":540,"url":"https:\/\/www.bbmnoticias.com\/labravaradiofm\/wp-content\/uploads\/sites\/5\/2024\/08\/claudia-sheinbaum-marti-batres.jpg","type":"image\/jpeg"}],"author":"El Heraldo","twitter_card":"summary_large_image","twitter_misc":{"Escrito por":"El Heraldo","Tiempo de lectura":"2 minutos"},"schema":{"@context":"https:\/\/schema.org","@graph":[{"@type":"Article","@id":"https:\/\/www.bbmnoticias.com\/labravaradiofm\/2024\/08\/21\/sheinbaum-nombra-a-marti-batres-director-del-issste\/#article","isPartOf":{"@id":"https:\/\/www.bbmnoticias.com\/labravaradiofm\/2024\/08\/21\/sheinbaum-nombra-a-marti-batres-director-del-issste\/"},"author":{"name":"El Heraldo","@id":"https:\/\/www.bbmnoticias.com\/labravaradiofm\/#\/schema\/person\/78ff63fb371c799850071f4b5feb0b7a"},"headline":"Sheinbaum nombra a Mart\u00ed Batres director del ISSSTE","datePublished":"2024-08-21T19:27:19+00:00","dateModified":"2024-08-21T19:27:21+00:00","mainEntityOfPage":{"@id":"https:\/\/www.bbmnoticias.com\/labravaradiofm\/2024\/08\/21\/sheinbaum-nombra-a-marti-batres-director-del-issste\/"},"wordCount":305,"image":{"@id":"https:\/\/www.bbmnoticias.com\/labravaradiofm\/2024\/08\/21\/sheinbaum-nombra-a-marti-batres-director-del-issste\/#primaryimage"},"thumbnailUrl":"https:\/\/www.bbmnoticias.com\/labravaradiofm\/wp-content\/uploads\/sites\/5\/2024\/08\/claudia-sheinbaum-marti-batres.jpg","articleSection":["DESTACADO","NACIONAL"],"inLanguage":"es"},{"@type":"WebPage","@id":"https:\/\/www.bbmnoticias.com\/labravaradiofm\/2024\/08\/21\/sheinbaum-nombra-a-marti-batres-director-del-issste\/","url":"https:\/\/www.bbmnoticias.com\/labravaradiofm\/2024\/08\/21\/sheinbaum-nombra-a-marti-batres-director-del-issste\/","name":"Sheinbaum nombra a Mart\u00ed Batres director del ISSSTE - LA BRAVA RADIO","isPartOf":{"@id":"https:\/\/www.bbmnoticias.com\/labravaradiofm\/#website"},"primaryImageOfPage":{"@id":"https:\/\/www.bbmnoticias.com\/labravaradiofm\/2024\/08\/21\/sheinbaum-nombra-a-marti-batres-director-del-issste\/#primaryimage"},"image":{"@id":"https:\/\/www.bbmnoticias.com\/labravaradiofm\/2024\/08\/21\/sheinbaum-nombra-a-marti-batres-director-del-issste\/#primaryimage"},"thumbnailUrl":"https:\/\/www.bbmnoticias.com\/labravaradiofm\/wp-content\/uploads\/sites\/5\/2024\/08\/claudia-sheinbaum-marti-batres.jpg","datePublished":"2024-08-21T19:27:19+00:00","dateModified":"2024-08-21T19:27:21+00:00","author":{"@id":"https:\/\/www.bbmnoticias.com\/labravaradiofm\/#\/schema\/person\/78ff63fb371c799850071f4b5feb0b7a"},"breadcrumb":{"@id":"https:\/\/www.bbmnoticias.com\/labravaradiofm\/2024\/08\/21\/sheinbaum-nombra-a-marti-batres-director-del-issste\/#breadcrumb"},"inLanguage":"es","potentialAction":[{"@type":"ReadAction","target":["https:\/\/www.bbmnoticias.com\/labravaradiofm\/2024\/08\/21\/sheinbaum-nombra-a-marti-batres-director-del-issste\/"]}]},{"@type":"ImageObject","inLanguage":"es","@id":"https:\/\/www.bbmnoticias.com\/labravaradiofm\/2024\/08\/21\/sheinbaum-nombra-a-marti-batres-director-del-issste\/#primaryimage","url":"https:\/\/www.bbmnoticias.com\/labravaradiofm\/wp-content\/uploads\/sites\/5\/2024\/08\/claudia-sheinbaum-marti-batres.jpg","contentUrl":"https:\/\/www.bbmnoticias.com\/labravaradiofm\/wp-content\/uploads\/sites\/5\/2024\/08\/claudia-sheinbaum-marti-batres.jpg","width":960,"height":540},{"@type":"BreadcrumbList","@id":"https:\/\/www.bbmnoticias.com\/labravaradiofm\/2024\/08\/21\/sheinbaum-nombra-a-marti-batres-director-del-issste\/#breadcrumb","itemListElement":[{"@type":"ListItem","position":1,"name":"Inicio","item":"https:\/\/www.bbmnoticias.com\/labravaradiofm\/"},{"@type":"ListItem","position":2,"name":"Sheinbaum nombra a Mart\u00ed Batres director del ISSSTE"}]},{"@type":"WebSite","@id":"https:\/\/www.bbmnoticias.com\/labravaradiofm\/#website","url":"https:\/\/www.bbmnoticias.com\/labravaradiofm\/","name":"LA BRAVA RADIO","description":"Empresa productora de medios, Radiodifusi\u00f3n, Noticias, tendencias y todo lo que necesitas saber de la pol\u00edtica mexicana e internacional; entretenimiento, espect\u00e1culos, salud y mucho m\u00e1s.","potentialAction":[{"@type":"SearchAction","target":{"@type":"EntryPoint","urlTemplate":"https:\/\/www.bbmnoticias.com\/labravaradiofm\/?s={search_term_string}"},"query-input":{"@type":"PropertyValueSpecification","valueRequired":true,"valueName":"search_term_string"}}],"inLanguage":"es"},{"@type":"Person","@id":"https:\/\/www.bbmnoticias.com\/labravaradiofm\/#\/schema\/person\/78ff63fb371c799850071f4b5feb0b7a","name":"El Heraldo","image":{"@type":"ImageObject","inLanguage":"es","@id":"https:\/\/secure.gravatar.com\/avatar\/463017be041288b5a196814ef7242bd62699b857f306e4b5b61b533e8a87f404?s=96&d=mm&r=g","url":"https:\/\/secure.gravatar.com\/avatar\/463017be041288b5a196814ef7242bd62699b857f306e4b5b61b533e8a87f404?s=96&d=mm&r=g","contentUrl":"https:\/\/secure.gravatar.com\/avatar\/463017be041288b5a196814ef7242bd62699b857f306e4b5b61b533e8a87f404?s=96&d=mm&r=g","caption":"El Heraldo"},"url":"https:\/\/www.bbmnoticias.com\/labravaradiofm\/author\/heraldo\/"}]}},"_links":{"self":[{"href":"https:\/\/www.bbmnoticias.com\/labravaradiofm\/wp-json\/wp\/v2\/posts\/45982","targetHints":{"allow":["GET"]}}],"collection":[{"href":"https:\/\/www.bbmnoticias.com\/labravaradiofm\/wp-json\/wp\/v2\/posts"}],"about":[{"href":"https:\/\/www.bbmnoticias.com\/labravaradiofm\/wp-json\/wp\/v2\/types\/post"}],"author":[{"embeddable":true,"href":"https:\/\/www.bbmnoticias.com\/labravaradiofm\/wp-json\/wp\/v2\/users\/15"}],"replies":[{"embeddable":true,"href":"https:\/\/www.bbmnoticias.com\/labravaradiofm\/wp-json\/wp\/v2\/comments?post=45982"}],"version-history":[{"count":0,"href":"https:\/\/www.bbmnoticias.com\/labravaradiofm\/wp-json\/wp\/v2\/posts\/45982\/revisions"}],"wp:featuredmedia":[{"embeddable":true,"href":"https:\/\/www.bbmnoticias.com\/labravaradiofm\/wp-json\/wp\/v2\/media\/45983"}],"wp:attachment":[{"href":"https:\/\/www.bbmnoticias.com\/labravaradiofm\/wp-json\/wp\/v2\/media?parent=45982"}],"wp:term":[{"taxonomy":"category","embeddable":true,"href":"https:\/\/www.bbmnoticias.com\/labravaradiofm\/wp-json\/wp\/v2\/categories?post=45982"},{"taxonomy":"post_tag","embeddable":true,"href":"https:\/\/www.bbmnoticias.com\/labravaradiofm\/wp-json\/wp\/v2\/tags?post=45982"}],"curies":[{"name":"wp","href":"https:\/\/api.w.org\/{rel}","templated":true}]}}