{"id":3833,"date":"2021-10-15T13:37:45","date_gmt":"2021-10-15T18:37:45","guid":{"rendered":"https:\/\/www.bbmnoticias.com\/labravaradiofm\/?p=3833"},"modified":"2021-10-15T13:37:46","modified_gmt":"2021-10-15T18:37:46","slug":"la-cdmx-pasa-a-semaforo-verde-por-segunda-vez-en-la-pandemia","status":"publish","type":"post","link":"https:\/\/www.bbmnoticias.com\/labravaradiofm\/2021\/10\/15\/la-cdmx-pasa-a-semaforo-verde-por-segunda-vez-en-la-pandemia\/","title":{"rendered":"La CDMX pasa a sem\u00e1foro verde por segunda vez en la pandemia"},"content":{"rendered":"<div style=\"margin-top: 0px; margin-bottom: 0px;\" class=\"sharethis-inline-share-buttons\" ><\/div>\n<p>M\u00e9xico.- Como se ven\u00eda anunciado desde la semana pasada, la<strong>CDMX<\/strong> pasa a <strong>sem\u00e1foro verde<\/strong> por segunda vez en la pandemia del 18 al 31 de octubre.<\/p>\n\n\n\n<p>El director de Gobierno Digital, Eduardo Clark, dijo que ayer el gobierno federal notific\u00f3 que CDMX est\u00e1 en 6.5 puntos de la incidencia de <strong>Covid-19<\/strong>; la semana pasada estaba en 9 (se clasifica verde de 10 para abajo).<\/p>\n\n\n\n<p>Clark consider\u00f3 que CDMX se encuentra mejor en este segundo sem\u00e1foro verde que en el primero, decretado el pasado 7 de junio, por la vacunaci\u00f3n.<\/p>\n\n\n\n<p>Clarck anunci\u00f3 que a partir del pr\u00f3ximo lunes 18 de octubre habr\u00e1 relajaci\u00f3n de medidas en aforos, horarios y actividades.<\/p>\n\n\n\n<h2 class=\"wp-block-heading\">\u00bfQu\u00e9 abre la pr\u00f3xima semana en CDMX?<\/h2>\n\n\n\n<p>Debido a la \u201cca\u00edda importante\u201d de Covid-19 en <strong>CDMX<\/strong> el aforo y medidas en lugares y actividades tendr\u00e1 menos restricciones.<\/p>\n\n\n\n<p>Clark se\u00f1al\u00f3 que por el momento siguen prohibidos los eventos masivos en espacio cerrados y algunas actividades de oficina.<\/p>\n\n\n\n<p>Estas son:<\/p>\n\n\n\n<h2 class=\"wp-block-heading\">Centro nocturnos, bares, cantinas, discotecas y salones de eventos sociales<\/h2>\n\n\n\n<ul class=\"wp-block-list\"><li>50 % de aforo<\/li><li>Permitido dar servicio hasta la 1 de la ma\u00f1ana<\/li><li>Uso obligatorio de cubrebocas<\/li><li>Escaneo del c\u00f3digo QR<\/li><li>Filtro sanitario en la entrada<\/li><li>Ventilaci\u00f3n natural o recirculaci\u00f3n del 40 %<\/li><\/ul>\n\n\n\n<h2 class=\"wp-block-heading\">Eventos masivos al aire libre<\/h2>\n\n\n\n<ul class=\"wp-block-list\"><li>Sin restricci\u00f3n de aforo<\/li><li>Uso obligatorio de cubrebocas<\/li><li>Escaneo del c\u00f3digo QR<\/li><li>Filtro sanitario en la entrada<\/li><\/ul>\n\n\n\n<h2 class=\"wp-block-heading\">Prev\u00e9n que Covid-19 en CDMX se mantenga como enfermedad end\u00e9mica<\/h2>\n\n\n\n<p>La secretaria de Salud en <strong>CDMX<\/strong>, Oliva L\u00f3pez, dijo que la pandemia de Covid-19 no se va a terminar, pero conf\u00edan que si la tendencia sigue a la baja se convierta en una enfermedad end\u00e9mica (estacionaria).<\/p>\n\n\n\n<p>El director de gobierno digital explic\u00f3 que, a su juicio, este sem\u00e1foro verde es mejor que el de junio por dos razones:<\/p>\n\n\n\n<ul class=\"wp-block-list\"><li>\u201cLas tendencias a la baja siguen siendo claramente muy descendentes\u201d<\/li><li>\u201cEn junio ten\u00edamos una cobertura cercana con esquema completo el 30 %\u201d<\/li><\/ul>\n\n\n\n<blockquote class=\"wp-block-quote is-layout-flow wp-block-quote-is-layout-flow\"><p>\u201cVemos una tendencia m\u00e1s claramente a la baja y al mismo tiempo las condiciones que han hecho en todo el mundo de una vacunaci\u00f3n avanzada\u201d. Eduardo Clark<\/p><\/blockquote>\n\n\n\n<p>Sobre los datos de<strong> Covid-19 en CDMX<\/strong>:<\/p>\n\n\n\n<ul class=\"wp-block-list\"><li>El 1 de octubre hab\u00eda mil 275 personas hospitalizadas; hoy hay mil 84<\/li><li>En los \u00faltimos siete d\u00edas hubo 501 nuevos ingresos hospitalarios (muy cerca de los registrados en toda la pandemia -360-)<\/li><li>Alrededor de 12 mil casos activos<\/li><li>98.7 % de las personas tienen al menos una dosis; 79 % esquema completo<\/li><\/ul>\n","protected":false},"excerpt":{"rendered":"<p>M\u00e9xico.- Como se ven\u00eda anunciado desde la semana pasada, laCDMX pasa a sem\u00e1foro verde por segunda vez en la pandemia del 18 al 31 de octubre. El director de Gobierno Digital, Eduardo Clark, dijo que ayer el gobierno federal notific\u00f3 que CDMX est\u00e1 en 6.5 puntos de la incidencia de Covid-19; la semana pasada estaba [&hellip;]<\/p>\n","protected":false},"author":2,"featured_media":3834,"comment_status":"closed","ping_status":"closed","sticky":false,"template":"","format":"standard","meta":{"footnotes":""},"categories":[1],"tags":[],"class_list":{"0":"post-3833","1":"post","2":"type-post","3":"status-publish","4":"format-standard","5":"has-post-thumbnail","7":"category-sin-categoria"},"yoast_head":"<!-- This site is optimized with the Yoast SEO plugin v27.4 - https:\/\/yoast.com\/product\/yoast-seo-wordpress\/ -->\n<title>La CDMX pasa a sem\u00e1foro verde por segunda vez en la pandemia - LA BRAVA RADIO<\/title>\n<meta name=\"description\" content=\"El director de Gobierno Digital, Eduardo Clark, dijo que ayer el gobierno federal notific\u00f3 que CDMX est\u00e1 en 6.5 puntos de la incidencia\" \/>\n<meta name=\"robots\" content=\"index, follow, max-snippet:-1, max-image-preview:large, max-video-preview:-1\" \/>\n<link rel=\"canonical\" href=\"https:\/\/www.bbmnoticias.com\/labravaradiofm\/2021\/10\/15\/la-cdmx-pasa-a-semaforo-verde-por-segunda-vez-en-la-pandemia\/\" \/>\n<meta property=\"og:locale\" content=\"es_MX\" \/>\n<meta property=\"og:type\" content=\"article\" \/>\n<meta property=\"og:title\" content=\"La CDMX pasa a sem\u00e1foro verde por segunda vez en la pandemia - LA BRAVA RADIO\" \/>\n<meta property=\"og:description\" content=\"El director de Gobierno Digital, Eduardo Clark, dijo que ayer el gobierno federal notific\u00f3 que CDMX est\u00e1 en 6.5 puntos de la incidencia\" \/>\n<meta property=\"og:url\" content=\"https:\/\/www.bbmnoticias.com\/labravaradiofm\/2021\/10\/15\/la-cdmx-pasa-a-semaforo-verde-por-segunda-vez-en-la-pandemia\/\" \/>\n<meta property=\"og:site_name\" content=\"LA BRAVA RADIO\" \/>\n<meta property=\"article:published_time\" content=\"2021-10-15T18:37:45+00:00\" \/>\n<meta property=\"article:modified_time\" content=\"2021-10-15T18:37:46+00:00\" \/>\n<meta property=\"og:image\" content=\"https:\/\/www.bbmnoticias.com\/labravaradiofm\/wp-content\/uploads\/sites\/5\/2021\/10\/nacional15102021-7.jpeg\" \/>\n\t<meta property=\"og:image:width\" content=\"640\" \/>\n\t<meta property=\"og:image:height\" content=\"360\" \/>\n\t<meta property=\"og:image:type\" content=\"image\/jpeg\" \/>\n<meta name=\"author\" content=\"Staff\" \/>\n<meta name=\"twitter:card\" content=\"summary_large_image\" \/>\n<meta name=\"twitter:label1\" content=\"Escrito por\" \/>\n\t<meta name=\"twitter:data1\" content=\"Staff\" \/>\n\t<meta name=\"twitter:label2\" content=\"Tiempo de lectura\" \/>\n\t<meta name=\"twitter:data2\" content=\"2 minutos\" \/>\n<script type=\"application\/ld+json\" class=\"yoast-schema-graph\">{\"@context\":\"https:\\\/\\\/schema.org\",\"@graph\":[{\"@type\":\"Article\",\"@id\":\"https:\\\/\\\/www.bbmnoticias.com\\\/labravaradiofm\\\/2021\\\/10\\\/15\\\/la-cdmx-pasa-a-semaforo-verde-por-segunda-vez-en-la-pandemia\\\/#article\",\"isPartOf\":{\"@id\":\"https:\\\/\\\/www.bbmnoticias.com\\\/labravaradiofm\\\/2021\\\/10\\\/15\\\/la-cdmx-pasa-a-semaforo-verde-por-segunda-vez-en-la-pandemia\\\/\"},\"author\":{\"name\":\"Staff\",\"@id\":\"https:\\\/\\\/www.bbmnoticias.com\\\/labravaradiofm\\\/#\\\/schema\\\/person\\\/34b139c617a70ea5bef5678bffe4dd7b\"},\"headline\":\"La CDMX pasa a sem\u00e1foro verde por segunda vez en la pandemia\",\"datePublished\":\"2021-10-15T18:37:45+00:00\",\"dateModified\":\"2021-10-15T18:37:46+00:00\",\"mainEntityOfPage\":{\"@id\":\"https:\\\/\\\/www.bbmnoticias.com\\\/labravaradiofm\\\/2021\\\/10\\\/15\\\/la-cdmx-pasa-a-semaforo-verde-por-segunda-vez-en-la-pandemia\\\/\"},\"wordCount\":418,\"image\":{\"@id\":\"https:\\\/\\\/www.bbmnoticias.com\\\/labravaradiofm\\\/2021\\\/10\\\/15\\\/la-cdmx-pasa-a-semaforo-verde-por-segunda-vez-en-la-pandemia\\\/#primaryimage\"},\"thumbnailUrl\":\"https:\\\/\\\/www.bbmnoticias.com\\\/labravaradiofm\\\/wp-content\\\/uploads\\\/sites\\\/5\\\/2021\\\/10\\\/nacional15102021-7.jpeg\",\"inLanguage\":\"es\"},{\"@type\":\"WebPage\",\"@id\":\"https:\\\/\\\/www.bbmnoticias.com\\\/labravaradiofm\\\/2021\\\/10\\\/15\\\/la-cdmx-pasa-a-semaforo-verde-por-segunda-vez-en-la-pandemia\\\/\",\"url\":\"https:\\\/\\\/www.bbmnoticias.com\\\/labravaradiofm\\\/2021\\\/10\\\/15\\\/la-cdmx-pasa-a-semaforo-verde-por-segunda-vez-en-la-pandemia\\\/\",\"name\":\"La CDMX pasa a sem\u00e1foro verde por segunda vez en la pandemia - LA BRAVA RADIO\",\"isPartOf\":{\"@id\":\"https:\\\/\\\/www.bbmnoticias.com\\\/labravaradiofm\\\/#website\"},\"primaryImageOfPage\":{\"@id\":\"https:\\\/\\\/www.bbmnoticias.com\\\/labravaradiofm\\\/2021\\\/10\\\/15\\\/la-cdmx-pasa-a-semaforo-verde-por-segunda-vez-en-la-pandemia\\\/#primaryimage\"},\"image\":{\"@id\":\"https:\\\/\\\/www.bbmnoticias.com\\\/labravaradiofm\\\/2021\\\/10\\\/15\\\/la-cdmx-pasa-a-semaforo-verde-por-segunda-vez-en-la-pandemia\\\/#primaryimage\"},\"thumbnailUrl\":\"https:\\\/\\\/www.bbmnoticias.com\\\/labravaradiofm\\\/wp-content\\\/uploads\\\/sites\\\/5\\\/2021\\\/10\\\/nacional15102021-7.jpeg\",\"datePublished\":\"2021-10-15T18:37:45+00:00\",\"dateModified\":\"2021-10-15T18:37:46+00:00\",\"author\":{\"@id\":\"https:\\\/\\\/www.bbmnoticias.com\\\/labravaradiofm\\\/#\\\/schema\\\/person\\\/34b139c617a70ea5bef5678bffe4dd7b\"},\"description\":\"El director de Gobierno Digital, Eduardo Clark, dijo que ayer el gobierno federal notific\u00f3 que CDMX est\u00e1 en 6.5 puntos de la incidencia\",\"breadcrumb\":{\"@id\":\"https:\\\/\\\/www.bbmnoticias.com\\\/labravaradiofm\\\/2021\\\/10\\\/15\\\/la-cdmx-pasa-a-semaforo-verde-por-segunda-vez-en-la-pandemia\\\/#breadcrumb\"},\"inLanguage\":\"es\",\"potentialAction\":[{\"@type\":\"ReadAction\",\"target\":[\"https:\\\/\\\/www.bbmnoticias.com\\\/labravaradiofm\\\/2021\\\/10\\\/15\\\/la-cdmx-pasa-a-semaforo-verde-por-segunda-vez-en-la-pandemia\\\/\"]}]},{\"@type\":\"ImageObject\",\"inLanguage\":\"es\",\"@id\":\"https:\\\/\\\/www.bbmnoticias.com\\\/labravaradiofm\\\/2021\\\/10\\\/15\\\/la-cdmx-pasa-a-semaforo-verde-por-segunda-vez-en-la-pandemia\\\/#primaryimage\",\"url\":\"https:\\\/\\\/www.bbmnoticias.com\\\/labravaradiofm\\\/wp-content\\\/uploads\\\/sites\\\/5\\\/2021\\\/10\\\/nacional15102021-7.jpeg\",\"contentUrl\":\"https:\\\/\\\/www.bbmnoticias.com\\\/labravaradiofm\\\/wp-content\\\/uploads\\\/sites\\\/5\\\/2021\\\/10\\\/nacional15102021-7.jpeg\",\"width\":640,\"height\":360},{\"@type\":\"BreadcrumbList\",\"@id\":\"https:\\\/\\\/www.bbmnoticias.com\\\/labravaradiofm\\\/2021\\\/10\\\/15\\\/la-cdmx-pasa-a-semaforo-verde-por-segunda-vez-en-la-pandemia\\\/#breadcrumb\",\"itemListElement\":[{\"@type\":\"ListItem\",\"position\":1,\"name\":\"Inicio\",\"item\":\"https:\\\/\\\/www.bbmnoticias.com\\\/labravaradiofm\\\/\"},{\"@type\":\"ListItem\",\"position\":2,\"name\":\"La CDMX pasa a sem\u00e1foro verde por segunda vez en la pandemia\"}]},{\"@type\":\"WebSite\",\"@id\":\"https:\\\/\\\/www.bbmnoticias.com\\\/labravaradiofm\\\/#website\",\"url\":\"https:\\\/\\\/www.bbmnoticias.com\\\/labravaradiofm\\\/\",\"name\":\"LA BRAVA RADIO\",\"description\":\"Empresa productora de medios, Radiodifusi\u00f3n, Noticias, tendencias y todo lo que necesitas saber de la pol\u00edtica mexicana e internacional; entretenimiento, espect\u00e1culos, salud y mucho m\u00e1s.\",\"potentialAction\":[{\"@type\":\"SearchAction\",\"target\":{\"@type\":\"EntryPoint\",\"urlTemplate\":\"https:\\\/\\\/www.bbmnoticias.com\\\/labravaradiofm\\\/?s={search_term_string}\"},\"query-input\":{\"@type\":\"PropertyValueSpecification\",\"valueRequired\":true,\"valueName\":\"search_term_string\"}}],\"inLanguage\":\"es\"},{\"@type\":\"Person\",\"@id\":\"https:\\\/\\\/www.bbmnoticias.com\\\/labravaradiofm\\\/#\\\/schema\\\/person\\\/34b139c617a70ea5bef5678bffe4dd7b\",\"name\":\"Staff\",\"image\":{\"@type\":\"ImageObject\",\"inLanguage\":\"es\",\"@id\":\"https:\\\/\\\/secure.gravatar.com\\\/avatar\\\/fdd21ad66fd8b98c407f9dee5b5e588cfe7f0d8579ec20fa6527cd59bab7f0f0?s=96&d=mm&r=g\",\"url\":\"https:\\\/\\\/secure.gravatar.com\\\/avatar\\\/fdd21ad66fd8b98c407f9dee5b5e588cfe7f0d8579ec20fa6527cd59bab7f0f0?s=96&d=mm&r=g\",\"contentUrl\":\"https:\\\/\\\/secure.gravatar.com\\\/avatar\\\/fdd21ad66fd8b98c407f9dee5b5e588cfe7f0d8579ec20fa6527cd59bab7f0f0?s=96&d=mm&r=g\",\"caption\":\"Staff\"},\"url\":\"https:\\\/\\\/www.bbmnoticias.com\\\/labravaradiofm\\\/author\\\/redaccion\\\/\"}]}<\/script>\n<!-- \/ Yoast SEO plugin. -->","yoast_head_json":{"title":"La CDMX pasa a sem\u00e1foro verde por segunda vez en la pandemia - LA BRAVA RADIO","description":"El director de Gobierno Digital, Eduardo Clark, dijo que ayer el gobierno federal notific\u00f3 que CDMX est\u00e1 en 6.5 puntos de la incidencia","robots":{"index":"index","follow":"follow","max-snippet":"max-snippet:-1","max-image-preview":"max-image-preview:large","max-video-preview":"max-video-preview:-1"},"canonical":"https:\/\/www.bbmnoticias.com\/labravaradiofm\/2021\/10\/15\/la-cdmx-pasa-a-semaforo-verde-por-segunda-vez-en-la-pandemia\/","og_locale":"es_MX","og_type":"article","og_title":"La CDMX pasa a sem\u00e1foro verde por segunda vez en la pandemia - LA BRAVA RADIO","og_description":"El director de Gobierno Digital, Eduardo Clark, dijo que ayer el gobierno federal notific\u00f3 que CDMX est\u00e1 en 6.5 puntos de la incidencia","og_url":"https:\/\/www.bbmnoticias.com\/labravaradiofm\/2021\/10\/15\/la-cdmx-pasa-a-semaforo-verde-por-segunda-vez-en-la-pandemia\/","og_site_name":"LA BRAVA RADIO","article_published_time":"2021-10-15T18:37:45+00:00","article_modified_time":"2021-10-15T18:37:46+00:00","og_image":[{"width":640,"height":360,"url":"https:\/\/www.bbmnoticias.com\/labravaradiofm\/wp-content\/uploads\/sites\/5\/2021\/10\/nacional15102021-7.jpeg","type":"image\/jpeg"}],"author":"Staff","twitter_card":"summary_large_image","twitter_misc":{"Escrito por":"Staff","Tiempo de lectura":"2 minutos"},"schema":{"@context":"https:\/\/schema.org","@graph":[{"@type":"Article","@id":"https:\/\/www.bbmnoticias.com\/labravaradiofm\/2021\/10\/15\/la-cdmx-pasa-a-semaforo-verde-por-segunda-vez-en-la-pandemia\/#article","isPartOf":{"@id":"https:\/\/www.bbmnoticias.com\/labravaradiofm\/2021\/10\/15\/la-cdmx-pasa-a-semaforo-verde-por-segunda-vez-en-la-pandemia\/"},"author":{"name":"Staff","@id":"https:\/\/www.bbmnoticias.com\/labravaradiofm\/#\/schema\/person\/34b139c617a70ea5bef5678bffe4dd7b"},"headline":"La CDMX pasa a sem\u00e1foro verde por segunda vez en la pandemia","datePublished":"2021-10-15T18:37:45+00:00","dateModified":"2021-10-15T18:37:46+00:00","mainEntityOfPage":{"@id":"https:\/\/www.bbmnoticias.com\/labravaradiofm\/2021\/10\/15\/la-cdmx-pasa-a-semaforo-verde-por-segunda-vez-en-la-pandemia\/"},"wordCount":418,"image":{"@id":"https:\/\/www.bbmnoticias.com\/labravaradiofm\/2021\/10\/15\/la-cdmx-pasa-a-semaforo-verde-por-segunda-vez-en-la-pandemia\/#primaryimage"},"thumbnailUrl":"https:\/\/www.bbmnoticias.com\/labravaradiofm\/wp-content\/uploads\/sites\/5\/2021\/10\/nacional15102021-7.jpeg","inLanguage":"es"},{"@type":"WebPage","@id":"https:\/\/www.bbmnoticias.com\/labravaradiofm\/2021\/10\/15\/la-cdmx-pasa-a-semaforo-verde-por-segunda-vez-en-la-pandemia\/","url":"https:\/\/www.bbmnoticias.com\/labravaradiofm\/2021\/10\/15\/la-cdmx-pasa-a-semaforo-verde-por-segunda-vez-en-la-pandemia\/","name":"La CDMX pasa a sem\u00e1foro verde por segunda vez en la pandemia - LA BRAVA RADIO","isPartOf":{"@id":"https:\/\/www.bbmnoticias.com\/labravaradiofm\/#website"},"primaryImageOfPage":{"@id":"https:\/\/www.bbmnoticias.com\/labravaradiofm\/2021\/10\/15\/la-cdmx-pasa-a-semaforo-verde-por-segunda-vez-en-la-pandemia\/#primaryimage"},"image":{"@id":"https:\/\/www.bbmnoticias.com\/labravaradiofm\/2021\/10\/15\/la-cdmx-pasa-a-semaforo-verde-por-segunda-vez-en-la-pandemia\/#primaryimage"},"thumbnailUrl":"https:\/\/www.bbmnoticias.com\/labravaradiofm\/wp-content\/uploads\/sites\/5\/2021\/10\/nacional15102021-7.jpeg","datePublished":"2021-10-15T18:37:45+00:00","dateModified":"2021-10-15T18:37:46+00:00","author":{"@id":"https:\/\/www.bbmnoticias.com\/labravaradiofm\/#\/schema\/person\/34b139c617a70ea5bef5678bffe4dd7b"},"description":"El director de Gobierno Digital, Eduardo Clark, dijo que ayer el gobierno federal notific\u00f3 que CDMX est\u00e1 en 6.5 puntos de la incidencia","breadcrumb":{"@id":"https:\/\/www.bbmnoticias.com\/labravaradiofm\/2021\/10\/15\/la-cdmx-pasa-a-semaforo-verde-por-segunda-vez-en-la-pandemia\/#breadcrumb"},"inLanguage":"es","potentialAction":[{"@type":"ReadAction","target":["https:\/\/www.bbmnoticias.com\/labravaradiofm\/2021\/10\/15\/la-cdmx-pasa-a-semaforo-verde-por-segunda-vez-en-la-pandemia\/"]}]},{"@type":"ImageObject","inLanguage":"es","@id":"https:\/\/www.bbmnoticias.com\/labravaradiofm\/2021\/10\/15\/la-cdmx-pasa-a-semaforo-verde-por-segunda-vez-en-la-pandemia\/#primaryimage","url":"https:\/\/www.bbmnoticias.com\/labravaradiofm\/wp-content\/uploads\/sites\/5\/2021\/10\/nacional15102021-7.jpeg","contentUrl":"https:\/\/www.bbmnoticias.com\/labravaradiofm\/wp-content\/uploads\/sites\/5\/2021\/10\/nacional15102021-7.jpeg","width":640,"height":360},{"@type":"BreadcrumbList","@id":"https:\/\/www.bbmnoticias.com\/labravaradiofm\/2021\/10\/15\/la-cdmx-pasa-a-semaforo-verde-por-segunda-vez-en-la-pandemia\/#breadcrumb","itemListElement":[{"@type":"ListItem","position":1,"name":"Inicio","item":"https:\/\/www.bbmnoticias.com\/labravaradiofm\/"},{"@type":"ListItem","position":2,"name":"La CDMX pasa a sem\u00e1foro verde por segunda vez en la pandemia"}]},{"@type":"WebSite","@id":"https:\/\/www.bbmnoticias.com\/labravaradiofm\/#website","url":"https:\/\/www.bbmnoticias.com\/labravaradiofm\/","name":"LA BRAVA RADIO","description":"Empresa productora de medios, Radiodifusi\u00f3n, Noticias, tendencias y todo lo que necesitas saber de la pol\u00edtica mexicana e internacional; entretenimiento, espect\u00e1culos, salud y mucho m\u00e1s.","potentialAction":[{"@type":"SearchAction","target":{"@type":"EntryPoint","urlTemplate":"https:\/\/www.bbmnoticias.com\/labravaradiofm\/?s={search_term_string}"},"query-input":{"@type":"PropertyValueSpecification","valueRequired":true,"valueName":"search_term_string"}}],"inLanguage":"es"},{"@type":"Person","@id":"https:\/\/www.bbmnoticias.com\/labravaradiofm\/#\/schema\/person\/34b139c617a70ea5bef5678bffe4dd7b","name":"Staff","image":{"@type":"ImageObject","inLanguage":"es","@id":"https:\/\/secure.gravatar.com\/avatar\/fdd21ad66fd8b98c407f9dee5b5e588cfe7f0d8579ec20fa6527cd59bab7f0f0?s=96&d=mm&r=g","url":"https:\/\/secure.gravatar.com\/avatar\/fdd21ad66fd8b98c407f9dee5b5e588cfe7f0d8579ec20fa6527cd59bab7f0f0?s=96&d=mm&r=g","contentUrl":"https:\/\/secure.gravatar.com\/avatar\/fdd21ad66fd8b98c407f9dee5b5e588cfe7f0d8579ec20fa6527cd59bab7f0f0?s=96&d=mm&r=g","caption":"Staff"},"url":"https:\/\/www.bbmnoticias.com\/labravaradiofm\/author\/redaccion\/"}]}},"_links":{"self":[{"href":"https:\/\/www.bbmnoticias.com\/labravaradiofm\/wp-json\/wp\/v2\/posts\/3833","targetHints":{"allow":["GET"]}}],"collection":[{"href":"https:\/\/www.bbmnoticias.com\/labravaradiofm\/wp-json\/wp\/v2\/posts"}],"about":[{"href":"https:\/\/www.bbmnoticias.com\/labravaradiofm\/wp-json\/wp\/v2\/types\/post"}],"author":[{"embeddable":true,"href":"https:\/\/www.bbmnoticias.com\/labravaradiofm\/wp-json\/wp\/v2\/users\/2"}],"replies":[{"embeddable":true,"href":"https:\/\/www.bbmnoticias.com\/labravaradiofm\/wp-json\/wp\/v2\/comments?post=3833"}],"version-history":[{"count":0,"href":"https:\/\/www.bbmnoticias.com\/labravaradiofm\/wp-json\/wp\/v2\/posts\/3833\/revisions"}],"wp:featuredmedia":[{"embeddable":true,"href":"https:\/\/www.bbmnoticias.com\/labravaradiofm\/wp-json\/wp\/v2\/media\/3834"}],"wp:attachment":[{"href":"https:\/\/www.bbmnoticias.com\/labravaradiofm\/wp-json\/wp\/v2\/media?parent=3833"}],"wp:term":[{"taxonomy":"category","embeddable":true,"href":"https:\/\/www.bbmnoticias.com\/labravaradiofm\/wp-json\/wp\/v2\/categories?post=3833"},{"taxonomy":"post_tag","embeddable":true,"href":"https:\/\/www.bbmnoticias.com\/labravaradiofm\/wp-json\/wp\/v2\/tags?post=3833"}],"curies":[{"name":"wp","href":"https:\/\/api.w.org\/{rel}","templated":true}]}}