{"id":3827,"date":"2021-10-15T13:26:22","date_gmt":"2021-10-15T18:26:22","guid":{"rendered":"https:\/\/www.bbmnoticias.com\/labravaradiofm\/?p=3827"},"modified":"2021-10-15T13:26:23","modified_gmt":"2021-10-15T18:26:23","slug":"salvan-vida-a-nina-de-diez-anos-al-colocar-la-primera-valvula-pulmonar","status":"publish","type":"post","link":"https:\/\/www.bbmnoticias.com\/labravaradiofm\/2021\/10\/15\/salvan-vida-a-nina-de-diez-anos-al-colocar-la-primera-valvula-pulmonar\/","title":{"rendered":"Salvan vida a ni\u00f1a de diez a\u00f1os al colocar la primera v\u00e1lvula pulmonar"},"content":{"rendered":"<div style=\"margin-top: 0px; margin-bottom: 0px;\" class=\"sharethis-inline-share-buttons\" ><\/div>\n<p>* Se trat\u00f3 de una cirug\u00eda de suma complejidad y riesgo debido a que la menor en dos ocasiones hab\u00eda sido intervenida a coraz\u00f3n abierto.<\/p>\n\n\n\n<p>* En 48 horas egres\u00f3 a su domicilio, en un ejido de Matamoros, donde la esperaban su hermana menor y su abuela.<\/p>\n\n\n\n<p>* La UMAE No. 71 se suma a los grandes centros m\u00e9dicos del pa\u00eds en donde se realizan procedimientos de este tipo.<\/p>\n\n\n\n<p>En un complejo y riesgoso intervencionismo cardiaco conocido como cateterismo, doctores de la Unidad M\u00e9dica de Alta Especialidad (UMAE) No. 71, del Instituto Mexicano del Seguro Social (IMSS) en Coahuila, colocaron con \u00e9xito la primera v\u00e1lvula pulmonar en la historia de este centro m\u00e9dico y salvaron la vida a una ni\u00f1a de diez a\u00f1os, que en dos ocasiones hab\u00eda sido sometida a cirug\u00eda de coraz\u00f3n abierto.<\/p>\n\n\n\n<p>El jefe del departamento de hemodinamia, doctor Alberto Bazzoni Ruiz, explic\u00f3 que Camila naci\u00f3 con un defecto cong\u00e9nito poco frecuente y potencialmente mortal conocido como tetralog\u00eda de fallot con agenesia pulmonar: ten\u00eda defectos en los ventr\u00edculos y le faltaba el conducto que lleva la sangre del coraz\u00f3n a los pulmones para oxigenarse.<\/p>\n\n\n\n<p>En el a\u00f1o 2011 fue sometida a una primera cirug\u00eda en la que corrigieron las anomal\u00edas cardiacas. En el 2015 le implantaron una v\u00e1lvula biol\u00f3gica que present\u00f3 falla. En junio de este a\u00f1o arrib\u00f3 a la UMAE No. 71 con dificultad respiratoria derivada de una obstrucci\u00f3n e insuficiencia en el conducto pulmonar y entonces comenz\u00f3 el reto.<\/p>\n\n\n\n<p>El cardi\u00f3logo intervencionista con especialidad en cardiopat\u00eda cong\u00e9nita y estructural Roberto de Jes\u00fas Alvarenga, se\u00f1al\u00f3 que la infrecuencia y complejidad en su manejo, convierten a esta malformaci\u00f3n (tetralog\u00eda de fallot con agenesia pulmonar) en todo desaf\u00edo para la comunidad m\u00e9dica.<\/p>\n\n\n\n<p>\u201cAl poner en la balanza los antecedentes de la ni\u00f1a, en conjunto con la literatura m\u00e9dica, consideramos que no resistir\u00eda una tercera cirug\u00eda de coraz\u00f3n abierto y aunque el intervencionismo era una opci\u00f3n de muy alta complejidad y peligro se trataba de la \u00fanica alternativa viable\u201d, abund\u00f3.<\/p>\n\n\n\n<p>Explic\u00f3 que las opciones eran introducir un cat\u00e9ter por la ingle -a trav\u00e9s de la arteria femoral- llegar al coraz\u00f3n y colocar un nuevo conducto dentro del dispositivo disfuncional. En caso de que ello no fuera posible, la segunda alternativa era \u201cromper\u201d la v\u00e1lvula existente por medio de un bal\u00f3n de alta presi\u00f3n e instalar una nueva.<\/p>\n\n\n\n<p>El 6 de septiembre se realiz\u00f3 el intervencionismo. Se trat\u00f3 de un procedimiento dif\u00edcil y sumamente riesgoso que gracias al expertiz de los m\u00e9dicos y a la tecnolog\u00eda con la que cuenta la UMAE No. 71 del Seguro Social, result\u00f3 exitoso al \u201cdesbaratar\u201d el dispositivo que se ten\u00eda y lograr la implantaci\u00f3n de uno nuevo.<\/p>\n\n\n\n<p>Camila egres\u00f3 en menos de 48 horas. En el exterior del hospital la esperaban su pap\u00e1, de nombre David, quien labora como operario de una maquiladora, mientras que en casa, en el ejido Rancho Grande, municipio de Matamoros, aguardaban su hermana menor y su abuela.<\/p>\n\n\n\n<h2 class=\"wp-block-heading\">La historia cl\u00ednica fue presentada en un congreso de talla internacional llamado \u201cImagen, Tecnolog\u00eda e Intervenci\u00f3n Cardiovascular\u201d que se desarroll\u00f3 del 22 al 25 de septiembre de este a\u00f1o.<\/h2>\n\n\n\n<p>Este procedimiento se realiza de manera habitual en los Estados Unidos, Europa y en los grandes centros m\u00e9dicos del IMSS en el pa\u00eds, a los que ahora se suma el Hospital de Especialidades No. 71.<\/p>\n\n\n\n<p><strong>\u201cExcelente Servicio\u201d: mam\u00e1 de Camila.<\/strong><\/p>\n\n\n\n<p>\u201cMi hija ha tenido las mejores atenciones y cuidados, los doctores se han portado muy bien con ella y en todo momento han estado conmigo. Es un excelente servicio\u201d, dijo Norma, mam\u00e1 de Camila, quien es ama de casa y en ocasiones vende gorditas y pan de horno.<\/p>\n\n\n\n<p>Expuso que cuando naci\u00f3 su hija las cosas eran muy dif\u00edciles para la familia ya que ante cualquier estudio ten\u00edan que trasladarse a Monterrey y gastar en comida y hospedaje; ahora todo fue m\u00e1s f\u00e1cil y c\u00f3modo: \u201cEs una bendici\u00f3n tener el hospital tan cerca y que aqu\u00ed puedan realizar esto\u201d.<\/p>\n\n\n\n<p>Asegur\u00f3 que siempre tuvo confianza en los especialistas. Sab\u00eda que el procedimiento m\u00e9dico era de mucho riesgo pero se garr\u00f3 de la fe. Desde el primer momento le aclararon todas sus dudas y en general todo el personal de la UMAE No. 71 se mostr\u00f3 atento y cari\u00f1oso.<\/p>\n\n\n\n<p>A un mes de la cirug\u00eda dijo que Camila ha regresado a la escuela de educaci\u00f3n especial, juega con su hermana y realiza su vida con calidad, gracias a la intervenci\u00f3n que le practicaron.<\/p>\n","protected":false},"excerpt":{"rendered":"<p>* Se trat\u00f3 de una cirug\u00eda de suma complejidad y riesgo debido a que la menor en dos ocasiones hab\u00eda sido intervenida a coraz\u00f3n abierto. * En 48 horas egres\u00f3 a su domicilio, en un ejido de Matamoros, donde la esperaban su hermana menor y su abuela. * La UMAE No. 71 se suma a [&hellip;]<\/p>\n","protected":false},"author":2,"featured_media":3828,"comment_status":"closed","ping_status":"closed","sticky":false,"template":"","format":"standard","meta":{"footnotes":""},"categories":[19],"tags":[],"class_list":{"0":"post-3827","1":"post","2":"type-post","3":"status-publish","4":"format-standard","5":"has-post-thumbnail","7":"category-nacional"},"yoast_head":"<!-- This site is optimized with the Yoast SEO plugin v27.4 - https:\/\/yoast.com\/product\/yoast-seo-wordpress\/ -->\n<title>Salvan vida a ni\u00f1a de diez a\u00f1os al colocar la primera v\u00e1lvula pulmonar - LA BRAVA RADIO<\/title>\n<meta name=\"description\" content=\"Mi hija ha tenido las mejores atenciones y cuidados, los doctores se han portado muy bien con ella y en todo momento han estado conmigo\" \/>\n<meta name=\"robots\" content=\"index, follow, max-snippet:-1, max-image-preview:large, max-video-preview:-1\" \/>\n<link rel=\"canonical\" href=\"https:\/\/www.bbmnoticias.com\/labravaradiofm\/2021\/10\/15\/salvan-vida-a-nina-de-diez-anos-al-colocar-la-primera-valvula-pulmonar\/\" \/>\n<meta property=\"og:locale\" content=\"es_MX\" \/>\n<meta property=\"og:type\" content=\"article\" \/>\n<meta property=\"og:title\" content=\"Salvan vida a ni\u00f1a de diez a\u00f1os al colocar la primera v\u00e1lvula pulmonar - LA BRAVA RADIO\" \/>\n<meta property=\"og:description\" content=\"Mi hija ha tenido las mejores atenciones y cuidados, los doctores se han portado muy bien con ella y en todo momento han estado conmigo\" \/>\n<meta property=\"og:url\" content=\"https:\/\/www.bbmnoticias.com\/labravaradiofm\/2021\/10\/15\/salvan-vida-a-nina-de-diez-anos-al-colocar-la-primera-valvula-pulmonar\/\" \/>\n<meta property=\"og:site_name\" content=\"LA BRAVA RADIO\" \/>\n<meta property=\"article:published_time\" content=\"2021-10-15T18:26:22+00:00\" \/>\n<meta property=\"article:modified_time\" content=\"2021-10-15T18:26:23+00:00\" \/>\n<meta property=\"og:image\" content=\"https:\/\/www.bbmnoticias.com\/labravaradiofm\/wp-content\/uploads\/sites\/5\/2021\/10\/nacional15102021-6.jpg\" \/>\n\t<meta property=\"og:image:width\" content=\"1280\" \/>\n\t<meta property=\"og:image:height\" content=\"815\" \/>\n\t<meta property=\"og:image:type\" content=\"image\/jpeg\" \/>\n<meta name=\"author\" content=\"Staff\" \/>\n<meta name=\"twitter:card\" content=\"summary_large_image\" \/>\n<meta name=\"twitter:label1\" content=\"Escrito por\" \/>\n\t<meta name=\"twitter:data1\" content=\"Staff\" \/>\n\t<meta name=\"twitter:label2\" content=\"Tiempo de lectura\" \/>\n\t<meta name=\"twitter:data2\" content=\"4 minutos\" \/>\n<script type=\"application\/ld+json\" class=\"yoast-schema-graph\">{\"@context\":\"https:\\\/\\\/schema.org\",\"@graph\":[{\"@type\":\"Article\",\"@id\":\"https:\\\/\\\/www.bbmnoticias.com\\\/labravaradiofm\\\/2021\\\/10\\\/15\\\/salvan-vida-a-nina-de-diez-anos-al-colocar-la-primera-valvula-pulmonar\\\/#article\",\"isPartOf\":{\"@id\":\"https:\\\/\\\/www.bbmnoticias.com\\\/labravaradiofm\\\/2021\\\/10\\\/15\\\/salvan-vida-a-nina-de-diez-anos-al-colocar-la-primera-valvula-pulmonar\\\/\"},\"author\":{\"name\":\"Staff\",\"@id\":\"https:\\\/\\\/www.bbmnoticias.com\\\/labravaradiofm\\\/#\\\/schema\\\/person\\\/34b139c617a70ea5bef5678bffe4dd7b\"},\"headline\":\"Salvan vida a ni\u00f1a de diez a\u00f1os al colocar la primera v\u00e1lvula pulmonar\",\"datePublished\":\"2021-10-15T18:26:22+00:00\",\"dateModified\":\"2021-10-15T18:26:23+00:00\",\"mainEntityOfPage\":{\"@id\":\"https:\\\/\\\/www.bbmnoticias.com\\\/labravaradiofm\\\/2021\\\/10\\\/15\\\/salvan-vida-a-nina-de-diez-anos-al-colocar-la-primera-valvula-pulmonar\\\/\"},\"wordCount\":807,\"image\":{\"@id\":\"https:\\\/\\\/www.bbmnoticias.com\\\/labravaradiofm\\\/2021\\\/10\\\/15\\\/salvan-vida-a-nina-de-diez-anos-al-colocar-la-primera-valvula-pulmonar\\\/#primaryimage\"},\"thumbnailUrl\":\"https:\\\/\\\/www.bbmnoticias.com\\\/labravaradiofm\\\/wp-content\\\/uploads\\\/sites\\\/5\\\/2021\\\/10\\\/nacional15102021-6.jpg\",\"articleSection\":[\"NACIONAL\"],\"inLanguage\":\"es\"},{\"@type\":\"WebPage\",\"@id\":\"https:\\\/\\\/www.bbmnoticias.com\\\/labravaradiofm\\\/2021\\\/10\\\/15\\\/salvan-vida-a-nina-de-diez-anos-al-colocar-la-primera-valvula-pulmonar\\\/\",\"url\":\"https:\\\/\\\/www.bbmnoticias.com\\\/labravaradiofm\\\/2021\\\/10\\\/15\\\/salvan-vida-a-nina-de-diez-anos-al-colocar-la-primera-valvula-pulmonar\\\/\",\"name\":\"Salvan vida a ni\u00f1a de diez a\u00f1os al colocar la primera v\u00e1lvula pulmonar - LA BRAVA RADIO\",\"isPartOf\":{\"@id\":\"https:\\\/\\\/www.bbmnoticias.com\\\/labravaradiofm\\\/#website\"},\"primaryImageOfPage\":{\"@id\":\"https:\\\/\\\/www.bbmnoticias.com\\\/labravaradiofm\\\/2021\\\/10\\\/15\\\/salvan-vida-a-nina-de-diez-anos-al-colocar-la-primera-valvula-pulmonar\\\/#primaryimage\"},\"image\":{\"@id\":\"https:\\\/\\\/www.bbmnoticias.com\\\/labravaradiofm\\\/2021\\\/10\\\/15\\\/salvan-vida-a-nina-de-diez-anos-al-colocar-la-primera-valvula-pulmonar\\\/#primaryimage\"},\"thumbnailUrl\":\"https:\\\/\\\/www.bbmnoticias.com\\\/labravaradiofm\\\/wp-content\\\/uploads\\\/sites\\\/5\\\/2021\\\/10\\\/nacional15102021-6.jpg\",\"datePublished\":\"2021-10-15T18:26:22+00:00\",\"dateModified\":\"2021-10-15T18:26:23+00:00\",\"author\":{\"@id\":\"https:\\\/\\\/www.bbmnoticias.com\\\/labravaradiofm\\\/#\\\/schema\\\/person\\\/34b139c617a70ea5bef5678bffe4dd7b\"},\"description\":\"Mi hija ha tenido las mejores atenciones y cuidados, los doctores se han portado muy bien con ella y en todo momento han estado conmigo\",\"breadcrumb\":{\"@id\":\"https:\\\/\\\/www.bbmnoticias.com\\\/labravaradiofm\\\/2021\\\/10\\\/15\\\/salvan-vida-a-nina-de-diez-anos-al-colocar-la-primera-valvula-pulmonar\\\/#breadcrumb\"},\"inLanguage\":\"es\",\"potentialAction\":[{\"@type\":\"ReadAction\",\"target\":[\"https:\\\/\\\/www.bbmnoticias.com\\\/labravaradiofm\\\/2021\\\/10\\\/15\\\/salvan-vida-a-nina-de-diez-anos-al-colocar-la-primera-valvula-pulmonar\\\/\"]}]},{\"@type\":\"ImageObject\",\"inLanguage\":\"es\",\"@id\":\"https:\\\/\\\/www.bbmnoticias.com\\\/labravaradiofm\\\/2021\\\/10\\\/15\\\/salvan-vida-a-nina-de-diez-anos-al-colocar-la-primera-valvula-pulmonar\\\/#primaryimage\",\"url\":\"https:\\\/\\\/www.bbmnoticias.com\\\/labravaradiofm\\\/wp-content\\\/uploads\\\/sites\\\/5\\\/2021\\\/10\\\/nacional15102021-6.jpg\",\"contentUrl\":\"https:\\\/\\\/www.bbmnoticias.com\\\/labravaradiofm\\\/wp-content\\\/uploads\\\/sites\\\/5\\\/2021\\\/10\\\/nacional15102021-6.jpg\",\"width\":1280,\"height\":815},{\"@type\":\"BreadcrumbList\",\"@id\":\"https:\\\/\\\/www.bbmnoticias.com\\\/labravaradiofm\\\/2021\\\/10\\\/15\\\/salvan-vida-a-nina-de-diez-anos-al-colocar-la-primera-valvula-pulmonar\\\/#breadcrumb\",\"itemListElement\":[{\"@type\":\"ListItem\",\"position\":1,\"name\":\"Inicio\",\"item\":\"https:\\\/\\\/www.bbmnoticias.com\\\/labravaradiofm\\\/\"},{\"@type\":\"ListItem\",\"position\":2,\"name\":\"Salvan vida a ni\u00f1a de diez a\u00f1os al colocar la primera v\u00e1lvula pulmonar\"}]},{\"@type\":\"WebSite\",\"@id\":\"https:\\\/\\\/www.bbmnoticias.com\\\/labravaradiofm\\\/#website\",\"url\":\"https:\\\/\\\/www.bbmnoticias.com\\\/labravaradiofm\\\/\",\"name\":\"LA BRAVA RADIO\",\"description\":\"Empresa productora de medios, Radiodifusi\u00f3n, Noticias, tendencias y todo lo que necesitas saber de la pol\u00edtica mexicana e internacional; entretenimiento, espect\u00e1culos, salud y mucho m\u00e1s.\",\"potentialAction\":[{\"@type\":\"SearchAction\",\"target\":{\"@type\":\"EntryPoint\",\"urlTemplate\":\"https:\\\/\\\/www.bbmnoticias.com\\\/labravaradiofm\\\/?s={search_term_string}\"},\"query-input\":{\"@type\":\"PropertyValueSpecification\",\"valueRequired\":true,\"valueName\":\"search_term_string\"}}],\"inLanguage\":\"es\"},{\"@type\":\"Person\",\"@id\":\"https:\\\/\\\/www.bbmnoticias.com\\\/labravaradiofm\\\/#\\\/schema\\\/person\\\/34b139c617a70ea5bef5678bffe4dd7b\",\"name\":\"Staff\",\"image\":{\"@type\":\"ImageObject\",\"inLanguage\":\"es\",\"@id\":\"https:\\\/\\\/secure.gravatar.com\\\/avatar\\\/fdd21ad66fd8b98c407f9dee5b5e588cfe7f0d8579ec20fa6527cd59bab7f0f0?s=96&d=mm&r=g\",\"url\":\"https:\\\/\\\/secure.gravatar.com\\\/avatar\\\/fdd21ad66fd8b98c407f9dee5b5e588cfe7f0d8579ec20fa6527cd59bab7f0f0?s=96&d=mm&r=g\",\"contentUrl\":\"https:\\\/\\\/secure.gravatar.com\\\/avatar\\\/fdd21ad66fd8b98c407f9dee5b5e588cfe7f0d8579ec20fa6527cd59bab7f0f0?s=96&d=mm&r=g\",\"caption\":\"Staff\"},\"url\":\"https:\\\/\\\/www.bbmnoticias.com\\\/labravaradiofm\\\/author\\\/redaccion\\\/\"}]}<\/script>\n<!-- \/ Yoast SEO plugin. -->","yoast_head_json":{"title":"Salvan vida a ni\u00f1a de diez a\u00f1os al colocar la primera v\u00e1lvula pulmonar - LA BRAVA RADIO","description":"Mi hija ha tenido las mejores atenciones y cuidados, los doctores se han portado muy bien con ella y en todo momento han estado conmigo","robots":{"index":"index","follow":"follow","max-snippet":"max-snippet:-1","max-image-preview":"max-image-preview:large","max-video-preview":"max-video-preview:-1"},"canonical":"https:\/\/www.bbmnoticias.com\/labravaradiofm\/2021\/10\/15\/salvan-vida-a-nina-de-diez-anos-al-colocar-la-primera-valvula-pulmonar\/","og_locale":"es_MX","og_type":"article","og_title":"Salvan vida a ni\u00f1a de diez a\u00f1os al colocar la primera v\u00e1lvula pulmonar - LA BRAVA RADIO","og_description":"Mi hija ha tenido las mejores atenciones y cuidados, los doctores se han portado muy bien con ella y en todo momento han estado conmigo","og_url":"https:\/\/www.bbmnoticias.com\/labravaradiofm\/2021\/10\/15\/salvan-vida-a-nina-de-diez-anos-al-colocar-la-primera-valvula-pulmonar\/","og_site_name":"LA BRAVA RADIO","article_published_time":"2021-10-15T18:26:22+00:00","article_modified_time":"2021-10-15T18:26:23+00:00","og_image":[{"width":1280,"height":815,"url":"https:\/\/www.bbmnoticias.com\/labravaradiofm\/wp-content\/uploads\/sites\/5\/2021\/10\/nacional15102021-6.jpg","type":"image\/jpeg"}],"author":"Staff","twitter_card":"summary_large_image","twitter_misc":{"Escrito por":"Staff","Tiempo de lectura":"4 minutos"},"schema":{"@context":"https:\/\/schema.org","@graph":[{"@type":"Article","@id":"https:\/\/www.bbmnoticias.com\/labravaradiofm\/2021\/10\/15\/salvan-vida-a-nina-de-diez-anos-al-colocar-la-primera-valvula-pulmonar\/#article","isPartOf":{"@id":"https:\/\/www.bbmnoticias.com\/labravaradiofm\/2021\/10\/15\/salvan-vida-a-nina-de-diez-anos-al-colocar-la-primera-valvula-pulmonar\/"},"author":{"name":"Staff","@id":"https:\/\/www.bbmnoticias.com\/labravaradiofm\/#\/schema\/person\/34b139c617a70ea5bef5678bffe4dd7b"},"headline":"Salvan vida a ni\u00f1a de diez a\u00f1os al colocar la primera v\u00e1lvula pulmonar","datePublished":"2021-10-15T18:26:22+00:00","dateModified":"2021-10-15T18:26:23+00:00","mainEntityOfPage":{"@id":"https:\/\/www.bbmnoticias.com\/labravaradiofm\/2021\/10\/15\/salvan-vida-a-nina-de-diez-anos-al-colocar-la-primera-valvula-pulmonar\/"},"wordCount":807,"image":{"@id":"https:\/\/www.bbmnoticias.com\/labravaradiofm\/2021\/10\/15\/salvan-vida-a-nina-de-diez-anos-al-colocar-la-primera-valvula-pulmonar\/#primaryimage"},"thumbnailUrl":"https:\/\/www.bbmnoticias.com\/labravaradiofm\/wp-content\/uploads\/sites\/5\/2021\/10\/nacional15102021-6.jpg","articleSection":["NACIONAL"],"inLanguage":"es"},{"@type":"WebPage","@id":"https:\/\/www.bbmnoticias.com\/labravaradiofm\/2021\/10\/15\/salvan-vida-a-nina-de-diez-anos-al-colocar-la-primera-valvula-pulmonar\/","url":"https:\/\/www.bbmnoticias.com\/labravaradiofm\/2021\/10\/15\/salvan-vida-a-nina-de-diez-anos-al-colocar-la-primera-valvula-pulmonar\/","name":"Salvan vida a ni\u00f1a de diez a\u00f1os al colocar la primera v\u00e1lvula pulmonar - LA BRAVA RADIO","isPartOf":{"@id":"https:\/\/www.bbmnoticias.com\/labravaradiofm\/#website"},"primaryImageOfPage":{"@id":"https:\/\/www.bbmnoticias.com\/labravaradiofm\/2021\/10\/15\/salvan-vida-a-nina-de-diez-anos-al-colocar-la-primera-valvula-pulmonar\/#primaryimage"},"image":{"@id":"https:\/\/www.bbmnoticias.com\/labravaradiofm\/2021\/10\/15\/salvan-vida-a-nina-de-diez-anos-al-colocar-la-primera-valvula-pulmonar\/#primaryimage"},"thumbnailUrl":"https:\/\/www.bbmnoticias.com\/labravaradiofm\/wp-content\/uploads\/sites\/5\/2021\/10\/nacional15102021-6.jpg","datePublished":"2021-10-15T18:26:22+00:00","dateModified":"2021-10-15T18:26:23+00:00","author":{"@id":"https:\/\/www.bbmnoticias.com\/labravaradiofm\/#\/schema\/person\/34b139c617a70ea5bef5678bffe4dd7b"},"description":"Mi hija ha tenido las mejores atenciones y cuidados, los doctores se han portado muy bien con ella y en todo momento han estado conmigo","breadcrumb":{"@id":"https:\/\/www.bbmnoticias.com\/labravaradiofm\/2021\/10\/15\/salvan-vida-a-nina-de-diez-anos-al-colocar-la-primera-valvula-pulmonar\/#breadcrumb"},"inLanguage":"es","potentialAction":[{"@type":"ReadAction","target":["https:\/\/www.bbmnoticias.com\/labravaradiofm\/2021\/10\/15\/salvan-vida-a-nina-de-diez-anos-al-colocar-la-primera-valvula-pulmonar\/"]}]},{"@type":"ImageObject","inLanguage":"es","@id":"https:\/\/www.bbmnoticias.com\/labravaradiofm\/2021\/10\/15\/salvan-vida-a-nina-de-diez-anos-al-colocar-la-primera-valvula-pulmonar\/#primaryimage","url":"https:\/\/www.bbmnoticias.com\/labravaradiofm\/wp-content\/uploads\/sites\/5\/2021\/10\/nacional15102021-6.jpg","contentUrl":"https:\/\/www.bbmnoticias.com\/labravaradiofm\/wp-content\/uploads\/sites\/5\/2021\/10\/nacional15102021-6.jpg","width":1280,"height":815},{"@type":"BreadcrumbList","@id":"https:\/\/www.bbmnoticias.com\/labravaradiofm\/2021\/10\/15\/salvan-vida-a-nina-de-diez-anos-al-colocar-la-primera-valvula-pulmonar\/#breadcrumb","itemListElement":[{"@type":"ListItem","position":1,"name":"Inicio","item":"https:\/\/www.bbmnoticias.com\/labravaradiofm\/"},{"@type":"ListItem","position":2,"name":"Salvan vida a ni\u00f1a de diez a\u00f1os al colocar la primera v\u00e1lvula pulmonar"}]},{"@type":"WebSite","@id":"https:\/\/www.bbmnoticias.com\/labravaradiofm\/#website","url":"https:\/\/www.bbmnoticias.com\/labravaradiofm\/","name":"LA BRAVA RADIO","description":"Empresa productora de medios, Radiodifusi\u00f3n, Noticias, tendencias y todo lo que necesitas saber de la pol\u00edtica mexicana e internacional; entretenimiento, espect\u00e1culos, salud y mucho m\u00e1s.","potentialAction":[{"@type":"SearchAction","target":{"@type":"EntryPoint","urlTemplate":"https:\/\/www.bbmnoticias.com\/labravaradiofm\/?s={search_term_string}"},"query-input":{"@type":"PropertyValueSpecification","valueRequired":true,"valueName":"search_term_string"}}],"inLanguage":"es"},{"@type":"Person","@id":"https:\/\/www.bbmnoticias.com\/labravaradiofm\/#\/schema\/person\/34b139c617a70ea5bef5678bffe4dd7b","name":"Staff","image":{"@type":"ImageObject","inLanguage":"es","@id":"https:\/\/secure.gravatar.com\/avatar\/fdd21ad66fd8b98c407f9dee5b5e588cfe7f0d8579ec20fa6527cd59bab7f0f0?s=96&d=mm&r=g","url":"https:\/\/secure.gravatar.com\/avatar\/fdd21ad66fd8b98c407f9dee5b5e588cfe7f0d8579ec20fa6527cd59bab7f0f0?s=96&d=mm&r=g","contentUrl":"https:\/\/secure.gravatar.com\/avatar\/fdd21ad66fd8b98c407f9dee5b5e588cfe7f0d8579ec20fa6527cd59bab7f0f0?s=96&d=mm&r=g","caption":"Staff"},"url":"https:\/\/www.bbmnoticias.com\/labravaradiofm\/author\/redaccion\/"}]}},"_links":{"self":[{"href":"https:\/\/www.bbmnoticias.com\/labravaradiofm\/wp-json\/wp\/v2\/posts\/3827","targetHints":{"allow":["GET"]}}],"collection":[{"href":"https:\/\/www.bbmnoticias.com\/labravaradiofm\/wp-json\/wp\/v2\/posts"}],"about":[{"href":"https:\/\/www.bbmnoticias.com\/labravaradiofm\/wp-json\/wp\/v2\/types\/post"}],"author":[{"embeddable":true,"href":"https:\/\/www.bbmnoticias.com\/labravaradiofm\/wp-json\/wp\/v2\/users\/2"}],"replies":[{"embeddable":true,"href":"https:\/\/www.bbmnoticias.com\/labravaradiofm\/wp-json\/wp\/v2\/comments?post=3827"}],"version-history":[{"count":0,"href":"https:\/\/www.bbmnoticias.com\/labravaradiofm\/wp-json\/wp\/v2\/posts\/3827\/revisions"}],"wp:featuredmedia":[{"embeddable":true,"href":"https:\/\/www.bbmnoticias.com\/labravaradiofm\/wp-json\/wp\/v2\/media\/3828"}],"wp:attachment":[{"href":"https:\/\/www.bbmnoticias.com\/labravaradiofm\/wp-json\/wp\/v2\/media?parent=3827"}],"wp:term":[{"taxonomy":"category","embeddable":true,"href":"https:\/\/www.bbmnoticias.com\/labravaradiofm\/wp-json\/wp\/v2\/categories?post=3827"},{"taxonomy":"post_tag","embeddable":true,"href":"https:\/\/www.bbmnoticias.com\/labravaradiofm\/wp-json\/wp\/v2\/tags?post=3827"}],"curies":[{"name":"wp","href":"https:\/\/api.w.org\/{rel}","templated":true}]}}