{"id":3818,"date":"2021-10-15T11:29:19","date_gmt":"2021-10-15T16:29:19","guid":{"rendered":"https:\/\/www.bbmnoticias.com\/labravaradiofm\/?p=3818"},"modified":"2021-10-15T11:29:20","modified_gmt":"2021-10-15T16:29:20","slug":"paciente-salva-la-vida-y-su-seno-con-cirugia-oncoplastica","status":"publish","type":"post","link":"https:\/\/www.bbmnoticias.com\/labravaradiofm\/2021\/10\/15\/paciente-salva-la-vida-y-su-seno-con-cirugia-oncoplastica\/","title":{"rendered":"Paciente salva la vida y su seno con cirug\u00eda oncopl\u00e1stica"},"content":{"rendered":"<div style=\"margin-top: 0px; margin-bottom: 0px;\" class=\"sharethis-inline-share-buttons\" ><\/div>\n<p>Gracias a la detecci\u00f3n oportuna y atenci\u00f3n temprana del c\u00e1ncer de mama, la se\u00f1ora Araceli, derechohabiente del Instituto Mexicano del Seguro Social (IMSS), logr\u00f3 salvar la vida y su seno mediante una cirug\u00eda oncopl\u00e1stica.<\/p>\n\n\n\n<p>Relat\u00f3 que en octubre de 2015, con 46 a\u00f1os de edad, al momento de realizar la autoexploraci\u00f3n sinti\u00f3 una bolita en la mama izquierda, \u201cinmediatamente fui a hacerme la mastograf\u00eda y sali\u00f3 algo sospechoso, me hicieron una biopsia y result\u00f3 que ten\u00eda un tumor maligno\u201d.<\/p>\n\n\n\n<p>Dijo que cuando le informaron sinti\u00f3 mucho temor, \u201cpero en el Seguro Social me atendi\u00f3 un maravilloso m\u00e9dico que me explic\u00f3 los tratamientos, que estaba muy a tiempo para salir adelante y que no forzosamente iba a morir\u201d.<\/p>\n\n\n\n<p>Araceli fue referida al Hospital de Ginecopediatr\u00eda (HGP) No. 3A, en la zona norte de la Ciudad de M\u00e9xico, y el 22 de diciembre, d\u00eda de su cumplea\u00f1os, le realizaron una cirug\u00eda conservadora de tipo oncopl\u00e1stica, procedimiento que le permiti\u00f3 conservar su seno al retirar el tumor y una porci\u00f3n del \u00e1rea afectada.<\/p>\n\n\n\n<p>Tras la cirug\u00eda, requiri\u00f3 de ocho sesiones de quimioterapia, 25 radioterapias y durante cinco a\u00f1os ha tomado tamoxifeno.<\/p>\n\n\n\n<p>\u201cPrecisamente este mes estoy cumpliendo cinco a\u00f1os de seguimiento y estoy a punto de que me den de alta. En este momento me encuentro libre de la enfermedad, no se puede considerar uno curado, porque el c\u00e1ncer no tiene palabra de honor\u201d, resalt\u00f3.<\/p>\n\n\n\n<p>Araceli es madre de dos hijos, tiene un nieto, se mantiene activa y trabaja en una empresa de elevadores; contin\u00faa con su seguimiento en el Centro M\u00e9dico Nacional La Raza y en el HGP No. 3A, as\u00ed como una consulta anual en la que le realizan mastograf\u00eda, radiograf\u00eda de t\u00f3rax, estudios del h\u00edgado, v\u00edas biliareas y huesos, con la finalidad de identificar alguna recurrencia.<\/p>\n\n\n\n<p>El doctor Gunther Schmilinsky Scandela, coordinador de Programas M\u00e9dicos en el \u00c1rea de Atenci\u00f3n Ginecol\u00f3gica del IMSS, destac\u00f3 que los especialistas que realizan cirug\u00eda oncopl\u00e1stica est\u00e1n habituados a procedimientos largos, laboriosos y que requieren de mucha meticulosidad para obtener buenos resultados.<\/p>\n\n\n\n<p>Destac\u00f3 que la cirug\u00eda oncopl\u00e1stica se realiza en hospitales de segundo nivel y Unidades M\u00e9dicas de Alta Especialidad (UMAE) y es com\u00fan que adem\u00e1s del tratamiento de la mama afectada<strong>,<\/strong> tambi\u00e9n se intervenga la axila e incluso la mama contralateral para lograr simetr\u00eda entre ambos senos, siempre bajo estrictos protocolos para evitar contagios de COVID-19.<\/p>\n\n\n\n<p>Afirm\u00f3 que entre los m\u00e9dicos mexicanos se ha ido multiplicando el inter\u00e9s en este tipo de procedimientos, cada vez m\u00e1s generaciones de especialistas en Oncolog\u00eda son capacitadas en estas t\u00e9cnicas para ofrecerlas a las derechohabientes.<\/p>\n\n\n\n<p>\u201cLos resultados suelen ser satisfactorios, las pacientes despu\u00e9s de pasar por todo el tratamiento obtiene la recompensa, que es una calidad de vida mejor\u201d, enfatiz\u00f3 el doctor Schmilinsky Scandela.<\/p>\n","protected":false},"excerpt":{"rendered":"<p>Gracias a la detecci\u00f3n oportuna y atenci\u00f3n temprana del c\u00e1ncer de mama, la se\u00f1ora Araceli, derechohabiente del Instituto Mexicano del Seguro Social (IMSS), logr\u00f3 salvar la vida y su seno mediante una cirug\u00eda oncopl\u00e1stica. Relat\u00f3 que en octubre de 2015, con 46 a\u00f1os de edad, al momento de realizar la autoexploraci\u00f3n sinti\u00f3 una bolita en [&hellip;]<\/p>\n","protected":false},"author":2,"featured_media":3819,"comment_status":"closed","ping_status":"closed","sticky":false,"template":"","format":"standard","meta":{"footnotes":""},"categories":[19],"tags":[],"class_list":{"0":"post-3818","1":"post","2":"type-post","3":"status-publish","4":"format-standard","5":"has-post-thumbnail","7":"category-nacional"},"yoast_head":"<!-- This site is optimized with the Yoast SEO plugin v27.4 - https:\/\/yoast.com\/product\/yoast-seo-wordpress\/ -->\n<title>Paciente salva la vida y su seno con cirug\u00eda oncopl\u00e1stica - LA BRAVA RADIO<\/title>\n<meta name=\"description\" content=\"Dijo que cuando le informaron sinti\u00f3 mucho temor, pero en el Seguro Social me atendi\u00f3 un maravilloso m\u00e9dico que me explic\u00f3 los tratamientos\" \/>\n<meta name=\"robots\" content=\"index, follow, max-snippet:-1, max-image-preview:large, max-video-preview:-1\" \/>\n<link rel=\"canonical\" href=\"https:\/\/www.bbmnoticias.com\/labravaradiofm\/2021\/10\/15\/paciente-salva-la-vida-y-su-seno-con-cirugia-oncoplastica\/\" \/>\n<meta property=\"og:locale\" content=\"es_MX\" \/>\n<meta property=\"og:type\" content=\"article\" \/>\n<meta property=\"og:title\" content=\"Paciente salva la vida y su seno con cirug\u00eda oncopl\u00e1stica - LA BRAVA RADIO\" \/>\n<meta property=\"og:description\" content=\"Dijo que cuando le informaron sinti\u00f3 mucho temor, pero en el Seguro Social me atendi\u00f3 un maravilloso m\u00e9dico que me explic\u00f3 los tratamientos\" \/>\n<meta property=\"og:url\" content=\"https:\/\/www.bbmnoticias.com\/labravaradiofm\/2021\/10\/15\/paciente-salva-la-vida-y-su-seno-con-cirugia-oncoplastica\/\" \/>\n<meta property=\"og:site_name\" content=\"LA BRAVA RADIO\" \/>\n<meta property=\"article:published_time\" content=\"2021-10-15T16:29:19+00:00\" \/>\n<meta property=\"article:modified_time\" content=\"2021-10-15T16:29:20+00:00\" \/>\n<meta property=\"og:image\" content=\"https:\/\/www.bbmnoticias.com\/labravaradiofm\/wp-content\/uploads\/sites\/5\/2021\/10\/nacional15102021-5.jpg\" \/>\n\t<meta property=\"og:image:width\" content=\"1280\" \/>\n\t<meta property=\"og:image:height\" content=\"853\" \/>\n\t<meta property=\"og:image:type\" content=\"image\/jpeg\" \/>\n<meta name=\"author\" content=\"Staff\" \/>\n<meta name=\"twitter:card\" content=\"summary_large_image\" \/>\n<meta name=\"twitter:label1\" content=\"Escrito por\" \/>\n\t<meta name=\"twitter:data1\" content=\"Staff\" \/>\n\t<meta name=\"twitter:label2\" content=\"Tiempo de lectura\" \/>\n\t<meta name=\"twitter:data2\" content=\"2 minutos\" \/>\n<script type=\"application\/ld+json\" class=\"yoast-schema-graph\">{\"@context\":\"https:\\\/\\\/schema.org\",\"@graph\":[{\"@type\":\"Article\",\"@id\":\"https:\\\/\\\/www.bbmnoticias.com\\\/labravaradiofm\\\/2021\\\/10\\\/15\\\/paciente-salva-la-vida-y-su-seno-con-cirugia-oncoplastica\\\/#article\",\"isPartOf\":{\"@id\":\"https:\\\/\\\/www.bbmnoticias.com\\\/labravaradiofm\\\/2021\\\/10\\\/15\\\/paciente-salva-la-vida-y-su-seno-con-cirugia-oncoplastica\\\/\"},\"author\":{\"name\":\"Staff\",\"@id\":\"https:\\\/\\\/www.bbmnoticias.com\\\/labravaradiofm\\\/#\\\/schema\\\/person\\\/34b139c617a70ea5bef5678bffe4dd7b\"},\"headline\":\"Paciente salva la vida y su seno con cirug\u00eda oncopl\u00e1stica\",\"datePublished\":\"2021-10-15T16:29:19+00:00\",\"dateModified\":\"2021-10-15T16:29:20+00:00\",\"mainEntityOfPage\":{\"@id\":\"https:\\\/\\\/www.bbmnoticias.com\\\/labravaradiofm\\\/2021\\\/10\\\/15\\\/paciente-salva-la-vida-y-su-seno-con-cirugia-oncoplastica\\\/\"},\"wordCount\":511,\"image\":{\"@id\":\"https:\\\/\\\/www.bbmnoticias.com\\\/labravaradiofm\\\/2021\\\/10\\\/15\\\/paciente-salva-la-vida-y-su-seno-con-cirugia-oncoplastica\\\/#primaryimage\"},\"thumbnailUrl\":\"https:\\\/\\\/www.bbmnoticias.com\\\/labravaradiofm\\\/wp-content\\\/uploads\\\/sites\\\/5\\\/2021\\\/10\\\/nacional15102021-5.jpg\",\"articleSection\":[\"NACIONAL\"],\"inLanguage\":\"es\"},{\"@type\":\"WebPage\",\"@id\":\"https:\\\/\\\/www.bbmnoticias.com\\\/labravaradiofm\\\/2021\\\/10\\\/15\\\/paciente-salva-la-vida-y-su-seno-con-cirugia-oncoplastica\\\/\",\"url\":\"https:\\\/\\\/www.bbmnoticias.com\\\/labravaradiofm\\\/2021\\\/10\\\/15\\\/paciente-salva-la-vida-y-su-seno-con-cirugia-oncoplastica\\\/\",\"name\":\"Paciente salva la vida y su seno con cirug\u00eda oncopl\u00e1stica - LA BRAVA RADIO\",\"isPartOf\":{\"@id\":\"https:\\\/\\\/www.bbmnoticias.com\\\/labravaradiofm\\\/#website\"},\"primaryImageOfPage\":{\"@id\":\"https:\\\/\\\/www.bbmnoticias.com\\\/labravaradiofm\\\/2021\\\/10\\\/15\\\/paciente-salva-la-vida-y-su-seno-con-cirugia-oncoplastica\\\/#primaryimage\"},\"image\":{\"@id\":\"https:\\\/\\\/www.bbmnoticias.com\\\/labravaradiofm\\\/2021\\\/10\\\/15\\\/paciente-salva-la-vida-y-su-seno-con-cirugia-oncoplastica\\\/#primaryimage\"},\"thumbnailUrl\":\"https:\\\/\\\/www.bbmnoticias.com\\\/labravaradiofm\\\/wp-content\\\/uploads\\\/sites\\\/5\\\/2021\\\/10\\\/nacional15102021-5.jpg\",\"datePublished\":\"2021-10-15T16:29:19+00:00\",\"dateModified\":\"2021-10-15T16:29:20+00:00\",\"author\":{\"@id\":\"https:\\\/\\\/www.bbmnoticias.com\\\/labravaradiofm\\\/#\\\/schema\\\/person\\\/34b139c617a70ea5bef5678bffe4dd7b\"},\"description\":\"Dijo que cuando le informaron sinti\u00f3 mucho temor, pero en el Seguro Social me atendi\u00f3 un maravilloso m\u00e9dico que me explic\u00f3 los tratamientos\",\"breadcrumb\":{\"@id\":\"https:\\\/\\\/www.bbmnoticias.com\\\/labravaradiofm\\\/2021\\\/10\\\/15\\\/paciente-salva-la-vida-y-su-seno-con-cirugia-oncoplastica\\\/#breadcrumb\"},\"inLanguage\":\"es\",\"potentialAction\":[{\"@type\":\"ReadAction\",\"target\":[\"https:\\\/\\\/www.bbmnoticias.com\\\/labravaradiofm\\\/2021\\\/10\\\/15\\\/paciente-salva-la-vida-y-su-seno-con-cirugia-oncoplastica\\\/\"]}]},{\"@type\":\"ImageObject\",\"inLanguage\":\"es\",\"@id\":\"https:\\\/\\\/www.bbmnoticias.com\\\/labravaradiofm\\\/2021\\\/10\\\/15\\\/paciente-salva-la-vida-y-su-seno-con-cirugia-oncoplastica\\\/#primaryimage\",\"url\":\"https:\\\/\\\/www.bbmnoticias.com\\\/labravaradiofm\\\/wp-content\\\/uploads\\\/sites\\\/5\\\/2021\\\/10\\\/nacional15102021-5.jpg\",\"contentUrl\":\"https:\\\/\\\/www.bbmnoticias.com\\\/labravaradiofm\\\/wp-content\\\/uploads\\\/sites\\\/5\\\/2021\\\/10\\\/nacional15102021-5.jpg\",\"width\":1280,\"height\":853},{\"@type\":\"BreadcrumbList\",\"@id\":\"https:\\\/\\\/www.bbmnoticias.com\\\/labravaradiofm\\\/2021\\\/10\\\/15\\\/paciente-salva-la-vida-y-su-seno-con-cirugia-oncoplastica\\\/#breadcrumb\",\"itemListElement\":[{\"@type\":\"ListItem\",\"position\":1,\"name\":\"Inicio\",\"item\":\"https:\\\/\\\/www.bbmnoticias.com\\\/labravaradiofm\\\/\"},{\"@type\":\"ListItem\",\"position\":2,\"name\":\"Paciente salva la vida y su seno con cirug\u00eda oncopl\u00e1stica\"}]},{\"@type\":\"WebSite\",\"@id\":\"https:\\\/\\\/www.bbmnoticias.com\\\/labravaradiofm\\\/#website\",\"url\":\"https:\\\/\\\/www.bbmnoticias.com\\\/labravaradiofm\\\/\",\"name\":\"LA BRAVA RADIO\",\"description\":\"Empresa productora de medios, Radiodifusi\u00f3n, Noticias, tendencias y todo lo que necesitas saber de la pol\u00edtica mexicana e internacional; entretenimiento, espect\u00e1culos, salud y mucho m\u00e1s.\",\"potentialAction\":[{\"@type\":\"SearchAction\",\"target\":{\"@type\":\"EntryPoint\",\"urlTemplate\":\"https:\\\/\\\/www.bbmnoticias.com\\\/labravaradiofm\\\/?s={search_term_string}\"},\"query-input\":{\"@type\":\"PropertyValueSpecification\",\"valueRequired\":true,\"valueName\":\"search_term_string\"}}],\"inLanguage\":\"es\"},{\"@type\":\"Person\",\"@id\":\"https:\\\/\\\/www.bbmnoticias.com\\\/labravaradiofm\\\/#\\\/schema\\\/person\\\/34b139c617a70ea5bef5678bffe4dd7b\",\"name\":\"Staff\",\"image\":{\"@type\":\"ImageObject\",\"inLanguage\":\"es\",\"@id\":\"https:\\\/\\\/secure.gravatar.com\\\/avatar\\\/fdd21ad66fd8b98c407f9dee5b5e588cfe7f0d8579ec20fa6527cd59bab7f0f0?s=96&d=mm&r=g\",\"url\":\"https:\\\/\\\/secure.gravatar.com\\\/avatar\\\/fdd21ad66fd8b98c407f9dee5b5e588cfe7f0d8579ec20fa6527cd59bab7f0f0?s=96&d=mm&r=g\",\"contentUrl\":\"https:\\\/\\\/secure.gravatar.com\\\/avatar\\\/fdd21ad66fd8b98c407f9dee5b5e588cfe7f0d8579ec20fa6527cd59bab7f0f0?s=96&d=mm&r=g\",\"caption\":\"Staff\"},\"url\":\"https:\\\/\\\/www.bbmnoticias.com\\\/labravaradiofm\\\/author\\\/redaccion\\\/\"}]}<\/script>\n<!-- \/ Yoast SEO plugin. -->","yoast_head_json":{"title":"Paciente salva la vida y su seno con cirug\u00eda oncopl\u00e1stica - LA BRAVA RADIO","description":"Dijo que cuando le informaron sinti\u00f3 mucho temor, pero en el Seguro Social me atendi\u00f3 un maravilloso m\u00e9dico que me explic\u00f3 los tratamientos","robots":{"index":"index","follow":"follow","max-snippet":"max-snippet:-1","max-image-preview":"max-image-preview:large","max-video-preview":"max-video-preview:-1"},"canonical":"https:\/\/www.bbmnoticias.com\/labravaradiofm\/2021\/10\/15\/paciente-salva-la-vida-y-su-seno-con-cirugia-oncoplastica\/","og_locale":"es_MX","og_type":"article","og_title":"Paciente salva la vida y su seno con cirug\u00eda oncopl\u00e1stica - LA BRAVA RADIO","og_description":"Dijo que cuando le informaron sinti\u00f3 mucho temor, pero en el Seguro Social me atendi\u00f3 un maravilloso m\u00e9dico que me explic\u00f3 los tratamientos","og_url":"https:\/\/www.bbmnoticias.com\/labravaradiofm\/2021\/10\/15\/paciente-salva-la-vida-y-su-seno-con-cirugia-oncoplastica\/","og_site_name":"LA BRAVA RADIO","article_published_time":"2021-10-15T16:29:19+00:00","article_modified_time":"2021-10-15T16:29:20+00:00","og_image":[{"width":1280,"height":853,"url":"https:\/\/www.bbmnoticias.com\/labravaradiofm\/wp-content\/uploads\/sites\/5\/2021\/10\/nacional15102021-5.jpg","type":"image\/jpeg"}],"author":"Staff","twitter_card":"summary_large_image","twitter_misc":{"Escrito por":"Staff","Tiempo de lectura":"2 minutos"},"schema":{"@context":"https:\/\/schema.org","@graph":[{"@type":"Article","@id":"https:\/\/www.bbmnoticias.com\/labravaradiofm\/2021\/10\/15\/paciente-salva-la-vida-y-su-seno-con-cirugia-oncoplastica\/#article","isPartOf":{"@id":"https:\/\/www.bbmnoticias.com\/labravaradiofm\/2021\/10\/15\/paciente-salva-la-vida-y-su-seno-con-cirugia-oncoplastica\/"},"author":{"name":"Staff","@id":"https:\/\/www.bbmnoticias.com\/labravaradiofm\/#\/schema\/person\/34b139c617a70ea5bef5678bffe4dd7b"},"headline":"Paciente salva la vida y su seno con cirug\u00eda oncopl\u00e1stica","datePublished":"2021-10-15T16:29:19+00:00","dateModified":"2021-10-15T16:29:20+00:00","mainEntityOfPage":{"@id":"https:\/\/www.bbmnoticias.com\/labravaradiofm\/2021\/10\/15\/paciente-salva-la-vida-y-su-seno-con-cirugia-oncoplastica\/"},"wordCount":511,"image":{"@id":"https:\/\/www.bbmnoticias.com\/labravaradiofm\/2021\/10\/15\/paciente-salva-la-vida-y-su-seno-con-cirugia-oncoplastica\/#primaryimage"},"thumbnailUrl":"https:\/\/www.bbmnoticias.com\/labravaradiofm\/wp-content\/uploads\/sites\/5\/2021\/10\/nacional15102021-5.jpg","articleSection":["NACIONAL"],"inLanguage":"es"},{"@type":"WebPage","@id":"https:\/\/www.bbmnoticias.com\/labravaradiofm\/2021\/10\/15\/paciente-salva-la-vida-y-su-seno-con-cirugia-oncoplastica\/","url":"https:\/\/www.bbmnoticias.com\/labravaradiofm\/2021\/10\/15\/paciente-salva-la-vida-y-su-seno-con-cirugia-oncoplastica\/","name":"Paciente salva la vida y su seno con cirug\u00eda oncopl\u00e1stica - LA BRAVA RADIO","isPartOf":{"@id":"https:\/\/www.bbmnoticias.com\/labravaradiofm\/#website"},"primaryImageOfPage":{"@id":"https:\/\/www.bbmnoticias.com\/labravaradiofm\/2021\/10\/15\/paciente-salva-la-vida-y-su-seno-con-cirugia-oncoplastica\/#primaryimage"},"image":{"@id":"https:\/\/www.bbmnoticias.com\/labravaradiofm\/2021\/10\/15\/paciente-salva-la-vida-y-su-seno-con-cirugia-oncoplastica\/#primaryimage"},"thumbnailUrl":"https:\/\/www.bbmnoticias.com\/labravaradiofm\/wp-content\/uploads\/sites\/5\/2021\/10\/nacional15102021-5.jpg","datePublished":"2021-10-15T16:29:19+00:00","dateModified":"2021-10-15T16:29:20+00:00","author":{"@id":"https:\/\/www.bbmnoticias.com\/labravaradiofm\/#\/schema\/person\/34b139c617a70ea5bef5678bffe4dd7b"},"description":"Dijo que cuando le informaron sinti\u00f3 mucho temor, pero en el Seguro Social me atendi\u00f3 un maravilloso m\u00e9dico que me explic\u00f3 los tratamientos","breadcrumb":{"@id":"https:\/\/www.bbmnoticias.com\/labravaradiofm\/2021\/10\/15\/paciente-salva-la-vida-y-su-seno-con-cirugia-oncoplastica\/#breadcrumb"},"inLanguage":"es","potentialAction":[{"@type":"ReadAction","target":["https:\/\/www.bbmnoticias.com\/labravaradiofm\/2021\/10\/15\/paciente-salva-la-vida-y-su-seno-con-cirugia-oncoplastica\/"]}]},{"@type":"ImageObject","inLanguage":"es","@id":"https:\/\/www.bbmnoticias.com\/labravaradiofm\/2021\/10\/15\/paciente-salva-la-vida-y-su-seno-con-cirugia-oncoplastica\/#primaryimage","url":"https:\/\/www.bbmnoticias.com\/labravaradiofm\/wp-content\/uploads\/sites\/5\/2021\/10\/nacional15102021-5.jpg","contentUrl":"https:\/\/www.bbmnoticias.com\/labravaradiofm\/wp-content\/uploads\/sites\/5\/2021\/10\/nacional15102021-5.jpg","width":1280,"height":853},{"@type":"BreadcrumbList","@id":"https:\/\/www.bbmnoticias.com\/labravaradiofm\/2021\/10\/15\/paciente-salva-la-vida-y-su-seno-con-cirugia-oncoplastica\/#breadcrumb","itemListElement":[{"@type":"ListItem","position":1,"name":"Inicio","item":"https:\/\/www.bbmnoticias.com\/labravaradiofm\/"},{"@type":"ListItem","position":2,"name":"Paciente salva la vida y su seno con cirug\u00eda oncopl\u00e1stica"}]},{"@type":"WebSite","@id":"https:\/\/www.bbmnoticias.com\/labravaradiofm\/#website","url":"https:\/\/www.bbmnoticias.com\/labravaradiofm\/","name":"LA BRAVA RADIO","description":"Empresa productora de medios, Radiodifusi\u00f3n, Noticias, tendencias y todo lo que necesitas saber de la pol\u00edtica mexicana e internacional; entretenimiento, espect\u00e1culos, salud y mucho m\u00e1s.","potentialAction":[{"@type":"SearchAction","target":{"@type":"EntryPoint","urlTemplate":"https:\/\/www.bbmnoticias.com\/labravaradiofm\/?s={search_term_string}"},"query-input":{"@type":"PropertyValueSpecification","valueRequired":true,"valueName":"search_term_string"}}],"inLanguage":"es"},{"@type":"Person","@id":"https:\/\/www.bbmnoticias.com\/labravaradiofm\/#\/schema\/person\/34b139c617a70ea5bef5678bffe4dd7b","name":"Staff","image":{"@type":"ImageObject","inLanguage":"es","@id":"https:\/\/secure.gravatar.com\/avatar\/fdd21ad66fd8b98c407f9dee5b5e588cfe7f0d8579ec20fa6527cd59bab7f0f0?s=96&d=mm&r=g","url":"https:\/\/secure.gravatar.com\/avatar\/fdd21ad66fd8b98c407f9dee5b5e588cfe7f0d8579ec20fa6527cd59bab7f0f0?s=96&d=mm&r=g","contentUrl":"https:\/\/secure.gravatar.com\/avatar\/fdd21ad66fd8b98c407f9dee5b5e588cfe7f0d8579ec20fa6527cd59bab7f0f0?s=96&d=mm&r=g","caption":"Staff"},"url":"https:\/\/www.bbmnoticias.com\/labravaradiofm\/author\/redaccion\/"}]}},"_links":{"self":[{"href":"https:\/\/www.bbmnoticias.com\/labravaradiofm\/wp-json\/wp\/v2\/posts\/3818","targetHints":{"allow":["GET"]}}],"collection":[{"href":"https:\/\/www.bbmnoticias.com\/labravaradiofm\/wp-json\/wp\/v2\/posts"}],"about":[{"href":"https:\/\/www.bbmnoticias.com\/labravaradiofm\/wp-json\/wp\/v2\/types\/post"}],"author":[{"embeddable":true,"href":"https:\/\/www.bbmnoticias.com\/labravaradiofm\/wp-json\/wp\/v2\/users\/2"}],"replies":[{"embeddable":true,"href":"https:\/\/www.bbmnoticias.com\/labravaradiofm\/wp-json\/wp\/v2\/comments?post=3818"}],"version-history":[{"count":0,"href":"https:\/\/www.bbmnoticias.com\/labravaradiofm\/wp-json\/wp\/v2\/posts\/3818\/revisions"}],"wp:featuredmedia":[{"embeddable":true,"href":"https:\/\/www.bbmnoticias.com\/labravaradiofm\/wp-json\/wp\/v2\/media\/3819"}],"wp:attachment":[{"href":"https:\/\/www.bbmnoticias.com\/labravaradiofm\/wp-json\/wp\/v2\/media?parent=3818"}],"wp:term":[{"taxonomy":"category","embeddable":true,"href":"https:\/\/www.bbmnoticias.com\/labravaradiofm\/wp-json\/wp\/v2\/categories?post=3818"},{"taxonomy":"post_tag","embeddable":true,"href":"https:\/\/www.bbmnoticias.com\/labravaradiofm\/wp-json\/wp\/v2\/tags?post=3818"}],"curies":[{"name":"wp","href":"https:\/\/api.w.org\/{rel}","templated":true}]}}