{"id":3815,"date":"2021-10-15T10:09:36","date_gmt":"2021-10-15T15:09:36","guid":{"rendered":"https:\/\/www.bbmnoticias.com\/labravaradiofm\/?p=3815"},"modified":"2021-10-15T10:09:37","modified_gmt":"2021-10-15T15:09:37","slug":"por-su-compromiso-y-trabajo-en-el-bienestar-de-la-poblacion-los-sso-reconocen-a-profesionales-de-la-salud","status":"publish","type":"post","link":"https:\/\/www.bbmnoticias.com\/labravaradiofm\/2021\/10\/15\/por-su-compromiso-y-trabajo-en-el-bienestar-de-la-poblacion-los-sso-reconocen-a-profesionales-de-la-salud\/","title":{"rendered":"Por su compromiso y trabajo en el bienestar de la poblaci\u00f3n, los SSO reconocen a profesionales de la salud"},"content":{"rendered":"<div style=\"margin-top: 0px; margin-bottom: 0px;\" class=\"sharethis-inline-share-buttons\" ><\/div>\n<p><strong>Oaxaca de Ju\u00e1rez, Oax.-<\/strong> En el marco del D\u00eda del Trabajador de la Salud que se conmemora en M\u00e9xico el d\u00eda 15 de octubre de cada a\u00f1o, los Servicios de Salud de Oaxaca (SSO) reconocieron el trabajo de las y los profesionales de la medicina, quienes a\u00fan en circunstancias adversas, como la vivida en la actual pandemia por COVID-19, han cumplido su misi\u00f3n de velar por el bienestar de la poblaci\u00f3n con disciplina y compromiso.<\/p>\n\n\n\n<p>El secretario de Salud y Director General de los SSO, Juan Carlos M\u00e1rquez Heine, hizo extensiva la felicitaci\u00f3n a todo el personal que integra esta noble instituci\u00f3n, desde los Hospitales Generales, Comunitarios, Centros de Salud, Unidades de Especialidades M\u00e9dicas y Cl\u00ednicas de Especialidad, a quienes extendi\u00f3 su agradecimiento, integridad, resilencia y vocaci\u00f3n en el ejercicio de sus profesiones.<\/p>\n\n\n\n<p>\u201cEl rol que han desempe\u00f1ado ha sido crucial en el combate a la pandemia, pero sobre todo por su aportaci\u00f3n de conocimientos, habilidades y destrezas que permiten la identificaci\u00f3n y atenci\u00f3n de calidad a cada una de las enfermedades que aquejan a las familias y comunidades de Oaxaca\u201d, subray\u00f3.<\/p>\n\n\n\n<p>En este sentido, M\u00e1rquez Heine, dio su m\u00e1s sentido p\u00e9same y solidaridad a las familias de los trabajadores del Sector Salud quienes han fallecido a causa del virus SARS-COV2, quienes en el contexto de esta emergencia sanitaria dieron lo mejor a beneficio de la salud p\u00fablica.<\/p>\n\n\n\n<p>Y es que al corte del 14 de octubre el acumulado de casos del personal con diagn\u00f3stico positivo a este Coronavirus es de seis mil 530, de los cuales, 40 mujeres y 74 hombres, de diversas ramas y especialidades de la medicina han perdido la vida.<\/p>\n\n\n\n<p>As\u00ed tambi\u00e9n los SSO precisaron que, la pandemia por COVID-19 ha dejado m\u00faltiples lecciones y aprendizajes, ha desencadenado procesos de adaptaci\u00f3n y reestructuraci\u00f3n en la red hospitalaria, y se est\u00e1 trabajando para que la instituci\u00f3n sea m\u00e1s s\u00f3lida, unida, con entornos favorables y con pleno respeto a los derechos laborales de los trabajadores, ya que solo as\u00ed se pueden otorgar mejores servicios -en particular para quienes menos tienen-, caminando en equipo.<\/p>\n\n\n\n<p>Por lo anterior, tambi\u00e9n destac\u00f3 la labor del personal que brinda acciones de promoci\u00f3n, prevenci\u00f3n y vigilancia, a quienes se han sumado y en conjunto refuerzan la cadena de salud a favor de las comunidades, pues gracias a su trabajo y esfuerzo se coadyuva a prevenir enfermedades, a fomentar estilos de vida saludables y evitar riesgos sanitarios, pero sobre todo su labor contribuye a construir un mejor Oaxaca, indic\u00f3 la dependencia.<\/p>\n","protected":false},"excerpt":{"rendered":"<p>Oaxaca de Ju\u00e1rez, Oax.- En el marco del D\u00eda del Trabajador de la Salud que se conmemora en M\u00e9xico el d\u00eda 15 de octubre de cada a\u00f1o, los Servicios de Salud de Oaxaca (SSO) reconocieron el trabajo de las y los profesionales de la medicina, quienes a\u00fan en circunstancias adversas, como la vivida en la [&hellip;]<\/p>\n","protected":false},"author":2,"featured_media":3816,"comment_status":"closed","ping_status":"closed","sticky":false,"template":"","format":"standard","meta":{"footnotes":""},"categories":[2],"tags":[],"class_list":{"0":"post-3815","1":"post","2":"type-post","3":"status-publish","4":"format-standard","5":"has-post-thumbnail","7":"category-oaxaca"},"yoast_head":"<!-- This site is optimized with the Yoast SEO plugin v27.4 - https:\/\/yoast.com\/product\/yoast-seo-wordpress\/ -->\n<title>Por su compromiso y trabajo en el bienestar de la poblaci\u00f3n, los SSO reconocen a profesionales de la salud - LA BRAVA RADIO<\/title>\n<meta name=\"description\" content=\"El secretario de Salud y Director General de los SSO, Juan Carlos M\u00e1rquez Heine, hizo extensiva la felicitaci\u00f3n a todo el personal\" \/>\n<meta name=\"robots\" content=\"index, follow, max-snippet:-1, max-image-preview:large, max-video-preview:-1\" \/>\n<link rel=\"canonical\" href=\"https:\/\/www.bbmnoticias.com\/labravaradiofm\/2021\/10\/15\/por-su-compromiso-y-trabajo-en-el-bienestar-de-la-poblacion-los-sso-reconocen-a-profesionales-de-la-salud\/\" \/>\n<meta property=\"og:locale\" content=\"es_MX\" \/>\n<meta property=\"og:type\" content=\"article\" \/>\n<meta property=\"og:title\" content=\"Por su compromiso y trabajo en el bienestar de la poblaci\u00f3n, los SSO reconocen a profesionales de la salud - LA BRAVA RADIO\" \/>\n<meta property=\"og:description\" content=\"El secretario de Salud y Director General de los SSO, Juan Carlos M\u00e1rquez Heine, hizo extensiva la felicitaci\u00f3n a todo el personal\" \/>\n<meta property=\"og:url\" content=\"https:\/\/www.bbmnoticias.com\/labravaradiofm\/2021\/10\/15\/por-su-compromiso-y-trabajo-en-el-bienestar-de-la-poblacion-los-sso-reconocen-a-profesionales-de-la-salud\/\" \/>\n<meta property=\"og:site_name\" content=\"LA BRAVA RADIO\" \/>\n<meta property=\"article:published_time\" content=\"2021-10-15T15:09:36+00:00\" \/>\n<meta property=\"article:modified_time\" content=\"2021-10-15T15:09:37+00:00\" \/>\n<meta property=\"og:image\" content=\"https:\/\/www.bbmnoticias.com\/labravaradiofm\/wp-content\/uploads\/sites\/5\/2021\/10\/local15102021-3.jpg\" \/>\n\t<meta property=\"og:image:width\" content=\"900\" \/>\n\t<meta property=\"og:image:height\" content=\"550\" \/>\n\t<meta property=\"og:image:type\" content=\"image\/jpeg\" \/>\n<meta name=\"author\" content=\"Staff\" \/>\n<meta name=\"twitter:card\" content=\"summary_large_image\" \/>\n<meta name=\"twitter:label1\" content=\"Escrito por\" \/>\n\t<meta name=\"twitter:data1\" content=\"Staff\" \/>\n\t<meta name=\"twitter:label2\" content=\"Tiempo de lectura\" \/>\n\t<meta name=\"twitter:data2\" content=\"2 minutos\" \/>\n<script type=\"application\/ld+json\" class=\"yoast-schema-graph\">{\"@context\":\"https:\\\/\\\/schema.org\",\"@graph\":[{\"@type\":\"Article\",\"@id\":\"https:\\\/\\\/www.bbmnoticias.com\\\/labravaradiofm\\\/2021\\\/10\\\/15\\\/por-su-compromiso-y-trabajo-en-el-bienestar-de-la-poblacion-los-sso-reconocen-a-profesionales-de-la-salud\\\/#article\",\"isPartOf\":{\"@id\":\"https:\\\/\\\/www.bbmnoticias.com\\\/labravaradiofm\\\/2021\\\/10\\\/15\\\/por-su-compromiso-y-trabajo-en-el-bienestar-de-la-poblacion-los-sso-reconocen-a-profesionales-de-la-salud\\\/\"},\"author\":{\"name\":\"Staff\",\"@id\":\"https:\\\/\\\/www.bbmnoticias.com\\\/labravaradiofm\\\/#\\\/schema\\\/person\\\/34b139c617a70ea5bef5678bffe4dd7b\"},\"headline\":\"Por su compromiso y trabajo en el bienestar de la poblaci\u00f3n, los SSO reconocen a profesionales de la salud\",\"datePublished\":\"2021-10-15T15:09:36+00:00\",\"dateModified\":\"2021-10-15T15:09:37+00:00\",\"mainEntityOfPage\":{\"@id\":\"https:\\\/\\\/www.bbmnoticias.com\\\/labravaradiofm\\\/2021\\\/10\\\/15\\\/por-su-compromiso-y-trabajo-en-el-bienestar-de-la-poblacion-los-sso-reconocen-a-profesionales-de-la-salud\\\/\"},\"wordCount\":465,\"image\":{\"@id\":\"https:\\\/\\\/www.bbmnoticias.com\\\/labravaradiofm\\\/2021\\\/10\\\/15\\\/por-su-compromiso-y-trabajo-en-el-bienestar-de-la-poblacion-los-sso-reconocen-a-profesionales-de-la-salud\\\/#primaryimage\"},\"thumbnailUrl\":\"https:\\\/\\\/www.bbmnoticias.com\\\/labravaradiofm\\\/wp-content\\\/uploads\\\/sites\\\/5\\\/2021\\\/10\\\/local15102021-3.jpg\",\"articleSection\":[\"LOCAL\"],\"inLanguage\":\"es\"},{\"@type\":\"WebPage\",\"@id\":\"https:\\\/\\\/www.bbmnoticias.com\\\/labravaradiofm\\\/2021\\\/10\\\/15\\\/por-su-compromiso-y-trabajo-en-el-bienestar-de-la-poblacion-los-sso-reconocen-a-profesionales-de-la-salud\\\/\",\"url\":\"https:\\\/\\\/www.bbmnoticias.com\\\/labravaradiofm\\\/2021\\\/10\\\/15\\\/por-su-compromiso-y-trabajo-en-el-bienestar-de-la-poblacion-los-sso-reconocen-a-profesionales-de-la-salud\\\/\",\"name\":\"Por su compromiso y trabajo en el bienestar de la poblaci\u00f3n, los SSO reconocen a profesionales de la salud - LA BRAVA RADIO\",\"isPartOf\":{\"@id\":\"https:\\\/\\\/www.bbmnoticias.com\\\/labravaradiofm\\\/#website\"},\"primaryImageOfPage\":{\"@id\":\"https:\\\/\\\/www.bbmnoticias.com\\\/labravaradiofm\\\/2021\\\/10\\\/15\\\/por-su-compromiso-y-trabajo-en-el-bienestar-de-la-poblacion-los-sso-reconocen-a-profesionales-de-la-salud\\\/#primaryimage\"},\"image\":{\"@id\":\"https:\\\/\\\/www.bbmnoticias.com\\\/labravaradiofm\\\/2021\\\/10\\\/15\\\/por-su-compromiso-y-trabajo-en-el-bienestar-de-la-poblacion-los-sso-reconocen-a-profesionales-de-la-salud\\\/#primaryimage\"},\"thumbnailUrl\":\"https:\\\/\\\/www.bbmnoticias.com\\\/labravaradiofm\\\/wp-content\\\/uploads\\\/sites\\\/5\\\/2021\\\/10\\\/local15102021-3.jpg\",\"datePublished\":\"2021-10-15T15:09:36+00:00\",\"dateModified\":\"2021-10-15T15:09:37+00:00\",\"author\":{\"@id\":\"https:\\\/\\\/www.bbmnoticias.com\\\/labravaradiofm\\\/#\\\/schema\\\/person\\\/34b139c617a70ea5bef5678bffe4dd7b\"},\"description\":\"El secretario de Salud y Director General de los SSO, Juan Carlos M\u00e1rquez Heine, hizo extensiva la felicitaci\u00f3n a todo el personal\",\"breadcrumb\":{\"@id\":\"https:\\\/\\\/www.bbmnoticias.com\\\/labravaradiofm\\\/2021\\\/10\\\/15\\\/por-su-compromiso-y-trabajo-en-el-bienestar-de-la-poblacion-los-sso-reconocen-a-profesionales-de-la-salud\\\/#breadcrumb\"},\"inLanguage\":\"es\",\"potentialAction\":[{\"@type\":\"ReadAction\",\"target\":[\"https:\\\/\\\/www.bbmnoticias.com\\\/labravaradiofm\\\/2021\\\/10\\\/15\\\/por-su-compromiso-y-trabajo-en-el-bienestar-de-la-poblacion-los-sso-reconocen-a-profesionales-de-la-salud\\\/\"]}]},{\"@type\":\"ImageObject\",\"inLanguage\":\"es\",\"@id\":\"https:\\\/\\\/www.bbmnoticias.com\\\/labravaradiofm\\\/2021\\\/10\\\/15\\\/por-su-compromiso-y-trabajo-en-el-bienestar-de-la-poblacion-los-sso-reconocen-a-profesionales-de-la-salud\\\/#primaryimage\",\"url\":\"https:\\\/\\\/www.bbmnoticias.com\\\/labravaradiofm\\\/wp-content\\\/uploads\\\/sites\\\/5\\\/2021\\\/10\\\/local15102021-3.jpg\",\"contentUrl\":\"https:\\\/\\\/www.bbmnoticias.com\\\/labravaradiofm\\\/wp-content\\\/uploads\\\/sites\\\/5\\\/2021\\\/10\\\/local15102021-3.jpg\",\"width\":900,\"height\":550},{\"@type\":\"BreadcrumbList\",\"@id\":\"https:\\\/\\\/www.bbmnoticias.com\\\/labravaradiofm\\\/2021\\\/10\\\/15\\\/por-su-compromiso-y-trabajo-en-el-bienestar-de-la-poblacion-los-sso-reconocen-a-profesionales-de-la-salud\\\/#breadcrumb\",\"itemListElement\":[{\"@type\":\"ListItem\",\"position\":1,\"name\":\"Inicio\",\"item\":\"https:\\\/\\\/www.bbmnoticias.com\\\/labravaradiofm\\\/\"},{\"@type\":\"ListItem\",\"position\":2,\"name\":\"Por su compromiso y trabajo en el bienestar de la poblaci\u00f3n, los SSO reconocen a profesionales de la salud\"}]},{\"@type\":\"WebSite\",\"@id\":\"https:\\\/\\\/www.bbmnoticias.com\\\/labravaradiofm\\\/#website\",\"url\":\"https:\\\/\\\/www.bbmnoticias.com\\\/labravaradiofm\\\/\",\"name\":\"LA BRAVA RADIO\",\"description\":\"Empresa productora de medios, Radiodifusi\u00f3n, Noticias, tendencias y todo lo que necesitas saber de la pol\u00edtica mexicana e internacional; entretenimiento, espect\u00e1culos, salud y mucho m\u00e1s.\",\"potentialAction\":[{\"@type\":\"SearchAction\",\"target\":{\"@type\":\"EntryPoint\",\"urlTemplate\":\"https:\\\/\\\/www.bbmnoticias.com\\\/labravaradiofm\\\/?s={search_term_string}\"},\"query-input\":{\"@type\":\"PropertyValueSpecification\",\"valueRequired\":true,\"valueName\":\"search_term_string\"}}],\"inLanguage\":\"es\"},{\"@type\":\"Person\",\"@id\":\"https:\\\/\\\/www.bbmnoticias.com\\\/labravaradiofm\\\/#\\\/schema\\\/person\\\/34b139c617a70ea5bef5678bffe4dd7b\",\"name\":\"Staff\",\"image\":{\"@type\":\"ImageObject\",\"inLanguage\":\"es\",\"@id\":\"https:\\\/\\\/secure.gravatar.com\\\/avatar\\\/fdd21ad66fd8b98c407f9dee5b5e588cfe7f0d8579ec20fa6527cd59bab7f0f0?s=96&d=mm&r=g\",\"url\":\"https:\\\/\\\/secure.gravatar.com\\\/avatar\\\/fdd21ad66fd8b98c407f9dee5b5e588cfe7f0d8579ec20fa6527cd59bab7f0f0?s=96&d=mm&r=g\",\"contentUrl\":\"https:\\\/\\\/secure.gravatar.com\\\/avatar\\\/fdd21ad66fd8b98c407f9dee5b5e588cfe7f0d8579ec20fa6527cd59bab7f0f0?s=96&d=mm&r=g\",\"caption\":\"Staff\"},\"url\":\"https:\\\/\\\/www.bbmnoticias.com\\\/labravaradiofm\\\/author\\\/redaccion\\\/\"}]}<\/script>\n<!-- \/ Yoast SEO plugin. -->","yoast_head_json":{"title":"Por su compromiso y trabajo en el bienestar de la poblaci\u00f3n, los SSO reconocen a profesionales de la salud - LA BRAVA RADIO","description":"El secretario de Salud y Director General de los SSO, Juan Carlos M\u00e1rquez Heine, hizo extensiva la felicitaci\u00f3n a todo el personal","robots":{"index":"index","follow":"follow","max-snippet":"max-snippet:-1","max-image-preview":"max-image-preview:large","max-video-preview":"max-video-preview:-1"},"canonical":"https:\/\/www.bbmnoticias.com\/labravaradiofm\/2021\/10\/15\/por-su-compromiso-y-trabajo-en-el-bienestar-de-la-poblacion-los-sso-reconocen-a-profesionales-de-la-salud\/","og_locale":"es_MX","og_type":"article","og_title":"Por su compromiso y trabajo en el bienestar de la poblaci\u00f3n, los SSO reconocen a profesionales de la salud - LA BRAVA RADIO","og_description":"El secretario de Salud y Director General de los SSO, Juan Carlos M\u00e1rquez Heine, hizo extensiva la felicitaci\u00f3n a todo el personal","og_url":"https:\/\/www.bbmnoticias.com\/labravaradiofm\/2021\/10\/15\/por-su-compromiso-y-trabajo-en-el-bienestar-de-la-poblacion-los-sso-reconocen-a-profesionales-de-la-salud\/","og_site_name":"LA BRAVA RADIO","article_published_time":"2021-10-15T15:09:36+00:00","article_modified_time":"2021-10-15T15:09:37+00:00","og_image":[{"width":900,"height":550,"url":"https:\/\/www.bbmnoticias.com\/labravaradiofm\/wp-content\/uploads\/sites\/5\/2021\/10\/local15102021-3.jpg","type":"image\/jpeg"}],"author":"Staff","twitter_card":"summary_large_image","twitter_misc":{"Escrito por":"Staff","Tiempo de lectura":"2 minutos"},"schema":{"@context":"https:\/\/schema.org","@graph":[{"@type":"Article","@id":"https:\/\/www.bbmnoticias.com\/labravaradiofm\/2021\/10\/15\/por-su-compromiso-y-trabajo-en-el-bienestar-de-la-poblacion-los-sso-reconocen-a-profesionales-de-la-salud\/#article","isPartOf":{"@id":"https:\/\/www.bbmnoticias.com\/labravaradiofm\/2021\/10\/15\/por-su-compromiso-y-trabajo-en-el-bienestar-de-la-poblacion-los-sso-reconocen-a-profesionales-de-la-salud\/"},"author":{"name":"Staff","@id":"https:\/\/www.bbmnoticias.com\/labravaradiofm\/#\/schema\/person\/34b139c617a70ea5bef5678bffe4dd7b"},"headline":"Por su compromiso y trabajo en el bienestar de la poblaci\u00f3n, los SSO reconocen a profesionales de la salud","datePublished":"2021-10-15T15:09:36+00:00","dateModified":"2021-10-15T15:09:37+00:00","mainEntityOfPage":{"@id":"https:\/\/www.bbmnoticias.com\/labravaradiofm\/2021\/10\/15\/por-su-compromiso-y-trabajo-en-el-bienestar-de-la-poblacion-los-sso-reconocen-a-profesionales-de-la-salud\/"},"wordCount":465,"image":{"@id":"https:\/\/www.bbmnoticias.com\/labravaradiofm\/2021\/10\/15\/por-su-compromiso-y-trabajo-en-el-bienestar-de-la-poblacion-los-sso-reconocen-a-profesionales-de-la-salud\/#primaryimage"},"thumbnailUrl":"https:\/\/www.bbmnoticias.com\/labravaradiofm\/wp-content\/uploads\/sites\/5\/2021\/10\/local15102021-3.jpg","articleSection":["LOCAL"],"inLanguage":"es"},{"@type":"WebPage","@id":"https:\/\/www.bbmnoticias.com\/labravaradiofm\/2021\/10\/15\/por-su-compromiso-y-trabajo-en-el-bienestar-de-la-poblacion-los-sso-reconocen-a-profesionales-de-la-salud\/","url":"https:\/\/www.bbmnoticias.com\/labravaradiofm\/2021\/10\/15\/por-su-compromiso-y-trabajo-en-el-bienestar-de-la-poblacion-los-sso-reconocen-a-profesionales-de-la-salud\/","name":"Por su compromiso y trabajo en el bienestar de la poblaci\u00f3n, los SSO reconocen a profesionales de la salud - LA BRAVA RADIO","isPartOf":{"@id":"https:\/\/www.bbmnoticias.com\/labravaradiofm\/#website"},"primaryImageOfPage":{"@id":"https:\/\/www.bbmnoticias.com\/labravaradiofm\/2021\/10\/15\/por-su-compromiso-y-trabajo-en-el-bienestar-de-la-poblacion-los-sso-reconocen-a-profesionales-de-la-salud\/#primaryimage"},"image":{"@id":"https:\/\/www.bbmnoticias.com\/labravaradiofm\/2021\/10\/15\/por-su-compromiso-y-trabajo-en-el-bienestar-de-la-poblacion-los-sso-reconocen-a-profesionales-de-la-salud\/#primaryimage"},"thumbnailUrl":"https:\/\/www.bbmnoticias.com\/labravaradiofm\/wp-content\/uploads\/sites\/5\/2021\/10\/local15102021-3.jpg","datePublished":"2021-10-15T15:09:36+00:00","dateModified":"2021-10-15T15:09:37+00:00","author":{"@id":"https:\/\/www.bbmnoticias.com\/labravaradiofm\/#\/schema\/person\/34b139c617a70ea5bef5678bffe4dd7b"},"description":"El secretario de Salud y Director General de los SSO, Juan Carlos M\u00e1rquez Heine, hizo extensiva la felicitaci\u00f3n a todo el personal","breadcrumb":{"@id":"https:\/\/www.bbmnoticias.com\/labravaradiofm\/2021\/10\/15\/por-su-compromiso-y-trabajo-en-el-bienestar-de-la-poblacion-los-sso-reconocen-a-profesionales-de-la-salud\/#breadcrumb"},"inLanguage":"es","potentialAction":[{"@type":"ReadAction","target":["https:\/\/www.bbmnoticias.com\/labravaradiofm\/2021\/10\/15\/por-su-compromiso-y-trabajo-en-el-bienestar-de-la-poblacion-los-sso-reconocen-a-profesionales-de-la-salud\/"]}]},{"@type":"ImageObject","inLanguage":"es","@id":"https:\/\/www.bbmnoticias.com\/labravaradiofm\/2021\/10\/15\/por-su-compromiso-y-trabajo-en-el-bienestar-de-la-poblacion-los-sso-reconocen-a-profesionales-de-la-salud\/#primaryimage","url":"https:\/\/www.bbmnoticias.com\/labravaradiofm\/wp-content\/uploads\/sites\/5\/2021\/10\/local15102021-3.jpg","contentUrl":"https:\/\/www.bbmnoticias.com\/labravaradiofm\/wp-content\/uploads\/sites\/5\/2021\/10\/local15102021-3.jpg","width":900,"height":550},{"@type":"BreadcrumbList","@id":"https:\/\/www.bbmnoticias.com\/labravaradiofm\/2021\/10\/15\/por-su-compromiso-y-trabajo-en-el-bienestar-de-la-poblacion-los-sso-reconocen-a-profesionales-de-la-salud\/#breadcrumb","itemListElement":[{"@type":"ListItem","position":1,"name":"Inicio","item":"https:\/\/www.bbmnoticias.com\/labravaradiofm\/"},{"@type":"ListItem","position":2,"name":"Por su compromiso y trabajo en el bienestar de la poblaci\u00f3n, los SSO reconocen a profesionales de la salud"}]},{"@type":"WebSite","@id":"https:\/\/www.bbmnoticias.com\/labravaradiofm\/#website","url":"https:\/\/www.bbmnoticias.com\/labravaradiofm\/","name":"LA BRAVA RADIO","description":"Empresa productora de medios, Radiodifusi\u00f3n, Noticias, tendencias y todo lo que necesitas saber de la pol\u00edtica mexicana e internacional; entretenimiento, espect\u00e1culos, salud y mucho m\u00e1s.","potentialAction":[{"@type":"SearchAction","target":{"@type":"EntryPoint","urlTemplate":"https:\/\/www.bbmnoticias.com\/labravaradiofm\/?s={search_term_string}"},"query-input":{"@type":"PropertyValueSpecification","valueRequired":true,"valueName":"search_term_string"}}],"inLanguage":"es"},{"@type":"Person","@id":"https:\/\/www.bbmnoticias.com\/labravaradiofm\/#\/schema\/person\/34b139c617a70ea5bef5678bffe4dd7b","name":"Staff","image":{"@type":"ImageObject","inLanguage":"es","@id":"https:\/\/secure.gravatar.com\/avatar\/fdd21ad66fd8b98c407f9dee5b5e588cfe7f0d8579ec20fa6527cd59bab7f0f0?s=96&d=mm&r=g","url":"https:\/\/secure.gravatar.com\/avatar\/fdd21ad66fd8b98c407f9dee5b5e588cfe7f0d8579ec20fa6527cd59bab7f0f0?s=96&d=mm&r=g","contentUrl":"https:\/\/secure.gravatar.com\/avatar\/fdd21ad66fd8b98c407f9dee5b5e588cfe7f0d8579ec20fa6527cd59bab7f0f0?s=96&d=mm&r=g","caption":"Staff"},"url":"https:\/\/www.bbmnoticias.com\/labravaradiofm\/author\/redaccion\/"}]}},"_links":{"self":[{"href":"https:\/\/www.bbmnoticias.com\/labravaradiofm\/wp-json\/wp\/v2\/posts\/3815","targetHints":{"allow":["GET"]}}],"collection":[{"href":"https:\/\/www.bbmnoticias.com\/labravaradiofm\/wp-json\/wp\/v2\/posts"}],"about":[{"href":"https:\/\/www.bbmnoticias.com\/labravaradiofm\/wp-json\/wp\/v2\/types\/post"}],"author":[{"embeddable":true,"href":"https:\/\/www.bbmnoticias.com\/labravaradiofm\/wp-json\/wp\/v2\/users\/2"}],"replies":[{"embeddable":true,"href":"https:\/\/www.bbmnoticias.com\/labravaradiofm\/wp-json\/wp\/v2\/comments?post=3815"}],"version-history":[{"count":0,"href":"https:\/\/www.bbmnoticias.com\/labravaradiofm\/wp-json\/wp\/v2\/posts\/3815\/revisions"}],"wp:featuredmedia":[{"embeddable":true,"href":"https:\/\/www.bbmnoticias.com\/labravaradiofm\/wp-json\/wp\/v2\/media\/3816"}],"wp:attachment":[{"href":"https:\/\/www.bbmnoticias.com\/labravaradiofm\/wp-json\/wp\/v2\/media?parent=3815"}],"wp:term":[{"taxonomy":"category","embeddable":true,"href":"https:\/\/www.bbmnoticias.com\/labravaradiofm\/wp-json\/wp\/v2\/categories?post=3815"},{"taxonomy":"post_tag","embeddable":true,"href":"https:\/\/www.bbmnoticias.com\/labravaradiofm\/wp-json\/wp\/v2\/tags?post=3815"}],"curies":[{"name":"wp","href":"https:\/\/api.w.org\/{rel}","templated":true}]}}