{"id":3809,"date":"2021-10-15T09:23:28","date_gmt":"2021-10-15T14:23:28","guid":{"rendered":"https:\/\/www.bbmnoticias.com\/labravaradiofm\/?p=3809"},"modified":"2021-10-15T09:23:29","modified_gmt":"2021-10-15T14:23:29","slug":"hugo-lopez-gatell-el-cubrebocas-se-convirtio-en-un-instrumento-para-los-egoistas","status":"publish","type":"post","link":"https:\/\/www.bbmnoticias.com\/labravaradiofm\/2021\/10\/15\/hugo-lopez-gatell-el-cubrebocas-se-convirtio-en-un-instrumento-para-los-egoistas\/","title":{"rendered":"Hugo L\u00f3pez-Gatell: \u201cEl cubrebocas se convirti\u00f3 en un instrumento para los ego\u00edstas\u201d"},"content":{"rendered":"<div style=\"margin-top: 0px; margin-bottom: 0px;\" class=\"sharethis-inline-share-buttons\" ><\/div>\n<p><strong>Hugo L\u00f3pez-Gatell<\/strong>, subsecretario de Prevenci\u00f3n y Promoci\u00f3n de la Salud, asegura que el <strong>cubrebocas<\/strong> se convirti\u00f3 en un <strong>instrumento <\/strong>para los <strong>ego\u00edstas durante<\/strong> la pandemia por Covid-19 en M\u00e9xico.<\/p>\n\n\n\n<p>El 13 de octubre, <strong>Hugo L\u00f3pez-Gatell <\/strong>particip\u00f3 en la charla \u201cLa solidaridad en la pandemia\u201d, en el marco de la Feria Internacional del Libro Z\u00f3calo 2021.<\/p>\n\n\n\n<h2 class=\"wp-block-heading\">El cubrebocas se debi\u00f3 usar con un fin colectivo, se\u00f1ala Hugo L\u00f3pez-Gatell<\/h2>\n\n\n\n<p>En su intervenci\u00f3n,<strong> Hugo L\u00f3pez-Gatell<\/strong>se\u00f1al\u00f3 que el cubrebocas se convirti\u00f3 en un instrumento para las personas ego\u00edstas y \u201cecharle la culpa a los dem\u00e1s\u201d.<\/p>\n\n\n\n<figure class=\"wp-block-pullquote\"><blockquote><p>\u201cLa idea del cubrebocas se convirti\u00f3 en el instrumento con que las personas ego\u00edstas y los grupos sociales ego\u00edstas trataban de echarle la culpa a los dem\u00e1s\u201dHugo L\u00f3pez-Gatell<\/p><\/blockquote><\/figure>\n\n\n\n<p>El funcionario asegur\u00f3 que el <strong>cubrebocas<\/strong> fue usado por la poblaci\u00f3n de manera ego\u00edsta porque s\u00f3lo se buscaba la protecci\u00f3n de si mismos o de la familia, sin una visi\u00f3n colectiva.<\/p>\n\n\n\n<p>\u201cQue se ponga el cubrebocas porque si no me va a contaminar a m\u00ed y a mi familia y a mi peque\u00f1o universo\u201d, agreg\u00f3 Hugo L\u00f3pez-Gatell.<\/p>\n\n\n\n<p>Para <strong>Hugo L\u00f3pez-Gatell, <\/strong>si se hubiera usado el cubrebocas como un instrumento para protegerse de manera colectiva habr\u00eda mejores resultados.<\/p>\n\n\n\n<figure class=\"wp-block-pullquote\"><blockquote><p>\u201cCuando en t\u00e9rminos t\u00e9cnicos, si hubi\u00e9ramos pensado en el cubrebocas como un instrumento de conexi\u00f3n social para protegernos unos a los otros hubi\u00e9ramos tenido tambi\u00e9n mejores resultados\u201dHugo L\u00f3pez-Gatell<\/p><\/blockquote><\/figure>\n\n\n\n<h2 class=\"wp-block-heading\">Hugo L\u00f3pez-Gatell narra lecciones aprendidas por la pandemia<\/h2>\n\n\n\n<p>En su intervenci\u00f3n,<strong> Hugo L\u00f3pez-Gatell<\/strong> tambi\u00e9n remarc\u00f3 las lecciones aprehendidas ante la pandemia por Covid-19.<\/p>\n\n\n\n<p>Las enfermedades infecciosas, como el Covid-19, son hasta cierto punto irremediables, porque forman parte de la naturaleza del planeta, se\u00f1al\u00f3 L\u00f3pez- Gatell.<\/p>\n\n\n\n<p>Sin embargo, L\u00f3pez-Gatell dijo que el <strong>Covid-19 <\/strong>no s\u00f3lo se debe reducir a un fen\u00f3meno biol\u00f3gico, sino se deben identificar todos los problemas de salud y la desigualdad de condiciones.<\/p>\n\n\n\n<p>Por lo cual, est\u00e1 pendiente entrar en la reflexi\u00f3n de porque en cada pa\u00eds se vivieron realidades distintas de la pandemia, dijo.<\/p>\n\n\n\n<p><strong>L\u00f3pez-Gatell <\/strong>destac\u00f3 que M\u00e9xico nunca alcanz\u00f3 un sistema de salud competente que permitiera tener una cobertura universal.<\/p>\n\n\n\n<figure class=\"wp-block-pullquote\"><blockquote><p>\u201cLa insuficiencia de nuestro sistema de salud es tan monstruosa que tenemos que visualizar que ser\u00e1 un proceso largo de reconstrucci\u00f3n (\u2026) para lograr un sistema p\u00fablico, gratuito y de cobertura universal\u201dHugo L\u00f3pez-Gatell<\/p><\/blockquote><\/figure>\n\n\n\n<p>Finalmente, el funcionario aprovech\u00f3 para reiterar que durante la pandemia hubo un fen\u00f3meno de desinformaci\u00f3n por la prensa \u201cadversaria\u201d.<\/p>\n\n\n\n<figure class=\"wp-block-embed is-type-rich is-provider-twitter wp-block-embed-twitter\"><div class=\"wp-block-embed__wrapper\">\n<blockquote class=\"twitter-tweet\" data-width=\"550\" data-dnt=\"true\"><p lang=\"es\" dir=\"ltr\">\u201cLa idea del cubrebocas se convirti\u00f3 en un instrumento con cual las personas ego\u00edstas y los grupos sociales ego\u00edstas trataban de echarle la culpa a los dem\u00e1s\u201d\/Hugo L\u00f3pez Gatell <a href=\"https:\/\/t.co\/TVtJBytYff\">pic.twitter.com\/TVtJBytYff<\/a><\/p>&mdash; Denise Dresser (@DeniseDresserG) <a href=\"https:\/\/twitter.com\/DeniseDresserG\/status\/1448815564248555523?ref_src=twsrc%5Etfw\">October 15, 2021<\/a><\/blockquote><script async src=\"https:\/\/platform.twitter.com\/widgets.js\" charset=\"utf-8\"><\/script>\n<\/div><\/figure>\n","protected":false},"excerpt":{"rendered":"<p>Hugo L\u00f3pez-Gatell, subsecretario de Prevenci\u00f3n y Promoci\u00f3n de la Salud, asegura que el cubrebocas se convirti\u00f3 en un instrumento para los ego\u00edstas durante la pandemia por Covid-19 en M\u00e9xico. El 13 de octubre, Hugo L\u00f3pez-Gatell particip\u00f3 en la charla \u201cLa solidaridad en la pandemia\u201d, en el marco de la Feria Internacional del Libro Z\u00f3calo 2021. [&hellip;]<\/p>\n","protected":false},"author":12,"featured_media":3810,"comment_status":"closed","ping_status":"closed","sticky":false,"template":"","format":"standard","meta":{"footnotes":""},"categories":[19],"tags":[],"class_list":{"0":"post-3809","1":"post","2":"type-post","3":"status-publish","4":"format-standard","5":"has-post-thumbnail","7":"category-nacional"},"yoast_head":"<!-- This site is optimized with the Yoast SEO plugin v27.4 - https:\/\/yoast.com\/product\/yoast-seo-wordpress\/ -->\n<title>Hugo L\u00f3pez-Gatell: \u201cEl cubrebocas se convirti\u00f3 en un instrumento para los ego\u00edstas\u201d - LA BRAVA RADIO<\/title>\n<meta name=\"description\" content=\"Las enfermedades infecciosas, como el Covid-19, son hasta cierto punto irremediables, porque forman parte de la naturaleza del planeta\" \/>\n<meta name=\"robots\" content=\"index, follow, max-snippet:-1, max-image-preview:large, max-video-preview:-1\" \/>\n<link rel=\"canonical\" href=\"https:\/\/www.bbmnoticias.com\/labravaradiofm\/2021\/10\/15\/hugo-lopez-gatell-el-cubrebocas-se-convirtio-en-un-instrumento-para-los-egoistas\/\" \/>\n<meta property=\"og:locale\" content=\"es_MX\" \/>\n<meta property=\"og:type\" content=\"article\" \/>\n<meta property=\"og:title\" content=\"Hugo L\u00f3pez-Gatell: \u201cEl cubrebocas se convirti\u00f3 en un instrumento para los ego\u00edstas\u201d - LA BRAVA RADIO\" \/>\n<meta property=\"og:description\" content=\"Las enfermedades infecciosas, como el Covid-19, son hasta cierto punto irremediables, porque forman parte de la naturaleza del planeta\" \/>\n<meta property=\"og:url\" content=\"https:\/\/www.bbmnoticias.com\/labravaradiofm\/2021\/10\/15\/hugo-lopez-gatell-el-cubrebocas-se-convirtio-en-un-instrumento-para-los-egoistas\/\" \/>\n<meta property=\"og:site_name\" content=\"LA BRAVA RADIO\" \/>\n<meta property=\"article:published_time\" content=\"2021-10-15T14:23:28+00:00\" \/>\n<meta property=\"article:modified_time\" content=\"2021-10-15T14:23:29+00:00\" \/>\n<meta property=\"og:image\" content=\"https:\/\/www.bbmnoticias.com\/labravaradiofm\/wp-content\/uploads\/sites\/5\/2021\/10\/nacional15102021-2.webp\" \/>\n\t<meta property=\"og:image:width\" content=\"640\" \/>\n\t<meta property=\"og:image:height\" content=\"360\" \/>\n\t<meta property=\"og:image:type\" content=\"image\/webp\" \/>\n<meta name=\"author\" content=\"SDPnoticias\" \/>\n<meta name=\"twitter:card\" content=\"summary_large_image\" \/>\n<meta name=\"twitter:label1\" content=\"Escrito por\" \/>\n\t<meta name=\"twitter:data1\" content=\"SDPnoticias\" \/>\n\t<meta name=\"twitter:label2\" content=\"Tiempo de lectura\" \/>\n\t<meta name=\"twitter:data2\" content=\"2 minutos\" \/>\n<script type=\"application\/ld+json\" class=\"yoast-schema-graph\">{\"@context\":\"https:\\\/\\\/schema.org\",\"@graph\":[{\"@type\":\"Article\",\"@id\":\"https:\\\/\\\/www.bbmnoticias.com\\\/labravaradiofm\\\/2021\\\/10\\\/15\\\/hugo-lopez-gatell-el-cubrebocas-se-convirtio-en-un-instrumento-para-los-egoistas\\\/#article\",\"isPartOf\":{\"@id\":\"https:\\\/\\\/www.bbmnoticias.com\\\/labravaradiofm\\\/2021\\\/10\\\/15\\\/hugo-lopez-gatell-el-cubrebocas-se-convirtio-en-un-instrumento-para-los-egoistas\\\/\"},\"author\":{\"name\":\"SDPnoticias\",\"@id\":\"https:\\\/\\\/www.bbmnoticias.com\\\/labravaradiofm\\\/#\\\/schema\\\/person\\\/dd54c3159a8392b3c13f071a62fce1fb\"},\"headline\":\"Hugo L\u00f3pez-Gatell: \u201cEl cubrebocas se convirti\u00f3 en un instrumento para los ego\u00edstas\u201d\",\"datePublished\":\"2021-10-15T14:23:28+00:00\",\"dateModified\":\"2021-10-15T14:23:29+00:00\",\"mainEntityOfPage\":{\"@id\":\"https:\\\/\\\/www.bbmnoticias.com\\\/labravaradiofm\\\/2021\\\/10\\\/15\\\/hugo-lopez-gatell-el-cubrebocas-se-convirtio-en-un-instrumento-para-los-egoistas\\\/\"},\"wordCount\":462,\"image\":{\"@id\":\"https:\\\/\\\/www.bbmnoticias.com\\\/labravaradiofm\\\/2021\\\/10\\\/15\\\/hugo-lopez-gatell-el-cubrebocas-se-convirtio-en-un-instrumento-para-los-egoistas\\\/#primaryimage\"},\"thumbnailUrl\":\"https:\\\/\\\/www.bbmnoticias.com\\\/labravaradiofm\\\/wp-content\\\/uploads\\\/sites\\\/5\\\/2021\\\/10\\\/nacional15102021-2.webp\",\"articleSection\":[\"NACIONAL\"],\"inLanguage\":\"es\"},{\"@type\":\"WebPage\",\"@id\":\"https:\\\/\\\/www.bbmnoticias.com\\\/labravaradiofm\\\/2021\\\/10\\\/15\\\/hugo-lopez-gatell-el-cubrebocas-se-convirtio-en-un-instrumento-para-los-egoistas\\\/\",\"url\":\"https:\\\/\\\/www.bbmnoticias.com\\\/labravaradiofm\\\/2021\\\/10\\\/15\\\/hugo-lopez-gatell-el-cubrebocas-se-convirtio-en-un-instrumento-para-los-egoistas\\\/\",\"name\":\"Hugo L\u00f3pez-Gatell: \u201cEl cubrebocas se convirti\u00f3 en un instrumento para los ego\u00edstas\u201d - LA BRAVA RADIO\",\"isPartOf\":{\"@id\":\"https:\\\/\\\/www.bbmnoticias.com\\\/labravaradiofm\\\/#website\"},\"primaryImageOfPage\":{\"@id\":\"https:\\\/\\\/www.bbmnoticias.com\\\/labravaradiofm\\\/2021\\\/10\\\/15\\\/hugo-lopez-gatell-el-cubrebocas-se-convirtio-en-un-instrumento-para-los-egoistas\\\/#primaryimage\"},\"image\":{\"@id\":\"https:\\\/\\\/www.bbmnoticias.com\\\/labravaradiofm\\\/2021\\\/10\\\/15\\\/hugo-lopez-gatell-el-cubrebocas-se-convirtio-en-un-instrumento-para-los-egoistas\\\/#primaryimage\"},\"thumbnailUrl\":\"https:\\\/\\\/www.bbmnoticias.com\\\/labravaradiofm\\\/wp-content\\\/uploads\\\/sites\\\/5\\\/2021\\\/10\\\/nacional15102021-2.webp\",\"datePublished\":\"2021-10-15T14:23:28+00:00\",\"dateModified\":\"2021-10-15T14:23:29+00:00\",\"author\":{\"@id\":\"https:\\\/\\\/www.bbmnoticias.com\\\/labravaradiofm\\\/#\\\/schema\\\/person\\\/dd54c3159a8392b3c13f071a62fce1fb\"},\"description\":\"Las enfermedades infecciosas, como el Covid-19, son hasta cierto punto irremediables, porque forman parte de la naturaleza del planeta\",\"breadcrumb\":{\"@id\":\"https:\\\/\\\/www.bbmnoticias.com\\\/labravaradiofm\\\/2021\\\/10\\\/15\\\/hugo-lopez-gatell-el-cubrebocas-se-convirtio-en-un-instrumento-para-los-egoistas\\\/#breadcrumb\"},\"inLanguage\":\"es\",\"potentialAction\":[{\"@type\":\"ReadAction\",\"target\":[\"https:\\\/\\\/www.bbmnoticias.com\\\/labravaradiofm\\\/2021\\\/10\\\/15\\\/hugo-lopez-gatell-el-cubrebocas-se-convirtio-en-un-instrumento-para-los-egoistas\\\/\"]}]},{\"@type\":\"ImageObject\",\"inLanguage\":\"es\",\"@id\":\"https:\\\/\\\/www.bbmnoticias.com\\\/labravaradiofm\\\/2021\\\/10\\\/15\\\/hugo-lopez-gatell-el-cubrebocas-se-convirtio-en-un-instrumento-para-los-egoistas\\\/#primaryimage\",\"url\":\"https:\\\/\\\/www.bbmnoticias.com\\\/labravaradiofm\\\/wp-content\\\/uploads\\\/sites\\\/5\\\/2021\\\/10\\\/nacional15102021-2.webp\",\"contentUrl\":\"https:\\\/\\\/www.bbmnoticias.com\\\/labravaradiofm\\\/wp-content\\\/uploads\\\/sites\\\/5\\\/2021\\\/10\\\/nacional15102021-2.webp\",\"width\":640,\"height\":360},{\"@type\":\"BreadcrumbList\",\"@id\":\"https:\\\/\\\/www.bbmnoticias.com\\\/labravaradiofm\\\/2021\\\/10\\\/15\\\/hugo-lopez-gatell-el-cubrebocas-se-convirtio-en-un-instrumento-para-los-egoistas\\\/#breadcrumb\",\"itemListElement\":[{\"@type\":\"ListItem\",\"position\":1,\"name\":\"Inicio\",\"item\":\"https:\\\/\\\/www.bbmnoticias.com\\\/labravaradiofm\\\/\"},{\"@type\":\"ListItem\",\"position\":2,\"name\":\"Hugo L\u00f3pez-Gatell: \u201cEl cubrebocas se convirti\u00f3 en un instrumento para los ego\u00edstas\u201d\"}]},{\"@type\":\"WebSite\",\"@id\":\"https:\\\/\\\/www.bbmnoticias.com\\\/labravaradiofm\\\/#website\",\"url\":\"https:\\\/\\\/www.bbmnoticias.com\\\/labravaradiofm\\\/\",\"name\":\"LA BRAVA RADIO\",\"description\":\"Empresa productora de medios, Radiodifusi\u00f3n, Noticias, tendencias y todo lo que necesitas saber de la pol\u00edtica mexicana e internacional; entretenimiento, espect\u00e1culos, salud y mucho m\u00e1s.\",\"potentialAction\":[{\"@type\":\"SearchAction\",\"target\":{\"@type\":\"EntryPoint\",\"urlTemplate\":\"https:\\\/\\\/www.bbmnoticias.com\\\/labravaradiofm\\\/?s={search_term_string}\"},\"query-input\":{\"@type\":\"PropertyValueSpecification\",\"valueRequired\":true,\"valueName\":\"search_term_string\"}}],\"inLanguage\":\"es\"},{\"@type\":\"Person\",\"@id\":\"https:\\\/\\\/www.bbmnoticias.com\\\/labravaradiofm\\\/#\\\/schema\\\/person\\\/dd54c3159a8392b3c13f071a62fce1fb\",\"name\":\"SDPnoticias\",\"image\":{\"@type\":\"ImageObject\",\"inLanguage\":\"es\",\"@id\":\"https:\\\/\\\/secure.gravatar.com\\\/avatar\\\/015ede9175a06d999d8b2b09e108b48c9e008e4ee44a647956086b51bbce326c?s=96&d=mm&r=g\",\"url\":\"https:\\\/\\\/secure.gravatar.com\\\/avatar\\\/015ede9175a06d999d8b2b09e108b48c9e008e4ee44a647956086b51bbce326c?s=96&d=mm&r=g\",\"contentUrl\":\"https:\\\/\\\/secure.gravatar.com\\\/avatar\\\/015ede9175a06d999d8b2b09e108b48c9e008e4ee44a647956086b51bbce326c?s=96&d=mm&r=g\",\"caption\":\"SDPnoticias\"},\"url\":\"https:\\\/\\\/www.bbmnoticias.com\\\/labravaradiofm\\\/author\\\/sdpnoticias\\\/\"}]}<\/script>\n<!-- \/ Yoast SEO plugin. -->","yoast_head_json":{"title":"Hugo L\u00f3pez-Gatell: \u201cEl cubrebocas se convirti\u00f3 en un instrumento para los ego\u00edstas\u201d - LA BRAVA RADIO","description":"Las enfermedades infecciosas, como el Covid-19, son hasta cierto punto irremediables, porque forman parte de la naturaleza del planeta","robots":{"index":"index","follow":"follow","max-snippet":"max-snippet:-1","max-image-preview":"max-image-preview:large","max-video-preview":"max-video-preview:-1"},"canonical":"https:\/\/www.bbmnoticias.com\/labravaradiofm\/2021\/10\/15\/hugo-lopez-gatell-el-cubrebocas-se-convirtio-en-un-instrumento-para-los-egoistas\/","og_locale":"es_MX","og_type":"article","og_title":"Hugo L\u00f3pez-Gatell: \u201cEl cubrebocas se convirti\u00f3 en un instrumento para los ego\u00edstas\u201d - LA BRAVA RADIO","og_description":"Las enfermedades infecciosas, como el Covid-19, son hasta cierto punto irremediables, porque forman parte de la naturaleza del planeta","og_url":"https:\/\/www.bbmnoticias.com\/labravaradiofm\/2021\/10\/15\/hugo-lopez-gatell-el-cubrebocas-se-convirtio-en-un-instrumento-para-los-egoistas\/","og_site_name":"LA BRAVA RADIO","article_published_time":"2021-10-15T14:23:28+00:00","article_modified_time":"2021-10-15T14:23:29+00:00","og_image":[{"width":640,"height":360,"url":"https:\/\/www.bbmnoticias.com\/labravaradiofm\/wp-content\/uploads\/sites\/5\/2021\/10\/nacional15102021-2.webp","type":"image\/webp"}],"author":"SDPnoticias","twitter_card":"summary_large_image","twitter_misc":{"Escrito por":"SDPnoticias","Tiempo de lectura":"2 minutos"},"schema":{"@context":"https:\/\/schema.org","@graph":[{"@type":"Article","@id":"https:\/\/www.bbmnoticias.com\/labravaradiofm\/2021\/10\/15\/hugo-lopez-gatell-el-cubrebocas-se-convirtio-en-un-instrumento-para-los-egoistas\/#article","isPartOf":{"@id":"https:\/\/www.bbmnoticias.com\/labravaradiofm\/2021\/10\/15\/hugo-lopez-gatell-el-cubrebocas-se-convirtio-en-un-instrumento-para-los-egoistas\/"},"author":{"name":"SDPnoticias","@id":"https:\/\/www.bbmnoticias.com\/labravaradiofm\/#\/schema\/person\/dd54c3159a8392b3c13f071a62fce1fb"},"headline":"Hugo L\u00f3pez-Gatell: \u201cEl cubrebocas se convirti\u00f3 en un instrumento para los ego\u00edstas\u201d","datePublished":"2021-10-15T14:23:28+00:00","dateModified":"2021-10-15T14:23:29+00:00","mainEntityOfPage":{"@id":"https:\/\/www.bbmnoticias.com\/labravaradiofm\/2021\/10\/15\/hugo-lopez-gatell-el-cubrebocas-se-convirtio-en-un-instrumento-para-los-egoistas\/"},"wordCount":462,"image":{"@id":"https:\/\/www.bbmnoticias.com\/labravaradiofm\/2021\/10\/15\/hugo-lopez-gatell-el-cubrebocas-se-convirtio-en-un-instrumento-para-los-egoistas\/#primaryimage"},"thumbnailUrl":"https:\/\/www.bbmnoticias.com\/labravaradiofm\/wp-content\/uploads\/sites\/5\/2021\/10\/nacional15102021-2.webp","articleSection":["NACIONAL"],"inLanguage":"es"},{"@type":"WebPage","@id":"https:\/\/www.bbmnoticias.com\/labravaradiofm\/2021\/10\/15\/hugo-lopez-gatell-el-cubrebocas-se-convirtio-en-un-instrumento-para-los-egoistas\/","url":"https:\/\/www.bbmnoticias.com\/labravaradiofm\/2021\/10\/15\/hugo-lopez-gatell-el-cubrebocas-se-convirtio-en-un-instrumento-para-los-egoistas\/","name":"Hugo L\u00f3pez-Gatell: \u201cEl cubrebocas se convirti\u00f3 en un instrumento para los ego\u00edstas\u201d - LA BRAVA RADIO","isPartOf":{"@id":"https:\/\/www.bbmnoticias.com\/labravaradiofm\/#website"},"primaryImageOfPage":{"@id":"https:\/\/www.bbmnoticias.com\/labravaradiofm\/2021\/10\/15\/hugo-lopez-gatell-el-cubrebocas-se-convirtio-en-un-instrumento-para-los-egoistas\/#primaryimage"},"image":{"@id":"https:\/\/www.bbmnoticias.com\/labravaradiofm\/2021\/10\/15\/hugo-lopez-gatell-el-cubrebocas-se-convirtio-en-un-instrumento-para-los-egoistas\/#primaryimage"},"thumbnailUrl":"https:\/\/www.bbmnoticias.com\/labravaradiofm\/wp-content\/uploads\/sites\/5\/2021\/10\/nacional15102021-2.webp","datePublished":"2021-10-15T14:23:28+00:00","dateModified":"2021-10-15T14:23:29+00:00","author":{"@id":"https:\/\/www.bbmnoticias.com\/labravaradiofm\/#\/schema\/person\/dd54c3159a8392b3c13f071a62fce1fb"},"description":"Las enfermedades infecciosas, como el Covid-19, son hasta cierto punto irremediables, porque forman parte de la naturaleza del planeta","breadcrumb":{"@id":"https:\/\/www.bbmnoticias.com\/labravaradiofm\/2021\/10\/15\/hugo-lopez-gatell-el-cubrebocas-se-convirtio-en-un-instrumento-para-los-egoistas\/#breadcrumb"},"inLanguage":"es","potentialAction":[{"@type":"ReadAction","target":["https:\/\/www.bbmnoticias.com\/labravaradiofm\/2021\/10\/15\/hugo-lopez-gatell-el-cubrebocas-se-convirtio-en-un-instrumento-para-los-egoistas\/"]}]},{"@type":"ImageObject","inLanguage":"es","@id":"https:\/\/www.bbmnoticias.com\/labravaradiofm\/2021\/10\/15\/hugo-lopez-gatell-el-cubrebocas-se-convirtio-en-un-instrumento-para-los-egoistas\/#primaryimage","url":"https:\/\/www.bbmnoticias.com\/labravaradiofm\/wp-content\/uploads\/sites\/5\/2021\/10\/nacional15102021-2.webp","contentUrl":"https:\/\/www.bbmnoticias.com\/labravaradiofm\/wp-content\/uploads\/sites\/5\/2021\/10\/nacional15102021-2.webp","width":640,"height":360},{"@type":"BreadcrumbList","@id":"https:\/\/www.bbmnoticias.com\/labravaradiofm\/2021\/10\/15\/hugo-lopez-gatell-el-cubrebocas-se-convirtio-en-un-instrumento-para-los-egoistas\/#breadcrumb","itemListElement":[{"@type":"ListItem","position":1,"name":"Inicio","item":"https:\/\/www.bbmnoticias.com\/labravaradiofm\/"},{"@type":"ListItem","position":2,"name":"Hugo L\u00f3pez-Gatell: \u201cEl cubrebocas se convirti\u00f3 en un instrumento para los ego\u00edstas\u201d"}]},{"@type":"WebSite","@id":"https:\/\/www.bbmnoticias.com\/labravaradiofm\/#website","url":"https:\/\/www.bbmnoticias.com\/labravaradiofm\/","name":"LA BRAVA RADIO","description":"Empresa productora de medios, Radiodifusi\u00f3n, Noticias, tendencias y todo lo que necesitas saber de la pol\u00edtica mexicana e internacional; entretenimiento, espect\u00e1culos, salud y mucho m\u00e1s.","potentialAction":[{"@type":"SearchAction","target":{"@type":"EntryPoint","urlTemplate":"https:\/\/www.bbmnoticias.com\/labravaradiofm\/?s={search_term_string}"},"query-input":{"@type":"PropertyValueSpecification","valueRequired":true,"valueName":"search_term_string"}}],"inLanguage":"es"},{"@type":"Person","@id":"https:\/\/www.bbmnoticias.com\/labravaradiofm\/#\/schema\/person\/dd54c3159a8392b3c13f071a62fce1fb","name":"SDPnoticias","image":{"@type":"ImageObject","inLanguage":"es","@id":"https:\/\/secure.gravatar.com\/avatar\/015ede9175a06d999d8b2b09e108b48c9e008e4ee44a647956086b51bbce326c?s=96&d=mm&r=g","url":"https:\/\/secure.gravatar.com\/avatar\/015ede9175a06d999d8b2b09e108b48c9e008e4ee44a647956086b51bbce326c?s=96&d=mm&r=g","contentUrl":"https:\/\/secure.gravatar.com\/avatar\/015ede9175a06d999d8b2b09e108b48c9e008e4ee44a647956086b51bbce326c?s=96&d=mm&r=g","caption":"SDPnoticias"},"url":"https:\/\/www.bbmnoticias.com\/labravaradiofm\/author\/sdpnoticias\/"}]}},"_links":{"self":[{"href":"https:\/\/www.bbmnoticias.com\/labravaradiofm\/wp-json\/wp\/v2\/posts\/3809","targetHints":{"allow":["GET"]}}],"collection":[{"href":"https:\/\/www.bbmnoticias.com\/labravaradiofm\/wp-json\/wp\/v2\/posts"}],"about":[{"href":"https:\/\/www.bbmnoticias.com\/labravaradiofm\/wp-json\/wp\/v2\/types\/post"}],"author":[{"embeddable":true,"href":"https:\/\/www.bbmnoticias.com\/labravaradiofm\/wp-json\/wp\/v2\/users\/12"}],"replies":[{"embeddable":true,"href":"https:\/\/www.bbmnoticias.com\/labravaradiofm\/wp-json\/wp\/v2\/comments?post=3809"}],"version-history":[{"count":0,"href":"https:\/\/www.bbmnoticias.com\/labravaradiofm\/wp-json\/wp\/v2\/posts\/3809\/revisions"}],"wp:featuredmedia":[{"embeddable":true,"href":"https:\/\/www.bbmnoticias.com\/labravaradiofm\/wp-json\/wp\/v2\/media\/3810"}],"wp:attachment":[{"href":"https:\/\/www.bbmnoticias.com\/labravaradiofm\/wp-json\/wp\/v2\/media?parent=3809"}],"wp:term":[{"taxonomy":"category","embeddable":true,"href":"https:\/\/www.bbmnoticias.com\/labravaradiofm\/wp-json\/wp\/v2\/categories?post=3809"},{"taxonomy":"post_tag","embeddable":true,"href":"https:\/\/www.bbmnoticias.com\/labravaradiofm\/wp-json\/wp\/v2\/tags?post=3809"}],"curies":[{"name":"wp","href":"https:\/\/api.w.org\/{rel}","templated":true}]}}