{"id":3803,"date":"2021-10-15T08:46:44","date_gmt":"2021-10-15T13:46:44","guid":{"rendered":"https:\/\/www.bbmnoticias.com\/labravaradiofm\/?p=3803"},"modified":"2021-10-15T08:46:45","modified_gmt":"2021-10-15T13:46:45","slug":"vinculado-a-proceso-responsable-de-los-feminicidios-de-su-concubina-y-su-hija-cometidos-en-nazareno-etla","status":"publish","type":"post","link":"https:\/\/www.bbmnoticias.com\/labravaradiofm\/2021\/10\/15\/vinculado-a-proceso-responsable-de-los-feminicidios-de-su-concubina-y-su-hija-cometidos-en-nazareno-etla\/","title":{"rendered":"Vinculado a proceso responsable de los feminicidios de su concubina y su hija, cometidos en Nazareno Etla"},"content":{"rendered":"<div style=\"margin-top: 0px; margin-bottom: 0px;\" class=\"sharethis-inline-share-buttons\" ><\/div>\n<p><strong>Oaxaca de Ju\u00e1rez, Oax.-<\/strong> La Fiscal\u00eda General del Estado de Oaxaca (FGEO) obtuvo, del Juzgado de Control, auto de vinculaci\u00f3n a proceso contra la persona del sexo masculino identificada como A. M. A., probable responsable del delito de feminicidio en agravio de su concubina que en vida respondiera al nombre de A. L. H. C. y de su hija de 8 meses de edad, cometido el pasado 7 de octubre de 2021, en jurisdicci\u00f3n de Nazareno Etla, en la regi\u00f3n de Valles Centrales.<\/p>\n\n\n\n<p>De acuerdo con la carpeta de investigaci\u00f3n 32944\/FVCE\/ETLA\/2021, el 7 de octubre del a\u00f1o en curso, aproximadamente a las 02:10 horas, el imputado se traslad\u00f3 con ambas v\u00edctimas a bordo de un mototaxi al paraje denominado \u201cLa Fresnera\u201d, en la zona lim\u00edtrofe de Nazareno Etla, donde ocurrieron los hechos en que las privaron de la vida.<\/p>\n\n\n\n<p>Tras el hallazgo de los cuerpos, la Instituci\u00f3n de procuraci\u00f3n de justicia despleg\u00f3 a su personal multidisciplinario en el lugar de los hechos, iniciando la investigaci\u00f3n bajo el Protocolo Ministerial, Policial y Pericial del Delito de Feminicidio en el Estado de Oaxaca.<\/p>\n\n\n\n<p>Las primeras indagatorias apuntaron a la probable responsabilidad del imputado, por lo que la FGEO ejecut\u00f3 orden de aprehensi\u00f3n en su contra y lo present\u00f3 ante el Juez de la causa, quien tras validar los datos de prueba proporcionados por la Vicefiscal\u00eda Regional de Valles Centrales, determin\u00f3 vincular a proceso a A. M. A., imponiendo como medida cautelar prisi\u00f3n preventiva justificada y otorg\u00f3 cuatro meses para el cierre de investigaci\u00f3n complementaria.<\/p>\n","protected":false},"excerpt":{"rendered":"<p>Oaxaca de Ju\u00e1rez, Oax.- La Fiscal\u00eda General del Estado de Oaxaca (FGEO) obtuvo, del Juzgado de Control, auto de vinculaci\u00f3n a proceso contra la persona del sexo masculino identificada como A. M. A., probable responsable del delito de feminicidio en agravio de su concubina que en vida respondiera al nombre de A. L. H. C. [&hellip;]<\/p>\n","protected":false},"author":2,"featured_media":3804,"comment_status":"closed","ping_status":"closed","sticky":false,"template":"","format":"standard","meta":{"footnotes":""},"categories":[20],"tags":[],"class_list":{"0":"post-3803","1":"post","2":"type-post","3":"status-publish","4":"format-standard","5":"has-post-thumbnail","7":"category-policiaca"},"yoast_head":"<!-- This site is optimized with the Yoast SEO plugin v27.4 - https:\/\/yoast.com\/product\/yoast-seo-wordpress\/ -->\n<title>Vinculado a proceso responsable de los feminicidios de su concubina y su hija, cometidos en Nazareno Etla - LA BRAVA RADIO<\/title>\n<meta name=\"description\" content=\"El 7 de octubre del a\u00f1o en curso, aproximadamente a las 02:10 horas, el imputado se traslad\u00f3 con ambas v\u00edctimas a bordo de un mototaxi\" \/>\n<meta name=\"robots\" content=\"index, follow, max-snippet:-1, max-image-preview:large, max-video-preview:-1\" \/>\n<link rel=\"canonical\" href=\"https:\/\/www.bbmnoticias.com\/labravaradiofm\/2021\/10\/15\/vinculado-a-proceso-responsable-de-los-feminicidios-de-su-concubina-y-su-hija-cometidos-en-nazareno-etla\/\" \/>\n<meta property=\"og:locale\" content=\"es_MX\" \/>\n<meta property=\"og:type\" content=\"article\" \/>\n<meta property=\"og:title\" content=\"Vinculado a proceso responsable de los feminicidios de su concubina y su hija, cometidos en Nazareno Etla - LA BRAVA RADIO\" \/>\n<meta property=\"og:description\" content=\"El 7 de octubre del a\u00f1o en curso, aproximadamente a las 02:10 horas, el imputado se traslad\u00f3 con ambas v\u00edctimas a bordo de un mototaxi\" \/>\n<meta property=\"og:url\" content=\"https:\/\/www.bbmnoticias.com\/labravaradiofm\/2021\/10\/15\/vinculado-a-proceso-responsable-de-los-feminicidios-de-su-concubina-y-su-hija-cometidos-en-nazareno-etla\/\" \/>\n<meta property=\"og:site_name\" content=\"LA BRAVA RADIO\" \/>\n<meta property=\"article:published_time\" content=\"2021-10-15T13:46:44+00:00\" \/>\n<meta property=\"article:modified_time\" content=\"2021-10-15T13:46:45+00:00\" \/>\n<meta property=\"og:image\" content=\"https:\/\/www.bbmnoticias.com\/labravaradiofm\/wp-content\/uploads\/sites\/5\/2021\/10\/policiaca15102021-1.jpg\" \/>\n\t<meta property=\"og:image:width\" content=\"679\" \/>\n\t<meta property=\"og:image:height\" content=\"377\" \/>\n\t<meta property=\"og:image:type\" content=\"image\/jpeg\" \/>\n<meta name=\"author\" content=\"Staff\" \/>\n<meta name=\"twitter:card\" content=\"summary_large_image\" \/>\n<meta name=\"twitter:label1\" content=\"Escrito por\" \/>\n\t<meta name=\"twitter:data1\" content=\"Staff\" \/>\n\t<meta name=\"twitter:label2\" content=\"Tiempo de lectura\" \/>\n\t<meta name=\"twitter:data2\" content=\"2 minutos\" \/>\n<script type=\"application\/ld+json\" class=\"yoast-schema-graph\">{\"@context\":\"https:\\\/\\\/schema.org\",\"@graph\":[{\"@type\":\"Article\",\"@id\":\"https:\\\/\\\/www.bbmnoticias.com\\\/labravaradiofm\\\/2021\\\/10\\\/15\\\/vinculado-a-proceso-responsable-de-los-feminicidios-de-su-concubina-y-su-hija-cometidos-en-nazareno-etla\\\/#article\",\"isPartOf\":{\"@id\":\"https:\\\/\\\/www.bbmnoticias.com\\\/labravaradiofm\\\/2021\\\/10\\\/15\\\/vinculado-a-proceso-responsable-de-los-feminicidios-de-su-concubina-y-su-hija-cometidos-en-nazareno-etla\\\/\"},\"author\":{\"name\":\"Staff\",\"@id\":\"https:\\\/\\\/www.bbmnoticias.com\\\/labravaradiofm\\\/#\\\/schema\\\/person\\\/34b139c617a70ea5bef5678bffe4dd7b\"},\"headline\":\"Vinculado a proceso responsable de los feminicidios de su concubina y su hija, cometidos en Nazareno Etla\",\"datePublished\":\"2021-10-15T13:46:44+00:00\",\"dateModified\":\"2021-10-15T13:46:45+00:00\",\"mainEntityOfPage\":{\"@id\":\"https:\\\/\\\/www.bbmnoticias.com\\\/labravaradiofm\\\/2021\\\/10\\\/15\\\/vinculado-a-proceso-responsable-de-los-feminicidios-de-su-concubina-y-su-hija-cometidos-en-nazareno-etla\\\/\"},\"wordCount\":282,\"image\":{\"@id\":\"https:\\\/\\\/www.bbmnoticias.com\\\/labravaradiofm\\\/2021\\\/10\\\/15\\\/vinculado-a-proceso-responsable-de-los-feminicidios-de-su-concubina-y-su-hija-cometidos-en-nazareno-etla\\\/#primaryimage\"},\"thumbnailUrl\":\"https:\\\/\\\/www.bbmnoticias.com\\\/labravaradiofm\\\/wp-content\\\/uploads\\\/sites\\\/5\\\/2021\\\/10\\\/policiaca15102021-1.jpg\",\"articleSection\":[\"POLICIACA\"],\"inLanguage\":\"es\"},{\"@type\":\"WebPage\",\"@id\":\"https:\\\/\\\/www.bbmnoticias.com\\\/labravaradiofm\\\/2021\\\/10\\\/15\\\/vinculado-a-proceso-responsable-de-los-feminicidios-de-su-concubina-y-su-hija-cometidos-en-nazareno-etla\\\/\",\"url\":\"https:\\\/\\\/www.bbmnoticias.com\\\/labravaradiofm\\\/2021\\\/10\\\/15\\\/vinculado-a-proceso-responsable-de-los-feminicidios-de-su-concubina-y-su-hija-cometidos-en-nazareno-etla\\\/\",\"name\":\"Vinculado a proceso responsable de los feminicidios de su concubina y su hija, cometidos en Nazareno Etla - LA BRAVA RADIO\",\"isPartOf\":{\"@id\":\"https:\\\/\\\/www.bbmnoticias.com\\\/labravaradiofm\\\/#website\"},\"primaryImageOfPage\":{\"@id\":\"https:\\\/\\\/www.bbmnoticias.com\\\/labravaradiofm\\\/2021\\\/10\\\/15\\\/vinculado-a-proceso-responsable-de-los-feminicidios-de-su-concubina-y-su-hija-cometidos-en-nazareno-etla\\\/#primaryimage\"},\"image\":{\"@id\":\"https:\\\/\\\/www.bbmnoticias.com\\\/labravaradiofm\\\/2021\\\/10\\\/15\\\/vinculado-a-proceso-responsable-de-los-feminicidios-de-su-concubina-y-su-hija-cometidos-en-nazareno-etla\\\/#primaryimage\"},\"thumbnailUrl\":\"https:\\\/\\\/www.bbmnoticias.com\\\/labravaradiofm\\\/wp-content\\\/uploads\\\/sites\\\/5\\\/2021\\\/10\\\/policiaca15102021-1.jpg\",\"datePublished\":\"2021-10-15T13:46:44+00:00\",\"dateModified\":\"2021-10-15T13:46:45+00:00\",\"author\":{\"@id\":\"https:\\\/\\\/www.bbmnoticias.com\\\/labravaradiofm\\\/#\\\/schema\\\/person\\\/34b139c617a70ea5bef5678bffe4dd7b\"},\"description\":\"El 7 de octubre del a\u00f1o en curso, aproximadamente a las 02:10 horas, el imputado se traslad\u00f3 con ambas v\u00edctimas a bordo de un mototaxi\",\"breadcrumb\":{\"@id\":\"https:\\\/\\\/www.bbmnoticias.com\\\/labravaradiofm\\\/2021\\\/10\\\/15\\\/vinculado-a-proceso-responsable-de-los-feminicidios-de-su-concubina-y-su-hija-cometidos-en-nazareno-etla\\\/#breadcrumb\"},\"inLanguage\":\"es\",\"potentialAction\":[{\"@type\":\"ReadAction\",\"target\":[\"https:\\\/\\\/www.bbmnoticias.com\\\/labravaradiofm\\\/2021\\\/10\\\/15\\\/vinculado-a-proceso-responsable-de-los-feminicidios-de-su-concubina-y-su-hija-cometidos-en-nazareno-etla\\\/\"]}]},{\"@type\":\"ImageObject\",\"inLanguage\":\"es\",\"@id\":\"https:\\\/\\\/www.bbmnoticias.com\\\/labravaradiofm\\\/2021\\\/10\\\/15\\\/vinculado-a-proceso-responsable-de-los-feminicidios-de-su-concubina-y-su-hija-cometidos-en-nazareno-etla\\\/#primaryimage\",\"url\":\"https:\\\/\\\/www.bbmnoticias.com\\\/labravaradiofm\\\/wp-content\\\/uploads\\\/sites\\\/5\\\/2021\\\/10\\\/policiaca15102021-1.jpg\",\"contentUrl\":\"https:\\\/\\\/www.bbmnoticias.com\\\/labravaradiofm\\\/wp-content\\\/uploads\\\/sites\\\/5\\\/2021\\\/10\\\/policiaca15102021-1.jpg\",\"width\":679,\"height\":377},{\"@type\":\"BreadcrumbList\",\"@id\":\"https:\\\/\\\/www.bbmnoticias.com\\\/labravaradiofm\\\/2021\\\/10\\\/15\\\/vinculado-a-proceso-responsable-de-los-feminicidios-de-su-concubina-y-su-hija-cometidos-en-nazareno-etla\\\/#breadcrumb\",\"itemListElement\":[{\"@type\":\"ListItem\",\"position\":1,\"name\":\"Inicio\",\"item\":\"https:\\\/\\\/www.bbmnoticias.com\\\/labravaradiofm\\\/\"},{\"@type\":\"ListItem\",\"position\":2,\"name\":\"Vinculado a proceso responsable de los feminicidios de su concubina y su hija, cometidos en Nazareno Etla\"}]},{\"@type\":\"WebSite\",\"@id\":\"https:\\\/\\\/www.bbmnoticias.com\\\/labravaradiofm\\\/#website\",\"url\":\"https:\\\/\\\/www.bbmnoticias.com\\\/labravaradiofm\\\/\",\"name\":\"LA BRAVA RADIO\",\"description\":\"Empresa productora de medios, Radiodifusi\u00f3n, Noticias, tendencias y todo lo que necesitas saber de la pol\u00edtica mexicana e internacional; entretenimiento, espect\u00e1culos, salud y mucho m\u00e1s.\",\"potentialAction\":[{\"@type\":\"SearchAction\",\"target\":{\"@type\":\"EntryPoint\",\"urlTemplate\":\"https:\\\/\\\/www.bbmnoticias.com\\\/labravaradiofm\\\/?s={search_term_string}\"},\"query-input\":{\"@type\":\"PropertyValueSpecification\",\"valueRequired\":true,\"valueName\":\"search_term_string\"}}],\"inLanguage\":\"es\"},{\"@type\":\"Person\",\"@id\":\"https:\\\/\\\/www.bbmnoticias.com\\\/labravaradiofm\\\/#\\\/schema\\\/person\\\/34b139c617a70ea5bef5678bffe4dd7b\",\"name\":\"Staff\",\"image\":{\"@type\":\"ImageObject\",\"inLanguage\":\"es\",\"@id\":\"https:\\\/\\\/secure.gravatar.com\\\/avatar\\\/fdd21ad66fd8b98c407f9dee5b5e588cfe7f0d8579ec20fa6527cd59bab7f0f0?s=96&d=mm&r=g\",\"url\":\"https:\\\/\\\/secure.gravatar.com\\\/avatar\\\/fdd21ad66fd8b98c407f9dee5b5e588cfe7f0d8579ec20fa6527cd59bab7f0f0?s=96&d=mm&r=g\",\"contentUrl\":\"https:\\\/\\\/secure.gravatar.com\\\/avatar\\\/fdd21ad66fd8b98c407f9dee5b5e588cfe7f0d8579ec20fa6527cd59bab7f0f0?s=96&d=mm&r=g\",\"caption\":\"Staff\"},\"url\":\"https:\\\/\\\/www.bbmnoticias.com\\\/labravaradiofm\\\/author\\\/redaccion\\\/\"}]}<\/script>\n<!-- \/ Yoast SEO plugin. -->","yoast_head_json":{"title":"Vinculado a proceso responsable de los feminicidios de su concubina y su hija, cometidos en Nazareno Etla - LA BRAVA RADIO","description":"El 7 de octubre del a\u00f1o en curso, aproximadamente a las 02:10 horas, el imputado se traslad\u00f3 con ambas v\u00edctimas a bordo de un mototaxi","robots":{"index":"index","follow":"follow","max-snippet":"max-snippet:-1","max-image-preview":"max-image-preview:large","max-video-preview":"max-video-preview:-1"},"canonical":"https:\/\/www.bbmnoticias.com\/labravaradiofm\/2021\/10\/15\/vinculado-a-proceso-responsable-de-los-feminicidios-de-su-concubina-y-su-hija-cometidos-en-nazareno-etla\/","og_locale":"es_MX","og_type":"article","og_title":"Vinculado a proceso responsable de los feminicidios de su concubina y su hija, cometidos en Nazareno Etla - LA BRAVA RADIO","og_description":"El 7 de octubre del a\u00f1o en curso, aproximadamente a las 02:10 horas, el imputado se traslad\u00f3 con ambas v\u00edctimas a bordo de un mototaxi","og_url":"https:\/\/www.bbmnoticias.com\/labravaradiofm\/2021\/10\/15\/vinculado-a-proceso-responsable-de-los-feminicidios-de-su-concubina-y-su-hija-cometidos-en-nazareno-etla\/","og_site_name":"LA BRAVA RADIO","article_published_time":"2021-10-15T13:46:44+00:00","article_modified_time":"2021-10-15T13:46:45+00:00","og_image":[{"width":679,"height":377,"url":"https:\/\/www.bbmnoticias.com\/labravaradiofm\/wp-content\/uploads\/sites\/5\/2021\/10\/policiaca15102021-1.jpg","type":"image\/jpeg"}],"author":"Staff","twitter_card":"summary_large_image","twitter_misc":{"Escrito por":"Staff","Tiempo de lectura":"2 minutos"},"schema":{"@context":"https:\/\/schema.org","@graph":[{"@type":"Article","@id":"https:\/\/www.bbmnoticias.com\/labravaradiofm\/2021\/10\/15\/vinculado-a-proceso-responsable-de-los-feminicidios-de-su-concubina-y-su-hija-cometidos-en-nazareno-etla\/#article","isPartOf":{"@id":"https:\/\/www.bbmnoticias.com\/labravaradiofm\/2021\/10\/15\/vinculado-a-proceso-responsable-de-los-feminicidios-de-su-concubina-y-su-hija-cometidos-en-nazareno-etla\/"},"author":{"name":"Staff","@id":"https:\/\/www.bbmnoticias.com\/labravaradiofm\/#\/schema\/person\/34b139c617a70ea5bef5678bffe4dd7b"},"headline":"Vinculado a proceso responsable de los feminicidios de su concubina y su hija, cometidos en Nazareno Etla","datePublished":"2021-10-15T13:46:44+00:00","dateModified":"2021-10-15T13:46:45+00:00","mainEntityOfPage":{"@id":"https:\/\/www.bbmnoticias.com\/labravaradiofm\/2021\/10\/15\/vinculado-a-proceso-responsable-de-los-feminicidios-de-su-concubina-y-su-hija-cometidos-en-nazareno-etla\/"},"wordCount":282,"image":{"@id":"https:\/\/www.bbmnoticias.com\/labravaradiofm\/2021\/10\/15\/vinculado-a-proceso-responsable-de-los-feminicidios-de-su-concubina-y-su-hija-cometidos-en-nazareno-etla\/#primaryimage"},"thumbnailUrl":"https:\/\/www.bbmnoticias.com\/labravaradiofm\/wp-content\/uploads\/sites\/5\/2021\/10\/policiaca15102021-1.jpg","articleSection":["POLICIACA"],"inLanguage":"es"},{"@type":"WebPage","@id":"https:\/\/www.bbmnoticias.com\/labravaradiofm\/2021\/10\/15\/vinculado-a-proceso-responsable-de-los-feminicidios-de-su-concubina-y-su-hija-cometidos-en-nazareno-etla\/","url":"https:\/\/www.bbmnoticias.com\/labravaradiofm\/2021\/10\/15\/vinculado-a-proceso-responsable-de-los-feminicidios-de-su-concubina-y-su-hija-cometidos-en-nazareno-etla\/","name":"Vinculado a proceso responsable de los feminicidios de su concubina y su hija, cometidos en Nazareno Etla - LA BRAVA RADIO","isPartOf":{"@id":"https:\/\/www.bbmnoticias.com\/labravaradiofm\/#website"},"primaryImageOfPage":{"@id":"https:\/\/www.bbmnoticias.com\/labravaradiofm\/2021\/10\/15\/vinculado-a-proceso-responsable-de-los-feminicidios-de-su-concubina-y-su-hija-cometidos-en-nazareno-etla\/#primaryimage"},"image":{"@id":"https:\/\/www.bbmnoticias.com\/labravaradiofm\/2021\/10\/15\/vinculado-a-proceso-responsable-de-los-feminicidios-de-su-concubina-y-su-hija-cometidos-en-nazareno-etla\/#primaryimage"},"thumbnailUrl":"https:\/\/www.bbmnoticias.com\/labravaradiofm\/wp-content\/uploads\/sites\/5\/2021\/10\/policiaca15102021-1.jpg","datePublished":"2021-10-15T13:46:44+00:00","dateModified":"2021-10-15T13:46:45+00:00","author":{"@id":"https:\/\/www.bbmnoticias.com\/labravaradiofm\/#\/schema\/person\/34b139c617a70ea5bef5678bffe4dd7b"},"description":"El 7 de octubre del a\u00f1o en curso, aproximadamente a las 02:10 horas, el imputado se traslad\u00f3 con ambas v\u00edctimas a bordo de un mototaxi","breadcrumb":{"@id":"https:\/\/www.bbmnoticias.com\/labravaradiofm\/2021\/10\/15\/vinculado-a-proceso-responsable-de-los-feminicidios-de-su-concubina-y-su-hija-cometidos-en-nazareno-etla\/#breadcrumb"},"inLanguage":"es","potentialAction":[{"@type":"ReadAction","target":["https:\/\/www.bbmnoticias.com\/labravaradiofm\/2021\/10\/15\/vinculado-a-proceso-responsable-de-los-feminicidios-de-su-concubina-y-su-hija-cometidos-en-nazareno-etla\/"]}]},{"@type":"ImageObject","inLanguage":"es","@id":"https:\/\/www.bbmnoticias.com\/labravaradiofm\/2021\/10\/15\/vinculado-a-proceso-responsable-de-los-feminicidios-de-su-concubina-y-su-hija-cometidos-en-nazareno-etla\/#primaryimage","url":"https:\/\/www.bbmnoticias.com\/labravaradiofm\/wp-content\/uploads\/sites\/5\/2021\/10\/policiaca15102021-1.jpg","contentUrl":"https:\/\/www.bbmnoticias.com\/labravaradiofm\/wp-content\/uploads\/sites\/5\/2021\/10\/policiaca15102021-1.jpg","width":679,"height":377},{"@type":"BreadcrumbList","@id":"https:\/\/www.bbmnoticias.com\/labravaradiofm\/2021\/10\/15\/vinculado-a-proceso-responsable-de-los-feminicidios-de-su-concubina-y-su-hija-cometidos-en-nazareno-etla\/#breadcrumb","itemListElement":[{"@type":"ListItem","position":1,"name":"Inicio","item":"https:\/\/www.bbmnoticias.com\/labravaradiofm\/"},{"@type":"ListItem","position":2,"name":"Vinculado a proceso responsable de los feminicidios de su concubina y su hija, cometidos en Nazareno Etla"}]},{"@type":"WebSite","@id":"https:\/\/www.bbmnoticias.com\/labravaradiofm\/#website","url":"https:\/\/www.bbmnoticias.com\/labravaradiofm\/","name":"LA BRAVA RADIO","description":"Empresa productora de medios, Radiodifusi\u00f3n, Noticias, tendencias y todo lo que necesitas saber de la pol\u00edtica mexicana e internacional; entretenimiento, espect\u00e1culos, salud y mucho m\u00e1s.","potentialAction":[{"@type":"SearchAction","target":{"@type":"EntryPoint","urlTemplate":"https:\/\/www.bbmnoticias.com\/labravaradiofm\/?s={search_term_string}"},"query-input":{"@type":"PropertyValueSpecification","valueRequired":true,"valueName":"search_term_string"}}],"inLanguage":"es"},{"@type":"Person","@id":"https:\/\/www.bbmnoticias.com\/labravaradiofm\/#\/schema\/person\/34b139c617a70ea5bef5678bffe4dd7b","name":"Staff","image":{"@type":"ImageObject","inLanguage":"es","@id":"https:\/\/secure.gravatar.com\/avatar\/fdd21ad66fd8b98c407f9dee5b5e588cfe7f0d8579ec20fa6527cd59bab7f0f0?s=96&d=mm&r=g","url":"https:\/\/secure.gravatar.com\/avatar\/fdd21ad66fd8b98c407f9dee5b5e588cfe7f0d8579ec20fa6527cd59bab7f0f0?s=96&d=mm&r=g","contentUrl":"https:\/\/secure.gravatar.com\/avatar\/fdd21ad66fd8b98c407f9dee5b5e588cfe7f0d8579ec20fa6527cd59bab7f0f0?s=96&d=mm&r=g","caption":"Staff"},"url":"https:\/\/www.bbmnoticias.com\/labravaradiofm\/author\/redaccion\/"}]}},"_links":{"self":[{"href":"https:\/\/www.bbmnoticias.com\/labravaradiofm\/wp-json\/wp\/v2\/posts\/3803","targetHints":{"allow":["GET"]}}],"collection":[{"href":"https:\/\/www.bbmnoticias.com\/labravaradiofm\/wp-json\/wp\/v2\/posts"}],"about":[{"href":"https:\/\/www.bbmnoticias.com\/labravaradiofm\/wp-json\/wp\/v2\/types\/post"}],"author":[{"embeddable":true,"href":"https:\/\/www.bbmnoticias.com\/labravaradiofm\/wp-json\/wp\/v2\/users\/2"}],"replies":[{"embeddable":true,"href":"https:\/\/www.bbmnoticias.com\/labravaradiofm\/wp-json\/wp\/v2\/comments?post=3803"}],"version-history":[{"count":0,"href":"https:\/\/www.bbmnoticias.com\/labravaradiofm\/wp-json\/wp\/v2\/posts\/3803\/revisions"}],"wp:featuredmedia":[{"embeddable":true,"href":"https:\/\/www.bbmnoticias.com\/labravaradiofm\/wp-json\/wp\/v2\/media\/3804"}],"wp:attachment":[{"href":"https:\/\/www.bbmnoticias.com\/labravaradiofm\/wp-json\/wp\/v2\/media?parent=3803"}],"wp:term":[{"taxonomy":"category","embeddable":true,"href":"https:\/\/www.bbmnoticias.com\/labravaradiofm\/wp-json\/wp\/v2\/categories?post=3803"},{"taxonomy":"post_tag","embeddable":true,"href":"https:\/\/www.bbmnoticias.com\/labravaradiofm\/wp-json\/wp\/v2\/tags?post=3803"}],"curies":[{"name":"wp","href":"https:\/\/api.w.org\/{rel}","templated":true}]}}