{"id":3794,"date":"2021-10-14T20:21:01","date_gmt":"2021-10-15T01:21:01","guid":{"rendered":"https:\/\/www.bbmnoticias.com\/labravaradiofm\/?p=3794"},"modified":"2021-10-14T20:21:48","modified_gmt":"2021-10-15T01:21:48","slug":"captan-ola-gigante-de-lava-que-baja-a-gran-velocidad-del-volcan-en-la-palma","status":"publish","type":"post","link":"https:\/\/www.bbmnoticias.com\/labravaradiofm\/2021\/10\/14\/captan-ola-gigante-de-lava-que-baja-a-gran-velocidad-del-volcan-en-la-palma\/","title":{"rendered":"Captan ola gigante de lava que baja a gran velocidad del volc\u00e1n en La Palma"},"content":{"rendered":"<div style=\"margin-top: 0px; margin-bottom: 0px;\" class=\"sharethis-inline-share-buttons\" ><\/div>\n<p>A poco menos de un mes de haber iniciado erupci\u00f3n, la actividad se mantiene imparable en el <strong>volc\u00e1n Cumbre Vieja<\/strong>, en la isla espa\u00f1ola de <strong>La Palma<\/strong>, donde este jueves pudo verse un \u201ctsunami\u201d de lava.<\/p>\n\n\n\n<p>El instituto volcanol\u00f3gico de Canarias difundi\u00f3 en Twitter un video donde se ve la lava bajar a toda velocidad. \u201cUno de nuestros equipos ha podido filmar hoy un verdadero &#8216;<strong>tsunami<\/strong>&#8216; <strong>de lava<\/strong>. Impresionante velocidad y desborde del canal l\u00e1vico\u201d, se\u00f1al\u00f3.&nbsp;<\/p>\n\n\n\n<p>Tambi\u00e9n mostr\u00f3 un video donde se ve el avance de la colada de lava en el barrio de La Laguna.<\/p>\n\n\n\n<p>En las \u00faltimas horas se han registrado, adem\u00e1s,<strong> decenas de terremotos<\/strong> en la isla, de los que tres fueron perceptibles para la poblaci\u00f3n.<\/p>\n\n\n\n<p>De acuerdo con el<strong> Instituto Geogr\u00e1fico Nacional<\/strong> (<strong>IGN<\/strong>) de Espa\u00f1a, el sismo de mayor magnitud, 4.5, ocurri\u00f3 en la madrugada.<\/p>\n\n\n\n<p>Ante el avance de la colada en La Laguna, la poblaci\u00f3n fue evacuada. La lava se llev\u00f3 por delante un supermercado y atraves\u00f3 el campo de futbol.<\/p>\n\n\n\n<p>El director t\u00e9cnico del organismo que supervisa la evoluci\u00f3n de la erupci\u00f3n, el <strong>Plan de Emergencias Volc\u00e1nicas de Canarias<\/strong> (<strong>Pevolca<\/strong>), Miguel \u00c1ngel Morcuende, explic\u00f3 este jueves que el avance de esta colada en las \u00faltimas horas llev\u00f3 a la evacuaci\u00f3n preventiva de las personas que a\u00fan no hab\u00edan sido desalojadas, y que seg\u00fan el censo son unas 400.\u00a0<\/p>\n\n\n\n<figure class=\"wp-block-embed is-type-rich is-provider-twitter wp-block-embed-twitter\"><div class=\"wp-block-embed__wrapper\">\n<blockquote class=\"twitter-tweet\" data-width=\"550\" data-dnt=\"true\"><p lang=\"es\" dir=\"ltr\">Uno de nuestros equipos ha podido filmar hoy un verdadero &quot;tsunami&quot; de lava. Impresionante velocidad y desborde del canal l\u00e1vico \/ today one of our crew was able to film a truly lava &quot;tsunami&quot;. Amazing speed and overflow of the lava channel. <a href=\"https:\/\/t.co\/aoKiUSJ2bX\">pic.twitter.com\/aoKiUSJ2bX<\/a><\/p>&mdash; INVOLCAN (@involcan) <a href=\"https:\/\/twitter.com\/involcan\/status\/1448760790413193224?ref_src=twsrc%5Etfw\">October 14, 2021<\/a><\/blockquote><script async src=\"https:\/\/platform.twitter.com\/widgets.js\" charset=\"utf-8\"><\/script>\n<\/div><\/figure>\n\n\n\n<p>El 12 de octubre hab\u00edan sido evacuadas otras 800, con lo que las que han tenido que dejar sus casas en alg\u00fan momento desde el inicio de la erupci\u00f3n pasa de supera las 7 mil.<\/p>\n\n\n\n<p>El director del Pevolca ha insistido en que se trata de evacuaciones preventivas realizadas con tiempo suficiente &#8220;para que nadie se sienta agobiado&#8221;, una decisi\u00f3n adoptada tras analizar los mapas de trazabilidad, pero es dif\u00edcil anticipar el lugar por donde puede discurrir la lava o si los vecinos podr\u00e1n regresar si se ralentiza o detiene el avance.<\/p>\n\n\n\n<p>Las emisiones de di\u00f3xido de azufre en el volc\u00e1n siguen siendo altas, con valores de 15 mil 995 toneladas diarias, y la altura de la columna de cenizas y gases llega a los 2 mil 600 metros.<\/p>\n\n\n\n<figure class=\"wp-block-embed is-type-rich is-provider-twitter wp-block-embed-twitter\"><div class=\"wp-block-embed__wrapper\">\n<blockquote class=\"twitter-tweet\" data-width=\"550\" data-dnt=\"true\"><p lang=\"ca\" dir=\"ltr\">Desborde de la colada de lava en el cono principal a las 14,15 hora canaria \/ Outflow on the lava flow at the main cone at 14,15 canarian time <a href=\"https:\/\/t.co\/X1S6Pupi8M\">pic.twitter.com\/X1S6Pupi8M<\/a><\/p>&mdash; INVOLCAN (@involcan) <a href=\"https:\/\/twitter.com\/involcan\/status\/1448653285175410702?ref_src=twsrc%5Etfw\">October 14, 2021<\/a><\/blockquote><script async src=\"https:\/\/platform.twitter.com\/widgets.js\" charset=\"utf-8\"><\/script>\n<\/div><\/figure>\n\n\n\n<p>La calidad del aire en las \u00faltimas horas se mantiene buena o razonablemente buena, con algunas mediciones puntuales m\u00e1s elevadas de di\u00f3xido de azufre o part\u00edculas que siguen aconsejando usar mascarillas en el valle de Aridane, pero por primera vez en este episodio se ha registrado una medici\u00f3n elevada en el centro de investigaci\u00f3n atmosf\u00e9rica de Iza\u00f1a, en la vecina isla de Tenerife.<\/p>\n\n\n\n<p>El viento en <strong>La Palma<\/strong> sopla desde en noroeste, de modo que los gases y cenizas se dispersan hacia el suroeste, es decir, hacia el mar, lo cual es bueno para la operatividad del aeropuerto.<\/p>\n\n\n\n<p>A partir del viernes se espera una llegada de aire sahariano que no afectar\u00e1 al tr\u00e1fico a\u00e9reo, aunque el descenso en el nivel de inversi\u00f3n t\u00e9rmica puede empeorar la calidad del aire.<\/p>\n\n\n\n<p>Los \u00faltimos datos sobre la extensi\u00f3n de la lava indican que hay 674.5 hect\u00e1reas afectadas, 34.23 m\u00e1s que el mi\u00e9rcoles, y el ancho m\u00e1ximo de la colada se mantiene en mil 770 metros.<\/p>\n\n\n\n<p>Los datos de los sat\u00e9lites de monitorizaci\u00f3n terrestre de Copernicus indican que las construcciones afectadas son mil 600, de las cuales mil 548 est\u00e1n destruidas y 86 afectadas.<\/p>\n\n\n\n<p>La lava ha destruido tambi\u00e9n 179.3 hect\u00e1reas de cultivo, de las cuales 92,97 hect\u00e1reas son plataneras, 50.17 vi\u00f1edos y 12.21 aguacateros.<\/p>\n\n\n\n<p>Con informaci\u00f3n de EFE<\/p>\n","protected":false},"excerpt":{"rendered":"<p>A poco menos de un mes de haber iniciado erupci\u00f3n, la actividad se mantiene imparable en el volc\u00e1n Cumbre Vieja, en la isla espa\u00f1ola de La Palma, donde este jueves pudo verse un \u201ctsunami\u201d de lava. El instituto volcanol\u00f3gico de Canarias difundi\u00f3 en Twitter un video donde se ve la lava bajar a toda velocidad. [&hellip;]<\/p>\n","protected":false},"author":10,"featured_media":3795,"comment_status":"closed","ping_status":"closed","sticky":false,"template":"","format":"standard","meta":{"footnotes":""},"categories":[1],"tags":[],"class_list":{"0":"post-3794","1":"post","2":"type-post","3":"status-publish","4":"format-standard","5":"has-post-thumbnail","7":"category-sin-categoria"},"yoast_head":"<!-- This site is optimized with the Yoast SEO plugin v27.4 - https:\/\/yoast.com\/product\/yoast-seo-wordpress\/ -->\n<title>Captan ola gigante de lava que baja a gran velocidad del volc\u00e1n en La Palma - LA BRAVA RADIO<\/title>\n<meta name=\"description\" content=\"Ante el avance de la colada en La Laguna, la poblaci\u00f3n fue evacuada. La lava se llev\u00f3 un supermercado y atraves\u00f3 el campo de futbol.\" \/>\n<meta name=\"robots\" content=\"index, follow, max-snippet:-1, max-image-preview:large, max-video-preview:-1\" \/>\n<link rel=\"canonical\" href=\"https:\/\/www.bbmnoticias.com\/labravaradiofm\/2021\/10\/14\/captan-ola-gigante-de-lava-que-baja-a-gran-velocidad-del-volcan-en-la-palma\/\" \/>\n<meta property=\"og:locale\" content=\"es_MX\" \/>\n<meta property=\"og:type\" content=\"article\" \/>\n<meta property=\"og:title\" content=\"Captan ola gigante de lava que baja a gran velocidad del volc\u00e1n en La Palma - LA BRAVA RADIO\" \/>\n<meta property=\"og:description\" content=\"Ante el avance de la colada en La Laguna, la poblaci\u00f3n fue evacuada. La lava se llev\u00f3 un supermercado y atraves\u00f3 el campo de futbol.\" \/>\n<meta property=\"og:url\" content=\"https:\/\/www.bbmnoticias.com\/labravaradiofm\/2021\/10\/14\/captan-ola-gigante-de-lava-que-baja-a-gran-velocidad-del-volcan-en-la-palma\/\" \/>\n<meta property=\"og:site_name\" content=\"LA BRAVA RADIO\" \/>\n<meta property=\"article:published_time\" content=\"2021-10-15T01:21:01+00:00\" \/>\n<meta property=\"article:modified_time\" content=\"2021-10-15T01:21:48+00:00\" \/>\n<meta property=\"og:image\" content=\"https:\/\/www.bbmnoticias.com\/labravaradiofm\/wp-content\/uploads\/sites\/5\/2021\/10\/nacional14102021-20.webp\" \/>\n\t<meta property=\"og:image:width\" content=\"1023\" \/>\n\t<meta property=\"og:image:height\" content=\"630\" \/>\n\t<meta property=\"og:image:type\" content=\"image\/webp\" \/>\n<meta name=\"author\" content=\"El Universal\" \/>\n<meta name=\"twitter:card\" content=\"summary_large_image\" \/>\n<meta name=\"twitter:label1\" content=\"Escrito por\" \/>\n\t<meta name=\"twitter:data1\" content=\"El Universal\" \/>\n\t<meta name=\"twitter:label2\" content=\"Tiempo de lectura\" \/>\n\t<meta name=\"twitter:data2\" content=\"3 minutos\" \/>\n<script type=\"application\/ld+json\" class=\"yoast-schema-graph\">{\"@context\":\"https:\\\/\\\/schema.org\",\"@graph\":[{\"@type\":\"Article\",\"@id\":\"https:\\\/\\\/www.bbmnoticias.com\\\/labravaradiofm\\\/2021\\\/10\\\/14\\\/captan-ola-gigante-de-lava-que-baja-a-gran-velocidad-del-volcan-en-la-palma\\\/#article\",\"isPartOf\":{\"@id\":\"https:\\\/\\\/www.bbmnoticias.com\\\/labravaradiofm\\\/2021\\\/10\\\/14\\\/captan-ola-gigante-de-lava-que-baja-a-gran-velocidad-del-volcan-en-la-palma\\\/\"},\"author\":{\"name\":\"El Universal\",\"@id\":\"https:\\\/\\\/www.bbmnoticias.com\\\/labravaradiofm\\\/#\\\/schema\\\/person\\\/9d7a6a319e0df750bc43fc190d0b889b\"},\"headline\":\"Captan ola gigante de lava que baja a gran velocidad del volc\u00e1n en La Palma\",\"datePublished\":\"2021-10-15T01:21:01+00:00\",\"dateModified\":\"2021-10-15T01:21:48+00:00\",\"mainEntityOfPage\":{\"@id\":\"https:\\\/\\\/www.bbmnoticias.com\\\/labravaradiofm\\\/2021\\\/10\\\/14\\\/captan-ola-gigante-de-lava-que-baja-a-gran-velocidad-del-volcan-en-la-palma\\\/\"},\"wordCount\":629,\"image\":{\"@id\":\"https:\\\/\\\/www.bbmnoticias.com\\\/labravaradiofm\\\/2021\\\/10\\\/14\\\/captan-ola-gigante-de-lava-que-baja-a-gran-velocidad-del-volcan-en-la-palma\\\/#primaryimage\"},\"thumbnailUrl\":\"https:\\\/\\\/www.bbmnoticias.com\\\/labravaradiofm\\\/wp-content\\\/uploads\\\/sites\\\/5\\\/2021\\\/10\\\/nacional14102021-20.webp\",\"inLanguage\":\"es\"},{\"@type\":\"WebPage\",\"@id\":\"https:\\\/\\\/www.bbmnoticias.com\\\/labravaradiofm\\\/2021\\\/10\\\/14\\\/captan-ola-gigante-de-lava-que-baja-a-gran-velocidad-del-volcan-en-la-palma\\\/\",\"url\":\"https:\\\/\\\/www.bbmnoticias.com\\\/labravaradiofm\\\/2021\\\/10\\\/14\\\/captan-ola-gigante-de-lava-que-baja-a-gran-velocidad-del-volcan-en-la-palma\\\/\",\"name\":\"Captan ola gigante de lava que baja a gran velocidad del volc\u00e1n en La Palma - LA BRAVA RADIO\",\"isPartOf\":{\"@id\":\"https:\\\/\\\/www.bbmnoticias.com\\\/labravaradiofm\\\/#website\"},\"primaryImageOfPage\":{\"@id\":\"https:\\\/\\\/www.bbmnoticias.com\\\/labravaradiofm\\\/2021\\\/10\\\/14\\\/captan-ola-gigante-de-lava-que-baja-a-gran-velocidad-del-volcan-en-la-palma\\\/#primaryimage\"},\"image\":{\"@id\":\"https:\\\/\\\/www.bbmnoticias.com\\\/labravaradiofm\\\/2021\\\/10\\\/14\\\/captan-ola-gigante-de-lava-que-baja-a-gran-velocidad-del-volcan-en-la-palma\\\/#primaryimage\"},\"thumbnailUrl\":\"https:\\\/\\\/www.bbmnoticias.com\\\/labravaradiofm\\\/wp-content\\\/uploads\\\/sites\\\/5\\\/2021\\\/10\\\/nacional14102021-20.webp\",\"datePublished\":\"2021-10-15T01:21:01+00:00\",\"dateModified\":\"2021-10-15T01:21:48+00:00\",\"author\":{\"@id\":\"https:\\\/\\\/www.bbmnoticias.com\\\/labravaradiofm\\\/#\\\/schema\\\/person\\\/9d7a6a319e0df750bc43fc190d0b889b\"},\"description\":\"Ante el avance de la colada en La Laguna, la poblaci\u00f3n fue evacuada. La lava se llev\u00f3 un supermercado y atraves\u00f3 el campo de futbol.\",\"breadcrumb\":{\"@id\":\"https:\\\/\\\/www.bbmnoticias.com\\\/labravaradiofm\\\/2021\\\/10\\\/14\\\/captan-ola-gigante-de-lava-que-baja-a-gran-velocidad-del-volcan-en-la-palma\\\/#breadcrumb\"},\"inLanguage\":\"es\",\"potentialAction\":[{\"@type\":\"ReadAction\",\"target\":[\"https:\\\/\\\/www.bbmnoticias.com\\\/labravaradiofm\\\/2021\\\/10\\\/14\\\/captan-ola-gigante-de-lava-que-baja-a-gran-velocidad-del-volcan-en-la-palma\\\/\"]}]},{\"@type\":\"ImageObject\",\"inLanguage\":\"es\",\"@id\":\"https:\\\/\\\/www.bbmnoticias.com\\\/labravaradiofm\\\/2021\\\/10\\\/14\\\/captan-ola-gigante-de-lava-que-baja-a-gran-velocidad-del-volcan-en-la-palma\\\/#primaryimage\",\"url\":\"https:\\\/\\\/www.bbmnoticias.com\\\/labravaradiofm\\\/wp-content\\\/uploads\\\/sites\\\/5\\\/2021\\\/10\\\/nacional14102021-20.webp\",\"contentUrl\":\"https:\\\/\\\/www.bbmnoticias.com\\\/labravaradiofm\\\/wp-content\\\/uploads\\\/sites\\\/5\\\/2021\\\/10\\\/nacional14102021-20.webp\",\"width\":1023,\"height\":630},{\"@type\":\"BreadcrumbList\",\"@id\":\"https:\\\/\\\/www.bbmnoticias.com\\\/labravaradiofm\\\/2021\\\/10\\\/14\\\/captan-ola-gigante-de-lava-que-baja-a-gran-velocidad-del-volcan-en-la-palma\\\/#breadcrumb\",\"itemListElement\":[{\"@type\":\"ListItem\",\"position\":1,\"name\":\"Inicio\",\"item\":\"https:\\\/\\\/www.bbmnoticias.com\\\/labravaradiofm\\\/\"},{\"@type\":\"ListItem\",\"position\":2,\"name\":\"Captan ola gigante de lava que baja a gran velocidad del volc\u00e1n en La Palma\"}]},{\"@type\":\"WebSite\",\"@id\":\"https:\\\/\\\/www.bbmnoticias.com\\\/labravaradiofm\\\/#website\",\"url\":\"https:\\\/\\\/www.bbmnoticias.com\\\/labravaradiofm\\\/\",\"name\":\"LA BRAVA RADIO\",\"description\":\"Empresa productora de medios, Radiodifusi\u00f3n, Noticias, tendencias y todo lo que necesitas saber de la pol\u00edtica mexicana e internacional; entretenimiento, espect\u00e1culos, salud y mucho m\u00e1s.\",\"potentialAction\":[{\"@type\":\"SearchAction\",\"target\":{\"@type\":\"EntryPoint\",\"urlTemplate\":\"https:\\\/\\\/www.bbmnoticias.com\\\/labravaradiofm\\\/?s={search_term_string}\"},\"query-input\":{\"@type\":\"PropertyValueSpecification\",\"valueRequired\":true,\"valueName\":\"search_term_string\"}}],\"inLanguage\":\"es\"},{\"@type\":\"Person\",\"@id\":\"https:\\\/\\\/www.bbmnoticias.com\\\/labravaradiofm\\\/#\\\/schema\\\/person\\\/9d7a6a319e0df750bc43fc190d0b889b\",\"name\":\"El Universal\",\"image\":{\"@type\":\"ImageObject\",\"inLanguage\":\"es\",\"@id\":\"https:\\\/\\\/secure.gravatar.com\\\/avatar\\\/71c770e6e00bd7cb8183e56d1c59f81601544fbe41d802d7c17d05c9e25f7d06?s=96&d=mm&r=g\",\"url\":\"https:\\\/\\\/secure.gravatar.com\\\/avatar\\\/71c770e6e00bd7cb8183e56d1c59f81601544fbe41d802d7c17d05c9e25f7d06?s=96&d=mm&r=g\",\"contentUrl\":\"https:\\\/\\\/secure.gravatar.com\\\/avatar\\\/71c770e6e00bd7cb8183e56d1c59f81601544fbe41d802d7c17d05c9e25f7d06?s=96&d=mm&r=g\",\"caption\":\"El Universal\"},\"url\":\"https:\\\/\\\/www.bbmnoticias.com\\\/labravaradiofm\\\/author\\\/eluniversal\\\/\"}]}<\/script>\n<!-- \/ Yoast SEO plugin. -->","yoast_head_json":{"title":"Captan ola gigante de lava que baja a gran velocidad del volc\u00e1n en La Palma - LA BRAVA RADIO","description":"Ante el avance de la colada en La Laguna, la poblaci\u00f3n fue evacuada. La lava se llev\u00f3 un supermercado y atraves\u00f3 el campo de futbol.","robots":{"index":"index","follow":"follow","max-snippet":"max-snippet:-1","max-image-preview":"max-image-preview:large","max-video-preview":"max-video-preview:-1"},"canonical":"https:\/\/www.bbmnoticias.com\/labravaradiofm\/2021\/10\/14\/captan-ola-gigante-de-lava-que-baja-a-gran-velocidad-del-volcan-en-la-palma\/","og_locale":"es_MX","og_type":"article","og_title":"Captan ola gigante de lava que baja a gran velocidad del volc\u00e1n en La Palma - LA BRAVA RADIO","og_description":"Ante el avance de la colada en La Laguna, la poblaci\u00f3n fue evacuada. La lava se llev\u00f3 un supermercado y atraves\u00f3 el campo de futbol.","og_url":"https:\/\/www.bbmnoticias.com\/labravaradiofm\/2021\/10\/14\/captan-ola-gigante-de-lava-que-baja-a-gran-velocidad-del-volcan-en-la-palma\/","og_site_name":"LA BRAVA RADIO","article_published_time":"2021-10-15T01:21:01+00:00","article_modified_time":"2021-10-15T01:21:48+00:00","og_image":[{"width":1023,"height":630,"url":"https:\/\/www.bbmnoticias.com\/labravaradiofm\/wp-content\/uploads\/sites\/5\/2021\/10\/nacional14102021-20.webp","type":"image\/webp"}],"author":"El Universal","twitter_card":"summary_large_image","twitter_misc":{"Escrito por":"El Universal","Tiempo de lectura":"3 minutos"},"schema":{"@context":"https:\/\/schema.org","@graph":[{"@type":"Article","@id":"https:\/\/www.bbmnoticias.com\/labravaradiofm\/2021\/10\/14\/captan-ola-gigante-de-lava-que-baja-a-gran-velocidad-del-volcan-en-la-palma\/#article","isPartOf":{"@id":"https:\/\/www.bbmnoticias.com\/labravaradiofm\/2021\/10\/14\/captan-ola-gigante-de-lava-que-baja-a-gran-velocidad-del-volcan-en-la-palma\/"},"author":{"name":"El Universal","@id":"https:\/\/www.bbmnoticias.com\/labravaradiofm\/#\/schema\/person\/9d7a6a319e0df750bc43fc190d0b889b"},"headline":"Captan ola gigante de lava que baja a gran velocidad del volc\u00e1n en La Palma","datePublished":"2021-10-15T01:21:01+00:00","dateModified":"2021-10-15T01:21:48+00:00","mainEntityOfPage":{"@id":"https:\/\/www.bbmnoticias.com\/labravaradiofm\/2021\/10\/14\/captan-ola-gigante-de-lava-que-baja-a-gran-velocidad-del-volcan-en-la-palma\/"},"wordCount":629,"image":{"@id":"https:\/\/www.bbmnoticias.com\/labravaradiofm\/2021\/10\/14\/captan-ola-gigante-de-lava-que-baja-a-gran-velocidad-del-volcan-en-la-palma\/#primaryimage"},"thumbnailUrl":"https:\/\/www.bbmnoticias.com\/labravaradiofm\/wp-content\/uploads\/sites\/5\/2021\/10\/nacional14102021-20.webp","inLanguage":"es"},{"@type":"WebPage","@id":"https:\/\/www.bbmnoticias.com\/labravaradiofm\/2021\/10\/14\/captan-ola-gigante-de-lava-que-baja-a-gran-velocidad-del-volcan-en-la-palma\/","url":"https:\/\/www.bbmnoticias.com\/labravaradiofm\/2021\/10\/14\/captan-ola-gigante-de-lava-que-baja-a-gran-velocidad-del-volcan-en-la-palma\/","name":"Captan ola gigante de lava que baja a gran velocidad del volc\u00e1n en La Palma - LA BRAVA RADIO","isPartOf":{"@id":"https:\/\/www.bbmnoticias.com\/labravaradiofm\/#website"},"primaryImageOfPage":{"@id":"https:\/\/www.bbmnoticias.com\/labravaradiofm\/2021\/10\/14\/captan-ola-gigante-de-lava-que-baja-a-gran-velocidad-del-volcan-en-la-palma\/#primaryimage"},"image":{"@id":"https:\/\/www.bbmnoticias.com\/labravaradiofm\/2021\/10\/14\/captan-ola-gigante-de-lava-que-baja-a-gran-velocidad-del-volcan-en-la-palma\/#primaryimage"},"thumbnailUrl":"https:\/\/www.bbmnoticias.com\/labravaradiofm\/wp-content\/uploads\/sites\/5\/2021\/10\/nacional14102021-20.webp","datePublished":"2021-10-15T01:21:01+00:00","dateModified":"2021-10-15T01:21:48+00:00","author":{"@id":"https:\/\/www.bbmnoticias.com\/labravaradiofm\/#\/schema\/person\/9d7a6a319e0df750bc43fc190d0b889b"},"description":"Ante el avance de la colada en La Laguna, la poblaci\u00f3n fue evacuada. La lava se llev\u00f3 un supermercado y atraves\u00f3 el campo de futbol.","breadcrumb":{"@id":"https:\/\/www.bbmnoticias.com\/labravaradiofm\/2021\/10\/14\/captan-ola-gigante-de-lava-que-baja-a-gran-velocidad-del-volcan-en-la-palma\/#breadcrumb"},"inLanguage":"es","potentialAction":[{"@type":"ReadAction","target":["https:\/\/www.bbmnoticias.com\/labravaradiofm\/2021\/10\/14\/captan-ola-gigante-de-lava-que-baja-a-gran-velocidad-del-volcan-en-la-palma\/"]}]},{"@type":"ImageObject","inLanguage":"es","@id":"https:\/\/www.bbmnoticias.com\/labravaradiofm\/2021\/10\/14\/captan-ola-gigante-de-lava-que-baja-a-gran-velocidad-del-volcan-en-la-palma\/#primaryimage","url":"https:\/\/www.bbmnoticias.com\/labravaradiofm\/wp-content\/uploads\/sites\/5\/2021\/10\/nacional14102021-20.webp","contentUrl":"https:\/\/www.bbmnoticias.com\/labravaradiofm\/wp-content\/uploads\/sites\/5\/2021\/10\/nacional14102021-20.webp","width":1023,"height":630},{"@type":"BreadcrumbList","@id":"https:\/\/www.bbmnoticias.com\/labravaradiofm\/2021\/10\/14\/captan-ola-gigante-de-lava-que-baja-a-gran-velocidad-del-volcan-en-la-palma\/#breadcrumb","itemListElement":[{"@type":"ListItem","position":1,"name":"Inicio","item":"https:\/\/www.bbmnoticias.com\/labravaradiofm\/"},{"@type":"ListItem","position":2,"name":"Captan ola gigante de lava que baja a gran velocidad del volc\u00e1n en La Palma"}]},{"@type":"WebSite","@id":"https:\/\/www.bbmnoticias.com\/labravaradiofm\/#website","url":"https:\/\/www.bbmnoticias.com\/labravaradiofm\/","name":"LA BRAVA RADIO","description":"Empresa productora de medios, Radiodifusi\u00f3n, Noticias, tendencias y todo lo que necesitas saber de la pol\u00edtica mexicana e internacional; entretenimiento, espect\u00e1culos, salud y mucho m\u00e1s.","potentialAction":[{"@type":"SearchAction","target":{"@type":"EntryPoint","urlTemplate":"https:\/\/www.bbmnoticias.com\/labravaradiofm\/?s={search_term_string}"},"query-input":{"@type":"PropertyValueSpecification","valueRequired":true,"valueName":"search_term_string"}}],"inLanguage":"es"},{"@type":"Person","@id":"https:\/\/www.bbmnoticias.com\/labravaradiofm\/#\/schema\/person\/9d7a6a319e0df750bc43fc190d0b889b","name":"El Universal","image":{"@type":"ImageObject","inLanguage":"es","@id":"https:\/\/secure.gravatar.com\/avatar\/71c770e6e00bd7cb8183e56d1c59f81601544fbe41d802d7c17d05c9e25f7d06?s=96&d=mm&r=g","url":"https:\/\/secure.gravatar.com\/avatar\/71c770e6e00bd7cb8183e56d1c59f81601544fbe41d802d7c17d05c9e25f7d06?s=96&d=mm&r=g","contentUrl":"https:\/\/secure.gravatar.com\/avatar\/71c770e6e00bd7cb8183e56d1c59f81601544fbe41d802d7c17d05c9e25f7d06?s=96&d=mm&r=g","caption":"El Universal"},"url":"https:\/\/www.bbmnoticias.com\/labravaradiofm\/author\/eluniversal\/"}]}},"_links":{"self":[{"href":"https:\/\/www.bbmnoticias.com\/labravaradiofm\/wp-json\/wp\/v2\/posts\/3794","targetHints":{"allow":["GET"]}}],"collection":[{"href":"https:\/\/www.bbmnoticias.com\/labravaradiofm\/wp-json\/wp\/v2\/posts"}],"about":[{"href":"https:\/\/www.bbmnoticias.com\/labravaradiofm\/wp-json\/wp\/v2\/types\/post"}],"author":[{"embeddable":true,"href":"https:\/\/www.bbmnoticias.com\/labravaradiofm\/wp-json\/wp\/v2\/users\/10"}],"replies":[{"embeddable":true,"href":"https:\/\/www.bbmnoticias.com\/labravaradiofm\/wp-json\/wp\/v2\/comments?post=3794"}],"version-history":[{"count":0,"href":"https:\/\/www.bbmnoticias.com\/labravaradiofm\/wp-json\/wp\/v2\/posts\/3794\/revisions"}],"wp:featuredmedia":[{"embeddable":true,"href":"https:\/\/www.bbmnoticias.com\/labravaradiofm\/wp-json\/wp\/v2\/media\/3795"}],"wp:attachment":[{"href":"https:\/\/www.bbmnoticias.com\/labravaradiofm\/wp-json\/wp\/v2\/media?parent=3794"}],"wp:term":[{"taxonomy":"category","embeddable":true,"href":"https:\/\/www.bbmnoticias.com\/labravaradiofm\/wp-json\/wp\/v2\/categories?post=3794"},{"taxonomy":"post_tag","embeddable":true,"href":"https:\/\/www.bbmnoticias.com\/labravaradiofm\/wp-json\/wp\/v2\/tags?post=3794"}],"curies":[{"name":"wp","href":"https:\/\/api.w.org\/{rel}","templated":true}]}}