{"id":3786,"date":"2021-10-14T18:13:10","date_gmt":"2021-10-14T23:13:10","guid":{"rendered":"https:\/\/www.bbmnoticias.com\/labravaradiofm\/?p=3786"},"modified":"2021-10-14T18:13:11","modified_gmt":"2021-10-14T23:13:11","slug":"dosis-de-refuerzo-impiden-vacunar-a-los-de-mas-riesgo-oms-pide-cooperacion-mundial","status":"publish","type":"post","link":"https:\/\/www.bbmnoticias.com\/labravaradiofm\/2021\/10\/14\/dosis-de-refuerzo-impiden-vacunar-a-los-de-mas-riesgo-oms-pide-cooperacion-mundial\/","title":{"rendered":"Dosis de refuerzo impiden vacunar a los de m\u00e1s riesgo: OMS; pide cooperaci\u00f3n mundial"},"content":{"rendered":"<div style=\"margin-top: 0px; margin-bottom: 0px;\" class=\"sharethis-inline-share-buttons\" ><\/div>\n<p>El director general de la <strong>Organizaci\u00f3n Mundial de la Salud<\/strong> (OMS), Tedros Adhanom Ghebreyesus, ha <strong>criticado<\/strong> este mi\u00e9rcoles que los pa\u00edses que siguen inoculando <strong>dosis de refuerzo<\/strong> ahora \u201cest\u00e1n <strong>impidiendo<\/strong> que otros pa\u00edses vacunen a sus <strong>poblaciones de mayor riesgo<\/strong>\u201c, por lo que ha pedido <strong>\u201ccooperaci\u00f3n mundial\u201d<\/strong>. \u201cLa <strong>oferta<\/strong> es <strong>limitada<\/strong>. Al final, esto es un juego de suma cero\u201d, ha se\u00f1alado.<\/p>\n\n\n\n<p>As\u00ed, ha apuntado que el n\u00famero de muertes semanales reportadas por COVID-19 sigue disminuyendo, destacando que ahora est\u00e1 en el nivel m\u00e1s bajo en casi un a\u00f1o. \u201cPero sigue siendo un nivel inaceptablemente alto: casi 50 mil muertes a la semana, y la cifra real es seguramente mayor\u201d, ha lamentado el director general de la OMS.<\/p>\n\n\n\n<p>En este sentido, ha alertado de que las muertes est\u00e1n disminuyendo en todas las regiones excepto en Europa, \u201cdonde varios pa\u00edses se enfrentan a nuevas oleadas de casos y muertes\u201d, ha se\u00f1alado. \u201cY, por supuesto, las muertes son m\u00e1s altas en los pa\u00edses y poblaciones con menos acceso a las vacunas\u201d, ha lamentado.<\/p>\n\n\n\n<p>As\u00ed las cosas, Tedros ha recordado que un total de 56 pa\u00edses que fueron excluidos del mercado mundial de vacunas no pudieron alcanzar el objetivo de vacunar al 10 por ciento de su poblaci\u00f3n para finales de septiembre. \u201cIncluso m\u00e1s pa\u00edses corren el riesgo de no alcanzar el objetivo del 40 por ciento a finales de 2021\u201d, ha advertido.<\/p>\n\n\n\n<blockquote class=\"wp-block-quote is-layout-flow wp-block-quote-is-layout-flow\"><p>En este sentido, ha informado de que tres pa\u00edses no han comenzado a vacunar a\u00fan: Burundi, Eritrea y la Corea del Norte. \u201cAproximadamente la mitad de los pa\u00edses restantes tienen problemas de suministro. Tienen un programa de vacunaci\u00f3n en marcha, pero no tienen suficiente suministro para acelerar lo suficiente para alcanzar el objetivo\u201d, ha asegurado el dirigente del organismo de Naciones Unidas.<\/p><\/blockquote>\n\n\n\n<p>Por ello, Tedros ha pedido, una vez m\u00e1s, a los pa\u00edses y empresas que controlan el suministro mundial de vacunas de COVID-19 que prioricen el suministro a Covax y a AVAT \u201cya\u201d.<\/p>\n\n\n\n<p>Por otro lado, ha destacado que otro grupo de pa\u00edses est\u00e1 limitado por la capacidad, \u201cespecialmente los pa\u00edses afectados por la fragilidad, el conflicto o la violencia\u201d. Por ello, ha anunciado que la OMS se encuentra trabajando con esos pa\u00edses, a fin de fortalecer las capacidades t\u00e9cnicas y log\u00edsticas sobre el terreno y desplegar las vacunas.<\/p>\n\n\n\n<blockquote class=\"wp-block-quote is-layout-flow wp-block-quote-is-layout-flow\"><p>\u201cAlcanzar el 40 por ciento necesita un enfoque de todo el gobierno y toda la sociedad, que depende del liderazgo pol\u00edtico y de la sociedad civil. Estamos trabajando con los l\u00edderes para apoyar la priorizaci\u00f3n y la planificaci\u00f3n que se necesita para hacer realidad la cobertura del 40 por ciento\u201d, ha recalcado el director general de la OMS.<\/p><\/blockquote>\n\n\n\n<p>\u201cCon una acci\u00f3n agresiva y ambiciosa, la mayor\u00eda de estos pa\u00edses todav\u00eda pueden alcanzar el objetivo del 40 por ciento a finales de este a\u00f1o, o estar en una clara v\u00eda para alcanzarlo\u201d, ha concluido.<\/p>\n\n\n\n<p><strong>V\u00eddeo: Autorizan tercera dosis de la vacuna Pfizer para personas mayores en EU (Expansi\u00f3n)<\/strong><\/p>\n\n\n\n<p><strong>FALTA DE TRANSPARENCIA DE LOS FABRICANTES<\/strong><\/p>\n\n\n\n<p>Por su parte, el director ejecutivo de Emergencias Sanitarias de la Organizaci\u00f3n Mundial de la Salud (OMS), Bruce Aylward, ha querido dirigirse a los fabricantes. \u201cEst\u00e1 mejorando la distribuci\u00f3n a trav\u00e9s de Covax, pero no lo suficiente, porque no hay transparencia absoluta por parte de los fabricantes\u201d.<\/p>\n\n\n\n<p>Por otro lado, ha puesto de relieve que la mayor parte de las dosis adicionales se reciben a trav\u00e9s de donaciones. En este sentido, ha exigido a las empresas transparencia, saber cu\u00e1ntas dosis est\u00e1n suministrando y cu\u00e1ntas van a distribuirse a trav\u00e9s de Covax o AVAT para que puedan llegar a pa\u00edses de ingresos medios y bajos.<\/p>\n\n\n\n<blockquote class=\"wp-block-quote is-layout-flow wp-block-quote-is-layout-flow\"><p>\u201cSin duda, todav\u00eda no hemos llegado a la visibilidad necesaria\u201d, ha se\u00f1alado el doctor, en referencia al n\u00famero de pa\u00edses que no llegar\u00e1n al 40 por ciento de poblaci\u00f3n vacunada de aqu\u00ed a finales de a\u00f1o. \u201cLos fabricantes son los que tienen que cerciorarse de que todos podamos saber a qu\u00e9 nos atenemos\u201d, ha reiterado. \u201cQuiz\u00e1s no tengan existencias suficientes; en ese caso, el director general [de la OMS] se personar\u00e1 en los pa\u00edses que hayan concertado contratos, para que liberen mas dosis a trav\u00e9s de Covax, pero no lo podemos hacer si no tenemos transparencia sobre esos datos, y no podemos alcanzar m\u00e1s equidad sin esto\u201d, ha remachado.<\/p><\/blockquote>\n\n\n\n<p>Por su parte, la cient\u00edfica principal de la OMS, Soumya Swaminathan, considera \u201calentador\u201d el anuncio de que BioNTech va a establecer lugares de producci\u00f3n en \u00c1frica. \u201cAdem\u00e1s, Pfizer ha concertado un acuerdo para fabricar esas vacunas en Sud\u00e1frica, y Moderna parece que sigue los mismos pasos\u201d, ha se\u00f1alado la doctora. \u201cSin embargo, no contamos con detalles al respecto: no sabemos si es una instalaci\u00f3n o varias, si se trata de la finalizaci\u00f3n de la vacuna, o de la fabricaci\u00f3n, pero, en cualquier caso, lo vemos con buenos ojos, porque as\u00ed se imparte capacitaci\u00f3n en \u00c1frica\u201d, ha se\u00f1alado la cient\u00edfica principal de la OMS. \u201cQueremos soluciones sostenibles, por lo que esto ser\u00eda muy productivo\u201d, ha concluido.<\/p>\n\n\n\n<p><\/p>\n\n\n\n<p>Animal Pol\u00edtico<\/p>\n","protected":false},"excerpt":{"rendered":"<p>El director general de la Organizaci\u00f3n Mundial de la Salud (OMS), Tedros Adhanom Ghebreyesus, ha criticado este mi\u00e9rcoles que los pa\u00edses que siguen inoculando dosis de refuerzo ahora \u201cest\u00e1n impidiendo que otros pa\u00edses vacunen a sus poblaciones de mayor riesgo\u201c, por lo que ha pedido \u201ccooperaci\u00f3n mundial\u201d. \u201cLa oferta es limitada. Al final, esto es [&hellip;]<\/p>\n","protected":false},"author":4,"featured_media":3787,"comment_status":"closed","ping_status":"closed","sticky":false,"template":"","format":"standard","meta":{"footnotes":""},"categories":[19],"tags":[],"class_list":{"0":"post-3786","1":"post","2":"type-post","3":"status-publish","4":"format-standard","5":"has-post-thumbnail","7":"category-nacional"},"yoast_head":"<!-- This site is optimized with the Yoast SEO plugin v27.4 - https:\/\/yoast.com\/product\/yoast-seo-wordpress\/ -->\n<title>Dosis de refuerzo impiden vacunar a los de m\u00e1s riesgo: OMS; pide cooperaci\u00f3n mundial - LA BRAVA RADIO<\/title>\n<meta name=\"robots\" content=\"index, follow, max-snippet:-1, max-image-preview:large, max-video-preview:-1\" \/>\n<link rel=\"canonical\" href=\"https:\/\/www.bbmnoticias.com\/labravaradiofm\/2021\/10\/14\/dosis-de-refuerzo-impiden-vacunar-a-los-de-mas-riesgo-oms-pide-cooperacion-mundial\/\" \/>\n<meta property=\"og:locale\" content=\"es_MX\" \/>\n<meta property=\"og:type\" content=\"article\" \/>\n<meta property=\"og:title\" content=\"Dosis de refuerzo impiden vacunar a los de m\u00e1s riesgo: OMS; pide cooperaci\u00f3n mundial - LA BRAVA RADIO\" \/>\n<meta property=\"og:description\" content=\"El director general de la Organizaci\u00f3n Mundial de la Salud (OMS), Tedros Adhanom Ghebreyesus, ha criticado este mi\u00e9rcoles que los pa\u00edses que siguen inoculando dosis de refuerzo ahora \u201cest\u00e1n impidiendo que otros pa\u00edses vacunen a sus poblaciones de mayor riesgo\u201c, por lo que ha pedido \u201ccooperaci\u00f3n mundial\u201d. \u201cLa oferta es limitada. Al final, esto es [&hellip;]\" \/>\n<meta property=\"og:url\" content=\"https:\/\/www.bbmnoticias.com\/labravaradiofm\/2021\/10\/14\/dosis-de-refuerzo-impiden-vacunar-a-los-de-mas-riesgo-oms-pide-cooperacion-mundial\/\" \/>\n<meta property=\"og:site_name\" content=\"LA BRAVA RADIO\" \/>\n<meta property=\"article:published_time\" content=\"2021-10-14T23:13:10+00:00\" \/>\n<meta property=\"article:modified_time\" content=\"2021-10-14T23:13:11+00:00\" \/>\n<meta property=\"og:image\" content=\"https:\/\/www.bbmnoticias.com\/labravaradiofm\/wp-content\/uploads\/sites\/5\/2021\/10\/nacional141021-3.jpg\" \/>\n\t<meta property=\"og:image:width\" content=\"799\" \/>\n\t<meta property=\"og:image:height\" content=\"421\" \/>\n\t<meta property=\"og:image:type\" content=\"image\/jpeg\" \/>\n<meta name=\"author\" content=\"Agencias\" \/>\n<meta name=\"twitter:card\" content=\"summary_large_image\" \/>\n<meta name=\"twitter:label1\" content=\"Escrito por\" \/>\n\t<meta name=\"twitter:data1\" content=\"Agencias\" \/>\n\t<meta name=\"twitter:label2\" content=\"Tiempo de lectura\" \/>\n\t<meta name=\"twitter:data2\" content=\"4 minutos\" \/>\n<script type=\"application\/ld+json\" class=\"yoast-schema-graph\">{\"@context\":\"https:\\\/\\\/schema.org\",\"@graph\":[{\"@type\":\"Article\",\"@id\":\"https:\\\/\\\/www.bbmnoticias.com\\\/labravaradiofm\\\/2021\\\/10\\\/14\\\/dosis-de-refuerzo-impiden-vacunar-a-los-de-mas-riesgo-oms-pide-cooperacion-mundial\\\/#article\",\"isPartOf\":{\"@id\":\"https:\\\/\\\/www.bbmnoticias.com\\\/labravaradiofm\\\/2021\\\/10\\\/14\\\/dosis-de-refuerzo-impiden-vacunar-a-los-de-mas-riesgo-oms-pide-cooperacion-mundial\\\/\"},\"author\":{\"name\":\"Agencias\",\"@id\":\"https:\\\/\\\/www.bbmnoticias.com\\\/labravaradiofm\\\/#\\\/schema\\\/person\\\/857a3daf5c8142f29919023f377fbfad\"},\"headline\":\"Dosis de refuerzo impiden vacunar a los de m\u00e1s riesgo: OMS; pide cooperaci\u00f3n mundial\",\"datePublished\":\"2021-10-14T23:13:10+00:00\",\"dateModified\":\"2021-10-14T23:13:11+00:00\",\"mainEntityOfPage\":{\"@id\":\"https:\\\/\\\/www.bbmnoticias.com\\\/labravaradiofm\\\/2021\\\/10\\\/14\\\/dosis-de-refuerzo-impiden-vacunar-a-los-de-mas-riesgo-oms-pide-cooperacion-mundial\\\/\"},\"wordCount\":905,\"image\":{\"@id\":\"https:\\\/\\\/www.bbmnoticias.com\\\/labravaradiofm\\\/2021\\\/10\\\/14\\\/dosis-de-refuerzo-impiden-vacunar-a-los-de-mas-riesgo-oms-pide-cooperacion-mundial\\\/#primaryimage\"},\"thumbnailUrl\":\"https:\\\/\\\/www.bbmnoticias.com\\\/labravaradiofm\\\/wp-content\\\/uploads\\\/sites\\\/5\\\/2021\\\/10\\\/nacional141021-3.jpg\",\"articleSection\":[\"NACIONAL\"],\"inLanguage\":\"es\"},{\"@type\":\"WebPage\",\"@id\":\"https:\\\/\\\/www.bbmnoticias.com\\\/labravaradiofm\\\/2021\\\/10\\\/14\\\/dosis-de-refuerzo-impiden-vacunar-a-los-de-mas-riesgo-oms-pide-cooperacion-mundial\\\/\",\"url\":\"https:\\\/\\\/www.bbmnoticias.com\\\/labravaradiofm\\\/2021\\\/10\\\/14\\\/dosis-de-refuerzo-impiden-vacunar-a-los-de-mas-riesgo-oms-pide-cooperacion-mundial\\\/\",\"name\":\"Dosis de refuerzo impiden vacunar a los de m\u00e1s riesgo: OMS; pide cooperaci\u00f3n mundial - LA BRAVA RADIO\",\"isPartOf\":{\"@id\":\"https:\\\/\\\/www.bbmnoticias.com\\\/labravaradiofm\\\/#website\"},\"primaryImageOfPage\":{\"@id\":\"https:\\\/\\\/www.bbmnoticias.com\\\/labravaradiofm\\\/2021\\\/10\\\/14\\\/dosis-de-refuerzo-impiden-vacunar-a-los-de-mas-riesgo-oms-pide-cooperacion-mundial\\\/#primaryimage\"},\"image\":{\"@id\":\"https:\\\/\\\/www.bbmnoticias.com\\\/labravaradiofm\\\/2021\\\/10\\\/14\\\/dosis-de-refuerzo-impiden-vacunar-a-los-de-mas-riesgo-oms-pide-cooperacion-mundial\\\/#primaryimage\"},\"thumbnailUrl\":\"https:\\\/\\\/www.bbmnoticias.com\\\/labravaradiofm\\\/wp-content\\\/uploads\\\/sites\\\/5\\\/2021\\\/10\\\/nacional141021-3.jpg\",\"datePublished\":\"2021-10-14T23:13:10+00:00\",\"dateModified\":\"2021-10-14T23:13:11+00:00\",\"author\":{\"@id\":\"https:\\\/\\\/www.bbmnoticias.com\\\/labravaradiofm\\\/#\\\/schema\\\/person\\\/857a3daf5c8142f29919023f377fbfad\"},\"breadcrumb\":{\"@id\":\"https:\\\/\\\/www.bbmnoticias.com\\\/labravaradiofm\\\/2021\\\/10\\\/14\\\/dosis-de-refuerzo-impiden-vacunar-a-los-de-mas-riesgo-oms-pide-cooperacion-mundial\\\/#breadcrumb\"},\"inLanguage\":\"es\",\"potentialAction\":[{\"@type\":\"ReadAction\",\"target\":[\"https:\\\/\\\/www.bbmnoticias.com\\\/labravaradiofm\\\/2021\\\/10\\\/14\\\/dosis-de-refuerzo-impiden-vacunar-a-los-de-mas-riesgo-oms-pide-cooperacion-mundial\\\/\"]}]},{\"@type\":\"ImageObject\",\"inLanguage\":\"es\",\"@id\":\"https:\\\/\\\/www.bbmnoticias.com\\\/labravaradiofm\\\/2021\\\/10\\\/14\\\/dosis-de-refuerzo-impiden-vacunar-a-los-de-mas-riesgo-oms-pide-cooperacion-mundial\\\/#primaryimage\",\"url\":\"https:\\\/\\\/www.bbmnoticias.com\\\/labravaradiofm\\\/wp-content\\\/uploads\\\/sites\\\/5\\\/2021\\\/10\\\/nacional141021-3.jpg\",\"contentUrl\":\"https:\\\/\\\/www.bbmnoticias.com\\\/labravaradiofm\\\/wp-content\\\/uploads\\\/sites\\\/5\\\/2021\\\/10\\\/nacional141021-3.jpg\",\"width\":799,\"height\":421},{\"@type\":\"BreadcrumbList\",\"@id\":\"https:\\\/\\\/www.bbmnoticias.com\\\/labravaradiofm\\\/2021\\\/10\\\/14\\\/dosis-de-refuerzo-impiden-vacunar-a-los-de-mas-riesgo-oms-pide-cooperacion-mundial\\\/#breadcrumb\",\"itemListElement\":[{\"@type\":\"ListItem\",\"position\":1,\"name\":\"Inicio\",\"item\":\"https:\\\/\\\/www.bbmnoticias.com\\\/labravaradiofm\\\/\"},{\"@type\":\"ListItem\",\"position\":2,\"name\":\"Dosis de refuerzo impiden vacunar a los de m\u00e1s riesgo: OMS; pide cooperaci\u00f3n mundial\"}]},{\"@type\":\"WebSite\",\"@id\":\"https:\\\/\\\/www.bbmnoticias.com\\\/labravaradiofm\\\/#website\",\"url\":\"https:\\\/\\\/www.bbmnoticias.com\\\/labravaradiofm\\\/\",\"name\":\"LA BRAVA RADIO\",\"description\":\"Empresa productora de medios, Radiodifusi\u00f3n, Noticias, tendencias y todo lo que necesitas saber de la pol\u00edtica mexicana e internacional; entretenimiento, espect\u00e1culos, salud y mucho m\u00e1s.\",\"potentialAction\":[{\"@type\":\"SearchAction\",\"target\":{\"@type\":\"EntryPoint\",\"urlTemplate\":\"https:\\\/\\\/www.bbmnoticias.com\\\/labravaradiofm\\\/?s={search_term_string}\"},\"query-input\":{\"@type\":\"PropertyValueSpecification\",\"valueRequired\":true,\"valueName\":\"search_term_string\"}}],\"inLanguage\":\"es\"},{\"@type\":\"Person\",\"@id\":\"https:\\\/\\\/www.bbmnoticias.com\\\/labravaradiofm\\\/#\\\/schema\\\/person\\\/857a3daf5c8142f29919023f377fbfad\",\"name\":\"Agencias\",\"image\":{\"@type\":\"ImageObject\",\"inLanguage\":\"es\",\"@id\":\"https:\\\/\\\/secure.gravatar.com\\\/avatar\\\/739e0b61adf9e398b425c36718c8752286da0e8cd90f20ce9a86678abc26aa0d?s=96&d=mm&r=g\",\"url\":\"https:\\\/\\\/secure.gravatar.com\\\/avatar\\\/739e0b61adf9e398b425c36718c8752286da0e8cd90f20ce9a86678abc26aa0d?s=96&d=mm&r=g\",\"contentUrl\":\"https:\\\/\\\/secure.gravatar.com\\\/avatar\\\/739e0b61adf9e398b425c36718c8752286da0e8cd90f20ce9a86678abc26aa0d?s=96&d=mm&r=g\",\"caption\":\"Agencias\"},\"url\":\"https:\\\/\\\/www.bbmnoticias.com\\\/labravaradiofm\\\/author\\\/agencias\\\/\"}]}<\/script>\n<!-- \/ Yoast SEO plugin. -->","yoast_head_json":{"title":"Dosis de refuerzo impiden vacunar a los de m\u00e1s riesgo: OMS; pide cooperaci\u00f3n mundial - LA BRAVA RADIO","robots":{"index":"index","follow":"follow","max-snippet":"max-snippet:-1","max-image-preview":"max-image-preview:large","max-video-preview":"max-video-preview:-1"},"canonical":"https:\/\/www.bbmnoticias.com\/labravaradiofm\/2021\/10\/14\/dosis-de-refuerzo-impiden-vacunar-a-los-de-mas-riesgo-oms-pide-cooperacion-mundial\/","og_locale":"es_MX","og_type":"article","og_title":"Dosis de refuerzo impiden vacunar a los de m\u00e1s riesgo: OMS; pide cooperaci\u00f3n mundial - LA BRAVA RADIO","og_description":"El director general de la Organizaci\u00f3n Mundial de la Salud (OMS), Tedros Adhanom Ghebreyesus, ha criticado este mi\u00e9rcoles que los pa\u00edses que siguen inoculando dosis de refuerzo ahora \u201cest\u00e1n impidiendo que otros pa\u00edses vacunen a sus poblaciones de mayor riesgo\u201c, por lo que ha pedido \u201ccooperaci\u00f3n mundial\u201d. \u201cLa oferta es limitada. Al final, esto es [&hellip;]","og_url":"https:\/\/www.bbmnoticias.com\/labravaradiofm\/2021\/10\/14\/dosis-de-refuerzo-impiden-vacunar-a-los-de-mas-riesgo-oms-pide-cooperacion-mundial\/","og_site_name":"LA BRAVA RADIO","article_published_time":"2021-10-14T23:13:10+00:00","article_modified_time":"2021-10-14T23:13:11+00:00","og_image":[{"width":799,"height":421,"url":"https:\/\/www.bbmnoticias.com\/labravaradiofm\/wp-content\/uploads\/sites\/5\/2021\/10\/nacional141021-3.jpg","type":"image\/jpeg"}],"author":"Agencias","twitter_card":"summary_large_image","twitter_misc":{"Escrito por":"Agencias","Tiempo de lectura":"4 minutos"},"schema":{"@context":"https:\/\/schema.org","@graph":[{"@type":"Article","@id":"https:\/\/www.bbmnoticias.com\/labravaradiofm\/2021\/10\/14\/dosis-de-refuerzo-impiden-vacunar-a-los-de-mas-riesgo-oms-pide-cooperacion-mundial\/#article","isPartOf":{"@id":"https:\/\/www.bbmnoticias.com\/labravaradiofm\/2021\/10\/14\/dosis-de-refuerzo-impiden-vacunar-a-los-de-mas-riesgo-oms-pide-cooperacion-mundial\/"},"author":{"name":"Agencias","@id":"https:\/\/www.bbmnoticias.com\/labravaradiofm\/#\/schema\/person\/857a3daf5c8142f29919023f377fbfad"},"headline":"Dosis de refuerzo impiden vacunar a los de m\u00e1s riesgo: OMS; pide cooperaci\u00f3n mundial","datePublished":"2021-10-14T23:13:10+00:00","dateModified":"2021-10-14T23:13:11+00:00","mainEntityOfPage":{"@id":"https:\/\/www.bbmnoticias.com\/labravaradiofm\/2021\/10\/14\/dosis-de-refuerzo-impiden-vacunar-a-los-de-mas-riesgo-oms-pide-cooperacion-mundial\/"},"wordCount":905,"image":{"@id":"https:\/\/www.bbmnoticias.com\/labravaradiofm\/2021\/10\/14\/dosis-de-refuerzo-impiden-vacunar-a-los-de-mas-riesgo-oms-pide-cooperacion-mundial\/#primaryimage"},"thumbnailUrl":"https:\/\/www.bbmnoticias.com\/labravaradiofm\/wp-content\/uploads\/sites\/5\/2021\/10\/nacional141021-3.jpg","articleSection":["NACIONAL"],"inLanguage":"es"},{"@type":"WebPage","@id":"https:\/\/www.bbmnoticias.com\/labravaradiofm\/2021\/10\/14\/dosis-de-refuerzo-impiden-vacunar-a-los-de-mas-riesgo-oms-pide-cooperacion-mundial\/","url":"https:\/\/www.bbmnoticias.com\/labravaradiofm\/2021\/10\/14\/dosis-de-refuerzo-impiden-vacunar-a-los-de-mas-riesgo-oms-pide-cooperacion-mundial\/","name":"Dosis de refuerzo impiden vacunar a los de m\u00e1s riesgo: OMS; pide cooperaci\u00f3n mundial - LA BRAVA RADIO","isPartOf":{"@id":"https:\/\/www.bbmnoticias.com\/labravaradiofm\/#website"},"primaryImageOfPage":{"@id":"https:\/\/www.bbmnoticias.com\/labravaradiofm\/2021\/10\/14\/dosis-de-refuerzo-impiden-vacunar-a-los-de-mas-riesgo-oms-pide-cooperacion-mundial\/#primaryimage"},"image":{"@id":"https:\/\/www.bbmnoticias.com\/labravaradiofm\/2021\/10\/14\/dosis-de-refuerzo-impiden-vacunar-a-los-de-mas-riesgo-oms-pide-cooperacion-mundial\/#primaryimage"},"thumbnailUrl":"https:\/\/www.bbmnoticias.com\/labravaradiofm\/wp-content\/uploads\/sites\/5\/2021\/10\/nacional141021-3.jpg","datePublished":"2021-10-14T23:13:10+00:00","dateModified":"2021-10-14T23:13:11+00:00","author":{"@id":"https:\/\/www.bbmnoticias.com\/labravaradiofm\/#\/schema\/person\/857a3daf5c8142f29919023f377fbfad"},"breadcrumb":{"@id":"https:\/\/www.bbmnoticias.com\/labravaradiofm\/2021\/10\/14\/dosis-de-refuerzo-impiden-vacunar-a-los-de-mas-riesgo-oms-pide-cooperacion-mundial\/#breadcrumb"},"inLanguage":"es","potentialAction":[{"@type":"ReadAction","target":["https:\/\/www.bbmnoticias.com\/labravaradiofm\/2021\/10\/14\/dosis-de-refuerzo-impiden-vacunar-a-los-de-mas-riesgo-oms-pide-cooperacion-mundial\/"]}]},{"@type":"ImageObject","inLanguage":"es","@id":"https:\/\/www.bbmnoticias.com\/labravaradiofm\/2021\/10\/14\/dosis-de-refuerzo-impiden-vacunar-a-los-de-mas-riesgo-oms-pide-cooperacion-mundial\/#primaryimage","url":"https:\/\/www.bbmnoticias.com\/labravaradiofm\/wp-content\/uploads\/sites\/5\/2021\/10\/nacional141021-3.jpg","contentUrl":"https:\/\/www.bbmnoticias.com\/labravaradiofm\/wp-content\/uploads\/sites\/5\/2021\/10\/nacional141021-3.jpg","width":799,"height":421},{"@type":"BreadcrumbList","@id":"https:\/\/www.bbmnoticias.com\/labravaradiofm\/2021\/10\/14\/dosis-de-refuerzo-impiden-vacunar-a-los-de-mas-riesgo-oms-pide-cooperacion-mundial\/#breadcrumb","itemListElement":[{"@type":"ListItem","position":1,"name":"Inicio","item":"https:\/\/www.bbmnoticias.com\/labravaradiofm\/"},{"@type":"ListItem","position":2,"name":"Dosis de refuerzo impiden vacunar a los de m\u00e1s riesgo: OMS; pide cooperaci\u00f3n mundial"}]},{"@type":"WebSite","@id":"https:\/\/www.bbmnoticias.com\/labravaradiofm\/#website","url":"https:\/\/www.bbmnoticias.com\/labravaradiofm\/","name":"LA BRAVA RADIO","description":"Empresa productora de medios, Radiodifusi\u00f3n, Noticias, tendencias y todo lo que necesitas saber de la pol\u00edtica mexicana e internacional; entretenimiento, espect\u00e1culos, salud y mucho m\u00e1s.","potentialAction":[{"@type":"SearchAction","target":{"@type":"EntryPoint","urlTemplate":"https:\/\/www.bbmnoticias.com\/labravaradiofm\/?s={search_term_string}"},"query-input":{"@type":"PropertyValueSpecification","valueRequired":true,"valueName":"search_term_string"}}],"inLanguage":"es"},{"@type":"Person","@id":"https:\/\/www.bbmnoticias.com\/labravaradiofm\/#\/schema\/person\/857a3daf5c8142f29919023f377fbfad","name":"Agencias","image":{"@type":"ImageObject","inLanguage":"es","@id":"https:\/\/secure.gravatar.com\/avatar\/739e0b61adf9e398b425c36718c8752286da0e8cd90f20ce9a86678abc26aa0d?s=96&d=mm&r=g","url":"https:\/\/secure.gravatar.com\/avatar\/739e0b61adf9e398b425c36718c8752286da0e8cd90f20ce9a86678abc26aa0d?s=96&d=mm&r=g","contentUrl":"https:\/\/secure.gravatar.com\/avatar\/739e0b61adf9e398b425c36718c8752286da0e8cd90f20ce9a86678abc26aa0d?s=96&d=mm&r=g","caption":"Agencias"},"url":"https:\/\/www.bbmnoticias.com\/labravaradiofm\/author\/agencias\/"}]}},"_links":{"self":[{"href":"https:\/\/www.bbmnoticias.com\/labravaradiofm\/wp-json\/wp\/v2\/posts\/3786","targetHints":{"allow":["GET"]}}],"collection":[{"href":"https:\/\/www.bbmnoticias.com\/labravaradiofm\/wp-json\/wp\/v2\/posts"}],"about":[{"href":"https:\/\/www.bbmnoticias.com\/labravaradiofm\/wp-json\/wp\/v2\/types\/post"}],"author":[{"embeddable":true,"href":"https:\/\/www.bbmnoticias.com\/labravaradiofm\/wp-json\/wp\/v2\/users\/4"}],"replies":[{"embeddable":true,"href":"https:\/\/www.bbmnoticias.com\/labravaradiofm\/wp-json\/wp\/v2\/comments?post=3786"}],"version-history":[{"count":0,"href":"https:\/\/www.bbmnoticias.com\/labravaradiofm\/wp-json\/wp\/v2\/posts\/3786\/revisions"}],"wp:featuredmedia":[{"embeddable":true,"href":"https:\/\/www.bbmnoticias.com\/labravaradiofm\/wp-json\/wp\/v2\/media\/3787"}],"wp:attachment":[{"href":"https:\/\/www.bbmnoticias.com\/labravaradiofm\/wp-json\/wp\/v2\/media?parent=3786"}],"wp:term":[{"taxonomy":"category","embeddable":true,"href":"https:\/\/www.bbmnoticias.com\/labravaradiofm\/wp-json\/wp\/v2\/categories?post=3786"},{"taxonomy":"post_tag","embeddable":true,"href":"https:\/\/www.bbmnoticias.com\/labravaradiofm\/wp-json\/wp\/v2\/tags?post=3786"}],"curies":[{"name":"wp","href":"https:\/\/api.w.org\/{rel}","templated":true}]}}