{"id":3778,"date":"2021-10-14T16:49:03","date_gmt":"2021-10-14T21:49:03","guid":{"rendered":"https:\/\/www.bbmnoticias.com\/labravaradiofm\/?p=3778"},"modified":"2021-10-14T16:49:04","modified_gmt":"2021-10-14T21:49:04","slug":"firman-imss-y-sntss-contrato-colectivo-de-trabajo-2021-2023","status":"publish","type":"post","link":"https:\/\/www.bbmnoticias.com\/labravaradiofm\/2021\/10\/14\/firman-imss-y-sntss-contrato-colectivo-de-trabajo-2021-2023\/","title":{"rendered":"Firman IMSS y SNTSS Contrato Colectivo de Trabajo 2021-2023"},"content":{"rendered":"<div style=\"margin-top: 0px; margin-bottom: 0px;\" class=\"sharethis-inline-share-buttons\" ><\/div>\n<p>\u00b7&nbsp;&nbsp;&nbsp;&nbsp;&nbsp;&nbsp;&nbsp;&nbsp; <strong>En el gobierno federal existe la convicci\u00f3n de que <\/strong><strong>las instituciones son tan fuertes como est\u00e9n fortalecidos sus trabajadores: Zo\u00e9 Robledo<\/strong><strong>.<\/strong><\/p>\n\n\n\n<p>\u00b7\u00a0\u00a0\u00a0\u00a0\u00a0\u00a0\u00a0\u00a0 <strong>El trabajo bilateral mantiene el di\u00e1logo constante y productivo; se escuch\u00f3 la voz de los trabajadores, resalt\u00f3 el doctor Arturo Olivares Cerda.<\/strong><\/p>\n\n\n\n<p>El Instituto Mexicano del Seguro Social (IMSS) y el Sindicato Nacional de Trabajo del Seguro Social (SNTSS) firmaron el convenio de la revisi\u00f3n del Contrato Colectivo de Trabajo bienio 2021-2023, el cual refrenda el compromiso de impulsar mayor bienestar en favor de la clase trabajadora.<\/p>\n\n\n\n<p>El acuerdo fue signado por el director general del Seguro Social, Maestro Zo\u00e9 Robledo, y el Secretario General del Comit\u00e9 Ejecutivo Nacional (CEN) del SNTSS, doctor Arturo Olivares Cerda.<\/p>\n\n\n\n<p>Durante su mensaje, el director general Zo\u00e9 Robledo se\u00f1al\u00f3 que por parte del presidente Andr\u00e9s Manuel L\u00f3pez Obrador existe la convicci\u00f3n de que \u201clas instituciones son tan fuertes como est\u00e9n fortalecidos sus trabajadores, que la construcci\u00f3n de una mejor calidad de la atenci\u00f3n pasa por mejores condiciones de trabajo\u201d.<\/p>\n\n\n\n<p>Subray\u00f3 que el compromiso del Sindicato va m\u00e1s all\u00e1 de la atenci\u00f3n de la pandemia, es una organizaci\u00f3n gremial sumada por completo al proceso de cambio y transformaci\u00f3n del IMSS que se plante\u00f3 en la 110 Asamblea General, un Sindicato plenamente comprometido con la transparencia.<\/p>\n\n\n\n<p>En este sentido, reiter\u00f3 su felicitaci\u00f3n por el reconocimiento que recibi\u00f3 el Sindicato por parte de la Secretar\u00eda de la Funci\u00f3n P\u00fablica por cumplir con el 99.9 por ciento de las declaraciones patrimoniales de sus trabajadores. \u201cSomos la instituci\u00f3n del sector p\u00fablico con mayor nivel de cumplimiento, se dice muy f\u00e1cil pero de verdad es una gran haza\u00f1a que requiere mucho compromiso\u201d.<\/p>\n\n\n\n<p>Zo\u00e9 Robledo record\u00f3 que el 6 enero de 2020 en Oaxtepec, Morelos, junto al presidente Andr\u00e9s Manuel L\u00f3pez Obrador, el IMSS y el SNTSS hicieron el compromiso para reconocer la Licenciatura en Enfermer\u00eda a fin de acceder a mejores condiciones laborales.<\/p>\n\n\n\n<p>Por ello, resalt\u00f3 que en el Contrato Colectivo de Trabajo se considera constituir una Comisi\u00f3n Bilateral para reconocer la Licenciatura en Enfermer\u00eda en el Instituto y cumplir con la Norma Oficial Mexicana para la Pr\u00e1ctica de Enfermer\u00eda en el Sistema Nacional de Salud.<\/p>\n\n\n\n<p>\u201cEsto es de los legados que el doctor Olivares, en su paso por la Secretar\u00eda General, y su servidor, como director general, estoy seguro que les vamos a dejar para que las pr\u00f3ximas generaciones ubiquen en qu\u00e9 momento el IMSS empez\u00f3 a adaptarse, actualizarse y a mejorar a partir de este proceso de transformaci\u00f3n\u201d, indic\u00f3.<\/p>\n\n\n\n<p>Se\u00f1al\u00f3 que existen retos por atender para lograr el objetivo de que el IMSS sea el gran prestador de servicios de salud para derechohabientes y toda la poblaci\u00f3n sin seguridad social. \u201cEl Instituto caminar\u00e1 con el Sindicato, y con el Sindicato todo, sin el Sindicato absolutamente nada para que siga siendo ese espacio del pueblo que cura y sana y rescata al pueblo de M\u00e9xico\u201d.<\/p>\n\n\n\n<p>Por su parte, el secretario general del SNTSS, doctor Arturo Olivares Cerda, destac\u00f3 que hoy se culmina el proceso de revisi\u00f3n contractual y salarial con la firma del nuevo Contrato Colectivo de Trabajo, &nbsp;que estar\u00e1 vigente para el periodo del 16 de octubre de 2021 al 15 de octubre de 2023.<\/p>\n\n\n\n<p>Refiri\u00f3 que durante el Sexag\u00e9simo Congreso Nacional Ordinario, los delegados congresistas, representantes de los trabajadores&nbsp; del IMSS, aprobaron por unanimidad cada uno de los logros obtenidos en este proceso de revisi\u00f3n \u201cque sin duda potencializa nuestro pacto laboral con el Seguro Social\u201d.<\/p>\n\n\n\n<p>Dijo que se ha hecho un gran esfuerzo para retribuir la entrega y pasi\u00f3n con la que se ha enfrentado la pandemia por COVID-19, los beneficios en favor de la base trabajadora y abrir las puertas para futuras negociaciones en temas que por muchos a\u00f1os no se hab\u00edan tocado.<\/p>\n\n\n\n<p>El doctor Olivares Cerda hizo un reconocimiento al presidente Andr\u00e9s Manuel L\u00f3pez Obrador por su sensibilidad social y compromiso por mejorar continuamente las condiciones laborales, \u201cha demostrado, una vez m\u00e1s, ser un aliado de los trabajadores del Seguro Social\u201d.<\/p>\n\n\n\n<p>Afirm\u00f3 que el trabajo bilateral mantiene el di\u00e1logo constante y productivo, y agradeci\u00f3 al director general del IMSS \u201cpor su apoyo y apertura para escuchar la voz de los trabajadores, postura que facilita el acuerdo y la conciencia de que, si brindamos a los trabajadores condiciones laborales y de desarrollo profesional y personal, contribuimos decididamente al fortalecimiento del Seguro Social\u201d.<\/p>\n\n\n\n<p>Durante la firma del Contrato Colectivo se hizo un reconocimiento a los integrantes del Comit\u00e9 Ejecutivo Nacional del Sindicato y de la Comisi\u00f3n Revisora por lograr este acuerdo que marca la ruta para no retroceder en las conquistas que han alcanzado los trabajadores.<\/p>\n","protected":false},"excerpt":{"rendered":"<p>\u00b7&nbsp;&nbsp;&nbsp;&nbsp;&nbsp;&nbsp;&nbsp;&nbsp; En el gobierno federal existe la convicci\u00f3n de que las instituciones son tan fuertes como est\u00e9n fortalecidos sus trabajadores: Zo\u00e9 Robledo. \u00b7\u00a0\u00a0\u00a0\u00a0\u00a0\u00a0\u00a0\u00a0 El trabajo bilateral mantiene el di\u00e1logo constante y productivo; se escuch\u00f3 la voz de los trabajadores, resalt\u00f3 el doctor Arturo Olivares Cerda. El Instituto Mexicano del Seguro Social (IMSS) y el Sindicato [&hellip;]<\/p>\n","protected":false},"author":2,"featured_media":3779,"comment_status":"closed","ping_status":"closed","sticky":false,"template":"","format":"standard","meta":{"footnotes":""},"categories":[19],"tags":[],"class_list":{"0":"post-3778","1":"post","2":"type-post","3":"status-publish","4":"format-standard","5":"has-post-thumbnail","7":"category-nacional"},"yoast_head":"<!-- This site is optimized with the Yoast SEO plugin v27.4 - https:\/\/yoast.com\/product\/yoast-seo-wordpress\/ -->\n<title>Firman IMSS y SNTSS Contrato Colectivo de Trabajo 2021-2023 - LA BRAVA RADIO<\/title>\n<meta name=\"robots\" content=\"index, follow, max-snippet:-1, max-image-preview:large, max-video-preview:-1\" \/>\n<link rel=\"canonical\" href=\"https:\/\/www.bbmnoticias.com\/labravaradiofm\/2021\/10\/14\/firman-imss-y-sntss-contrato-colectivo-de-trabajo-2021-2023\/\" \/>\n<meta property=\"og:locale\" content=\"es_MX\" \/>\n<meta property=\"og:type\" content=\"article\" \/>\n<meta property=\"og:title\" content=\"Firman IMSS y SNTSS Contrato Colectivo de Trabajo 2021-2023 - LA BRAVA RADIO\" \/>\n<meta property=\"og:description\" content=\"\u00b7&nbsp;&nbsp;&nbsp;&nbsp;&nbsp;&nbsp;&nbsp;&nbsp; En el gobierno federal existe la convicci\u00f3n de que las instituciones son tan fuertes como est\u00e9n fortalecidos sus trabajadores: Zo\u00e9 Robledo. \u00b7\u00a0\u00a0\u00a0\u00a0\u00a0\u00a0\u00a0\u00a0 El trabajo bilateral mantiene el di\u00e1logo constante y productivo; se escuch\u00f3 la voz de los trabajadores, resalt\u00f3 el doctor Arturo Olivares Cerda. El Instituto Mexicano del Seguro Social (IMSS) y el Sindicato [&hellip;]\" \/>\n<meta property=\"og:url\" content=\"https:\/\/www.bbmnoticias.com\/labravaradiofm\/2021\/10\/14\/firman-imss-y-sntss-contrato-colectivo-de-trabajo-2021-2023\/\" \/>\n<meta property=\"og:site_name\" content=\"LA BRAVA RADIO\" \/>\n<meta property=\"article:published_time\" content=\"2021-10-14T21:49:03+00:00\" \/>\n<meta property=\"article:modified_time\" content=\"2021-10-14T21:49:04+00:00\" \/>\n<meta property=\"og:image\" content=\"https:\/\/www.bbmnoticias.com\/labravaradiofm\/wp-content\/uploads\/sites\/5\/2021\/10\/nacional141021-2.jpg\" \/>\n\t<meta property=\"og:image:width\" content=\"1280\" \/>\n\t<meta property=\"og:image:height\" content=\"882\" \/>\n\t<meta property=\"og:image:type\" content=\"image\/jpeg\" \/>\n<meta name=\"author\" content=\"Staff\" \/>\n<meta name=\"twitter:card\" content=\"summary_large_image\" \/>\n<meta name=\"twitter:label1\" content=\"Escrito por\" \/>\n\t<meta name=\"twitter:data1\" content=\"Staff\" \/>\n\t<meta name=\"twitter:label2\" content=\"Tiempo de lectura\" \/>\n\t<meta name=\"twitter:data2\" content=\"4 minutos\" \/>\n<script type=\"application\/ld+json\" class=\"yoast-schema-graph\">{\"@context\":\"https:\\\/\\\/schema.org\",\"@graph\":[{\"@type\":\"Article\",\"@id\":\"https:\\\/\\\/www.bbmnoticias.com\\\/labravaradiofm\\\/2021\\\/10\\\/14\\\/firman-imss-y-sntss-contrato-colectivo-de-trabajo-2021-2023\\\/#article\",\"isPartOf\":{\"@id\":\"https:\\\/\\\/www.bbmnoticias.com\\\/labravaradiofm\\\/2021\\\/10\\\/14\\\/firman-imss-y-sntss-contrato-colectivo-de-trabajo-2021-2023\\\/\"},\"author\":{\"name\":\"Staff\",\"@id\":\"https:\\\/\\\/www.bbmnoticias.com\\\/labravaradiofm\\\/#\\\/schema\\\/person\\\/68a9e9036ef3c5b55aeb2b71dc8bab45\"},\"headline\":\"Firman IMSS y SNTSS Contrato Colectivo de Trabajo 2021-2023\",\"datePublished\":\"2021-10-14T21:49:03+00:00\",\"dateModified\":\"2021-10-14T21:49:04+00:00\",\"mainEntityOfPage\":{\"@id\":\"https:\\\/\\\/www.bbmnoticias.com\\\/labravaradiofm\\\/2021\\\/10\\\/14\\\/firman-imss-y-sntss-contrato-colectivo-de-trabajo-2021-2023\\\/\"},\"wordCount\":819,\"image\":{\"@id\":\"https:\\\/\\\/www.bbmnoticias.com\\\/labravaradiofm\\\/2021\\\/10\\\/14\\\/firman-imss-y-sntss-contrato-colectivo-de-trabajo-2021-2023\\\/#primaryimage\"},\"thumbnailUrl\":\"https:\\\/\\\/www.bbmnoticias.com\\\/labravaradiofm\\\/wp-content\\\/uploads\\\/sites\\\/5\\\/2021\\\/10\\\/nacional141021-2.jpg\",\"articleSection\":[\"NACIONAL\"],\"inLanguage\":\"es\"},{\"@type\":\"WebPage\",\"@id\":\"https:\\\/\\\/www.bbmnoticias.com\\\/labravaradiofm\\\/2021\\\/10\\\/14\\\/firman-imss-y-sntss-contrato-colectivo-de-trabajo-2021-2023\\\/\",\"url\":\"https:\\\/\\\/www.bbmnoticias.com\\\/labravaradiofm\\\/2021\\\/10\\\/14\\\/firman-imss-y-sntss-contrato-colectivo-de-trabajo-2021-2023\\\/\",\"name\":\"Firman IMSS y SNTSS Contrato Colectivo de Trabajo 2021-2023 - LA BRAVA RADIO\",\"isPartOf\":{\"@id\":\"https:\\\/\\\/www.bbmnoticias.com\\\/labravaradiofm\\\/#website\"},\"primaryImageOfPage\":{\"@id\":\"https:\\\/\\\/www.bbmnoticias.com\\\/labravaradiofm\\\/2021\\\/10\\\/14\\\/firman-imss-y-sntss-contrato-colectivo-de-trabajo-2021-2023\\\/#primaryimage\"},\"image\":{\"@id\":\"https:\\\/\\\/www.bbmnoticias.com\\\/labravaradiofm\\\/2021\\\/10\\\/14\\\/firman-imss-y-sntss-contrato-colectivo-de-trabajo-2021-2023\\\/#primaryimage\"},\"thumbnailUrl\":\"https:\\\/\\\/www.bbmnoticias.com\\\/labravaradiofm\\\/wp-content\\\/uploads\\\/sites\\\/5\\\/2021\\\/10\\\/nacional141021-2.jpg\",\"datePublished\":\"2021-10-14T21:49:03+00:00\",\"dateModified\":\"2021-10-14T21:49:04+00:00\",\"author\":{\"@id\":\"https:\\\/\\\/www.bbmnoticias.com\\\/labravaradiofm\\\/#\\\/schema\\\/person\\\/68a9e9036ef3c5b55aeb2b71dc8bab45\"},\"breadcrumb\":{\"@id\":\"https:\\\/\\\/www.bbmnoticias.com\\\/labravaradiofm\\\/2021\\\/10\\\/14\\\/firman-imss-y-sntss-contrato-colectivo-de-trabajo-2021-2023\\\/#breadcrumb\"},\"inLanguage\":\"es\",\"potentialAction\":[{\"@type\":\"ReadAction\",\"target\":[\"https:\\\/\\\/www.bbmnoticias.com\\\/labravaradiofm\\\/2021\\\/10\\\/14\\\/firman-imss-y-sntss-contrato-colectivo-de-trabajo-2021-2023\\\/\"]}]},{\"@type\":\"ImageObject\",\"inLanguage\":\"es\",\"@id\":\"https:\\\/\\\/www.bbmnoticias.com\\\/labravaradiofm\\\/2021\\\/10\\\/14\\\/firman-imss-y-sntss-contrato-colectivo-de-trabajo-2021-2023\\\/#primaryimage\",\"url\":\"https:\\\/\\\/www.bbmnoticias.com\\\/labravaradiofm\\\/wp-content\\\/uploads\\\/sites\\\/5\\\/2021\\\/10\\\/nacional141021-2.jpg\",\"contentUrl\":\"https:\\\/\\\/www.bbmnoticias.com\\\/labravaradiofm\\\/wp-content\\\/uploads\\\/sites\\\/5\\\/2021\\\/10\\\/nacional141021-2.jpg\",\"width\":1280,\"height\":882},{\"@type\":\"BreadcrumbList\",\"@id\":\"https:\\\/\\\/www.bbmnoticias.com\\\/labravaradiofm\\\/2021\\\/10\\\/14\\\/firman-imss-y-sntss-contrato-colectivo-de-trabajo-2021-2023\\\/#breadcrumb\",\"itemListElement\":[{\"@type\":\"ListItem\",\"position\":1,\"name\":\"Inicio\",\"item\":\"https:\\\/\\\/www.bbmnoticias.com\\\/labravaradiofm\\\/\"},{\"@type\":\"ListItem\",\"position\":2,\"name\":\"Firman IMSS y SNTSS Contrato Colectivo de Trabajo 2021-2023\"}]},{\"@type\":\"WebSite\",\"@id\":\"https:\\\/\\\/www.bbmnoticias.com\\\/labravaradiofm\\\/#website\",\"url\":\"https:\\\/\\\/www.bbmnoticias.com\\\/labravaradiofm\\\/\",\"name\":\"LA BRAVA RADIO\",\"description\":\"Empresa productora de medios, Radiodifusi\u00f3n, Noticias, tendencias y todo lo que necesitas saber de la pol\u00edtica mexicana e internacional; entretenimiento, espect\u00e1culos, salud y mucho m\u00e1s.\",\"potentialAction\":[{\"@type\":\"SearchAction\",\"target\":{\"@type\":\"EntryPoint\",\"urlTemplate\":\"https:\\\/\\\/www.bbmnoticias.com\\\/labravaradiofm\\\/?s={search_term_string}\"},\"query-input\":{\"@type\":\"PropertyValueSpecification\",\"valueRequired\":true,\"valueName\":\"search_term_string\"}}],\"inLanguage\":\"es\"},{\"@type\":\"Person\",\"@id\":\"https:\\\/\\\/www.bbmnoticias.com\\\/labravaradiofm\\\/#\\\/schema\\\/person\\\/68a9e9036ef3c5b55aeb2b71dc8bab45\",\"name\":\"Staff\",\"image\":{\"@type\":\"ImageObject\",\"inLanguage\":\"es\",\"@id\":\"https:\\\/\\\/secure.gravatar.com\\\/avatar\\\/fdd21ad66fd8b98c407f9dee5b5e588cfe7f0d8579ec20fa6527cd59bab7f0f0?s=96&d=mm&r=g\",\"url\":\"https:\\\/\\\/secure.gravatar.com\\\/avatar\\\/fdd21ad66fd8b98c407f9dee5b5e588cfe7f0d8579ec20fa6527cd59bab7f0f0?s=96&d=mm&r=g\",\"contentUrl\":\"https:\\\/\\\/secure.gravatar.com\\\/avatar\\\/fdd21ad66fd8b98c407f9dee5b5e588cfe7f0d8579ec20fa6527cd59bab7f0f0?s=96&d=mm&r=g\",\"caption\":\"Staff\"},\"url\":\"https:\\\/\\\/www.bbmnoticias.com\\\/labravaradiofm\\\/author\\\/redaccion\\\/\"}]}<\/script>\n<!-- \/ Yoast SEO plugin. -->","yoast_head_json":{"title":"Firman IMSS y SNTSS Contrato Colectivo de Trabajo 2021-2023 - LA BRAVA RADIO","robots":{"index":"index","follow":"follow","max-snippet":"max-snippet:-1","max-image-preview":"max-image-preview:large","max-video-preview":"max-video-preview:-1"},"canonical":"https:\/\/www.bbmnoticias.com\/labravaradiofm\/2021\/10\/14\/firman-imss-y-sntss-contrato-colectivo-de-trabajo-2021-2023\/","og_locale":"es_MX","og_type":"article","og_title":"Firman IMSS y SNTSS Contrato Colectivo de Trabajo 2021-2023 - LA BRAVA RADIO","og_description":"\u00b7&nbsp;&nbsp;&nbsp;&nbsp;&nbsp;&nbsp;&nbsp;&nbsp; En el gobierno federal existe la convicci\u00f3n de que las instituciones son tan fuertes como est\u00e9n fortalecidos sus trabajadores: Zo\u00e9 Robledo. \u00b7\u00a0\u00a0\u00a0\u00a0\u00a0\u00a0\u00a0\u00a0 El trabajo bilateral mantiene el di\u00e1logo constante y productivo; se escuch\u00f3 la voz de los trabajadores, resalt\u00f3 el doctor Arturo Olivares Cerda. El Instituto Mexicano del Seguro Social (IMSS) y el Sindicato [&hellip;]","og_url":"https:\/\/www.bbmnoticias.com\/labravaradiofm\/2021\/10\/14\/firman-imss-y-sntss-contrato-colectivo-de-trabajo-2021-2023\/","og_site_name":"LA BRAVA RADIO","article_published_time":"2021-10-14T21:49:03+00:00","article_modified_time":"2021-10-14T21:49:04+00:00","og_image":[{"width":1280,"height":882,"url":"https:\/\/www.bbmnoticias.com\/labravaradiofm\/wp-content\/uploads\/sites\/5\/2021\/10\/nacional141021-2.jpg","type":"image\/jpeg"}],"author":"Staff","twitter_card":"summary_large_image","twitter_misc":{"Escrito por":"Staff","Tiempo de lectura":"4 minutos"},"schema":{"@context":"https:\/\/schema.org","@graph":[{"@type":"Article","@id":"https:\/\/www.bbmnoticias.com\/labravaradiofm\/2021\/10\/14\/firman-imss-y-sntss-contrato-colectivo-de-trabajo-2021-2023\/#article","isPartOf":{"@id":"https:\/\/www.bbmnoticias.com\/labravaradiofm\/2021\/10\/14\/firman-imss-y-sntss-contrato-colectivo-de-trabajo-2021-2023\/"},"author":{"name":"Staff","@id":"https:\/\/www.bbmnoticias.com\/labravaradiofm\/#\/schema\/person\/68a9e9036ef3c5b55aeb2b71dc8bab45"},"headline":"Firman IMSS y SNTSS Contrato Colectivo de Trabajo 2021-2023","datePublished":"2021-10-14T21:49:03+00:00","dateModified":"2021-10-14T21:49:04+00:00","mainEntityOfPage":{"@id":"https:\/\/www.bbmnoticias.com\/labravaradiofm\/2021\/10\/14\/firman-imss-y-sntss-contrato-colectivo-de-trabajo-2021-2023\/"},"wordCount":819,"image":{"@id":"https:\/\/www.bbmnoticias.com\/labravaradiofm\/2021\/10\/14\/firman-imss-y-sntss-contrato-colectivo-de-trabajo-2021-2023\/#primaryimage"},"thumbnailUrl":"https:\/\/www.bbmnoticias.com\/labravaradiofm\/wp-content\/uploads\/sites\/5\/2021\/10\/nacional141021-2.jpg","articleSection":["NACIONAL"],"inLanguage":"es"},{"@type":"WebPage","@id":"https:\/\/www.bbmnoticias.com\/labravaradiofm\/2021\/10\/14\/firman-imss-y-sntss-contrato-colectivo-de-trabajo-2021-2023\/","url":"https:\/\/www.bbmnoticias.com\/labravaradiofm\/2021\/10\/14\/firman-imss-y-sntss-contrato-colectivo-de-trabajo-2021-2023\/","name":"Firman IMSS y SNTSS Contrato Colectivo de Trabajo 2021-2023 - LA BRAVA RADIO","isPartOf":{"@id":"https:\/\/www.bbmnoticias.com\/labravaradiofm\/#website"},"primaryImageOfPage":{"@id":"https:\/\/www.bbmnoticias.com\/labravaradiofm\/2021\/10\/14\/firman-imss-y-sntss-contrato-colectivo-de-trabajo-2021-2023\/#primaryimage"},"image":{"@id":"https:\/\/www.bbmnoticias.com\/labravaradiofm\/2021\/10\/14\/firman-imss-y-sntss-contrato-colectivo-de-trabajo-2021-2023\/#primaryimage"},"thumbnailUrl":"https:\/\/www.bbmnoticias.com\/labravaradiofm\/wp-content\/uploads\/sites\/5\/2021\/10\/nacional141021-2.jpg","datePublished":"2021-10-14T21:49:03+00:00","dateModified":"2021-10-14T21:49:04+00:00","author":{"@id":"https:\/\/www.bbmnoticias.com\/labravaradiofm\/#\/schema\/person\/68a9e9036ef3c5b55aeb2b71dc8bab45"},"breadcrumb":{"@id":"https:\/\/www.bbmnoticias.com\/labravaradiofm\/2021\/10\/14\/firman-imss-y-sntss-contrato-colectivo-de-trabajo-2021-2023\/#breadcrumb"},"inLanguage":"es","potentialAction":[{"@type":"ReadAction","target":["https:\/\/www.bbmnoticias.com\/labravaradiofm\/2021\/10\/14\/firman-imss-y-sntss-contrato-colectivo-de-trabajo-2021-2023\/"]}]},{"@type":"ImageObject","inLanguage":"es","@id":"https:\/\/www.bbmnoticias.com\/labravaradiofm\/2021\/10\/14\/firman-imss-y-sntss-contrato-colectivo-de-trabajo-2021-2023\/#primaryimage","url":"https:\/\/www.bbmnoticias.com\/labravaradiofm\/wp-content\/uploads\/sites\/5\/2021\/10\/nacional141021-2.jpg","contentUrl":"https:\/\/www.bbmnoticias.com\/labravaradiofm\/wp-content\/uploads\/sites\/5\/2021\/10\/nacional141021-2.jpg","width":1280,"height":882},{"@type":"BreadcrumbList","@id":"https:\/\/www.bbmnoticias.com\/labravaradiofm\/2021\/10\/14\/firman-imss-y-sntss-contrato-colectivo-de-trabajo-2021-2023\/#breadcrumb","itemListElement":[{"@type":"ListItem","position":1,"name":"Inicio","item":"https:\/\/www.bbmnoticias.com\/labravaradiofm\/"},{"@type":"ListItem","position":2,"name":"Firman IMSS y SNTSS Contrato Colectivo de Trabajo 2021-2023"}]},{"@type":"WebSite","@id":"https:\/\/www.bbmnoticias.com\/labravaradiofm\/#website","url":"https:\/\/www.bbmnoticias.com\/labravaradiofm\/","name":"LA BRAVA RADIO","description":"Empresa productora de medios, Radiodifusi\u00f3n, Noticias, tendencias y todo lo que necesitas saber de la pol\u00edtica mexicana e internacional; entretenimiento, espect\u00e1culos, salud y mucho m\u00e1s.","potentialAction":[{"@type":"SearchAction","target":{"@type":"EntryPoint","urlTemplate":"https:\/\/www.bbmnoticias.com\/labravaradiofm\/?s={search_term_string}"},"query-input":{"@type":"PropertyValueSpecification","valueRequired":true,"valueName":"search_term_string"}}],"inLanguage":"es"},{"@type":"Person","@id":"https:\/\/www.bbmnoticias.com\/labravaradiofm\/#\/schema\/person\/68a9e9036ef3c5b55aeb2b71dc8bab45","name":"Staff","image":{"@type":"ImageObject","inLanguage":"es","@id":"https:\/\/secure.gravatar.com\/avatar\/fdd21ad66fd8b98c407f9dee5b5e588cfe7f0d8579ec20fa6527cd59bab7f0f0?s=96&d=mm&r=g","url":"https:\/\/secure.gravatar.com\/avatar\/fdd21ad66fd8b98c407f9dee5b5e588cfe7f0d8579ec20fa6527cd59bab7f0f0?s=96&d=mm&r=g","contentUrl":"https:\/\/secure.gravatar.com\/avatar\/fdd21ad66fd8b98c407f9dee5b5e588cfe7f0d8579ec20fa6527cd59bab7f0f0?s=96&d=mm&r=g","caption":"Staff"},"url":"https:\/\/www.bbmnoticias.com\/labravaradiofm\/author\/redaccion\/"}]}},"_links":{"self":[{"href":"https:\/\/www.bbmnoticias.com\/labravaradiofm\/wp-json\/wp\/v2\/posts\/3778","targetHints":{"allow":["GET"]}}],"collection":[{"href":"https:\/\/www.bbmnoticias.com\/labravaradiofm\/wp-json\/wp\/v2\/posts"}],"about":[{"href":"https:\/\/www.bbmnoticias.com\/labravaradiofm\/wp-json\/wp\/v2\/types\/post"}],"author":[{"embeddable":true,"href":"https:\/\/www.bbmnoticias.com\/labravaradiofm\/wp-json\/wp\/v2\/users\/2"}],"replies":[{"embeddable":true,"href":"https:\/\/www.bbmnoticias.com\/labravaradiofm\/wp-json\/wp\/v2\/comments?post=3778"}],"version-history":[{"count":0,"href":"https:\/\/www.bbmnoticias.com\/labravaradiofm\/wp-json\/wp\/v2\/posts\/3778\/revisions"}],"wp:featuredmedia":[{"embeddable":true,"href":"https:\/\/www.bbmnoticias.com\/labravaradiofm\/wp-json\/wp\/v2\/media\/3779"}],"wp:attachment":[{"href":"https:\/\/www.bbmnoticias.com\/labravaradiofm\/wp-json\/wp\/v2\/media?parent=3778"}],"wp:term":[{"taxonomy":"category","embeddable":true,"href":"https:\/\/www.bbmnoticias.com\/labravaradiofm\/wp-json\/wp\/v2\/categories?post=3778"},{"taxonomy":"post_tag","embeddable":true,"href":"https:\/\/www.bbmnoticias.com\/labravaradiofm\/wp-json\/wp\/v2\/tags?post=3778"}],"curies":[{"name":"wp","href":"https:\/\/api.w.org\/{rel}","templated":true}]}}