{"id":3775,"date":"2021-10-14T14:53:19","date_gmt":"2021-10-14T19:53:19","guid":{"rendered":"https:\/\/www.bbmnoticias.com\/labravaradiofm\/?p=3775"},"modified":"2021-10-14T14:53:20","modified_gmt":"2021-10-14T19:53:20","slug":"proteccion-civil-de-san-blas-atempa-al-servicio-de-la-poblacion","status":"publish","type":"post","link":"https:\/\/www.bbmnoticias.com\/labravaradiofm\/2021\/10\/14\/proteccion-civil-de-san-blas-atempa-al-servicio-de-la-poblacion\/","title":{"rendered":"Protecci\u00f3n Civil de San Blas Atempa al servicio de la poblaci\u00f3n"},"content":{"rendered":"<div style=\"margin-top: 0px; margin-bottom: 0px;\" class=\"sharethis-inline-share-buttons\" ><\/div>\n<p>SanBlasAtempa El Ayuntamiento de la Villa de San Blas Atempa que dirige el presidente municipal Ingeniero Antonino Morales Toledo en coordinaci\u00f3n con el \u00e1rea de Protecci\u00f3n Civil Municipal, ayud\u00f3 a la poblaci\u00f3n en peligro tras retirar ramas que pon\u00edan en riesgo la integridad de las familias de la poblaci\u00f3n.<\/p>\n\n\n\n<p>A petici\u00f3n de los vecinos de la colonia Conasupo, elementos del \u00e1rea de Protecci\u00f3n Civil Municipal acudieron al punto se\u00f1alado para retirar las ramas de un \u00e1rbol de aproximadamente 15 metros de altura, que por el tiempo se encontraba seco y representaba un peligro para las personas que viven en lugar.<\/p>\n\n\n\n<p>Por lo que personal, procedi\u00f3 a retirar y limpiar la zona para evitar alguna tragedia; asimismo elementos de Protecci\u00f3n Civil, agradecieron a la ciudadan\u00eda por hacer a tiempo estos llamados, ya que as\u00ed pueden atenderse a tiempo y evitar alguna cat\u00e1strofe.<\/p>\n","protected":false},"excerpt":{"rendered":"<p>SanBlasAtempa El Ayuntamiento de la Villa de San Blas Atempa que dirige el presidente municipal Ingeniero Antonino Morales Toledo en coordinaci\u00f3n con el \u00e1rea de Protecci\u00f3n Civil Municipal, ayud\u00f3 a la poblaci\u00f3n en peligro tras retirar ramas que pon\u00edan en riesgo la integridad de las familias de la poblaci\u00f3n. A petici\u00f3n de los vecinos de [&hellip;]<\/p>\n","protected":false},"author":2,"featured_media":3776,"comment_status":"closed","ping_status":"closed","sticky":false,"template":"","format":"standard","meta":{"footnotes":""},"categories":[2],"tags":[],"class_list":{"0":"post-3775","1":"post","2":"type-post","3":"status-publish","4":"format-standard","5":"has-post-thumbnail","7":"category-oaxaca"},"yoast_head":"<!-- This site is optimized with the Yoast SEO plugin v27.4 - https:\/\/yoast.com\/product\/yoast-seo-wordpress\/ -->\n<title>Protecci\u00f3n Civil de San Blas Atempa al servicio de la poblaci\u00f3n - LA BRAVA RADIO<\/title>\n<meta name=\"description\" content=\"Acudieron al punto se\u00f1alado para retirar las ramas de un \u00e1rbol de 15 metros de altura, que se encontraba seco y representaba un peligro\" \/>\n<meta name=\"robots\" content=\"index, follow, max-snippet:-1, max-image-preview:large, max-video-preview:-1\" \/>\n<link rel=\"canonical\" href=\"https:\/\/www.bbmnoticias.com\/labravaradiofm\/2021\/10\/14\/proteccion-civil-de-san-blas-atempa-al-servicio-de-la-poblacion\/\" \/>\n<meta property=\"og:locale\" content=\"es_MX\" \/>\n<meta property=\"og:type\" content=\"article\" \/>\n<meta property=\"og:title\" content=\"Protecci\u00f3n Civil de San Blas Atempa al servicio de la poblaci\u00f3n - LA BRAVA RADIO\" \/>\n<meta property=\"og:description\" content=\"Acudieron al punto se\u00f1alado para retirar las ramas de un \u00e1rbol de 15 metros de altura, que se encontraba seco y representaba un peligro\" \/>\n<meta property=\"og:url\" content=\"https:\/\/www.bbmnoticias.com\/labravaradiofm\/2021\/10\/14\/proteccion-civil-de-san-blas-atempa-al-servicio-de-la-poblacion\/\" \/>\n<meta property=\"og:site_name\" content=\"LA BRAVA RADIO\" \/>\n<meta property=\"article:published_time\" content=\"2021-10-14T19:53:19+00:00\" \/>\n<meta property=\"article:modified_time\" content=\"2021-10-14T19:53:20+00:00\" \/>\n<meta property=\"og:image\" content=\"https:\/\/www.bbmnoticias.com\/labravaradiofm\/wp-content\/uploads\/sites\/5\/2021\/10\/local14102021-9.jpg\" \/>\n\t<meta property=\"og:image:width\" content=\"1600\" \/>\n\t<meta property=\"og:image:height\" content=\"756\" \/>\n\t<meta property=\"og:image:type\" content=\"image\/jpeg\" \/>\n<meta name=\"author\" content=\"Staff\" \/>\n<meta name=\"twitter:card\" content=\"summary_large_image\" \/>\n<meta name=\"twitter:label1\" content=\"Escrito por\" \/>\n\t<meta name=\"twitter:data1\" content=\"Staff\" \/>\n\t<meta name=\"twitter:label2\" content=\"Tiempo de lectura\" \/>\n\t<meta name=\"twitter:data2\" content=\"1 minuto\" \/>\n<script type=\"application\/ld+json\" class=\"yoast-schema-graph\">{\"@context\":\"https:\\\/\\\/schema.org\",\"@graph\":[{\"@type\":\"Article\",\"@id\":\"https:\\\/\\\/www.bbmnoticias.com\\\/labravaradiofm\\\/2021\\\/10\\\/14\\\/proteccion-civil-de-san-blas-atempa-al-servicio-de-la-poblacion\\\/#article\",\"isPartOf\":{\"@id\":\"https:\\\/\\\/www.bbmnoticias.com\\\/labravaradiofm\\\/2021\\\/10\\\/14\\\/proteccion-civil-de-san-blas-atempa-al-servicio-de-la-poblacion\\\/\"},\"author\":{\"name\":\"Staff\",\"@id\":\"https:\\\/\\\/www.bbmnoticias.com\\\/labravaradiofm\\\/#\\\/schema\\\/person\\\/68a9e9036ef3c5b55aeb2b71dc8bab45\"},\"headline\":\"Protecci\u00f3n Civil de San Blas Atempa al servicio de la poblaci\u00f3n\",\"datePublished\":\"2021-10-14T19:53:19+00:00\",\"dateModified\":\"2021-10-14T19:53:20+00:00\",\"mainEntityOfPage\":{\"@id\":\"https:\\\/\\\/www.bbmnoticias.com\\\/labravaradiofm\\\/2021\\\/10\\\/14\\\/proteccion-civil-de-san-blas-atempa-al-servicio-de-la-poblacion\\\/\"},\"wordCount\":164,\"image\":{\"@id\":\"https:\\\/\\\/www.bbmnoticias.com\\\/labravaradiofm\\\/2021\\\/10\\\/14\\\/proteccion-civil-de-san-blas-atempa-al-servicio-de-la-poblacion\\\/#primaryimage\"},\"thumbnailUrl\":\"https:\\\/\\\/www.bbmnoticias.com\\\/labravaradiofm\\\/wp-content\\\/uploads\\\/sites\\\/5\\\/2021\\\/10\\\/local14102021-9.jpg\",\"articleSection\":[\"LOCAL\"],\"inLanguage\":\"es\"},{\"@type\":\"WebPage\",\"@id\":\"https:\\\/\\\/www.bbmnoticias.com\\\/labravaradiofm\\\/2021\\\/10\\\/14\\\/proteccion-civil-de-san-blas-atempa-al-servicio-de-la-poblacion\\\/\",\"url\":\"https:\\\/\\\/www.bbmnoticias.com\\\/labravaradiofm\\\/2021\\\/10\\\/14\\\/proteccion-civil-de-san-blas-atempa-al-servicio-de-la-poblacion\\\/\",\"name\":\"Protecci\u00f3n Civil de San Blas Atempa al servicio de la poblaci\u00f3n - LA BRAVA RADIO\",\"isPartOf\":{\"@id\":\"https:\\\/\\\/www.bbmnoticias.com\\\/labravaradiofm\\\/#website\"},\"primaryImageOfPage\":{\"@id\":\"https:\\\/\\\/www.bbmnoticias.com\\\/labravaradiofm\\\/2021\\\/10\\\/14\\\/proteccion-civil-de-san-blas-atempa-al-servicio-de-la-poblacion\\\/#primaryimage\"},\"image\":{\"@id\":\"https:\\\/\\\/www.bbmnoticias.com\\\/labravaradiofm\\\/2021\\\/10\\\/14\\\/proteccion-civil-de-san-blas-atempa-al-servicio-de-la-poblacion\\\/#primaryimage\"},\"thumbnailUrl\":\"https:\\\/\\\/www.bbmnoticias.com\\\/labravaradiofm\\\/wp-content\\\/uploads\\\/sites\\\/5\\\/2021\\\/10\\\/local14102021-9.jpg\",\"datePublished\":\"2021-10-14T19:53:19+00:00\",\"dateModified\":\"2021-10-14T19:53:20+00:00\",\"author\":{\"@id\":\"https:\\\/\\\/www.bbmnoticias.com\\\/labravaradiofm\\\/#\\\/schema\\\/person\\\/68a9e9036ef3c5b55aeb2b71dc8bab45\"},\"description\":\"Acudieron al punto se\u00f1alado para retirar las ramas de un \u00e1rbol de 15 metros de altura, que se encontraba seco y representaba un peligro\",\"breadcrumb\":{\"@id\":\"https:\\\/\\\/www.bbmnoticias.com\\\/labravaradiofm\\\/2021\\\/10\\\/14\\\/proteccion-civil-de-san-blas-atempa-al-servicio-de-la-poblacion\\\/#breadcrumb\"},\"inLanguage\":\"es\",\"potentialAction\":[{\"@type\":\"ReadAction\",\"target\":[\"https:\\\/\\\/www.bbmnoticias.com\\\/labravaradiofm\\\/2021\\\/10\\\/14\\\/proteccion-civil-de-san-blas-atempa-al-servicio-de-la-poblacion\\\/\"]}]},{\"@type\":\"ImageObject\",\"inLanguage\":\"es\",\"@id\":\"https:\\\/\\\/www.bbmnoticias.com\\\/labravaradiofm\\\/2021\\\/10\\\/14\\\/proteccion-civil-de-san-blas-atempa-al-servicio-de-la-poblacion\\\/#primaryimage\",\"url\":\"https:\\\/\\\/www.bbmnoticias.com\\\/labravaradiofm\\\/wp-content\\\/uploads\\\/sites\\\/5\\\/2021\\\/10\\\/local14102021-9.jpg\",\"contentUrl\":\"https:\\\/\\\/www.bbmnoticias.com\\\/labravaradiofm\\\/wp-content\\\/uploads\\\/sites\\\/5\\\/2021\\\/10\\\/local14102021-9.jpg\",\"width\":1600,\"height\":756},{\"@type\":\"BreadcrumbList\",\"@id\":\"https:\\\/\\\/www.bbmnoticias.com\\\/labravaradiofm\\\/2021\\\/10\\\/14\\\/proteccion-civil-de-san-blas-atempa-al-servicio-de-la-poblacion\\\/#breadcrumb\",\"itemListElement\":[{\"@type\":\"ListItem\",\"position\":1,\"name\":\"Inicio\",\"item\":\"https:\\\/\\\/www.bbmnoticias.com\\\/labravaradiofm\\\/\"},{\"@type\":\"ListItem\",\"position\":2,\"name\":\"Protecci\u00f3n Civil de San Blas Atempa al servicio de la poblaci\u00f3n\"}]},{\"@type\":\"WebSite\",\"@id\":\"https:\\\/\\\/www.bbmnoticias.com\\\/labravaradiofm\\\/#website\",\"url\":\"https:\\\/\\\/www.bbmnoticias.com\\\/labravaradiofm\\\/\",\"name\":\"LA BRAVA RADIO\",\"description\":\"Empresa productora de medios, Radiodifusi\u00f3n, Noticias, tendencias y todo lo que necesitas saber de la pol\u00edtica mexicana e internacional; entretenimiento, espect\u00e1culos, salud y mucho m\u00e1s.\",\"potentialAction\":[{\"@type\":\"SearchAction\",\"target\":{\"@type\":\"EntryPoint\",\"urlTemplate\":\"https:\\\/\\\/www.bbmnoticias.com\\\/labravaradiofm\\\/?s={search_term_string}\"},\"query-input\":{\"@type\":\"PropertyValueSpecification\",\"valueRequired\":true,\"valueName\":\"search_term_string\"}}],\"inLanguage\":\"es\"},{\"@type\":\"Person\",\"@id\":\"https:\\\/\\\/www.bbmnoticias.com\\\/labravaradiofm\\\/#\\\/schema\\\/person\\\/68a9e9036ef3c5b55aeb2b71dc8bab45\",\"name\":\"Staff\",\"image\":{\"@type\":\"ImageObject\",\"inLanguage\":\"es\",\"@id\":\"https:\\\/\\\/secure.gravatar.com\\\/avatar\\\/fdd21ad66fd8b98c407f9dee5b5e588cfe7f0d8579ec20fa6527cd59bab7f0f0?s=96&d=mm&r=g\",\"url\":\"https:\\\/\\\/secure.gravatar.com\\\/avatar\\\/fdd21ad66fd8b98c407f9dee5b5e588cfe7f0d8579ec20fa6527cd59bab7f0f0?s=96&d=mm&r=g\",\"contentUrl\":\"https:\\\/\\\/secure.gravatar.com\\\/avatar\\\/fdd21ad66fd8b98c407f9dee5b5e588cfe7f0d8579ec20fa6527cd59bab7f0f0?s=96&d=mm&r=g\",\"caption\":\"Staff\"},\"url\":\"https:\\\/\\\/www.bbmnoticias.com\\\/labravaradiofm\\\/author\\\/redaccion\\\/\"}]}<\/script>\n<!-- \/ Yoast SEO plugin. -->","yoast_head_json":{"title":"Protecci\u00f3n Civil de San Blas Atempa al servicio de la poblaci\u00f3n - LA BRAVA RADIO","description":"Acudieron al punto se\u00f1alado para retirar las ramas de un \u00e1rbol de 15 metros de altura, que se encontraba seco y representaba un peligro","robots":{"index":"index","follow":"follow","max-snippet":"max-snippet:-1","max-image-preview":"max-image-preview:large","max-video-preview":"max-video-preview:-1"},"canonical":"https:\/\/www.bbmnoticias.com\/labravaradiofm\/2021\/10\/14\/proteccion-civil-de-san-blas-atempa-al-servicio-de-la-poblacion\/","og_locale":"es_MX","og_type":"article","og_title":"Protecci\u00f3n Civil de San Blas Atempa al servicio de la poblaci\u00f3n - LA BRAVA RADIO","og_description":"Acudieron al punto se\u00f1alado para retirar las ramas de un \u00e1rbol de 15 metros de altura, que se encontraba seco y representaba un peligro","og_url":"https:\/\/www.bbmnoticias.com\/labravaradiofm\/2021\/10\/14\/proteccion-civil-de-san-blas-atempa-al-servicio-de-la-poblacion\/","og_site_name":"LA BRAVA RADIO","article_published_time":"2021-10-14T19:53:19+00:00","article_modified_time":"2021-10-14T19:53:20+00:00","og_image":[{"width":1600,"height":756,"url":"https:\/\/www.bbmnoticias.com\/labravaradiofm\/wp-content\/uploads\/sites\/5\/2021\/10\/local14102021-9.jpg","type":"image\/jpeg"}],"author":"Staff","twitter_card":"summary_large_image","twitter_misc":{"Escrito por":"Staff","Tiempo de lectura":"1 minuto"},"schema":{"@context":"https:\/\/schema.org","@graph":[{"@type":"Article","@id":"https:\/\/www.bbmnoticias.com\/labravaradiofm\/2021\/10\/14\/proteccion-civil-de-san-blas-atempa-al-servicio-de-la-poblacion\/#article","isPartOf":{"@id":"https:\/\/www.bbmnoticias.com\/labravaradiofm\/2021\/10\/14\/proteccion-civil-de-san-blas-atempa-al-servicio-de-la-poblacion\/"},"author":{"name":"Staff","@id":"https:\/\/www.bbmnoticias.com\/labravaradiofm\/#\/schema\/person\/68a9e9036ef3c5b55aeb2b71dc8bab45"},"headline":"Protecci\u00f3n Civil de San Blas Atempa al servicio de la poblaci\u00f3n","datePublished":"2021-10-14T19:53:19+00:00","dateModified":"2021-10-14T19:53:20+00:00","mainEntityOfPage":{"@id":"https:\/\/www.bbmnoticias.com\/labravaradiofm\/2021\/10\/14\/proteccion-civil-de-san-blas-atempa-al-servicio-de-la-poblacion\/"},"wordCount":164,"image":{"@id":"https:\/\/www.bbmnoticias.com\/labravaradiofm\/2021\/10\/14\/proteccion-civil-de-san-blas-atempa-al-servicio-de-la-poblacion\/#primaryimage"},"thumbnailUrl":"https:\/\/www.bbmnoticias.com\/labravaradiofm\/wp-content\/uploads\/sites\/5\/2021\/10\/local14102021-9.jpg","articleSection":["LOCAL"],"inLanguage":"es"},{"@type":"WebPage","@id":"https:\/\/www.bbmnoticias.com\/labravaradiofm\/2021\/10\/14\/proteccion-civil-de-san-blas-atempa-al-servicio-de-la-poblacion\/","url":"https:\/\/www.bbmnoticias.com\/labravaradiofm\/2021\/10\/14\/proteccion-civil-de-san-blas-atempa-al-servicio-de-la-poblacion\/","name":"Protecci\u00f3n Civil de San Blas Atempa al servicio de la poblaci\u00f3n - LA BRAVA RADIO","isPartOf":{"@id":"https:\/\/www.bbmnoticias.com\/labravaradiofm\/#website"},"primaryImageOfPage":{"@id":"https:\/\/www.bbmnoticias.com\/labravaradiofm\/2021\/10\/14\/proteccion-civil-de-san-blas-atempa-al-servicio-de-la-poblacion\/#primaryimage"},"image":{"@id":"https:\/\/www.bbmnoticias.com\/labravaradiofm\/2021\/10\/14\/proteccion-civil-de-san-blas-atempa-al-servicio-de-la-poblacion\/#primaryimage"},"thumbnailUrl":"https:\/\/www.bbmnoticias.com\/labravaradiofm\/wp-content\/uploads\/sites\/5\/2021\/10\/local14102021-9.jpg","datePublished":"2021-10-14T19:53:19+00:00","dateModified":"2021-10-14T19:53:20+00:00","author":{"@id":"https:\/\/www.bbmnoticias.com\/labravaradiofm\/#\/schema\/person\/68a9e9036ef3c5b55aeb2b71dc8bab45"},"description":"Acudieron al punto se\u00f1alado para retirar las ramas de un \u00e1rbol de 15 metros de altura, que se encontraba seco y representaba un peligro","breadcrumb":{"@id":"https:\/\/www.bbmnoticias.com\/labravaradiofm\/2021\/10\/14\/proteccion-civil-de-san-blas-atempa-al-servicio-de-la-poblacion\/#breadcrumb"},"inLanguage":"es","potentialAction":[{"@type":"ReadAction","target":["https:\/\/www.bbmnoticias.com\/labravaradiofm\/2021\/10\/14\/proteccion-civil-de-san-blas-atempa-al-servicio-de-la-poblacion\/"]}]},{"@type":"ImageObject","inLanguage":"es","@id":"https:\/\/www.bbmnoticias.com\/labravaradiofm\/2021\/10\/14\/proteccion-civil-de-san-blas-atempa-al-servicio-de-la-poblacion\/#primaryimage","url":"https:\/\/www.bbmnoticias.com\/labravaradiofm\/wp-content\/uploads\/sites\/5\/2021\/10\/local14102021-9.jpg","contentUrl":"https:\/\/www.bbmnoticias.com\/labravaradiofm\/wp-content\/uploads\/sites\/5\/2021\/10\/local14102021-9.jpg","width":1600,"height":756},{"@type":"BreadcrumbList","@id":"https:\/\/www.bbmnoticias.com\/labravaradiofm\/2021\/10\/14\/proteccion-civil-de-san-blas-atempa-al-servicio-de-la-poblacion\/#breadcrumb","itemListElement":[{"@type":"ListItem","position":1,"name":"Inicio","item":"https:\/\/www.bbmnoticias.com\/labravaradiofm\/"},{"@type":"ListItem","position":2,"name":"Protecci\u00f3n Civil de San Blas Atempa al servicio de la poblaci\u00f3n"}]},{"@type":"WebSite","@id":"https:\/\/www.bbmnoticias.com\/labravaradiofm\/#website","url":"https:\/\/www.bbmnoticias.com\/labravaradiofm\/","name":"LA BRAVA RADIO","description":"Empresa productora de medios, Radiodifusi\u00f3n, Noticias, tendencias y todo lo que necesitas saber de la pol\u00edtica mexicana e internacional; entretenimiento, espect\u00e1culos, salud y mucho m\u00e1s.","potentialAction":[{"@type":"SearchAction","target":{"@type":"EntryPoint","urlTemplate":"https:\/\/www.bbmnoticias.com\/labravaradiofm\/?s={search_term_string}"},"query-input":{"@type":"PropertyValueSpecification","valueRequired":true,"valueName":"search_term_string"}}],"inLanguage":"es"},{"@type":"Person","@id":"https:\/\/www.bbmnoticias.com\/labravaradiofm\/#\/schema\/person\/68a9e9036ef3c5b55aeb2b71dc8bab45","name":"Staff","image":{"@type":"ImageObject","inLanguage":"es","@id":"https:\/\/secure.gravatar.com\/avatar\/fdd21ad66fd8b98c407f9dee5b5e588cfe7f0d8579ec20fa6527cd59bab7f0f0?s=96&d=mm&r=g","url":"https:\/\/secure.gravatar.com\/avatar\/fdd21ad66fd8b98c407f9dee5b5e588cfe7f0d8579ec20fa6527cd59bab7f0f0?s=96&d=mm&r=g","contentUrl":"https:\/\/secure.gravatar.com\/avatar\/fdd21ad66fd8b98c407f9dee5b5e588cfe7f0d8579ec20fa6527cd59bab7f0f0?s=96&d=mm&r=g","caption":"Staff"},"url":"https:\/\/www.bbmnoticias.com\/labravaradiofm\/author\/redaccion\/"}]}},"_links":{"self":[{"href":"https:\/\/www.bbmnoticias.com\/labravaradiofm\/wp-json\/wp\/v2\/posts\/3775","targetHints":{"allow":["GET"]}}],"collection":[{"href":"https:\/\/www.bbmnoticias.com\/labravaradiofm\/wp-json\/wp\/v2\/posts"}],"about":[{"href":"https:\/\/www.bbmnoticias.com\/labravaradiofm\/wp-json\/wp\/v2\/types\/post"}],"author":[{"embeddable":true,"href":"https:\/\/www.bbmnoticias.com\/labravaradiofm\/wp-json\/wp\/v2\/users\/2"}],"replies":[{"embeddable":true,"href":"https:\/\/www.bbmnoticias.com\/labravaradiofm\/wp-json\/wp\/v2\/comments?post=3775"}],"version-history":[{"count":0,"href":"https:\/\/www.bbmnoticias.com\/labravaradiofm\/wp-json\/wp\/v2\/posts\/3775\/revisions"}],"wp:featuredmedia":[{"embeddable":true,"href":"https:\/\/www.bbmnoticias.com\/labravaradiofm\/wp-json\/wp\/v2\/media\/3776"}],"wp:attachment":[{"href":"https:\/\/www.bbmnoticias.com\/labravaradiofm\/wp-json\/wp\/v2\/media?parent=3775"}],"wp:term":[{"taxonomy":"category","embeddable":true,"href":"https:\/\/www.bbmnoticias.com\/labravaradiofm\/wp-json\/wp\/v2\/categories?post=3775"},{"taxonomy":"post_tag","embeddable":true,"href":"https:\/\/www.bbmnoticias.com\/labravaradiofm\/wp-json\/wp\/v2\/tags?post=3775"}],"curies":[{"name":"wp","href":"https:\/\/api.w.org\/{rel}","templated":true}]}}