{"id":3763,"date":"2021-10-14T14:06:52","date_gmt":"2021-10-14T19:06:52","guid":{"rendered":"https:\/\/www.bbmnoticias.com\/labravaradiofm\/?p=3763"},"modified":"2021-10-14T14:06:53","modified_gmt":"2021-10-14T19:06:53","slug":"condena-de-30-anos-de-prision-contra-homicida-de-policia-comunitario","status":"publish","type":"post","link":"https:\/\/www.bbmnoticias.com\/labravaradiofm\/2021\/10\/14\/condena-de-30-anos-de-prision-contra-homicida-de-policia-comunitario\/","title":{"rendered":"Condena de 30 a\u00f1os de prisi\u00f3n contra homicida de polic\u00eda comunitario"},"content":{"rendered":"<div style=\"margin-top: 0px; margin-bottom: 0px;\" class=\"sharethis-inline-share-buttons\" ><\/div>\n<p><strong>Oaxaca de Ju\u00e1rez, Oax.-<\/strong> La exhaustiva labor de seguimiento y resoluci\u00f3n de casos de la Fiscal\u00eda General del Estado de Oaxaca (FGEO) obtuvo, del Tribunal de Enjuiciamiento, sentencia condenatoria de 30 a\u00f1os de prisi\u00f3n contra la persona del sexo masculino identificada como C. V. S., responsable del delito de homicidio calificado en agravio de quien en vida respondi\u00f3 al nombre de O. C. M. y se desempe\u00f1aba como polic\u00eda comunitario, cometido en mayo de 2019, en jurisdicci\u00f3n de San Juan Lalana, Distrito de Cho\u00e1pam.<\/p>\n\n\n\n<p>De acuerdo con la causa penal 108\/2019, el 29 de mayo de 2019, aproximadamente a las 20:30 horas, el imputado y otro sujeto sometieron a la v\u00edctima y la hirieron con un arma blanca ocasion\u00e1ndole la muerte, ataque que sucedi\u00f3 cuando se encontraba en horas de servicio en la comunidad de Ignacio Zaragoza, perteneciente a San Juan Lalana.<\/p>\n\n\n\n<p>Ante este crimen, la FGEO realiz\u00f3 la investigaci\u00f3n correspondiente -a trav\u00e9s de la Vicefiscal\u00eda Regional de la Cuenca-, logrando identificar, aprehender y presentar al imputado ante el Juzgado de Control, quien determin\u00f3 vincularlo a proceso.<\/p>\n\n\n\n<p>En audiencia, el Tribunal de Enjuiciamiento dict\u00f3 sentencia condenatoria de 30 a\u00f1os de prisi\u00f3n contra C. V. S. y orden\u00f3 el pago de m\u00e1s de 422 mil pesos por concepto de reparaci\u00f3n del da\u00f1o.<\/p>\n\n\n\n<p>En atenci\u00f3n a otro caso, la FGEO obtuvo sentencia condenatoria de 10 a\u00f1os de prisi\u00f3n, as\u00ed como el pago de m\u00e1s de 119 mil pesos por concepto de multa y reparaci\u00f3n del da\u00f1o contra el masculino E. E. H., responsable del delito de violaci\u00f3n equiparada en contra de una ni\u00f1a de 8 a\u00f1os, cometido en junio de 2015, en jurisdicci\u00f3n de Santa Mar\u00eda Jacatepec, regi\u00f3n de la Cuenca; hechos asentados en la causa penal 77\/2020.<\/p>\n","protected":false},"excerpt":{"rendered":"<p>Oaxaca de Ju\u00e1rez, Oax.- La exhaustiva labor de seguimiento y resoluci\u00f3n de casos de la Fiscal\u00eda General del Estado de Oaxaca (FGEO) obtuvo, del Tribunal de Enjuiciamiento, sentencia condenatoria de 30 a\u00f1os de prisi\u00f3n contra la persona del sexo masculino identificada como C. V. S., responsable del delito de homicidio calificado en agravio de quien [&hellip;]<\/p>\n","protected":false},"author":2,"featured_media":3764,"comment_status":"closed","ping_status":"closed","sticky":false,"template":"","format":"standard","meta":{"footnotes":""},"categories":[20],"tags":[],"class_list":{"0":"post-3763","1":"post","2":"type-post","3":"status-publish","4":"format-standard","5":"has-post-thumbnail","7":"category-policiaca"},"yoast_head":"<!-- This site is optimized with the Yoast SEO plugin v27.4 - https:\/\/yoast.com\/product\/yoast-seo-wordpress\/ -->\n<title>Condena de 30 a\u00f1os de prisi\u00f3n contra homicida de polic\u00eda comunitario - LA BRAVA RADIO<\/title>\n<meta name=\"description\" content=\"La FGEO realiz\u00f3 la investigaci\u00f3n correspondiente a trav\u00e9s de la Vicefiscal\u00eda de la Cuenca, logrando aprehender y presentar al imputado\" \/>\n<meta name=\"robots\" content=\"index, follow, max-snippet:-1, max-image-preview:large, max-video-preview:-1\" \/>\n<link rel=\"canonical\" href=\"https:\/\/www.bbmnoticias.com\/labravaradiofm\/2021\/10\/14\/condena-de-30-anos-de-prision-contra-homicida-de-policia-comunitario\/\" \/>\n<meta property=\"og:locale\" content=\"es_MX\" \/>\n<meta property=\"og:type\" content=\"article\" \/>\n<meta property=\"og:title\" content=\"Condena de 30 a\u00f1os de prisi\u00f3n contra homicida de polic\u00eda comunitario - LA BRAVA RADIO\" \/>\n<meta property=\"og:description\" content=\"La FGEO realiz\u00f3 la investigaci\u00f3n correspondiente a trav\u00e9s de la Vicefiscal\u00eda de la Cuenca, logrando aprehender y presentar al imputado\" \/>\n<meta property=\"og:url\" content=\"https:\/\/www.bbmnoticias.com\/labravaradiofm\/2021\/10\/14\/condena-de-30-anos-de-prision-contra-homicida-de-policia-comunitario\/\" \/>\n<meta property=\"og:site_name\" content=\"LA BRAVA RADIO\" \/>\n<meta property=\"article:published_time\" content=\"2021-10-14T19:06:52+00:00\" \/>\n<meta property=\"article:modified_time\" content=\"2021-10-14T19:06:53+00:00\" \/>\n<meta property=\"og:image\" content=\"https:\/\/www.bbmnoticias.com\/labravaradiofm\/wp-content\/uploads\/sites\/5\/2021\/10\/policiaca14102021-5.jpg\" \/>\n\t<meta property=\"og:image:width\" content=\"1280\" \/>\n\t<meta property=\"og:image:height\" content=\"720\" \/>\n\t<meta property=\"og:image:type\" content=\"image\/jpeg\" \/>\n<meta name=\"author\" content=\"Staff\" \/>\n<meta name=\"twitter:card\" content=\"summary_large_image\" \/>\n<meta name=\"twitter:label1\" content=\"Escrito por\" \/>\n\t<meta name=\"twitter:data1\" content=\"Staff\" \/>\n\t<meta name=\"twitter:label2\" content=\"Tiempo de lectura\" \/>\n\t<meta name=\"twitter:data2\" content=\"2 minutos\" \/>\n<script type=\"application\/ld+json\" class=\"yoast-schema-graph\">{\"@context\":\"https:\\\/\\\/schema.org\",\"@graph\":[{\"@type\":\"Article\",\"@id\":\"https:\\\/\\\/www.bbmnoticias.com\\\/labravaradiofm\\\/2021\\\/10\\\/14\\\/condena-de-30-anos-de-prision-contra-homicida-de-policia-comunitario\\\/#article\",\"isPartOf\":{\"@id\":\"https:\\\/\\\/www.bbmnoticias.com\\\/labravaradiofm\\\/2021\\\/10\\\/14\\\/condena-de-30-anos-de-prision-contra-homicida-de-policia-comunitario\\\/\"},\"author\":{\"name\":\"Staff\",\"@id\":\"https:\\\/\\\/www.bbmnoticias.com\\\/labravaradiofm\\\/#\\\/schema\\\/person\\\/68a9e9036ef3c5b55aeb2b71dc8bab45\"},\"headline\":\"Condena de 30 a\u00f1os de prisi\u00f3n contra homicida de polic\u00eda comunitario\",\"datePublished\":\"2021-10-14T19:06:52+00:00\",\"dateModified\":\"2021-10-14T19:06:53+00:00\",\"mainEntityOfPage\":{\"@id\":\"https:\\\/\\\/www.bbmnoticias.com\\\/labravaradiofm\\\/2021\\\/10\\\/14\\\/condena-de-30-anos-de-prision-contra-homicida-de-policia-comunitario\\\/\"},\"wordCount\":318,\"image\":{\"@id\":\"https:\\\/\\\/www.bbmnoticias.com\\\/labravaradiofm\\\/2021\\\/10\\\/14\\\/condena-de-30-anos-de-prision-contra-homicida-de-policia-comunitario\\\/#primaryimage\"},\"thumbnailUrl\":\"https:\\\/\\\/www.bbmnoticias.com\\\/labravaradiofm\\\/wp-content\\\/uploads\\\/sites\\\/5\\\/2021\\\/10\\\/policiaca14102021-5.jpg\",\"articleSection\":[\"POLICIACA\"],\"inLanguage\":\"es\"},{\"@type\":\"WebPage\",\"@id\":\"https:\\\/\\\/www.bbmnoticias.com\\\/labravaradiofm\\\/2021\\\/10\\\/14\\\/condena-de-30-anos-de-prision-contra-homicida-de-policia-comunitario\\\/\",\"url\":\"https:\\\/\\\/www.bbmnoticias.com\\\/labravaradiofm\\\/2021\\\/10\\\/14\\\/condena-de-30-anos-de-prision-contra-homicida-de-policia-comunitario\\\/\",\"name\":\"Condena de 30 a\u00f1os de prisi\u00f3n contra homicida de polic\u00eda comunitario - LA BRAVA RADIO\",\"isPartOf\":{\"@id\":\"https:\\\/\\\/www.bbmnoticias.com\\\/labravaradiofm\\\/#website\"},\"primaryImageOfPage\":{\"@id\":\"https:\\\/\\\/www.bbmnoticias.com\\\/labravaradiofm\\\/2021\\\/10\\\/14\\\/condena-de-30-anos-de-prision-contra-homicida-de-policia-comunitario\\\/#primaryimage\"},\"image\":{\"@id\":\"https:\\\/\\\/www.bbmnoticias.com\\\/labravaradiofm\\\/2021\\\/10\\\/14\\\/condena-de-30-anos-de-prision-contra-homicida-de-policia-comunitario\\\/#primaryimage\"},\"thumbnailUrl\":\"https:\\\/\\\/www.bbmnoticias.com\\\/labravaradiofm\\\/wp-content\\\/uploads\\\/sites\\\/5\\\/2021\\\/10\\\/policiaca14102021-5.jpg\",\"datePublished\":\"2021-10-14T19:06:52+00:00\",\"dateModified\":\"2021-10-14T19:06:53+00:00\",\"author\":{\"@id\":\"https:\\\/\\\/www.bbmnoticias.com\\\/labravaradiofm\\\/#\\\/schema\\\/person\\\/68a9e9036ef3c5b55aeb2b71dc8bab45\"},\"description\":\"La FGEO realiz\u00f3 la investigaci\u00f3n correspondiente a trav\u00e9s de la Vicefiscal\u00eda de la Cuenca, logrando aprehender y presentar al imputado\",\"breadcrumb\":{\"@id\":\"https:\\\/\\\/www.bbmnoticias.com\\\/labravaradiofm\\\/2021\\\/10\\\/14\\\/condena-de-30-anos-de-prision-contra-homicida-de-policia-comunitario\\\/#breadcrumb\"},\"inLanguage\":\"es\",\"potentialAction\":[{\"@type\":\"ReadAction\",\"target\":[\"https:\\\/\\\/www.bbmnoticias.com\\\/labravaradiofm\\\/2021\\\/10\\\/14\\\/condena-de-30-anos-de-prision-contra-homicida-de-policia-comunitario\\\/\"]}]},{\"@type\":\"ImageObject\",\"inLanguage\":\"es\",\"@id\":\"https:\\\/\\\/www.bbmnoticias.com\\\/labravaradiofm\\\/2021\\\/10\\\/14\\\/condena-de-30-anos-de-prision-contra-homicida-de-policia-comunitario\\\/#primaryimage\",\"url\":\"https:\\\/\\\/www.bbmnoticias.com\\\/labravaradiofm\\\/wp-content\\\/uploads\\\/sites\\\/5\\\/2021\\\/10\\\/policiaca14102021-5.jpg\",\"contentUrl\":\"https:\\\/\\\/www.bbmnoticias.com\\\/labravaradiofm\\\/wp-content\\\/uploads\\\/sites\\\/5\\\/2021\\\/10\\\/policiaca14102021-5.jpg\",\"width\":1280,\"height\":720},{\"@type\":\"BreadcrumbList\",\"@id\":\"https:\\\/\\\/www.bbmnoticias.com\\\/labravaradiofm\\\/2021\\\/10\\\/14\\\/condena-de-30-anos-de-prision-contra-homicida-de-policia-comunitario\\\/#breadcrumb\",\"itemListElement\":[{\"@type\":\"ListItem\",\"position\":1,\"name\":\"Inicio\",\"item\":\"https:\\\/\\\/www.bbmnoticias.com\\\/labravaradiofm\\\/\"},{\"@type\":\"ListItem\",\"position\":2,\"name\":\"Condena de 30 a\u00f1os de prisi\u00f3n contra homicida de polic\u00eda comunitario\"}]},{\"@type\":\"WebSite\",\"@id\":\"https:\\\/\\\/www.bbmnoticias.com\\\/labravaradiofm\\\/#website\",\"url\":\"https:\\\/\\\/www.bbmnoticias.com\\\/labravaradiofm\\\/\",\"name\":\"LA BRAVA RADIO\",\"description\":\"Empresa productora de medios, Radiodifusi\u00f3n, Noticias, tendencias y todo lo que necesitas saber de la pol\u00edtica mexicana e internacional; entretenimiento, espect\u00e1culos, salud y mucho m\u00e1s.\",\"potentialAction\":[{\"@type\":\"SearchAction\",\"target\":{\"@type\":\"EntryPoint\",\"urlTemplate\":\"https:\\\/\\\/www.bbmnoticias.com\\\/labravaradiofm\\\/?s={search_term_string}\"},\"query-input\":{\"@type\":\"PropertyValueSpecification\",\"valueRequired\":true,\"valueName\":\"search_term_string\"}}],\"inLanguage\":\"es\"},{\"@type\":\"Person\",\"@id\":\"https:\\\/\\\/www.bbmnoticias.com\\\/labravaradiofm\\\/#\\\/schema\\\/person\\\/68a9e9036ef3c5b55aeb2b71dc8bab45\",\"name\":\"Staff\",\"image\":{\"@type\":\"ImageObject\",\"inLanguage\":\"es\",\"@id\":\"https:\\\/\\\/secure.gravatar.com\\\/avatar\\\/fdd21ad66fd8b98c407f9dee5b5e588cfe7f0d8579ec20fa6527cd59bab7f0f0?s=96&d=mm&r=g\",\"url\":\"https:\\\/\\\/secure.gravatar.com\\\/avatar\\\/fdd21ad66fd8b98c407f9dee5b5e588cfe7f0d8579ec20fa6527cd59bab7f0f0?s=96&d=mm&r=g\",\"contentUrl\":\"https:\\\/\\\/secure.gravatar.com\\\/avatar\\\/fdd21ad66fd8b98c407f9dee5b5e588cfe7f0d8579ec20fa6527cd59bab7f0f0?s=96&d=mm&r=g\",\"caption\":\"Staff\"},\"url\":\"https:\\\/\\\/www.bbmnoticias.com\\\/labravaradiofm\\\/author\\\/redaccion\\\/\"}]}<\/script>\n<!-- \/ Yoast SEO plugin. -->","yoast_head_json":{"title":"Condena de 30 a\u00f1os de prisi\u00f3n contra homicida de polic\u00eda comunitario - LA BRAVA RADIO","description":"La FGEO realiz\u00f3 la investigaci\u00f3n correspondiente a trav\u00e9s de la Vicefiscal\u00eda de la Cuenca, logrando aprehender y presentar al imputado","robots":{"index":"index","follow":"follow","max-snippet":"max-snippet:-1","max-image-preview":"max-image-preview:large","max-video-preview":"max-video-preview:-1"},"canonical":"https:\/\/www.bbmnoticias.com\/labravaradiofm\/2021\/10\/14\/condena-de-30-anos-de-prision-contra-homicida-de-policia-comunitario\/","og_locale":"es_MX","og_type":"article","og_title":"Condena de 30 a\u00f1os de prisi\u00f3n contra homicida de polic\u00eda comunitario - LA BRAVA RADIO","og_description":"La FGEO realiz\u00f3 la investigaci\u00f3n correspondiente a trav\u00e9s de la Vicefiscal\u00eda de la Cuenca, logrando aprehender y presentar al imputado","og_url":"https:\/\/www.bbmnoticias.com\/labravaradiofm\/2021\/10\/14\/condena-de-30-anos-de-prision-contra-homicida-de-policia-comunitario\/","og_site_name":"LA BRAVA RADIO","article_published_time":"2021-10-14T19:06:52+00:00","article_modified_time":"2021-10-14T19:06:53+00:00","og_image":[{"width":1280,"height":720,"url":"https:\/\/www.bbmnoticias.com\/labravaradiofm\/wp-content\/uploads\/sites\/5\/2021\/10\/policiaca14102021-5.jpg","type":"image\/jpeg"}],"author":"Staff","twitter_card":"summary_large_image","twitter_misc":{"Escrito por":"Staff","Tiempo de lectura":"2 minutos"},"schema":{"@context":"https:\/\/schema.org","@graph":[{"@type":"Article","@id":"https:\/\/www.bbmnoticias.com\/labravaradiofm\/2021\/10\/14\/condena-de-30-anos-de-prision-contra-homicida-de-policia-comunitario\/#article","isPartOf":{"@id":"https:\/\/www.bbmnoticias.com\/labravaradiofm\/2021\/10\/14\/condena-de-30-anos-de-prision-contra-homicida-de-policia-comunitario\/"},"author":{"name":"Staff","@id":"https:\/\/www.bbmnoticias.com\/labravaradiofm\/#\/schema\/person\/68a9e9036ef3c5b55aeb2b71dc8bab45"},"headline":"Condena de 30 a\u00f1os de prisi\u00f3n contra homicida de polic\u00eda comunitario","datePublished":"2021-10-14T19:06:52+00:00","dateModified":"2021-10-14T19:06:53+00:00","mainEntityOfPage":{"@id":"https:\/\/www.bbmnoticias.com\/labravaradiofm\/2021\/10\/14\/condena-de-30-anos-de-prision-contra-homicida-de-policia-comunitario\/"},"wordCount":318,"image":{"@id":"https:\/\/www.bbmnoticias.com\/labravaradiofm\/2021\/10\/14\/condena-de-30-anos-de-prision-contra-homicida-de-policia-comunitario\/#primaryimage"},"thumbnailUrl":"https:\/\/www.bbmnoticias.com\/labravaradiofm\/wp-content\/uploads\/sites\/5\/2021\/10\/policiaca14102021-5.jpg","articleSection":["POLICIACA"],"inLanguage":"es"},{"@type":"WebPage","@id":"https:\/\/www.bbmnoticias.com\/labravaradiofm\/2021\/10\/14\/condena-de-30-anos-de-prision-contra-homicida-de-policia-comunitario\/","url":"https:\/\/www.bbmnoticias.com\/labravaradiofm\/2021\/10\/14\/condena-de-30-anos-de-prision-contra-homicida-de-policia-comunitario\/","name":"Condena de 30 a\u00f1os de prisi\u00f3n contra homicida de polic\u00eda comunitario - LA BRAVA RADIO","isPartOf":{"@id":"https:\/\/www.bbmnoticias.com\/labravaradiofm\/#website"},"primaryImageOfPage":{"@id":"https:\/\/www.bbmnoticias.com\/labravaradiofm\/2021\/10\/14\/condena-de-30-anos-de-prision-contra-homicida-de-policia-comunitario\/#primaryimage"},"image":{"@id":"https:\/\/www.bbmnoticias.com\/labravaradiofm\/2021\/10\/14\/condena-de-30-anos-de-prision-contra-homicida-de-policia-comunitario\/#primaryimage"},"thumbnailUrl":"https:\/\/www.bbmnoticias.com\/labravaradiofm\/wp-content\/uploads\/sites\/5\/2021\/10\/policiaca14102021-5.jpg","datePublished":"2021-10-14T19:06:52+00:00","dateModified":"2021-10-14T19:06:53+00:00","author":{"@id":"https:\/\/www.bbmnoticias.com\/labravaradiofm\/#\/schema\/person\/68a9e9036ef3c5b55aeb2b71dc8bab45"},"description":"La FGEO realiz\u00f3 la investigaci\u00f3n correspondiente a trav\u00e9s de la Vicefiscal\u00eda de la Cuenca, logrando aprehender y presentar al imputado","breadcrumb":{"@id":"https:\/\/www.bbmnoticias.com\/labravaradiofm\/2021\/10\/14\/condena-de-30-anos-de-prision-contra-homicida-de-policia-comunitario\/#breadcrumb"},"inLanguage":"es","potentialAction":[{"@type":"ReadAction","target":["https:\/\/www.bbmnoticias.com\/labravaradiofm\/2021\/10\/14\/condena-de-30-anos-de-prision-contra-homicida-de-policia-comunitario\/"]}]},{"@type":"ImageObject","inLanguage":"es","@id":"https:\/\/www.bbmnoticias.com\/labravaradiofm\/2021\/10\/14\/condena-de-30-anos-de-prision-contra-homicida-de-policia-comunitario\/#primaryimage","url":"https:\/\/www.bbmnoticias.com\/labravaradiofm\/wp-content\/uploads\/sites\/5\/2021\/10\/policiaca14102021-5.jpg","contentUrl":"https:\/\/www.bbmnoticias.com\/labravaradiofm\/wp-content\/uploads\/sites\/5\/2021\/10\/policiaca14102021-5.jpg","width":1280,"height":720},{"@type":"BreadcrumbList","@id":"https:\/\/www.bbmnoticias.com\/labravaradiofm\/2021\/10\/14\/condena-de-30-anos-de-prision-contra-homicida-de-policia-comunitario\/#breadcrumb","itemListElement":[{"@type":"ListItem","position":1,"name":"Inicio","item":"https:\/\/www.bbmnoticias.com\/labravaradiofm\/"},{"@type":"ListItem","position":2,"name":"Condena de 30 a\u00f1os de prisi\u00f3n contra homicida de polic\u00eda comunitario"}]},{"@type":"WebSite","@id":"https:\/\/www.bbmnoticias.com\/labravaradiofm\/#website","url":"https:\/\/www.bbmnoticias.com\/labravaradiofm\/","name":"LA BRAVA RADIO","description":"Empresa productora de medios, Radiodifusi\u00f3n, Noticias, tendencias y todo lo que necesitas saber de la pol\u00edtica mexicana e internacional; entretenimiento, espect\u00e1culos, salud y mucho m\u00e1s.","potentialAction":[{"@type":"SearchAction","target":{"@type":"EntryPoint","urlTemplate":"https:\/\/www.bbmnoticias.com\/labravaradiofm\/?s={search_term_string}"},"query-input":{"@type":"PropertyValueSpecification","valueRequired":true,"valueName":"search_term_string"}}],"inLanguage":"es"},{"@type":"Person","@id":"https:\/\/www.bbmnoticias.com\/labravaradiofm\/#\/schema\/person\/68a9e9036ef3c5b55aeb2b71dc8bab45","name":"Staff","image":{"@type":"ImageObject","inLanguage":"es","@id":"https:\/\/secure.gravatar.com\/avatar\/fdd21ad66fd8b98c407f9dee5b5e588cfe7f0d8579ec20fa6527cd59bab7f0f0?s=96&d=mm&r=g","url":"https:\/\/secure.gravatar.com\/avatar\/fdd21ad66fd8b98c407f9dee5b5e588cfe7f0d8579ec20fa6527cd59bab7f0f0?s=96&d=mm&r=g","contentUrl":"https:\/\/secure.gravatar.com\/avatar\/fdd21ad66fd8b98c407f9dee5b5e588cfe7f0d8579ec20fa6527cd59bab7f0f0?s=96&d=mm&r=g","caption":"Staff"},"url":"https:\/\/www.bbmnoticias.com\/labravaradiofm\/author\/redaccion\/"}]}},"_links":{"self":[{"href":"https:\/\/www.bbmnoticias.com\/labravaradiofm\/wp-json\/wp\/v2\/posts\/3763","targetHints":{"allow":["GET"]}}],"collection":[{"href":"https:\/\/www.bbmnoticias.com\/labravaradiofm\/wp-json\/wp\/v2\/posts"}],"about":[{"href":"https:\/\/www.bbmnoticias.com\/labravaradiofm\/wp-json\/wp\/v2\/types\/post"}],"author":[{"embeddable":true,"href":"https:\/\/www.bbmnoticias.com\/labravaradiofm\/wp-json\/wp\/v2\/users\/2"}],"replies":[{"embeddable":true,"href":"https:\/\/www.bbmnoticias.com\/labravaradiofm\/wp-json\/wp\/v2\/comments?post=3763"}],"version-history":[{"count":0,"href":"https:\/\/www.bbmnoticias.com\/labravaradiofm\/wp-json\/wp\/v2\/posts\/3763\/revisions"}],"wp:featuredmedia":[{"embeddable":true,"href":"https:\/\/www.bbmnoticias.com\/labravaradiofm\/wp-json\/wp\/v2\/media\/3764"}],"wp:attachment":[{"href":"https:\/\/www.bbmnoticias.com\/labravaradiofm\/wp-json\/wp\/v2\/media?parent=3763"}],"wp:term":[{"taxonomy":"category","embeddable":true,"href":"https:\/\/www.bbmnoticias.com\/labravaradiofm\/wp-json\/wp\/v2\/categories?post=3763"},{"taxonomy":"post_tag","embeddable":true,"href":"https:\/\/www.bbmnoticias.com\/labravaradiofm\/wp-json\/wp\/v2\/tags?post=3763"}],"curies":[{"name":"wp","href":"https:\/\/api.w.org\/{rel}","templated":true}]}}