{"id":3752,"date":"2021-10-14T12:24:53","date_gmt":"2021-10-14T17:24:53","guid":{"rendered":"https:\/\/www.bbmnoticias.com\/labravaradiofm\/?p=3752"},"modified":"2021-10-14T12:24:55","modified_gmt":"2021-10-14T17:24:55","slug":"el-gobierno-que-encabeza-amh-refrenda-su-compromiso-con-la-base-trabajadora-de-la-uabjo","status":"publish","type":"post","link":"https:\/\/www.bbmnoticias.com\/labravaradiofm\/2021\/10\/14\/el-gobierno-que-encabeza-amh-refrenda-su-compromiso-con-la-base-trabajadora-de-la-uabjo\/","title":{"rendered":"El gobierno que encabeza AMH refrenda su compromiso con la base trabajadora de la UABJO"},"content":{"rendered":"<div style=\"margin-top: 0px; margin-bottom: 0px;\" class=\"sharethis-inline-share-buttons\" ><\/div>\n<p>*El Gobierno del Estado, realiza las gestiones necesarias para efectuar los pagos previstos por concepto de Bono de Calidad y Eficiencia a las y los trabajadores sindicalizados de la UABJO en este mes de octubre<\/p>\n\n\n\n<p>El gobernador Alejandro Murat Hinojosa, refrenda su compromiso con la base trabajadora de la Universidad Aut\u00f3noma Benito Ju\u00e1rez de Oaxaca (UABJO).<\/p>\n\n\n\n<p>Ante esto, el Gobierno del Estado realiza las gestiones necesarias para establecer una estrecha coordinaci\u00f3n con el rector Eduardo Bautista Mart\u00ednez, toda vez que, derivado de los ajustes presupuestales en la administraci\u00f3n publica estatal, el pago por concepto de Bono de Calidad y Eficiencia ser\u00e1 cubierto en este mes de octubre.<\/p>\n\n\n\n<p>Esta medida que ha tomado el Gobernador del Estado, obedece a un esfuerzo extraordinario con el prop\u00f3sito de brindar tranquilidad a la base trabajadora, as\u00ed como a la UABJO y con ello contribuir a un clima de paz, estabilidad y armon\u00eda.<\/p>\n\n\n\n<p>El gobernador Alejandro Murat Hinojosa refrenda su compromiso por privilegiar el di\u00e1logo y la concertaci\u00f3n en la soluci\u00f3n de conflictos, con el firme objetivo de construir condiciones de paz en el estado.<\/p>\n","protected":false},"excerpt":{"rendered":"<p>*El Gobierno del Estado, realiza las gestiones necesarias para efectuar los pagos previstos por concepto de Bono de Calidad y Eficiencia a las y los trabajadores sindicalizados de la UABJO en este mes de octubre El gobernador Alejandro Murat Hinojosa, refrenda su compromiso con la base trabajadora de la Universidad Aut\u00f3noma Benito Ju\u00e1rez de Oaxaca [&hellip;]<\/p>\n","protected":false},"author":2,"featured_media":3753,"comment_status":"closed","ping_status":"closed","sticky":false,"template":"","format":"standard","meta":{"footnotes":""},"categories":[1],"tags":[],"class_list":{"0":"post-3752","1":"post","2":"type-post","3":"status-publish","4":"format-standard","5":"has-post-thumbnail","7":"category-sin-categoria"},"yoast_head":"<!-- This site is optimized with the Yoast SEO plugin v27.4 - https:\/\/yoast.com\/product\/yoast-seo-wordpress\/ -->\n<title>El gobierno que encabeza AMH refrenda su compromiso con la base trabajadora de la UABJO - LA BRAVA RADIO<\/title>\n<meta name=\"robots\" content=\"index, follow, max-snippet:-1, max-image-preview:large, max-video-preview:-1\" \/>\n<link rel=\"canonical\" href=\"https:\/\/www.bbmnoticias.com\/labravaradiofm\/2021\/10\/14\/el-gobierno-que-encabeza-amh-refrenda-su-compromiso-con-la-base-trabajadora-de-la-uabjo\/\" \/>\n<meta property=\"og:locale\" content=\"es_MX\" \/>\n<meta property=\"og:type\" content=\"article\" \/>\n<meta property=\"og:title\" content=\"El gobierno que encabeza AMH refrenda su compromiso con la base trabajadora de la UABJO - LA BRAVA RADIO\" \/>\n<meta property=\"og:description\" content=\"*El Gobierno del Estado, realiza las gestiones necesarias para efectuar los pagos previstos por concepto de Bono de Calidad y Eficiencia a las y los trabajadores sindicalizados de la UABJO en este mes de octubre El gobernador Alejandro Murat Hinojosa, refrenda su compromiso con la base trabajadora de la Universidad Aut\u00f3noma Benito Ju\u00e1rez de Oaxaca [&hellip;]\" \/>\n<meta property=\"og:url\" content=\"https:\/\/www.bbmnoticias.com\/labravaradiofm\/2021\/10\/14\/el-gobierno-que-encabeza-amh-refrenda-su-compromiso-con-la-base-trabajadora-de-la-uabjo\/\" \/>\n<meta property=\"og:site_name\" content=\"LA BRAVA RADIO\" \/>\n<meta property=\"article:published_time\" content=\"2021-10-14T17:24:53+00:00\" \/>\n<meta property=\"article:modified_time\" content=\"2021-10-14T17:24:55+00:00\" \/>\n<meta property=\"og:image\" content=\"https:\/\/www.bbmnoticias.com\/labravaradiofm\/wp-content\/uploads\/sites\/5\/2021\/10\/local141021-1.jpg\" \/>\n\t<meta property=\"og:image:width\" content=\"680\" \/>\n\t<meta property=\"og:image:height\" content=\"357\" \/>\n\t<meta property=\"og:image:type\" content=\"image\/jpeg\" \/>\n<meta name=\"author\" content=\"Staff\" \/>\n<meta name=\"twitter:card\" content=\"summary_large_image\" \/>\n<meta name=\"twitter:label1\" content=\"Escrito por\" \/>\n\t<meta name=\"twitter:data1\" content=\"Staff\" \/>\n\t<meta name=\"twitter:label2\" content=\"Tiempo de lectura\" \/>\n\t<meta name=\"twitter:data2\" content=\"1 minuto\" \/>\n<script type=\"application\/ld+json\" class=\"yoast-schema-graph\">{\"@context\":\"https:\\\/\\\/schema.org\",\"@graph\":[{\"@type\":\"Article\",\"@id\":\"https:\\\/\\\/www.bbmnoticias.com\\\/labravaradiofm\\\/2021\\\/10\\\/14\\\/el-gobierno-que-encabeza-amh-refrenda-su-compromiso-con-la-base-trabajadora-de-la-uabjo\\\/#article\",\"isPartOf\":{\"@id\":\"https:\\\/\\\/www.bbmnoticias.com\\\/labravaradiofm\\\/2021\\\/10\\\/14\\\/el-gobierno-que-encabeza-amh-refrenda-su-compromiso-con-la-base-trabajadora-de-la-uabjo\\\/\"},\"author\":{\"name\":\"Staff\",\"@id\":\"https:\\\/\\\/www.bbmnoticias.com\\\/labravaradiofm\\\/#\\\/schema\\\/person\\\/68a9e9036ef3c5b55aeb2b71dc8bab45\"},\"headline\":\"El gobierno que encabeza AMH refrenda su compromiso con la base trabajadora de la UABJO\",\"datePublished\":\"2021-10-14T17:24:53+00:00\",\"dateModified\":\"2021-10-14T17:24:55+00:00\",\"mainEntityOfPage\":{\"@id\":\"https:\\\/\\\/www.bbmnoticias.com\\\/labravaradiofm\\\/2021\\\/10\\\/14\\\/el-gobierno-que-encabeza-amh-refrenda-su-compromiso-con-la-base-trabajadora-de-la-uabjo\\\/\"},\"wordCount\":205,\"image\":{\"@id\":\"https:\\\/\\\/www.bbmnoticias.com\\\/labravaradiofm\\\/2021\\\/10\\\/14\\\/el-gobierno-que-encabeza-amh-refrenda-su-compromiso-con-la-base-trabajadora-de-la-uabjo\\\/#primaryimage\"},\"thumbnailUrl\":\"https:\\\/\\\/www.bbmnoticias.com\\\/labravaradiofm\\\/wp-content\\\/uploads\\\/sites\\\/5\\\/2021\\\/10\\\/local141021-1.jpg\",\"inLanguage\":\"es\"},{\"@type\":\"WebPage\",\"@id\":\"https:\\\/\\\/www.bbmnoticias.com\\\/labravaradiofm\\\/2021\\\/10\\\/14\\\/el-gobierno-que-encabeza-amh-refrenda-su-compromiso-con-la-base-trabajadora-de-la-uabjo\\\/\",\"url\":\"https:\\\/\\\/www.bbmnoticias.com\\\/labravaradiofm\\\/2021\\\/10\\\/14\\\/el-gobierno-que-encabeza-amh-refrenda-su-compromiso-con-la-base-trabajadora-de-la-uabjo\\\/\",\"name\":\"El gobierno que encabeza AMH refrenda su compromiso con la base trabajadora de la UABJO - LA BRAVA RADIO\",\"isPartOf\":{\"@id\":\"https:\\\/\\\/www.bbmnoticias.com\\\/labravaradiofm\\\/#website\"},\"primaryImageOfPage\":{\"@id\":\"https:\\\/\\\/www.bbmnoticias.com\\\/labravaradiofm\\\/2021\\\/10\\\/14\\\/el-gobierno-que-encabeza-amh-refrenda-su-compromiso-con-la-base-trabajadora-de-la-uabjo\\\/#primaryimage\"},\"image\":{\"@id\":\"https:\\\/\\\/www.bbmnoticias.com\\\/labravaradiofm\\\/2021\\\/10\\\/14\\\/el-gobierno-que-encabeza-amh-refrenda-su-compromiso-con-la-base-trabajadora-de-la-uabjo\\\/#primaryimage\"},\"thumbnailUrl\":\"https:\\\/\\\/www.bbmnoticias.com\\\/labravaradiofm\\\/wp-content\\\/uploads\\\/sites\\\/5\\\/2021\\\/10\\\/local141021-1.jpg\",\"datePublished\":\"2021-10-14T17:24:53+00:00\",\"dateModified\":\"2021-10-14T17:24:55+00:00\",\"author\":{\"@id\":\"https:\\\/\\\/www.bbmnoticias.com\\\/labravaradiofm\\\/#\\\/schema\\\/person\\\/68a9e9036ef3c5b55aeb2b71dc8bab45\"},\"breadcrumb\":{\"@id\":\"https:\\\/\\\/www.bbmnoticias.com\\\/labravaradiofm\\\/2021\\\/10\\\/14\\\/el-gobierno-que-encabeza-amh-refrenda-su-compromiso-con-la-base-trabajadora-de-la-uabjo\\\/#breadcrumb\"},\"inLanguage\":\"es\",\"potentialAction\":[{\"@type\":\"ReadAction\",\"target\":[\"https:\\\/\\\/www.bbmnoticias.com\\\/labravaradiofm\\\/2021\\\/10\\\/14\\\/el-gobierno-que-encabeza-amh-refrenda-su-compromiso-con-la-base-trabajadora-de-la-uabjo\\\/\"]}]},{\"@type\":\"ImageObject\",\"inLanguage\":\"es\",\"@id\":\"https:\\\/\\\/www.bbmnoticias.com\\\/labravaradiofm\\\/2021\\\/10\\\/14\\\/el-gobierno-que-encabeza-amh-refrenda-su-compromiso-con-la-base-trabajadora-de-la-uabjo\\\/#primaryimage\",\"url\":\"https:\\\/\\\/www.bbmnoticias.com\\\/labravaradiofm\\\/wp-content\\\/uploads\\\/sites\\\/5\\\/2021\\\/10\\\/local141021-1.jpg\",\"contentUrl\":\"https:\\\/\\\/www.bbmnoticias.com\\\/labravaradiofm\\\/wp-content\\\/uploads\\\/sites\\\/5\\\/2021\\\/10\\\/local141021-1.jpg\",\"width\":680,\"height\":357},{\"@type\":\"BreadcrumbList\",\"@id\":\"https:\\\/\\\/www.bbmnoticias.com\\\/labravaradiofm\\\/2021\\\/10\\\/14\\\/el-gobierno-que-encabeza-amh-refrenda-su-compromiso-con-la-base-trabajadora-de-la-uabjo\\\/#breadcrumb\",\"itemListElement\":[{\"@type\":\"ListItem\",\"position\":1,\"name\":\"Inicio\",\"item\":\"https:\\\/\\\/www.bbmnoticias.com\\\/labravaradiofm\\\/\"},{\"@type\":\"ListItem\",\"position\":2,\"name\":\"El gobierno que encabeza AMH refrenda su compromiso con la base trabajadora de la UABJO\"}]},{\"@type\":\"WebSite\",\"@id\":\"https:\\\/\\\/www.bbmnoticias.com\\\/labravaradiofm\\\/#website\",\"url\":\"https:\\\/\\\/www.bbmnoticias.com\\\/labravaradiofm\\\/\",\"name\":\"LA BRAVA RADIO\",\"description\":\"Empresa productora de medios, Radiodifusi\u00f3n, Noticias, tendencias y todo lo que necesitas saber de la pol\u00edtica mexicana e internacional; entretenimiento, espect\u00e1culos, salud y mucho m\u00e1s.\",\"potentialAction\":[{\"@type\":\"SearchAction\",\"target\":{\"@type\":\"EntryPoint\",\"urlTemplate\":\"https:\\\/\\\/www.bbmnoticias.com\\\/labravaradiofm\\\/?s={search_term_string}\"},\"query-input\":{\"@type\":\"PropertyValueSpecification\",\"valueRequired\":true,\"valueName\":\"search_term_string\"}}],\"inLanguage\":\"es\"},{\"@type\":\"Person\",\"@id\":\"https:\\\/\\\/www.bbmnoticias.com\\\/labravaradiofm\\\/#\\\/schema\\\/person\\\/68a9e9036ef3c5b55aeb2b71dc8bab45\",\"name\":\"Staff\",\"image\":{\"@type\":\"ImageObject\",\"inLanguage\":\"es\",\"@id\":\"https:\\\/\\\/secure.gravatar.com\\\/avatar\\\/fdd21ad66fd8b98c407f9dee5b5e588cfe7f0d8579ec20fa6527cd59bab7f0f0?s=96&d=mm&r=g\",\"url\":\"https:\\\/\\\/secure.gravatar.com\\\/avatar\\\/fdd21ad66fd8b98c407f9dee5b5e588cfe7f0d8579ec20fa6527cd59bab7f0f0?s=96&d=mm&r=g\",\"contentUrl\":\"https:\\\/\\\/secure.gravatar.com\\\/avatar\\\/fdd21ad66fd8b98c407f9dee5b5e588cfe7f0d8579ec20fa6527cd59bab7f0f0?s=96&d=mm&r=g\",\"caption\":\"Staff\"},\"url\":\"https:\\\/\\\/www.bbmnoticias.com\\\/labravaradiofm\\\/author\\\/redaccion\\\/\"}]}<\/script>\n<!-- \/ Yoast SEO plugin. -->","yoast_head_json":{"title":"El gobierno que encabeza AMH refrenda su compromiso con la base trabajadora de la UABJO - LA BRAVA RADIO","robots":{"index":"index","follow":"follow","max-snippet":"max-snippet:-1","max-image-preview":"max-image-preview:large","max-video-preview":"max-video-preview:-1"},"canonical":"https:\/\/www.bbmnoticias.com\/labravaradiofm\/2021\/10\/14\/el-gobierno-que-encabeza-amh-refrenda-su-compromiso-con-la-base-trabajadora-de-la-uabjo\/","og_locale":"es_MX","og_type":"article","og_title":"El gobierno que encabeza AMH refrenda su compromiso con la base trabajadora de la UABJO - LA BRAVA RADIO","og_description":"*El Gobierno del Estado, realiza las gestiones necesarias para efectuar los pagos previstos por concepto de Bono de Calidad y Eficiencia a las y los trabajadores sindicalizados de la UABJO en este mes de octubre El gobernador Alejandro Murat Hinojosa, refrenda su compromiso con la base trabajadora de la Universidad Aut\u00f3noma Benito Ju\u00e1rez de Oaxaca [&hellip;]","og_url":"https:\/\/www.bbmnoticias.com\/labravaradiofm\/2021\/10\/14\/el-gobierno-que-encabeza-amh-refrenda-su-compromiso-con-la-base-trabajadora-de-la-uabjo\/","og_site_name":"LA BRAVA RADIO","article_published_time":"2021-10-14T17:24:53+00:00","article_modified_time":"2021-10-14T17:24:55+00:00","og_image":[{"width":680,"height":357,"url":"https:\/\/www.bbmnoticias.com\/labravaradiofm\/wp-content\/uploads\/sites\/5\/2021\/10\/local141021-1.jpg","type":"image\/jpeg"}],"author":"Staff","twitter_card":"summary_large_image","twitter_misc":{"Escrito por":"Staff","Tiempo de lectura":"1 minuto"},"schema":{"@context":"https:\/\/schema.org","@graph":[{"@type":"Article","@id":"https:\/\/www.bbmnoticias.com\/labravaradiofm\/2021\/10\/14\/el-gobierno-que-encabeza-amh-refrenda-su-compromiso-con-la-base-trabajadora-de-la-uabjo\/#article","isPartOf":{"@id":"https:\/\/www.bbmnoticias.com\/labravaradiofm\/2021\/10\/14\/el-gobierno-que-encabeza-amh-refrenda-su-compromiso-con-la-base-trabajadora-de-la-uabjo\/"},"author":{"name":"Staff","@id":"https:\/\/www.bbmnoticias.com\/labravaradiofm\/#\/schema\/person\/68a9e9036ef3c5b55aeb2b71dc8bab45"},"headline":"El gobierno que encabeza AMH refrenda su compromiso con la base trabajadora de la UABJO","datePublished":"2021-10-14T17:24:53+00:00","dateModified":"2021-10-14T17:24:55+00:00","mainEntityOfPage":{"@id":"https:\/\/www.bbmnoticias.com\/labravaradiofm\/2021\/10\/14\/el-gobierno-que-encabeza-amh-refrenda-su-compromiso-con-la-base-trabajadora-de-la-uabjo\/"},"wordCount":205,"image":{"@id":"https:\/\/www.bbmnoticias.com\/labravaradiofm\/2021\/10\/14\/el-gobierno-que-encabeza-amh-refrenda-su-compromiso-con-la-base-trabajadora-de-la-uabjo\/#primaryimage"},"thumbnailUrl":"https:\/\/www.bbmnoticias.com\/labravaradiofm\/wp-content\/uploads\/sites\/5\/2021\/10\/local141021-1.jpg","inLanguage":"es"},{"@type":"WebPage","@id":"https:\/\/www.bbmnoticias.com\/labravaradiofm\/2021\/10\/14\/el-gobierno-que-encabeza-amh-refrenda-su-compromiso-con-la-base-trabajadora-de-la-uabjo\/","url":"https:\/\/www.bbmnoticias.com\/labravaradiofm\/2021\/10\/14\/el-gobierno-que-encabeza-amh-refrenda-su-compromiso-con-la-base-trabajadora-de-la-uabjo\/","name":"El gobierno que encabeza AMH refrenda su compromiso con la base trabajadora de la UABJO - LA BRAVA RADIO","isPartOf":{"@id":"https:\/\/www.bbmnoticias.com\/labravaradiofm\/#website"},"primaryImageOfPage":{"@id":"https:\/\/www.bbmnoticias.com\/labravaradiofm\/2021\/10\/14\/el-gobierno-que-encabeza-amh-refrenda-su-compromiso-con-la-base-trabajadora-de-la-uabjo\/#primaryimage"},"image":{"@id":"https:\/\/www.bbmnoticias.com\/labravaradiofm\/2021\/10\/14\/el-gobierno-que-encabeza-amh-refrenda-su-compromiso-con-la-base-trabajadora-de-la-uabjo\/#primaryimage"},"thumbnailUrl":"https:\/\/www.bbmnoticias.com\/labravaradiofm\/wp-content\/uploads\/sites\/5\/2021\/10\/local141021-1.jpg","datePublished":"2021-10-14T17:24:53+00:00","dateModified":"2021-10-14T17:24:55+00:00","author":{"@id":"https:\/\/www.bbmnoticias.com\/labravaradiofm\/#\/schema\/person\/68a9e9036ef3c5b55aeb2b71dc8bab45"},"breadcrumb":{"@id":"https:\/\/www.bbmnoticias.com\/labravaradiofm\/2021\/10\/14\/el-gobierno-que-encabeza-amh-refrenda-su-compromiso-con-la-base-trabajadora-de-la-uabjo\/#breadcrumb"},"inLanguage":"es","potentialAction":[{"@type":"ReadAction","target":["https:\/\/www.bbmnoticias.com\/labravaradiofm\/2021\/10\/14\/el-gobierno-que-encabeza-amh-refrenda-su-compromiso-con-la-base-trabajadora-de-la-uabjo\/"]}]},{"@type":"ImageObject","inLanguage":"es","@id":"https:\/\/www.bbmnoticias.com\/labravaradiofm\/2021\/10\/14\/el-gobierno-que-encabeza-amh-refrenda-su-compromiso-con-la-base-trabajadora-de-la-uabjo\/#primaryimage","url":"https:\/\/www.bbmnoticias.com\/labravaradiofm\/wp-content\/uploads\/sites\/5\/2021\/10\/local141021-1.jpg","contentUrl":"https:\/\/www.bbmnoticias.com\/labravaradiofm\/wp-content\/uploads\/sites\/5\/2021\/10\/local141021-1.jpg","width":680,"height":357},{"@type":"BreadcrumbList","@id":"https:\/\/www.bbmnoticias.com\/labravaradiofm\/2021\/10\/14\/el-gobierno-que-encabeza-amh-refrenda-su-compromiso-con-la-base-trabajadora-de-la-uabjo\/#breadcrumb","itemListElement":[{"@type":"ListItem","position":1,"name":"Inicio","item":"https:\/\/www.bbmnoticias.com\/labravaradiofm\/"},{"@type":"ListItem","position":2,"name":"El gobierno que encabeza AMH refrenda su compromiso con la base trabajadora de la UABJO"}]},{"@type":"WebSite","@id":"https:\/\/www.bbmnoticias.com\/labravaradiofm\/#website","url":"https:\/\/www.bbmnoticias.com\/labravaradiofm\/","name":"LA BRAVA RADIO","description":"Empresa productora de medios, Radiodifusi\u00f3n, Noticias, tendencias y todo lo que necesitas saber de la pol\u00edtica mexicana e internacional; entretenimiento, espect\u00e1culos, salud y mucho m\u00e1s.","potentialAction":[{"@type":"SearchAction","target":{"@type":"EntryPoint","urlTemplate":"https:\/\/www.bbmnoticias.com\/labravaradiofm\/?s={search_term_string}"},"query-input":{"@type":"PropertyValueSpecification","valueRequired":true,"valueName":"search_term_string"}}],"inLanguage":"es"},{"@type":"Person","@id":"https:\/\/www.bbmnoticias.com\/labravaradiofm\/#\/schema\/person\/68a9e9036ef3c5b55aeb2b71dc8bab45","name":"Staff","image":{"@type":"ImageObject","inLanguage":"es","@id":"https:\/\/secure.gravatar.com\/avatar\/fdd21ad66fd8b98c407f9dee5b5e588cfe7f0d8579ec20fa6527cd59bab7f0f0?s=96&d=mm&r=g","url":"https:\/\/secure.gravatar.com\/avatar\/fdd21ad66fd8b98c407f9dee5b5e588cfe7f0d8579ec20fa6527cd59bab7f0f0?s=96&d=mm&r=g","contentUrl":"https:\/\/secure.gravatar.com\/avatar\/fdd21ad66fd8b98c407f9dee5b5e588cfe7f0d8579ec20fa6527cd59bab7f0f0?s=96&d=mm&r=g","caption":"Staff"},"url":"https:\/\/www.bbmnoticias.com\/labravaradiofm\/author\/redaccion\/"}]}},"_links":{"self":[{"href":"https:\/\/www.bbmnoticias.com\/labravaradiofm\/wp-json\/wp\/v2\/posts\/3752","targetHints":{"allow":["GET"]}}],"collection":[{"href":"https:\/\/www.bbmnoticias.com\/labravaradiofm\/wp-json\/wp\/v2\/posts"}],"about":[{"href":"https:\/\/www.bbmnoticias.com\/labravaradiofm\/wp-json\/wp\/v2\/types\/post"}],"author":[{"embeddable":true,"href":"https:\/\/www.bbmnoticias.com\/labravaradiofm\/wp-json\/wp\/v2\/users\/2"}],"replies":[{"embeddable":true,"href":"https:\/\/www.bbmnoticias.com\/labravaradiofm\/wp-json\/wp\/v2\/comments?post=3752"}],"version-history":[{"count":0,"href":"https:\/\/www.bbmnoticias.com\/labravaradiofm\/wp-json\/wp\/v2\/posts\/3752\/revisions"}],"wp:featuredmedia":[{"embeddable":true,"href":"https:\/\/www.bbmnoticias.com\/labravaradiofm\/wp-json\/wp\/v2\/media\/3753"}],"wp:attachment":[{"href":"https:\/\/www.bbmnoticias.com\/labravaradiofm\/wp-json\/wp\/v2\/media?parent=3752"}],"wp:term":[{"taxonomy":"category","embeddable":true,"href":"https:\/\/www.bbmnoticias.com\/labravaradiofm\/wp-json\/wp\/v2\/categories?post=3752"},{"taxonomy":"post_tag","embeddable":true,"href":"https:\/\/www.bbmnoticias.com\/labravaradiofm\/wp-json\/wp\/v2\/tags?post=3752"}],"curies":[{"name":"wp","href":"https:\/\/api.w.org\/{rel}","templated":true}]}}