{"id":3656,"date":"2021-10-13T13:08:21","date_gmt":"2021-10-13T18:08:21","guid":{"rendered":"https:\/\/www.bbmnoticias.com\/labravaradiofm\/?p=3656"},"modified":"2021-10-13T13:08:22","modified_gmt":"2021-10-13T18:08:22","slug":"por-el-delito-de-asalto-obtuvimos-vinculacion-a-proceso-contra-masculino","status":"publish","type":"post","link":"https:\/\/www.bbmnoticias.com\/labravaradiofm\/2021\/10\/13\/por-el-delito-de-asalto-obtuvimos-vinculacion-a-proceso-contra-masculino\/","title":{"rendered":"Por el delito de asalto, obtuvimos vinculaci\u00f3n a proceso contra masculino"},"content":{"rendered":"<div style=\"margin-top: 0px; margin-bottom: 0px;\" class=\"sharethis-inline-share-buttons\" ><\/div>\n<p><strong>Oaxaca de Ju\u00e1rez, Oax.-<\/strong> La Fiscal\u00eda General del Estado de Oaxaca (FGEO) obtuvo, del Juzgado de Control, auto de vinculaci\u00f3n a proceso contra la persona del sexo masculino identificada como S. E. A. V., probable responsable del delito de asalto en perjuicio patrimonial de P. M. S., cometido en septiembre de 2021 en Santo Domingo de Morelos, distrito de Pochutla.<\/p>\n\n\n\n<p>De acuerdo con la carpeta de investigaci\u00f3n 30971\/FCOS\/POCHUTLA\/2021, el 19 de septiembre de 2021, aproximadamente a las 19:30 horas, el imputado intent\u00f3 asaltar a la v\u00edctima cuando transitaba a bordo de una motocicleta en el tramo carretero Escobilla-Santo Domingo de Morelos, agresi\u00f3n en la que realiz\u00f3 disparos de arma de fuego.<\/p>\n\n\n\n<p>Ante estos hechos y tras la denuncia presentada, la Instituci\u00f3n de procuraci\u00f3n de justicia inici\u00f3 una exhaustiva y diligente investigaci\u00f3n -a trav\u00e9s de la Vicefiscal\u00eda Regional de la Costa-, logrando identificar, aprehender y presentar ante el Juzgado de Control al probable responsable.<\/p>\n\n\n\n<p>En audiencia, el Juez en turno determin\u00f3 vincular a proceso a S. E. A. V., y otorg\u00f3 un mes para el cierre de investigaci\u00f3n complementaria.<\/p>\n","protected":false},"excerpt":{"rendered":"<p>Oaxaca de Ju\u00e1rez, Oax.- La Fiscal\u00eda General del Estado de Oaxaca (FGEO) obtuvo, del Juzgado de Control, auto de vinculaci\u00f3n a proceso contra la persona del sexo masculino identificada como S. E. A. V., probable responsable del delito de asalto en perjuicio patrimonial de P. M. S., cometido en septiembre de 2021 en Santo Domingo [&hellip;]<\/p>\n","protected":false},"author":2,"featured_media":3657,"comment_status":"closed","ping_status":"closed","sticky":false,"template":"","format":"standard","meta":{"footnotes":""},"categories":[20],"tags":[],"class_list":{"0":"post-3656","1":"post","2":"type-post","3":"status-publish","4":"format-standard","5":"has-post-thumbnail","7":"category-policiaca"},"yoast_head":"<!-- This site is optimized with the Yoast SEO plugin v27.4 - https:\/\/yoast.com\/product\/yoast-seo-wordpress\/ -->\n<title>Por el delito de asalto, obtuvimos vinculaci\u00f3n a proceso contra masculino - LA BRAVA RADIO<\/title>\n<meta name=\"description\" content=\"La Instituci\u00f3n de procuraci\u00f3n de justicia inici\u00f3 una exhaustiva y diligente investigaci\u00f3n -a trav\u00e9s de la Vicefiscal\u00eda Regional de la Costa\" \/>\n<meta name=\"robots\" content=\"index, follow, max-snippet:-1, max-image-preview:large, max-video-preview:-1\" \/>\n<link rel=\"canonical\" href=\"https:\/\/www.bbmnoticias.com\/labravaradiofm\/2021\/10\/13\/por-el-delito-de-asalto-obtuvimos-vinculacion-a-proceso-contra-masculino\/\" \/>\n<meta property=\"og:locale\" content=\"es_MX\" \/>\n<meta property=\"og:type\" content=\"article\" \/>\n<meta property=\"og:title\" content=\"Por el delito de asalto, obtuvimos vinculaci\u00f3n a proceso contra masculino - LA BRAVA RADIO\" \/>\n<meta property=\"og:description\" content=\"La Instituci\u00f3n de procuraci\u00f3n de justicia inici\u00f3 una exhaustiva y diligente investigaci\u00f3n -a trav\u00e9s de la Vicefiscal\u00eda Regional de la Costa\" \/>\n<meta property=\"og:url\" content=\"https:\/\/www.bbmnoticias.com\/labravaradiofm\/2021\/10\/13\/por-el-delito-de-asalto-obtuvimos-vinculacion-a-proceso-contra-masculino\/\" \/>\n<meta property=\"og:site_name\" content=\"LA BRAVA RADIO\" \/>\n<meta property=\"article:published_time\" content=\"2021-10-13T18:08:21+00:00\" \/>\n<meta property=\"article:modified_time\" content=\"2021-10-13T18:08:22+00:00\" \/>\n<meta property=\"og:image\" content=\"https:\/\/www.bbmnoticias.com\/labravaradiofm\/wp-content\/uploads\/sites\/5\/2021\/10\/policiaca13102021-11.jpg\" \/>\n\t<meta property=\"og:image:width\" content=\"960\" \/>\n\t<meta property=\"og:image:height\" content=\"540\" \/>\n\t<meta property=\"og:image:type\" content=\"image\/jpeg\" \/>\n<meta name=\"author\" content=\"Staff\" \/>\n<meta name=\"twitter:card\" content=\"summary_large_image\" \/>\n<meta name=\"twitter:label1\" content=\"Escrito por\" \/>\n\t<meta name=\"twitter:data1\" content=\"Staff\" \/>\n\t<meta name=\"twitter:label2\" content=\"Tiempo de lectura\" \/>\n\t<meta name=\"twitter:data2\" content=\"1 minuto\" \/>\n<script type=\"application\/ld+json\" class=\"yoast-schema-graph\">{\"@context\":\"https:\\\/\\\/schema.org\",\"@graph\":[{\"@type\":\"Article\",\"@id\":\"https:\\\/\\\/www.bbmnoticias.com\\\/labravaradiofm\\\/2021\\\/10\\\/13\\\/por-el-delito-de-asalto-obtuvimos-vinculacion-a-proceso-contra-masculino\\\/#article\",\"isPartOf\":{\"@id\":\"https:\\\/\\\/www.bbmnoticias.com\\\/labravaradiofm\\\/2021\\\/10\\\/13\\\/por-el-delito-de-asalto-obtuvimos-vinculacion-a-proceso-contra-masculino\\\/\"},\"author\":{\"name\":\"Staff\",\"@id\":\"https:\\\/\\\/www.bbmnoticias.com\\\/labravaradiofm\\\/#\\\/schema\\\/person\\\/68a9e9036ef3c5b55aeb2b71dc8bab45\"},\"headline\":\"Por el delito de asalto, obtuvimos vinculaci\u00f3n a proceso contra masculino\",\"datePublished\":\"2021-10-13T18:08:21+00:00\",\"dateModified\":\"2021-10-13T18:08:22+00:00\",\"mainEntityOfPage\":{\"@id\":\"https:\\\/\\\/www.bbmnoticias.com\\\/labravaradiofm\\\/2021\\\/10\\\/13\\\/por-el-delito-de-asalto-obtuvimos-vinculacion-a-proceso-contra-masculino\\\/\"},\"wordCount\":200,\"image\":{\"@id\":\"https:\\\/\\\/www.bbmnoticias.com\\\/labravaradiofm\\\/2021\\\/10\\\/13\\\/por-el-delito-de-asalto-obtuvimos-vinculacion-a-proceso-contra-masculino\\\/#primaryimage\"},\"thumbnailUrl\":\"https:\\\/\\\/www.bbmnoticias.com\\\/labravaradiofm\\\/wp-content\\\/uploads\\\/sites\\\/5\\\/2021\\\/10\\\/policiaca13102021-11.jpg\",\"articleSection\":[\"POLICIACA\"],\"inLanguage\":\"es\"},{\"@type\":\"WebPage\",\"@id\":\"https:\\\/\\\/www.bbmnoticias.com\\\/labravaradiofm\\\/2021\\\/10\\\/13\\\/por-el-delito-de-asalto-obtuvimos-vinculacion-a-proceso-contra-masculino\\\/\",\"url\":\"https:\\\/\\\/www.bbmnoticias.com\\\/labravaradiofm\\\/2021\\\/10\\\/13\\\/por-el-delito-de-asalto-obtuvimos-vinculacion-a-proceso-contra-masculino\\\/\",\"name\":\"Por el delito de asalto, obtuvimos vinculaci\u00f3n a proceso contra masculino - LA BRAVA RADIO\",\"isPartOf\":{\"@id\":\"https:\\\/\\\/www.bbmnoticias.com\\\/labravaradiofm\\\/#website\"},\"primaryImageOfPage\":{\"@id\":\"https:\\\/\\\/www.bbmnoticias.com\\\/labravaradiofm\\\/2021\\\/10\\\/13\\\/por-el-delito-de-asalto-obtuvimos-vinculacion-a-proceso-contra-masculino\\\/#primaryimage\"},\"image\":{\"@id\":\"https:\\\/\\\/www.bbmnoticias.com\\\/labravaradiofm\\\/2021\\\/10\\\/13\\\/por-el-delito-de-asalto-obtuvimos-vinculacion-a-proceso-contra-masculino\\\/#primaryimage\"},\"thumbnailUrl\":\"https:\\\/\\\/www.bbmnoticias.com\\\/labravaradiofm\\\/wp-content\\\/uploads\\\/sites\\\/5\\\/2021\\\/10\\\/policiaca13102021-11.jpg\",\"datePublished\":\"2021-10-13T18:08:21+00:00\",\"dateModified\":\"2021-10-13T18:08:22+00:00\",\"author\":{\"@id\":\"https:\\\/\\\/www.bbmnoticias.com\\\/labravaradiofm\\\/#\\\/schema\\\/person\\\/68a9e9036ef3c5b55aeb2b71dc8bab45\"},\"description\":\"La Instituci\u00f3n de procuraci\u00f3n de justicia inici\u00f3 una exhaustiva y diligente investigaci\u00f3n -a trav\u00e9s de la Vicefiscal\u00eda Regional de la Costa\",\"breadcrumb\":{\"@id\":\"https:\\\/\\\/www.bbmnoticias.com\\\/labravaradiofm\\\/2021\\\/10\\\/13\\\/por-el-delito-de-asalto-obtuvimos-vinculacion-a-proceso-contra-masculino\\\/#breadcrumb\"},\"inLanguage\":\"es\",\"potentialAction\":[{\"@type\":\"ReadAction\",\"target\":[\"https:\\\/\\\/www.bbmnoticias.com\\\/labravaradiofm\\\/2021\\\/10\\\/13\\\/por-el-delito-de-asalto-obtuvimos-vinculacion-a-proceso-contra-masculino\\\/\"]}]},{\"@type\":\"ImageObject\",\"inLanguage\":\"es\",\"@id\":\"https:\\\/\\\/www.bbmnoticias.com\\\/labravaradiofm\\\/2021\\\/10\\\/13\\\/por-el-delito-de-asalto-obtuvimos-vinculacion-a-proceso-contra-masculino\\\/#primaryimage\",\"url\":\"https:\\\/\\\/www.bbmnoticias.com\\\/labravaradiofm\\\/wp-content\\\/uploads\\\/sites\\\/5\\\/2021\\\/10\\\/policiaca13102021-11.jpg\",\"contentUrl\":\"https:\\\/\\\/www.bbmnoticias.com\\\/labravaradiofm\\\/wp-content\\\/uploads\\\/sites\\\/5\\\/2021\\\/10\\\/policiaca13102021-11.jpg\",\"width\":960,\"height\":540},{\"@type\":\"BreadcrumbList\",\"@id\":\"https:\\\/\\\/www.bbmnoticias.com\\\/labravaradiofm\\\/2021\\\/10\\\/13\\\/por-el-delito-de-asalto-obtuvimos-vinculacion-a-proceso-contra-masculino\\\/#breadcrumb\",\"itemListElement\":[{\"@type\":\"ListItem\",\"position\":1,\"name\":\"Inicio\",\"item\":\"https:\\\/\\\/www.bbmnoticias.com\\\/labravaradiofm\\\/\"},{\"@type\":\"ListItem\",\"position\":2,\"name\":\"Por el delito de asalto, obtuvimos vinculaci\u00f3n a proceso contra masculino\"}]},{\"@type\":\"WebSite\",\"@id\":\"https:\\\/\\\/www.bbmnoticias.com\\\/labravaradiofm\\\/#website\",\"url\":\"https:\\\/\\\/www.bbmnoticias.com\\\/labravaradiofm\\\/\",\"name\":\"LA BRAVA RADIO\",\"description\":\"Empresa productora de medios, Radiodifusi\u00f3n, Noticias, tendencias y todo lo que necesitas saber de la pol\u00edtica mexicana e internacional; entretenimiento, espect\u00e1culos, salud y mucho m\u00e1s.\",\"potentialAction\":[{\"@type\":\"SearchAction\",\"target\":{\"@type\":\"EntryPoint\",\"urlTemplate\":\"https:\\\/\\\/www.bbmnoticias.com\\\/labravaradiofm\\\/?s={search_term_string}\"},\"query-input\":{\"@type\":\"PropertyValueSpecification\",\"valueRequired\":true,\"valueName\":\"search_term_string\"}}],\"inLanguage\":\"es\"},{\"@type\":\"Person\",\"@id\":\"https:\\\/\\\/www.bbmnoticias.com\\\/labravaradiofm\\\/#\\\/schema\\\/person\\\/68a9e9036ef3c5b55aeb2b71dc8bab45\",\"name\":\"Staff\",\"image\":{\"@type\":\"ImageObject\",\"inLanguage\":\"es\",\"@id\":\"https:\\\/\\\/secure.gravatar.com\\\/avatar\\\/fdd21ad66fd8b98c407f9dee5b5e588cfe7f0d8579ec20fa6527cd59bab7f0f0?s=96&d=mm&r=g\",\"url\":\"https:\\\/\\\/secure.gravatar.com\\\/avatar\\\/fdd21ad66fd8b98c407f9dee5b5e588cfe7f0d8579ec20fa6527cd59bab7f0f0?s=96&d=mm&r=g\",\"contentUrl\":\"https:\\\/\\\/secure.gravatar.com\\\/avatar\\\/fdd21ad66fd8b98c407f9dee5b5e588cfe7f0d8579ec20fa6527cd59bab7f0f0?s=96&d=mm&r=g\",\"caption\":\"Staff\"},\"url\":\"https:\\\/\\\/www.bbmnoticias.com\\\/labravaradiofm\\\/author\\\/redaccion\\\/\"}]}<\/script>\n<!-- \/ Yoast SEO plugin. -->","yoast_head_json":{"title":"Por el delito de asalto, obtuvimos vinculaci\u00f3n a proceso contra masculino - LA BRAVA RADIO","description":"La Instituci\u00f3n de procuraci\u00f3n de justicia inici\u00f3 una exhaustiva y diligente investigaci\u00f3n -a trav\u00e9s de la Vicefiscal\u00eda Regional de la Costa","robots":{"index":"index","follow":"follow","max-snippet":"max-snippet:-1","max-image-preview":"max-image-preview:large","max-video-preview":"max-video-preview:-1"},"canonical":"https:\/\/www.bbmnoticias.com\/labravaradiofm\/2021\/10\/13\/por-el-delito-de-asalto-obtuvimos-vinculacion-a-proceso-contra-masculino\/","og_locale":"es_MX","og_type":"article","og_title":"Por el delito de asalto, obtuvimos vinculaci\u00f3n a proceso contra masculino - LA BRAVA RADIO","og_description":"La Instituci\u00f3n de procuraci\u00f3n de justicia inici\u00f3 una exhaustiva y diligente investigaci\u00f3n -a trav\u00e9s de la Vicefiscal\u00eda Regional de la Costa","og_url":"https:\/\/www.bbmnoticias.com\/labravaradiofm\/2021\/10\/13\/por-el-delito-de-asalto-obtuvimos-vinculacion-a-proceso-contra-masculino\/","og_site_name":"LA BRAVA RADIO","article_published_time":"2021-10-13T18:08:21+00:00","article_modified_time":"2021-10-13T18:08:22+00:00","og_image":[{"width":960,"height":540,"url":"https:\/\/www.bbmnoticias.com\/labravaradiofm\/wp-content\/uploads\/sites\/5\/2021\/10\/policiaca13102021-11.jpg","type":"image\/jpeg"}],"author":"Staff","twitter_card":"summary_large_image","twitter_misc":{"Escrito por":"Staff","Tiempo de lectura":"1 minuto"},"schema":{"@context":"https:\/\/schema.org","@graph":[{"@type":"Article","@id":"https:\/\/www.bbmnoticias.com\/labravaradiofm\/2021\/10\/13\/por-el-delito-de-asalto-obtuvimos-vinculacion-a-proceso-contra-masculino\/#article","isPartOf":{"@id":"https:\/\/www.bbmnoticias.com\/labravaradiofm\/2021\/10\/13\/por-el-delito-de-asalto-obtuvimos-vinculacion-a-proceso-contra-masculino\/"},"author":{"name":"Staff","@id":"https:\/\/www.bbmnoticias.com\/labravaradiofm\/#\/schema\/person\/68a9e9036ef3c5b55aeb2b71dc8bab45"},"headline":"Por el delito de asalto, obtuvimos vinculaci\u00f3n a proceso contra masculino","datePublished":"2021-10-13T18:08:21+00:00","dateModified":"2021-10-13T18:08:22+00:00","mainEntityOfPage":{"@id":"https:\/\/www.bbmnoticias.com\/labravaradiofm\/2021\/10\/13\/por-el-delito-de-asalto-obtuvimos-vinculacion-a-proceso-contra-masculino\/"},"wordCount":200,"image":{"@id":"https:\/\/www.bbmnoticias.com\/labravaradiofm\/2021\/10\/13\/por-el-delito-de-asalto-obtuvimos-vinculacion-a-proceso-contra-masculino\/#primaryimage"},"thumbnailUrl":"https:\/\/www.bbmnoticias.com\/labravaradiofm\/wp-content\/uploads\/sites\/5\/2021\/10\/policiaca13102021-11.jpg","articleSection":["POLICIACA"],"inLanguage":"es"},{"@type":"WebPage","@id":"https:\/\/www.bbmnoticias.com\/labravaradiofm\/2021\/10\/13\/por-el-delito-de-asalto-obtuvimos-vinculacion-a-proceso-contra-masculino\/","url":"https:\/\/www.bbmnoticias.com\/labravaradiofm\/2021\/10\/13\/por-el-delito-de-asalto-obtuvimos-vinculacion-a-proceso-contra-masculino\/","name":"Por el delito de asalto, obtuvimos vinculaci\u00f3n a proceso contra masculino - LA BRAVA RADIO","isPartOf":{"@id":"https:\/\/www.bbmnoticias.com\/labravaradiofm\/#website"},"primaryImageOfPage":{"@id":"https:\/\/www.bbmnoticias.com\/labravaradiofm\/2021\/10\/13\/por-el-delito-de-asalto-obtuvimos-vinculacion-a-proceso-contra-masculino\/#primaryimage"},"image":{"@id":"https:\/\/www.bbmnoticias.com\/labravaradiofm\/2021\/10\/13\/por-el-delito-de-asalto-obtuvimos-vinculacion-a-proceso-contra-masculino\/#primaryimage"},"thumbnailUrl":"https:\/\/www.bbmnoticias.com\/labravaradiofm\/wp-content\/uploads\/sites\/5\/2021\/10\/policiaca13102021-11.jpg","datePublished":"2021-10-13T18:08:21+00:00","dateModified":"2021-10-13T18:08:22+00:00","author":{"@id":"https:\/\/www.bbmnoticias.com\/labravaradiofm\/#\/schema\/person\/68a9e9036ef3c5b55aeb2b71dc8bab45"},"description":"La Instituci\u00f3n de procuraci\u00f3n de justicia inici\u00f3 una exhaustiva y diligente investigaci\u00f3n -a trav\u00e9s de la Vicefiscal\u00eda Regional de la Costa","breadcrumb":{"@id":"https:\/\/www.bbmnoticias.com\/labravaradiofm\/2021\/10\/13\/por-el-delito-de-asalto-obtuvimos-vinculacion-a-proceso-contra-masculino\/#breadcrumb"},"inLanguage":"es","potentialAction":[{"@type":"ReadAction","target":["https:\/\/www.bbmnoticias.com\/labravaradiofm\/2021\/10\/13\/por-el-delito-de-asalto-obtuvimos-vinculacion-a-proceso-contra-masculino\/"]}]},{"@type":"ImageObject","inLanguage":"es","@id":"https:\/\/www.bbmnoticias.com\/labravaradiofm\/2021\/10\/13\/por-el-delito-de-asalto-obtuvimos-vinculacion-a-proceso-contra-masculino\/#primaryimage","url":"https:\/\/www.bbmnoticias.com\/labravaradiofm\/wp-content\/uploads\/sites\/5\/2021\/10\/policiaca13102021-11.jpg","contentUrl":"https:\/\/www.bbmnoticias.com\/labravaradiofm\/wp-content\/uploads\/sites\/5\/2021\/10\/policiaca13102021-11.jpg","width":960,"height":540},{"@type":"BreadcrumbList","@id":"https:\/\/www.bbmnoticias.com\/labravaradiofm\/2021\/10\/13\/por-el-delito-de-asalto-obtuvimos-vinculacion-a-proceso-contra-masculino\/#breadcrumb","itemListElement":[{"@type":"ListItem","position":1,"name":"Inicio","item":"https:\/\/www.bbmnoticias.com\/labravaradiofm\/"},{"@type":"ListItem","position":2,"name":"Por el delito de asalto, obtuvimos vinculaci\u00f3n a proceso contra masculino"}]},{"@type":"WebSite","@id":"https:\/\/www.bbmnoticias.com\/labravaradiofm\/#website","url":"https:\/\/www.bbmnoticias.com\/labravaradiofm\/","name":"LA BRAVA RADIO","description":"Empresa productora de medios, Radiodifusi\u00f3n, Noticias, tendencias y todo lo que necesitas saber de la pol\u00edtica mexicana e internacional; entretenimiento, espect\u00e1culos, salud y mucho m\u00e1s.","potentialAction":[{"@type":"SearchAction","target":{"@type":"EntryPoint","urlTemplate":"https:\/\/www.bbmnoticias.com\/labravaradiofm\/?s={search_term_string}"},"query-input":{"@type":"PropertyValueSpecification","valueRequired":true,"valueName":"search_term_string"}}],"inLanguage":"es"},{"@type":"Person","@id":"https:\/\/www.bbmnoticias.com\/labravaradiofm\/#\/schema\/person\/68a9e9036ef3c5b55aeb2b71dc8bab45","name":"Staff","image":{"@type":"ImageObject","inLanguage":"es","@id":"https:\/\/secure.gravatar.com\/avatar\/fdd21ad66fd8b98c407f9dee5b5e588cfe7f0d8579ec20fa6527cd59bab7f0f0?s=96&d=mm&r=g","url":"https:\/\/secure.gravatar.com\/avatar\/fdd21ad66fd8b98c407f9dee5b5e588cfe7f0d8579ec20fa6527cd59bab7f0f0?s=96&d=mm&r=g","contentUrl":"https:\/\/secure.gravatar.com\/avatar\/fdd21ad66fd8b98c407f9dee5b5e588cfe7f0d8579ec20fa6527cd59bab7f0f0?s=96&d=mm&r=g","caption":"Staff"},"url":"https:\/\/www.bbmnoticias.com\/labravaradiofm\/author\/redaccion\/"}]}},"_links":{"self":[{"href":"https:\/\/www.bbmnoticias.com\/labravaradiofm\/wp-json\/wp\/v2\/posts\/3656","targetHints":{"allow":["GET"]}}],"collection":[{"href":"https:\/\/www.bbmnoticias.com\/labravaradiofm\/wp-json\/wp\/v2\/posts"}],"about":[{"href":"https:\/\/www.bbmnoticias.com\/labravaradiofm\/wp-json\/wp\/v2\/types\/post"}],"author":[{"embeddable":true,"href":"https:\/\/www.bbmnoticias.com\/labravaradiofm\/wp-json\/wp\/v2\/users\/2"}],"replies":[{"embeddable":true,"href":"https:\/\/www.bbmnoticias.com\/labravaradiofm\/wp-json\/wp\/v2\/comments?post=3656"}],"version-history":[{"count":0,"href":"https:\/\/www.bbmnoticias.com\/labravaradiofm\/wp-json\/wp\/v2\/posts\/3656\/revisions"}],"wp:featuredmedia":[{"embeddable":true,"href":"https:\/\/www.bbmnoticias.com\/labravaradiofm\/wp-json\/wp\/v2\/media\/3657"}],"wp:attachment":[{"href":"https:\/\/www.bbmnoticias.com\/labravaradiofm\/wp-json\/wp\/v2\/media?parent=3656"}],"wp:term":[{"taxonomy":"category","embeddable":true,"href":"https:\/\/www.bbmnoticias.com\/labravaradiofm\/wp-json\/wp\/v2\/categories?post=3656"},{"taxonomy":"post_tag","embeddable":true,"href":"https:\/\/www.bbmnoticias.com\/labravaradiofm\/wp-json\/wp\/v2\/tags?post=3656"}],"curies":[{"name":"wp","href":"https:\/\/api.w.org\/{rel}","templated":true}]}}