{"id":3650,"date":"2021-10-13T11:40:37","date_gmt":"2021-10-13T16:40:37","guid":{"rendered":"https:\/\/www.bbmnoticias.com\/labravaradiofm\/?p=3650"},"modified":"2021-10-13T11:40:38","modified_gmt":"2021-10-13T16:40:38","slug":"sin-fecha-para-cambio-de-sede-de-juzgados-familiar-y-civil-en-salina-cruz","status":"publish","type":"post","link":"https:\/\/www.bbmnoticias.com\/labravaradiofm\/2021\/10\/13\/sin-fecha-para-cambio-de-sede-de-juzgados-familiar-y-civil-en-salina-cruz\/","title":{"rendered":"Sin fecha para cambio de sede de Juzgados Familiar y Civil en Salina Cruz"},"content":{"rendered":"<div style=\"margin-top: 0px; margin-bottom: 0px;\" class=\"sharethis-inline-share-buttons\" ><\/div>\n<p>Salina Cruz, Oaxaca. Luego de la protesta de un grupo de abogados en los Juzgados Familiar y Civil de esta ciudad, para pedir el cambio de sede por el mal estado en que se encuentra el edificio donde actualmente radican estos juzgados, contin\u00faan esperando una fecha por parte del Poder Judicial del Estado de Oaxaca, para una nueva reubicaci\u00f3n.<\/p>\n\n\n\n<p>Y es que el inmueble donde actualmente brindan atenci\u00f3n dichos juzgados, seg\u00fan los litigantes, presenta da\u00f1o estructural y carece de muchos servicios.<\/p>\n\n\n\n<p>De acuerdo a los inconformes, el edificio no cuenta con acceso para personas con discapacidad, ni ba\u00f1os para el p\u00fablico en general, aunado a que la infraestructura no es segura.<\/p>\n\n\n\n<p>Por lo que demandaron que a la brevedad, el Poder Judicial del Estado de Oaxaca, reubique estos juzgados en una zona segura y con los servicios adecuados.<\/p>\n\n\n\n<p>De lo contrario, el personal de los juzgados y la propia ciudadan\u00eda, seguir\u00eda corriendo riesgos de que este edificio se colapse en caso de alg\u00fan sismo.<\/p>\n","protected":false},"excerpt":{"rendered":"<p>Salina Cruz, Oaxaca. Luego de la protesta de un grupo de abogados en los Juzgados Familiar y Civil de esta ciudad, para pedir el cambio de sede por el mal estado en que se encuentra el edificio donde actualmente radican estos juzgados, contin\u00faan esperando una fecha por parte del Poder Judicial del Estado de Oaxaca, [&hellip;]<\/p>\n","protected":false},"author":3,"featured_media":3651,"comment_status":"closed","ping_status":"closed","sticky":false,"template":"","format":"standard","meta":{"footnotes":""},"categories":[2],"tags":[],"class_list":{"0":"post-3650","1":"post","2":"type-post","3":"status-publish","4":"format-standard","5":"has-post-thumbnail","7":"category-oaxaca"},"yoast_head":"<!-- This site is optimized with the Yoast SEO plugin v27.4 - https:\/\/yoast.com\/product\/yoast-seo-wordpress\/ -->\n<title>Sin fecha para cambio de sede de Juzgados Familiar y Civil en Salina Cruz - LA BRAVA RADIO<\/title>\n<meta name=\"description\" content=\"De acuerdo a los inconformes, el edificio no cuenta con acceso para personas con discapacidad, ni ba\u00f1os para el p\u00fablico en general\" \/>\n<meta name=\"robots\" content=\"index, follow, max-snippet:-1, max-image-preview:large, max-video-preview:-1\" \/>\n<link rel=\"canonical\" href=\"https:\/\/www.bbmnoticias.com\/labravaradiofm\/2021\/10\/13\/sin-fecha-para-cambio-de-sede-de-juzgados-familiar-y-civil-en-salina-cruz\/\" \/>\n<meta property=\"og:locale\" content=\"es_MX\" \/>\n<meta property=\"og:type\" content=\"article\" \/>\n<meta property=\"og:title\" content=\"Sin fecha para cambio de sede de Juzgados Familiar y Civil en Salina Cruz - LA BRAVA RADIO\" \/>\n<meta property=\"og:description\" content=\"De acuerdo a los inconformes, el edificio no cuenta con acceso para personas con discapacidad, ni ba\u00f1os para el p\u00fablico en general\" \/>\n<meta property=\"og:url\" content=\"https:\/\/www.bbmnoticias.com\/labravaradiofm\/2021\/10\/13\/sin-fecha-para-cambio-de-sede-de-juzgados-familiar-y-civil-en-salina-cruz\/\" \/>\n<meta property=\"og:site_name\" content=\"LA BRAVA RADIO\" \/>\n<meta property=\"article:author\" content=\"https:\/\/www.facebook.com\/EdwinMeneses30\" \/>\n<meta property=\"article:published_time\" content=\"2021-10-13T16:40:37+00:00\" \/>\n<meta property=\"article:modified_time\" content=\"2021-10-13T16:40:38+00:00\" \/>\n<meta property=\"og:image\" content=\"https:\/\/www.bbmnoticias.com\/labravaradiofm\/wp-content\/uploads\/sites\/5\/2021\/10\/local13102021-12.jpg\" \/>\n\t<meta property=\"og:image:width\" content=\"1600\" \/>\n\t<meta property=\"og:image:height\" content=\"1040\" \/>\n\t<meta property=\"og:image:type\" content=\"image\/jpeg\" \/>\n<meta name=\"author\" content=\"Edwin MENESES\" \/>\n<meta name=\"twitter:card\" content=\"summary_large_image\" \/>\n<meta name=\"twitter:creator\" content=\"@https:\/\/twitter.com\/edwin_meneses81\" \/>\n<meta name=\"twitter:label1\" content=\"Escrito por\" \/>\n\t<meta name=\"twitter:data1\" content=\"Edwin MENESES\" \/>\n\t<meta name=\"twitter:label2\" content=\"Tiempo de lectura\" \/>\n\t<meta name=\"twitter:data2\" content=\"1 minuto\" \/>\n<script type=\"application\/ld+json\" class=\"yoast-schema-graph\">{\"@context\":\"https:\\\/\\\/schema.org\",\"@graph\":[{\"@type\":\"Article\",\"@id\":\"https:\\\/\\\/www.bbmnoticias.com\\\/labravaradiofm\\\/2021\\\/10\\\/13\\\/sin-fecha-para-cambio-de-sede-de-juzgados-familiar-y-civil-en-salina-cruz\\\/#article\",\"isPartOf\":{\"@id\":\"https:\\\/\\\/www.bbmnoticias.com\\\/labravaradiofm\\\/2021\\\/10\\\/13\\\/sin-fecha-para-cambio-de-sede-de-juzgados-familiar-y-civil-en-salina-cruz\\\/\"},\"author\":{\"name\":\"Edwin MENESES\",\"@id\":\"https:\\\/\\\/www.bbmnoticias.com\\\/labravaradiofm\\\/#\\\/schema\\\/person\\\/9b02a4c779df75b578b6413d0d44d6b6\"},\"headline\":\"Sin fecha para cambio de sede de Juzgados Familiar y Civil en Salina Cruz\",\"datePublished\":\"2021-10-13T16:40:37+00:00\",\"dateModified\":\"2021-10-13T16:40:38+00:00\",\"mainEntityOfPage\":{\"@id\":\"https:\\\/\\\/www.bbmnoticias.com\\\/labravaradiofm\\\/2021\\\/10\\\/13\\\/sin-fecha-para-cambio-de-sede-de-juzgados-familiar-y-civil-en-salina-cruz\\\/\"},\"wordCount\":188,\"image\":{\"@id\":\"https:\\\/\\\/www.bbmnoticias.com\\\/labravaradiofm\\\/2021\\\/10\\\/13\\\/sin-fecha-para-cambio-de-sede-de-juzgados-familiar-y-civil-en-salina-cruz\\\/#primaryimage\"},\"thumbnailUrl\":\"https:\\\/\\\/www.bbmnoticias.com\\\/labravaradiofm\\\/wp-content\\\/uploads\\\/sites\\\/5\\\/2021\\\/10\\\/local13102021-12.jpg\",\"articleSection\":[\"LOCAL\"],\"inLanguage\":\"es\"},{\"@type\":\"WebPage\",\"@id\":\"https:\\\/\\\/www.bbmnoticias.com\\\/labravaradiofm\\\/2021\\\/10\\\/13\\\/sin-fecha-para-cambio-de-sede-de-juzgados-familiar-y-civil-en-salina-cruz\\\/\",\"url\":\"https:\\\/\\\/www.bbmnoticias.com\\\/labravaradiofm\\\/2021\\\/10\\\/13\\\/sin-fecha-para-cambio-de-sede-de-juzgados-familiar-y-civil-en-salina-cruz\\\/\",\"name\":\"Sin fecha para cambio de sede de Juzgados Familiar y Civil en Salina Cruz - LA BRAVA RADIO\",\"isPartOf\":{\"@id\":\"https:\\\/\\\/www.bbmnoticias.com\\\/labravaradiofm\\\/#website\"},\"primaryImageOfPage\":{\"@id\":\"https:\\\/\\\/www.bbmnoticias.com\\\/labravaradiofm\\\/2021\\\/10\\\/13\\\/sin-fecha-para-cambio-de-sede-de-juzgados-familiar-y-civil-en-salina-cruz\\\/#primaryimage\"},\"image\":{\"@id\":\"https:\\\/\\\/www.bbmnoticias.com\\\/labravaradiofm\\\/2021\\\/10\\\/13\\\/sin-fecha-para-cambio-de-sede-de-juzgados-familiar-y-civil-en-salina-cruz\\\/#primaryimage\"},\"thumbnailUrl\":\"https:\\\/\\\/www.bbmnoticias.com\\\/labravaradiofm\\\/wp-content\\\/uploads\\\/sites\\\/5\\\/2021\\\/10\\\/local13102021-12.jpg\",\"datePublished\":\"2021-10-13T16:40:37+00:00\",\"dateModified\":\"2021-10-13T16:40:38+00:00\",\"author\":{\"@id\":\"https:\\\/\\\/www.bbmnoticias.com\\\/labravaradiofm\\\/#\\\/schema\\\/person\\\/9b02a4c779df75b578b6413d0d44d6b6\"},\"description\":\"De acuerdo a los inconformes, el edificio no cuenta con acceso para personas con discapacidad, ni ba\u00f1os para el p\u00fablico en general\",\"breadcrumb\":{\"@id\":\"https:\\\/\\\/www.bbmnoticias.com\\\/labravaradiofm\\\/2021\\\/10\\\/13\\\/sin-fecha-para-cambio-de-sede-de-juzgados-familiar-y-civil-en-salina-cruz\\\/#breadcrumb\"},\"inLanguage\":\"es\",\"potentialAction\":[{\"@type\":\"ReadAction\",\"target\":[\"https:\\\/\\\/www.bbmnoticias.com\\\/labravaradiofm\\\/2021\\\/10\\\/13\\\/sin-fecha-para-cambio-de-sede-de-juzgados-familiar-y-civil-en-salina-cruz\\\/\"]}]},{\"@type\":\"ImageObject\",\"inLanguage\":\"es\",\"@id\":\"https:\\\/\\\/www.bbmnoticias.com\\\/labravaradiofm\\\/2021\\\/10\\\/13\\\/sin-fecha-para-cambio-de-sede-de-juzgados-familiar-y-civil-en-salina-cruz\\\/#primaryimage\",\"url\":\"https:\\\/\\\/www.bbmnoticias.com\\\/labravaradiofm\\\/wp-content\\\/uploads\\\/sites\\\/5\\\/2021\\\/10\\\/local13102021-12.jpg\",\"contentUrl\":\"https:\\\/\\\/www.bbmnoticias.com\\\/labravaradiofm\\\/wp-content\\\/uploads\\\/sites\\\/5\\\/2021\\\/10\\\/local13102021-12.jpg\",\"width\":1600,\"height\":1040},{\"@type\":\"BreadcrumbList\",\"@id\":\"https:\\\/\\\/www.bbmnoticias.com\\\/labravaradiofm\\\/2021\\\/10\\\/13\\\/sin-fecha-para-cambio-de-sede-de-juzgados-familiar-y-civil-en-salina-cruz\\\/#breadcrumb\",\"itemListElement\":[{\"@type\":\"ListItem\",\"position\":1,\"name\":\"Inicio\",\"item\":\"https:\\\/\\\/www.bbmnoticias.com\\\/labravaradiofm\\\/\"},{\"@type\":\"ListItem\",\"position\":2,\"name\":\"Sin fecha para cambio de sede de Juzgados Familiar y Civil en Salina Cruz\"}]},{\"@type\":\"WebSite\",\"@id\":\"https:\\\/\\\/www.bbmnoticias.com\\\/labravaradiofm\\\/#website\",\"url\":\"https:\\\/\\\/www.bbmnoticias.com\\\/labravaradiofm\\\/\",\"name\":\"LA BRAVA RADIO\",\"description\":\"Empresa productora de medios, Radiodifusi\u00f3n, Noticias, tendencias y todo lo que necesitas saber de la pol\u00edtica mexicana e internacional; entretenimiento, espect\u00e1culos, salud y mucho m\u00e1s.\",\"potentialAction\":[{\"@type\":\"SearchAction\",\"target\":{\"@type\":\"EntryPoint\",\"urlTemplate\":\"https:\\\/\\\/www.bbmnoticias.com\\\/labravaradiofm\\\/?s={search_term_string}\"},\"query-input\":{\"@type\":\"PropertyValueSpecification\",\"valueRequired\":true,\"valueName\":\"search_term_string\"}}],\"inLanguage\":\"es\"},{\"@type\":\"Person\",\"@id\":\"https:\\\/\\\/www.bbmnoticias.com\\\/labravaradiofm\\\/#\\\/schema\\\/person\\\/9b02a4c779df75b578b6413d0d44d6b6\",\"name\":\"Edwin MENESES\",\"image\":{\"@type\":\"ImageObject\",\"inLanguage\":\"es\",\"@id\":\"https:\\\/\\\/secure.gravatar.com\\\/avatar\\\/202a15439445248653d719ff745fa195bcc0553404b070fe317543754f253c4f?s=96&d=mm&r=g\",\"url\":\"https:\\\/\\\/secure.gravatar.com\\\/avatar\\\/202a15439445248653d719ff745fa195bcc0553404b070fe317543754f253c4f?s=96&d=mm&r=g\",\"contentUrl\":\"https:\\\/\\\/secure.gravatar.com\\\/avatar\\\/202a15439445248653d719ff745fa195bcc0553404b070fe317543754f253c4f?s=96&d=mm&r=g\",\"caption\":\"Edwin MENESES\"},\"sameAs\":[\"https:\\\/\\\/www.bbmnoticias.com\",\"https:\\\/\\\/www.facebook.com\\\/EdwinMeneses30\",\"https:\\\/\\\/x.com\\\/https:\\\/\\\/twitter.com\\\/edwin_meneses81\"],\"url\":\"https:\\\/\\\/www.bbmnoticias.com\\\/labravaradiofm\\\/author\\\/edwin\\\/\"}]}<\/script>\n<!-- \/ Yoast SEO plugin. -->","yoast_head_json":{"title":"Sin fecha para cambio de sede de Juzgados Familiar y Civil en Salina Cruz - LA BRAVA RADIO","description":"De acuerdo a los inconformes, el edificio no cuenta con acceso para personas con discapacidad, ni ba\u00f1os para el p\u00fablico en general","robots":{"index":"index","follow":"follow","max-snippet":"max-snippet:-1","max-image-preview":"max-image-preview:large","max-video-preview":"max-video-preview:-1"},"canonical":"https:\/\/www.bbmnoticias.com\/labravaradiofm\/2021\/10\/13\/sin-fecha-para-cambio-de-sede-de-juzgados-familiar-y-civil-en-salina-cruz\/","og_locale":"es_MX","og_type":"article","og_title":"Sin fecha para cambio de sede de Juzgados Familiar y Civil en Salina Cruz - LA BRAVA RADIO","og_description":"De acuerdo a los inconformes, el edificio no cuenta con acceso para personas con discapacidad, ni ba\u00f1os para el p\u00fablico en general","og_url":"https:\/\/www.bbmnoticias.com\/labravaradiofm\/2021\/10\/13\/sin-fecha-para-cambio-de-sede-de-juzgados-familiar-y-civil-en-salina-cruz\/","og_site_name":"LA BRAVA RADIO","article_author":"https:\/\/www.facebook.com\/EdwinMeneses30","article_published_time":"2021-10-13T16:40:37+00:00","article_modified_time":"2021-10-13T16:40:38+00:00","og_image":[{"width":1600,"height":1040,"url":"https:\/\/www.bbmnoticias.com\/labravaradiofm\/wp-content\/uploads\/sites\/5\/2021\/10\/local13102021-12.jpg","type":"image\/jpeg"}],"author":"Edwin MENESES","twitter_card":"summary_large_image","twitter_creator":"@https:\/\/twitter.com\/edwin_meneses81","twitter_misc":{"Escrito por":"Edwin MENESES","Tiempo de lectura":"1 minuto"},"schema":{"@context":"https:\/\/schema.org","@graph":[{"@type":"Article","@id":"https:\/\/www.bbmnoticias.com\/labravaradiofm\/2021\/10\/13\/sin-fecha-para-cambio-de-sede-de-juzgados-familiar-y-civil-en-salina-cruz\/#article","isPartOf":{"@id":"https:\/\/www.bbmnoticias.com\/labravaradiofm\/2021\/10\/13\/sin-fecha-para-cambio-de-sede-de-juzgados-familiar-y-civil-en-salina-cruz\/"},"author":{"name":"Edwin MENESES","@id":"https:\/\/www.bbmnoticias.com\/labravaradiofm\/#\/schema\/person\/9b02a4c779df75b578b6413d0d44d6b6"},"headline":"Sin fecha para cambio de sede de Juzgados Familiar y Civil en Salina Cruz","datePublished":"2021-10-13T16:40:37+00:00","dateModified":"2021-10-13T16:40:38+00:00","mainEntityOfPage":{"@id":"https:\/\/www.bbmnoticias.com\/labravaradiofm\/2021\/10\/13\/sin-fecha-para-cambio-de-sede-de-juzgados-familiar-y-civil-en-salina-cruz\/"},"wordCount":188,"image":{"@id":"https:\/\/www.bbmnoticias.com\/labravaradiofm\/2021\/10\/13\/sin-fecha-para-cambio-de-sede-de-juzgados-familiar-y-civil-en-salina-cruz\/#primaryimage"},"thumbnailUrl":"https:\/\/www.bbmnoticias.com\/labravaradiofm\/wp-content\/uploads\/sites\/5\/2021\/10\/local13102021-12.jpg","articleSection":["LOCAL"],"inLanguage":"es"},{"@type":"WebPage","@id":"https:\/\/www.bbmnoticias.com\/labravaradiofm\/2021\/10\/13\/sin-fecha-para-cambio-de-sede-de-juzgados-familiar-y-civil-en-salina-cruz\/","url":"https:\/\/www.bbmnoticias.com\/labravaradiofm\/2021\/10\/13\/sin-fecha-para-cambio-de-sede-de-juzgados-familiar-y-civil-en-salina-cruz\/","name":"Sin fecha para cambio de sede de Juzgados Familiar y Civil en Salina Cruz - LA BRAVA RADIO","isPartOf":{"@id":"https:\/\/www.bbmnoticias.com\/labravaradiofm\/#website"},"primaryImageOfPage":{"@id":"https:\/\/www.bbmnoticias.com\/labravaradiofm\/2021\/10\/13\/sin-fecha-para-cambio-de-sede-de-juzgados-familiar-y-civil-en-salina-cruz\/#primaryimage"},"image":{"@id":"https:\/\/www.bbmnoticias.com\/labravaradiofm\/2021\/10\/13\/sin-fecha-para-cambio-de-sede-de-juzgados-familiar-y-civil-en-salina-cruz\/#primaryimage"},"thumbnailUrl":"https:\/\/www.bbmnoticias.com\/labravaradiofm\/wp-content\/uploads\/sites\/5\/2021\/10\/local13102021-12.jpg","datePublished":"2021-10-13T16:40:37+00:00","dateModified":"2021-10-13T16:40:38+00:00","author":{"@id":"https:\/\/www.bbmnoticias.com\/labravaradiofm\/#\/schema\/person\/9b02a4c779df75b578b6413d0d44d6b6"},"description":"De acuerdo a los inconformes, el edificio no cuenta con acceso para personas con discapacidad, ni ba\u00f1os para el p\u00fablico en general","breadcrumb":{"@id":"https:\/\/www.bbmnoticias.com\/labravaradiofm\/2021\/10\/13\/sin-fecha-para-cambio-de-sede-de-juzgados-familiar-y-civil-en-salina-cruz\/#breadcrumb"},"inLanguage":"es","potentialAction":[{"@type":"ReadAction","target":["https:\/\/www.bbmnoticias.com\/labravaradiofm\/2021\/10\/13\/sin-fecha-para-cambio-de-sede-de-juzgados-familiar-y-civil-en-salina-cruz\/"]}]},{"@type":"ImageObject","inLanguage":"es","@id":"https:\/\/www.bbmnoticias.com\/labravaradiofm\/2021\/10\/13\/sin-fecha-para-cambio-de-sede-de-juzgados-familiar-y-civil-en-salina-cruz\/#primaryimage","url":"https:\/\/www.bbmnoticias.com\/labravaradiofm\/wp-content\/uploads\/sites\/5\/2021\/10\/local13102021-12.jpg","contentUrl":"https:\/\/www.bbmnoticias.com\/labravaradiofm\/wp-content\/uploads\/sites\/5\/2021\/10\/local13102021-12.jpg","width":1600,"height":1040},{"@type":"BreadcrumbList","@id":"https:\/\/www.bbmnoticias.com\/labravaradiofm\/2021\/10\/13\/sin-fecha-para-cambio-de-sede-de-juzgados-familiar-y-civil-en-salina-cruz\/#breadcrumb","itemListElement":[{"@type":"ListItem","position":1,"name":"Inicio","item":"https:\/\/www.bbmnoticias.com\/labravaradiofm\/"},{"@type":"ListItem","position":2,"name":"Sin fecha para cambio de sede de Juzgados Familiar y Civil en Salina Cruz"}]},{"@type":"WebSite","@id":"https:\/\/www.bbmnoticias.com\/labravaradiofm\/#website","url":"https:\/\/www.bbmnoticias.com\/labravaradiofm\/","name":"LA BRAVA RADIO","description":"Empresa productora de medios, Radiodifusi\u00f3n, Noticias, tendencias y todo lo que necesitas saber de la pol\u00edtica mexicana e internacional; entretenimiento, espect\u00e1culos, salud y mucho m\u00e1s.","potentialAction":[{"@type":"SearchAction","target":{"@type":"EntryPoint","urlTemplate":"https:\/\/www.bbmnoticias.com\/labravaradiofm\/?s={search_term_string}"},"query-input":{"@type":"PropertyValueSpecification","valueRequired":true,"valueName":"search_term_string"}}],"inLanguage":"es"},{"@type":"Person","@id":"https:\/\/www.bbmnoticias.com\/labravaradiofm\/#\/schema\/person\/9b02a4c779df75b578b6413d0d44d6b6","name":"Edwin MENESES","image":{"@type":"ImageObject","inLanguage":"es","@id":"https:\/\/secure.gravatar.com\/avatar\/202a15439445248653d719ff745fa195bcc0553404b070fe317543754f253c4f?s=96&d=mm&r=g","url":"https:\/\/secure.gravatar.com\/avatar\/202a15439445248653d719ff745fa195bcc0553404b070fe317543754f253c4f?s=96&d=mm&r=g","contentUrl":"https:\/\/secure.gravatar.com\/avatar\/202a15439445248653d719ff745fa195bcc0553404b070fe317543754f253c4f?s=96&d=mm&r=g","caption":"Edwin MENESES"},"sameAs":["https:\/\/www.bbmnoticias.com","https:\/\/www.facebook.com\/EdwinMeneses30","https:\/\/x.com\/https:\/\/twitter.com\/edwin_meneses81"],"url":"https:\/\/www.bbmnoticias.com\/labravaradiofm\/author\/edwin\/"}]}},"_links":{"self":[{"href":"https:\/\/www.bbmnoticias.com\/labravaradiofm\/wp-json\/wp\/v2\/posts\/3650","targetHints":{"allow":["GET"]}}],"collection":[{"href":"https:\/\/www.bbmnoticias.com\/labravaradiofm\/wp-json\/wp\/v2\/posts"}],"about":[{"href":"https:\/\/www.bbmnoticias.com\/labravaradiofm\/wp-json\/wp\/v2\/types\/post"}],"author":[{"embeddable":true,"href":"https:\/\/www.bbmnoticias.com\/labravaradiofm\/wp-json\/wp\/v2\/users\/3"}],"replies":[{"embeddable":true,"href":"https:\/\/www.bbmnoticias.com\/labravaradiofm\/wp-json\/wp\/v2\/comments?post=3650"}],"version-history":[{"count":0,"href":"https:\/\/www.bbmnoticias.com\/labravaradiofm\/wp-json\/wp\/v2\/posts\/3650\/revisions"}],"wp:featuredmedia":[{"embeddable":true,"href":"https:\/\/www.bbmnoticias.com\/labravaradiofm\/wp-json\/wp\/v2\/media\/3651"}],"wp:attachment":[{"href":"https:\/\/www.bbmnoticias.com\/labravaradiofm\/wp-json\/wp\/v2\/media?parent=3650"}],"wp:term":[{"taxonomy":"category","embeddable":true,"href":"https:\/\/www.bbmnoticias.com\/labravaradiofm\/wp-json\/wp\/v2\/categories?post=3650"},{"taxonomy":"post_tag","embeddable":true,"href":"https:\/\/www.bbmnoticias.com\/labravaradiofm\/wp-json\/wp\/v2\/tags?post=3650"}],"curies":[{"name":"wp","href":"https:\/\/api.w.org\/{rel}","templated":true}]}}