{"id":3644,"date":"2021-10-13T10:48:28","date_gmt":"2021-10-13T15:48:28","guid":{"rendered":"https:\/\/www.bbmnoticias.com\/labravaradiofm\/?p=3644"},"modified":"2021-10-13T10:48:30","modified_gmt":"2021-10-13T15:48:30","slug":"firmara-lopez-obrador-acuerdo-para-regularizar-los-autos-chocolate","status":"publish","type":"post","link":"https:\/\/www.bbmnoticias.com\/labravaradiofm\/2021\/10\/13\/firmara-lopez-obrador-acuerdo-para-regularizar-los-autos-chocolate\/","title":{"rendered":"Firmar\u00e1 L\u00f3pez Obrador acuerdo para regularizar los &#8216;autos chocolate&#8217;"},"content":{"rendered":"<div style=\"margin-top: 0px; margin-bottom: 0px;\" class=\"sharethis-inline-share-buttons\" ><\/div>\n<p>Con el objetivo de regularizar a los \u201cautos chocolate\u201d, el presidente Andr\u00e9s Manuel L\u00f3pez Obrador anunci\u00f3 que este fin de semana firmar\u00e1 un decreto para lograrlo.<\/p>\n\n\n\n<p>El mandatario explic\u00f3 que los propietarios de los veh\u00edculos deber\u00e1n pagar un derecho con el que se les reconocer\u00e1 la posesi\u00f3n, pues reconoci\u00f3 que si bien estos autos \u201ca veces\u201d se usan para cometer il\u00edcitos, tambi\u00e9n son ocupados por familias para su vida diaria.<\/p>\n\n\n\n<p>\u201cFirmar\u00e9 un acuerdo para regularizar los carros irregulares que ya est\u00e1n en M\u00e9xico (\u2026).Se va a dar un permiso, se les va a reconocer la posesi\u00f3n del veh\u00edculo, van a pagar una cantidad no excesiva, justa\u201d, dijo.<\/p>\n\n\n\n<p>El mandatario explic\u00f3 que tras el acuerdo que firmar\u00e1 en Baja California, los propietarios de los \u201cautos chocolate\u201d pagar\u00e1n un derecho por \u00e9stos y los recursos obtenidos ser\u00e1n para que los estados los utilicen para programas de bacheo.<\/p>\n\n\n\n<p>L\u00f3pez Obrador aclar\u00f3 que esta acci\u00f3n para regularizar los \u201cautos chocolate\u201d se llevar\u00e1 a cabo, en primera instancia, en las siete entidades fronterizas, pero se buscar\u00e1 extenderla a todo el pa\u00eds.<\/p>\n\n\n\n<figure class=\"wp-block-embed is-type-video is-provider-youtube wp-block-embed-youtube wp-embed-aspect-16-9 wp-has-aspect-ratio\"><div class=\"wp-block-embed__wrapper\">\n<div class=\"youtube-embed\" data-video_id=\"ZAy_PjFzUq8\"><iframe loading=\"lazy\" title=\"Reapertura de frontera norte en noviembre. Conferencia presidente AMLO\" width=\"696\" height=\"392\" src=\"https:\/\/www.youtube.com\/embed\/ZAy_PjFzUq8?feature=oembed&#038;enablejsapi=1\" frameborder=\"0\" allow=\"accelerometer; autoplay; clipboard-write; encrypted-media; gyroscope; picture-in-picture; web-share\" allowfullscreen><\/iframe><\/div>\n<\/div><\/figure>\n\n\n\n<h3 class=\"wp-block-heading\"><strong>\u00bfQU\u00c9 SON LOS \u201cAUTOS CHOCOLATE\u201d?<\/strong><\/h3>\n\n\n\n<p>Son veh\u00edculos procedentes de Estados Unidos que llegan a M\u00e9xico de manera ilegal; es decir, sin documentos de verificaci\u00f3n y sin regulaci\u00f3n alguna.<\/p>\n\n\n\n<p>Debido a que su ingreso se realiza sin control alguno, se desconoce cu\u00e1ntos autos chocolate hay en M\u00e9xico; no obstante, se cree que la gran mayor\u00eda de ellos se encuentran en los estados fronterizos, por su cercan\u00eda con Estados Unidos, aun as\u00ed es posible encontrarlos en todo el territorio nacional.<\/p>\n\n\n\n<p>Un problema estos autos es que al no contar con papeles no se puede acreditar la legitimidad de la propiedad, lo que impide realizar diversos tr\u00e1mites como placas, tarjeta de circulaci\u00f3n o incluso recuperar tu auto en caso de robo.<\/p>\n\n\n\n<p>Otra problem\u00e1tica es que estos autos pueden ser utilizados por criminales para cometer diversos il\u00edcitos.<\/p>\n\n\n\n<p>A ello se suma que estos autos no tienen historial, as\u00ed que no se puede saber qui\u00e9nes fueron sus due\u00f1os anteriores o qu\u00e9 uso se le dio al veh\u00edculo.<\/p>\n","protected":false},"excerpt":{"rendered":"<p>Con el objetivo de regularizar a los \u201cautos chocolate\u201d, el presidente Andr\u00e9s Manuel L\u00f3pez Obrador anunci\u00f3 que este fin de semana firmar\u00e1 un decreto para lograrlo. El mandatario explic\u00f3 que los propietarios de los veh\u00edculos deber\u00e1n pagar un derecho con el que se les reconocer\u00e1 la posesi\u00f3n, pues reconoci\u00f3 que si bien estos autos \u201ca [&hellip;]<\/p>\n","protected":false},"author":8,"featured_media":3645,"comment_status":"closed","ping_status":"closed","sticky":false,"template":"","format":"standard","meta":{"footnotes":""},"categories":[19],"tags":[],"class_list":{"0":"post-3644","1":"post","2":"type-post","3":"status-publish","4":"format-standard","5":"has-post-thumbnail","7":"category-nacional"},"yoast_head":"<!-- This site is optimized with the Yoast SEO plugin v27.4 - https:\/\/yoast.com\/product\/yoast-seo-wordpress\/ -->\n<title>Firmar\u00e1 L\u00f3pez Obrador acuerdo para regularizar los &#039;autos chocolate&#039; - LA BRAVA RADIO<\/title>\n<meta name=\"description\" content=\"Se va a dar un permiso, se les va a reconocer la posesi\u00f3n del veh\u00edculo, van a pagar una cantidad no excesiva, justa\u201d, dijo.\" \/>\n<meta name=\"robots\" content=\"index, follow, max-snippet:-1, max-image-preview:large, max-video-preview:-1\" \/>\n<link rel=\"canonical\" href=\"https:\/\/www.bbmnoticias.com\/labravaradiofm\/2021\/10\/13\/firmara-lopez-obrador-acuerdo-para-regularizar-los-autos-chocolate\/\" \/>\n<meta property=\"og:locale\" content=\"es_MX\" \/>\n<meta property=\"og:type\" content=\"article\" \/>\n<meta property=\"og:title\" content=\"Firmar\u00e1 L\u00f3pez Obrador acuerdo para regularizar los &#039;autos chocolate&#039; - LA BRAVA RADIO\" \/>\n<meta property=\"og:description\" content=\"Se va a dar un permiso, se les va a reconocer la posesi\u00f3n del veh\u00edculo, van a pagar una cantidad no excesiva, justa\u201d, dijo.\" \/>\n<meta property=\"og:url\" content=\"https:\/\/www.bbmnoticias.com\/labravaradiofm\/2021\/10\/13\/firmara-lopez-obrador-acuerdo-para-regularizar-los-autos-chocolate\/\" \/>\n<meta property=\"og:site_name\" content=\"LA BRAVA RADIO\" \/>\n<meta property=\"article:published_time\" content=\"2021-10-13T15:48:28+00:00\" \/>\n<meta property=\"article:modified_time\" content=\"2021-10-13T15:48:30+00:00\" \/>\n<meta property=\"og:image\" content=\"https:\/\/www.bbmnoticias.com\/labravaradiofm\/wp-content\/uploads\/sites\/5\/2021\/10\/nacional13102021-5.jpg\" \/>\n\t<meta property=\"og:image:width\" content=\"800\" \/>\n\t<meta property=\"og:image:height\" content=\"600\" \/>\n\t<meta property=\"og:image:type\" content=\"image\/jpeg\" \/>\n<meta name=\"author\" content=\"Exc\u00e9lsior\" \/>\n<meta name=\"twitter:card\" content=\"summary_large_image\" \/>\n<meta name=\"twitter:label1\" content=\"Escrito por\" \/>\n\t<meta name=\"twitter:data1\" content=\"Exc\u00e9lsior\" \/>\n\t<meta name=\"twitter:label2\" content=\"Tiempo de lectura\" \/>\n\t<meta name=\"twitter:data2\" content=\"2 minutos\" \/>\n<script type=\"application\/ld+json\" class=\"yoast-schema-graph\">{\"@context\":\"https:\\\/\\\/schema.org\",\"@graph\":[{\"@type\":\"Article\",\"@id\":\"https:\\\/\\\/www.bbmnoticias.com\\\/labravaradiofm\\\/2021\\\/10\\\/13\\\/firmara-lopez-obrador-acuerdo-para-regularizar-los-autos-chocolate\\\/#article\",\"isPartOf\":{\"@id\":\"https:\\\/\\\/www.bbmnoticias.com\\\/labravaradiofm\\\/2021\\\/10\\\/13\\\/firmara-lopez-obrador-acuerdo-para-regularizar-los-autos-chocolate\\\/\"},\"author\":{\"name\":\"Exc\u00e9lsior\",\"@id\":\"https:\\\/\\\/www.bbmnoticias.com\\\/labravaradiofm\\\/#\\\/schema\\\/person\\\/279575048ab2ce30543ef887b4b9095f\"},\"headline\":\"Firmar\u00e1 L\u00f3pez Obrador acuerdo para regularizar los &#8216;autos chocolate&#8217;\",\"datePublished\":\"2021-10-13T15:48:28+00:00\",\"dateModified\":\"2021-10-13T15:48:30+00:00\",\"mainEntityOfPage\":{\"@id\":\"https:\\\/\\\/www.bbmnoticias.com\\\/labravaradiofm\\\/2021\\\/10\\\/13\\\/firmara-lopez-obrador-acuerdo-para-regularizar-los-autos-chocolate\\\/\"},\"wordCount\":387,\"image\":{\"@id\":\"https:\\\/\\\/www.bbmnoticias.com\\\/labravaradiofm\\\/2021\\\/10\\\/13\\\/firmara-lopez-obrador-acuerdo-para-regularizar-los-autos-chocolate\\\/#primaryimage\"},\"thumbnailUrl\":\"https:\\\/\\\/www.bbmnoticias.com\\\/labravaradiofm\\\/wp-content\\\/uploads\\\/sites\\\/5\\\/2021\\\/10\\\/nacional13102021-5.jpg\",\"articleSection\":[\"NACIONAL\"],\"inLanguage\":\"es\"},{\"@type\":\"WebPage\",\"@id\":\"https:\\\/\\\/www.bbmnoticias.com\\\/labravaradiofm\\\/2021\\\/10\\\/13\\\/firmara-lopez-obrador-acuerdo-para-regularizar-los-autos-chocolate\\\/\",\"url\":\"https:\\\/\\\/www.bbmnoticias.com\\\/labravaradiofm\\\/2021\\\/10\\\/13\\\/firmara-lopez-obrador-acuerdo-para-regularizar-los-autos-chocolate\\\/\",\"name\":\"Firmar\u00e1 L\u00f3pez Obrador acuerdo para regularizar los 'autos chocolate' - LA BRAVA RADIO\",\"isPartOf\":{\"@id\":\"https:\\\/\\\/www.bbmnoticias.com\\\/labravaradiofm\\\/#website\"},\"primaryImageOfPage\":{\"@id\":\"https:\\\/\\\/www.bbmnoticias.com\\\/labravaradiofm\\\/2021\\\/10\\\/13\\\/firmara-lopez-obrador-acuerdo-para-regularizar-los-autos-chocolate\\\/#primaryimage\"},\"image\":{\"@id\":\"https:\\\/\\\/www.bbmnoticias.com\\\/labravaradiofm\\\/2021\\\/10\\\/13\\\/firmara-lopez-obrador-acuerdo-para-regularizar-los-autos-chocolate\\\/#primaryimage\"},\"thumbnailUrl\":\"https:\\\/\\\/www.bbmnoticias.com\\\/labravaradiofm\\\/wp-content\\\/uploads\\\/sites\\\/5\\\/2021\\\/10\\\/nacional13102021-5.jpg\",\"datePublished\":\"2021-10-13T15:48:28+00:00\",\"dateModified\":\"2021-10-13T15:48:30+00:00\",\"author\":{\"@id\":\"https:\\\/\\\/www.bbmnoticias.com\\\/labravaradiofm\\\/#\\\/schema\\\/person\\\/279575048ab2ce30543ef887b4b9095f\"},\"description\":\"Se va a dar un permiso, se les va a reconocer la posesi\u00f3n del veh\u00edculo, van a pagar una cantidad no excesiva, justa\u201d, dijo.\",\"breadcrumb\":{\"@id\":\"https:\\\/\\\/www.bbmnoticias.com\\\/labravaradiofm\\\/2021\\\/10\\\/13\\\/firmara-lopez-obrador-acuerdo-para-regularizar-los-autos-chocolate\\\/#breadcrumb\"},\"inLanguage\":\"es\",\"potentialAction\":[{\"@type\":\"ReadAction\",\"target\":[\"https:\\\/\\\/www.bbmnoticias.com\\\/labravaradiofm\\\/2021\\\/10\\\/13\\\/firmara-lopez-obrador-acuerdo-para-regularizar-los-autos-chocolate\\\/\"]}]},{\"@type\":\"ImageObject\",\"inLanguage\":\"es\",\"@id\":\"https:\\\/\\\/www.bbmnoticias.com\\\/labravaradiofm\\\/2021\\\/10\\\/13\\\/firmara-lopez-obrador-acuerdo-para-regularizar-los-autos-chocolate\\\/#primaryimage\",\"url\":\"https:\\\/\\\/www.bbmnoticias.com\\\/labravaradiofm\\\/wp-content\\\/uploads\\\/sites\\\/5\\\/2021\\\/10\\\/nacional13102021-5.jpg\",\"contentUrl\":\"https:\\\/\\\/www.bbmnoticias.com\\\/labravaradiofm\\\/wp-content\\\/uploads\\\/sites\\\/5\\\/2021\\\/10\\\/nacional13102021-5.jpg\",\"width\":800,\"height\":600},{\"@type\":\"BreadcrumbList\",\"@id\":\"https:\\\/\\\/www.bbmnoticias.com\\\/labravaradiofm\\\/2021\\\/10\\\/13\\\/firmara-lopez-obrador-acuerdo-para-regularizar-los-autos-chocolate\\\/#breadcrumb\",\"itemListElement\":[{\"@type\":\"ListItem\",\"position\":1,\"name\":\"Inicio\",\"item\":\"https:\\\/\\\/www.bbmnoticias.com\\\/labravaradiofm\\\/\"},{\"@type\":\"ListItem\",\"position\":2,\"name\":\"Firmar\u00e1 L\u00f3pez Obrador acuerdo para regularizar los &#8216;autos chocolate&#8217;\"}]},{\"@type\":\"WebSite\",\"@id\":\"https:\\\/\\\/www.bbmnoticias.com\\\/labravaradiofm\\\/#website\",\"url\":\"https:\\\/\\\/www.bbmnoticias.com\\\/labravaradiofm\\\/\",\"name\":\"LA BRAVA RADIO\",\"description\":\"Empresa productora de medios, Radiodifusi\u00f3n, Noticias, tendencias y todo lo que necesitas saber de la pol\u00edtica mexicana e internacional; entretenimiento, espect\u00e1culos, salud y mucho m\u00e1s.\",\"potentialAction\":[{\"@type\":\"SearchAction\",\"target\":{\"@type\":\"EntryPoint\",\"urlTemplate\":\"https:\\\/\\\/www.bbmnoticias.com\\\/labravaradiofm\\\/?s={search_term_string}\"},\"query-input\":{\"@type\":\"PropertyValueSpecification\",\"valueRequired\":true,\"valueName\":\"search_term_string\"}}],\"inLanguage\":\"es\"},{\"@type\":\"Person\",\"@id\":\"https:\\\/\\\/www.bbmnoticias.com\\\/labravaradiofm\\\/#\\\/schema\\\/person\\\/279575048ab2ce30543ef887b4b9095f\",\"name\":\"Exc\u00e9lsior\",\"image\":{\"@type\":\"ImageObject\",\"inLanguage\":\"es\",\"@id\":\"https:\\\/\\\/secure.gravatar.com\\\/avatar\\\/497265c4dbe1cd0e2f3f1b19aba0f5779c7f95d09e139a5b83c1ecd47b4e780d?s=96&d=mm&r=g\",\"url\":\"https:\\\/\\\/secure.gravatar.com\\\/avatar\\\/497265c4dbe1cd0e2f3f1b19aba0f5779c7f95d09e139a5b83c1ecd47b4e780d?s=96&d=mm&r=g\",\"contentUrl\":\"https:\\\/\\\/secure.gravatar.com\\\/avatar\\\/497265c4dbe1cd0e2f3f1b19aba0f5779c7f95d09e139a5b83c1ecd47b4e780d?s=96&d=mm&r=g\",\"caption\":\"Exc\u00e9lsior\"},\"url\":\"https:\\\/\\\/www.bbmnoticias.com\\\/labravaradiofm\\\/author\\\/excelsior\\\/\"}]}<\/script>\n<!-- \/ Yoast SEO plugin. -->","yoast_head_json":{"title":"Firmar\u00e1 L\u00f3pez Obrador acuerdo para regularizar los 'autos chocolate' - LA BRAVA RADIO","description":"Se va a dar un permiso, se les va a reconocer la posesi\u00f3n del veh\u00edculo, van a pagar una cantidad no excesiva, justa\u201d, dijo.","robots":{"index":"index","follow":"follow","max-snippet":"max-snippet:-1","max-image-preview":"max-image-preview:large","max-video-preview":"max-video-preview:-1"},"canonical":"https:\/\/www.bbmnoticias.com\/labravaradiofm\/2021\/10\/13\/firmara-lopez-obrador-acuerdo-para-regularizar-los-autos-chocolate\/","og_locale":"es_MX","og_type":"article","og_title":"Firmar\u00e1 L\u00f3pez Obrador acuerdo para regularizar los 'autos chocolate' - LA BRAVA RADIO","og_description":"Se va a dar un permiso, se les va a reconocer la posesi\u00f3n del veh\u00edculo, van a pagar una cantidad no excesiva, justa\u201d, dijo.","og_url":"https:\/\/www.bbmnoticias.com\/labravaradiofm\/2021\/10\/13\/firmara-lopez-obrador-acuerdo-para-regularizar-los-autos-chocolate\/","og_site_name":"LA BRAVA RADIO","article_published_time":"2021-10-13T15:48:28+00:00","article_modified_time":"2021-10-13T15:48:30+00:00","og_image":[{"width":800,"height":600,"url":"https:\/\/www.bbmnoticias.com\/labravaradiofm\/wp-content\/uploads\/sites\/5\/2021\/10\/nacional13102021-5.jpg","type":"image\/jpeg"}],"author":"Exc\u00e9lsior","twitter_card":"summary_large_image","twitter_misc":{"Escrito por":"Exc\u00e9lsior","Tiempo de lectura":"2 minutos"},"schema":{"@context":"https:\/\/schema.org","@graph":[{"@type":"Article","@id":"https:\/\/www.bbmnoticias.com\/labravaradiofm\/2021\/10\/13\/firmara-lopez-obrador-acuerdo-para-regularizar-los-autos-chocolate\/#article","isPartOf":{"@id":"https:\/\/www.bbmnoticias.com\/labravaradiofm\/2021\/10\/13\/firmara-lopez-obrador-acuerdo-para-regularizar-los-autos-chocolate\/"},"author":{"name":"Exc\u00e9lsior","@id":"https:\/\/www.bbmnoticias.com\/labravaradiofm\/#\/schema\/person\/279575048ab2ce30543ef887b4b9095f"},"headline":"Firmar\u00e1 L\u00f3pez Obrador acuerdo para regularizar los &#8216;autos chocolate&#8217;","datePublished":"2021-10-13T15:48:28+00:00","dateModified":"2021-10-13T15:48:30+00:00","mainEntityOfPage":{"@id":"https:\/\/www.bbmnoticias.com\/labravaradiofm\/2021\/10\/13\/firmara-lopez-obrador-acuerdo-para-regularizar-los-autos-chocolate\/"},"wordCount":387,"image":{"@id":"https:\/\/www.bbmnoticias.com\/labravaradiofm\/2021\/10\/13\/firmara-lopez-obrador-acuerdo-para-regularizar-los-autos-chocolate\/#primaryimage"},"thumbnailUrl":"https:\/\/www.bbmnoticias.com\/labravaradiofm\/wp-content\/uploads\/sites\/5\/2021\/10\/nacional13102021-5.jpg","articleSection":["NACIONAL"],"inLanguage":"es"},{"@type":"WebPage","@id":"https:\/\/www.bbmnoticias.com\/labravaradiofm\/2021\/10\/13\/firmara-lopez-obrador-acuerdo-para-regularizar-los-autos-chocolate\/","url":"https:\/\/www.bbmnoticias.com\/labravaradiofm\/2021\/10\/13\/firmara-lopez-obrador-acuerdo-para-regularizar-los-autos-chocolate\/","name":"Firmar\u00e1 L\u00f3pez Obrador acuerdo para regularizar los 'autos chocolate' - LA BRAVA RADIO","isPartOf":{"@id":"https:\/\/www.bbmnoticias.com\/labravaradiofm\/#website"},"primaryImageOfPage":{"@id":"https:\/\/www.bbmnoticias.com\/labravaradiofm\/2021\/10\/13\/firmara-lopez-obrador-acuerdo-para-regularizar-los-autos-chocolate\/#primaryimage"},"image":{"@id":"https:\/\/www.bbmnoticias.com\/labravaradiofm\/2021\/10\/13\/firmara-lopez-obrador-acuerdo-para-regularizar-los-autos-chocolate\/#primaryimage"},"thumbnailUrl":"https:\/\/www.bbmnoticias.com\/labravaradiofm\/wp-content\/uploads\/sites\/5\/2021\/10\/nacional13102021-5.jpg","datePublished":"2021-10-13T15:48:28+00:00","dateModified":"2021-10-13T15:48:30+00:00","author":{"@id":"https:\/\/www.bbmnoticias.com\/labravaradiofm\/#\/schema\/person\/279575048ab2ce30543ef887b4b9095f"},"description":"Se va a dar un permiso, se les va a reconocer la posesi\u00f3n del veh\u00edculo, van a pagar una cantidad no excesiva, justa\u201d, dijo.","breadcrumb":{"@id":"https:\/\/www.bbmnoticias.com\/labravaradiofm\/2021\/10\/13\/firmara-lopez-obrador-acuerdo-para-regularizar-los-autos-chocolate\/#breadcrumb"},"inLanguage":"es","potentialAction":[{"@type":"ReadAction","target":["https:\/\/www.bbmnoticias.com\/labravaradiofm\/2021\/10\/13\/firmara-lopez-obrador-acuerdo-para-regularizar-los-autos-chocolate\/"]}]},{"@type":"ImageObject","inLanguage":"es","@id":"https:\/\/www.bbmnoticias.com\/labravaradiofm\/2021\/10\/13\/firmara-lopez-obrador-acuerdo-para-regularizar-los-autos-chocolate\/#primaryimage","url":"https:\/\/www.bbmnoticias.com\/labravaradiofm\/wp-content\/uploads\/sites\/5\/2021\/10\/nacional13102021-5.jpg","contentUrl":"https:\/\/www.bbmnoticias.com\/labravaradiofm\/wp-content\/uploads\/sites\/5\/2021\/10\/nacional13102021-5.jpg","width":800,"height":600},{"@type":"BreadcrumbList","@id":"https:\/\/www.bbmnoticias.com\/labravaradiofm\/2021\/10\/13\/firmara-lopez-obrador-acuerdo-para-regularizar-los-autos-chocolate\/#breadcrumb","itemListElement":[{"@type":"ListItem","position":1,"name":"Inicio","item":"https:\/\/www.bbmnoticias.com\/labravaradiofm\/"},{"@type":"ListItem","position":2,"name":"Firmar\u00e1 L\u00f3pez Obrador acuerdo para regularizar los &#8216;autos chocolate&#8217;"}]},{"@type":"WebSite","@id":"https:\/\/www.bbmnoticias.com\/labravaradiofm\/#website","url":"https:\/\/www.bbmnoticias.com\/labravaradiofm\/","name":"LA BRAVA RADIO","description":"Empresa productora de medios, Radiodifusi\u00f3n, Noticias, tendencias y todo lo que necesitas saber de la pol\u00edtica mexicana e internacional; entretenimiento, espect\u00e1culos, salud y mucho m\u00e1s.","potentialAction":[{"@type":"SearchAction","target":{"@type":"EntryPoint","urlTemplate":"https:\/\/www.bbmnoticias.com\/labravaradiofm\/?s={search_term_string}"},"query-input":{"@type":"PropertyValueSpecification","valueRequired":true,"valueName":"search_term_string"}}],"inLanguage":"es"},{"@type":"Person","@id":"https:\/\/www.bbmnoticias.com\/labravaradiofm\/#\/schema\/person\/279575048ab2ce30543ef887b4b9095f","name":"Exc\u00e9lsior","image":{"@type":"ImageObject","inLanguage":"es","@id":"https:\/\/secure.gravatar.com\/avatar\/497265c4dbe1cd0e2f3f1b19aba0f5779c7f95d09e139a5b83c1ecd47b4e780d?s=96&d=mm&r=g","url":"https:\/\/secure.gravatar.com\/avatar\/497265c4dbe1cd0e2f3f1b19aba0f5779c7f95d09e139a5b83c1ecd47b4e780d?s=96&d=mm&r=g","contentUrl":"https:\/\/secure.gravatar.com\/avatar\/497265c4dbe1cd0e2f3f1b19aba0f5779c7f95d09e139a5b83c1ecd47b4e780d?s=96&d=mm&r=g","caption":"Exc\u00e9lsior"},"url":"https:\/\/www.bbmnoticias.com\/labravaradiofm\/author\/excelsior\/"}]}},"_links":{"self":[{"href":"https:\/\/www.bbmnoticias.com\/labravaradiofm\/wp-json\/wp\/v2\/posts\/3644","targetHints":{"allow":["GET"]}}],"collection":[{"href":"https:\/\/www.bbmnoticias.com\/labravaradiofm\/wp-json\/wp\/v2\/posts"}],"about":[{"href":"https:\/\/www.bbmnoticias.com\/labravaradiofm\/wp-json\/wp\/v2\/types\/post"}],"author":[{"embeddable":true,"href":"https:\/\/www.bbmnoticias.com\/labravaradiofm\/wp-json\/wp\/v2\/users\/8"}],"replies":[{"embeddable":true,"href":"https:\/\/www.bbmnoticias.com\/labravaradiofm\/wp-json\/wp\/v2\/comments?post=3644"}],"version-history":[{"count":0,"href":"https:\/\/www.bbmnoticias.com\/labravaradiofm\/wp-json\/wp\/v2\/posts\/3644\/revisions"}],"wp:featuredmedia":[{"embeddable":true,"href":"https:\/\/www.bbmnoticias.com\/labravaradiofm\/wp-json\/wp\/v2\/media\/3645"}],"wp:attachment":[{"href":"https:\/\/www.bbmnoticias.com\/labravaradiofm\/wp-json\/wp\/v2\/media?parent=3644"}],"wp:term":[{"taxonomy":"category","embeddable":true,"href":"https:\/\/www.bbmnoticias.com\/labravaradiofm\/wp-json\/wp\/v2\/categories?post=3644"},{"taxonomy":"post_tag","embeddable":true,"href":"https:\/\/www.bbmnoticias.com\/labravaradiofm\/wp-json\/wp\/v2\/tags?post=3644"}],"curies":[{"name":"wp","href":"https:\/\/api.w.org\/{rel}","templated":true}]}}