{"id":3641,"date":"2021-10-13T10:34:34","date_gmt":"2021-10-13T15:34:34","guid":{"rendered":"https:\/\/www.bbmnoticias.com\/labravaradiofm\/?p=3641"},"modified":"2021-10-13T10:34:35","modified_gmt":"2021-10-13T15:34:35","slug":"desaparece-oswaldo-garcia-dinero-del-estacionamiento-en-el-mercado-de-abasto","status":"publish","type":"post","link":"https:\/\/www.bbmnoticias.com\/labravaradiofm\/2021\/10\/13\/desaparece-oswaldo-garcia-dinero-del-estacionamiento-en-el-mercado-de-abasto\/","title":{"rendered":"Desaparece Oswaldo Garc\u00eda dinero del estacionamiento en el Mercado de Abasto"},"content":{"rendered":"<div style=\"margin-top: 0px; margin-bottom: 0px;\" class=\"sharethis-inline-share-buttons\" ><\/div>\n<p>OAXACA, Oax.- Un grupo de comerciantes del Mercado de Abasto tom\u00f3 el estacionamiento Margarita Maza de Ju\u00e1rez para pedir cuentas al edil de Oaxaca de Ju\u00e1rez, Oswaldo Garc\u00eda Jarqu\u00edn, sobre los ingresos de este lugar.<\/p>\n\n\n\n<p>Este estacionamiento p\u00fablico del m\u00e1s importante centro de comercio de la entidad es administrado por el ayuntamiento de Oaxaca de Ju\u00e1rez, por ello, los manifestantes se\u00f1alaron que no tienen informaci\u00f3n sobre el destino de los ingresos ya que deber\u00edan ser para obras de mejoramiento de esta zona.<\/p>\n\n\n\n<p>Los comerciantes aseguraron que al a\u00f1o el estacionamiento recauda unos 18 millones de pesos, sin embargo, el ayuntamiento solo ha reportado 2 millones que destin\u00f3 al DIF Municipal y del resto no hay informaci\u00f3n ni obras en este lugar.<\/p>\n\n\n\n<figure class=\"wp-block-embed is-type-rich is-provider-twitter wp-block-embed-twitter\"><div class=\"wp-block-embed__wrapper\">\n<blockquote class=\"twitter-tweet\" data-width=\"550\" data-dnt=\"true\"><p lang=\"es\" dir=\"ltr\">\ud83d\udcfa\u24c2\ufe0fSe tensa la situaci\u00f3n en el mercado de Abasto, arriban elementos de la Polic\u00eda Municipal para intentar dialogar con locatarios que tienen en su poder estacionamiento de la Central de Abasto.<a href=\"https:\/\/twitter.com\/hashtag\/Oaxaca?src=hash&amp;ref_src=twsrc%5Etfw\">#Oaxaca<\/a> <a href=\"https:\/\/t.co\/7QRKpBZke4\">pic.twitter.com\/7QRKpBZke4<\/a><\/p>&mdash; Sofy Valdivia (@sofyvaldivia) <a href=\"https:\/\/twitter.com\/sofyvaldivia\/status\/1448310572127227908?ref_src=twsrc%5Etfw\">October 13, 2021<\/a><\/blockquote><script async src=\"https:\/\/platform.twitter.com\/widgets.js\" charset=\"utf-8\"><\/script>\n<\/div><\/figure>\n\n\n\n<p>Destacaron que las inmediaciones del Mercado de Abasto est\u00e1n en completo abandono, las calles llenas de baches, sin servicio de limpia y la incidencia delictiva desatada debido a la irresponsabilidad del edil Oswaldo Garc\u00eda.<\/p>\n\n\n\n<p>Recordaron que el pasado 8 de enero de este 2021, el presidente municipal firm\u00f3 una minuta de acuerdos en la que se comprometi\u00f3 a realizar obras y acciones en beneficio del Mercado de Abasto con los recursos de este estacionamiento, pero a la fecha no hay ninguna.<\/p>\n\n\n\n<p>Por eso, solicitaron una auditor\u00eda al gobierno municipal que preside Garc\u00eda Jarqu\u00edn para conocer el destino de estos recursos p\u00fablicos y se act\u00fae en consecuencia.<\/p>\n\n\n\n<figure class=\"wp-block-embed is-type-rich is-provider-twitter wp-block-embed-twitter\"><div class=\"wp-block-embed__wrapper\">\n<blockquote class=\"twitter-tweet\" data-width=\"550\" data-dnt=\"true\"><p lang=\"es\" dir=\"ltr\">\ud83d\udcfa\u24c2\ufe0f Un grupo de comerciantes de la Central de Abasto toman el estacionamiento p\u00fablico y dan paso sin cobrar boleto<br>Esta determinaci\u00f3n la asumen despu\u00e9s  de que la autoridad municipal no ha transparentado el uso del recurso. <a href=\"https:\/\/twitter.com\/hashtag\/DelD%C3%ADa?src=hash&amp;ref_src=twsrc%5Etfw\">#DelD\u00eda<\/a> <a href=\"https:\/\/twitter.com\/hashtag\/Protesta?src=hash&amp;ref_src=twsrc%5Etfw\">#Protesta<\/a> <a href=\"https:\/\/t.co\/oaNlzR4yx4\">pic.twitter.com\/oaNlzR4yx4<\/a><\/p>&mdash; Sofy Valdivia (@sofyvaldivia) <a href=\"https:\/\/twitter.com\/sofyvaldivia\/status\/1448305142579740689?ref_src=twsrc%5Etfw\">October 13, 2021<\/a><\/blockquote><script async src=\"https:\/\/platform.twitter.com\/widgets.js\" charset=\"utf-8\"><\/script>\n<\/div><\/figure>\n\n\n\n<p>Los comerciantes realizaron labores de limpieza en el mercado ya que reiteraron que la autoridad municipal no hace nada para superar las adversidades del lugar.<\/p>\n\n\n\n<p>En este estacionamiento el cobro es de 10 pesos por autom\u00f3vil; 13 pesos camionetas; 30 pesos camionetas de doble rodada; autobuses y camiones 40 pesos; 10 pesos motocicletas y 150 pesos por boleto perdido.<\/p>\n","protected":false},"excerpt":{"rendered":"<p>OAXACA, Oax.- Un grupo de comerciantes del Mercado de Abasto tom\u00f3 el estacionamiento Margarita Maza de Ju\u00e1rez para pedir cuentas al edil de Oaxaca de Ju\u00e1rez, Oswaldo Garc\u00eda Jarqu\u00edn, sobre los ingresos de este lugar. Este estacionamiento p\u00fablico del m\u00e1s importante centro de comercio de la entidad es administrado por el ayuntamiento de Oaxaca de [&hellip;]<\/p>\n","protected":false},"author":5,"featured_media":3642,"comment_status":"closed","ping_status":"closed","sticky":false,"template":"","format":"standard","meta":{"footnotes":""},"categories":[1],"tags":[],"class_list":{"0":"post-3641","1":"post","2":"type-post","3":"status-publish","4":"format-standard","5":"has-post-thumbnail","7":"category-sin-categoria"},"yoast_head":"<!-- This site is optimized with the Yoast SEO plugin v27.4 - https:\/\/yoast.com\/product\/yoast-seo-wordpress\/ -->\n<title>Desaparece Oswaldo Garc\u00eda dinero del estacionamiento en el Mercado de Abasto - LA BRAVA RADIO<\/title>\n<meta name=\"description\" content=\"Este estacionamiento p\u00fablico del m\u00e1s importante centro de comercio de la entidad es administrado por el ayuntamiento de Oaxaca de Ju\u00e1rez\" \/>\n<meta name=\"robots\" content=\"index, follow, max-snippet:-1, max-image-preview:large, max-video-preview:-1\" \/>\n<link rel=\"canonical\" href=\"https:\/\/www.bbmnoticias.com\/labravaradiofm\/2021\/10\/13\/desaparece-oswaldo-garcia-dinero-del-estacionamiento-en-el-mercado-de-abasto\/\" \/>\n<meta property=\"og:locale\" content=\"es_MX\" \/>\n<meta property=\"og:type\" content=\"article\" \/>\n<meta property=\"og:title\" content=\"Desaparece Oswaldo Garc\u00eda dinero del estacionamiento en el Mercado de Abasto - LA BRAVA RADIO\" \/>\n<meta property=\"og:description\" content=\"Este estacionamiento p\u00fablico del m\u00e1s importante centro de comercio de la entidad es administrado por el ayuntamiento de Oaxaca de Ju\u00e1rez\" \/>\n<meta property=\"og:url\" content=\"https:\/\/www.bbmnoticias.com\/labravaradiofm\/2021\/10\/13\/desaparece-oswaldo-garcia-dinero-del-estacionamiento-en-el-mercado-de-abasto\/\" \/>\n<meta property=\"og:site_name\" content=\"LA BRAVA RADIO\" \/>\n<meta property=\"article:published_time\" content=\"2021-10-13T15:34:34+00:00\" \/>\n<meta property=\"article:modified_time\" content=\"2021-10-13T15:34:35+00:00\" \/>\n<meta property=\"og:image\" content=\"https:\/\/www.bbmnoticias.com\/labravaradiofm\/wp-content\/uploads\/sites\/5\/2021\/10\/local13102021-11.jpg\" \/>\n\t<meta property=\"og:image:width\" content=\"1600\" \/>\n\t<meta property=\"og:image:height\" content=\"1200\" \/>\n\t<meta property=\"og:image:type\" content=\"image\/jpeg\" \/>\n<meta name=\"author\" content=\"Quadratin\" \/>\n<meta name=\"twitter:card\" content=\"summary_large_image\" \/>\n<meta name=\"twitter:label1\" content=\"Escrito por\" \/>\n\t<meta name=\"twitter:data1\" content=\"Quadratin\" \/>\n\t<meta name=\"twitter:label2\" content=\"Tiempo de lectura\" \/>\n\t<meta name=\"twitter:data2\" content=\"2 minutos\" \/>\n<script type=\"application\/ld+json\" class=\"yoast-schema-graph\">{\"@context\":\"https:\\\/\\\/schema.org\",\"@graph\":[{\"@type\":\"Article\",\"@id\":\"https:\\\/\\\/www.bbmnoticias.com\\\/labravaradiofm\\\/2021\\\/10\\\/13\\\/desaparece-oswaldo-garcia-dinero-del-estacionamiento-en-el-mercado-de-abasto\\\/#article\",\"isPartOf\":{\"@id\":\"https:\\\/\\\/www.bbmnoticias.com\\\/labravaradiofm\\\/2021\\\/10\\\/13\\\/desaparece-oswaldo-garcia-dinero-del-estacionamiento-en-el-mercado-de-abasto\\\/\"},\"author\":{\"name\":\"Quadratin\",\"@id\":\"https:\\\/\\\/www.bbmnoticias.com\\\/labravaradiofm\\\/#\\\/schema\\\/person\\\/b7ad4658f4970d61499e84f6fe178160\"},\"headline\":\"Desaparece Oswaldo Garc\u00eda dinero del estacionamiento en el Mercado de Abasto\",\"datePublished\":\"2021-10-13T15:34:34+00:00\",\"dateModified\":\"2021-10-13T15:34:35+00:00\",\"mainEntityOfPage\":{\"@id\":\"https:\\\/\\\/www.bbmnoticias.com\\\/labravaradiofm\\\/2021\\\/10\\\/13\\\/desaparece-oswaldo-garcia-dinero-del-estacionamiento-en-el-mercado-de-abasto\\\/\"},\"wordCount\":319,\"image\":{\"@id\":\"https:\\\/\\\/www.bbmnoticias.com\\\/labravaradiofm\\\/2021\\\/10\\\/13\\\/desaparece-oswaldo-garcia-dinero-del-estacionamiento-en-el-mercado-de-abasto\\\/#primaryimage\"},\"thumbnailUrl\":\"https:\\\/\\\/www.bbmnoticias.com\\\/labravaradiofm\\\/wp-content\\\/uploads\\\/sites\\\/5\\\/2021\\\/10\\\/local13102021-11.jpg\",\"inLanguage\":\"es\"},{\"@type\":\"WebPage\",\"@id\":\"https:\\\/\\\/www.bbmnoticias.com\\\/labravaradiofm\\\/2021\\\/10\\\/13\\\/desaparece-oswaldo-garcia-dinero-del-estacionamiento-en-el-mercado-de-abasto\\\/\",\"url\":\"https:\\\/\\\/www.bbmnoticias.com\\\/labravaradiofm\\\/2021\\\/10\\\/13\\\/desaparece-oswaldo-garcia-dinero-del-estacionamiento-en-el-mercado-de-abasto\\\/\",\"name\":\"Desaparece Oswaldo Garc\u00eda dinero del estacionamiento en el Mercado de Abasto - LA BRAVA RADIO\",\"isPartOf\":{\"@id\":\"https:\\\/\\\/www.bbmnoticias.com\\\/labravaradiofm\\\/#website\"},\"primaryImageOfPage\":{\"@id\":\"https:\\\/\\\/www.bbmnoticias.com\\\/labravaradiofm\\\/2021\\\/10\\\/13\\\/desaparece-oswaldo-garcia-dinero-del-estacionamiento-en-el-mercado-de-abasto\\\/#primaryimage\"},\"image\":{\"@id\":\"https:\\\/\\\/www.bbmnoticias.com\\\/labravaradiofm\\\/2021\\\/10\\\/13\\\/desaparece-oswaldo-garcia-dinero-del-estacionamiento-en-el-mercado-de-abasto\\\/#primaryimage\"},\"thumbnailUrl\":\"https:\\\/\\\/www.bbmnoticias.com\\\/labravaradiofm\\\/wp-content\\\/uploads\\\/sites\\\/5\\\/2021\\\/10\\\/local13102021-11.jpg\",\"datePublished\":\"2021-10-13T15:34:34+00:00\",\"dateModified\":\"2021-10-13T15:34:35+00:00\",\"author\":{\"@id\":\"https:\\\/\\\/www.bbmnoticias.com\\\/labravaradiofm\\\/#\\\/schema\\\/person\\\/b7ad4658f4970d61499e84f6fe178160\"},\"description\":\"Este estacionamiento p\u00fablico del m\u00e1s importante centro de comercio de la entidad es administrado por el ayuntamiento de Oaxaca de Ju\u00e1rez\",\"breadcrumb\":{\"@id\":\"https:\\\/\\\/www.bbmnoticias.com\\\/labravaradiofm\\\/2021\\\/10\\\/13\\\/desaparece-oswaldo-garcia-dinero-del-estacionamiento-en-el-mercado-de-abasto\\\/#breadcrumb\"},\"inLanguage\":\"es\",\"potentialAction\":[{\"@type\":\"ReadAction\",\"target\":[\"https:\\\/\\\/www.bbmnoticias.com\\\/labravaradiofm\\\/2021\\\/10\\\/13\\\/desaparece-oswaldo-garcia-dinero-del-estacionamiento-en-el-mercado-de-abasto\\\/\"]}]},{\"@type\":\"ImageObject\",\"inLanguage\":\"es\",\"@id\":\"https:\\\/\\\/www.bbmnoticias.com\\\/labravaradiofm\\\/2021\\\/10\\\/13\\\/desaparece-oswaldo-garcia-dinero-del-estacionamiento-en-el-mercado-de-abasto\\\/#primaryimage\",\"url\":\"https:\\\/\\\/www.bbmnoticias.com\\\/labravaradiofm\\\/wp-content\\\/uploads\\\/sites\\\/5\\\/2021\\\/10\\\/local13102021-11.jpg\",\"contentUrl\":\"https:\\\/\\\/www.bbmnoticias.com\\\/labravaradiofm\\\/wp-content\\\/uploads\\\/sites\\\/5\\\/2021\\\/10\\\/local13102021-11.jpg\",\"width\":1600,\"height\":1200},{\"@type\":\"BreadcrumbList\",\"@id\":\"https:\\\/\\\/www.bbmnoticias.com\\\/labravaradiofm\\\/2021\\\/10\\\/13\\\/desaparece-oswaldo-garcia-dinero-del-estacionamiento-en-el-mercado-de-abasto\\\/#breadcrumb\",\"itemListElement\":[{\"@type\":\"ListItem\",\"position\":1,\"name\":\"Inicio\",\"item\":\"https:\\\/\\\/www.bbmnoticias.com\\\/labravaradiofm\\\/\"},{\"@type\":\"ListItem\",\"position\":2,\"name\":\"Desaparece Oswaldo Garc\u00eda dinero del estacionamiento en el Mercado de Abasto\"}]},{\"@type\":\"WebSite\",\"@id\":\"https:\\\/\\\/www.bbmnoticias.com\\\/labravaradiofm\\\/#website\",\"url\":\"https:\\\/\\\/www.bbmnoticias.com\\\/labravaradiofm\\\/\",\"name\":\"LA BRAVA RADIO\",\"description\":\"Empresa productora de medios, Radiodifusi\u00f3n, Noticias, tendencias y todo lo que necesitas saber de la pol\u00edtica mexicana e internacional; entretenimiento, espect\u00e1culos, salud y mucho m\u00e1s.\",\"potentialAction\":[{\"@type\":\"SearchAction\",\"target\":{\"@type\":\"EntryPoint\",\"urlTemplate\":\"https:\\\/\\\/www.bbmnoticias.com\\\/labravaradiofm\\\/?s={search_term_string}\"},\"query-input\":{\"@type\":\"PropertyValueSpecification\",\"valueRequired\":true,\"valueName\":\"search_term_string\"}}],\"inLanguage\":\"es\"},{\"@type\":\"Person\",\"@id\":\"https:\\\/\\\/www.bbmnoticias.com\\\/labravaradiofm\\\/#\\\/schema\\\/person\\\/b7ad4658f4970d61499e84f6fe178160\",\"name\":\"Quadratin\",\"image\":{\"@type\":\"ImageObject\",\"inLanguage\":\"es\",\"@id\":\"https:\\\/\\\/secure.gravatar.com\\\/avatar\\\/34008d7d72488432d6a74f81e839efc9f754b118786ca32cf39d9d5508a68f63?s=96&d=mm&r=g\",\"url\":\"https:\\\/\\\/secure.gravatar.com\\\/avatar\\\/34008d7d72488432d6a74f81e839efc9f754b118786ca32cf39d9d5508a68f63?s=96&d=mm&r=g\",\"contentUrl\":\"https:\\\/\\\/secure.gravatar.com\\\/avatar\\\/34008d7d72488432d6a74f81e839efc9f754b118786ca32cf39d9d5508a68f63?s=96&d=mm&r=g\",\"caption\":\"Quadratin\"},\"url\":\"https:\\\/\\\/www.bbmnoticias.com\\\/labravaradiofm\\\/author\\\/quadratin\\\/\"}]}<\/script>\n<!-- \/ Yoast SEO plugin. -->","yoast_head_json":{"title":"Desaparece Oswaldo Garc\u00eda dinero del estacionamiento en el Mercado de Abasto - LA BRAVA RADIO","description":"Este estacionamiento p\u00fablico del m\u00e1s importante centro de comercio de la entidad es administrado por el ayuntamiento de Oaxaca de Ju\u00e1rez","robots":{"index":"index","follow":"follow","max-snippet":"max-snippet:-1","max-image-preview":"max-image-preview:large","max-video-preview":"max-video-preview:-1"},"canonical":"https:\/\/www.bbmnoticias.com\/labravaradiofm\/2021\/10\/13\/desaparece-oswaldo-garcia-dinero-del-estacionamiento-en-el-mercado-de-abasto\/","og_locale":"es_MX","og_type":"article","og_title":"Desaparece Oswaldo Garc\u00eda dinero del estacionamiento en el Mercado de Abasto - LA BRAVA RADIO","og_description":"Este estacionamiento p\u00fablico del m\u00e1s importante centro de comercio de la entidad es administrado por el ayuntamiento de Oaxaca de Ju\u00e1rez","og_url":"https:\/\/www.bbmnoticias.com\/labravaradiofm\/2021\/10\/13\/desaparece-oswaldo-garcia-dinero-del-estacionamiento-en-el-mercado-de-abasto\/","og_site_name":"LA BRAVA RADIO","article_published_time":"2021-10-13T15:34:34+00:00","article_modified_time":"2021-10-13T15:34:35+00:00","og_image":[{"width":1600,"height":1200,"url":"https:\/\/www.bbmnoticias.com\/labravaradiofm\/wp-content\/uploads\/sites\/5\/2021\/10\/local13102021-11.jpg","type":"image\/jpeg"}],"author":"Quadratin","twitter_card":"summary_large_image","twitter_misc":{"Escrito por":"Quadratin","Tiempo de lectura":"2 minutos"},"schema":{"@context":"https:\/\/schema.org","@graph":[{"@type":"Article","@id":"https:\/\/www.bbmnoticias.com\/labravaradiofm\/2021\/10\/13\/desaparece-oswaldo-garcia-dinero-del-estacionamiento-en-el-mercado-de-abasto\/#article","isPartOf":{"@id":"https:\/\/www.bbmnoticias.com\/labravaradiofm\/2021\/10\/13\/desaparece-oswaldo-garcia-dinero-del-estacionamiento-en-el-mercado-de-abasto\/"},"author":{"name":"Quadratin","@id":"https:\/\/www.bbmnoticias.com\/labravaradiofm\/#\/schema\/person\/b7ad4658f4970d61499e84f6fe178160"},"headline":"Desaparece Oswaldo Garc\u00eda dinero del estacionamiento en el Mercado de Abasto","datePublished":"2021-10-13T15:34:34+00:00","dateModified":"2021-10-13T15:34:35+00:00","mainEntityOfPage":{"@id":"https:\/\/www.bbmnoticias.com\/labravaradiofm\/2021\/10\/13\/desaparece-oswaldo-garcia-dinero-del-estacionamiento-en-el-mercado-de-abasto\/"},"wordCount":319,"image":{"@id":"https:\/\/www.bbmnoticias.com\/labravaradiofm\/2021\/10\/13\/desaparece-oswaldo-garcia-dinero-del-estacionamiento-en-el-mercado-de-abasto\/#primaryimage"},"thumbnailUrl":"https:\/\/www.bbmnoticias.com\/labravaradiofm\/wp-content\/uploads\/sites\/5\/2021\/10\/local13102021-11.jpg","inLanguage":"es"},{"@type":"WebPage","@id":"https:\/\/www.bbmnoticias.com\/labravaradiofm\/2021\/10\/13\/desaparece-oswaldo-garcia-dinero-del-estacionamiento-en-el-mercado-de-abasto\/","url":"https:\/\/www.bbmnoticias.com\/labravaradiofm\/2021\/10\/13\/desaparece-oswaldo-garcia-dinero-del-estacionamiento-en-el-mercado-de-abasto\/","name":"Desaparece Oswaldo Garc\u00eda dinero del estacionamiento en el Mercado de Abasto - LA BRAVA RADIO","isPartOf":{"@id":"https:\/\/www.bbmnoticias.com\/labravaradiofm\/#website"},"primaryImageOfPage":{"@id":"https:\/\/www.bbmnoticias.com\/labravaradiofm\/2021\/10\/13\/desaparece-oswaldo-garcia-dinero-del-estacionamiento-en-el-mercado-de-abasto\/#primaryimage"},"image":{"@id":"https:\/\/www.bbmnoticias.com\/labravaradiofm\/2021\/10\/13\/desaparece-oswaldo-garcia-dinero-del-estacionamiento-en-el-mercado-de-abasto\/#primaryimage"},"thumbnailUrl":"https:\/\/www.bbmnoticias.com\/labravaradiofm\/wp-content\/uploads\/sites\/5\/2021\/10\/local13102021-11.jpg","datePublished":"2021-10-13T15:34:34+00:00","dateModified":"2021-10-13T15:34:35+00:00","author":{"@id":"https:\/\/www.bbmnoticias.com\/labravaradiofm\/#\/schema\/person\/b7ad4658f4970d61499e84f6fe178160"},"description":"Este estacionamiento p\u00fablico del m\u00e1s importante centro de comercio de la entidad es administrado por el ayuntamiento de Oaxaca de Ju\u00e1rez","breadcrumb":{"@id":"https:\/\/www.bbmnoticias.com\/labravaradiofm\/2021\/10\/13\/desaparece-oswaldo-garcia-dinero-del-estacionamiento-en-el-mercado-de-abasto\/#breadcrumb"},"inLanguage":"es","potentialAction":[{"@type":"ReadAction","target":["https:\/\/www.bbmnoticias.com\/labravaradiofm\/2021\/10\/13\/desaparece-oswaldo-garcia-dinero-del-estacionamiento-en-el-mercado-de-abasto\/"]}]},{"@type":"ImageObject","inLanguage":"es","@id":"https:\/\/www.bbmnoticias.com\/labravaradiofm\/2021\/10\/13\/desaparece-oswaldo-garcia-dinero-del-estacionamiento-en-el-mercado-de-abasto\/#primaryimage","url":"https:\/\/www.bbmnoticias.com\/labravaradiofm\/wp-content\/uploads\/sites\/5\/2021\/10\/local13102021-11.jpg","contentUrl":"https:\/\/www.bbmnoticias.com\/labravaradiofm\/wp-content\/uploads\/sites\/5\/2021\/10\/local13102021-11.jpg","width":1600,"height":1200},{"@type":"BreadcrumbList","@id":"https:\/\/www.bbmnoticias.com\/labravaradiofm\/2021\/10\/13\/desaparece-oswaldo-garcia-dinero-del-estacionamiento-en-el-mercado-de-abasto\/#breadcrumb","itemListElement":[{"@type":"ListItem","position":1,"name":"Inicio","item":"https:\/\/www.bbmnoticias.com\/labravaradiofm\/"},{"@type":"ListItem","position":2,"name":"Desaparece Oswaldo Garc\u00eda dinero del estacionamiento en el Mercado de Abasto"}]},{"@type":"WebSite","@id":"https:\/\/www.bbmnoticias.com\/labravaradiofm\/#website","url":"https:\/\/www.bbmnoticias.com\/labravaradiofm\/","name":"LA BRAVA RADIO","description":"Empresa productora de medios, Radiodifusi\u00f3n, Noticias, tendencias y todo lo que necesitas saber de la pol\u00edtica mexicana e internacional; entretenimiento, espect\u00e1culos, salud y mucho m\u00e1s.","potentialAction":[{"@type":"SearchAction","target":{"@type":"EntryPoint","urlTemplate":"https:\/\/www.bbmnoticias.com\/labravaradiofm\/?s={search_term_string}"},"query-input":{"@type":"PropertyValueSpecification","valueRequired":true,"valueName":"search_term_string"}}],"inLanguage":"es"},{"@type":"Person","@id":"https:\/\/www.bbmnoticias.com\/labravaradiofm\/#\/schema\/person\/b7ad4658f4970d61499e84f6fe178160","name":"Quadratin","image":{"@type":"ImageObject","inLanguage":"es","@id":"https:\/\/secure.gravatar.com\/avatar\/34008d7d72488432d6a74f81e839efc9f754b118786ca32cf39d9d5508a68f63?s=96&d=mm&r=g","url":"https:\/\/secure.gravatar.com\/avatar\/34008d7d72488432d6a74f81e839efc9f754b118786ca32cf39d9d5508a68f63?s=96&d=mm&r=g","contentUrl":"https:\/\/secure.gravatar.com\/avatar\/34008d7d72488432d6a74f81e839efc9f754b118786ca32cf39d9d5508a68f63?s=96&d=mm&r=g","caption":"Quadratin"},"url":"https:\/\/www.bbmnoticias.com\/labravaradiofm\/author\/quadratin\/"}]}},"_links":{"self":[{"href":"https:\/\/www.bbmnoticias.com\/labravaradiofm\/wp-json\/wp\/v2\/posts\/3641","targetHints":{"allow":["GET"]}}],"collection":[{"href":"https:\/\/www.bbmnoticias.com\/labravaradiofm\/wp-json\/wp\/v2\/posts"}],"about":[{"href":"https:\/\/www.bbmnoticias.com\/labravaradiofm\/wp-json\/wp\/v2\/types\/post"}],"author":[{"embeddable":true,"href":"https:\/\/www.bbmnoticias.com\/labravaradiofm\/wp-json\/wp\/v2\/users\/5"}],"replies":[{"embeddable":true,"href":"https:\/\/www.bbmnoticias.com\/labravaradiofm\/wp-json\/wp\/v2\/comments?post=3641"}],"version-history":[{"count":0,"href":"https:\/\/www.bbmnoticias.com\/labravaradiofm\/wp-json\/wp\/v2\/posts\/3641\/revisions"}],"wp:featuredmedia":[{"embeddable":true,"href":"https:\/\/www.bbmnoticias.com\/labravaradiofm\/wp-json\/wp\/v2\/media\/3642"}],"wp:attachment":[{"href":"https:\/\/www.bbmnoticias.com\/labravaradiofm\/wp-json\/wp\/v2\/media?parent=3641"}],"wp:term":[{"taxonomy":"category","embeddable":true,"href":"https:\/\/www.bbmnoticias.com\/labravaradiofm\/wp-json\/wp\/v2\/categories?post=3641"},{"taxonomy":"post_tag","embeddable":true,"href":"https:\/\/www.bbmnoticias.com\/labravaradiofm\/wp-json\/wp\/v2\/tags?post=3641"}],"curies":[{"name":"wp","href":"https:\/\/api.w.org\/{rel}","templated":true}]}}