{"id":3612,"date":"2021-10-12T20:17:48","date_gmt":"2021-10-13T01:17:48","guid":{"rendered":"https:\/\/www.bbmnoticias.com\/labravaradiofm\/?p=3612"},"modified":"2021-10-12T20:17:50","modified_gmt":"2021-10-13T01:17:50","slug":"maduro-insiste-en-que-espana-debe-pedir-perdon-por-el-genocidio-de-300-anos","status":"publish","type":"post","link":"https:\/\/www.bbmnoticias.com\/labravaradiofm\/2021\/10\/12\/maduro-insiste-en-que-espana-debe-pedir-perdon-por-el-genocidio-de-300-anos\/","title":{"rendered":"Maduro insiste en que Espa\u00f1a debe pedir perd\u00f3n por &#8220;el genocidio de 300 a\u00f1os&#8221;"},"content":{"rendered":"<div style=\"margin-top: 0px; margin-bottom: 0px;\" class=\"sharethis-inline-share-buttons\" ><\/div>\n<p>Caracas.- El presidente de Venezuela, <strong>Nicol\u00e1s Maduro<\/strong>, insisti\u00f3 este martes, d\u00eda en que el pa\u00eds caribe\u00f1o conmemora la <strong>resistencia ind\u00edgena<\/strong>, que Espa\u00f1a debe pedir perd\u00f3n a Am\u00e9rica por el &#8220;genocidio de 300 a\u00f1os&#8221; contra los <strong>pueblos originarios.\u00a0<\/strong><\/p>\n\n\n\n<p>&#8220;Nos sumamos a las voces en Am\u00e9rica que se han levantado para exigir al rey de Espa\u00f1a que rectifique su posici\u00f3n, que reflexione y le <strong>pida perd\u00f3n<\/strong> <strong>a Am\u00e9rica <\/strong>por el genocidio de 300 a\u00f1os contra los pueblos originarios&#8221;, expres\u00f3 desde Miraflores en un acto transmitido por el canal estatal Venezolana de Televisi\u00f3n (VTV).\u00a0<\/p>\n\n\n\n<p>Maduro se\u00f1al\u00f3 que van a enviar una carta al presidente pro tempore de la Comunidad de Estados Latinoamericanos y Caribe\u00f1os (<strong>Celac<\/strong>) para que este tema se discuta en el consejo pol\u00edtico y propondr\u00e1n que el organismo establezca una <strong>comisi\u00f3n de<\/strong> <strong>la verdad <\/strong>y la justicia que establezca la &#8220;verdad hist\u00f3rica de los 300 a\u00f1os de colonialismo espa\u00f1ol&#8221;.&nbsp;<br>&nbsp;<\/p>\n\n\n\n<p>&#8220;Una comisi\u00f3n de la verdad conformada por <strong>investigadores honorables<\/strong>, gente de honor, historiadores, antrop\u00f3logos, soci\u00f3logos, que desde la Celac se comunique con los <strong>antiguos imperios<\/strong> <strong>europeos <\/strong>y, de una vez y en definitiva, se establezca la verdad de lo que ocurri\u00f3 en estas tierras americanas durante los 300 a\u00f1os de colonialismo&#8221;, agreg\u00f3.&nbsp;<\/p>\n\n\n\n<p>El presidente tambi\u00e9n dijo que enviar\u00e1 una carta al <strong>rey<\/strong> <strong>de<\/strong> <strong>Espa\u00f1a<\/strong>, <strong>Felipe VI<\/strong>, en la que le transmitir\u00e1 &#8220;reflexiones, con respeto&#8221;, para ponerlo en conocimiento &#8220;de lo que es el <strong>dolor hist\u00f3rico<\/strong>&#8221; que los pueblos de Am\u00e9rica &#8220;tuvieron que soportar&#8221;.&nbsp;<br>&nbsp;<\/p>\n\n\n\n<p>Record\u00f3, adem\u00e1s, que &#8220;Espa\u00f1a tambi\u00e9n tiene una historia buena, gloriosa, heroica, de <strong>lucha contra<\/strong> <strong>el colonialismo<\/strong>, contra el vasallaje&#8221;, por lo que deber\u00eda comprender.&nbsp;<\/p>\n\n\n\n<p>El pasado 1 de octubre, el presidente de M\u00e9xico, <strong>Andr\u00e9s\u00a0Manuel<\/strong> <strong>L\u00f3pez Obrador<\/strong>, reiter\u00f3 en que se deber\u00eda pedir perd\u00f3n por la <strong>conquista espa\u00f1ola<\/strong>.\u00a0<br>\u00a0<\/p>\n\n\n\n<p>Ya en 2019 el mandatario mexicano hab\u00eda enviado una carta al rey de Espa\u00f1a que <strong>enfr\u00edo las<\/strong> <strong>relaciones<\/strong> entre ambos pa\u00edses, y el pasado 27 de septiembre los representantes espa\u00f1oles cancelaron a \u00faltima hora su presencia en el gran acto del Z\u00f3calo capitalino para festejar el <strong>bicentenario<\/strong> <strong>de la consumaci\u00f3n<\/strong> <strong>de la independencia<\/strong>.&nbsp;<\/p>\n\n\n\n<p>El <strong>Gobierno<\/strong> <strong>de<\/strong> <strong>Espa\u00f1a<\/strong> consider\u00f3 en su momento que &#8220;la llegada hace 500 a\u00f1os de los espa\u00f1oles a las actuales <strong>tierras mexicanas <\/strong>no puede juzgarse a la luz de consideraciones contempor\u00e1neas&#8221;.&nbsp;<br>&nbsp;<\/p>\n\n\n\n<p>En cambio, el <strong>papa Francisco <\/strong>envi\u00f3 una misiva el mismo 27 de septiembre en la que reconoci\u00f3 &#8220;los errores del pasado&#8221; y reiter\u00f3 su petici\u00f3n de &#8220;perd\u00f3n por los pecados personales y sociales&#8221; cometidos por la Iglesia durante la <strong>conquista y evangelizaci\u00f3n del actual M\u00e9xico<\/strong>.<\/p>\n","protected":false},"excerpt":{"rendered":"<p>Caracas.- El presidente de Venezuela, Nicol\u00e1s Maduro, insisti\u00f3 este martes, d\u00eda en que el pa\u00eds caribe\u00f1o conmemora la resistencia ind\u00edgena, que Espa\u00f1a debe pedir perd\u00f3n a Am\u00e9rica por el &#8220;genocidio de 300 a\u00f1os&#8221; contra los pueblos originarios.\u00a0 &#8220;Nos sumamos a las voces en Am\u00e9rica que se han levantado para exigir al rey de Espa\u00f1a que [&hellip;]<\/p>\n","protected":false},"author":10,"featured_media":3613,"comment_status":"closed","ping_status":"closed","sticky":false,"template":"","format":"standard","meta":{"footnotes":""},"categories":[1],"tags":[],"class_list":{"0":"post-3612","1":"post","2":"type-post","3":"status-publish","4":"format-standard","5":"has-post-thumbnail","7":"category-sin-categoria"},"yoast_head":"<!-- This site is optimized with the Yoast SEO plugin v27.4 - https:\/\/yoast.com\/product\/yoast-seo-wordpress\/ -->\n<title>Maduro insiste en que Espa\u00f1a debe pedir perd\u00f3n por &quot;el genocidio de 300 a\u00f1os&quot; - LA BRAVA RADIO<\/title>\n<meta name=\"description\" content=\"Nos sumamos a las voces en Am\u00e9rica que se han levantado para exigir al rey de Espa\u00f1a que rectifique su posici\u00f3n, que reflexione y pida perd\u00f3n\" \/>\n<meta name=\"robots\" content=\"index, follow, max-snippet:-1, max-image-preview:large, max-video-preview:-1\" \/>\n<link rel=\"canonical\" href=\"https:\/\/www.bbmnoticias.com\/labravaradiofm\/2021\/10\/12\/maduro-insiste-en-que-espana-debe-pedir-perdon-por-el-genocidio-de-300-anos\/\" \/>\n<meta property=\"og:locale\" content=\"es_MX\" \/>\n<meta property=\"og:type\" content=\"article\" \/>\n<meta property=\"og:title\" content=\"Maduro insiste en que Espa\u00f1a debe pedir perd\u00f3n por &quot;el genocidio de 300 a\u00f1os&quot; - LA BRAVA RADIO\" \/>\n<meta property=\"og:description\" content=\"Nos sumamos a las voces en Am\u00e9rica que se han levantado para exigir al rey de Espa\u00f1a que rectifique su posici\u00f3n, que reflexione y pida perd\u00f3n\" \/>\n<meta property=\"og:url\" content=\"https:\/\/www.bbmnoticias.com\/labravaradiofm\/2021\/10\/12\/maduro-insiste-en-que-espana-debe-pedir-perdon-por-el-genocidio-de-300-anos\/\" \/>\n<meta property=\"og:site_name\" content=\"LA BRAVA RADIO\" \/>\n<meta property=\"article:published_time\" content=\"2021-10-13T01:17:48+00:00\" \/>\n<meta property=\"article:modified_time\" content=\"2021-10-13T01:17:50+00:00\" \/>\n<meta property=\"og:image\" content=\"https:\/\/www.bbmnoticias.com\/labravaradiofm\/wp-content\/uploads\/sites\/5\/2021\/10\/internacional12102021-20.webp\" \/>\n\t<meta property=\"og:image:width\" content=\"1201\" \/>\n\t<meta property=\"og:image:height\" content=\"740\" \/>\n\t<meta property=\"og:image:type\" content=\"image\/webp\" \/>\n<meta name=\"author\" content=\"El Universal\" \/>\n<meta name=\"twitter:card\" content=\"summary_large_image\" \/>\n<meta name=\"twitter:label1\" content=\"Escrito por\" \/>\n\t<meta name=\"twitter:data1\" content=\"El Universal\" \/>\n\t<meta name=\"twitter:label2\" content=\"Tiempo de lectura\" \/>\n\t<meta name=\"twitter:data2\" content=\"2 minutos\" \/>\n<script type=\"application\/ld+json\" class=\"yoast-schema-graph\">{\"@context\":\"https:\\\/\\\/schema.org\",\"@graph\":[{\"@type\":\"Article\",\"@id\":\"https:\\\/\\\/www.bbmnoticias.com\\\/labravaradiofm\\\/2021\\\/10\\\/12\\\/maduro-insiste-en-que-espana-debe-pedir-perdon-por-el-genocidio-de-300-anos\\\/#article\",\"isPartOf\":{\"@id\":\"https:\\\/\\\/www.bbmnoticias.com\\\/labravaradiofm\\\/2021\\\/10\\\/12\\\/maduro-insiste-en-que-espana-debe-pedir-perdon-por-el-genocidio-de-300-anos\\\/\"},\"author\":{\"name\":\"El Universal\",\"@id\":\"https:\\\/\\\/www.bbmnoticias.com\\\/labravaradiofm\\\/#\\\/schema\\\/person\\\/2a5252389acf1e67397601bfd47df59b\"},\"headline\":\"Maduro insiste en que Espa\u00f1a debe pedir perd\u00f3n por &#8220;el genocidio de 300 a\u00f1os&#8221;\",\"datePublished\":\"2021-10-13T01:17:48+00:00\",\"dateModified\":\"2021-10-13T01:17:50+00:00\",\"mainEntityOfPage\":{\"@id\":\"https:\\\/\\\/www.bbmnoticias.com\\\/labravaradiofm\\\/2021\\\/10\\\/12\\\/maduro-insiste-en-que-espana-debe-pedir-perdon-por-el-genocidio-de-300-anos\\\/\"},\"wordCount\":492,\"image\":{\"@id\":\"https:\\\/\\\/www.bbmnoticias.com\\\/labravaradiofm\\\/2021\\\/10\\\/12\\\/maduro-insiste-en-que-espana-debe-pedir-perdon-por-el-genocidio-de-300-anos\\\/#primaryimage\"},\"thumbnailUrl\":\"https:\\\/\\\/www.bbmnoticias.com\\\/labravaradiofm\\\/wp-content\\\/uploads\\\/sites\\\/5\\\/2021\\\/10\\\/internacional12102021-20.webp\",\"inLanguage\":\"es\"},{\"@type\":\"WebPage\",\"@id\":\"https:\\\/\\\/www.bbmnoticias.com\\\/labravaradiofm\\\/2021\\\/10\\\/12\\\/maduro-insiste-en-que-espana-debe-pedir-perdon-por-el-genocidio-de-300-anos\\\/\",\"url\":\"https:\\\/\\\/www.bbmnoticias.com\\\/labravaradiofm\\\/2021\\\/10\\\/12\\\/maduro-insiste-en-que-espana-debe-pedir-perdon-por-el-genocidio-de-300-anos\\\/\",\"name\":\"Maduro insiste en que Espa\u00f1a debe pedir perd\u00f3n por \\\"el genocidio de 300 a\u00f1os\\\" - LA BRAVA RADIO\",\"isPartOf\":{\"@id\":\"https:\\\/\\\/www.bbmnoticias.com\\\/labravaradiofm\\\/#website\"},\"primaryImageOfPage\":{\"@id\":\"https:\\\/\\\/www.bbmnoticias.com\\\/labravaradiofm\\\/2021\\\/10\\\/12\\\/maduro-insiste-en-que-espana-debe-pedir-perdon-por-el-genocidio-de-300-anos\\\/#primaryimage\"},\"image\":{\"@id\":\"https:\\\/\\\/www.bbmnoticias.com\\\/labravaradiofm\\\/2021\\\/10\\\/12\\\/maduro-insiste-en-que-espana-debe-pedir-perdon-por-el-genocidio-de-300-anos\\\/#primaryimage\"},\"thumbnailUrl\":\"https:\\\/\\\/www.bbmnoticias.com\\\/labravaradiofm\\\/wp-content\\\/uploads\\\/sites\\\/5\\\/2021\\\/10\\\/internacional12102021-20.webp\",\"datePublished\":\"2021-10-13T01:17:48+00:00\",\"dateModified\":\"2021-10-13T01:17:50+00:00\",\"author\":{\"@id\":\"https:\\\/\\\/www.bbmnoticias.com\\\/labravaradiofm\\\/#\\\/schema\\\/person\\\/2a5252389acf1e67397601bfd47df59b\"},\"description\":\"Nos sumamos a las voces en Am\u00e9rica que se han levantado para exigir al rey de Espa\u00f1a que rectifique su posici\u00f3n, que reflexione y pida perd\u00f3n\",\"breadcrumb\":{\"@id\":\"https:\\\/\\\/www.bbmnoticias.com\\\/labravaradiofm\\\/2021\\\/10\\\/12\\\/maduro-insiste-en-que-espana-debe-pedir-perdon-por-el-genocidio-de-300-anos\\\/#breadcrumb\"},\"inLanguage\":\"es\",\"potentialAction\":[{\"@type\":\"ReadAction\",\"target\":[\"https:\\\/\\\/www.bbmnoticias.com\\\/labravaradiofm\\\/2021\\\/10\\\/12\\\/maduro-insiste-en-que-espana-debe-pedir-perdon-por-el-genocidio-de-300-anos\\\/\"]}]},{\"@type\":\"ImageObject\",\"inLanguage\":\"es\",\"@id\":\"https:\\\/\\\/www.bbmnoticias.com\\\/labravaradiofm\\\/2021\\\/10\\\/12\\\/maduro-insiste-en-que-espana-debe-pedir-perdon-por-el-genocidio-de-300-anos\\\/#primaryimage\",\"url\":\"https:\\\/\\\/www.bbmnoticias.com\\\/labravaradiofm\\\/wp-content\\\/uploads\\\/sites\\\/5\\\/2021\\\/10\\\/internacional12102021-20.webp\",\"contentUrl\":\"https:\\\/\\\/www.bbmnoticias.com\\\/labravaradiofm\\\/wp-content\\\/uploads\\\/sites\\\/5\\\/2021\\\/10\\\/internacional12102021-20.webp\",\"width\":1201,\"height\":740},{\"@type\":\"BreadcrumbList\",\"@id\":\"https:\\\/\\\/www.bbmnoticias.com\\\/labravaradiofm\\\/2021\\\/10\\\/12\\\/maduro-insiste-en-que-espana-debe-pedir-perdon-por-el-genocidio-de-300-anos\\\/#breadcrumb\",\"itemListElement\":[{\"@type\":\"ListItem\",\"position\":1,\"name\":\"Inicio\",\"item\":\"https:\\\/\\\/www.bbmnoticias.com\\\/labravaradiofm\\\/\"},{\"@type\":\"ListItem\",\"position\":2,\"name\":\"Maduro insiste en que Espa\u00f1a debe pedir perd\u00f3n por &#8220;el genocidio de 300 a\u00f1os&#8221;\"}]},{\"@type\":\"WebSite\",\"@id\":\"https:\\\/\\\/www.bbmnoticias.com\\\/labravaradiofm\\\/#website\",\"url\":\"https:\\\/\\\/www.bbmnoticias.com\\\/labravaradiofm\\\/\",\"name\":\"LA BRAVA RADIO\",\"description\":\"Empresa productora de medios, Radiodifusi\u00f3n, Noticias, tendencias y todo lo que necesitas saber de la pol\u00edtica mexicana e internacional; entretenimiento, espect\u00e1culos, salud y mucho m\u00e1s.\",\"potentialAction\":[{\"@type\":\"SearchAction\",\"target\":{\"@type\":\"EntryPoint\",\"urlTemplate\":\"https:\\\/\\\/www.bbmnoticias.com\\\/labravaradiofm\\\/?s={search_term_string}\"},\"query-input\":{\"@type\":\"PropertyValueSpecification\",\"valueRequired\":true,\"valueName\":\"search_term_string\"}}],\"inLanguage\":\"es\"},{\"@type\":\"Person\",\"@id\":\"https:\\\/\\\/www.bbmnoticias.com\\\/labravaradiofm\\\/#\\\/schema\\\/person\\\/2a5252389acf1e67397601bfd47df59b\",\"name\":\"El Universal\",\"image\":{\"@type\":\"ImageObject\",\"inLanguage\":\"es\",\"@id\":\"https:\\\/\\\/secure.gravatar.com\\\/avatar\\\/71c770e6e00bd7cb8183e56d1c59f81601544fbe41d802d7c17d05c9e25f7d06?s=96&d=mm&r=g\",\"url\":\"https:\\\/\\\/secure.gravatar.com\\\/avatar\\\/71c770e6e00bd7cb8183e56d1c59f81601544fbe41d802d7c17d05c9e25f7d06?s=96&d=mm&r=g\",\"contentUrl\":\"https:\\\/\\\/secure.gravatar.com\\\/avatar\\\/71c770e6e00bd7cb8183e56d1c59f81601544fbe41d802d7c17d05c9e25f7d06?s=96&d=mm&r=g\",\"caption\":\"El Universal\"},\"url\":\"https:\\\/\\\/www.bbmnoticias.com\\\/labravaradiofm\\\/author\\\/eluniversal\\\/\"}]}<\/script>\n<!-- \/ Yoast SEO plugin. -->","yoast_head_json":{"title":"Maduro insiste en que Espa\u00f1a debe pedir perd\u00f3n por \"el genocidio de 300 a\u00f1os\" - LA BRAVA RADIO","description":"Nos sumamos a las voces en Am\u00e9rica que se han levantado para exigir al rey de Espa\u00f1a que rectifique su posici\u00f3n, que reflexione y pida perd\u00f3n","robots":{"index":"index","follow":"follow","max-snippet":"max-snippet:-1","max-image-preview":"max-image-preview:large","max-video-preview":"max-video-preview:-1"},"canonical":"https:\/\/www.bbmnoticias.com\/labravaradiofm\/2021\/10\/12\/maduro-insiste-en-que-espana-debe-pedir-perdon-por-el-genocidio-de-300-anos\/","og_locale":"es_MX","og_type":"article","og_title":"Maduro insiste en que Espa\u00f1a debe pedir perd\u00f3n por \"el genocidio de 300 a\u00f1os\" - LA BRAVA RADIO","og_description":"Nos sumamos a las voces en Am\u00e9rica que se han levantado para exigir al rey de Espa\u00f1a que rectifique su posici\u00f3n, que reflexione y pida perd\u00f3n","og_url":"https:\/\/www.bbmnoticias.com\/labravaradiofm\/2021\/10\/12\/maduro-insiste-en-que-espana-debe-pedir-perdon-por-el-genocidio-de-300-anos\/","og_site_name":"LA BRAVA RADIO","article_published_time":"2021-10-13T01:17:48+00:00","article_modified_time":"2021-10-13T01:17:50+00:00","og_image":[{"width":1201,"height":740,"url":"https:\/\/www.bbmnoticias.com\/labravaradiofm\/wp-content\/uploads\/sites\/5\/2021\/10\/internacional12102021-20.webp","type":"image\/webp"}],"author":"El Universal","twitter_card":"summary_large_image","twitter_misc":{"Escrito por":"El Universal","Tiempo de lectura":"2 minutos"},"schema":{"@context":"https:\/\/schema.org","@graph":[{"@type":"Article","@id":"https:\/\/www.bbmnoticias.com\/labravaradiofm\/2021\/10\/12\/maduro-insiste-en-que-espana-debe-pedir-perdon-por-el-genocidio-de-300-anos\/#article","isPartOf":{"@id":"https:\/\/www.bbmnoticias.com\/labravaradiofm\/2021\/10\/12\/maduro-insiste-en-que-espana-debe-pedir-perdon-por-el-genocidio-de-300-anos\/"},"author":{"name":"El Universal","@id":"https:\/\/www.bbmnoticias.com\/labravaradiofm\/#\/schema\/person\/2a5252389acf1e67397601bfd47df59b"},"headline":"Maduro insiste en que Espa\u00f1a debe pedir perd\u00f3n por &#8220;el genocidio de 300 a\u00f1os&#8221;","datePublished":"2021-10-13T01:17:48+00:00","dateModified":"2021-10-13T01:17:50+00:00","mainEntityOfPage":{"@id":"https:\/\/www.bbmnoticias.com\/labravaradiofm\/2021\/10\/12\/maduro-insiste-en-que-espana-debe-pedir-perdon-por-el-genocidio-de-300-anos\/"},"wordCount":492,"image":{"@id":"https:\/\/www.bbmnoticias.com\/labravaradiofm\/2021\/10\/12\/maduro-insiste-en-que-espana-debe-pedir-perdon-por-el-genocidio-de-300-anos\/#primaryimage"},"thumbnailUrl":"https:\/\/www.bbmnoticias.com\/labravaradiofm\/wp-content\/uploads\/sites\/5\/2021\/10\/internacional12102021-20.webp","inLanguage":"es"},{"@type":"WebPage","@id":"https:\/\/www.bbmnoticias.com\/labravaradiofm\/2021\/10\/12\/maduro-insiste-en-que-espana-debe-pedir-perdon-por-el-genocidio-de-300-anos\/","url":"https:\/\/www.bbmnoticias.com\/labravaradiofm\/2021\/10\/12\/maduro-insiste-en-que-espana-debe-pedir-perdon-por-el-genocidio-de-300-anos\/","name":"Maduro insiste en que Espa\u00f1a debe pedir perd\u00f3n por \"el genocidio de 300 a\u00f1os\" - LA BRAVA RADIO","isPartOf":{"@id":"https:\/\/www.bbmnoticias.com\/labravaradiofm\/#website"},"primaryImageOfPage":{"@id":"https:\/\/www.bbmnoticias.com\/labravaradiofm\/2021\/10\/12\/maduro-insiste-en-que-espana-debe-pedir-perdon-por-el-genocidio-de-300-anos\/#primaryimage"},"image":{"@id":"https:\/\/www.bbmnoticias.com\/labravaradiofm\/2021\/10\/12\/maduro-insiste-en-que-espana-debe-pedir-perdon-por-el-genocidio-de-300-anos\/#primaryimage"},"thumbnailUrl":"https:\/\/www.bbmnoticias.com\/labravaradiofm\/wp-content\/uploads\/sites\/5\/2021\/10\/internacional12102021-20.webp","datePublished":"2021-10-13T01:17:48+00:00","dateModified":"2021-10-13T01:17:50+00:00","author":{"@id":"https:\/\/www.bbmnoticias.com\/labravaradiofm\/#\/schema\/person\/2a5252389acf1e67397601bfd47df59b"},"description":"Nos sumamos a las voces en Am\u00e9rica que se han levantado para exigir al rey de Espa\u00f1a que rectifique su posici\u00f3n, que reflexione y pida perd\u00f3n","breadcrumb":{"@id":"https:\/\/www.bbmnoticias.com\/labravaradiofm\/2021\/10\/12\/maduro-insiste-en-que-espana-debe-pedir-perdon-por-el-genocidio-de-300-anos\/#breadcrumb"},"inLanguage":"es","potentialAction":[{"@type":"ReadAction","target":["https:\/\/www.bbmnoticias.com\/labravaradiofm\/2021\/10\/12\/maduro-insiste-en-que-espana-debe-pedir-perdon-por-el-genocidio-de-300-anos\/"]}]},{"@type":"ImageObject","inLanguage":"es","@id":"https:\/\/www.bbmnoticias.com\/labravaradiofm\/2021\/10\/12\/maduro-insiste-en-que-espana-debe-pedir-perdon-por-el-genocidio-de-300-anos\/#primaryimage","url":"https:\/\/www.bbmnoticias.com\/labravaradiofm\/wp-content\/uploads\/sites\/5\/2021\/10\/internacional12102021-20.webp","contentUrl":"https:\/\/www.bbmnoticias.com\/labravaradiofm\/wp-content\/uploads\/sites\/5\/2021\/10\/internacional12102021-20.webp","width":1201,"height":740},{"@type":"BreadcrumbList","@id":"https:\/\/www.bbmnoticias.com\/labravaradiofm\/2021\/10\/12\/maduro-insiste-en-que-espana-debe-pedir-perdon-por-el-genocidio-de-300-anos\/#breadcrumb","itemListElement":[{"@type":"ListItem","position":1,"name":"Inicio","item":"https:\/\/www.bbmnoticias.com\/labravaradiofm\/"},{"@type":"ListItem","position":2,"name":"Maduro insiste en que Espa\u00f1a debe pedir perd\u00f3n por &#8220;el genocidio de 300 a\u00f1os&#8221;"}]},{"@type":"WebSite","@id":"https:\/\/www.bbmnoticias.com\/labravaradiofm\/#website","url":"https:\/\/www.bbmnoticias.com\/labravaradiofm\/","name":"LA BRAVA RADIO","description":"Empresa productora de medios, Radiodifusi\u00f3n, Noticias, tendencias y todo lo que necesitas saber de la pol\u00edtica mexicana e internacional; entretenimiento, espect\u00e1culos, salud y mucho m\u00e1s.","potentialAction":[{"@type":"SearchAction","target":{"@type":"EntryPoint","urlTemplate":"https:\/\/www.bbmnoticias.com\/labravaradiofm\/?s={search_term_string}"},"query-input":{"@type":"PropertyValueSpecification","valueRequired":true,"valueName":"search_term_string"}}],"inLanguage":"es"},{"@type":"Person","@id":"https:\/\/www.bbmnoticias.com\/labravaradiofm\/#\/schema\/person\/2a5252389acf1e67397601bfd47df59b","name":"El Universal","image":{"@type":"ImageObject","inLanguage":"es","@id":"https:\/\/secure.gravatar.com\/avatar\/71c770e6e00bd7cb8183e56d1c59f81601544fbe41d802d7c17d05c9e25f7d06?s=96&d=mm&r=g","url":"https:\/\/secure.gravatar.com\/avatar\/71c770e6e00bd7cb8183e56d1c59f81601544fbe41d802d7c17d05c9e25f7d06?s=96&d=mm&r=g","contentUrl":"https:\/\/secure.gravatar.com\/avatar\/71c770e6e00bd7cb8183e56d1c59f81601544fbe41d802d7c17d05c9e25f7d06?s=96&d=mm&r=g","caption":"El Universal"},"url":"https:\/\/www.bbmnoticias.com\/labravaradiofm\/author\/eluniversal\/"}]}},"_links":{"self":[{"href":"https:\/\/www.bbmnoticias.com\/labravaradiofm\/wp-json\/wp\/v2\/posts\/3612","targetHints":{"allow":["GET"]}}],"collection":[{"href":"https:\/\/www.bbmnoticias.com\/labravaradiofm\/wp-json\/wp\/v2\/posts"}],"about":[{"href":"https:\/\/www.bbmnoticias.com\/labravaradiofm\/wp-json\/wp\/v2\/types\/post"}],"author":[{"embeddable":true,"href":"https:\/\/www.bbmnoticias.com\/labravaradiofm\/wp-json\/wp\/v2\/users\/10"}],"replies":[{"embeddable":true,"href":"https:\/\/www.bbmnoticias.com\/labravaradiofm\/wp-json\/wp\/v2\/comments?post=3612"}],"version-history":[{"count":0,"href":"https:\/\/www.bbmnoticias.com\/labravaradiofm\/wp-json\/wp\/v2\/posts\/3612\/revisions"}],"wp:featuredmedia":[{"embeddable":true,"href":"https:\/\/www.bbmnoticias.com\/labravaradiofm\/wp-json\/wp\/v2\/media\/3613"}],"wp:attachment":[{"href":"https:\/\/www.bbmnoticias.com\/labravaradiofm\/wp-json\/wp\/v2\/media?parent=3612"}],"wp:term":[{"taxonomy":"category","embeddable":true,"href":"https:\/\/www.bbmnoticias.com\/labravaradiofm\/wp-json\/wp\/v2\/categories?post=3612"},{"taxonomy":"post_tag","embeddable":true,"href":"https:\/\/www.bbmnoticias.com\/labravaradiofm\/wp-json\/wp\/v2\/tags?post=3612"}],"curies":[{"name":"wp","href":"https:\/\/api.w.org\/{rel}","templated":true}]}}