{"id":3606,"date":"2021-10-12T19:49:54","date_gmt":"2021-10-13T00:49:54","guid":{"rendered":"https:\/\/www.bbmnoticias.com\/labravaradiofm\/?p=3606"},"modified":"2021-10-12T19:59:45","modified_gmt":"2021-10-13T00:59:45","slug":"nuevo-paro-laboral-en-la-refineria-dos-bocas-exigen-mejores-condiciones-de-trabajo","status":"publish","type":"post","link":"https:\/\/www.bbmnoticias.com\/labravaradiofm\/2021\/10\/12\/nuevo-paro-laboral-en-la-refineria-dos-bocas-exigen-mejores-condiciones-de-trabajo\/","title":{"rendered":"Nuevo paro laboral en la refiner\u00eda Dos Bocas; exigen mejores condiciones de trabajo"},"content":{"rendered":"<div style=\"margin-top: 0px; margin-bottom: 0px;\" class=\"sharethis-inline-share-buttons\" ><\/div>\n<p>De nuevo hay problemas en la construcci\u00f3n de la <strong>refiner\u00eda de Dos Bocas<\/strong> en Para\u00edso, en el estado de <strong>Tabasco<\/strong>; uno de los<strong> proyectos insignia<\/strong> del presidente <strong>Andr\u00e9s Manuel L\u00f3pez Obrador.<\/strong><\/p>\n\n\n\n<p>Y es que este martes se report\u00f3 a trav\u00e9s de redes sociales que <strong>al menos 5,000 trabajadores<\/strong> de la empresa <em><strong>ICA Flour<\/strong><\/em> (que representa el 17% de la fuerza laboral) <strong>dejaron las instalaciones<\/strong> como protesta para exigir<strong> mejores condiciones de trabajo.<\/strong><\/p>\n\n\n\n<p>De acuerdo con medios locales, hasta esta ma\u00f1ana las personas se desempe\u00f1aban en la edificaci\u00f3n de la<strong> planta combinada y la de coquizaci\u00f3n retardada;<\/strong> sin embargo, cerca de las 09:00 horas inici\u00f3 el problema laboral, e incluso, presuntamente <strong>hubo conatos entre l\u00edderes sindicales.<\/strong><\/p>\n\n\n\n<p>Por ello,<strong> elementos de la Secretar\u00eda de la Marina<\/strong> acudieron de inmediato a la refiner\u00eda para <strong>tomar control de la situaci\u00f3n, <\/strong>pues trascendi\u00f3 que algunos trabajadores se quedaron para <strong>cerrar los accesos a la refiner\u00eda.<\/strong><\/p>\n\n\n\n<figure class=\"wp-block-embed is-type-rich is-provider-twitter wp-block-embed-twitter\"><div class=\"wp-block-embed__wrapper\">\n<blockquote class=\"twitter-tweet\" data-width=\"550\" data-dnt=\"true\"><p lang=\"es\" dir=\"ltr\">Denuncia al 9933989844\u2026 La Marina sigue teniendo el control de las zonas donde opera ICA en la nueva refiner\u00eda Dos Bocas, Para\u00edso, en tanto los trabajadores mantienen bloqueado el acceso 2\u2026Zas!!! <a href=\"https:\/\/t.co\/BUZes0K26F\">pic.twitter.com\/BUZes0K26F<\/a><\/p>&mdash; LinoZentella (@linozentella_) <a href=\"https:\/\/twitter.com\/linozentella_\/status\/1447991534343925765?ref_src=twsrc%5Etfw\">October 12, 2021<\/a><\/blockquote><script async src=\"https:\/\/platform.twitter.com\/widgets.js\" charset=\"utf-8\"><\/script>\n<\/div><\/figure>\n\n\n\n<p>Entre las exigencias est\u00e1n <strong>aumentos salariales y pago de horas extras<\/strong>, ya que trabajan a marchas forzadas para concluir la mega obra que el presidente prometi\u00f3 que<strong> estar\u00e1 lista en julio del 2022.<\/strong><\/p>\n\n\n\n<p>Adem\u00e1s, piden tambi\u00e9n que sus<strong> alimentos e hidrataci\u00f3n<\/strong> corran por cuenta de la empresa, as\u00ed como el <strong>equipo necesario <\/strong>para realizar sus labores, pues aseguran estar en condiciones de alto calor y humedad.<\/p>\n\n\n\n<p>Hasta el momento, ni la <strong>Secretar\u00eda de Energ\u00eda<\/strong> (Sener), a cargo de Roc\u00edo Nahle, ni la empresa<em> ICA Flour <\/em>han <strong>emitido una postura oficial<\/strong> de la situaci\u00f3n que guarda la refiner\u00eda.<\/p>\n\n\n\n<p>Cabe mencionar que esta es la <strong>segunda vez <\/strong>en el a\u00f1o que sucede un fen\u00f3meno de este tipo en Dos Bocas. En febrero, tambi\u00e9n hubo un <strong>paro \u201ca brazos ca\u00eddos\u201d<\/strong> de trabajadores de<em> ICA Fluor<\/em> porque denunciaron que personas de <strong>los sindicatos les quitaban 500 pesos de su salario<\/strong> cada que lo recib\u00edan.<\/p>\n\n\n\n<p><\/p>\n\n\n\n<figure class=\"wp-block-image size-full\"><img loading=\"lazy\" decoding=\"async\" width=\"768\" height=\"432\" src=\"https:\/\/www.bbmnoticias.com\/labravaradiofm\/wp-content\/uploads\/sites\/5\/2021\/10\/nacional12102021-21.jpg\" alt=\"\" class=\"wp-image-3607\" srcset=\"https:\/\/www.bbmnoticias.com\/labravaradiofm\/wp-content\/uploads\/sites\/5\/2021\/10\/nacional12102021-21.jpg 768w, https:\/\/www.bbmnoticias.com\/labravaradiofm\/wp-content\/uploads\/sites\/5\/2021\/10\/nacional12102021-21-300x169.jpg 300w, https:\/\/www.bbmnoticias.com\/labravaradiofm\/wp-content\/uploads\/sites\/5\/2021\/10\/nacional12102021-21-747x420.jpg 747w, https:\/\/www.bbmnoticias.com\/labravaradiofm\/wp-content\/uploads\/sites\/5\/2021\/10\/nacional12102021-21-640x360.jpg 640w, https:\/\/www.bbmnoticias.com\/labravaradiofm\/wp-content\/uploads\/sites\/5\/2021\/10\/nacional12102021-21-681x383.jpg 681w\" sizes=\"auto, (max-width: 768px) 100vw, 768px\" \/><\/figure>\n\n\n\n<p>Hasta el \u00faltimo reporte de L\u00f3pez Obrador, la refiner\u00eda se encuentra<strong> en su pico de construcci\u00f3n<\/strong>, en la terminaci\u00f3n de infraestructura fija y la instalaci\u00f3n de grandes equipos, como tanques de almacenamiento y tratamiento de combustibles.<\/p>\n\n\n\n<p>La constructora mexicana <em>ICA-Fluor<\/em> obtuvo la <strong>adjudicaci\u00f3n de dos de los seis paquetes de infraestructura y servicios<\/strong>: los paquetes 1 y 3, que son los de mayor valor econ\u00f3mico de la obra y por lo menos representar\u00e1n la cuarta parte de la inversi\u00f3n.<\/p>\n\n\n\n<p>La planta, con un costo superior a los <strong>USD 8,900 millones<\/strong> para una capacidad instalada de <strong>340,000 barriles diarios de crudo<\/strong>, que es la quinta parte de la capacidad actual en seis refiner\u00edas, est\u00e1 dise\u00f1ada para el proceso de crudo Maya de 22 grados API producir\u00e1 170,000 barriles diarios de gasolina y 120,000 barriles diarios de di\u00e9sel. En el terreno de <strong>566 hect\u00e1reas <\/strong>propiedad de Petr\u00f3leos Mexicanos (<strong>Pemex<\/strong>), se instalar\u00e1n 17 plantas de proceso y en se generar\u00e1n 100,000 empleos directos.<\/p>\n\n\n\n<p>La refiner\u00eda recibir\u00e1 el crudo que se extrae en esa <strong>zona del Golfo de M\u00e9xico<\/strong> y enviar\u00e1 productos v\u00eda mar\u00edtima a las terminales de <strong>Tuxpan, Veracruz, Pajaritos y Progreso<\/strong>, adem\u00e1s de que se conectar\u00e1 con la red de poliductos de Minatitl\u00e1n y de ah\u00ed partir\u00e1 a la Ciudad de M\u00e9xico y a Salinas Cruz para que tambi\u00e9n v\u00eda mar\u00edtima sea posible surtir al Pac\u00edfico.<\/p>\n\n\n\n<p><\/p>\n\n\n\n<figure class=\"wp-block-image size-full\"><img loading=\"lazy\" decoding=\"async\" width=\"768\" height=\"512\" src=\"https:\/\/www.bbmnoticias.com\/labravaradiofm\/wp-content\/uploads\/sites\/5\/2021\/10\/nacional12102021-22.jpg\" alt=\"\" class=\"wp-image-3608\" srcset=\"https:\/\/www.bbmnoticias.com\/labravaradiofm\/wp-content\/uploads\/sites\/5\/2021\/10\/nacional12102021-22.jpg 768w, https:\/\/www.bbmnoticias.com\/labravaradiofm\/wp-content\/uploads\/sites\/5\/2021\/10\/nacional12102021-22-300x200.jpg 300w, https:\/\/www.bbmnoticias.com\/labravaradiofm\/wp-content\/uploads\/sites\/5\/2021\/10\/nacional12102021-22-630x420.jpg 630w, https:\/\/www.bbmnoticias.com\/labravaradiofm\/wp-content\/uploads\/sites\/5\/2021\/10\/nacional12102021-22-640x427.jpg 640w, https:\/\/www.bbmnoticias.com\/labravaradiofm\/wp-content\/uploads\/sites\/5\/2021\/10\/nacional12102021-22-681x454.jpg 681w\" sizes=\"auto, (max-width: 768px) 100vw, 768px\" \/><\/figure>\n\n\n\n<p>Por si fuera poco, la <strong>refiner\u00eda de Tula<\/strong>, en Hidalgo, est\u00e1 detenida desde hace dos semanas debido a protestas de <strong>maestros que han bloqueado las v\u00edas <\/strong>utilizadas para el transporte hacia y desde la instalaci\u00f3n, dijeron el martes dos fuentes cercanas a las operaciones de la empresa a la agencia <em>Reuters.<\/em><\/p>\n\n\n\n<p>Esta es la <strong>segunda mayor refiner\u00eda<\/strong> de Pemex, tiene una capacidad para procesar 315,000 barriles por d\u00eda, aunque en los \u00faltimos meses ha procesado a<strong>lrededor de 140,000.<\/strong><\/p>\n\n\n\n<p><strong>Pemex<\/strong> <strong>no respondi\u00f3 <\/strong>de inmediato a una solicitud de comentarios de Reuters sobre la situaci\u00f3n.<\/p>\n","protected":false},"excerpt":{"rendered":"<p>De nuevo hay problemas en la construcci\u00f3n de la refiner\u00eda de Dos Bocas en Para\u00edso, en el estado de Tabasco; uno de los proyectos insignia del presidente Andr\u00e9s Manuel L\u00f3pez Obrador. Y es que este martes se report\u00f3 a trav\u00e9s de redes sociales que al menos 5,000 trabajadores de la empresa ICA Flour (que representa [&hellip;]<\/p>\n","protected":false},"author":2,"featured_media":3610,"comment_status":"closed","ping_status":"closed","sticky":false,"template":"","format":"standard","meta":{"footnotes":""},"categories":[19],"tags":[],"class_list":{"0":"post-3606","1":"post","2":"type-post","3":"status-publish","4":"format-standard","5":"has-post-thumbnail","7":"category-nacional"},"yoast_head":"<!-- This site is optimized with the Yoast SEO plugin v27.4 - https:\/\/yoast.com\/product\/yoast-seo-wordpress\/ -->\n<title>Nuevo paro laboral en la refiner\u00eda Dos Bocas; exigen mejores condiciones de trabajo - LA BRAVA RADIO<\/title>\n<meta name=\"description\" content=\"Por ello, elementos de la Secretar\u00eda de la Marina acudieron de inmediato a la refiner\u00eda para tomar control de la situaci\u00f3n\" \/>\n<meta name=\"robots\" content=\"index, follow, max-snippet:-1, max-image-preview:large, max-video-preview:-1\" \/>\n<link rel=\"canonical\" href=\"https:\/\/www.bbmnoticias.com\/labravaradiofm\/2021\/10\/12\/nuevo-paro-laboral-en-la-refineria-dos-bocas-exigen-mejores-condiciones-de-trabajo\/\" \/>\n<meta property=\"og:locale\" content=\"es_MX\" \/>\n<meta property=\"og:type\" content=\"article\" \/>\n<meta property=\"og:title\" content=\"Nuevo paro laboral en la refiner\u00eda Dos Bocas; exigen mejores condiciones de trabajo - LA BRAVA RADIO\" \/>\n<meta property=\"og:description\" content=\"Por ello, elementos de la Secretar\u00eda de la Marina acudieron de inmediato a la refiner\u00eda para tomar control de la situaci\u00f3n\" \/>\n<meta property=\"og:url\" content=\"https:\/\/www.bbmnoticias.com\/labravaradiofm\/2021\/10\/12\/nuevo-paro-laboral-en-la-refineria-dos-bocas-exigen-mejores-condiciones-de-trabajo\/\" \/>\n<meta property=\"og:site_name\" content=\"LA BRAVA RADIO\" \/>\n<meta property=\"article:published_time\" content=\"2021-10-13T00:49:54+00:00\" \/>\n<meta property=\"article:modified_time\" content=\"2021-10-13T00:59:45+00:00\" \/>\n<meta property=\"og:image\" content=\"https:\/\/www.bbmnoticias.com\/labravaradiofm\/wp-content\/uploads\/sites\/5\/2021\/10\/nacional12102021-20.jpg\" \/>\n\t<meta property=\"og:image:width\" content=\"960\" \/>\n\t<meta property=\"og:image:height\" content=\"540\" \/>\n\t<meta property=\"og:image:type\" content=\"image\/jpeg\" \/>\n<meta name=\"author\" content=\"Staff\" \/>\n<meta name=\"twitter:card\" content=\"summary_large_image\" \/>\n<meta name=\"twitter:label1\" content=\"Escrito por\" \/>\n\t<meta name=\"twitter:data1\" content=\"Staff\" \/>\n\t<meta name=\"twitter:label2\" content=\"Tiempo de lectura\" \/>\n\t<meta name=\"twitter:data2\" content=\"4 minutos\" \/>\n<script type=\"application\/ld+json\" class=\"yoast-schema-graph\">{\"@context\":\"https:\\\/\\\/schema.org\",\"@graph\":[{\"@type\":\"Article\",\"@id\":\"https:\\\/\\\/www.bbmnoticias.com\\\/labravaradiofm\\\/2021\\\/10\\\/12\\\/nuevo-paro-laboral-en-la-refineria-dos-bocas-exigen-mejores-condiciones-de-trabajo\\\/#article\",\"isPartOf\":{\"@id\":\"https:\\\/\\\/www.bbmnoticias.com\\\/labravaradiofm\\\/2021\\\/10\\\/12\\\/nuevo-paro-laboral-en-la-refineria-dos-bocas-exigen-mejores-condiciones-de-trabajo\\\/\"},\"author\":{\"name\":\"Staff\",\"@id\":\"https:\\\/\\\/www.bbmnoticias.com\\\/labravaradiofm\\\/#\\\/schema\\\/person\\\/68a9e9036ef3c5b55aeb2b71dc8bab45\"},\"headline\":\"Nuevo paro laboral en la refiner\u00eda Dos Bocas; exigen mejores condiciones de trabajo\",\"datePublished\":\"2021-10-13T00:49:54+00:00\",\"dateModified\":\"2021-10-13T00:59:45+00:00\",\"mainEntityOfPage\":{\"@id\":\"https:\\\/\\\/www.bbmnoticias.com\\\/labravaradiofm\\\/2021\\\/10\\\/12\\\/nuevo-paro-laboral-en-la-refineria-dos-bocas-exigen-mejores-condiciones-de-trabajo\\\/\"},\"wordCount\":681,\"image\":{\"@id\":\"https:\\\/\\\/www.bbmnoticias.com\\\/labravaradiofm\\\/2021\\\/10\\\/12\\\/nuevo-paro-laboral-en-la-refineria-dos-bocas-exigen-mejores-condiciones-de-trabajo\\\/#primaryimage\"},\"thumbnailUrl\":\"https:\\\/\\\/www.bbmnoticias.com\\\/labravaradiofm\\\/wp-content\\\/uploads\\\/sites\\\/5\\\/2021\\\/10\\\/nacional12102021-20.jpg\",\"articleSection\":[\"NACIONAL\"],\"inLanguage\":\"es\"},{\"@type\":\"WebPage\",\"@id\":\"https:\\\/\\\/www.bbmnoticias.com\\\/labravaradiofm\\\/2021\\\/10\\\/12\\\/nuevo-paro-laboral-en-la-refineria-dos-bocas-exigen-mejores-condiciones-de-trabajo\\\/\",\"url\":\"https:\\\/\\\/www.bbmnoticias.com\\\/labravaradiofm\\\/2021\\\/10\\\/12\\\/nuevo-paro-laboral-en-la-refineria-dos-bocas-exigen-mejores-condiciones-de-trabajo\\\/\",\"name\":\"Nuevo paro laboral en la refiner\u00eda Dos Bocas; exigen mejores condiciones de trabajo - LA BRAVA RADIO\",\"isPartOf\":{\"@id\":\"https:\\\/\\\/www.bbmnoticias.com\\\/labravaradiofm\\\/#website\"},\"primaryImageOfPage\":{\"@id\":\"https:\\\/\\\/www.bbmnoticias.com\\\/labravaradiofm\\\/2021\\\/10\\\/12\\\/nuevo-paro-laboral-en-la-refineria-dos-bocas-exigen-mejores-condiciones-de-trabajo\\\/#primaryimage\"},\"image\":{\"@id\":\"https:\\\/\\\/www.bbmnoticias.com\\\/labravaradiofm\\\/2021\\\/10\\\/12\\\/nuevo-paro-laboral-en-la-refineria-dos-bocas-exigen-mejores-condiciones-de-trabajo\\\/#primaryimage\"},\"thumbnailUrl\":\"https:\\\/\\\/www.bbmnoticias.com\\\/labravaradiofm\\\/wp-content\\\/uploads\\\/sites\\\/5\\\/2021\\\/10\\\/nacional12102021-20.jpg\",\"datePublished\":\"2021-10-13T00:49:54+00:00\",\"dateModified\":\"2021-10-13T00:59:45+00:00\",\"author\":{\"@id\":\"https:\\\/\\\/www.bbmnoticias.com\\\/labravaradiofm\\\/#\\\/schema\\\/person\\\/68a9e9036ef3c5b55aeb2b71dc8bab45\"},\"description\":\"Por ello, elementos de la Secretar\u00eda de la Marina acudieron de inmediato a la refiner\u00eda para tomar control de la situaci\u00f3n\",\"breadcrumb\":{\"@id\":\"https:\\\/\\\/www.bbmnoticias.com\\\/labravaradiofm\\\/2021\\\/10\\\/12\\\/nuevo-paro-laboral-en-la-refineria-dos-bocas-exigen-mejores-condiciones-de-trabajo\\\/#breadcrumb\"},\"inLanguage\":\"es\",\"potentialAction\":[{\"@type\":\"ReadAction\",\"target\":[\"https:\\\/\\\/www.bbmnoticias.com\\\/labravaradiofm\\\/2021\\\/10\\\/12\\\/nuevo-paro-laboral-en-la-refineria-dos-bocas-exigen-mejores-condiciones-de-trabajo\\\/\"]}]},{\"@type\":\"ImageObject\",\"inLanguage\":\"es\",\"@id\":\"https:\\\/\\\/www.bbmnoticias.com\\\/labravaradiofm\\\/2021\\\/10\\\/12\\\/nuevo-paro-laboral-en-la-refineria-dos-bocas-exigen-mejores-condiciones-de-trabajo\\\/#primaryimage\",\"url\":\"https:\\\/\\\/www.bbmnoticias.com\\\/labravaradiofm\\\/wp-content\\\/uploads\\\/sites\\\/5\\\/2021\\\/10\\\/nacional12102021-20.jpg\",\"contentUrl\":\"https:\\\/\\\/www.bbmnoticias.com\\\/labravaradiofm\\\/wp-content\\\/uploads\\\/sites\\\/5\\\/2021\\\/10\\\/nacional12102021-20.jpg\",\"width\":960,\"height\":540},{\"@type\":\"BreadcrumbList\",\"@id\":\"https:\\\/\\\/www.bbmnoticias.com\\\/labravaradiofm\\\/2021\\\/10\\\/12\\\/nuevo-paro-laboral-en-la-refineria-dos-bocas-exigen-mejores-condiciones-de-trabajo\\\/#breadcrumb\",\"itemListElement\":[{\"@type\":\"ListItem\",\"position\":1,\"name\":\"Inicio\",\"item\":\"https:\\\/\\\/www.bbmnoticias.com\\\/labravaradiofm\\\/\"},{\"@type\":\"ListItem\",\"position\":2,\"name\":\"Nuevo paro laboral en la refiner\u00eda Dos Bocas; exigen mejores condiciones de trabajo\"}]},{\"@type\":\"WebSite\",\"@id\":\"https:\\\/\\\/www.bbmnoticias.com\\\/labravaradiofm\\\/#website\",\"url\":\"https:\\\/\\\/www.bbmnoticias.com\\\/labravaradiofm\\\/\",\"name\":\"LA BRAVA RADIO\",\"description\":\"Empresa productora de medios, Radiodifusi\u00f3n, Noticias, tendencias y todo lo que necesitas saber de la pol\u00edtica mexicana e internacional; entretenimiento, espect\u00e1culos, salud y mucho m\u00e1s.\",\"potentialAction\":[{\"@type\":\"SearchAction\",\"target\":{\"@type\":\"EntryPoint\",\"urlTemplate\":\"https:\\\/\\\/www.bbmnoticias.com\\\/labravaradiofm\\\/?s={search_term_string}\"},\"query-input\":{\"@type\":\"PropertyValueSpecification\",\"valueRequired\":true,\"valueName\":\"search_term_string\"}}],\"inLanguage\":\"es\"},{\"@type\":\"Person\",\"@id\":\"https:\\\/\\\/www.bbmnoticias.com\\\/labravaradiofm\\\/#\\\/schema\\\/person\\\/68a9e9036ef3c5b55aeb2b71dc8bab45\",\"name\":\"Staff\",\"image\":{\"@type\":\"ImageObject\",\"inLanguage\":\"es\",\"@id\":\"https:\\\/\\\/secure.gravatar.com\\\/avatar\\\/fdd21ad66fd8b98c407f9dee5b5e588cfe7f0d8579ec20fa6527cd59bab7f0f0?s=96&d=mm&r=g\",\"url\":\"https:\\\/\\\/secure.gravatar.com\\\/avatar\\\/fdd21ad66fd8b98c407f9dee5b5e588cfe7f0d8579ec20fa6527cd59bab7f0f0?s=96&d=mm&r=g\",\"contentUrl\":\"https:\\\/\\\/secure.gravatar.com\\\/avatar\\\/fdd21ad66fd8b98c407f9dee5b5e588cfe7f0d8579ec20fa6527cd59bab7f0f0?s=96&d=mm&r=g\",\"caption\":\"Staff\"},\"url\":\"https:\\\/\\\/www.bbmnoticias.com\\\/labravaradiofm\\\/author\\\/redaccion\\\/\"}]}<\/script>\n<!-- \/ Yoast SEO plugin. -->","yoast_head_json":{"title":"Nuevo paro laboral en la refiner\u00eda Dos Bocas; exigen mejores condiciones de trabajo - LA BRAVA RADIO","description":"Por ello, elementos de la Secretar\u00eda de la Marina acudieron de inmediato a la refiner\u00eda para tomar control de la situaci\u00f3n","robots":{"index":"index","follow":"follow","max-snippet":"max-snippet:-1","max-image-preview":"max-image-preview:large","max-video-preview":"max-video-preview:-1"},"canonical":"https:\/\/www.bbmnoticias.com\/labravaradiofm\/2021\/10\/12\/nuevo-paro-laboral-en-la-refineria-dos-bocas-exigen-mejores-condiciones-de-trabajo\/","og_locale":"es_MX","og_type":"article","og_title":"Nuevo paro laboral en la refiner\u00eda Dos Bocas; exigen mejores condiciones de trabajo - LA BRAVA RADIO","og_description":"Por ello, elementos de la Secretar\u00eda de la Marina acudieron de inmediato a la refiner\u00eda para tomar control de la situaci\u00f3n","og_url":"https:\/\/www.bbmnoticias.com\/labravaradiofm\/2021\/10\/12\/nuevo-paro-laboral-en-la-refineria-dos-bocas-exigen-mejores-condiciones-de-trabajo\/","og_site_name":"LA BRAVA RADIO","article_published_time":"2021-10-13T00:49:54+00:00","article_modified_time":"2021-10-13T00:59:45+00:00","og_image":[{"width":960,"height":540,"url":"https:\/\/www.bbmnoticias.com\/labravaradiofm\/wp-content\/uploads\/sites\/5\/2021\/10\/nacional12102021-20.jpg","type":"image\/jpeg"}],"author":"Staff","twitter_card":"summary_large_image","twitter_misc":{"Escrito por":"Staff","Tiempo de lectura":"4 minutos"},"schema":{"@context":"https:\/\/schema.org","@graph":[{"@type":"Article","@id":"https:\/\/www.bbmnoticias.com\/labravaradiofm\/2021\/10\/12\/nuevo-paro-laboral-en-la-refineria-dos-bocas-exigen-mejores-condiciones-de-trabajo\/#article","isPartOf":{"@id":"https:\/\/www.bbmnoticias.com\/labravaradiofm\/2021\/10\/12\/nuevo-paro-laboral-en-la-refineria-dos-bocas-exigen-mejores-condiciones-de-trabajo\/"},"author":{"name":"Staff","@id":"https:\/\/www.bbmnoticias.com\/labravaradiofm\/#\/schema\/person\/68a9e9036ef3c5b55aeb2b71dc8bab45"},"headline":"Nuevo paro laboral en la refiner\u00eda Dos Bocas; exigen mejores condiciones de trabajo","datePublished":"2021-10-13T00:49:54+00:00","dateModified":"2021-10-13T00:59:45+00:00","mainEntityOfPage":{"@id":"https:\/\/www.bbmnoticias.com\/labravaradiofm\/2021\/10\/12\/nuevo-paro-laboral-en-la-refineria-dos-bocas-exigen-mejores-condiciones-de-trabajo\/"},"wordCount":681,"image":{"@id":"https:\/\/www.bbmnoticias.com\/labravaradiofm\/2021\/10\/12\/nuevo-paro-laboral-en-la-refineria-dos-bocas-exigen-mejores-condiciones-de-trabajo\/#primaryimage"},"thumbnailUrl":"https:\/\/www.bbmnoticias.com\/labravaradiofm\/wp-content\/uploads\/sites\/5\/2021\/10\/nacional12102021-20.jpg","articleSection":["NACIONAL"],"inLanguage":"es"},{"@type":"WebPage","@id":"https:\/\/www.bbmnoticias.com\/labravaradiofm\/2021\/10\/12\/nuevo-paro-laboral-en-la-refineria-dos-bocas-exigen-mejores-condiciones-de-trabajo\/","url":"https:\/\/www.bbmnoticias.com\/labravaradiofm\/2021\/10\/12\/nuevo-paro-laboral-en-la-refineria-dos-bocas-exigen-mejores-condiciones-de-trabajo\/","name":"Nuevo paro laboral en la refiner\u00eda Dos Bocas; exigen mejores condiciones de trabajo - LA BRAVA RADIO","isPartOf":{"@id":"https:\/\/www.bbmnoticias.com\/labravaradiofm\/#website"},"primaryImageOfPage":{"@id":"https:\/\/www.bbmnoticias.com\/labravaradiofm\/2021\/10\/12\/nuevo-paro-laboral-en-la-refineria-dos-bocas-exigen-mejores-condiciones-de-trabajo\/#primaryimage"},"image":{"@id":"https:\/\/www.bbmnoticias.com\/labravaradiofm\/2021\/10\/12\/nuevo-paro-laboral-en-la-refineria-dos-bocas-exigen-mejores-condiciones-de-trabajo\/#primaryimage"},"thumbnailUrl":"https:\/\/www.bbmnoticias.com\/labravaradiofm\/wp-content\/uploads\/sites\/5\/2021\/10\/nacional12102021-20.jpg","datePublished":"2021-10-13T00:49:54+00:00","dateModified":"2021-10-13T00:59:45+00:00","author":{"@id":"https:\/\/www.bbmnoticias.com\/labravaradiofm\/#\/schema\/person\/68a9e9036ef3c5b55aeb2b71dc8bab45"},"description":"Por ello, elementos de la Secretar\u00eda de la Marina acudieron de inmediato a la refiner\u00eda para tomar control de la situaci\u00f3n","breadcrumb":{"@id":"https:\/\/www.bbmnoticias.com\/labravaradiofm\/2021\/10\/12\/nuevo-paro-laboral-en-la-refineria-dos-bocas-exigen-mejores-condiciones-de-trabajo\/#breadcrumb"},"inLanguage":"es","potentialAction":[{"@type":"ReadAction","target":["https:\/\/www.bbmnoticias.com\/labravaradiofm\/2021\/10\/12\/nuevo-paro-laboral-en-la-refineria-dos-bocas-exigen-mejores-condiciones-de-trabajo\/"]}]},{"@type":"ImageObject","inLanguage":"es","@id":"https:\/\/www.bbmnoticias.com\/labravaradiofm\/2021\/10\/12\/nuevo-paro-laboral-en-la-refineria-dos-bocas-exigen-mejores-condiciones-de-trabajo\/#primaryimage","url":"https:\/\/www.bbmnoticias.com\/labravaradiofm\/wp-content\/uploads\/sites\/5\/2021\/10\/nacional12102021-20.jpg","contentUrl":"https:\/\/www.bbmnoticias.com\/labravaradiofm\/wp-content\/uploads\/sites\/5\/2021\/10\/nacional12102021-20.jpg","width":960,"height":540},{"@type":"BreadcrumbList","@id":"https:\/\/www.bbmnoticias.com\/labravaradiofm\/2021\/10\/12\/nuevo-paro-laboral-en-la-refineria-dos-bocas-exigen-mejores-condiciones-de-trabajo\/#breadcrumb","itemListElement":[{"@type":"ListItem","position":1,"name":"Inicio","item":"https:\/\/www.bbmnoticias.com\/labravaradiofm\/"},{"@type":"ListItem","position":2,"name":"Nuevo paro laboral en la refiner\u00eda Dos Bocas; exigen mejores condiciones de trabajo"}]},{"@type":"WebSite","@id":"https:\/\/www.bbmnoticias.com\/labravaradiofm\/#website","url":"https:\/\/www.bbmnoticias.com\/labravaradiofm\/","name":"LA BRAVA RADIO","description":"Empresa productora de medios, Radiodifusi\u00f3n, Noticias, tendencias y todo lo que necesitas saber de la pol\u00edtica mexicana e internacional; entretenimiento, espect\u00e1culos, salud y mucho m\u00e1s.","potentialAction":[{"@type":"SearchAction","target":{"@type":"EntryPoint","urlTemplate":"https:\/\/www.bbmnoticias.com\/labravaradiofm\/?s={search_term_string}"},"query-input":{"@type":"PropertyValueSpecification","valueRequired":true,"valueName":"search_term_string"}}],"inLanguage":"es"},{"@type":"Person","@id":"https:\/\/www.bbmnoticias.com\/labravaradiofm\/#\/schema\/person\/68a9e9036ef3c5b55aeb2b71dc8bab45","name":"Staff","image":{"@type":"ImageObject","inLanguage":"es","@id":"https:\/\/secure.gravatar.com\/avatar\/fdd21ad66fd8b98c407f9dee5b5e588cfe7f0d8579ec20fa6527cd59bab7f0f0?s=96&d=mm&r=g","url":"https:\/\/secure.gravatar.com\/avatar\/fdd21ad66fd8b98c407f9dee5b5e588cfe7f0d8579ec20fa6527cd59bab7f0f0?s=96&d=mm&r=g","contentUrl":"https:\/\/secure.gravatar.com\/avatar\/fdd21ad66fd8b98c407f9dee5b5e588cfe7f0d8579ec20fa6527cd59bab7f0f0?s=96&d=mm&r=g","caption":"Staff"},"url":"https:\/\/www.bbmnoticias.com\/labravaradiofm\/author\/redaccion\/"}]}},"_links":{"self":[{"href":"https:\/\/www.bbmnoticias.com\/labravaradiofm\/wp-json\/wp\/v2\/posts\/3606","targetHints":{"allow":["GET"]}}],"collection":[{"href":"https:\/\/www.bbmnoticias.com\/labravaradiofm\/wp-json\/wp\/v2\/posts"}],"about":[{"href":"https:\/\/www.bbmnoticias.com\/labravaradiofm\/wp-json\/wp\/v2\/types\/post"}],"author":[{"embeddable":true,"href":"https:\/\/www.bbmnoticias.com\/labravaradiofm\/wp-json\/wp\/v2\/users\/2"}],"replies":[{"embeddable":true,"href":"https:\/\/www.bbmnoticias.com\/labravaradiofm\/wp-json\/wp\/v2\/comments?post=3606"}],"version-history":[{"count":0,"href":"https:\/\/www.bbmnoticias.com\/labravaradiofm\/wp-json\/wp\/v2\/posts\/3606\/revisions"}],"wp:featuredmedia":[{"embeddable":true,"href":"https:\/\/www.bbmnoticias.com\/labravaradiofm\/wp-json\/wp\/v2\/media\/3610"}],"wp:attachment":[{"href":"https:\/\/www.bbmnoticias.com\/labravaradiofm\/wp-json\/wp\/v2\/media?parent=3606"}],"wp:term":[{"taxonomy":"category","embeddable":true,"href":"https:\/\/www.bbmnoticias.com\/labravaradiofm\/wp-json\/wp\/v2\/categories?post=3606"},{"taxonomy":"post_tag","embeddable":true,"href":"https:\/\/www.bbmnoticias.com\/labravaradiofm\/wp-json\/wp\/v2\/tags?post=3606"}],"curies":[{"name":"wp","href":"https:\/\/api.w.org\/{rel}","templated":true}]}}