{"id":3603,"date":"2021-10-12T19:37:57","date_gmt":"2021-10-13T00:37:57","guid":{"rendered":"https:\/\/www.bbmnoticias.com\/labravaradiofm\/?p=3603"},"modified":"2021-10-12T19:37:58","modified_gmt":"2021-10-13T00:37:58","slug":"mujer-a-prision-por-trata-de-personas-y-explotacion-laboral","status":"publish","type":"post","link":"https:\/\/www.bbmnoticias.com\/labravaradiofm\/2021\/10\/12\/mujer-a-prision-por-trata-de-personas-y-explotacion-laboral\/","title":{"rendered":"Mujer a prisi\u00f3n por trata de personas y explotaci\u00f3n laboral"},"content":{"rendered":"<div style=\"margin-top: 0px; margin-bottom: 0px;\" class=\"sharethis-inline-share-buttons\" ><\/div>\n<p>* Se trata de la mujer M. A. O. A., quien el pasado 9 de octubre de 2021, intent\u00f3 trasladar de Oaxaca a la ciudad de Monterrey, Nuevo Le\u00f3n, a tres menores de edad, con el fin de explotarlos laboralmente.<\/p>\n\n\n\n<p>* La r\u00e1pida intervenci\u00f3n de la FGEO y gracias a un despliegue de b\u00fasqueda coordinado con las familias de los menores, logr\u00f3 su localizaci\u00f3n y restituci\u00f3n.<\/p>\n\n\n\n<p><strong>Oaxaca de Ju\u00e1rez, Oax.-<\/strong> La Fiscal\u00eda General del Estado de Oaxaca (FGEO) present\u00f3 ante el Juzgado de Control, quien otorg\u00f3 prisi\u00f3n hasta resolver su situaci\u00f3n jur\u00eddica, a la persona del sexo femenino identificada como M. A. O. A., probable responsable del delito de trata de personas agravado en su modalidad de explotaci\u00f3n laboral, en agravio de tres menores de edad, cometido el pasado s\u00e1bado 9 de octubre, en la regi\u00f3n de Valles Centrales.<\/p>\n\n\n\n<p>De acuerdo con la carpeta de investigaci\u00f3n 33350\/FVCE\/TLACOLULA\/2021, en agosto de 2021, uno de los menores de edad fue contactado por un sujeto desconocido a trav\u00e9s de la red social \u201cFacebook\u201d, quien le ofreci\u00f3 trabajo y un elevado sueldo para laborar como vigilante en la ciudad de Monterrey, en el estado de Nuevo Le\u00f3n. En fechas posteriores, capt\u00f3 con el mismo fin a otros dos menores de edad.<\/p>\n\n\n\n<p>Posteriormente, el pasado 9 de octubre del a\u00f1o en curso, la imputada aloj\u00f3 a las tres v\u00edctimas en un domicilio ubicado en inmediaciones de la colonia Santa Cecilia, en jurisdicci\u00f3n de Santa Luc\u00eda del Camino, para posteriormente trasladarlos en autob\u00fas a la Ciudad de M\u00e9xico y de ah\u00ed, a Nuevo Le\u00f3n, con el fin de explotarlos laboralmente.<\/p>\n\n\n\n<p>Sin embargo, la r\u00e1pida intervenci\u00f3n de la Instituci\u00f3n de procuraci\u00f3n de justicia y gracias a un despliegue de b\u00fasqueda coordinado con las familias de los menores, logr\u00f3 su localizaci\u00f3n y restituci\u00f3n en esa misma fecha, adem\u00e1s de la detenci\u00f3n de la probable responsable.<\/p>\n\n\n\n<p>En audiencia ante el Juez, la imputada solicit\u00f3 ampliaci\u00f3n del t\u00e9rmino constitucional, mismo que fenece el pr\u00f3ximo 17 de octubre, por lo que quedaron en prisi\u00f3n preventiva de manera provisional.<\/p>\n","protected":false},"excerpt":{"rendered":"<p>* Se trata de la mujer M. A. O. A., quien el pasado 9 de octubre de 2021, intent\u00f3 trasladar de Oaxaca a la ciudad de Monterrey, Nuevo Le\u00f3n, a tres menores de edad, con el fin de explotarlos laboralmente. * La r\u00e1pida intervenci\u00f3n de la FGEO y gracias a un despliegue de b\u00fasqueda coordinado [&hellip;]<\/p>\n","protected":false},"author":2,"featured_media":3604,"comment_status":"closed","ping_status":"closed","sticky":false,"template":"","format":"standard","meta":{"footnotes":""},"categories":[20],"tags":[],"class_list":{"0":"post-3603","1":"post","2":"type-post","3":"status-publish","4":"format-standard","5":"has-post-thumbnail","7":"category-policiaca"},"yoast_head":"<!-- This site is optimized with the Yoast SEO plugin v27.4 - https:\/\/yoast.com\/product\/yoast-seo-wordpress\/ -->\n<title>Mujer a prisi\u00f3n por trata de personas y explotaci\u00f3n laboral - LA BRAVA RADIO<\/title>\n<meta name=\"description\" content=\"El pasado 9 de octubre de 2021, intent\u00f3 trasladar de Oaxaca a la ciudad de Monterrey, Nuevo Le\u00f3n, a tres menores de edad\" \/>\n<meta name=\"robots\" content=\"index, follow, max-snippet:-1, max-image-preview:large, max-video-preview:-1\" \/>\n<link rel=\"canonical\" href=\"https:\/\/www.bbmnoticias.com\/labravaradiofm\/2021\/10\/12\/mujer-a-prision-por-trata-de-personas-y-explotacion-laboral\/\" \/>\n<meta property=\"og:locale\" content=\"es_MX\" \/>\n<meta property=\"og:type\" content=\"article\" \/>\n<meta property=\"og:title\" content=\"Mujer a prisi\u00f3n por trata de personas y explotaci\u00f3n laboral - LA BRAVA RADIO\" \/>\n<meta property=\"og:description\" content=\"El pasado 9 de octubre de 2021, intent\u00f3 trasladar de Oaxaca a la ciudad de Monterrey, Nuevo Le\u00f3n, a tres menores de edad\" \/>\n<meta property=\"og:url\" content=\"https:\/\/www.bbmnoticias.com\/labravaradiofm\/2021\/10\/12\/mujer-a-prision-por-trata-de-personas-y-explotacion-laboral\/\" \/>\n<meta property=\"og:site_name\" content=\"LA BRAVA RADIO\" \/>\n<meta property=\"article:published_time\" content=\"2021-10-13T00:37:57+00:00\" \/>\n<meta property=\"article:modified_time\" content=\"2021-10-13T00:37:58+00:00\" \/>\n<meta property=\"og:image\" content=\"https:\/\/www.bbmnoticias.com\/labravaradiofm\/wp-content\/uploads\/sites\/5\/2021\/10\/policiaca12102021-20.jpg\" \/>\n\t<meta property=\"og:image:width\" content=\"630\" \/>\n\t<meta property=\"og:image:height\" content=\"351\" \/>\n\t<meta property=\"og:image:type\" content=\"image\/jpeg\" \/>\n<meta name=\"author\" content=\"Staff\" \/>\n<meta name=\"twitter:card\" content=\"summary_large_image\" \/>\n<meta name=\"twitter:label1\" content=\"Escrito por\" \/>\n\t<meta name=\"twitter:data1\" content=\"Staff\" \/>\n\t<meta name=\"twitter:label2\" content=\"Tiempo de lectura\" \/>\n\t<meta name=\"twitter:data2\" content=\"2 minutos\" \/>\n<script type=\"application\/ld+json\" class=\"yoast-schema-graph\">{\"@context\":\"https:\\\/\\\/schema.org\",\"@graph\":[{\"@type\":\"Article\",\"@id\":\"https:\\\/\\\/www.bbmnoticias.com\\\/labravaradiofm\\\/2021\\\/10\\\/12\\\/mujer-a-prision-por-trata-de-personas-y-explotacion-laboral\\\/#article\",\"isPartOf\":{\"@id\":\"https:\\\/\\\/www.bbmnoticias.com\\\/labravaradiofm\\\/2021\\\/10\\\/12\\\/mujer-a-prision-por-trata-de-personas-y-explotacion-laboral\\\/\"},\"author\":{\"name\":\"Staff\",\"@id\":\"https:\\\/\\\/www.bbmnoticias.com\\\/labravaradiofm\\\/#\\\/schema\\\/person\\\/68a9e9036ef3c5b55aeb2b71dc8bab45\"},\"headline\":\"Mujer a prisi\u00f3n por trata de personas y explotaci\u00f3n laboral\",\"datePublished\":\"2021-10-13T00:37:57+00:00\",\"dateModified\":\"2021-10-13T00:37:58+00:00\",\"mainEntityOfPage\":{\"@id\":\"https:\\\/\\\/www.bbmnoticias.com\\\/labravaradiofm\\\/2021\\\/10\\\/12\\\/mujer-a-prision-por-trata-de-personas-y-explotacion-laboral\\\/\"},\"wordCount\":380,\"image\":{\"@id\":\"https:\\\/\\\/www.bbmnoticias.com\\\/labravaradiofm\\\/2021\\\/10\\\/12\\\/mujer-a-prision-por-trata-de-personas-y-explotacion-laboral\\\/#primaryimage\"},\"thumbnailUrl\":\"https:\\\/\\\/www.bbmnoticias.com\\\/labravaradiofm\\\/wp-content\\\/uploads\\\/sites\\\/5\\\/2021\\\/10\\\/policiaca12102021-20.jpg\",\"articleSection\":[\"POLICIACA\"],\"inLanguage\":\"es\"},{\"@type\":\"WebPage\",\"@id\":\"https:\\\/\\\/www.bbmnoticias.com\\\/labravaradiofm\\\/2021\\\/10\\\/12\\\/mujer-a-prision-por-trata-de-personas-y-explotacion-laboral\\\/\",\"url\":\"https:\\\/\\\/www.bbmnoticias.com\\\/labravaradiofm\\\/2021\\\/10\\\/12\\\/mujer-a-prision-por-trata-de-personas-y-explotacion-laboral\\\/\",\"name\":\"Mujer a prisi\u00f3n por trata de personas y explotaci\u00f3n laboral - LA BRAVA RADIO\",\"isPartOf\":{\"@id\":\"https:\\\/\\\/www.bbmnoticias.com\\\/labravaradiofm\\\/#website\"},\"primaryImageOfPage\":{\"@id\":\"https:\\\/\\\/www.bbmnoticias.com\\\/labravaradiofm\\\/2021\\\/10\\\/12\\\/mujer-a-prision-por-trata-de-personas-y-explotacion-laboral\\\/#primaryimage\"},\"image\":{\"@id\":\"https:\\\/\\\/www.bbmnoticias.com\\\/labravaradiofm\\\/2021\\\/10\\\/12\\\/mujer-a-prision-por-trata-de-personas-y-explotacion-laboral\\\/#primaryimage\"},\"thumbnailUrl\":\"https:\\\/\\\/www.bbmnoticias.com\\\/labravaradiofm\\\/wp-content\\\/uploads\\\/sites\\\/5\\\/2021\\\/10\\\/policiaca12102021-20.jpg\",\"datePublished\":\"2021-10-13T00:37:57+00:00\",\"dateModified\":\"2021-10-13T00:37:58+00:00\",\"author\":{\"@id\":\"https:\\\/\\\/www.bbmnoticias.com\\\/labravaradiofm\\\/#\\\/schema\\\/person\\\/68a9e9036ef3c5b55aeb2b71dc8bab45\"},\"description\":\"El pasado 9 de octubre de 2021, intent\u00f3 trasladar de Oaxaca a la ciudad de Monterrey, Nuevo Le\u00f3n, a tres menores de edad\",\"breadcrumb\":{\"@id\":\"https:\\\/\\\/www.bbmnoticias.com\\\/labravaradiofm\\\/2021\\\/10\\\/12\\\/mujer-a-prision-por-trata-de-personas-y-explotacion-laboral\\\/#breadcrumb\"},\"inLanguage\":\"es\",\"potentialAction\":[{\"@type\":\"ReadAction\",\"target\":[\"https:\\\/\\\/www.bbmnoticias.com\\\/labravaradiofm\\\/2021\\\/10\\\/12\\\/mujer-a-prision-por-trata-de-personas-y-explotacion-laboral\\\/\"]}]},{\"@type\":\"ImageObject\",\"inLanguage\":\"es\",\"@id\":\"https:\\\/\\\/www.bbmnoticias.com\\\/labravaradiofm\\\/2021\\\/10\\\/12\\\/mujer-a-prision-por-trata-de-personas-y-explotacion-laboral\\\/#primaryimage\",\"url\":\"https:\\\/\\\/www.bbmnoticias.com\\\/labravaradiofm\\\/wp-content\\\/uploads\\\/sites\\\/5\\\/2021\\\/10\\\/policiaca12102021-20.jpg\",\"contentUrl\":\"https:\\\/\\\/www.bbmnoticias.com\\\/labravaradiofm\\\/wp-content\\\/uploads\\\/sites\\\/5\\\/2021\\\/10\\\/policiaca12102021-20.jpg\",\"width\":630,\"height\":351},{\"@type\":\"BreadcrumbList\",\"@id\":\"https:\\\/\\\/www.bbmnoticias.com\\\/labravaradiofm\\\/2021\\\/10\\\/12\\\/mujer-a-prision-por-trata-de-personas-y-explotacion-laboral\\\/#breadcrumb\",\"itemListElement\":[{\"@type\":\"ListItem\",\"position\":1,\"name\":\"Inicio\",\"item\":\"https:\\\/\\\/www.bbmnoticias.com\\\/labravaradiofm\\\/\"},{\"@type\":\"ListItem\",\"position\":2,\"name\":\"Mujer a prisi\u00f3n por trata de personas y explotaci\u00f3n laboral\"}]},{\"@type\":\"WebSite\",\"@id\":\"https:\\\/\\\/www.bbmnoticias.com\\\/labravaradiofm\\\/#website\",\"url\":\"https:\\\/\\\/www.bbmnoticias.com\\\/labravaradiofm\\\/\",\"name\":\"LA BRAVA RADIO\",\"description\":\"Empresa productora de medios, Radiodifusi\u00f3n, Noticias, tendencias y todo lo que necesitas saber de la pol\u00edtica mexicana e internacional; entretenimiento, espect\u00e1culos, salud y mucho m\u00e1s.\",\"potentialAction\":[{\"@type\":\"SearchAction\",\"target\":{\"@type\":\"EntryPoint\",\"urlTemplate\":\"https:\\\/\\\/www.bbmnoticias.com\\\/labravaradiofm\\\/?s={search_term_string}\"},\"query-input\":{\"@type\":\"PropertyValueSpecification\",\"valueRequired\":true,\"valueName\":\"search_term_string\"}}],\"inLanguage\":\"es\"},{\"@type\":\"Person\",\"@id\":\"https:\\\/\\\/www.bbmnoticias.com\\\/labravaradiofm\\\/#\\\/schema\\\/person\\\/68a9e9036ef3c5b55aeb2b71dc8bab45\",\"name\":\"Staff\",\"image\":{\"@type\":\"ImageObject\",\"inLanguage\":\"es\",\"@id\":\"https:\\\/\\\/secure.gravatar.com\\\/avatar\\\/fdd21ad66fd8b98c407f9dee5b5e588cfe7f0d8579ec20fa6527cd59bab7f0f0?s=96&d=mm&r=g\",\"url\":\"https:\\\/\\\/secure.gravatar.com\\\/avatar\\\/fdd21ad66fd8b98c407f9dee5b5e588cfe7f0d8579ec20fa6527cd59bab7f0f0?s=96&d=mm&r=g\",\"contentUrl\":\"https:\\\/\\\/secure.gravatar.com\\\/avatar\\\/fdd21ad66fd8b98c407f9dee5b5e588cfe7f0d8579ec20fa6527cd59bab7f0f0?s=96&d=mm&r=g\",\"caption\":\"Staff\"},\"url\":\"https:\\\/\\\/www.bbmnoticias.com\\\/labravaradiofm\\\/author\\\/redaccion\\\/\"}]}<\/script>\n<!-- \/ Yoast SEO plugin. -->","yoast_head_json":{"title":"Mujer a prisi\u00f3n por trata de personas y explotaci\u00f3n laboral - LA BRAVA RADIO","description":"El pasado 9 de octubre de 2021, intent\u00f3 trasladar de Oaxaca a la ciudad de Monterrey, Nuevo Le\u00f3n, a tres menores de edad","robots":{"index":"index","follow":"follow","max-snippet":"max-snippet:-1","max-image-preview":"max-image-preview:large","max-video-preview":"max-video-preview:-1"},"canonical":"https:\/\/www.bbmnoticias.com\/labravaradiofm\/2021\/10\/12\/mujer-a-prision-por-trata-de-personas-y-explotacion-laboral\/","og_locale":"es_MX","og_type":"article","og_title":"Mujer a prisi\u00f3n por trata de personas y explotaci\u00f3n laboral - LA BRAVA RADIO","og_description":"El pasado 9 de octubre de 2021, intent\u00f3 trasladar de Oaxaca a la ciudad de Monterrey, Nuevo Le\u00f3n, a tres menores de edad","og_url":"https:\/\/www.bbmnoticias.com\/labravaradiofm\/2021\/10\/12\/mujer-a-prision-por-trata-de-personas-y-explotacion-laboral\/","og_site_name":"LA BRAVA RADIO","article_published_time":"2021-10-13T00:37:57+00:00","article_modified_time":"2021-10-13T00:37:58+00:00","og_image":[{"width":630,"height":351,"url":"https:\/\/www.bbmnoticias.com\/labravaradiofm\/wp-content\/uploads\/sites\/5\/2021\/10\/policiaca12102021-20.jpg","type":"image\/jpeg"}],"author":"Staff","twitter_card":"summary_large_image","twitter_misc":{"Escrito por":"Staff","Tiempo de lectura":"2 minutos"},"schema":{"@context":"https:\/\/schema.org","@graph":[{"@type":"Article","@id":"https:\/\/www.bbmnoticias.com\/labravaradiofm\/2021\/10\/12\/mujer-a-prision-por-trata-de-personas-y-explotacion-laboral\/#article","isPartOf":{"@id":"https:\/\/www.bbmnoticias.com\/labravaradiofm\/2021\/10\/12\/mujer-a-prision-por-trata-de-personas-y-explotacion-laboral\/"},"author":{"name":"Staff","@id":"https:\/\/www.bbmnoticias.com\/labravaradiofm\/#\/schema\/person\/68a9e9036ef3c5b55aeb2b71dc8bab45"},"headline":"Mujer a prisi\u00f3n por trata de personas y explotaci\u00f3n laboral","datePublished":"2021-10-13T00:37:57+00:00","dateModified":"2021-10-13T00:37:58+00:00","mainEntityOfPage":{"@id":"https:\/\/www.bbmnoticias.com\/labravaradiofm\/2021\/10\/12\/mujer-a-prision-por-trata-de-personas-y-explotacion-laboral\/"},"wordCount":380,"image":{"@id":"https:\/\/www.bbmnoticias.com\/labravaradiofm\/2021\/10\/12\/mujer-a-prision-por-trata-de-personas-y-explotacion-laboral\/#primaryimage"},"thumbnailUrl":"https:\/\/www.bbmnoticias.com\/labravaradiofm\/wp-content\/uploads\/sites\/5\/2021\/10\/policiaca12102021-20.jpg","articleSection":["POLICIACA"],"inLanguage":"es"},{"@type":"WebPage","@id":"https:\/\/www.bbmnoticias.com\/labravaradiofm\/2021\/10\/12\/mujer-a-prision-por-trata-de-personas-y-explotacion-laboral\/","url":"https:\/\/www.bbmnoticias.com\/labravaradiofm\/2021\/10\/12\/mujer-a-prision-por-trata-de-personas-y-explotacion-laboral\/","name":"Mujer a prisi\u00f3n por trata de personas y explotaci\u00f3n laboral - LA BRAVA RADIO","isPartOf":{"@id":"https:\/\/www.bbmnoticias.com\/labravaradiofm\/#website"},"primaryImageOfPage":{"@id":"https:\/\/www.bbmnoticias.com\/labravaradiofm\/2021\/10\/12\/mujer-a-prision-por-trata-de-personas-y-explotacion-laboral\/#primaryimage"},"image":{"@id":"https:\/\/www.bbmnoticias.com\/labravaradiofm\/2021\/10\/12\/mujer-a-prision-por-trata-de-personas-y-explotacion-laboral\/#primaryimage"},"thumbnailUrl":"https:\/\/www.bbmnoticias.com\/labravaradiofm\/wp-content\/uploads\/sites\/5\/2021\/10\/policiaca12102021-20.jpg","datePublished":"2021-10-13T00:37:57+00:00","dateModified":"2021-10-13T00:37:58+00:00","author":{"@id":"https:\/\/www.bbmnoticias.com\/labravaradiofm\/#\/schema\/person\/68a9e9036ef3c5b55aeb2b71dc8bab45"},"description":"El pasado 9 de octubre de 2021, intent\u00f3 trasladar de Oaxaca a la ciudad de Monterrey, Nuevo Le\u00f3n, a tres menores de edad","breadcrumb":{"@id":"https:\/\/www.bbmnoticias.com\/labravaradiofm\/2021\/10\/12\/mujer-a-prision-por-trata-de-personas-y-explotacion-laboral\/#breadcrumb"},"inLanguage":"es","potentialAction":[{"@type":"ReadAction","target":["https:\/\/www.bbmnoticias.com\/labravaradiofm\/2021\/10\/12\/mujer-a-prision-por-trata-de-personas-y-explotacion-laboral\/"]}]},{"@type":"ImageObject","inLanguage":"es","@id":"https:\/\/www.bbmnoticias.com\/labravaradiofm\/2021\/10\/12\/mujer-a-prision-por-trata-de-personas-y-explotacion-laboral\/#primaryimage","url":"https:\/\/www.bbmnoticias.com\/labravaradiofm\/wp-content\/uploads\/sites\/5\/2021\/10\/policiaca12102021-20.jpg","contentUrl":"https:\/\/www.bbmnoticias.com\/labravaradiofm\/wp-content\/uploads\/sites\/5\/2021\/10\/policiaca12102021-20.jpg","width":630,"height":351},{"@type":"BreadcrumbList","@id":"https:\/\/www.bbmnoticias.com\/labravaradiofm\/2021\/10\/12\/mujer-a-prision-por-trata-de-personas-y-explotacion-laboral\/#breadcrumb","itemListElement":[{"@type":"ListItem","position":1,"name":"Inicio","item":"https:\/\/www.bbmnoticias.com\/labravaradiofm\/"},{"@type":"ListItem","position":2,"name":"Mujer a prisi\u00f3n por trata de personas y explotaci\u00f3n laboral"}]},{"@type":"WebSite","@id":"https:\/\/www.bbmnoticias.com\/labravaradiofm\/#website","url":"https:\/\/www.bbmnoticias.com\/labravaradiofm\/","name":"LA BRAVA RADIO","description":"Empresa productora de medios, Radiodifusi\u00f3n, Noticias, tendencias y todo lo que necesitas saber de la pol\u00edtica mexicana e internacional; entretenimiento, espect\u00e1culos, salud y mucho m\u00e1s.","potentialAction":[{"@type":"SearchAction","target":{"@type":"EntryPoint","urlTemplate":"https:\/\/www.bbmnoticias.com\/labravaradiofm\/?s={search_term_string}"},"query-input":{"@type":"PropertyValueSpecification","valueRequired":true,"valueName":"search_term_string"}}],"inLanguage":"es"},{"@type":"Person","@id":"https:\/\/www.bbmnoticias.com\/labravaradiofm\/#\/schema\/person\/68a9e9036ef3c5b55aeb2b71dc8bab45","name":"Staff","image":{"@type":"ImageObject","inLanguage":"es","@id":"https:\/\/secure.gravatar.com\/avatar\/fdd21ad66fd8b98c407f9dee5b5e588cfe7f0d8579ec20fa6527cd59bab7f0f0?s=96&d=mm&r=g","url":"https:\/\/secure.gravatar.com\/avatar\/fdd21ad66fd8b98c407f9dee5b5e588cfe7f0d8579ec20fa6527cd59bab7f0f0?s=96&d=mm&r=g","contentUrl":"https:\/\/secure.gravatar.com\/avatar\/fdd21ad66fd8b98c407f9dee5b5e588cfe7f0d8579ec20fa6527cd59bab7f0f0?s=96&d=mm&r=g","caption":"Staff"},"url":"https:\/\/www.bbmnoticias.com\/labravaradiofm\/author\/redaccion\/"}]}},"_links":{"self":[{"href":"https:\/\/www.bbmnoticias.com\/labravaradiofm\/wp-json\/wp\/v2\/posts\/3603","targetHints":{"allow":["GET"]}}],"collection":[{"href":"https:\/\/www.bbmnoticias.com\/labravaradiofm\/wp-json\/wp\/v2\/posts"}],"about":[{"href":"https:\/\/www.bbmnoticias.com\/labravaradiofm\/wp-json\/wp\/v2\/types\/post"}],"author":[{"embeddable":true,"href":"https:\/\/www.bbmnoticias.com\/labravaradiofm\/wp-json\/wp\/v2\/users\/2"}],"replies":[{"embeddable":true,"href":"https:\/\/www.bbmnoticias.com\/labravaradiofm\/wp-json\/wp\/v2\/comments?post=3603"}],"version-history":[{"count":0,"href":"https:\/\/www.bbmnoticias.com\/labravaradiofm\/wp-json\/wp\/v2\/posts\/3603\/revisions"}],"wp:featuredmedia":[{"embeddable":true,"href":"https:\/\/www.bbmnoticias.com\/labravaradiofm\/wp-json\/wp\/v2\/media\/3604"}],"wp:attachment":[{"href":"https:\/\/www.bbmnoticias.com\/labravaradiofm\/wp-json\/wp\/v2\/media?parent=3603"}],"wp:term":[{"taxonomy":"category","embeddable":true,"href":"https:\/\/www.bbmnoticias.com\/labravaradiofm\/wp-json\/wp\/v2\/categories?post=3603"},{"taxonomy":"post_tag","embeddable":true,"href":"https:\/\/www.bbmnoticias.com\/labravaradiofm\/wp-json\/wp\/v2\/tags?post=3603"}],"curies":[{"name":"wp","href":"https:\/\/api.w.org\/{rel}","templated":true}]}}